{"id":8449,"date":"2026-09-01T13:32:15","date_gmt":"2026-09-01T11:32:15","guid":{"rendered":"https:\/\/muzeumfabrykinorblina.pl\/?p=8449"},"modified":"2026-09-01T13:32:19","modified_gmt":"2026-09-01T11:32:19","slug":"a-taste-of-history-from-the-norblin-factory-to-biobazar","status":"publish","type":"post","link":"https:\/\/muzeumfabrykinorblina.pl\/?p=8449&lang=en","title":{"rendered":"A Taste of History: From the Norblin Factory to BioBazar"},"content":{"rendered":"\n<p class=\"wp-block-paragraph\"><strong>The industrial history of Warsaw, stories of historic markets and a tasting of products from local producers \u2013 this is the new tour offered by the Norblin Factory Museum, joining the Museum\u2019s summer programme from 29 August<\/strong><\/p>\n\n\n\n<p class=\"wp-block-paragraph\">Can the history of a city be told through\u2026 taste? It turns out it can. <strong>\u201cA Taste of History: From the Norblin Factory to BioBazar\u201d<\/strong> is a new experience for anyone who wants to discover Warsaw not only through its monuments and architecture, but also through its culinary traditions.<\/p>\n\n\n\n<p class=\"wp-block-paragraph\">The tour begins at the <strong>Norblin Factory Museum<\/strong>, where participants will learn about the history of one of Warsaw\u2019s most important industrial establishments. Among historic machinery and the famous silver-plated tableware, they will discover what dining and serving meals looked like at a time when Norblin Factory products found their way onto tables across Poland and many European countries<\/p>\n\n\n\n<p class=\"wp-block-paragraph\">The next stage is a story about Warsaw\u2019s historic markets and the city\u2019s food culture. How did the capital\u2019s residents do their shopping? What did people eat every day, and what was reserved for special occasions? How did Warsaw\u2019s culinary traditions change? Participants will discover the answers during the walk leading to <strong>BioBazar<\/strong>.<\/p>\n\n\n\n<p class=\"wp-block-paragraph\">The tour concludes with a tasting of products prepared by local producers. Depending on the season, participants may sample artisan cheeses, homemade pesto, blinis with gravlax, organic bread and other products available at BioBazar.<\/p>\n\n\n\n<p class=\"wp-block-paragraph\">The tour is led by <strong>Anna Bloch<\/strong>, a licensed Warsaw tour guide and creator of <strong>Warsaw Food Stories<\/strong>, who has been promoting the history of the city through its culinary heritage for years.<\/p>\n\n\n\n<p class=\"wp-block-paragraph\">The ticket includes:<\/p>\n\n\n\n<ul class=\"wp-block-list\">\n<li>admission to the Norblin Factory Museum,<\/li>\n\n\n\n<li>guided tour,<\/li>\n\n\n\n<li>tasting at BioBazar.<\/li>\n<\/ul>\n\n\n\n<p class=\"wp-block-paragraph\">The tour lasts approximately <strong>2-2.5 hours<\/strong>, takes place in small groups of up to <strong>12 people<\/strong>, and costs <strong>PLN 249<\/strong>.<\/p>\n\n\n\n<p class=\"wp-block-paragraph\">As the tasting is prepared using fresh products ordered in advance from specific producers, the number of places is limited and registration closes in advance.<\/p>\n\n\n\n<p class=\"wp-block-paragraph\">Detailed information and booking are available <a href=\"https:\/\/muzeumfabrykinorblina.pl\/en\/from-silverware-to-sourdough-a-warsaw-food-tour\/\" data-type=\"link\" data-id=\"https:\/\/muzeumfabrykinorblina.pl\/en\/from-silverware-to-sourdough-a-warsaw-food-tour\/\">HERE<\/a>.<\/p>\n\n\n<!-- wp:themify-builder\/canvas \/-->","protected":false},"excerpt":{"rendered":"<p>The industrial history of Warsaw, stories of historic markets and a tasting of products from local producers \u2013 this is the new tour offered by the Norblin Factory Museum, joining the Museum\u2019s summer programme from 29 August Can the history of a city be told through\u2026 taste? It turns out it can. \u201cA Taste of [&hellip;]<\/p>\n","protected":false},"author":15,"featured_media":8308,"comment_status":"closed","ping_status":"closed","sticky":false,"template":"","format":"standard","meta":{"_acf_changed":false,"_monsterinsights_skip_tracking":false,"footnotes":""},"categories":[31],"tags":[],"class_list":["post-8449","post","type-post","status-publish","format-standard","has-post-thumbnail","hentry","category-news","has-post-title","has-post-date","has-post-category","has-post-tag","has-post-comment","has-post-author",""],"acf":[],"yoast_head":"<!-- This site is optimized with the Yoast SEO plugin v28.2 - https:\/\/yoast.com\/product\/yoast-seo-wordpress\/ -->\n<title>A Taste of History: From the Norblin Factory to BioBazar | Muzeum Fabryki Norblina<\/title>\n<meta name=\"description\" content=\"Historia przemys\u0142owej Warszawy, opowie\u015b\u0107 o dawnych targowiskach i degustacja produkt\u00f3w od lokalnych wytw\u00f3rc\u00f3w - tak wygl\u0105da nowa wycieczka Muzeum Fabryki Norblina, kt\u00f3ra od 29 sierpnia wzbogaci wakacyjn\u0105 ofert\u0119 Muzeum.\" \/>\n<meta name=\"robots\" content=\"index, follow, max-snippet:-1, max-image-preview:large, max-video-preview:-1\" \/>\n<link rel=\"canonical\" href=\"https:\/\/muzeumfabrykinorblina.pl\/?p=8449&lang=en\" \/>\n<meta property=\"og:locale\" content=\"pl_PL\" \/>\n<meta property=\"og:type\" content=\"article\" \/>\n<meta property=\"og:title\" content=\"Fabryka Smaku. Od Fabryki Norblina do BioBazaru\" \/>\n<meta property=\"og:description\" content=\"Historia przemys\u0142owej Warszawy, opowie\u015b\u0107 o dawnych targowiskach i degustacja produkt\u00f3w od lokalnych wytw\u00f3rc\u00f3w - tak wygl\u0105da nowa wycieczka Muzeum Fabryki Norblina, kt\u00f3ra od 29 sierpnia wzbogaci wakacyjn\u0105 ofert\u0119 Muzeum.\" \/>\n<meta property=\"og:url\" content=\"https:\/\/muzeumfabrykinorblina.pl\/?p=8449&amp;lang=en\" \/>\n<meta property=\"og:site_name\" content=\"Muzeum Fabryki Norblina\" \/>\n<meta property=\"article:publisher\" content=\"https:\/\/www.facebook.com\/MuzeumFabrykiNorblina\" \/>\n<meta property=\"article:published_time\" content=\"2026-09-01T11:32:15+00:00\" \/>\n<meta property=\"article:modified_time\" content=\"2026-09-01T11:32:19+00:00\" \/>\n<meta property=\"og:image\" content=\"http:\/\/muzeumfabrykinorblina.pl\/wp-content\/uploads\/2026\/08\/MFN-FabrykaSmaku-300x300.jpg\" \/>\n<meta name=\"author\" content=\"Mateusz Marczyk\" \/>\n<meta name=\"twitter:card\" content=\"summary_large_image\" \/>\n<meta name=\"twitter:title\" content=\"Fabryka Smaku. Od Fabryki Norblina do BioBazaru\" \/>\n<meta name=\"twitter:description\" content=\"Historia przemys\u0142owej Warszawy, opowie\u015b\u0107 o dawnych targowiskach i degustacja produkt\u00f3w od lokalnych wytw\u00f3rc\u00f3w - tak wygl\u0105da nowa wycieczka Muzeum Fabryki Norblina, kt\u00f3ra od 29 sierpnia wzbogaci wakacyjn\u0105 ofert\u0119 Muzeum.\" \/>\n<meta name=\"twitter:image\" content=\"https:\/\/muzeumfabrykinorblina.pl\/wp-content\/uploads\/2026\/08\/MFN-FabrykaSmaku.jpg\" \/>\n<meta name=\"twitter:label1\" content=\"Napisane przez\" \/>\n\t<meta name=\"twitter:data1\" content=\"Mateusz Marczyk\" \/>\n\t<meta name=\"twitter:label2\" content=\"Szacowany czas czytania\" \/>\n\t<meta name=\"twitter:data2\" content=\"3 minuty\" \/>\n<script type=\"application\/ld+json\" class=\"yoast-schema-graph\">{\"@context\":\"https:\\\/\\\/schema.org\",\"@graph\":[{\"@type\":\"Article\",\"@id\":\"https:\\\/\\\/muzeumfabrykinorblina.pl\\\/?p=8449&lang=en#article\",\"isPartOf\":{\"@id\":\"https:\\\/\\\/muzeumfabrykinorblina.pl\\\/?p=8449&lang=en\"},\"author\":{\"name\":\"Mateusz Marczyk\",\"@id\":\"https:\\\/\\\/muzeumfabrykinorblina.pl\\\/#\\\/schema\\\/person\\\/0dfd2bddff05e5d5ee530da13ccf3b28\"},\"headline\":\"A Taste of History: From the Norblin Factory to BioBazar\",\"datePublished\":\"2026-09-01T11:32:15+00:00\",\"dateModified\":\"2026-09-01T11:32:19+00:00\",\"mainEntityOfPage\":{\"@id\":\"https:\\\/\\\/muzeumfabrykinorblina.pl\\\/?p=8449&lang=en\"},\"wordCount\":343,\"publisher\":{\"@id\":\"https:\\\/\\\/muzeumfabrykinorblina.pl\\\/#organization\"},\"image\":{\"@id\":\"https:\\\/\\\/muzeumfabrykinorblina.pl\\\/?p=8449&lang=en#primaryimage\"},\"thumbnailUrl\":\"https:\\\/\\\/muzeumfabrykinorblina.pl\\\/wp-content\\\/uploads\\\/2026\\\/08\\\/MFN-FabrykaSmaku.jpg\",\"articleSection\":[\"News\"],\"inLanguage\":\"pl-PL\"},{\"@type\":\"WebPage\",\"@id\":\"https:\\\/\\\/muzeumfabrykinorblina.pl\\\/?p=8449&lang=en\",\"url\":\"https:\\\/\\\/muzeumfabrykinorblina.pl\\\/?p=8449&lang=en\",\"name\":\"A Taste of History: From the Norblin Factory to BioBazar | Muzeum Fabryki Norblina\",\"isPartOf\":{\"@id\":\"https:\\\/\\\/muzeumfabrykinorblina.pl\\\/#website\"},\"primaryImageOfPage\":{\"@id\":\"https:\\\/\\\/muzeumfabrykinorblina.pl\\\/?p=8449&lang=en#primaryimage\"},\"image\":{\"@id\":\"https:\\\/\\\/muzeumfabrykinorblina.pl\\\/?p=8449&lang=en#primaryimage\"},\"thumbnailUrl\":\"https:\\\/\\\/muzeumfabrykinorblina.pl\\\/wp-content\\\/uploads\\\/2026\\\/08\\\/MFN-FabrykaSmaku.jpg\",\"datePublished\":\"2026-09-01T11:32:15+00:00\",\"dateModified\":\"2026-09-01T11:32:19+00:00\",\"description\":\"Historia przemys\u0142owej Warszawy, opowie\u015b\u0107 o dawnych targowiskach i degustacja produkt\u00f3w od lokalnych wytw\u00f3rc\u00f3w - tak wygl\u0105da nowa wycieczka Muzeum Fabryki Norblina, kt\u00f3ra od 29 sierpnia wzbogaci wakacyjn\u0105 ofert\u0119 Muzeum.\",\"breadcrumb\":{\"@id\":\"https:\\\/\\\/muzeumfabrykinorblina.pl\\\/?p=8449&lang=en#breadcrumb\"},\"inLanguage\":\"pl-PL\",\"potentialAction\":[{\"@type\":\"ReadAction\",\"target\":[\"https:\\\/\\\/muzeumfabrykinorblina.pl\\\/?p=8449&lang=en\"]}]},{\"@type\":\"ImageObject\",\"inLanguage\":\"pl-PL\",\"@id\":\"https:\\\/\\\/muzeumfabrykinorblina.pl\\\/?p=8449&lang=en#primaryimage\",\"url\":\"https:\\\/\\\/muzeumfabrykinorblina.pl\\\/wp-content\\\/uploads\\\/2026\\\/08\\\/MFN-FabrykaSmaku.jpg\",\"contentUrl\":\"https:\\\/\\\/muzeumfabrykinorblina.pl\\\/wp-content\\\/uploads\\\/2026\\\/08\\\/MFN-FabrykaSmaku.jpg\",\"width\":1080,\"height\":1080},{\"@type\":\"BreadcrumbList\",\"@id\":\"https:\\\/\\\/muzeumfabrykinorblina.pl\\\/?p=8449&lang=en#breadcrumb\",\"itemListElement\":[{\"@type\":\"ListItem\",\"position\":1,\"name\":\"Strona g\u0142\u00f3wna\",\"item\":\"https:\\\/\\\/muzeumfabrykinorblina.pl\\\/\"},{\"@type\":\"ListItem\",\"position\":2,\"name\":\"A Taste of History: From the Norblin Factory to BioBazar\"}]},{\"@type\":\"WebSite\",\"@id\":\"https:\\\/\\\/muzeumfabrykinorblina.pl\\\/#website\",\"url\":\"https:\\\/\\\/muzeumfabrykinorblina.pl\\\/\",\"name\":\"Muzeum Fabryki Norblina\",\"description\":\"Fabryka Norblina\",\"publisher\":{\"@id\":\"https:\\\/\\\/muzeumfabrykinorblina.pl\\\/#organization\"},\"potentialAction\":[{\"@type\":\"SearchAction\",\"target\":{\"@type\":\"EntryPoint\",\"urlTemplate\":\"https:\\\/\\\/muzeumfabrykinorblina.pl\\\/?s={search_term_string}\"},\"query-input\":{\"@type\":\"PropertyValueSpecification\",\"valueRequired\":true,\"valueName\":\"search_term_string\"}}],\"inLanguage\":\"pl-PL\"},{\"@type\":\"Organization\",\"@id\":\"https:\\\/\\\/muzeumfabrykinorblina.pl\\\/#organization\",\"name\":\"Muzeum Fabryki Norblina\",\"url\":\"https:\\\/\\\/muzeumfabrykinorblina.pl\\\/\",\"logo\":{\"@type\":\"ImageObject\",\"inLanguage\":\"pl-PL\",\"@id\":\"https:\\\/\\\/muzeumfabrykinorblina.pl\\\/#\\\/schema\\\/logo\\\/image\\\/\",\"url\":\"https:\\\/\\\/muzeumfabrykinorblina.pl\\\/wp-content\\\/uploads\\\/2023\\\/11\\\/MFN_Featured-image_1200x675.jpg\",\"contentUrl\":\"https:\\\/\\\/muzeumfabrykinorblina.pl\\\/wp-content\\\/uploads\\\/2023\\\/11\\\/MFN_Featured-image_1200x675.jpg\",\"width\":1200,\"height\":675,\"caption\":\"Muzeum Fabryki Norblina\"},\"image\":{\"@id\":\"https:\\\/\\\/muzeumfabrykinorblina.pl\\\/#\\\/schema\\\/logo\\\/image\\\/\"},\"sameAs\":[\"https:\\\/\\\/www.facebook.com\\\/MuzeumFabrykiNorblina\",\"https:\\\/\\\/www.instagram.com\\\/muzeumfabrykinorblina\\\/\"]},{\"@type\":\"Person\",\"@id\":\"https:\\\/\\\/muzeumfabrykinorblina.pl\\\/#\\\/schema\\\/person\\\/0dfd2bddff05e5d5ee530da13ccf3b28\",\"name\":\"Mateusz Marczyk\",\"image\":{\"@type\":\"ImageObject\",\"inLanguage\":\"pl-PL\",\"@id\":\"https:\\\/\\\/secure.gravatar.com\\\/avatar\\\/0cef0bdeb2ff3f125b0dd9b4bd2a2fc2b07996fc2705c1e77a1b805cb72564f8?s=96&d=mm&r=g\",\"url\":\"https:\\\/\\\/secure.gravatar.com\\\/avatar\\\/0cef0bdeb2ff3f125b0dd9b4bd2a2fc2b07996fc2705c1e77a1b805cb72564f8?s=96&d=mm&r=g\",\"contentUrl\":\"https:\\\/\\\/secure.gravatar.com\\\/avatar\\\/0cef0bdeb2ff3f125b0dd9b4bd2a2fc2b07996fc2705c1e77a1b805cb72564f8?s=96&d=mm&r=g\",\"caption\":\"Mateusz Marczyk\"},\"url\":\"https:\\\/\\\/muzeumfabrykinorblina.pl\\\/?author=15\"}]}<\/script>\n<!-- \/ Yoast SEO plugin. -->","yoast_head_json":{"title":"A Taste of History: From the Norblin Factory to BioBazar | Muzeum Fabryki Norblina","description":"Historia przemys\u0142owej Warszawy, opowie\u015b\u0107 o dawnych targowiskach i degustacja produkt\u00f3w od lokalnych wytw\u00f3rc\u00f3w - tak wygl\u0105da nowa wycieczka Muzeum Fabryki Norblina, kt\u00f3ra od 29 sierpnia wzbogaci wakacyjn\u0105 ofert\u0119 Muzeum.","robots":{"index":"index","follow":"follow","max-snippet":"max-snippet:-1","max-image-preview":"max-image-preview:large","max-video-preview":"max-video-preview:-1"},"canonical":"https:\/\/muzeumfabrykinorblina.pl\/?p=8449&lang=en","og_locale":"pl_PL","og_type":"article","og_title":"Fabryka Smaku. Od Fabryki Norblina do BioBazaru","og_description":"Historia przemys\u0142owej Warszawy, opowie\u015b\u0107 o dawnych targowiskach i degustacja produkt\u00f3w od lokalnych wytw\u00f3rc\u00f3w - tak wygl\u0105da nowa wycieczka Muzeum Fabryki Norblina, kt\u00f3ra od 29 sierpnia wzbogaci wakacyjn\u0105 ofert\u0119 Muzeum.","og_url":"https:\/\/muzeumfabrykinorblina.pl\/?p=8449&lang=en","og_site_name":"Muzeum Fabryki Norblina","article_publisher":"https:\/\/www.facebook.com\/MuzeumFabrykiNorblina","article_published_time":"2026-09-01T11:32:15+00:00","article_modified_time":"2026-09-01T11:32:19+00:00","og_image":[{"url":"http:\/\/muzeumfabrykinorblina.pl\/wp-content\/uploads\/2026\/08\/MFN-FabrykaSmaku-300x300.jpg","type":"","width":"","height":""}],"author":"Mateusz Marczyk","twitter_card":"summary_large_image","twitter_title":"Fabryka Smaku. Od Fabryki Norblina do BioBazaru","twitter_description":"Historia przemys\u0142owej Warszawy, opowie\u015b\u0107 o dawnych targowiskach i degustacja produkt\u00f3w od lokalnych wytw\u00f3rc\u00f3w - tak wygl\u0105da nowa wycieczka Muzeum Fabryki Norblina, kt\u00f3ra od 29 sierpnia wzbogaci wakacyjn\u0105 ofert\u0119 Muzeum.","twitter_image":"https:\/\/muzeumfabrykinorblina.pl\/wp-content\/uploads\/2026\/08\/MFN-FabrykaSmaku.jpg","twitter_misc":{"Napisane przez":"Mateusz Marczyk","Szacowany czas czytania":"3 minuty"},"schema":{"@context":"https:\/\/schema.org","@graph":[{"@type":"Article","@id":"https:\/\/muzeumfabrykinorblina.pl\/?p=8449&lang=en#article","isPartOf":{"@id":"https:\/\/muzeumfabrykinorblina.pl\/?p=8449&lang=en"},"author":{"name":"Mateusz Marczyk","@id":"https:\/\/muzeumfabrykinorblina.pl\/#\/schema\/person\/0dfd2bddff05e5d5ee530da13ccf3b28"},"headline":"A Taste of History: From the Norblin Factory to BioBazar","datePublished":"2026-09-01T11:32:15+00:00","dateModified":"2026-09-01T11:32:19+00:00","mainEntityOfPage":{"@id":"https:\/\/muzeumfabrykinorblina.pl\/?p=8449&lang=en"},"wordCount":343,"publisher":{"@id":"https:\/\/muzeumfabrykinorblina.pl\/#organization"},"image":{"@id":"https:\/\/muzeumfabrykinorblina.pl\/?p=8449&lang=en#primaryimage"},"thumbnailUrl":"https:\/\/muzeumfabrykinorblina.pl\/wp-content\/uploads\/2026\/08\/MFN-FabrykaSmaku.jpg","articleSection":["News"],"inLanguage":"pl-PL"},{"@type":"WebPage","@id":"https:\/\/muzeumfabrykinorblina.pl\/?p=8449&lang=en","url":"https:\/\/muzeumfabrykinorblina.pl\/?p=8449&lang=en","name":"A Taste of History: From the Norblin Factory to BioBazar | Muzeum Fabryki Norblina","isPartOf":{"@id":"https:\/\/muzeumfabrykinorblina.pl\/#website"},"primaryImageOfPage":{"@id":"https:\/\/muzeumfabrykinorblina.pl\/?p=8449&lang=en#primaryimage"},"image":{"@id":"https:\/\/muzeumfabrykinorblina.pl\/?p=8449&lang=en#primaryimage"},"thumbnailUrl":"https:\/\/muzeumfabrykinorblina.pl\/wp-content\/uploads\/2026\/08\/MFN-FabrykaSmaku.jpg","datePublished":"2026-09-01T11:32:15+00:00","dateModified":"2026-09-01T11:32:19+00:00","description":"Historia przemys\u0142owej Warszawy, opowie\u015b\u0107 o dawnych targowiskach i degustacja produkt\u00f3w od lokalnych wytw\u00f3rc\u00f3w - tak wygl\u0105da nowa wycieczka Muzeum Fabryki Norblina, kt\u00f3ra od 29 sierpnia wzbogaci wakacyjn\u0105 ofert\u0119 Muzeum.","breadcrumb":{"@id":"https:\/\/muzeumfabrykinorblina.pl\/?p=8449&lang=en#breadcrumb"},"inLanguage":"pl-PL","potentialAction":[{"@type":"ReadAction","target":["https:\/\/muzeumfabrykinorblina.pl\/?p=8449&lang=en"]}]},{"@type":"ImageObject","inLanguage":"pl-PL","@id":"https:\/\/muzeumfabrykinorblina.pl\/?p=8449&lang=en#primaryimage","url":"https:\/\/muzeumfabrykinorblina.pl\/wp-content\/uploads\/2026\/08\/MFN-FabrykaSmaku.jpg","contentUrl":"https:\/\/muzeumfabrykinorblina.pl\/wp-content\/uploads\/2026\/08\/MFN-FabrykaSmaku.jpg","width":1080,"height":1080},{"@type":"BreadcrumbList","@id":"https:\/\/muzeumfabrykinorblina.pl\/?p=8449&lang=en#breadcrumb","itemListElement":[{"@type":"ListItem","position":1,"name":"Strona g\u0142\u00f3wna","item":"https:\/\/muzeumfabrykinorblina.pl\/"},{"@type":"ListItem","position":2,"name":"A Taste of History: From the Norblin Factory to BioBazar"}]},{"@type":"WebSite","@id":"https:\/\/muzeumfabrykinorblina.pl\/#website","url":"https:\/\/muzeumfabrykinorblina.pl\/","name":"Muzeum Fabryki Norblina","description":"Fabryka Norblina","publisher":{"@id":"https:\/\/muzeumfabrykinorblina.pl\/#organization"},"potentialAction":[{"@type":"SearchAction","target":{"@type":"EntryPoint","urlTemplate":"https:\/\/muzeumfabrykinorblina.pl\/?s={search_term_string}"},"query-input":{"@type":"PropertyValueSpecification","valueRequired":true,"valueName":"search_term_string"}}],"inLanguage":"pl-PL"},{"@type":"Organization","@id":"https:\/\/muzeumfabrykinorblina.pl\/#organization","name":"Muzeum Fabryki Norblina","url":"https:\/\/muzeumfabrykinorblina.pl\/","logo":{"@type":"ImageObject","inLanguage":"pl-PL","@id":"https:\/\/muzeumfabrykinorblina.pl\/#\/schema\/logo\/image\/","url":"https:\/\/muzeumfabrykinorblina.pl\/wp-content\/uploads\/2023\/11\/MFN_Featured-image_1200x675.jpg","contentUrl":"https:\/\/muzeumfabrykinorblina.pl\/wp-content\/uploads\/2023\/11\/MFN_Featured-image_1200x675.jpg","width":1200,"height":675,"caption":"Muzeum Fabryki Norblina"},"image":{"@id":"https:\/\/muzeumfabrykinorblina.pl\/#\/schema\/logo\/image\/"},"sameAs":["https:\/\/www.facebook.com\/MuzeumFabrykiNorblina","https:\/\/www.instagram.com\/muzeumfabrykinorblina\/"]},{"@type":"Person","@id":"https:\/\/muzeumfabrykinorblina.pl\/#\/schema\/person\/0dfd2bddff05e5d5ee530da13ccf3b28","name":"Mateusz Marczyk","image":{"@type":"ImageObject","inLanguage":"pl-PL","@id":"https:\/\/secure.gravatar.com\/avatar\/0cef0bdeb2ff3f125b0dd9b4bd2a2fc2b07996fc2705c1e77a1b805cb72564f8?s=96&d=mm&r=g","url":"https:\/\/secure.gravatar.com\/avatar\/0cef0bdeb2ff3f125b0dd9b4bd2a2fc2b07996fc2705c1e77a1b805cb72564f8?s=96&d=mm&r=g","contentUrl":"https:\/\/secure.gravatar.com\/avatar\/0cef0bdeb2ff3f125b0dd9b4bd2a2fc2b07996fc2705c1e77a1b805cb72564f8?s=96&d=mm&r=g","caption":"Mateusz Marczyk"},"url":"https:\/\/muzeumfabrykinorblina.pl\/?author=15"}]}},"lang":"en","translations":{"en":8449,"pl":8307},"builder_content":"","pll_sync_post":{},"_links":{"self":[{"href":"https:\/\/muzeumfabrykinorblina.pl\/index.php?rest_route=\/wp\/v2\/posts\/8449","targetHints":{"allow":["GET"]}}],"collection":[{"href":"https:\/\/muzeumfabrykinorblina.pl\/index.php?rest_route=\/wp\/v2\/posts"}],"about":[{"href":"https:\/\/muzeumfabrykinorblina.pl\/index.php?rest_route=\/wp\/v2\/types\/post"}],"author":[{"embeddable":true,"href":"https:\/\/muzeumfabrykinorblina.pl\/index.php?rest_route=\/wp\/v2\/users\/15"}],"replies":[{"embeddable":true,"href":"https:\/\/muzeumfabrykinorblina.pl\/index.php?rest_route=%2Fwp%2Fv2%2Fcomments&post=8449"}],"version-history":[{"count":2,"href":"https:\/\/muzeumfabrykinorblina.pl\/index.php?rest_route=\/wp\/v2\/posts\/8449\/revisions"}],"predecessor-version":[{"id":8451,"href":"https:\/\/muzeumfabrykinorblina.pl\/index.php?rest_route=\/wp\/v2\/posts\/8449\/revisions\/8451"}],"wp:featuredmedia":[{"embeddable":true,"href":"https:\/\/muzeumfabrykinorblina.pl\/index.php?rest_route=\/wp\/v2\/media\/8308"}],"wp:attachment":[{"href":"https:\/\/muzeumfabrykinorblina.pl\/index.php?rest_route=%2Fwp%2Fv2%2Fmedia&parent=8449"}],"wp:term":[{"taxonomy":"category","embeddable":true,"href":"https:\/\/muzeumfabrykinorblina.pl\/index.php?rest_route=%2Fwp%2Fv2%2Fcategories&post=8449"},{"taxonomy":"post_tag","embeddable":true,"href":"https:\/\/muzeumfabrykinorblina.pl\/index.php?rest_route=%2Fwp%2Fv2%2Ftags&post=8449"}],"curies":[{"name":"wp","href":"https:\/\/api.w.org\/{rel}","templated":true}]}}