{"id":8307,"date":"2026-08-07T09:00:00","date_gmt":"2026-08-07T07:00:00","guid":{"rendered":"https:\/\/muzeumfabrykinorblina.pl\/?p=8307"},"modified":"2026-08-04T11:10:07","modified_gmt":"2026-08-04T09:10:07","slug":"fabryka-smaku-od-fabryki-norblina-do-biobazaru-2","status":"publish","type":"post","link":"https:\/\/muzeumfabrykinorblina.pl\/?p=8307","title":{"rendered":"Fabryka Smaku. Od Fabryki Norblina do BioBazaru"},"content":{"rendered":"\n<p class=\"wp-block-paragraph\"><strong>Historia przemys\u0142owej Warszawy, opowie\u015b\u0107 o dawnych targowiskach i degustacja produkt\u00f3w od lokalnych wytw\u00f3rc\u00f3w &#8211; tak wygl\u0105da nowa wycieczka Muzeum Fabryki Norblina, kt\u00f3ra od 29 sierpnia wzbogaci wakacyjn\u0105 ofert\u0119 Muzeum.<\/strong><\/p>\n\n\n\n<p class=\"wp-block-paragraph\">Czy historia miasta mo\u017ce prowadzi\u0107 przez&#8230; smak? Okazuje si\u0119, \u017ce tak. <strong>\u201eFabryka Smaku. Od Fabryki Norblina do BioBazaru\u201d<\/strong> to nowa propozycja dla wszystkich, kt\u00f3rzy chc\u0105 odkrywa\u0107 Warszaw\u0119 nie tylko przez zabytki i architektur\u0119, ale r\u00f3wnie\u017c przez jej kulinarne tradycje.<\/p>\n\n\n\n<p class=\"wp-block-paragraph\">Spacer rozpoczyna si\u0119 w <strong>Muzeum Fabryki Norblina<\/strong>, gdzie uczestnicy poznaj\u0105 histori\u0119 jednego z najwa\u017cniejszych zak\u0142ad\u00f3w przemys\u0142owych dawnej Warszawy. W\u015br\u00f3d zabytkowych maszyn i s\u0142ynnych plater\u00f3w dowiedz\u0105 si\u0119, jak wygl\u0105da\u0142o serwowanie posi\u0142k\u00f3w w czasach, gdy wyroby Fabryki Norblina trafia\u0142y na sto\u0142y w Polsce i wielu krajach Europy.<\/p>\n\n\n\n<p class=\"wp-block-paragraph\">Kolejnym etapem jest opowie\u015b\u0107 o dawnych warszawskich targowiskach i miejskiej kulturze jedzenia. Jak zaopatrywali si\u0119 mieszka\u0144cy stolicy? Co jadano na co dzie\u0144, a co trafia\u0142o na sto\u0142y od \u015bwi\u0119ta? Jak zmienia\u0142y si\u0119 kulinarne zwyczaje warszawiak\u00f3w? Odpowiedzi na te pytania uczestnicy poznaj\u0105 podczas spaceru prowadz\u0105cego do BioBazaru.<\/p>\n\n\n\n<p class=\"wp-block-paragraph\">Wycieczk\u0119 wie\u0144czy degustacja produkt\u00f3w przygotowanych przez lokalnych producent\u00f3w. W zale\u017cno\u015bci od sezonu b\u0119dzie mo\u017cna spr\u00f3bowa\u0107 m.in. rzemie\u015blniczych ser\u00f3w, domowego pesto, blin\u00f3w z gravlaxem, ekologicznego pieczywa i innych produkt\u00f3w dost\u0119pnych na BioBazarze.<\/p>\n\n\n\n<p class=\"wp-block-paragraph\">Przewodniczk\u0105 wycieczki jest <strong>Anna Bloch<\/strong> &#8211; licencjonowana przewodniczka po Warszawie i tw\u00f3rczyni projektu <strong>Warsaw Food Stories<\/strong>, od lat popularyzuj\u0105ca histori\u0119 miasta poprzez jego kulinarne dziedzictwo.<\/p>\n\n\n\n<p class=\"wp-block-paragraph\">W cenie biletu znajduj\u0105 si\u0119:<\/p>\n\n\n\n<ul class=\"wp-block-list\">\n<li>wst\u0119p do Muzeum Fabryki Norblina,\u00a0<\/li>\n\n\n\n<li>oprowadzanie z przewodniczk\u0105,\u00a0<\/li>\n\n\n\n<li>degustacja na BioBazarze.\u00a0<\/li>\n<\/ul>\n\n\n\n<p class=\"wp-block-paragraph\">Wycieczka trwa oko\u0142o <strong>2-2,5 godziny<\/strong>, odbywa si\u0119 w kameralnych grupach licz\u0105cych maksymalnie <strong>12 os\u00f3b<\/strong>, a koszt udzia\u0142u wynosi <strong>249 z\u0142<\/strong>.<\/p>\n\n\n\n<p class=\"wp-block-paragraph\">Ze wzgl\u0119du na to, \u017ce degustacja przygotowywana jest ze \u015bwie\u017cych produkt\u00f3w zamawianych wcze\u015bniej u konkretnych producent\u00f3w, liczba miejsc jest ograniczona, a zapisy zamykane s\u0105 z wyprzedzeniem.<\/p>\n\n\n\n<p class=\"wp-block-paragraph\">Szczeg\u00f3\u0142owe informacje oraz mo\u017cliwo\u015b\u0107 rezerwacji dost\u0119pne s\u0105 <a href=\"https:\/\/muzeumfabrykinorblina.pl\/fabryka-smaku-od-fabryki-norblina-do-biobazaru\/\"><strong>TUTAJ<\/strong><\/a>.<\/p>\n\n\n<!-- wp:themify-builder\/canvas \/-->","protected":false},"excerpt":{"rendered":"<p>Historia przemys\u0142owej Warszawy, opowie\u015b\u0107 o dawnych targowiskach i degustacja produkt\u00f3w od lokalnych wytw\u00f3rc\u00f3w &#8211; tak wygl\u0105da nowa wycieczka Muzeum Fabryki Norblina, kt\u00f3ra od 29 sierpnia wzbogaci wakacyjn\u0105 ofert\u0119 Muzeum. Czy historia miasta mo\u017ce prowadzi\u0107 przez&#8230; smak? Okazuje si\u0119, \u017ce tak. \u201eFabryka Smaku. Od Fabryki Norblina do BioBazaru\u201d to nowa propozycja dla wszystkich, kt\u00f3rzy chc\u0105 odkrywa\u0107 [&hellip;]<\/p>\n","protected":false},"author":9,"featured_media":8308,"comment_status":"closed","ping_status":"closed","sticky":false,"template":"","format":"standard","meta":{"_acf_changed":false,"_monsterinsights_skip_tracking":false,"footnotes":""},"categories":[29],"tags":[],"class_list":["post-8307","post","type-post","status-publish","format-standard","has-post-thumbnail","hentry","category-aktualnosci","has-post-title","has-post-date","has-post-category","has-post-tag","has-post-comment","has-post-author",""],"acf":[],"yoast_head":"<!-- This site is optimized with the Yoast SEO plugin v28.2 - https:\/\/yoast.com\/product\/yoast-seo-wordpress\/ -->\n<title>Fabryka Smaku. Od Fabryki Norblina do BioBazaru | Muzeum Fabryki Norblina<\/title>\n<meta name=\"description\" content=\"Historia przemys\u0142owej Warszawy, opowie\u015b\u0107 o dawnych targowiskach i degustacja produkt\u00f3w od lokalnych wytw\u00f3rc\u00f3w - tak wygl\u0105da nowa wycieczka Muzeum Fabryki Norblina, kt\u00f3ra od 29 sierpnia wzbogaci wakacyjn\u0105 ofert\u0119 Muzeum.\" \/>\n<meta name=\"robots\" content=\"index, follow, max-snippet:-1, max-image-preview:large, max-video-preview:-1\" \/>\n<link rel=\"canonical\" href=\"https:\/\/muzeumfabrykinorblina.pl\/?p=8307\" \/>\n<meta property=\"og:locale\" content=\"pl_PL\" \/>\n<meta property=\"og:type\" content=\"article\" \/>\n<meta property=\"og:title\" content=\"Fabryka Smaku. Od Fabryki Norblina do BioBazaru\" \/>\n<meta property=\"og:description\" content=\"Historia przemys\u0142owej Warszawy, opowie\u015b\u0107 o dawnych targowiskach i degustacja produkt\u00f3w od lokalnych wytw\u00f3rc\u00f3w - tak wygl\u0105da nowa wycieczka Muzeum Fabryki Norblina, kt\u00f3ra od 29 sierpnia wzbogaci wakacyjn\u0105 ofert\u0119 Muzeum.\" \/>\n<meta property=\"og:url\" content=\"https:\/\/muzeumfabrykinorblina.pl\/?p=8307\" \/>\n<meta property=\"og:site_name\" content=\"Muzeum Fabryki Norblina\" \/>\n<meta property=\"article:publisher\" content=\"https:\/\/www.facebook.com\/MuzeumFabrykiNorblina\" \/>\n<meta property=\"article:published_time\" content=\"2026-08-07T07:00:00+00:00\" \/>\n<meta property=\"og:image\" content=\"http:\/\/muzeumfabrykinorblina.pl\/wp-content\/uploads\/2026\/08\/MFN-FabrykaSmaku.jpg\" \/>\n\t<meta property=\"og:image:width\" content=\"1080\" \/>\n\t<meta property=\"og:image:height\" content=\"1080\" \/>\n\t<meta property=\"og:image:type\" content=\"image\/jpeg\" \/>\n<meta name=\"author\" content=\"Agata Ilnicka\" \/>\n<meta name=\"twitter:card\" content=\"summary_large_image\" \/>\n<meta name=\"twitter:title\" content=\"Fabryka Smaku. Od Fabryki Norblina do BioBazaru\" \/>\n<meta name=\"twitter:description\" content=\"Historia przemys\u0142owej Warszawy, opowie\u015b\u0107 o dawnych targowiskach i degustacja produkt\u00f3w od lokalnych wytw\u00f3rc\u00f3w - tak wygl\u0105da nowa wycieczka Muzeum Fabryki Norblina, kt\u00f3ra od 29 sierpnia wzbogaci wakacyjn\u0105 ofert\u0119 Muzeum.\" \/>\n<meta name=\"twitter:image\" content=\"https:\/\/muzeumfabrykinorblina.pl\/wp-content\/uploads\/2026\/08\/MFN-FabrykaSmaku.jpg\" \/>\n<meta name=\"twitter:label1\" content=\"Napisane przez\" \/>\n\t<meta name=\"twitter:data1\" content=\"Agata Ilnicka\" \/>\n\t<meta name=\"twitter:label2\" content=\"Szacowany czas czytania\" \/>\n\t<meta name=\"twitter:data2\" content=\"2 minuty\" \/>\n<script type=\"application\/ld+json\" class=\"yoast-schema-graph\">{\"@context\":\"https:\\\/\\\/schema.org\",\"@graph\":[{\"@type\":\"Article\",\"@id\":\"https:\\\/\\\/muzeumfabrykinorblina.pl\\\/?p=8307#article\",\"isPartOf\":{\"@id\":\"https:\\\/\\\/muzeumfabrykinorblina.pl\\\/?p=8307\"},\"author\":{\"name\":\"Agata Ilnicka\",\"@id\":\"https:\\\/\\\/muzeumfabrykinorblina.pl\\\/#\\\/schema\\\/person\\\/4f1632ef79031887e0e24c4ea9d3472e\"},\"headline\":\"Fabryka Smaku. Od Fabryki Norblina do BioBazaru\",\"datePublished\":\"2026-08-07T07:00:00+00:00\",\"mainEntityOfPage\":{\"@id\":\"https:\\\/\\\/muzeumfabrykinorblina.pl\\\/?p=8307\"},\"wordCount\":348,\"publisher\":{\"@id\":\"https:\\\/\\\/muzeumfabrykinorblina.pl\\\/#organization\"},\"image\":{\"@id\":\"https:\\\/\\\/muzeumfabrykinorblina.pl\\\/?p=8307#primaryimage\"},\"thumbnailUrl\":\"https:\\\/\\\/muzeumfabrykinorblina.pl\\\/wp-content\\\/uploads\\\/2026\\\/08\\\/MFN-FabrykaSmaku.jpg\",\"articleSection\":[\"Aktualno\u015bci\"],\"inLanguage\":\"pl-PL\"},{\"@type\":\"WebPage\",\"@id\":\"https:\\\/\\\/muzeumfabrykinorblina.pl\\\/?p=8307\",\"url\":\"https:\\\/\\\/muzeumfabrykinorblina.pl\\\/?p=8307\",\"name\":\"Fabryka Smaku. Od Fabryki Norblina do BioBazaru | Muzeum Fabryki Norblina\",\"isPartOf\":{\"@id\":\"https:\\\/\\\/muzeumfabrykinorblina.pl\\\/#website\"},\"primaryImageOfPage\":{\"@id\":\"https:\\\/\\\/muzeumfabrykinorblina.pl\\\/?p=8307#primaryimage\"},\"image\":{\"@id\":\"https:\\\/\\\/muzeumfabrykinorblina.pl\\\/?p=8307#primaryimage\"},\"thumbnailUrl\":\"https:\\\/\\\/muzeumfabrykinorblina.pl\\\/wp-content\\\/uploads\\\/2026\\\/08\\\/MFN-FabrykaSmaku.jpg\",\"datePublished\":\"2026-08-07T07:00:00+00:00\",\"description\":\"Historia przemys\u0142owej Warszawy, opowie\u015b\u0107 o dawnych targowiskach i degustacja produkt\u00f3w od lokalnych wytw\u00f3rc\u00f3w - tak wygl\u0105da nowa wycieczka Muzeum Fabryki Norblina, kt\u00f3ra od 29 sierpnia wzbogaci wakacyjn\u0105 ofert\u0119 Muzeum.\",\"breadcrumb\":{\"@id\":\"https:\\\/\\\/muzeumfabrykinorblina.pl\\\/?p=8307#breadcrumb\"},\"inLanguage\":\"pl-PL\",\"potentialAction\":[{\"@type\":\"ReadAction\",\"target\":[\"https:\\\/\\\/muzeumfabrykinorblina.pl\\\/?p=8307\"]}]},{\"@type\":\"ImageObject\",\"inLanguage\":\"pl-PL\",\"@id\":\"https:\\\/\\\/muzeumfabrykinorblina.pl\\\/?p=8307#primaryimage\",\"url\":\"https:\\\/\\\/muzeumfabrykinorblina.pl\\\/wp-content\\\/uploads\\\/2026\\\/08\\\/MFN-FabrykaSmaku.jpg\",\"contentUrl\":\"https:\\\/\\\/muzeumfabrykinorblina.pl\\\/wp-content\\\/uploads\\\/2026\\\/08\\\/MFN-FabrykaSmaku.jpg\",\"width\":1080,\"height\":1080},{\"@type\":\"BreadcrumbList\",\"@id\":\"https:\\\/\\\/muzeumfabrykinorblina.pl\\\/?p=8307#breadcrumb\",\"itemListElement\":[{\"@type\":\"ListItem\",\"position\":1,\"name\":\"Strona g\u0142\u00f3wna\",\"item\":\"https:\\\/\\\/muzeumfabrykinorblina.pl\\\/\"},{\"@type\":\"ListItem\",\"position\":2,\"name\":\"Fabryka Smaku. Od Fabryki Norblina do BioBazaru\"}]},{\"@type\":\"WebSite\",\"@id\":\"https:\\\/\\\/muzeumfabrykinorblina.pl\\\/#website\",\"url\":\"https:\\\/\\\/muzeumfabrykinorblina.pl\\\/\",\"name\":\"Muzeum Fabryki Norblina\",\"description\":\"Fabryka Norblina\",\"publisher\":{\"@id\":\"https:\\\/\\\/muzeumfabrykinorblina.pl\\\/#organization\"},\"potentialAction\":[{\"@type\":\"SearchAction\",\"target\":{\"@type\":\"EntryPoint\",\"urlTemplate\":\"https:\\\/\\\/muzeumfabrykinorblina.pl\\\/?s={search_term_string}\"},\"query-input\":{\"@type\":\"PropertyValueSpecification\",\"valueRequired\":true,\"valueName\":\"search_term_string\"}}],\"inLanguage\":\"pl-PL\"},{\"@type\":\"Organization\",\"@id\":\"https:\\\/\\\/muzeumfabrykinorblina.pl\\\/#organization\",\"name\":\"Muzeum Fabryki Norblina\",\"url\":\"https:\\\/\\\/muzeumfabrykinorblina.pl\\\/\",\"logo\":{\"@type\":\"ImageObject\",\"inLanguage\":\"pl-PL\",\"@id\":\"https:\\\/\\\/muzeumfabrykinorblina.pl\\\/#\\\/schema\\\/logo\\\/image\\\/\",\"url\":\"https:\\\/\\\/muzeumfabrykinorblina.pl\\\/wp-content\\\/uploads\\\/2023\\\/11\\\/MFN_Featured-image_1200x675.jpg\",\"contentUrl\":\"https:\\\/\\\/muzeumfabrykinorblina.pl\\\/wp-content\\\/uploads\\\/2023\\\/11\\\/MFN_Featured-image_1200x675.jpg\",\"width\":1200,\"height\":675,\"caption\":\"Muzeum Fabryki Norblina\"},\"image\":{\"@id\":\"https:\\\/\\\/muzeumfabrykinorblina.pl\\\/#\\\/schema\\\/logo\\\/image\\\/\"},\"sameAs\":[\"https:\\\/\\\/www.facebook.com\\\/MuzeumFabrykiNorblina\",\"https:\\\/\\\/www.instagram.com\\\/muzeumfabrykinorblina\\\/\"]},{\"@type\":\"Person\",\"@id\":\"https:\\\/\\\/muzeumfabrykinorblina.pl\\\/#\\\/schema\\\/person\\\/4f1632ef79031887e0e24c4ea9d3472e\",\"name\":\"Agata Ilnicka\",\"image\":{\"@type\":\"ImageObject\",\"inLanguage\":\"pl-PL\",\"@id\":\"https:\\\/\\\/secure.gravatar.com\\\/avatar\\\/0c850e3cc969e3bec61971337ea044add4e3b6da745c50448fbab5c86b0b85d9?s=96&d=mm&r=g\",\"url\":\"https:\\\/\\\/secure.gravatar.com\\\/avatar\\\/0c850e3cc969e3bec61971337ea044add4e3b6da745c50448fbab5c86b0b85d9?s=96&d=mm&r=g\",\"contentUrl\":\"https:\\\/\\\/secure.gravatar.com\\\/avatar\\\/0c850e3cc969e3bec61971337ea044add4e3b6da745c50448fbab5c86b0b85d9?s=96&d=mm&r=g\",\"caption\":\"Agata Ilnicka\"},\"url\":\"https:\\\/\\\/muzeumfabrykinorblina.pl\\\/?author=9\"}]}<\/script>\n<!-- \/ Yoast SEO plugin. -->","yoast_head_json":{"title":"Fabryka Smaku. Od Fabryki Norblina do BioBazaru | Muzeum Fabryki Norblina","description":"Historia przemys\u0142owej Warszawy, opowie\u015b\u0107 o dawnych targowiskach i degustacja produkt\u00f3w od lokalnych wytw\u00f3rc\u00f3w - tak wygl\u0105da nowa wycieczka Muzeum Fabryki Norblina, kt\u00f3ra od 29 sierpnia wzbogaci wakacyjn\u0105 ofert\u0119 Muzeum.","robots":{"index":"index","follow":"follow","max-snippet":"max-snippet:-1","max-image-preview":"max-image-preview:large","max-video-preview":"max-video-preview:-1"},"canonical":"https:\/\/muzeumfabrykinorblina.pl\/?p=8307","og_locale":"pl_PL","og_type":"article","og_title":"Fabryka Smaku. Od Fabryki Norblina do BioBazaru","og_description":"Historia przemys\u0142owej Warszawy, opowie\u015b\u0107 o dawnych targowiskach i degustacja produkt\u00f3w od lokalnych wytw\u00f3rc\u00f3w - tak wygl\u0105da nowa wycieczka Muzeum Fabryki Norblina, kt\u00f3ra od 29 sierpnia wzbogaci wakacyjn\u0105 ofert\u0119 Muzeum.","og_url":"https:\/\/muzeumfabrykinorblina.pl\/?p=8307","og_site_name":"Muzeum Fabryki Norblina","article_publisher":"https:\/\/www.facebook.com\/MuzeumFabrykiNorblina","article_published_time":"2026-08-07T07:00:00+00:00","og_image":[{"width":1080,"height":1080,"url":"http:\/\/muzeumfabrykinorblina.pl\/wp-content\/uploads\/2026\/08\/MFN-FabrykaSmaku.jpg","type":"image\/jpeg"}],"author":"Agata Ilnicka","twitter_card":"summary_large_image","twitter_title":"Fabryka Smaku. Od Fabryki Norblina do BioBazaru","twitter_description":"Historia przemys\u0142owej Warszawy, opowie\u015b\u0107 o dawnych targowiskach i degustacja produkt\u00f3w od lokalnych wytw\u00f3rc\u00f3w - tak wygl\u0105da nowa wycieczka Muzeum Fabryki Norblina, kt\u00f3ra od 29 sierpnia wzbogaci wakacyjn\u0105 ofert\u0119 Muzeum.","twitter_image":"https:\/\/muzeumfabrykinorblina.pl\/wp-content\/uploads\/2026\/08\/MFN-FabrykaSmaku.jpg","twitter_misc":{"Napisane przez":"Agata Ilnicka","Szacowany czas czytania":"2 minuty"},"schema":{"@context":"https:\/\/schema.org","@graph":[{"@type":"Article","@id":"https:\/\/muzeumfabrykinorblina.pl\/?p=8307#article","isPartOf":{"@id":"https:\/\/muzeumfabrykinorblina.pl\/?p=8307"},"author":{"name":"Agata Ilnicka","@id":"https:\/\/muzeumfabrykinorblina.pl\/#\/schema\/person\/4f1632ef79031887e0e24c4ea9d3472e"},"headline":"Fabryka Smaku. Od Fabryki Norblina do BioBazaru","datePublished":"2026-08-07T07:00:00+00:00","mainEntityOfPage":{"@id":"https:\/\/muzeumfabrykinorblina.pl\/?p=8307"},"wordCount":348,"publisher":{"@id":"https:\/\/muzeumfabrykinorblina.pl\/#organization"},"image":{"@id":"https:\/\/muzeumfabrykinorblina.pl\/?p=8307#primaryimage"},"thumbnailUrl":"https:\/\/muzeumfabrykinorblina.pl\/wp-content\/uploads\/2026\/08\/MFN-FabrykaSmaku.jpg","articleSection":["Aktualno\u015bci"],"inLanguage":"pl-PL"},{"@type":"WebPage","@id":"https:\/\/muzeumfabrykinorblina.pl\/?p=8307","url":"https:\/\/muzeumfabrykinorblina.pl\/?p=8307","name":"Fabryka Smaku. Od Fabryki Norblina do BioBazaru | Muzeum Fabryki Norblina","isPartOf":{"@id":"https:\/\/muzeumfabrykinorblina.pl\/#website"},"primaryImageOfPage":{"@id":"https:\/\/muzeumfabrykinorblina.pl\/?p=8307#primaryimage"},"image":{"@id":"https:\/\/muzeumfabrykinorblina.pl\/?p=8307#primaryimage"},"thumbnailUrl":"https:\/\/muzeumfabrykinorblina.pl\/wp-content\/uploads\/2026\/08\/MFN-FabrykaSmaku.jpg","datePublished":"2026-08-07T07:00:00+00:00","description":"Historia przemys\u0142owej Warszawy, opowie\u015b\u0107 o dawnych targowiskach i degustacja produkt\u00f3w od lokalnych wytw\u00f3rc\u00f3w - tak wygl\u0105da nowa wycieczka Muzeum Fabryki Norblina, kt\u00f3ra od 29 sierpnia wzbogaci wakacyjn\u0105 ofert\u0119 Muzeum.","breadcrumb":{"@id":"https:\/\/muzeumfabrykinorblina.pl\/?p=8307#breadcrumb"},"inLanguage":"pl-PL","potentialAction":[{"@type":"ReadAction","target":["https:\/\/muzeumfabrykinorblina.pl\/?p=8307"]}]},{"@type":"ImageObject","inLanguage":"pl-PL","@id":"https:\/\/muzeumfabrykinorblina.pl\/?p=8307#primaryimage","url":"https:\/\/muzeumfabrykinorblina.pl\/wp-content\/uploads\/2026\/08\/MFN-FabrykaSmaku.jpg","contentUrl":"https:\/\/muzeumfabrykinorblina.pl\/wp-content\/uploads\/2026\/08\/MFN-FabrykaSmaku.jpg","width":1080,"height":1080},{"@type":"BreadcrumbList","@id":"https:\/\/muzeumfabrykinorblina.pl\/?p=8307#breadcrumb","itemListElement":[{"@type":"ListItem","position":1,"name":"Strona g\u0142\u00f3wna","item":"https:\/\/muzeumfabrykinorblina.pl\/"},{"@type":"ListItem","position":2,"name":"Fabryka Smaku. Od Fabryki Norblina do BioBazaru"}]},{"@type":"WebSite","@id":"https:\/\/muzeumfabrykinorblina.pl\/#website","url":"https:\/\/muzeumfabrykinorblina.pl\/","name":"Muzeum Fabryki Norblina","description":"Fabryka Norblina","publisher":{"@id":"https:\/\/muzeumfabrykinorblina.pl\/#organization"},"potentialAction":[{"@type":"SearchAction","target":{"@type":"EntryPoint","urlTemplate":"https:\/\/muzeumfabrykinorblina.pl\/?s={search_term_string}"},"query-input":{"@type":"PropertyValueSpecification","valueRequired":true,"valueName":"search_term_string"}}],"inLanguage":"pl-PL"},{"@type":"Organization","@id":"https:\/\/muzeumfabrykinorblina.pl\/#organization","name":"Muzeum Fabryki Norblina","url":"https:\/\/muzeumfabrykinorblina.pl\/","logo":{"@type":"ImageObject","inLanguage":"pl-PL","@id":"https:\/\/muzeumfabrykinorblina.pl\/#\/schema\/logo\/image\/","url":"https:\/\/muzeumfabrykinorblina.pl\/wp-content\/uploads\/2023\/11\/MFN_Featured-image_1200x675.jpg","contentUrl":"https:\/\/muzeumfabrykinorblina.pl\/wp-content\/uploads\/2023\/11\/MFN_Featured-image_1200x675.jpg","width":1200,"height":675,"caption":"Muzeum Fabryki Norblina"},"image":{"@id":"https:\/\/muzeumfabrykinorblina.pl\/#\/schema\/logo\/image\/"},"sameAs":["https:\/\/www.facebook.com\/MuzeumFabrykiNorblina","https:\/\/www.instagram.com\/muzeumfabrykinorblina\/"]},{"@type":"Person","@id":"https:\/\/muzeumfabrykinorblina.pl\/#\/schema\/person\/4f1632ef79031887e0e24c4ea9d3472e","name":"Agata Ilnicka","image":{"@type":"ImageObject","inLanguage":"pl-PL","@id":"https:\/\/secure.gravatar.com\/avatar\/0c850e3cc969e3bec61971337ea044add4e3b6da745c50448fbab5c86b0b85d9?s=96&d=mm&r=g","url":"https:\/\/secure.gravatar.com\/avatar\/0c850e3cc969e3bec61971337ea044add4e3b6da745c50448fbab5c86b0b85d9?s=96&d=mm&r=g","contentUrl":"https:\/\/secure.gravatar.com\/avatar\/0c850e3cc969e3bec61971337ea044add4e3b6da745c50448fbab5c86b0b85d9?s=96&d=mm&r=g","caption":"Agata Ilnicka"},"url":"https:\/\/muzeumfabrykinorblina.pl\/?author=9"}]}},"lang":"pl","translations":{"pl":8307,"en":8449},"builder_content":"","pll_sync_post":{},"_links":{"self":[{"href":"https:\/\/muzeumfabrykinorblina.pl\/index.php?rest_route=\/wp\/v2\/posts\/8307","targetHints":{"allow":["GET"]}}],"collection":[{"href":"https:\/\/muzeumfabrykinorblina.pl\/index.php?rest_route=\/wp\/v2\/posts"}],"about":[{"href":"https:\/\/muzeumfabrykinorblina.pl\/index.php?rest_route=\/wp\/v2\/types\/post"}],"author":[{"embeddable":true,"href":"https:\/\/muzeumfabrykinorblina.pl\/index.php?rest_route=\/wp\/v2\/users\/9"}],"replies":[{"embeddable":true,"href":"https:\/\/muzeumfabrykinorblina.pl\/index.php?rest_route=%2Fwp%2Fv2%2Fcomments&post=8307"}],"version-history":[{"count":2,"href":"https:\/\/muzeumfabrykinorblina.pl\/index.php?rest_route=\/wp\/v2\/posts\/8307\/revisions"}],"predecessor-version":[{"id":8310,"href":"https:\/\/muzeumfabrykinorblina.pl\/index.php?rest_route=\/wp\/v2\/posts\/8307\/revisions\/8310"}],"wp:featuredmedia":[{"embeddable":true,"href":"https:\/\/muzeumfabrykinorblina.pl\/index.php?rest_route=\/wp\/v2\/media\/8308"}],"wp:attachment":[{"href":"https:\/\/muzeumfabrykinorblina.pl\/index.php?rest_route=%2Fwp%2Fv2%2Fmedia&parent=8307"}],"wp:term":[{"taxonomy":"category","embeddable":true,"href":"https:\/\/muzeumfabrykinorblina.pl\/index.php?rest_route=%2Fwp%2Fv2%2Fcategories&post=8307"},{"taxonomy":"post_tag","embeddable":true,"href":"https:\/\/muzeumfabrykinorblina.pl\/index.php?rest_route=%2Fwp%2Fv2%2Ftags&post=8307"}],"curies":[{"name":"wp","href":"https:\/\/api.w.org\/{rel}","templated":true}]}}