{"id":8303,"date":"2026-08-04T11:05:30","date_gmt":"2026-08-04T09:05:30","guid":{"rendered":"https:\/\/muzeumfabrykinorblina.pl\/?p=8303"},"modified":"2026-08-04T11:05:33","modified_gmt":"2026-08-04T09:05:33","slug":"przed-nami-miesiac-pelen-historii","status":"publish","type":"post","link":"https:\/\/muzeumfabrykinorblina.pl\/?p=8303","title":{"rendered":"Przed nami miesi\u0105c pe\u0142en historii"},"content":{"rendered":"\n<p class=\"wp-block-paragraph\"><strong>Sierpie\u0144 w Muzeum Fabryki Norblina up\u0142ynie pod znakiem zwiedzania, spacer\u00f3w miejskich i nowych wycieczek tematycznych. W programie znalaz\u0142y si\u0119 zar\u00f3wno dobrze znane oprowadzania, jak i wakacyjne nowo\u015bci, dzi\u0119ki kt\u00f3rym histori\u0119 Warszawy b\u0119dzie mo\u017cna odkrywa\u0107 na wiele sposob\u00f3w.<\/strong><\/p>\n\n\n\n<p class=\"wp-block-paragraph\">Ostatni miesi\u0105c wakacji to doskona\u0142a okazja, by spojrze\u0107 na Warszaw\u0119 z nowej perspektywy. W sierpniowym kalendarzu Muzeum Fabryki Norblina znalaz\u0142y si\u0119 propozycje dla mi\u0142o\u015bnik\u00f3w historii przemys\u0142u, architektury, kultury kulinarnej oraz dawnych warszawskich browar\u00f3w.<\/p>\n\n\n\n<p class=\"wp-block-paragraph\">Przez ca\u0142e wakacje odbywaj\u0105 si\u0119 regularne oprowadzania <strong>\u201eFabryka Norblina w pigu\u0142ce\u201d<\/strong> &#8211; oko\u0142o godzinna podr\u00f3\u017c przez ponad 240 lat historii jednego z najwa\u017cniejszych zak\u0142ad\u00f3w przemys\u0142owych dawnej Warszawy. To doskona\u0142y spos\u00f3b, by pozna\u0107 zabytkowe budynki, historyczne maszyny i urz\u0105dzenia, oryginalne wyroby Fabryki Norblina oraz historie ludzi, kt\u00f3rzy przez dziesi\u0119ciolecia tworzyli to miejsce.<\/p>\n\n\n\n<p class=\"wp-block-paragraph\">W sierpniu nadal dost\u0119pna b\u0119dzie r\u00f3wnie\u017c nowa oferta <strong>\u201eHistoria Fabryki Norblina i Retro Warszawa na wsp\u00f3lnym bilecie\u201d<\/strong>, przygotowana we wsp\u00f3\u0142pracy z Art Box Experience. W ramach jednej wizyty uczestnicy najpierw zwiedzaj\u0105 Muzeum Fabryki Norblina, a nast\u0119pnie odwiedzaj\u0105 immersyjn\u0105 wystaw\u0119 <strong>\u201eRetro Warszawa\u201d<\/strong>, poznaj\u0105c dwa wyj\u0105tkowe oblicza historii stolicy.<\/p>\n\n\n\n<p class=\"wp-block-paragraph\">Mi\u0142o\u015bnik\u00f3w miejskich opowie\u015bci zapraszamy na sierpniowy cykl <strong>\u201eWarszawa wok\u00f3\u0142 Fabryki Norblina &#8211; podchmielona historia Warszawy\u201d<\/strong>. W programie znalaz\u0142y si\u0119 dwa autorskie spacery po\u015bwi\u0119cone przemys\u0142owej historii Woli oraz dawnym warszawskim browarom, kt\u00f3re przez lata wsp\u00f3\u0142tworzy\u0142y \u017cycie miasta.<\/p>\n\n\n\n<p class=\"wp-block-paragraph\">Pod koniec miesi\u0105ca zadebiutuje nowa wycieczka <strong>\u201eFabryka Smaku. Od Fabryki Norblina do BioBazaru\u201d<\/strong>. To propozycja dla os\u00f3b, kt\u00f3re chc\u0105 pozna\u0107 histori\u0119 Warszawy od nieco innej strony &#8211; przez pryzmat kulinarnych tradycji, dawnych targowisk i lokalnych produkt\u00f3w.<\/p>\n\n\n\n<p class=\"wp-block-paragraph\">Warto pami\u0119ta\u0107, \u017ce <strong>do ko\u0144ca wakacji dzieci i m\u0142odzie\u017c do 18. roku \u017cycia mog\u0105 bezp\u0142atnie uczestniczy\u0107 w wycieczce \u201eFabryka Norblina w pigu\u0142ce\u201d<\/strong> (pod opiek\u0105 osoby doros\u0142ej z pe\u0142nop\u0142atnym biletem). Na senior\u00f3w czekaj\u0105 natomiast bilety w specjalnej cenie.<\/p>\n\n\n\n<p class=\"wp-block-paragraph\">Szczeg\u00f3\u0142owy harmonogram wydarze\u0144 oraz bilety dost\u0119pne s\u0105 w zak\u0142adce <a href=\"https:\/\/muzeumfabrykinorblina.pl\/kup-bilety\/\"><strong>Kup Bilet<\/strong><\/a>.<\/p>\n\n\n<!-- wp:themify-builder\/canvas \/-->","protected":false},"excerpt":{"rendered":"<p>Sierpie\u0144 w Muzeum Fabryki Norblina up\u0142ynie pod znakiem zwiedzania, spacer\u00f3w miejskich i nowych wycieczek tematycznych. W programie znalaz\u0142y si\u0119 zar\u00f3wno dobrze znane oprowadzania, jak i wakacyjne nowo\u015bci, dzi\u0119ki kt\u00f3rym histori\u0119 Warszawy b\u0119dzie mo\u017cna odkrywa\u0107 na wiele sposob\u00f3w. Ostatni miesi\u0105c wakacji to doskona\u0142a okazja, by spojrze\u0107 na Warszaw\u0119 z nowej perspektywy. W sierpniowym kalendarzu Muzeum Fabryki [&hellip;]<\/p>\n","protected":false},"author":9,"featured_media":8304,"comment_status":"closed","ping_status":"closed","sticky":false,"template":"","format":"standard","meta":{"_acf_changed":false,"_monsterinsights_skip_tracking":false,"footnotes":""},"categories":[29],"tags":[],"class_list":["post-8303","post","type-post","status-publish","format-standard","has-post-thumbnail","hentry","category-aktualnosci","has-post-title","has-post-date","has-post-category","has-post-tag","has-post-comment","has-post-author",""],"acf":[],"yoast_head":"<!-- This site is optimized with the Yoast SEO plugin v28.2 - https:\/\/yoast.com\/product\/yoast-seo-wordpress\/ -->\n<title>Przed nami miesi\u0105c pe\u0142en historii | Muzeum Fabryki Norblina<\/title>\n<meta name=\"description\" content=\"Sierpie\u0144 w Muzeum Fabryki Norblina up\u0142ynie pod znakiem zwiedzania, spacer\u00f3w miejskich i nowych wycieczek tematycznych. W programie znalaz\u0142y si\u0119 zar\u00f3wno dobrze znane oprowadzania, jak i wakacyjne nowo\u015bci, dzi\u0119ki kt\u00f3rym histori\u0119 Warszawy b\u0119dzie mo\u017cna odkrywa\u0107 na wiele sposob\u00f3w.\" \/>\n<meta name=\"robots\" content=\"index, follow, max-snippet:-1, max-image-preview:large, max-video-preview:-1\" \/>\n<link rel=\"canonical\" href=\"https:\/\/muzeumfabrykinorblina.pl\/?p=8303\" \/>\n<meta property=\"og:locale\" content=\"pl_PL\" \/>\n<meta property=\"og:type\" content=\"article\" \/>\n<meta property=\"og:title\" content=\"Sierpie\u0144 w Muzeum Fabryki Norblina\" \/>\n<meta property=\"og:description\" content=\"Sierpie\u0144 w Muzeum Fabryki Norblina up\u0142ynie pod znakiem zwiedzania, spacer\u00f3w miejskich i nowych wycieczek tematycznych. W programie znalaz\u0142y si\u0119 zar\u00f3wno dobrze znane oprowadzania, jak i wakacyjne nowo\u015bci, dzi\u0119ki kt\u00f3rym histori\u0119 Warszawy b\u0119dzie mo\u017cna odkrywa\u0107 na wiele sposob\u00f3w.\" \/>\n<meta property=\"og:url\" content=\"https:\/\/muzeumfabrykinorblina.pl\/?p=8303\" \/>\n<meta property=\"og:site_name\" content=\"Muzeum Fabryki Norblina\" \/>\n<meta property=\"article:publisher\" content=\"https:\/\/www.facebook.com\/MuzeumFabrykiNorblina\" \/>\n<meta property=\"article:published_time\" content=\"2026-08-04T09:05:30+00:00\" \/>\n<meta property=\"article:modified_time\" content=\"2026-08-04T09:05:33+00:00\" \/>\n<meta property=\"og:image\" content=\"http:\/\/muzeumfabrykinorblina.pl\/wp-content\/uploads\/2026\/08\/MFN-MiesiacPelenHistorii.jpg\" \/>\n\t<meta property=\"og:image:width\" content=\"1080\" \/>\n\t<meta property=\"og:image:height\" content=\"1080\" \/>\n\t<meta property=\"og:image:type\" content=\"image\/jpeg\" \/>\n<meta name=\"author\" content=\"Agata Ilnicka\" \/>\n<meta name=\"twitter:card\" content=\"summary_large_image\" \/>\n<meta name=\"twitter:title\" content=\"Sierpie\u0144 w Muzeum Fabryki Norblina\" \/>\n<meta name=\"twitter:description\" content=\"Sierpie\u0144 w Muzeum Fabryki Norblina up\u0142ynie pod znakiem zwiedzania, spacer\u00f3w miejskich i nowych wycieczek tematycznych. W programie znalaz\u0142y si\u0119 zar\u00f3wno dobrze znane oprowadzania, jak i wakacyjne nowo\u015bci, dzi\u0119ki kt\u00f3rym histori\u0119 Warszawy b\u0119dzie mo\u017cna odkrywa\u0107 na wiele sposob\u00f3w.\" \/>\n<meta name=\"twitter:image\" content=\"https:\/\/muzeumfabrykinorblina.pl\/wp-content\/uploads\/2026\/08\/MFN-MiesiacPelenHistorii.jpg\" \/>\n<meta name=\"twitter:label1\" content=\"Napisane przez\" \/>\n\t<meta name=\"twitter:data1\" content=\"Agata Ilnicka\" \/>\n\t<meta name=\"twitter:label2\" content=\"Szacowany czas czytania\" \/>\n\t<meta name=\"twitter:data2\" content=\"2 minuty\" \/>\n<script type=\"application\/ld+json\" class=\"yoast-schema-graph\">{\"@context\":\"https:\\\/\\\/schema.org\",\"@graph\":[{\"@type\":\"Article\",\"@id\":\"https:\\\/\\\/muzeumfabrykinorblina.pl\\\/?p=8303#article\",\"isPartOf\":{\"@id\":\"https:\\\/\\\/muzeumfabrykinorblina.pl\\\/?p=8303\"},\"author\":{\"name\":\"Agata Ilnicka\",\"@id\":\"https:\\\/\\\/muzeumfabrykinorblina.pl\\\/#\\\/schema\\\/person\\\/4f1632ef79031887e0e24c4ea9d3472e\"},\"headline\":\"Przed nami miesi\u0105c pe\u0142en historii\",\"datePublished\":\"2026-08-04T09:05:30+00:00\",\"dateModified\":\"2026-08-04T09:05:33+00:00\",\"mainEntityOfPage\":{\"@id\":\"https:\\\/\\\/muzeumfabrykinorblina.pl\\\/?p=8303\"},\"wordCount\":358,\"publisher\":{\"@id\":\"https:\\\/\\\/muzeumfabrykinorblina.pl\\\/#organization\"},\"image\":{\"@id\":\"https:\\\/\\\/muzeumfabrykinorblina.pl\\\/?p=8303#primaryimage\"},\"thumbnailUrl\":\"https:\\\/\\\/muzeumfabrykinorblina.pl\\\/wp-content\\\/uploads\\\/2026\\\/08\\\/MFN-MiesiacPelenHistorii.jpg\",\"articleSection\":[\"Aktualno\u015bci\"],\"inLanguage\":\"pl-PL\"},{\"@type\":\"WebPage\",\"@id\":\"https:\\\/\\\/muzeumfabrykinorblina.pl\\\/?p=8303\",\"url\":\"https:\\\/\\\/muzeumfabrykinorblina.pl\\\/?p=8303\",\"name\":\"Przed nami miesi\u0105c pe\u0142en historii | Muzeum Fabryki Norblina\",\"isPartOf\":{\"@id\":\"https:\\\/\\\/muzeumfabrykinorblina.pl\\\/#website\"},\"primaryImageOfPage\":{\"@id\":\"https:\\\/\\\/muzeumfabrykinorblina.pl\\\/?p=8303#primaryimage\"},\"image\":{\"@id\":\"https:\\\/\\\/muzeumfabrykinorblina.pl\\\/?p=8303#primaryimage\"},\"thumbnailUrl\":\"https:\\\/\\\/muzeumfabrykinorblina.pl\\\/wp-content\\\/uploads\\\/2026\\\/08\\\/MFN-MiesiacPelenHistorii.jpg\",\"datePublished\":\"2026-08-04T09:05:30+00:00\",\"dateModified\":\"2026-08-04T09:05:33+00:00\",\"description\":\"Sierpie\u0144 w Muzeum Fabryki Norblina up\u0142ynie pod znakiem zwiedzania, spacer\u00f3w miejskich i nowych wycieczek tematycznych. W programie znalaz\u0142y si\u0119 zar\u00f3wno dobrze znane oprowadzania, jak i wakacyjne nowo\u015bci, dzi\u0119ki kt\u00f3rym histori\u0119 Warszawy b\u0119dzie mo\u017cna odkrywa\u0107 na wiele sposob\u00f3w.\",\"breadcrumb\":{\"@id\":\"https:\\\/\\\/muzeumfabrykinorblina.pl\\\/?p=8303#breadcrumb\"},\"inLanguage\":\"pl-PL\",\"potentialAction\":[{\"@type\":\"ReadAction\",\"target\":[\"https:\\\/\\\/muzeumfabrykinorblina.pl\\\/?p=8303\"]}]},{\"@type\":\"ImageObject\",\"inLanguage\":\"pl-PL\",\"@id\":\"https:\\\/\\\/muzeumfabrykinorblina.pl\\\/?p=8303#primaryimage\",\"url\":\"https:\\\/\\\/muzeumfabrykinorblina.pl\\\/wp-content\\\/uploads\\\/2026\\\/08\\\/MFN-MiesiacPelenHistorii.jpg\",\"contentUrl\":\"https:\\\/\\\/muzeumfabrykinorblina.pl\\\/wp-content\\\/uploads\\\/2026\\\/08\\\/MFN-MiesiacPelenHistorii.jpg\",\"width\":1080,\"height\":1080},{\"@type\":\"BreadcrumbList\",\"@id\":\"https:\\\/\\\/muzeumfabrykinorblina.pl\\\/?p=8303#breadcrumb\",\"itemListElement\":[{\"@type\":\"ListItem\",\"position\":1,\"name\":\"Strona g\u0142\u00f3wna\",\"item\":\"https:\\\/\\\/muzeumfabrykinorblina.pl\\\/\"},{\"@type\":\"ListItem\",\"position\":2,\"name\":\"Przed nami miesi\u0105c pe\u0142en historii\"}]},{\"@type\":\"WebSite\",\"@id\":\"https:\\\/\\\/muzeumfabrykinorblina.pl\\\/#website\",\"url\":\"https:\\\/\\\/muzeumfabrykinorblina.pl\\\/\",\"name\":\"Muzeum Fabryki Norblina\",\"description\":\"Fabryka Norblina\",\"publisher\":{\"@id\":\"https:\\\/\\\/muzeumfabrykinorblina.pl\\\/#organization\"},\"potentialAction\":[{\"@type\":\"SearchAction\",\"target\":{\"@type\":\"EntryPoint\",\"urlTemplate\":\"https:\\\/\\\/muzeumfabrykinorblina.pl\\\/?s={search_term_string}\"},\"query-input\":{\"@type\":\"PropertyValueSpecification\",\"valueRequired\":true,\"valueName\":\"search_term_string\"}}],\"inLanguage\":\"pl-PL\"},{\"@type\":\"Organization\",\"@id\":\"https:\\\/\\\/muzeumfabrykinorblina.pl\\\/#organization\",\"name\":\"Muzeum Fabryki Norblina\",\"url\":\"https:\\\/\\\/muzeumfabrykinorblina.pl\\\/\",\"logo\":{\"@type\":\"ImageObject\",\"inLanguage\":\"pl-PL\",\"@id\":\"https:\\\/\\\/muzeumfabrykinorblina.pl\\\/#\\\/schema\\\/logo\\\/image\\\/\",\"url\":\"https:\\\/\\\/muzeumfabrykinorblina.pl\\\/wp-content\\\/uploads\\\/2023\\\/11\\\/MFN_Featured-image_1200x675.jpg\",\"contentUrl\":\"https:\\\/\\\/muzeumfabrykinorblina.pl\\\/wp-content\\\/uploads\\\/2023\\\/11\\\/MFN_Featured-image_1200x675.jpg\",\"width\":1200,\"height\":675,\"caption\":\"Muzeum Fabryki Norblina\"},\"image\":{\"@id\":\"https:\\\/\\\/muzeumfabrykinorblina.pl\\\/#\\\/schema\\\/logo\\\/image\\\/\"},\"sameAs\":[\"https:\\\/\\\/www.facebook.com\\\/MuzeumFabrykiNorblina\",\"https:\\\/\\\/www.instagram.com\\\/muzeumfabrykinorblina\\\/\"]},{\"@type\":\"Person\",\"@id\":\"https:\\\/\\\/muzeumfabrykinorblina.pl\\\/#\\\/schema\\\/person\\\/4f1632ef79031887e0e24c4ea9d3472e\",\"name\":\"Agata Ilnicka\",\"image\":{\"@type\":\"ImageObject\",\"inLanguage\":\"pl-PL\",\"@id\":\"https:\\\/\\\/secure.gravatar.com\\\/avatar\\\/0c850e3cc969e3bec61971337ea044add4e3b6da745c50448fbab5c86b0b85d9?s=96&d=mm&r=g\",\"url\":\"https:\\\/\\\/secure.gravatar.com\\\/avatar\\\/0c850e3cc969e3bec61971337ea044add4e3b6da745c50448fbab5c86b0b85d9?s=96&d=mm&r=g\",\"contentUrl\":\"https:\\\/\\\/secure.gravatar.com\\\/avatar\\\/0c850e3cc969e3bec61971337ea044add4e3b6da745c50448fbab5c86b0b85d9?s=96&d=mm&r=g\",\"caption\":\"Agata Ilnicka\"},\"url\":\"https:\\\/\\\/muzeumfabrykinorblina.pl\\\/?author=9\"}]}<\/script>\n<!-- \/ Yoast SEO plugin. -->","yoast_head_json":{"title":"Przed nami miesi\u0105c pe\u0142en historii | Muzeum Fabryki Norblina","description":"Sierpie\u0144 w Muzeum Fabryki Norblina up\u0142ynie pod znakiem zwiedzania, spacer\u00f3w miejskich i nowych wycieczek tematycznych. W programie znalaz\u0142y si\u0119 zar\u00f3wno dobrze znane oprowadzania, jak i wakacyjne nowo\u015bci, dzi\u0119ki kt\u00f3rym histori\u0119 Warszawy b\u0119dzie mo\u017cna odkrywa\u0107 na wiele sposob\u00f3w.","robots":{"index":"index","follow":"follow","max-snippet":"max-snippet:-1","max-image-preview":"max-image-preview:large","max-video-preview":"max-video-preview:-1"},"canonical":"https:\/\/muzeumfabrykinorblina.pl\/?p=8303","og_locale":"pl_PL","og_type":"article","og_title":"Sierpie\u0144 w Muzeum Fabryki Norblina","og_description":"Sierpie\u0144 w Muzeum Fabryki Norblina up\u0142ynie pod znakiem zwiedzania, spacer\u00f3w miejskich i nowych wycieczek tematycznych. W programie znalaz\u0142y si\u0119 zar\u00f3wno dobrze znane oprowadzania, jak i wakacyjne nowo\u015bci, dzi\u0119ki kt\u00f3rym histori\u0119 Warszawy b\u0119dzie mo\u017cna odkrywa\u0107 na wiele sposob\u00f3w.","og_url":"https:\/\/muzeumfabrykinorblina.pl\/?p=8303","og_site_name":"Muzeum Fabryki Norblina","article_publisher":"https:\/\/www.facebook.com\/MuzeumFabrykiNorblina","article_published_time":"2026-08-04T09:05:30+00:00","article_modified_time":"2026-08-04T09:05:33+00:00","og_image":[{"width":1080,"height":1080,"url":"http:\/\/muzeumfabrykinorblina.pl\/wp-content\/uploads\/2026\/08\/MFN-MiesiacPelenHistorii.jpg","type":"image\/jpeg"}],"author":"Agata Ilnicka","twitter_card":"summary_large_image","twitter_title":"Sierpie\u0144 w Muzeum Fabryki Norblina","twitter_description":"Sierpie\u0144 w Muzeum Fabryki Norblina up\u0142ynie pod znakiem zwiedzania, spacer\u00f3w miejskich i nowych wycieczek tematycznych. W programie znalaz\u0142y si\u0119 zar\u00f3wno dobrze znane oprowadzania, jak i wakacyjne nowo\u015bci, dzi\u0119ki kt\u00f3rym histori\u0119 Warszawy b\u0119dzie mo\u017cna odkrywa\u0107 na wiele sposob\u00f3w.","twitter_image":"https:\/\/muzeumfabrykinorblina.pl\/wp-content\/uploads\/2026\/08\/MFN-MiesiacPelenHistorii.jpg","twitter_misc":{"Napisane przez":"Agata Ilnicka","Szacowany czas czytania":"2 minuty"},"schema":{"@context":"https:\/\/schema.org","@graph":[{"@type":"Article","@id":"https:\/\/muzeumfabrykinorblina.pl\/?p=8303#article","isPartOf":{"@id":"https:\/\/muzeumfabrykinorblina.pl\/?p=8303"},"author":{"name":"Agata Ilnicka","@id":"https:\/\/muzeumfabrykinorblina.pl\/#\/schema\/person\/4f1632ef79031887e0e24c4ea9d3472e"},"headline":"Przed nami miesi\u0105c pe\u0142en historii","datePublished":"2026-08-04T09:05:30+00:00","dateModified":"2026-08-04T09:05:33+00:00","mainEntityOfPage":{"@id":"https:\/\/muzeumfabrykinorblina.pl\/?p=8303"},"wordCount":358,"publisher":{"@id":"https:\/\/muzeumfabrykinorblina.pl\/#organization"},"image":{"@id":"https:\/\/muzeumfabrykinorblina.pl\/?p=8303#primaryimage"},"thumbnailUrl":"https:\/\/muzeumfabrykinorblina.pl\/wp-content\/uploads\/2026\/08\/MFN-MiesiacPelenHistorii.jpg","articleSection":["Aktualno\u015bci"],"inLanguage":"pl-PL"},{"@type":"WebPage","@id":"https:\/\/muzeumfabrykinorblina.pl\/?p=8303","url":"https:\/\/muzeumfabrykinorblina.pl\/?p=8303","name":"Przed nami miesi\u0105c pe\u0142en historii | Muzeum Fabryki Norblina","isPartOf":{"@id":"https:\/\/muzeumfabrykinorblina.pl\/#website"},"primaryImageOfPage":{"@id":"https:\/\/muzeumfabrykinorblina.pl\/?p=8303#primaryimage"},"image":{"@id":"https:\/\/muzeumfabrykinorblina.pl\/?p=8303#primaryimage"},"thumbnailUrl":"https:\/\/muzeumfabrykinorblina.pl\/wp-content\/uploads\/2026\/08\/MFN-MiesiacPelenHistorii.jpg","datePublished":"2026-08-04T09:05:30+00:00","dateModified":"2026-08-04T09:05:33+00:00","description":"Sierpie\u0144 w Muzeum Fabryki Norblina up\u0142ynie pod znakiem zwiedzania, spacer\u00f3w miejskich i nowych wycieczek tematycznych. W programie znalaz\u0142y si\u0119 zar\u00f3wno dobrze znane oprowadzania, jak i wakacyjne nowo\u015bci, dzi\u0119ki kt\u00f3rym histori\u0119 Warszawy b\u0119dzie mo\u017cna odkrywa\u0107 na wiele sposob\u00f3w.","breadcrumb":{"@id":"https:\/\/muzeumfabrykinorblina.pl\/?p=8303#breadcrumb"},"inLanguage":"pl-PL","potentialAction":[{"@type":"ReadAction","target":["https:\/\/muzeumfabrykinorblina.pl\/?p=8303"]}]},{"@type":"ImageObject","inLanguage":"pl-PL","@id":"https:\/\/muzeumfabrykinorblina.pl\/?p=8303#primaryimage","url":"https:\/\/muzeumfabrykinorblina.pl\/wp-content\/uploads\/2026\/08\/MFN-MiesiacPelenHistorii.jpg","contentUrl":"https:\/\/muzeumfabrykinorblina.pl\/wp-content\/uploads\/2026\/08\/MFN-MiesiacPelenHistorii.jpg","width":1080,"height":1080},{"@type":"BreadcrumbList","@id":"https:\/\/muzeumfabrykinorblina.pl\/?p=8303#breadcrumb","itemListElement":[{"@type":"ListItem","position":1,"name":"Strona g\u0142\u00f3wna","item":"https:\/\/muzeumfabrykinorblina.pl\/"},{"@type":"ListItem","position":2,"name":"Przed nami miesi\u0105c pe\u0142en historii"}]},{"@type":"WebSite","@id":"https:\/\/muzeumfabrykinorblina.pl\/#website","url":"https:\/\/muzeumfabrykinorblina.pl\/","name":"Muzeum Fabryki Norblina","description":"Fabryka Norblina","publisher":{"@id":"https:\/\/muzeumfabrykinorblina.pl\/#organization"},"potentialAction":[{"@type":"SearchAction","target":{"@type":"EntryPoint","urlTemplate":"https:\/\/muzeumfabrykinorblina.pl\/?s={search_term_string}"},"query-input":{"@type":"PropertyValueSpecification","valueRequired":true,"valueName":"search_term_string"}}],"inLanguage":"pl-PL"},{"@type":"Organization","@id":"https:\/\/muzeumfabrykinorblina.pl\/#organization","name":"Muzeum Fabryki Norblina","url":"https:\/\/muzeumfabrykinorblina.pl\/","logo":{"@type":"ImageObject","inLanguage":"pl-PL","@id":"https:\/\/muzeumfabrykinorblina.pl\/#\/schema\/logo\/image\/","url":"https:\/\/muzeumfabrykinorblina.pl\/wp-content\/uploads\/2023\/11\/MFN_Featured-image_1200x675.jpg","contentUrl":"https:\/\/muzeumfabrykinorblina.pl\/wp-content\/uploads\/2023\/11\/MFN_Featured-image_1200x675.jpg","width":1200,"height":675,"caption":"Muzeum Fabryki Norblina"},"image":{"@id":"https:\/\/muzeumfabrykinorblina.pl\/#\/schema\/logo\/image\/"},"sameAs":["https:\/\/www.facebook.com\/MuzeumFabrykiNorblina","https:\/\/www.instagram.com\/muzeumfabrykinorblina\/"]},{"@type":"Person","@id":"https:\/\/muzeumfabrykinorblina.pl\/#\/schema\/person\/4f1632ef79031887e0e24c4ea9d3472e","name":"Agata Ilnicka","image":{"@type":"ImageObject","inLanguage":"pl-PL","@id":"https:\/\/secure.gravatar.com\/avatar\/0c850e3cc969e3bec61971337ea044add4e3b6da745c50448fbab5c86b0b85d9?s=96&d=mm&r=g","url":"https:\/\/secure.gravatar.com\/avatar\/0c850e3cc969e3bec61971337ea044add4e3b6da745c50448fbab5c86b0b85d9?s=96&d=mm&r=g","contentUrl":"https:\/\/secure.gravatar.com\/avatar\/0c850e3cc969e3bec61971337ea044add4e3b6da745c50448fbab5c86b0b85d9?s=96&d=mm&r=g","caption":"Agata Ilnicka"},"url":"https:\/\/muzeumfabrykinorblina.pl\/?author=9"}]}},"lang":"pl","translations":{"pl":8303},"builder_content":"","pll_sync_post":{},"_links":{"self":[{"href":"https:\/\/muzeumfabrykinorblina.pl\/index.php?rest_route=\/wp\/v2\/posts\/8303","targetHints":{"allow":["GET"]}}],"collection":[{"href":"https:\/\/muzeumfabrykinorblina.pl\/index.php?rest_route=\/wp\/v2\/posts"}],"about":[{"href":"https:\/\/muzeumfabrykinorblina.pl\/index.php?rest_route=\/wp\/v2\/types\/post"}],"author":[{"embeddable":true,"href":"https:\/\/muzeumfabrykinorblina.pl\/index.php?rest_route=\/wp\/v2\/users\/9"}],"replies":[{"embeddable":true,"href":"https:\/\/muzeumfabrykinorblina.pl\/index.php?rest_route=%2Fwp%2Fv2%2Fcomments&post=8303"}],"version-history":[{"count":2,"href":"https:\/\/muzeumfabrykinorblina.pl\/index.php?rest_route=\/wp\/v2\/posts\/8303\/revisions"}],"predecessor-version":[{"id":8306,"href":"https:\/\/muzeumfabrykinorblina.pl\/index.php?rest_route=\/wp\/v2\/posts\/8303\/revisions\/8306"}],"wp:featuredmedia":[{"embeddable":true,"href":"https:\/\/muzeumfabrykinorblina.pl\/index.php?rest_route=\/wp\/v2\/media\/8304"}],"wp:attachment":[{"href":"https:\/\/muzeumfabrykinorblina.pl\/index.php?rest_route=%2Fwp%2Fv2%2Fmedia&parent=8303"}],"wp:term":[{"taxonomy":"category","embeddable":true,"href":"https:\/\/muzeumfabrykinorblina.pl\/index.php?rest_route=%2Fwp%2Fv2%2Fcategories&post=8303"},{"taxonomy":"post_tag","embeddable":true,"href":"https:\/\/muzeumfabrykinorblina.pl\/index.php?rest_route=%2Fwp%2Fv2%2Ftags&post=8303"}],"curies":[{"name":"wp","href":"https:\/\/api.w.org\/{rel}","templated":true}]}}