{"id":8230,"date":"2026-07-24T09:00:00","date_gmt":"2026-07-24T07:00:00","guid":{"rendered":"https:\/\/muzeumfabrykinorblina.pl\/?p=8230"},"modified":"2026-07-24T13:06:36","modified_gmt":"2026-07-24T11:06:36","slug":"lato-z-historia-wakacyjne-wycieczki-i-wydarzenia-muzeum-fabryki-norblina","status":"publish","type":"post","link":"https:\/\/muzeumfabrykinorblina.pl\/?p=8230","title":{"rendered":"Lato z histori\u0105. Wakacyjne wycieczki i wydarzenia Muzeum Fabryki Norblina"},"content":{"rendered":"\n<p class=\"wp-block-paragraph\">Regularne oprowadzania, spacery miejskie, spotkania autorskie, kulinarne wycieczki i wyj\u0105tkowe wydarzenia &#8211; sprawd\u017a wakacyjny program Muzeum Fabryki Norblina i wybierz propozycj\u0119 dla siebie. Tego lata Muzeum Fabryki Norblina zaprasza do odkrywania Warszawy z zupe\u0142nie nowej perspektywy. Przygotowali\u015bmy ofert\u0119 dla wszystkich, kt\u00f3rzy chc\u0105 pozna\u0107 histori\u0119 miasta, jego przemys\u0142owe dziedzictwo, kulinarne tradycje oraz miejsca, kt\u00f3re przez ponad dwa stulecia wsp\u00f3\u0142tworzy\u0142y stolic\u0119.<\/p>\n\n\n\n<h3 class=\"wp-block-heading\">Fabryka Norblina w pigu\u0142ce<\/h3>\n\n\n\n<p class=\"wp-block-paragraph\">Przez ca\u0142e wakacje zapraszamy na regularne oprowadzania po Muzeum Fabryki Norblina. To oko\u0142o godzinna podr\u00f3\u017c przez ponad 240 lat historii jednego z najwa\u017cniejszych zak\u0142ad\u00f3w przemys\u0142owych dawnej Warszawy. Podczas zwiedzania z przewodnikiem uczestnicy poznaj\u0105 zabytkowe budynki, historyczne maszyny, oryginalne wyroby Fabryki Norblina oraz historie ludzi, kt\u00f3rzy przez dziesi\u0119ciolecia tworzyli to wyj\u0105tkowe miejsce.<\/p>\n\n\n\n<p class=\"wp-block-paragraph\">Oprowadzania odbywaj\u0105 si\u0119:<\/p>\n\n\n\n<ul class=\"wp-block-list\">\n<li>w soboty \u2013 w j\u0119zyku polskim,<\/li>\n\n\n\n<li>w niedziele \u2013 w j\u0119zyku angielskim.<\/li>\n<\/ul>\n\n\n\n<h3 class=\"wp-block-heading\">Dwie historie Warszawy. Jeden bilet.<\/h3>\n\n\n\n<p class=\"wp-block-paragraph\">Od 18 lipca dost\u0119pny jest r\u00f3wnie\u017c bilet \u0142\u0105czony do Muzeum Fabryki Norblina oraz na immersyjn\u0105 wystaw\u0119 \u201eRetro Warszawa\u201d w Art Box Experience.<\/p>\n\n\n\n<p class=\"wp-block-paragraph\">Najpierw uczestnicy zwiedzaj\u0105 Muzeum podczas oprowadzania \u201eFabryka Norblina w pigu\u0142ce\u201d, a nast\u0119pnie przenosz\u0105 si\u0119 do przedwojennej Warszawy dzi\u0119ki nowoczesnym technologiom, archiwalnym fotografiom i multimedialnej narracji przygotowanej przez Art Box Experience.<\/p>\n\n\n\n<p class=\"wp-block-paragraph\">Oferta obowi\u0105zuje od 18 lipca do 30 sierpnia 2026 roku \u2013 w soboty w j\u0119zyku polskim i w niedziele w j\u0119zyku angielskim.<\/p>\n\n\n\n<h3 class=\"wp-block-heading\">Warszawa wok\u00f3\u0142 Fabryki Norblina \u2013 podchmielona historia Warszawy<\/h3>\n\n\n\n<p class=\"wp-block-paragraph\">5 sierpnia wakacyjny cykl wydarze\u0144 rozpocznie bezp\u0142atny wyk\u0142ad Piotra Wierzbickiego w lokalu Uwaga Piwo, po\u015bwi\u0119cony historii warszawskich browar\u00f3w, restauracji i miejsc spotka\u0144, kt\u00f3re przez dziesi\u0119ciolecia wsp\u00f3\u0142tworzy\u0142y \u017cycie stolicy.<\/p>\n\n\n\n<p class=\"wp-block-paragraph\">Po wyk\u0142adzie odb\u0119d\u0105 si\u0119 dwa autorskie spacery miejskie:<\/p>\n\n\n\n<ul class=\"wp-block-list\">\n<li>\u201eWok\u00f3\u0142 Fabryki Norblina\u201d \u2013 po\u015bwi\u0119cony przemys\u0142owej historii warszawskiej Woli,<\/li>\n\n\n\n<li>\u201eTropem browar\u00f3w dawnej Warszawy\u201d \u2013 prowadz\u0105cy \u015bladami historycznych browar\u00f3w i ludzi, kt\u00f3rzy tworzyli piwn\u0105 map\u0119 miasta.<\/li>\n<\/ul>\n\n\n\n<p class=\"wp-block-paragraph\">Oba spacery ko\u0144cz\u0105 si\u0119 w Fabryce Norblina, w lokalu Uwaga Piwo, gdzie na uczestnik\u00f3w czeka degustacja piwa wliczona w cen\u0119 biletu (dla os\u00f3b pe\u0142noletnich).<\/p>\n\n\n\n<h3 class=\"wp-block-heading\">Fabryka Smaku. Od Fabryki Norblina do BioBazaru<\/h3>\n\n\n\n<p class=\"wp-block-paragraph\">Od 29 sierpnia zapraszamy r\u00f3wnie\u017c na now\u0105 wycieczk\u0119 \u201eFabryka Smaku. Od Fabryki Norblina do BioBazaru\u201d.<\/p>\n\n\n\n<p class=\"wp-block-paragraph\">To spacer \u0142\u0105cz\u0105cy histori\u0119 przemys\u0142owej Warszawy z opowie\u015bci\u0105 o kulinarnych tradycjach miasta. Zwiedzanie rozpoczyna si\u0119 w Muzeum Fabryki Norblina, nast\u0119pnie uczestnicy poznaj\u0105 histori\u0119 dawnych warszawskich targowisk, by zako\u0144czy\u0107 wizyt\u0119 degustacj\u0105 produkt\u00f3w od lokalnych producent\u00f3w na BioBazarze.<\/p>\n\n\n\n<p class=\"wp-block-paragraph\">Spacer prowadzi Anna Bloch, licencjonowana przewodniczka po Warszawie i tw\u00f3rczyni Warsaw Food Stories.<\/p>\n\n\n\n<p class=\"wp-block-paragraph\">Szczeg\u00f3\u0142owe informacje oraz zapisy na wydarzenia dost\u0119pne s\u0105 na stronie: <a href=\"https:\/\/muzeumfabrykinorblina.pl\/kup-bilety\/\"><strong>https:\/\/muzeumfabrykinorblina.pl\/kup-bilety\/<\/strong><\/a><\/p>\n\n\n\n<p class=\"wp-block-paragraph\">Zapraszamy!<\/p>\n\n\n<!-- wp:themify-builder\/canvas \/-->","protected":false},"excerpt":{"rendered":"<p>Regularne oprowadzania, spacery miejskie, spotkania autorskie, kulinarne wycieczki i wyj\u0105tkowe wydarzenia &#8211; sprawd\u017a wakacyjny program Muzeum Fabryki Norblina i wybierz propozycj\u0119 dla siebie. Tego lata Muzeum Fabryki Norblina zaprasza do odkrywania Warszawy z zupe\u0142nie nowej perspektywy. Przygotowali\u015bmy ofert\u0119 dla wszystkich, kt\u00f3rzy chc\u0105 pozna\u0107 histori\u0119 miasta, jego przemys\u0142owe dziedzictwo, kulinarne tradycje oraz miejsca, kt\u00f3re przez ponad [&hellip;]<\/p>\n","protected":false},"author":9,"featured_media":8231,"comment_status":"closed","ping_status":"closed","sticky":false,"template":"","format":"standard","meta":{"_acf_changed":false,"_monsterinsights_skip_tracking":false,"footnotes":""},"categories":[29],"tags":[],"class_list":["post-8230","post","type-post","status-publish","format-standard","has-post-thumbnail","hentry","category-aktualnosci","has-post-title","has-post-date","has-post-category","has-post-tag","has-post-comment","has-post-author",""],"acf":[],"yoast_head":"<!-- This site is optimized with the Yoast SEO plugin v28.2 - https:\/\/yoast.com\/product\/yoast-seo-wordpress\/ -->\n<title>Lato z histori\u0105. Wakacyjne wycieczki i wydarzenia Muzeum Fabryki Norblina | Muzeum Fabryki Norblina<\/title>\n<meta name=\"description\" content=\"Regularne oprowadzania, spacery miejskie, spotkania autorskie, kulinarne wycieczki i wyj\u0105tkowe wydarzenia - sprawd\u017a wakacyjny program Muzeum Fabryki Norblina i wybierz propozycj\u0119 dla siebie.\" \/>\n<meta name=\"robots\" content=\"index, follow, max-snippet:-1, max-image-preview:large, max-video-preview:-1\" \/>\n<link rel=\"canonical\" href=\"https:\/\/muzeumfabrykinorblina.pl\/?p=8230\" \/>\n<meta property=\"og:locale\" content=\"pl_PL\" \/>\n<meta property=\"og:type\" content=\"article\" \/>\n<meta property=\"og:title\" content=\"Lato z histori\u0105 - Wakacyjne wycieczki i wydarzenia Muzeum Fabryki Norblina\" \/>\n<meta property=\"og:description\" content=\"Regularne oprowadzania, spacery miejskie, spotkania autorskie, kulinarne wycieczki i wyj\u0105tkowe wydarzenia - sprawd\u017a wakacyjny program Muzeum Fabryki Norblina i wybierz propozycj\u0119 dla siebie.\" \/>\n<meta property=\"og:url\" content=\"https:\/\/muzeumfabrykinorblina.pl\/?p=8230\" \/>\n<meta property=\"og:site_name\" content=\"Muzeum Fabryki Norblina\" \/>\n<meta property=\"article:publisher\" content=\"https:\/\/www.facebook.com\/MuzeumFabrykiNorblina\" \/>\n<meta property=\"article:published_time\" content=\"2026-07-24T07:00:00+00:00\" \/>\n<meta property=\"article:modified_time\" content=\"2026-07-24T11:06:36+00:00\" \/>\n<meta property=\"og:image\" content=\"http:\/\/muzeumfabrykinorblina.pl\/wp-content\/uploads\/2026\/07\/MFN-LetnieWycieczki.jpg\" \/>\n\t<meta property=\"og:image:width\" content=\"1080\" \/>\n\t<meta property=\"og:image:height\" content=\"1080\" \/>\n\t<meta property=\"og:image:type\" content=\"image\/jpeg\" \/>\n<meta name=\"author\" content=\"Agata Ilnicka\" \/>\n<meta name=\"twitter:card\" content=\"summary_large_image\" \/>\n<meta name=\"twitter:title\" content=\"Lato z histori\u0105 - Wakacyjne wycieczki i wydarzenia Muzeum Fabryki Norblina\" \/>\n<meta name=\"twitter:description\" content=\"Regularne oprowadzania, spacery miejskie, spotkania autorskie, kulinarne wycieczki i wyj\u0105tkowe wydarzenia - sprawd\u017a wakacyjny program Muzeum Fabryki Norblina i wybierz propozycj\u0119 dla siebie.\" \/>\n<meta name=\"twitter:image\" content=\"https:\/\/muzeumfabrykinorblina.pl\/wp-content\/uploads\/2026\/07\/MFN-LetnieWycieczki.jpg\" \/>\n<meta name=\"twitter:label1\" content=\"Napisane przez\" \/>\n\t<meta name=\"twitter:data1\" content=\"Agata Ilnicka\" \/>\n\t<meta name=\"twitter:label2\" content=\"Szacowany czas czytania\" \/>\n\t<meta name=\"twitter:data2\" content=\"3 minuty\" \/>\n<script type=\"application\/ld+json\" class=\"yoast-schema-graph\">{\"@context\":\"https:\\\/\\\/schema.org\",\"@graph\":[{\"@type\":\"Article\",\"@id\":\"https:\\\/\\\/muzeumfabrykinorblina.pl\\\/?p=8230#article\",\"isPartOf\":{\"@id\":\"https:\\\/\\\/muzeumfabrykinorblina.pl\\\/?p=8230\"},\"author\":{\"name\":\"Agata Ilnicka\",\"@id\":\"https:\\\/\\\/muzeumfabrykinorblina.pl\\\/#\\\/schema\\\/person\\\/4f1632ef79031887e0e24c4ea9d3472e\"},\"headline\":\"Lato z histori\u0105. Wakacyjne wycieczki i wydarzenia Muzeum Fabryki Norblina\",\"datePublished\":\"2026-07-24T07:00:00+00:00\",\"dateModified\":\"2026-07-24T11:06:36+00:00\",\"mainEntityOfPage\":{\"@id\":\"https:\\\/\\\/muzeumfabrykinorblina.pl\\\/?p=8230\"},\"wordCount\":445,\"publisher\":{\"@id\":\"https:\\\/\\\/muzeumfabrykinorblina.pl\\\/#organization\"},\"image\":{\"@id\":\"https:\\\/\\\/muzeumfabrykinorblina.pl\\\/?p=8230#primaryimage\"},\"thumbnailUrl\":\"https:\\\/\\\/muzeumfabrykinorblina.pl\\\/wp-content\\\/uploads\\\/2026\\\/07\\\/MFN-LetnieWycieczki.jpg\",\"articleSection\":[\"Aktualno\u015bci\"],\"inLanguage\":\"pl-PL\"},{\"@type\":\"WebPage\",\"@id\":\"https:\\\/\\\/muzeumfabrykinorblina.pl\\\/?p=8230\",\"url\":\"https:\\\/\\\/muzeumfabrykinorblina.pl\\\/?p=8230\",\"name\":\"Lato z histori\u0105. Wakacyjne wycieczki i wydarzenia Muzeum Fabryki Norblina | Muzeum Fabryki Norblina\",\"isPartOf\":{\"@id\":\"https:\\\/\\\/muzeumfabrykinorblina.pl\\\/#website\"},\"primaryImageOfPage\":{\"@id\":\"https:\\\/\\\/muzeumfabrykinorblina.pl\\\/?p=8230#primaryimage\"},\"image\":{\"@id\":\"https:\\\/\\\/muzeumfabrykinorblina.pl\\\/?p=8230#primaryimage\"},\"thumbnailUrl\":\"https:\\\/\\\/muzeumfabrykinorblina.pl\\\/wp-content\\\/uploads\\\/2026\\\/07\\\/MFN-LetnieWycieczki.jpg\",\"datePublished\":\"2026-07-24T07:00:00+00:00\",\"dateModified\":\"2026-07-24T11:06:36+00:00\",\"description\":\"Regularne oprowadzania, spacery miejskie, spotkania autorskie, kulinarne wycieczki i wyj\u0105tkowe wydarzenia - sprawd\u017a wakacyjny program Muzeum Fabryki Norblina i wybierz propozycj\u0119 dla siebie.\",\"breadcrumb\":{\"@id\":\"https:\\\/\\\/muzeumfabrykinorblina.pl\\\/?p=8230#breadcrumb\"},\"inLanguage\":\"pl-PL\",\"potentialAction\":[{\"@type\":\"ReadAction\",\"target\":[\"https:\\\/\\\/muzeumfabrykinorblina.pl\\\/?p=8230\"]}]},{\"@type\":\"ImageObject\",\"inLanguage\":\"pl-PL\",\"@id\":\"https:\\\/\\\/muzeumfabrykinorblina.pl\\\/?p=8230#primaryimage\",\"url\":\"https:\\\/\\\/muzeumfabrykinorblina.pl\\\/wp-content\\\/uploads\\\/2026\\\/07\\\/MFN-LetnieWycieczki.jpg\",\"contentUrl\":\"https:\\\/\\\/muzeumfabrykinorblina.pl\\\/wp-content\\\/uploads\\\/2026\\\/07\\\/MFN-LetnieWycieczki.jpg\",\"width\":1080,\"height\":1080},{\"@type\":\"BreadcrumbList\",\"@id\":\"https:\\\/\\\/muzeumfabrykinorblina.pl\\\/?p=8230#breadcrumb\",\"itemListElement\":[{\"@type\":\"ListItem\",\"position\":1,\"name\":\"Strona g\u0142\u00f3wna\",\"item\":\"https:\\\/\\\/muzeumfabrykinorblina.pl\\\/\"},{\"@type\":\"ListItem\",\"position\":2,\"name\":\"Lato z histori\u0105. Wakacyjne wycieczki i wydarzenia Muzeum Fabryki Norblina\"}]},{\"@type\":\"WebSite\",\"@id\":\"https:\\\/\\\/muzeumfabrykinorblina.pl\\\/#website\",\"url\":\"https:\\\/\\\/muzeumfabrykinorblina.pl\\\/\",\"name\":\"Muzeum Fabryki Norblina\",\"description\":\"Fabryka Norblina\",\"publisher\":{\"@id\":\"https:\\\/\\\/muzeumfabrykinorblina.pl\\\/#organization\"},\"potentialAction\":[{\"@type\":\"SearchAction\",\"target\":{\"@type\":\"EntryPoint\",\"urlTemplate\":\"https:\\\/\\\/muzeumfabrykinorblina.pl\\\/?s={search_term_string}\"},\"query-input\":{\"@type\":\"PropertyValueSpecification\",\"valueRequired\":true,\"valueName\":\"search_term_string\"}}],\"inLanguage\":\"pl-PL\"},{\"@type\":\"Organization\",\"@id\":\"https:\\\/\\\/muzeumfabrykinorblina.pl\\\/#organization\",\"name\":\"Muzeum Fabryki Norblina\",\"url\":\"https:\\\/\\\/muzeumfabrykinorblina.pl\\\/\",\"logo\":{\"@type\":\"ImageObject\",\"inLanguage\":\"pl-PL\",\"@id\":\"https:\\\/\\\/muzeumfabrykinorblina.pl\\\/#\\\/schema\\\/logo\\\/image\\\/\",\"url\":\"https:\\\/\\\/muzeumfabrykinorblina.pl\\\/wp-content\\\/uploads\\\/2023\\\/11\\\/MFN_Featured-image_1200x675.jpg\",\"contentUrl\":\"https:\\\/\\\/muzeumfabrykinorblina.pl\\\/wp-content\\\/uploads\\\/2023\\\/11\\\/MFN_Featured-image_1200x675.jpg\",\"width\":1200,\"height\":675,\"caption\":\"Muzeum Fabryki Norblina\"},\"image\":{\"@id\":\"https:\\\/\\\/muzeumfabrykinorblina.pl\\\/#\\\/schema\\\/logo\\\/image\\\/\"},\"sameAs\":[\"https:\\\/\\\/www.facebook.com\\\/MuzeumFabrykiNorblina\",\"https:\\\/\\\/www.instagram.com\\\/muzeumfabrykinorblina\\\/\"]},{\"@type\":\"Person\",\"@id\":\"https:\\\/\\\/muzeumfabrykinorblina.pl\\\/#\\\/schema\\\/person\\\/4f1632ef79031887e0e24c4ea9d3472e\",\"name\":\"Agata Ilnicka\",\"image\":{\"@type\":\"ImageObject\",\"inLanguage\":\"pl-PL\",\"@id\":\"https:\\\/\\\/secure.gravatar.com\\\/avatar\\\/0c850e3cc969e3bec61971337ea044add4e3b6da745c50448fbab5c86b0b85d9?s=96&d=mm&r=g\",\"url\":\"https:\\\/\\\/secure.gravatar.com\\\/avatar\\\/0c850e3cc969e3bec61971337ea044add4e3b6da745c50448fbab5c86b0b85d9?s=96&d=mm&r=g\",\"contentUrl\":\"https:\\\/\\\/secure.gravatar.com\\\/avatar\\\/0c850e3cc969e3bec61971337ea044add4e3b6da745c50448fbab5c86b0b85d9?s=96&d=mm&r=g\",\"caption\":\"Agata Ilnicka\"},\"url\":\"https:\\\/\\\/muzeumfabrykinorblina.pl\\\/?author=9\"}]}<\/script>\n<!-- \/ Yoast SEO plugin. -->","yoast_head_json":{"title":"Lato z histori\u0105. Wakacyjne wycieczki i wydarzenia Muzeum Fabryki Norblina | Muzeum Fabryki Norblina","description":"Regularne oprowadzania, spacery miejskie, spotkania autorskie, kulinarne wycieczki i wyj\u0105tkowe wydarzenia - sprawd\u017a wakacyjny program Muzeum Fabryki Norblina i wybierz propozycj\u0119 dla siebie.","robots":{"index":"index","follow":"follow","max-snippet":"max-snippet:-1","max-image-preview":"max-image-preview:large","max-video-preview":"max-video-preview:-1"},"canonical":"https:\/\/muzeumfabrykinorblina.pl\/?p=8230","og_locale":"pl_PL","og_type":"article","og_title":"Lato z histori\u0105 - Wakacyjne wycieczki i wydarzenia Muzeum Fabryki Norblina","og_description":"Regularne oprowadzania, spacery miejskie, spotkania autorskie, kulinarne wycieczki i wyj\u0105tkowe wydarzenia - sprawd\u017a wakacyjny program Muzeum Fabryki Norblina i wybierz propozycj\u0119 dla siebie.","og_url":"https:\/\/muzeumfabrykinorblina.pl\/?p=8230","og_site_name":"Muzeum Fabryki Norblina","article_publisher":"https:\/\/www.facebook.com\/MuzeumFabrykiNorblina","article_published_time":"2026-07-24T07:00:00+00:00","article_modified_time":"2026-07-24T11:06:36+00:00","og_image":[{"width":1080,"height":1080,"url":"http:\/\/muzeumfabrykinorblina.pl\/wp-content\/uploads\/2026\/07\/MFN-LetnieWycieczki.jpg","type":"image\/jpeg"}],"author":"Agata Ilnicka","twitter_card":"summary_large_image","twitter_title":"Lato z histori\u0105 - Wakacyjne wycieczki i wydarzenia Muzeum Fabryki Norblina","twitter_description":"Regularne oprowadzania, spacery miejskie, spotkania autorskie, kulinarne wycieczki i wyj\u0105tkowe wydarzenia - sprawd\u017a wakacyjny program Muzeum Fabryki Norblina i wybierz propozycj\u0119 dla siebie.","twitter_image":"https:\/\/muzeumfabrykinorblina.pl\/wp-content\/uploads\/2026\/07\/MFN-LetnieWycieczki.jpg","twitter_misc":{"Napisane przez":"Agata Ilnicka","Szacowany czas czytania":"3 minuty"},"schema":{"@context":"https:\/\/schema.org","@graph":[{"@type":"Article","@id":"https:\/\/muzeumfabrykinorblina.pl\/?p=8230#article","isPartOf":{"@id":"https:\/\/muzeumfabrykinorblina.pl\/?p=8230"},"author":{"name":"Agata Ilnicka","@id":"https:\/\/muzeumfabrykinorblina.pl\/#\/schema\/person\/4f1632ef79031887e0e24c4ea9d3472e"},"headline":"Lato z histori\u0105. Wakacyjne wycieczki i wydarzenia Muzeum Fabryki Norblina","datePublished":"2026-07-24T07:00:00+00:00","dateModified":"2026-07-24T11:06:36+00:00","mainEntityOfPage":{"@id":"https:\/\/muzeumfabrykinorblina.pl\/?p=8230"},"wordCount":445,"publisher":{"@id":"https:\/\/muzeumfabrykinorblina.pl\/#organization"},"image":{"@id":"https:\/\/muzeumfabrykinorblina.pl\/?p=8230#primaryimage"},"thumbnailUrl":"https:\/\/muzeumfabrykinorblina.pl\/wp-content\/uploads\/2026\/07\/MFN-LetnieWycieczki.jpg","articleSection":["Aktualno\u015bci"],"inLanguage":"pl-PL"},{"@type":"WebPage","@id":"https:\/\/muzeumfabrykinorblina.pl\/?p=8230","url":"https:\/\/muzeumfabrykinorblina.pl\/?p=8230","name":"Lato z histori\u0105. Wakacyjne wycieczki i wydarzenia Muzeum Fabryki Norblina | Muzeum Fabryki Norblina","isPartOf":{"@id":"https:\/\/muzeumfabrykinorblina.pl\/#website"},"primaryImageOfPage":{"@id":"https:\/\/muzeumfabrykinorblina.pl\/?p=8230#primaryimage"},"image":{"@id":"https:\/\/muzeumfabrykinorblina.pl\/?p=8230#primaryimage"},"thumbnailUrl":"https:\/\/muzeumfabrykinorblina.pl\/wp-content\/uploads\/2026\/07\/MFN-LetnieWycieczki.jpg","datePublished":"2026-07-24T07:00:00+00:00","dateModified":"2026-07-24T11:06:36+00:00","description":"Regularne oprowadzania, spacery miejskie, spotkania autorskie, kulinarne wycieczki i wyj\u0105tkowe wydarzenia - sprawd\u017a wakacyjny program Muzeum Fabryki Norblina i wybierz propozycj\u0119 dla siebie.","breadcrumb":{"@id":"https:\/\/muzeumfabrykinorblina.pl\/?p=8230#breadcrumb"},"inLanguage":"pl-PL","potentialAction":[{"@type":"ReadAction","target":["https:\/\/muzeumfabrykinorblina.pl\/?p=8230"]}]},{"@type":"ImageObject","inLanguage":"pl-PL","@id":"https:\/\/muzeumfabrykinorblina.pl\/?p=8230#primaryimage","url":"https:\/\/muzeumfabrykinorblina.pl\/wp-content\/uploads\/2026\/07\/MFN-LetnieWycieczki.jpg","contentUrl":"https:\/\/muzeumfabrykinorblina.pl\/wp-content\/uploads\/2026\/07\/MFN-LetnieWycieczki.jpg","width":1080,"height":1080},{"@type":"BreadcrumbList","@id":"https:\/\/muzeumfabrykinorblina.pl\/?p=8230#breadcrumb","itemListElement":[{"@type":"ListItem","position":1,"name":"Strona g\u0142\u00f3wna","item":"https:\/\/muzeumfabrykinorblina.pl\/"},{"@type":"ListItem","position":2,"name":"Lato z histori\u0105. Wakacyjne wycieczki i wydarzenia Muzeum Fabryki Norblina"}]},{"@type":"WebSite","@id":"https:\/\/muzeumfabrykinorblina.pl\/#website","url":"https:\/\/muzeumfabrykinorblina.pl\/","name":"Muzeum Fabryki Norblina","description":"Fabryka Norblina","publisher":{"@id":"https:\/\/muzeumfabrykinorblina.pl\/#organization"},"potentialAction":[{"@type":"SearchAction","target":{"@type":"EntryPoint","urlTemplate":"https:\/\/muzeumfabrykinorblina.pl\/?s={search_term_string}"},"query-input":{"@type":"PropertyValueSpecification","valueRequired":true,"valueName":"search_term_string"}}],"inLanguage":"pl-PL"},{"@type":"Organization","@id":"https:\/\/muzeumfabrykinorblina.pl\/#organization","name":"Muzeum Fabryki Norblina","url":"https:\/\/muzeumfabrykinorblina.pl\/","logo":{"@type":"ImageObject","inLanguage":"pl-PL","@id":"https:\/\/muzeumfabrykinorblina.pl\/#\/schema\/logo\/image\/","url":"https:\/\/muzeumfabrykinorblina.pl\/wp-content\/uploads\/2023\/11\/MFN_Featured-image_1200x675.jpg","contentUrl":"https:\/\/muzeumfabrykinorblina.pl\/wp-content\/uploads\/2023\/11\/MFN_Featured-image_1200x675.jpg","width":1200,"height":675,"caption":"Muzeum Fabryki Norblina"},"image":{"@id":"https:\/\/muzeumfabrykinorblina.pl\/#\/schema\/logo\/image\/"},"sameAs":["https:\/\/www.facebook.com\/MuzeumFabrykiNorblina","https:\/\/www.instagram.com\/muzeumfabrykinorblina\/"]},{"@type":"Person","@id":"https:\/\/muzeumfabrykinorblina.pl\/#\/schema\/person\/4f1632ef79031887e0e24c4ea9d3472e","name":"Agata Ilnicka","image":{"@type":"ImageObject","inLanguage":"pl-PL","@id":"https:\/\/secure.gravatar.com\/avatar\/0c850e3cc969e3bec61971337ea044add4e3b6da745c50448fbab5c86b0b85d9?s=96&d=mm&r=g","url":"https:\/\/secure.gravatar.com\/avatar\/0c850e3cc969e3bec61971337ea044add4e3b6da745c50448fbab5c86b0b85d9?s=96&d=mm&r=g","contentUrl":"https:\/\/secure.gravatar.com\/avatar\/0c850e3cc969e3bec61971337ea044add4e3b6da745c50448fbab5c86b0b85d9?s=96&d=mm&r=g","caption":"Agata Ilnicka"},"url":"https:\/\/muzeumfabrykinorblina.pl\/?author=9"}]}},"lang":"pl","translations":{"pl":8230},"builder_content":"","pll_sync_post":{},"_links":{"self":[{"href":"https:\/\/muzeumfabrykinorblina.pl\/index.php?rest_route=\/wp\/v2\/posts\/8230","targetHints":{"allow":["GET"]}}],"collection":[{"href":"https:\/\/muzeumfabrykinorblina.pl\/index.php?rest_route=\/wp\/v2\/posts"}],"about":[{"href":"https:\/\/muzeumfabrykinorblina.pl\/index.php?rest_route=\/wp\/v2\/types\/post"}],"author":[{"embeddable":true,"href":"https:\/\/muzeumfabrykinorblina.pl\/index.php?rest_route=\/wp\/v2\/users\/9"}],"replies":[{"embeddable":true,"href":"https:\/\/muzeumfabrykinorblina.pl\/index.php?rest_route=%2Fwp%2Fv2%2Fcomments&post=8230"}],"version-history":[{"count":4,"href":"https:\/\/muzeumfabrykinorblina.pl\/index.php?rest_route=\/wp\/v2\/posts\/8230\/revisions"}],"predecessor-version":[{"id":8263,"href":"https:\/\/muzeumfabrykinorblina.pl\/index.php?rest_route=\/wp\/v2\/posts\/8230\/revisions\/8263"}],"wp:featuredmedia":[{"embeddable":true,"href":"https:\/\/muzeumfabrykinorblina.pl\/index.php?rest_route=\/wp\/v2\/media\/8231"}],"wp:attachment":[{"href":"https:\/\/muzeumfabrykinorblina.pl\/index.php?rest_route=%2Fwp%2Fv2%2Fmedia&parent=8230"}],"wp:term":[{"taxonomy":"category","embeddable":true,"href":"https:\/\/muzeumfabrykinorblina.pl\/index.php?rest_route=%2Fwp%2Fv2%2Fcategories&post=8230"},{"taxonomy":"post_tag","embeddable":true,"href":"https:\/\/muzeumfabrykinorblina.pl\/index.php?rest_route=%2Fwp%2Fv2%2Ftags&post=8230"}],"curies":[{"name":"wp","href":"https:\/\/api.w.org\/{rel}","templated":true}]}}