{"id":8222,"date":"2026-07-29T09:00:43","date_gmt":"2026-07-29T07:00:43","guid":{"rendered":"https:\/\/muzeumfabrykinorblina.pl\/?p=8222"},"modified":"2026-07-22T13:55:12","modified_gmt":"2026-07-22T11:55:12","slug":"sierpien-z-historia-w-tle-odkryj-przemyslowa-warszawe","status":"publish","type":"post","link":"https:\/\/muzeumfabrykinorblina.pl\/?p=8222","title":{"rendered":"Sierpie\u0144 z histori\u0105 w tle \u2013 odkryj przemys\u0142ow\u0105 Warszaw\u0119"},"content":{"rendered":"\n<p class=\"wp-block-paragraph\">Jak wygl\u0105da\u0142a Warszawa, zanim jej krajobraz zdominowa\u0142y wsp\u00f3\u0142czesne biurowce? Gdzie dzia\u0142a\u0142y najs\u0142ynniejsze browary, jak rozwija\u0142a si\u0119 przemys\u0142owa Wola i jakie historie kryj\u0105 ulice wok\u00f3\u0142 Fabryki Norblina?<\/p>\n\n\n\n<p class=\"wp-block-paragraph\">W sierpniu zapraszamy na cykl wydarze\u0144 <strong>\u201eSierpie\u0144 z histori\u0105 w tle\u201d<\/strong>, podczas kt\u00f3rego wsp\u00f3lnie odkryjemy mniej znane oblicze stolicy. W programie znalaz\u0142y si\u0119 bezp\u0142atne spotkanie autorskie oraz dwa spacery miejskie prowadzone przez <strong>Piotra Wierzbickiego<\/strong> \u2013 varsavianist\u0119 i autora ksi\u0105\u017cki <em>\u201ePodchmielona historia Warszawy\u201d<\/em>.<\/p>\n\n\n\n<h2 class=\"wp-block-heading\">Spotkanie autorskie \u201ePodchmielona historia Warszawy\u201d<\/h2>\n\n\n\n<p class=\"wp-block-paragraph\">\ud83d\udcc5 <strong>5 sierpnia 2026 r., godz. 19:00<\/strong><br>\ud83d\udccd <strong>Uwaga Piwo, Fabryka Norblina<\/strong><br>\ud83c\udf9f <strong>Wst\u0119p wolny<\/strong><\/p>\n\n\n\n<p class=\"wp-block-paragraph\">Cykl rozpocznie spotkanie wok\u00f3\u0142 ksi\u0105\u017cki <em>\u201ePodchmielona historia Warszawy\u201d<\/em>. To opowie\u015b\u0107 o dawnych browarach, restauracjach i lokalach, kt\u00f3re przez dziesi\u0119ciolecia wsp\u00f3\u0142tworzy\u0142y spo\u0142eczne i kulturalne \u017cycie stolicy. Wydarzenie b\u0119dzie okazj\u0105 do rozmowy z autorem oraz spojrzenia na histori\u0119 Warszawy z mniej oczywistej perspektywy.<\/p>\n\n\n\n<h2 class=\"wp-block-heading\">Spacer \u201eWok\u00f3\u0142 Fabryki Norblina\u201d<\/h2>\n\n\n\n<p class=\"wp-block-paragraph\">\ud83d\udcc5 <strong>9 sierpnia 2026 r., godz. 16:00<\/strong><\/p>\n\n\n\n<p class=\"wp-block-paragraph\">Spacer prowadzi tras\u0105 wok\u00f3\u0142 dawnego zak\u0142adu przemys\u0142owego przy ul. \u017belaznej 51\/53. Uczestnicy poznaj\u0105 histori\u0119 okolicy, jej przemys\u0142owy rozw\u00f3j oraz zmiany urbanistyczne, kt\u00f3re zachodzi\u0142y tu od XIX wieku po wsp\u00f3\u0142czesno\u015b\u0107. To okazja, by odkry\u0107 miejsca, kt\u00f3re przez dziesi\u0119ciolecia wp\u0142ywa\u0142y na rozw\u00f3j warszawskiej Woli.<\/p>\n\n\n\n<h2 class=\"wp-block-heading\">Spacer \u201eTropem browar\u00f3w dawnej Warszawy\u201d<\/h2>\n\n\n\n<p class=\"wp-block-paragraph\">\ud83d\udcc5 <strong>16 sierpnia 2026 r., godz. 16:00<\/strong><\/p>\n\n\n\n<p class=\"wp-block-paragraph\">Drugi spacer po\u015bwi\u0119cony b\u0119dzie historii warszawskiego browarnictwa. Trasa prowadzi ulicami Tward\u0105, Ciep\u0142\u0105, Grzybowsk\u0105, Pereca, Walic\u00f3w, Ch\u0142odn\u0105, Wroni\u0105 i \u017belazn\u0105 \u2013 przez obszar, kt\u00f3ry w XVIII i XIX wieku nale\u017ca\u0142 do najwa\u017cniejszych centr\u00f3w produkcji piwa w Warszawie. Uczestnicy poznaj\u0105 histori\u0119 dawnych browar\u00f3w oraz ludzi, kt\u00f3rzy tworzyli piwn\u0105 map\u0119 miasta.<\/p>\n\n\n\n<p class=\"wp-block-paragraph\">Ka\u017cdy spacer ko\u0144czy si\u0119 w Fabryce Norblina, w lokalu <strong>Uwaga Piwo<\/strong>, gdzie na uczestnik\u00f3w czeka degustacja. W cenie biletu zawarta jest degustacja piwa rzemie\u015blniczego (dla os\u00f3b pe\u0142noletnich) lub piwa bezalkoholowego.<\/p>\n\n\n\n<h2 class=\"wp-block-heading\">Bilety<\/h2>\n\n\n\n<p class=\"wp-block-paragraph\">Liczba miejsc na spacery jest ograniczona, dlatego zach\u0119camy do wcze\u015bniejszej rezerwacji.<\/p>\n\n\n\n<p class=\"wp-block-paragraph\">Szczeg\u00f3\u0142owy program i zakup bilet\u00f3w: <a href=\"https:\/\/muzeumfabrykinorblina.pl\/warszawa-wokol-fabryki-norblina-podchmielona-historia-warszawy\/\"><strong>Warszawa wok\u00f3\u0142 Fabryki Norblina &#8211; podchmielona historia Warszawy<\/strong><\/a><\/p>\n\n\n<!-- wp:themify-builder\/canvas \/-->","protected":false},"excerpt":{"rendered":"<p>Jak wygl\u0105da\u0142a Warszawa, zanim jej krajobraz zdominowa\u0142y wsp\u00f3\u0142czesne biurowce? Gdzie dzia\u0142a\u0142y najs\u0142ynniejsze browary, jak rozwija\u0142a si\u0119 przemys\u0142owa Wola i jakie historie kryj\u0105 ulice wok\u00f3\u0142 Fabryki Norblina? W sierpniu zapraszamy na cykl wydarze\u0144 \u201eSierpie\u0144 z histori\u0105 w tle\u201d, podczas kt\u00f3rego wsp\u00f3lnie odkryjemy mniej znane oblicze stolicy. W programie znalaz\u0142y si\u0119 bezp\u0142atne spotkanie autorskie oraz dwa spacery [&hellip;]<\/p>\n","protected":false},"author":9,"featured_media":8223,"comment_status":"closed","ping_status":"closed","sticky":false,"template":"","format":"standard","meta":{"_acf_changed":false,"_monsterinsights_skip_tracking":false,"footnotes":""},"categories":[29],"tags":[],"class_list":["post-8222","post","type-post","status-publish","format-standard","has-post-thumbnail","hentry","category-aktualnosci","has-post-title","has-post-date","has-post-category","has-post-tag","has-post-comment","has-post-author",""],"acf":[],"yoast_head":"<!-- This site is optimized with the Yoast SEO plugin v28.2 - https:\/\/yoast.com\/product\/yoast-seo-wordpress\/ -->\n<title>Sierpie\u0144 z histori\u0105 w tle \u2013 odkryj przemys\u0142ow\u0105 Warszaw\u0119 | Muzeum Fabryki Norblina<\/title>\n<meta name=\"description\" content=\"W sierpniu zapraszamy na cykl wydarze\u0144 \u201eSierpie\u0144 z histori\u0105 w tle\u201d, podczas kt\u00f3rego wsp\u00f3lnie odkryjemy mniej znane oblicze stolicy. W programie znalaz\u0142y si\u0119 bezp\u0142atne spotkanie autorskie oraz dwa spacery miejskie prowadzone przez Piotra Wierzbickiego \u2013 varsavianist\u0119 i autora ksi\u0105\u017cki \u201ePodchmielona historia Warszawy\u201d.\" \/>\n<meta name=\"robots\" content=\"index, follow, max-snippet:-1, max-image-preview:large, max-video-preview:-1\" \/>\n<link rel=\"canonical\" href=\"https:\/\/muzeumfabrykinorblina.pl\/?p=8222\" \/>\n<meta property=\"og:locale\" content=\"pl_PL\" \/>\n<meta property=\"og:type\" content=\"article\" \/>\n<meta property=\"og:title\" content=\"\u201eSierpie\u0144 z histori\u0105 w tle\u201d\" \/>\n<meta property=\"og:description\" content=\"W sierpniu zapraszamy na cykl wydarze\u0144 \u201eSierpie\u0144 z histori\u0105 w tle\u201d, podczas kt\u00f3rego wsp\u00f3lnie odkryjemy mniej znane oblicze stolicy. W programie znalaz\u0142y si\u0119 bezp\u0142atne spotkanie autorskie oraz dwa spacery miejskie prowadzone przez Piotra Wierzbickiego \u2013 varsavianist\u0119 i autora ksi\u0105\u017cki \u201ePodchmielona historia Warszawy\u201d.\" \/>\n<meta property=\"og:url\" content=\"https:\/\/muzeumfabrykinorblina.pl\/?p=8222\" \/>\n<meta property=\"og:site_name\" content=\"Muzeum Fabryki Norblina\" \/>\n<meta property=\"article:publisher\" content=\"https:\/\/www.facebook.com\/MuzeumFabrykiNorblina\" \/>\n<meta property=\"article:published_time\" content=\"2026-07-29T07:00:43+00:00\" \/>\n<meta property=\"og:image\" content=\"https:\/\/muzeumfabrykinorblina.pl\/wp-content\/uploads\/2026\/07\/MFN-SierpienzHistoria.jpg\" \/>\n\t<meta property=\"og:image:width\" content=\"1080\" \/>\n\t<meta property=\"og:image:height\" content=\"1080\" \/>\n\t<meta property=\"og:image:type\" content=\"image\/jpeg\" \/>\n<meta name=\"author\" content=\"Agata Ilnicka\" \/>\n<meta name=\"twitter:card\" content=\"summary_large_image\" \/>\n<meta name=\"twitter:title\" content=\"\u201eSierpie\u0144 z histori\u0105 w tle\u201d\" \/>\n<meta name=\"twitter:description\" content=\"W sierpniu zapraszamy na cykl wydarze\u0144 \u201eSierpie\u0144 z histori\u0105 w tle\u201d, podczas kt\u00f3rego wsp\u00f3lnie odkryjemy mniej znane oblicze stolicy. W programie znalaz\u0142y si\u0119 bezp\u0142atne spotkanie autorskie oraz dwa spacery miejskie prowadzone przez Piotra Wierzbickiego \u2013 varsavianist\u0119 i autora ksi\u0105\u017cki \u201ePodchmielona historia Warszawy\u201d.\" \/>\n<meta name=\"twitter:image\" content=\"https:\/\/muzeumfabrykinorblina.pl\/wp-content\/uploads\/2026\/07\/MFN-SierpienzHistoria.jpg\" \/>\n<meta name=\"twitter:label1\" content=\"Napisane przez\" \/>\n\t<meta name=\"twitter:data1\" content=\"Agata Ilnicka\" \/>\n\t<meta name=\"twitter:label2\" content=\"Szacowany czas czytania\" \/>\n\t<meta name=\"twitter:data2\" content=\"2 minuty\" \/>\n<script type=\"application\/ld+json\" class=\"yoast-schema-graph\">{\"@context\":\"https:\\\/\\\/schema.org\",\"@graph\":[{\"@type\":\"Article\",\"@id\":\"https:\\\/\\\/muzeumfabrykinorblina.pl\\\/?p=8222#article\",\"isPartOf\":{\"@id\":\"https:\\\/\\\/muzeumfabrykinorblina.pl\\\/?p=8222\"},\"author\":{\"name\":\"Agata Ilnicka\",\"@id\":\"https:\\\/\\\/muzeumfabrykinorblina.pl\\\/#\\\/schema\\\/person\\\/4f1632ef79031887e0e24c4ea9d3472e\"},\"headline\":\"Sierpie\u0144 z histori\u0105 w tle \u2013 odkryj przemys\u0142ow\u0105 Warszaw\u0119\",\"datePublished\":\"2026-07-29T07:00:43+00:00\",\"mainEntityOfPage\":{\"@id\":\"https:\\\/\\\/muzeumfabrykinorblina.pl\\\/?p=8222\"},\"wordCount\":345,\"publisher\":{\"@id\":\"https:\\\/\\\/muzeumfabrykinorblina.pl\\\/#organization\"},\"image\":{\"@id\":\"https:\\\/\\\/muzeumfabrykinorblina.pl\\\/?p=8222#primaryimage\"},\"thumbnailUrl\":\"https:\\\/\\\/muzeumfabrykinorblina.pl\\\/wp-content\\\/uploads\\\/2026\\\/07\\\/MFN-SierpienzHistoria.jpg\",\"articleSection\":[\"Aktualno\u015bci\"],\"inLanguage\":\"pl-PL\"},{\"@type\":\"WebPage\",\"@id\":\"https:\\\/\\\/muzeumfabrykinorblina.pl\\\/?p=8222\",\"url\":\"https:\\\/\\\/muzeumfabrykinorblina.pl\\\/?p=8222\",\"name\":\"Sierpie\u0144 z histori\u0105 w tle \u2013 odkryj przemys\u0142ow\u0105 Warszaw\u0119 | Muzeum Fabryki Norblina\",\"isPartOf\":{\"@id\":\"https:\\\/\\\/muzeumfabrykinorblina.pl\\\/#website\"},\"primaryImageOfPage\":{\"@id\":\"https:\\\/\\\/muzeumfabrykinorblina.pl\\\/?p=8222#primaryimage\"},\"image\":{\"@id\":\"https:\\\/\\\/muzeumfabrykinorblina.pl\\\/?p=8222#primaryimage\"},\"thumbnailUrl\":\"https:\\\/\\\/muzeumfabrykinorblina.pl\\\/wp-content\\\/uploads\\\/2026\\\/07\\\/MFN-SierpienzHistoria.jpg\",\"datePublished\":\"2026-07-29T07:00:43+00:00\",\"description\":\"W sierpniu zapraszamy na cykl wydarze\u0144 \u201eSierpie\u0144 z histori\u0105 w tle\u201d, podczas kt\u00f3rego wsp\u00f3lnie odkryjemy mniej znane oblicze stolicy. W programie znalaz\u0142y si\u0119 bezp\u0142atne spotkanie autorskie oraz dwa spacery miejskie prowadzone przez Piotra Wierzbickiego \u2013 varsavianist\u0119 i autora ksi\u0105\u017cki \u201ePodchmielona historia Warszawy\u201d.\",\"breadcrumb\":{\"@id\":\"https:\\\/\\\/muzeumfabrykinorblina.pl\\\/?p=8222#breadcrumb\"},\"inLanguage\":\"pl-PL\",\"potentialAction\":[{\"@type\":\"ReadAction\",\"target\":[\"https:\\\/\\\/muzeumfabrykinorblina.pl\\\/?p=8222\"]}]},{\"@type\":\"ImageObject\",\"inLanguage\":\"pl-PL\",\"@id\":\"https:\\\/\\\/muzeumfabrykinorblina.pl\\\/?p=8222#primaryimage\",\"url\":\"https:\\\/\\\/muzeumfabrykinorblina.pl\\\/wp-content\\\/uploads\\\/2026\\\/07\\\/MFN-SierpienzHistoria.jpg\",\"contentUrl\":\"https:\\\/\\\/muzeumfabrykinorblina.pl\\\/wp-content\\\/uploads\\\/2026\\\/07\\\/MFN-SierpienzHistoria.jpg\",\"width\":1080,\"height\":1080},{\"@type\":\"BreadcrumbList\",\"@id\":\"https:\\\/\\\/muzeumfabrykinorblina.pl\\\/?p=8222#breadcrumb\",\"itemListElement\":[{\"@type\":\"ListItem\",\"position\":1,\"name\":\"Strona g\u0142\u00f3wna\",\"item\":\"https:\\\/\\\/muzeumfabrykinorblina.pl\\\/\"},{\"@type\":\"ListItem\",\"position\":2,\"name\":\"Sierpie\u0144 z histori\u0105 w tle \u2013 odkryj przemys\u0142ow\u0105 Warszaw\u0119\"}]},{\"@type\":\"WebSite\",\"@id\":\"https:\\\/\\\/muzeumfabrykinorblina.pl\\\/#website\",\"url\":\"https:\\\/\\\/muzeumfabrykinorblina.pl\\\/\",\"name\":\"Muzeum Fabryki Norblina\",\"description\":\"Fabryka Norblina\",\"publisher\":{\"@id\":\"https:\\\/\\\/muzeumfabrykinorblina.pl\\\/#organization\"},\"potentialAction\":[{\"@type\":\"SearchAction\",\"target\":{\"@type\":\"EntryPoint\",\"urlTemplate\":\"https:\\\/\\\/muzeumfabrykinorblina.pl\\\/?s={search_term_string}\"},\"query-input\":{\"@type\":\"PropertyValueSpecification\",\"valueRequired\":true,\"valueName\":\"search_term_string\"}}],\"inLanguage\":\"pl-PL\"},{\"@type\":\"Organization\",\"@id\":\"https:\\\/\\\/muzeumfabrykinorblina.pl\\\/#organization\",\"name\":\"Muzeum Fabryki Norblina\",\"url\":\"https:\\\/\\\/muzeumfabrykinorblina.pl\\\/\",\"logo\":{\"@type\":\"ImageObject\",\"inLanguage\":\"pl-PL\",\"@id\":\"https:\\\/\\\/muzeumfabrykinorblina.pl\\\/#\\\/schema\\\/logo\\\/image\\\/\",\"url\":\"https:\\\/\\\/muzeumfabrykinorblina.pl\\\/wp-content\\\/uploads\\\/2023\\\/11\\\/MFN_Featured-image_1200x675.jpg\",\"contentUrl\":\"https:\\\/\\\/muzeumfabrykinorblina.pl\\\/wp-content\\\/uploads\\\/2023\\\/11\\\/MFN_Featured-image_1200x675.jpg\",\"width\":1200,\"height\":675,\"caption\":\"Muzeum Fabryki Norblina\"},\"image\":{\"@id\":\"https:\\\/\\\/muzeumfabrykinorblina.pl\\\/#\\\/schema\\\/logo\\\/image\\\/\"},\"sameAs\":[\"https:\\\/\\\/www.facebook.com\\\/MuzeumFabrykiNorblina\",\"https:\\\/\\\/www.instagram.com\\\/muzeumfabrykinorblina\\\/\"]},{\"@type\":\"Person\",\"@id\":\"https:\\\/\\\/muzeumfabrykinorblina.pl\\\/#\\\/schema\\\/person\\\/4f1632ef79031887e0e24c4ea9d3472e\",\"name\":\"Agata Ilnicka\",\"image\":{\"@type\":\"ImageObject\",\"inLanguage\":\"pl-PL\",\"@id\":\"https:\\\/\\\/secure.gravatar.com\\\/avatar\\\/0c850e3cc969e3bec61971337ea044add4e3b6da745c50448fbab5c86b0b85d9?s=96&d=mm&r=g\",\"url\":\"https:\\\/\\\/secure.gravatar.com\\\/avatar\\\/0c850e3cc969e3bec61971337ea044add4e3b6da745c50448fbab5c86b0b85d9?s=96&d=mm&r=g\",\"contentUrl\":\"https:\\\/\\\/secure.gravatar.com\\\/avatar\\\/0c850e3cc969e3bec61971337ea044add4e3b6da745c50448fbab5c86b0b85d9?s=96&d=mm&r=g\",\"caption\":\"Agata Ilnicka\"},\"url\":\"https:\\\/\\\/muzeumfabrykinorblina.pl\\\/?author=9\"}]}<\/script>\n<!-- \/ Yoast SEO plugin. -->","yoast_head_json":{"title":"Sierpie\u0144 z histori\u0105 w tle \u2013 odkryj przemys\u0142ow\u0105 Warszaw\u0119 | Muzeum Fabryki Norblina","description":"W sierpniu zapraszamy na cykl wydarze\u0144 \u201eSierpie\u0144 z histori\u0105 w tle\u201d, podczas kt\u00f3rego wsp\u00f3lnie odkryjemy mniej znane oblicze stolicy. W programie znalaz\u0142y si\u0119 bezp\u0142atne spotkanie autorskie oraz dwa spacery miejskie prowadzone przez Piotra Wierzbickiego \u2013 varsavianist\u0119 i autora ksi\u0105\u017cki \u201ePodchmielona historia Warszawy\u201d.","robots":{"index":"index","follow":"follow","max-snippet":"max-snippet:-1","max-image-preview":"max-image-preview:large","max-video-preview":"max-video-preview:-1"},"canonical":"https:\/\/muzeumfabrykinorblina.pl\/?p=8222","og_locale":"pl_PL","og_type":"article","og_title":"\u201eSierpie\u0144 z histori\u0105 w tle\u201d","og_description":"W sierpniu zapraszamy na cykl wydarze\u0144 \u201eSierpie\u0144 z histori\u0105 w tle\u201d, podczas kt\u00f3rego wsp\u00f3lnie odkryjemy mniej znane oblicze stolicy. W programie znalaz\u0142y si\u0119 bezp\u0142atne spotkanie autorskie oraz dwa spacery miejskie prowadzone przez Piotra Wierzbickiego \u2013 varsavianist\u0119 i autora ksi\u0105\u017cki \u201ePodchmielona historia Warszawy\u201d.","og_url":"https:\/\/muzeumfabrykinorblina.pl\/?p=8222","og_site_name":"Muzeum Fabryki Norblina","article_publisher":"https:\/\/www.facebook.com\/MuzeumFabrykiNorblina","article_published_time":"2026-07-29T07:00:43+00:00","og_image":[{"width":1080,"height":1080,"url":"https:\/\/muzeumfabrykinorblina.pl\/wp-content\/uploads\/2026\/07\/MFN-SierpienzHistoria.jpg","type":"image\/jpeg"}],"author":"Agata Ilnicka","twitter_card":"summary_large_image","twitter_title":"\u201eSierpie\u0144 z histori\u0105 w tle\u201d","twitter_description":"W sierpniu zapraszamy na cykl wydarze\u0144 \u201eSierpie\u0144 z histori\u0105 w tle\u201d, podczas kt\u00f3rego wsp\u00f3lnie odkryjemy mniej znane oblicze stolicy. W programie znalaz\u0142y si\u0119 bezp\u0142atne spotkanie autorskie oraz dwa spacery miejskie prowadzone przez Piotra Wierzbickiego \u2013 varsavianist\u0119 i autora ksi\u0105\u017cki \u201ePodchmielona historia Warszawy\u201d.","twitter_image":"https:\/\/muzeumfabrykinorblina.pl\/wp-content\/uploads\/2026\/07\/MFN-SierpienzHistoria.jpg","twitter_misc":{"Napisane przez":"Agata Ilnicka","Szacowany czas czytania":"2 minuty"},"schema":{"@context":"https:\/\/schema.org","@graph":[{"@type":"Article","@id":"https:\/\/muzeumfabrykinorblina.pl\/?p=8222#article","isPartOf":{"@id":"https:\/\/muzeumfabrykinorblina.pl\/?p=8222"},"author":{"name":"Agata Ilnicka","@id":"https:\/\/muzeumfabrykinorblina.pl\/#\/schema\/person\/4f1632ef79031887e0e24c4ea9d3472e"},"headline":"Sierpie\u0144 z histori\u0105 w tle \u2013 odkryj przemys\u0142ow\u0105 Warszaw\u0119","datePublished":"2026-07-29T07:00:43+00:00","mainEntityOfPage":{"@id":"https:\/\/muzeumfabrykinorblina.pl\/?p=8222"},"wordCount":345,"publisher":{"@id":"https:\/\/muzeumfabrykinorblina.pl\/#organization"},"image":{"@id":"https:\/\/muzeumfabrykinorblina.pl\/?p=8222#primaryimage"},"thumbnailUrl":"https:\/\/muzeumfabrykinorblina.pl\/wp-content\/uploads\/2026\/07\/MFN-SierpienzHistoria.jpg","articleSection":["Aktualno\u015bci"],"inLanguage":"pl-PL"},{"@type":"WebPage","@id":"https:\/\/muzeumfabrykinorblina.pl\/?p=8222","url":"https:\/\/muzeumfabrykinorblina.pl\/?p=8222","name":"Sierpie\u0144 z histori\u0105 w tle \u2013 odkryj przemys\u0142ow\u0105 Warszaw\u0119 | Muzeum Fabryki Norblina","isPartOf":{"@id":"https:\/\/muzeumfabrykinorblina.pl\/#website"},"primaryImageOfPage":{"@id":"https:\/\/muzeumfabrykinorblina.pl\/?p=8222#primaryimage"},"image":{"@id":"https:\/\/muzeumfabrykinorblina.pl\/?p=8222#primaryimage"},"thumbnailUrl":"https:\/\/muzeumfabrykinorblina.pl\/wp-content\/uploads\/2026\/07\/MFN-SierpienzHistoria.jpg","datePublished":"2026-07-29T07:00:43+00:00","description":"W sierpniu zapraszamy na cykl wydarze\u0144 \u201eSierpie\u0144 z histori\u0105 w tle\u201d, podczas kt\u00f3rego wsp\u00f3lnie odkryjemy mniej znane oblicze stolicy. W programie znalaz\u0142y si\u0119 bezp\u0142atne spotkanie autorskie oraz dwa spacery miejskie prowadzone przez Piotra Wierzbickiego \u2013 varsavianist\u0119 i autora ksi\u0105\u017cki \u201ePodchmielona historia Warszawy\u201d.","breadcrumb":{"@id":"https:\/\/muzeumfabrykinorblina.pl\/?p=8222#breadcrumb"},"inLanguage":"pl-PL","potentialAction":[{"@type":"ReadAction","target":["https:\/\/muzeumfabrykinorblina.pl\/?p=8222"]}]},{"@type":"ImageObject","inLanguage":"pl-PL","@id":"https:\/\/muzeumfabrykinorblina.pl\/?p=8222#primaryimage","url":"https:\/\/muzeumfabrykinorblina.pl\/wp-content\/uploads\/2026\/07\/MFN-SierpienzHistoria.jpg","contentUrl":"https:\/\/muzeumfabrykinorblina.pl\/wp-content\/uploads\/2026\/07\/MFN-SierpienzHistoria.jpg","width":1080,"height":1080},{"@type":"BreadcrumbList","@id":"https:\/\/muzeumfabrykinorblina.pl\/?p=8222#breadcrumb","itemListElement":[{"@type":"ListItem","position":1,"name":"Strona g\u0142\u00f3wna","item":"https:\/\/muzeumfabrykinorblina.pl\/"},{"@type":"ListItem","position":2,"name":"Sierpie\u0144 z histori\u0105 w tle \u2013 odkryj przemys\u0142ow\u0105 Warszaw\u0119"}]},{"@type":"WebSite","@id":"https:\/\/muzeumfabrykinorblina.pl\/#website","url":"https:\/\/muzeumfabrykinorblina.pl\/","name":"Muzeum Fabryki Norblina","description":"Fabryka Norblina","publisher":{"@id":"https:\/\/muzeumfabrykinorblina.pl\/#organization"},"potentialAction":[{"@type":"SearchAction","target":{"@type":"EntryPoint","urlTemplate":"https:\/\/muzeumfabrykinorblina.pl\/?s={search_term_string}"},"query-input":{"@type":"PropertyValueSpecification","valueRequired":true,"valueName":"search_term_string"}}],"inLanguage":"pl-PL"},{"@type":"Organization","@id":"https:\/\/muzeumfabrykinorblina.pl\/#organization","name":"Muzeum Fabryki Norblina","url":"https:\/\/muzeumfabrykinorblina.pl\/","logo":{"@type":"ImageObject","inLanguage":"pl-PL","@id":"https:\/\/muzeumfabrykinorblina.pl\/#\/schema\/logo\/image\/","url":"https:\/\/muzeumfabrykinorblina.pl\/wp-content\/uploads\/2023\/11\/MFN_Featured-image_1200x675.jpg","contentUrl":"https:\/\/muzeumfabrykinorblina.pl\/wp-content\/uploads\/2023\/11\/MFN_Featured-image_1200x675.jpg","width":1200,"height":675,"caption":"Muzeum Fabryki Norblina"},"image":{"@id":"https:\/\/muzeumfabrykinorblina.pl\/#\/schema\/logo\/image\/"},"sameAs":["https:\/\/www.facebook.com\/MuzeumFabrykiNorblina","https:\/\/www.instagram.com\/muzeumfabrykinorblina\/"]},{"@type":"Person","@id":"https:\/\/muzeumfabrykinorblina.pl\/#\/schema\/person\/4f1632ef79031887e0e24c4ea9d3472e","name":"Agata Ilnicka","image":{"@type":"ImageObject","inLanguage":"pl-PL","@id":"https:\/\/secure.gravatar.com\/avatar\/0c850e3cc969e3bec61971337ea044add4e3b6da745c50448fbab5c86b0b85d9?s=96&d=mm&r=g","url":"https:\/\/secure.gravatar.com\/avatar\/0c850e3cc969e3bec61971337ea044add4e3b6da745c50448fbab5c86b0b85d9?s=96&d=mm&r=g","contentUrl":"https:\/\/secure.gravatar.com\/avatar\/0c850e3cc969e3bec61971337ea044add4e3b6da745c50448fbab5c86b0b85d9?s=96&d=mm&r=g","caption":"Agata Ilnicka"},"url":"https:\/\/muzeumfabrykinorblina.pl\/?author=9"}]}},"lang":"pl","translations":{"pl":8222},"builder_content":"","pll_sync_post":{},"_links":{"self":[{"href":"https:\/\/muzeumfabrykinorblina.pl\/index.php?rest_route=\/wp\/v2\/posts\/8222","targetHints":{"allow":["GET"]}}],"collection":[{"href":"https:\/\/muzeumfabrykinorblina.pl\/index.php?rest_route=\/wp\/v2\/posts"}],"about":[{"href":"https:\/\/muzeumfabrykinorblina.pl\/index.php?rest_route=\/wp\/v2\/types\/post"}],"author":[{"embeddable":true,"href":"https:\/\/muzeumfabrykinorblina.pl\/index.php?rest_route=\/wp\/v2\/users\/9"}],"replies":[{"embeddable":true,"href":"https:\/\/muzeumfabrykinorblina.pl\/index.php?rest_route=%2Fwp%2Fv2%2Fcomments&post=8222"}],"version-history":[{"count":5,"href":"https:\/\/muzeumfabrykinorblina.pl\/index.php?rest_route=\/wp\/v2\/posts\/8222\/revisions"}],"predecessor-version":[{"id":8234,"href":"https:\/\/muzeumfabrykinorblina.pl\/index.php?rest_route=\/wp\/v2\/posts\/8222\/revisions\/8234"}],"wp:featuredmedia":[{"embeddable":true,"href":"https:\/\/muzeumfabrykinorblina.pl\/index.php?rest_route=\/wp\/v2\/media\/8223"}],"wp:attachment":[{"href":"https:\/\/muzeumfabrykinorblina.pl\/index.php?rest_route=%2Fwp%2Fv2%2Fmedia&parent=8222"}],"wp:term":[{"taxonomy":"category","embeddable":true,"href":"https:\/\/muzeumfabrykinorblina.pl\/index.php?rest_route=%2Fwp%2Fv2%2Fcategories&post=8222"},{"taxonomy":"post_tag","embeddable":true,"href":"https:\/\/muzeumfabrykinorblina.pl\/index.php?rest_route=%2Fwp%2Fv2%2Ftags&post=8222"}],"curies":[{"name":"wp","href":"https:\/\/api.w.org\/{rel}","templated":true}]}}