{"id":8124,"date":"2026-07-13T16:50:49","date_gmt":"2026-07-13T14:50:49","guid":{"rendered":"https:\/\/muzeumfabrykinorblina.pl\/?p=8124"},"modified":"2026-07-14T09:55:58","modified_gmt":"2026-07-14T07:55:58","slug":"lipiec-w-muzeum-gazowni-warszawskiej","status":"publish","type":"post","link":"https:\/\/muzeumfabrykinorblina.pl\/?p=8124","title":{"rendered":"Lipiec w Muzeum Gazowni Warszawskiej"},"content":{"rendered":"\n<p class=\"wp-block-paragraph\">Zobacz, co czeka Ci\u0119 w lipcu w Muzeum Gazowni Warszawskiej.\u00a0Wernisa\u017c, rodzinne warsztaty, spotkanie wok\u00f3\u0142 ksi\u0105\u017cki i dzie\u0144 pe\u0142en atrakcji dla dzieci. Sprawd\u017a kalendarz wydarze\u0144 i zaplanuj swoj\u0105 wizyt\u0119.<\/p>\n\n\n\n<p class=\"wp-block-paragraph\"><strong>03.07 | 18:30<\/strong><br>Wernisa\u017c wystawy \u201eZmys\u0142owo\u015b\u0107 i tajemnica\u201d<\/p>\n\n\n\n<p class=\"wp-block-paragraph\"><strong>08.07 | 11:00\u201315:00<\/strong><br>Dni Bezpiecze\u0144stwa ORLEN \u2013 warsztaty, spotkanie z Bartoszem Marsza\u0142kiem, quizy i atrakcje dla dzieci<\/p>\n\n\n\n<p class=\"wp-block-paragraph\"><strong>12.07 | 11:00<\/strong><br>Warsztaty rodzinne \u201eS\u00f3l \u2013 bia\u0142e z\u0142oto Ziemi\u201d<\/p>\n\n\n\n<p class=\"wp-block-paragraph\"><strong>23.07 | 19:00<\/strong><br>Spotkanie wok\u00f3\u0142 ksi\u0105\u017cki \u201eCena czasu\u201d<\/p>\n\n\n<!-- wp:themify-builder\/canvas \/-->","protected":false},"excerpt":{"rendered":"<p>Zobacz, co czeka Ci\u0119 w lipcu w Muzeum Gazowni Warszawskiej.\u00a0Wernisa\u017c, rodzinne warsztaty, spotkanie wok\u00f3\u0142 ksi\u0105\u017cki i dzie\u0144 pe\u0142en atrakcji dla dzieci. Sprawd\u017a kalendarz wydarze\u0144 i zaplanuj swoj\u0105 wizyt\u0119. 03.07 | 18:30Wernisa\u017c wystawy \u201eZmys\u0142owo\u015b\u0107 i tajemnica\u201d 08.07 | 11:00\u201315:00Dni Bezpiecze\u0144stwa ORLEN \u2013 warsztaty, spotkanie z Bartoszem Marsza\u0142kiem, quizy i atrakcje dla dzieci 12.07 | 11:00Warsztaty rodzinne [&hellip;]<\/p>\n","protected":false},"author":9,"featured_media":8125,"comment_status":"closed","ping_status":"closed","sticky":false,"template":"","format":"standard","meta":{"_acf_changed":false,"_monsterinsights_skip_tracking":false,"footnotes":""},"categories":[163],"tags":[],"class_list":["post-8124","post","type-post","status-publish","format-standard","has-post-thumbnail","hentry","category-partnerzy","has-post-title","has-post-date","has-post-category","has-post-tag","has-post-comment","has-post-author",""],"acf":[],"yoast_head":"<!-- This site is optimized with the Yoast SEO plugin v28.2 - https:\/\/yoast.com\/product\/yoast-seo-wordpress\/ -->\n<title>Lipiec w Muzeum Gazowni Warszawskiej | Muzeum Fabryki Norblina<\/title>\n<meta name=\"robots\" content=\"index, follow, max-snippet:-1, max-image-preview:large, max-video-preview:-1\" \/>\n<link rel=\"canonical\" href=\"https:\/\/muzeumfabrykinorblina.pl\/?p=8124\" \/>\n<meta property=\"og:locale\" content=\"pl_PL\" \/>\n<meta property=\"og:type\" content=\"article\" \/>\n<meta property=\"og:title\" content=\"Lipiec w Muzeum Gazowni Warszawskiej | Muzeum Fabryki Norblina\" \/>\n<meta property=\"og:description\" content=\"Zobacz, co czeka Ci\u0119 w lipcu w Muzeum Gazowni Warszawskiej.\u00a0Wernisa\u017c, rodzinne warsztaty, spotkanie wok\u00f3\u0142 ksi\u0105\u017cki i dzie\u0144 pe\u0142en atrakcji dla dzieci. Sprawd\u017a kalendarz wydarze\u0144 i zaplanuj swoj\u0105 wizyt\u0119. 03.07 | 18:30Wernisa\u017c wystawy \u201eZmys\u0142owo\u015b\u0107 i tajemnica\u201d 08.07 | 11:00\u201315:00Dni Bezpiecze\u0144stwa ORLEN \u2013 warsztaty, spotkanie z Bartoszem Marsza\u0142kiem, quizy i atrakcje dla dzieci 12.07 | 11:00Warsztaty rodzinne [&hellip;]\" \/>\n<meta property=\"og:url\" content=\"https:\/\/muzeumfabrykinorblina.pl\/?p=8124\" \/>\n<meta property=\"og:site_name\" content=\"Muzeum Fabryki Norblina\" \/>\n<meta property=\"article:publisher\" content=\"https:\/\/www.facebook.com\/MuzeumFabrykiNorblina\" \/>\n<meta property=\"article:published_time\" content=\"2026-07-13T14:50:49+00:00\" \/>\n<meta property=\"article:modified_time\" content=\"2026-07-14T07:55:58+00:00\" \/>\n<meta property=\"og:image\" content=\"http:\/\/muzeumfabrykinorblina.pl\/wp-content\/uploads\/2026\/07\/MFN-MuzeumGazowni-TerminyLipiec.jpg\" \/>\n\t<meta property=\"og:image:width\" content=\"1080\" \/>\n\t<meta property=\"og:image:height\" content=\"1350\" \/>\n\t<meta property=\"og:image:type\" content=\"image\/jpeg\" \/>\n<meta name=\"author\" content=\"Agata Ilnicka\" \/>\n<meta name=\"twitter:card\" content=\"summary_large_image\" \/>\n<meta name=\"twitter:label1\" content=\"Napisane przez\" \/>\n\t<meta name=\"twitter:data1\" content=\"Agata Ilnicka\" \/>\n\t<meta name=\"twitter:label2\" content=\"Szacowany czas czytania\" \/>\n\t<meta name=\"twitter:data2\" content=\"1 minuta\" \/>\n<script type=\"application\/ld+json\" class=\"yoast-schema-graph\">{\"@context\":\"https:\\\/\\\/schema.org\",\"@graph\":[{\"@type\":\"Article\",\"@id\":\"https:\\\/\\\/muzeumfabrykinorblina.pl\\\/?p=8124#article\",\"isPartOf\":{\"@id\":\"https:\\\/\\\/muzeumfabrykinorblina.pl\\\/?p=8124\"},\"author\":{\"name\":\"Agata Ilnicka\",\"@id\":\"https:\\\/\\\/muzeumfabrykinorblina.pl\\\/#\\\/schema\\\/person\\\/4f1632ef79031887e0e24c4ea9d3472e\"},\"headline\":\"Lipiec w Muzeum Gazowni Warszawskiej\",\"datePublished\":\"2026-07-13T14:50:49+00:00\",\"dateModified\":\"2026-07-14T07:55:58+00:00\",\"mainEntityOfPage\":{\"@id\":\"https:\\\/\\\/muzeumfabrykinorblina.pl\\\/?p=8124\"},\"wordCount\":72,\"publisher\":{\"@id\":\"https:\\\/\\\/muzeumfabrykinorblina.pl\\\/#organization\"},\"image\":{\"@id\":\"https:\\\/\\\/muzeumfabrykinorblina.pl\\\/?p=8124#primaryimage\"},\"thumbnailUrl\":\"https:\\\/\\\/muzeumfabrykinorblina.pl\\\/wp-content\\\/uploads\\\/2026\\\/07\\\/MFN-MuzeumGazowni-TerminyLipiec.jpg\",\"articleSection\":[\"Partnerzy\"],\"inLanguage\":\"pl-PL\"},{\"@type\":\"WebPage\",\"@id\":\"https:\\\/\\\/muzeumfabrykinorblina.pl\\\/?p=8124\",\"url\":\"https:\\\/\\\/muzeumfabrykinorblina.pl\\\/?p=8124\",\"name\":\"Lipiec w Muzeum Gazowni Warszawskiej | Muzeum Fabryki Norblina\",\"isPartOf\":{\"@id\":\"https:\\\/\\\/muzeumfabrykinorblina.pl\\\/#website\"},\"primaryImageOfPage\":{\"@id\":\"https:\\\/\\\/muzeumfabrykinorblina.pl\\\/?p=8124#primaryimage\"},\"image\":{\"@id\":\"https:\\\/\\\/muzeumfabrykinorblina.pl\\\/?p=8124#primaryimage\"},\"thumbnailUrl\":\"https:\\\/\\\/muzeumfabrykinorblina.pl\\\/wp-content\\\/uploads\\\/2026\\\/07\\\/MFN-MuzeumGazowni-TerminyLipiec.jpg\",\"datePublished\":\"2026-07-13T14:50:49+00:00\",\"dateModified\":\"2026-07-14T07:55:58+00:00\",\"breadcrumb\":{\"@id\":\"https:\\\/\\\/muzeumfabrykinorblina.pl\\\/?p=8124#breadcrumb\"},\"inLanguage\":\"pl-PL\",\"potentialAction\":[{\"@type\":\"ReadAction\",\"target\":[\"https:\\\/\\\/muzeumfabrykinorblina.pl\\\/?p=8124\"]}]},{\"@type\":\"ImageObject\",\"inLanguage\":\"pl-PL\",\"@id\":\"https:\\\/\\\/muzeumfabrykinorblina.pl\\\/?p=8124#primaryimage\",\"url\":\"https:\\\/\\\/muzeumfabrykinorblina.pl\\\/wp-content\\\/uploads\\\/2026\\\/07\\\/MFN-MuzeumGazowni-TerminyLipiec.jpg\",\"contentUrl\":\"https:\\\/\\\/muzeumfabrykinorblina.pl\\\/wp-content\\\/uploads\\\/2026\\\/07\\\/MFN-MuzeumGazowni-TerminyLipiec.jpg\",\"width\":1080,\"height\":1350},{\"@type\":\"BreadcrumbList\",\"@id\":\"https:\\\/\\\/muzeumfabrykinorblina.pl\\\/?p=8124#breadcrumb\",\"itemListElement\":[{\"@type\":\"ListItem\",\"position\":1,\"name\":\"Strona g\u0142\u00f3wna\",\"item\":\"https:\\\/\\\/muzeumfabrykinorblina.pl\\\/\"},{\"@type\":\"ListItem\",\"position\":2,\"name\":\"Lipiec w Muzeum Gazowni Warszawskiej\"}]},{\"@type\":\"WebSite\",\"@id\":\"https:\\\/\\\/muzeumfabrykinorblina.pl\\\/#website\",\"url\":\"https:\\\/\\\/muzeumfabrykinorblina.pl\\\/\",\"name\":\"Muzeum Fabryki Norblina\",\"description\":\"Fabryka Norblina\",\"publisher\":{\"@id\":\"https:\\\/\\\/muzeumfabrykinorblina.pl\\\/#organization\"},\"potentialAction\":[{\"@type\":\"SearchAction\",\"target\":{\"@type\":\"EntryPoint\",\"urlTemplate\":\"https:\\\/\\\/muzeumfabrykinorblina.pl\\\/?s={search_term_string}\"},\"query-input\":{\"@type\":\"PropertyValueSpecification\",\"valueRequired\":true,\"valueName\":\"search_term_string\"}}],\"inLanguage\":\"pl-PL\"},{\"@type\":\"Organization\",\"@id\":\"https:\\\/\\\/muzeumfabrykinorblina.pl\\\/#organization\",\"name\":\"Muzeum Fabryki Norblina\",\"url\":\"https:\\\/\\\/muzeumfabrykinorblina.pl\\\/\",\"logo\":{\"@type\":\"ImageObject\",\"inLanguage\":\"pl-PL\",\"@id\":\"https:\\\/\\\/muzeumfabrykinorblina.pl\\\/#\\\/schema\\\/logo\\\/image\\\/\",\"url\":\"https:\\\/\\\/muzeumfabrykinorblina.pl\\\/wp-content\\\/uploads\\\/2023\\\/11\\\/MFN_Featured-image_1200x675.jpg\",\"contentUrl\":\"https:\\\/\\\/muzeumfabrykinorblina.pl\\\/wp-content\\\/uploads\\\/2023\\\/11\\\/MFN_Featured-image_1200x675.jpg\",\"width\":1200,\"height\":675,\"caption\":\"Muzeum Fabryki Norblina\"},\"image\":{\"@id\":\"https:\\\/\\\/muzeumfabrykinorblina.pl\\\/#\\\/schema\\\/logo\\\/image\\\/\"},\"sameAs\":[\"https:\\\/\\\/www.facebook.com\\\/MuzeumFabrykiNorblina\",\"https:\\\/\\\/www.instagram.com\\\/muzeumfabrykinorblina\\\/\"]},{\"@type\":\"Person\",\"@id\":\"https:\\\/\\\/muzeumfabrykinorblina.pl\\\/#\\\/schema\\\/person\\\/4f1632ef79031887e0e24c4ea9d3472e\",\"name\":\"Agata Ilnicka\",\"image\":{\"@type\":\"ImageObject\",\"inLanguage\":\"pl-PL\",\"@id\":\"https:\\\/\\\/secure.gravatar.com\\\/avatar\\\/0c850e3cc969e3bec61971337ea044add4e3b6da745c50448fbab5c86b0b85d9?s=96&d=mm&r=g\",\"url\":\"https:\\\/\\\/secure.gravatar.com\\\/avatar\\\/0c850e3cc969e3bec61971337ea044add4e3b6da745c50448fbab5c86b0b85d9?s=96&d=mm&r=g\",\"contentUrl\":\"https:\\\/\\\/secure.gravatar.com\\\/avatar\\\/0c850e3cc969e3bec61971337ea044add4e3b6da745c50448fbab5c86b0b85d9?s=96&d=mm&r=g\",\"caption\":\"Agata Ilnicka\"},\"url\":\"https:\\\/\\\/muzeumfabrykinorblina.pl\\\/?author=9\"}]}<\/script>\n<!-- \/ Yoast SEO plugin. -->","yoast_head_json":{"title":"Lipiec w Muzeum Gazowni Warszawskiej | Muzeum Fabryki Norblina","robots":{"index":"index","follow":"follow","max-snippet":"max-snippet:-1","max-image-preview":"max-image-preview:large","max-video-preview":"max-video-preview:-1"},"canonical":"https:\/\/muzeumfabrykinorblina.pl\/?p=8124","og_locale":"pl_PL","og_type":"article","og_title":"Lipiec w Muzeum Gazowni Warszawskiej | Muzeum Fabryki Norblina","og_description":"Zobacz, co czeka Ci\u0119 w lipcu w Muzeum Gazowni Warszawskiej.\u00a0Wernisa\u017c, rodzinne warsztaty, spotkanie wok\u00f3\u0142 ksi\u0105\u017cki i dzie\u0144 pe\u0142en atrakcji dla dzieci. Sprawd\u017a kalendarz wydarze\u0144 i zaplanuj swoj\u0105 wizyt\u0119. 03.07 | 18:30Wernisa\u017c wystawy \u201eZmys\u0142owo\u015b\u0107 i tajemnica\u201d 08.07 | 11:00\u201315:00Dni Bezpiecze\u0144stwa ORLEN \u2013 warsztaty, spotkanie z Bartoszem Marsza\u0142kiem, quizy i atrakcje dla dzieci 12.07 | 11:00Warsztaty rodzinne [&hellip;]","og_url":"https:\/\/muzeumfabrykinorblina.pl\/?p=8124","og_site_name":"Muzeum Fabryki Norblina","article_publisher":"https:\/\/www.facebook.com\/MuzeumFabrykiNorblina","article_published_time":"2026-07-13T14:50:49+00:00","article_modified_time":"2026-07-14T07:55:58+00:00","og_image":[{"width":1080,"height":1350,"url":"http:\/\/muzeumfabrykinorblina.pl\/wp-content\/uploads\/2026\/07\/MFN-MuzeumGazowni-TerminyLipiec.jpg","type":"image\/jpeg"}],"author":"Agata Ilnicka","twitter_card":"summary_large_image","twitter_misc":{"Napisane przez":"Agata Ilnicka","Szacowany czas czytania":"1 minuta"},"schema":{"@context":"https:\/\/schema.org","@graph":[{"@type":"Article","@id":"https:\/\/muzeumfabrykinorblina.pl\/?p=8124#article","isPartOf":{"@id":"https:\/\/muzeumfabrykinorblina.pl\/?p=8124"},"author":{"name":"Agata Ilnicka","@id":"https:\/\/muzeumfabrykinorblina.pl\/#\/schema\/person\/4f1632ef79031887e0e24c4ea9d3472e"},"headline":"Lipiec w Muzeum Gazowni Warszawskiej","datePublished":"2026-07-13T14:50:49+00:00","dateModified":"2026-07-14T07:55:58+00:00","mainEntityOfPage":{"@id":"https:\/\/muzeumfabrykinorblina.pl\/?p=8124"},"wordCount":72,"publisher":{"@id":"https:\/\/muzeumfabrykinorblina.pl\/#organization"},"image":{"@id":"https:\/\/muzeumfabrykinorblina.pl\/?p=8124#primaryimage"},"thumbnailUrl":"https:\/\/muzeumfabrykinorblina.pl\/wp-content\/uploads\/2026\/07\/MFN-MuzeumGazowni-TerminyLipiec.jpg","articleSection":["Partnerzy"],"inLanguage":"pl-PL"},{"@type":"WebPage","@id":"https:\/\/muzeumfabrykinorblina.pl\/?p=8124","url":"https:\/\/muzeumfabrykinorblina.pl\/?p=8124","name":"Lipiec w Muzeum Gazowni Warszawskiej | Muzeum Fabryki Norblina","isPartOf":{"@id":"https:\/\/muzeumfabrykinorblina.pl\/#website"},"primaryImageOfPage":{"@id":"https:\/\/muzeumfabrykinorblina.pl\/?p=8124#primaryimage"},"image":{"@id":"https:\/\/muzeumfabrykinorblina.pl\/?p=8124#primaryimage"},"thumbnailUrl":"https:\/\/muzeumfabrykinorblina.pl\/wp-content\/uploads\/2026\/07\/MFN-MuzeumGazowni-TerminyLipiec.jpg","datePublished":"2026-07-13T14:50:49+00:00","dateModified":"2026-07-14T07:55:58+00:00","breadcrumb":{"@id":"https:\/\/muzeumfabrykinorblina.pl\/?p=8124#breadcrumb"},"inLanguage":"pl-PL","potentialAction":[{"@type":"ReadAction","target":["https:\/\/muzeumfabrykinorblina.pl\/?p=8124"]}]},{"@type":"ImageObject","inLanguage":"pl-PL","@id":"https:\/\/muzeumfabrykinorblina.pl\/?p=8124#primaryimage","url":"https:\/\/muzeumfabrykinorblina.pl\/wp-content\/uploads\/2026\/07\/MFN-MuzeumGazowni-TerminyLipiec.jpg","contentUrl":"https:\/\/muzeumfabrykinorblina.pl\/wp-content\/uploads\/2026\/07\/MFN-MuzeumGazowni-TerminyLipiec.jpg","width":1080,"height":1350},{"@type":"BreadcrumbList","@id":"https:\/\/muzeumfabrykinorblina.pl\/?p=8124#breadcrumb","itemListElement":[{"@type":"ListItem","position":1,"name":"Strona g\u0142\u00f3wna","item":"https:\/\/muzeumfabrykinorblina.pl\/"},{"@type":"ListItem","position":2,"name":"Lipiec w Muzeum Gazowni Warszawskiej"}]},{"@type":"WebSite","@id":"https:\/\/muzeumfabrykinorblina.pl\/#website","url":"https:\/\/muzeumfabrykinorblina.pl\/","name":"Muzeum Fabryki Norblina","description":"Fabryka Norblina","publisher":{"@id":"https:\/\/muzeumfabrykinorblina.pl\/#organization"},"potentialAction":[{"@type":"SearchAction","target":{"@type":"EntryPoint","urlTemplate":"https:\/\/muzeumfabrykinorblina.pl\/?s={search_term_string}"},"query-input":{"@type":"PropertyValueSpecification","valueRequired":true,"valueName":"search_term_string"}}],"inLanguage":"pl-PL"},{"@type":"Organization","@id":"https:\/\/muzeumfabrykinorblina.pl\/#organization","name":"Muzeum Fabryki Norblina","url":"https:\/\/muzeumfabrykinorblina.pl\/","logo":{"@type":"ImageObject","inLanguage":"pl-PL","@id":"https:\/\/muzeumfabrykinorblina.pl\/#\/schema\/logo\/image\/","url":"https:\/\/muzeumfabrykinorblina.pl\/wp-content\/uploads\/2023\/11\/MFN_Featured-image_1200x675.jpg","contentUrl":"https:\/\/muzeumfabrykinorblina.pl\/wp-content\/uploads\/2023\/11\/MFN_Featured-image_1200x675.jpg","width":1200,"height":675,"caption":"Muzeum Fabryki Norblina"},"image":{"@id":"https:\/\/muzeumfabrykinorblina.pl\/#\/schema\/logo\/image\/"},"sameAs":["https:\/\/www.facebook.com\/MuzeumFabrykiNorblina","https:\/\/www.instagram.com\/muzeumfabrykinorblina\/"]},{"@type":"Person","@id":"https:\/\/muzeumfabrykinorblina.pl\/#\/schema\/person\/4f1632ef79031887e0e24c4ea9d3472e","name":"Agata Ilnicka","image":{"@type":"ImageObject","inLanguage":"pl-PL","@id":"https:\/\/secure.gravatar.com\/avatar\/0c850e3cc969e3bec61971337ea044add4e3b6da745c50448fbab5c86b0b85d9?s=96&d=mm&r=g","url":"https:\/\/secure.gravatar.com\/avatar\/0c850e3cc969e3bec61971337ea044add4e3b6da745c50448fbab5c86b0b85d9?s=96&d=mm&r=g","contentUrl":"https:\/\/secure.gravatar.com\/avatar\/0c850e3cc969e3bec61971337ea044add4e3b6da745c50448fbab5c86b0b85d9?s=96&d=mm&r=g","caption":"Agata Ilnicka"},"url":"https:\/\/muzeumfabrykinorblina.pl\/?author=9"}]}},"lang":"pl","translations":{"pl":8124},"builder_content":"","pll_sync_post":{},"_links":{"self":[{"href":"https:\/\/muzeumfabrykinorblina.pl\/index.php?rest_route=\/wp\/v2\/posts\/8124","targetHints":{"allow":["GET"]}}],"collection":[{"href":"https:\/\/muzeumfabrykinorblina.pl\/index.php?rest_route=\/wp\/v2\/posts"}],"about":[{"href":"https:\/\/muzeumfabrykinorblina.pl\/index.php?rest_route=\/wp\/v2\/types\/post"}],"author":[{"embeddable":true,"href":"https:\/\/muzeumfabrykinorblina.pl\/index.php?rest_route=\/wp\/v2\/users\/9"}],"replies":[{"embeddable":true,"href":"https:\/\/muzeumfabrykinorblina.pl\/index.php?rest_route=%2Fwp%2Fv2%2Fcomments&post=8124"}],"version-history":[{"count":10,"href":"https:\/\/muzeumfabrykinorblina.pl\/index.php?rest_route=\/wp\/v2\/posts\/8124\/revisions"}],"predecessor-version":[{"id":8142,"href":"https:\/\/muzeumfabrykinorblina.pl\/index.php?rest_route=\/wp\/v2\/posts\/8124\/revisions\/8142"}],"wp:featuredmedia":[{"embeddable":true,"href":"https:\/\/muzeumfabrykinorblina.pl\/index.php?rest_route=\/wp\/v2\/media\/8125"}],"wp:attachment":[{"href":"https:\/\/muzeumfabrykinorblina.pl\/index.php?rest_route=%2Fwp%2Fv2%2Fmedia&parent=8124"}],"wp:term":[{"taxonomy":"category","embeddable":true,"href":"https:\/\/muzeumfabrykinorblina.pl\/index.php?rest_route=%2Fwp%2Fv2%2Fcategories&post=8124"},{"taxonomy":"post_tag","embeddable":true,"href":"https:\/\/muzeumfabrykinorblina.pl\/index.php?rest_route=%2Fwp%2Fv2%2Ftags&post=8124"}],"curies":[{"name":"wp","href":"https:\/\/api.w.org\/{rel}","templated":true}]}}