{"id":8056,"date":"2026-07-13T14:51:52","date_gmt":"2026-07-13T12:51:52","guid":{"rendered":"https:\/\/muzeumfabrykinorblina.pl\/?p=8056"},"modified":"2026-07-13T14:52:42","modified_gmt":"2026-07-13T12:52:42","slug":"fabryka-smaku-od-fabryki-norblina-do-biobazaru","status":"publish","type":"post","link":"https:\/\/muzeumfabrykinorblina.pl\/?p=8056","title":{"rendered":"FABRYKA SMAKU. Od Fabryki Norblina do BioBazaru"},"content":{"rendered":"\n<p class=\"wp-block-paragraph\"><strong>Jak wygl\u0105da spacer?<\/strong><\/p>\n\n\n\n<div style=\"height:12px\" aria-hidden=\"true\" class=\"wp-block-spacer\"><\/div>\n\n\n\n<p class=\"wp-block-paragraph\"><strong>Start: <strong>Muzeum Fabryki Norblina<\/strong><br><\/strong>Spacer rozpoczyna si\u0119 w Muzeum Fabryki Norblina. Wraz z przewodniczk\u0105 poznasz histori\u0119 jednego z najwa\u017cniejszych zak\u0142ad\u00f3w przemys\u0142owych dawnej Warszawy.<\/p>\n\n\n\n<p class=\"wp-block-paragraph\">Zobaczysz zabytkowe maszyny i kolekcj\u0119 plater\u00f3w produkowanych w dawnej fabryce. Dowiesz si\u0119, jak wygl\u0105da\u0142a produkcja przedmiot\u00f3w, kt\u00f3re trafia\u0142y na sto\u0142y w Polsce i za granic\u0105, oraz jak zmienia\u0142y si\u0119 zwyczaje zwi\u0105zane z jedzeniem i kultur\u0105 sto\u0142u.<\/p>\n\n\n\n<div style=\"height:12px\" aria-hidden=\"true\" class=\"wp-block-spacer\"><\/div>\n\n\n\n<div style=\"height:12px\" aria-hidden=\"true\" class=\"wp-block-spacer\"><\/div>\n\n\n\n<p class=\"wp-block-paragraph\"><strong>Warszawa od kuchni<\/strong><\/p>\n\n\n\n<p class=\"wp-block-paragraph\">Od historii plater\u00f3w przejdziemy do opowie\u015bci o tym, co na nich podawano.<\/p>\n\n\n\n<p class=\"wp-block-paragraph\">Poznasz histori\u0119 dawnych warszawskich targowisk oraz dowiesz si\u0119, co jadali mieszka\u0144cy miasta na co dzie\u0144, a co pojawia\u0142o si\u0119 na sto\u0142ach od \u015bwi\u0119ta.<\/p>\n\n\n\n<p class=\"wp-block-paragraph\">To opowie\u015b\u0107 o Warszawie widzianej przez jedzenie, handel i codzienne \u017cycie jej mieszka\u0144c\u00f3w.<\/p>\n\n\n\n<div style=\"height:12px\" aria-hidden=\"true\" class=\"wp-block-spacer\"><\/div>\n\n\n\n<div style=\"height:12px\" aria-hidden=\"true\" class=\"wp-block-spacer\"><\/div>\n\n\n\n<p class=\"wp-block-paragraph\"><strong>Fina\u0142: <strong><strong>degustacja na BioBazarze<\/strong><\/strong><br><\/strong>Spacer ko\u0144czy si\u0119 na BioBazarze \u2013 pierwszym w Polsce certyfikowanym targu ekologicznym.<\/p>\n\n\n\n<p class=\"wp-block-paragraph\">Podczas degustacji spr\u00f3bujesz wybranych produkt\u00f3w od producent\u00f3w i rzemie\u015blnik\u00f3w obecnych na BioBazarze. W menu znajd\u0105 si\u0119 m.in. sery, domowe pesto, bliny z gravlaxem i ekologiczne pieczywo, a cz\u0119\u015b\u0107 smak\u00f3w pozostanie niespodziank\u0105.<\/p>\n\n\n\n<div style=\"height:12px\" aria-hidden=\"true\" class=\"wp-block-spacer\"><\/div>\n\n\n\n<p class=\"wp-block-paragraph\"><strong><strong><strong>Kto prowadzi spacer?<\/strong><\/strong><\/strong><\/p>\n\n\n\n<p class=\"wp-block-paragraph\">Spacer prowadzi Anna Bloch \u2013 licencjonowana przewodniczka po Warszawie i tw\u00f3rczyni Warsaw Food Stories.<\/p>\n\n\n\n<div style=\"height:12px\" aria-hidden=\"true\" class=\"wp-block-spacer\"><\/div>\n\n\n\n<p class=\"wp-block-paragraph\"><strong><strong>Co obejmuje bilet?<\/strong><\/strong><\/p>\n\n\n\n<p class=\"wp-block-paragraph\">\u2013 wst\u0119p do Muzeum Fabryki Norblina,<br>\u2013 spacer z licencjonowan\u0105 przewodniczk\u0105,<br>\u2013 opowie\u015b\u0107 o historii Fabryki Norblina, platerach i kulinarnej historii Warszawy,<br>\u2013 degustacj\u0119 produkt\u00f3w na BioBazarze.<\/p>\n\n\n\n<p class=\"wp-block-paragraph\">\u2013 wst\u0119p do Muzeum Fabryki Norblina,<br>\u2013 spacer z licencjonowan\u0105 przewodniczk\u0105,<br>\u2013 opowie\u015b\u0107 o historii Fabryki Norblina, platerach i kulinarnej historii Warszawy,<br>\u2013 degustacj\u0119 produkt\u00f3w na BioBazarze.<\/p>\n\n\n\n<div style=\"height:12px\" aria-hidden=\"true\" class=\"wp-block-spacer\"><\/div>\n\n\n\n<div style=\"height:12px\" aria-hidden=\"true\" class=\"wp-block-spacer\"><\/div>\n\n\n\n<p class=\"wp-block-paragraph\"><strong>Wa\u017cne informacje<\/strong><\/p>\n\n\n\n<p class=\"wp-block-paragraph\">Degustacja przygotowywana jest ze \u015bwie\u017cych produkt\u00f3w zamawianych wcze\u015bniej u konkretnych producent\u00f3w. Z tego wzgl\u0119du bilety nie s\u0105 dost\u0119pne w sprzeda\u017cy na miejscu, a zapisy na spacer zamykane s\u0105 z wyprzedzeniem.<\/p>\n\n\n<!-- wp:themify-builder\/canvas \/-->","protected":false},"excerpt":{"rendered":"<p>Jak wygl\u0105da spacer? Start: Muzeum Fabryki NorblinaSpacer rozpoczyna si\u0119 w Muzeum Fabryki Norblina. Wraz z przewodniczk\u0105 poznasz histori\u0119 jednego z najwa\u017cniejszych zak\u0142ad\u00f3w przemys\u0142owych dawnej Warszawy. Zobaczysz zabytkowe maszyny i kolekcj\u0119 plater\u00f3w produkowanych w dawnej fabryce. Dowiesz si\u0119, jak wygl\u0105da\u0142a produkcja przedmiot\u00f3w, kt\u00f3re trafia\u0142y na sto\u0142y w Polsce i za granic\u0105, oraz jak zmienia\u0142y si\u0119 zwyczaje [&hellip;]<\/p>\n","protected":false},"author":15,"featured_media":8110,"comment_status":"closed","ping_status":"closed","sticky":false,"template":"","format":"standard","meta":{"_acf_changed":false,"_monsterinsights_skip_tracking":false,"footnotes":""},"categories":[72,105,63,76],"tags":[],"class_list":["post-8056","post","type-post","status-publish","format-standard","has-post-thumbnail","hentry","category-do-kupienia","category-dostepne","category-wycieczki","category-wycieczki-stale","has-post-title","has-post-date","has-post-category","has-post-tag","has-post-comment","has-post-author",""],"acf":[],"yoast_head":"<!-- This site is optimized with the Yoast SEO plugin v28.2 - https:\/\/yoast.com\/product\/yoast-seo-wordpress\/ -->\n<title>FABRYKA SMAKU. Od Fabryki Norblina do BioBazaru | Muzeum Fabryki Norblina<\/title>\n<meta name=\"description\" content=\"Odkryj Warszaw\u0119 z unikalnej perspektywy! W jednej trasie po\u0142\u0105czysz histori\u0119 Woli, przeja\u017cd\u017ck\u0119 zabytkow\u0105 Nys\u0105 522 i zwiedzanie Muzeum \u017bycia w PRL. Prze\u017cyj niezapomnian\u0105 podr\u00f3\u017c przez czas!\" \/>\n<meta name=\"robots\" content=\"index, follow, max-snippet:-1, max-image-preview:large, max-video-preview:-1\" \/>\n<link rel=\"canonical\" href=\"https:\/\/muzeumfabrykinorblina.pl\/?p=8056\" \/>\n<meta property=\"og:locale\" content=\"pl_PL\" \/>\n<meta property=\"og:type\" content=\"article\" \/>\n<meta property=\"og:title\" content=\"Trzy atrakcje \u2013 jedna podr\u00f3\u017c w czasie\" \/>\n<meta property=\"og:description\" content=\"Odkryj Warszaw\u0119 z unikalnej perspektywy! W jednej trasie po\u0142\u0105czysz histori\u0119 Woli, przeja\u017cd\u017ck\u0119 zabytkow\u0105 Nys\u0105 522 i zwiedzanie Muzeum \u017bycia w PRL. Prze\u017cyj niezapomnian\u0105 podr\u00f3\u017c przez czas!\" \/>\n<meta property=\"og:url\" content=\"https:\/\/muzeumfabrykinorblina.pl\/?p=8056\" \/>\n<meta property=\"og:site_name\" content=\"Muzeum Fabryki Norblina\" \/>\n<meta property=\"article:publisher\" content=\"https:\/\/www.facebook.com\/MuzeumFabrykiNorblina\" \/>\n<meta property=\"article:published_time\" content=\"2026-07-13T12:51:52+00:00\" \/>\n<meta property=\"article:modified_time\" content=\"2026-07-13T12:52:42+00:00\" \/>\n<meta property=\"og:image\" content=\"http:\/\/muzeumfabrykinorblina.pl\/wp-content\/uploads\/2023\/10\/MFN_Theme-logo.jpg\" \/>\n\t<meta property=\"og:image:width\" content=\"1080\" \/>\n\t<meta property=\"og:image:height\" content=\"1080\" \/>\n\t<meta property=\"og:image:type\" content=\"image\/jpeg\" \/>\n<meta name=\"author\" content=\"Mateusz Marczyk\" \/>\n<meta name=\"twitter:card\" content=\"summary_large_image\" \/>\n<meta name=\"twitter:title\" content=\"Trzy atrakcje \u2013 jedna podr\u00f3\u017c w czasie\" \/>\n<meta name=\"twitter:description\" content=\"Odkryj Warszaw\u0119 z unikalnej perspektywy! W jednej trasie po\u0142\u0105czysz histori\u0119 Woli, przeja\u017cd\u017ck\u0119 zabytkow\u0105 Nys\u0105 522 i zwiedzanie Muzeum \u017bycia w PRL. Prze\u017cyj niezapomnian\u0105 podr\u00f3\u017c przez czas!\" \/>\n<meta name=\"twitter:image\" content=\"https:\/\/muzeumfabrykinorblina.pl\/wp-content\/uploads\/2023\/10\/MFN_Theme-logo.jpg\" \/>\n<meta name=\"twitter:label1\" content=\"Napisane przez\" \/>\n\t<meta name=\"twitter:data1\" content=\"Mateusz Marczyk\" \/>\n\t<meta name=\"twitter:label2\" content=\"Szacowany czas czytania\" \/>\n\t<meta name=\"twitter:data2\" content=\"2 minuty\" \/>\n<script type=\"application\/ld+json\" class=\"yoast-schema-graph\">{\"@context\":\"https:\\\/\\\/schema.org\",\"@graph\":[{\"@type\":\"Article\",\"@id\":\"https:\\\/\\\/muzeumfabrykinorblina.pl\\\/?p=8056#article\",\"isPartOf\":{\"@id\":\"https:\\\/\\\/muzeumfabrykinorblina.pl\\\/?p=8056\"},\"author\":{\"name\":\"Mateusz Marczyk\",\"@id\":\"https:\\\/\\\/muzeumfabrykinorblina.pl\\\/#\\\/schema\\\/person\\\/0dfd2bddff05e5d5ee530da13ccf3b28\"},\"headline\":\"FABRYKA SMAKU. Od Fabryki Norblina do BioBazaru\",\"datePublished\":\"2026-07-13T12:51:52+00:00\",\"dateModified\":\"2026-07-13T12:52:42+00:00\",\"mainEntityOfPage\":{\"@id\":\"https:\\\/\\\/muzeumfabrykinorblina.pl\\\/?p=8056\"},\"wordCount\":307,\"publisher\":{\"@id\":\"https:\\\/\\\/muzeumfabrykinorblina.pl\\\/#organization\"},\"image\":{\"@id\":\"https:\\\/\\\/muzeumfabrykinorblina.pl\\\/?p=8056#primaryimage\"},\"thumbnailUrl\":\"https:\\\/\\\/muzeumfabrykinorblina.pl\\\/wp-content\\\/uploads\\\/2026\\\/07\\\/Food-Tour-Fabryka-Smaku-1200x630px.jpg\",\"articleSection\":[\"Do kupienia\",\"Dost\u0119pne\",\"Wycieczki\",\"Wycieczki sta\u0142e\"],\"inLanguage\":\"pl-PL\"},{\"@type\":\"WebPage\",\"@id\":\"https:\\\/\\\/muzeumfabrykinorblina.pl\\\/?p=8056\",\"url\":\"https:\\\/\\\/muzeumfabrykinorblina.pl\\\/?p=8056\",\"name\":\"FABRYKA SMAKU. Od Fabryki Norblina do BioBazaru | Muzeum Fabryki Norblina\",\"isPartOf\":{\"@id\":\"https:\\\/\\\/muzeumfabrykinorblina.pl\\\/#website\"},\"primaryImageOfPage\":{\"@id\":\"https:\\\/\\\/muzeumfabrykinorblina.pl\\\/?p=8056#primaryimage\"},\"image\":{\"@id\":\"https:\\\/\\\/muzeumfabrykinorblina.pl\\\/?p=8056#primaryimage\"},\"thumbnailUrl\":\"https:\\\/\\\/muzeumfabrykinorblina.pl\\\/wp-content\\\/uploads\\\/2026\\\/07\\\/Food-Tour-Fabryka-Smaku-1200x630px.jpg\",\"datePublished\":\"2026-07-13T12:51:52+00:00\",\"dateModified\":\"2026-07-13T12:52:42+00:00\",\"description\":\"Odkryj Warszaw\u0119 z unikalnej perspektywy! W jednej trasie po\u0142\u0105czysz histori\u0119 Woli, przeja\u017cd\u017ck\u0119 zabytkow\u0105 Nys\u0105 522 i zwiedzanie Muzeum \u017bycia w PRL. Prze\u017cyj niezapomnian\u0105 podr\u00f3\u017c przez czas!\",\"breadcrumb\":{\"@id\":\"https:\\\/\\\/muzeumfabrykinorblina.pl\\\/?p=8056#breadcrumb\"},\"inLanguage\":\"pl-PL\",\"potentialAction\":[{\"@type\":\"ReadAction\",\"target\":[\"https:\\\/\\\/muzeumfabrykinorblina.pl\\\/?p=8056\"]}]},{\"@type\":\"ImageObject\",\"inLanguage\":\"pl-PL\",\"@id\":\"https:\\\/\\\/muzeumfabrykinorblina.pl\\\/?p=8056#primaryimage\",\"url\":\"https:\\\/\\\/muzeumfabrykinorblina.pl\\\/wp-content\\\/uploads\\\/2026\\\/07\\\/Food-Tour-Fabryka-Smaku-1200x630px.jpg\",\"contentUrl\":\"https:\\\/\\\/muzeumfabrykinorblina.pl\\\/wp-content\\\/uploads\\\/2026\\\/07\\\/Food-Tour-Fabryka-Smaku-1200x630px.jpg\",\"width\":1200,\"height\":630},{\"@type\":\"BreadcrumbList\",\"@id\":\"https:\\\/\\\/muzeumfabrykinorblina.pl\\\/?p=8056#breadcrumb\",\"itemListElement\":[{\"@type\":\"ListItem\",\"position\":1,\"name\":\"Strona g\u0142\u00f3wna\",\"item\":\"https:\\\/\\\/muzeumfabrykinorblina.pl\\\/\"},{\"@type\":\"ListItem\",\"position\":2,\"name\":\"FABRYKA SMAKU. Od Fabryki Norblina do BioBazaru\"}]},{\"@type\":\"WebSite\",\"@id\":\"https:\\\/\\\/muzeumfabrykinorblina.pl\\\/#website\",\"url\":\"https:\\\/\\\/muzeumfabrykinorblina.pl\\\/\",\"name\":\"Muzeum Fabryki Norblina\",\"description\":\"Fabryka Norblina\",\"publisher\":{\"@id\":\"https:\\\/\\\/muzeumfabrykinorblina.pl\\\/#organization\"},\"potentialAction\":[{\"@type\":\"SearchAction\",\"target\":{\"@type\":\"EntryPoint\",\"urlTemplate\":\"https:\\\/\\\/muzeumfabrykinorblina.pl\\\/?s={search_term_string}\"},\"query-input\":{\"@type\":\"PropertyValueSpecification\",\"valueRequired\":true,\"valueName\":\"search_term_string\"}}],\"inLanguage\":\"pl-PL\"},{\"@type\":\"Organization\",\"@id\":\"https:\\\/\\\/muzeumfabrykinorblina.pl\\\/#organization\",\"name\":\"Muzeum Fabryki Norblina\",\"url\":\"https:\\\/\\\/muzeumfabrykinorblina.pl\\\/\",\"logo\":{\"@type\":\"ImageObject\",\"inLanguage\":\"pl-PL\",\"@id\":\"https:\\\/\\\/muzeumfabrykinorblina.pl\\\/#\\\/schema\\\/logo\\\/image\\\/\",\"url\":\"https:\\\/\\\/muzeumfabrykinorblina.pl\\\/wp-content\\\/uploads\\\/2023\\\/11\\\/MFN_Featured-image_1200x675.jpg\",\"contentUrl\":\"https:\\\/\\\/muzeumfabrykinorblina.pl\\\/wp-content\\\/uploads\\\/2023\\\/11\\\/MFN_Featured-image_1200x675.jpg\",\"width\":1200,\"height\":675,\"caption\":\"Muzeum Fabryki Norblina\"},\"image\":{\"@id\":\"https:\\\/\\\/muzeumfabrykinorblina.pl\\\/#\\\/schema\\\/logo\\\/image\\\/\"},\"sameAs\":[\"https:\\\/\\\/www.facebook.com\\\/MuzeumFabrykiNorblina\",\"https:\\\/\\\/www.instagram.com\\\/muzeumfabrykinorblina\\\/\"]},{\"@type\":\"Person\",\"@id\":\"https:\\\/\\\/muzeumfabrykinorblina.pl\\\/#\\\/schema\\\/person\\\/0dfd2bddff05e5d5ee530da13ccf3b28\",\"name\":\"Mateusz Marczyk\",\"image\":{\"@type\":\"ImageObject\",\"inLanguage\":\"pl-PL\",\"@id\":\"https:\\\/\\\/secure.gravatar.com\\\/avatar\\\/0cef0bdeb2ff3f125b0dd9b4bd2a2fc2b07996fc2705c1e77a1b805cb72564f8?s=96&d=mm&r=g\",\"url\":\"https:\\\/\\\/secure.gravatar.com\\\/avatar\\\/0cef0bdeb2ff3f125b0dd9b4bd2a2fc2b07996fc2705c1e77a1b805cb72564f8?s=96&d=mm&r=g\",\"contentUrl\":\"https:\\\/\\\/secure.gravatar.com\\\/avatar\\\/0cef0bdeb2ff3f125b0dd9b4bd2a2fc2b07996fc2705c1e77a1b805cb72564f8?s=96&d=mm&r=g\",\"caption\":\"Mateusz Marczyk\"},\"url\":\"https:\\\/\\\/muzeumfabrykinorblina.pl\\\/?author=15\"}]}<\/script>\n<!-- \/ Yoast SEO plugin. -->","yoast_head_json":{"title":"FABRYKA SMAKU. Od Fabryki Norblina do BioBazaru | Muzeum Fabryki Norblina","description":"Odkryj Warszaw\u0119 z unikalnej perspektywy! W jednej trasie po\u0142\u0105czysz histori\u0119 Woli, przeja\u017cd\u017ck\u0119 zabytkow\u0105 Nys\u0105 522 i zwiedzanie Muzeum \u017bycia w PRL. Prze\u017cyj niezapomnian\u0105 podr\u00f3\u017c przez czas!","robots":{"index":"index","follow":"follow","max-snippet":"max-snippet:-1","max-image-preview":"max-image-preview:large","max-video-preview":"max-video-preview:-1"},"canonical":"https:\/\/muzeumfabrykinorblina.pl\/?p=8056","og_locale":"pl_PL","og_type":"article","og_title":"Trzy atrakcje \u2013 jedna podr\u00f3\u017c w czasie","og_description":"Odkryj Warszaw\u0119 z unikalnej perspektywy! W jednej trasie po\u0142\u0105czysz histori\u0119 Woli, przeja\u017cd\u017ck\u0119 zabytkow\u0105 Nys\u0105 522 i zwiedzanie Muzeum \u017bycia w PRL. Prze\u017cyj niezapomnian\u0105 podr\u00f3\u017c przez czas!","og_url":"https:\/\/muzeumfabrykinorblina.pl\/?p=8056","og_site_name":"Muzeum Fabryki Norblina","article_publisher":"https:\/\/www.facebook.com\/MuzeumFabrykiNorblina","article_published_time":"2026-07-13T12:51:52+00:00","article_modified_time":"2026-07-13T12:52:42+00:00","og_image":[{"width":1080,"height":1080,"url":"http:\/\/muzeumfabrykinorblina.pl\/wp-content\/uploads\/2023\/10\/MFN_Theme-logo.jpg","type":"image\/jpeg"}],"author":"Mateusz Marczyk","twitter_card":"summary_large_image","twitter_title":"Trzy atrakcje \u2013 jedna podr\u00f3\u017c w czasie","twitter_description":"Odkryj Warszaw\u0119 z unikalnej perspektywy! W jednej trasie po\u0142\u0105czysz histori\u0119 Woli, przeja\u017cd\u017ck\u0119 zabytkow\u0105 Nys\u0105 522 i zwiedzanie Muzeum \u017bycia w PRL. Prze\u017cyj niezapomnian\u0105 podr\u00f3\u017c przez czas!","twitter_image":"https:\/\/muzeumfabrykinorblina.pl\/wp-content\/uploads\/2023\/10\/MFN_Theme-logo.jpg","twitter_misc":{"Napisane przez":"Mateusz Marczyk","Szacowany czas czytania":"2 minuty"},"schema":{"@context":"https:\/\/schema.org","@graph":[{"@type":"Article","@id":"https:\/\/muzeumfabrykinorblina.pl\/?p=8056#article","isPartOf":{"@id":"https:\/\/muzeumfabrykinorblina.pl\/?p=8056"},"author":{"name":"Mateusz Marczyk","@id":"https:\/\/muzeumfabrykinorblina.pl\/#\/schema\/person\/0dfd2bddff05e5d5ee530da13ccf3b28"},"headline":"FABRYKA SMAKU. Od Fabryki Norblina do BioBazaru","datePublished":"2026-07-13T12:51:52+00:00","dateModified":"2026-07-13T12:52:42+00:00","mainEntityOfPage":{"@id":"https:\/\/muzeumfabrykinorblina.pl\/?p=8056"},"wordCount":307,"publisher":{"@id":"https:\/\/muzeumfabrykinorblina.pl\/#organization"},"image":{"@id":"https:\/\/muzeumfabrykinorblina.pl\/?p=8056#primaryimage"},"thumbnailUrl":"https:\/\/muzeumfabrykinorblina.pl\/wp-content\/uploads\/2026\/07\/Food-Tour-Fabryka-Smaku-1200x630px.jpg","articleSection":["Do kupienia","Dost\u0119pne","Wycieczki","Wycieczki sta\u0142e"],"inLanguage":"pl-PL"},{"@type":"WebPage","@id":"https:\/\/muzeumfabrykinorblina.pl\/?p=8056","url":"https:\/\/muzeumfabrykinorblina.pl\/?p=8056","name":"FABRYKA SMAKU. Od Fabryki Norblina do BioBazaru | Muzeum Fabryki Norblina","isPartOf":{"@id":"https:\/\/muzeumfabrykinorblina.pl\/#website"},"primaryImageOfPage":{"@id":"https:\/\/muzeumfabrykinorblina.pl\/?p=8056#primaryimage"},"image":{"@id":"https:\/\/muzeumfabrykinorblina.pl\/?p=8056#primaryimage"},"thumbnailUrl":"https:\/\/muzeumfabrykinorblina.pl\/wp-content\/uploads\/2026\/07\/Food-Tour-Fabryka-Smaku-1200x630px.jpg","datePublished":"2026-07-13T12:51:52+00:00","dateModified":"2026-07-13T12:52:42+00:00","description":"Odkryj Warszaw\u0119 z unikalnej perspektywy! W jednej trasie po\u0142\u0105czysz histori\u0119 Woli, przeja\u017cd\u017ck\u0119 zabytkow\u0105 Nys\u0105 522 i zwiedzanie Muzeum \u017bycia w PRL. Prze\u017cyj niezapomnian\u0105 podr\u00f3\u017c przez czas!","breadcrumb":{"@id":"https:\/\/muzeumfabrykinorblina.pl\/?p=8056#breadcrumb"},"inLanguage":"pl-PL","potentialAction":[{"@type":"ReadAction","target":["https:\/\/muzeumfabrykinorblina.pl\/?p=8056"]}]},{"@type":"ImageObject","inLanguage":"pl-PL","@id":"https:\/\/muzeumfabrykinorblina.pl\/?p=8056#primaryimage","url":"https:\/\/muzeumfabrykinorblina.pl\/wp-content\/uploads\/2026\/07\/Food-Tour-Fabryka-Smaku-1200x630px.jpg","contentUrl":"https:\/\/muzeumfabrykinorblina.pl\/wp-content\/uploads\/2026\/07\/Food-Tour-Fabryka-Smaku-1200x630px.jpg","width":1200,"height":630},{"@type":"BreadcrumbList","@id":"https:\/\/muzeumfabrykinorblina.pl\/?p=8056#breadcrumb","itemListElement":[{"@type":"ListItem","position":1,"name":"Strona g\u0142\u00f3wna","item":"https:\/\/muzeumfabrykinorblina.pl\/"},{"@type":"ListItem","position":2,"name":"FABRYKA SMAKU. Od Fabryki Norblina do BioBazaru"}]},{"@type":"WebSite","@id":"https:\/\/muzeumfabrykinorblina.pl\/#website","url":"https:\/\/muzeumfabrykinorblina.pl\/","name":"Muzeum Fabryki Norblina","description":"Fabryka Norblina","publisher":{"@id":"https:\/\/muzeumfabrykinorblina.pl\/#organization"},"potentialAction":[{"@type":"SearchAction","target":{"@type":"EntryPoint","urlTemplate":"https:\/\/muzeumfabrykinorblina.pl\/?s={search_term_string}"},"query-input":{"@type":"PropertyValueSpecification","valueRequired":true,"valueName":"search_term_string"}}],"inLanguage":"pl-PL"},{"@type":"Organization","@id":"https:\/\/muzeumfabrykinorblina.pl\/#organization","name":"Muzeum Fabryki Norblina","url":"https:\/\/muzeumfabrykinorblina.pl\/","logo":{"@type":"ImageObject","inLanguage":"pl-PL","@id":"https:\/\/muzeumfabrykinorblina.pl\/#\/schema\/logo\/image\/","url":"https:\/\/muzeumfabrykinorblina.pl\/wp-content\/uploads\/2023\/11\/MFN_Featured-image_1200x675.jpg","contentUrl":"https:\/\/muzeumfabrykinorblina.pl\/wp-content\/uploads\/2023\/11\/MFN_Featured-image_1200x675.jpg","width":1200,"height":675,"caption":"Muzeum Fabryki Norblina"},"image":{"@id":"https:\/\/muzeumfabrykinorblina.pl\/#\/schema\/logo\/image\/"},"sameAs":["https:\/\/www.facebook.com\/MuzeumFabrykiNorblina","https:\/\/www.instagram.com\/muzeumfabrykinorblina\/"]},{"@type":"Person","@id":"https:\/\/muzeumfabrykinorblina.pl\/#\/schema\/person\/0dfd2bddff05e5d5ee530da13ccf3b28","name":"Mateusz Marczyk","image":{"@type":"ImageObject","inLanguage":"pl-PL","@id":"https:\/\/secure.gravatar.com\/avatar\/0cef0bdeb2ff3f125b0dd9b4bd2a2fc2b07996fc2705c1e77a1b805cb72564f8?s=96&d=mm&r=g","url":"https:\/\/secure.gravatar.com\/avatar\/0cef0bdeb2ff3f125b0dd9b4bd2a2fc2b07996fc2705c1e77a1b805cb72564f8?s=96&d=mm&r=g","contentUrl":"https:\/\/secure.gravatar.com\/avatar\/0cef0bdeb2ff3f125b0dd9b4bd2a2fc2b07996fc2705c1e77a1b805cb72564f8?s=96&d=mm&r=g","caption":"Mateusz Marczyk"},"url":"https:\/\/muzeumfabrykinorblina.pl\/?author=15"}]}},"lang":"pl","translations":{"pl":8056,"en":8065},"builder_content":"","pll_sync_post":{},"_links":{"self":[{"href":"https:\/\/muzeumfabrykinorblina.pl\/index.php?rest_route=\/wp\/v2\/posts\/8056","targetHints":{"allow":["GET"]}}],"collection":[{"href":"https:\/\/muzeumfabrykinorblina.pl\/index.php?rest_route=\/wp\/v2\/posts"}],"about":[{"href":"https:\/\/muzeumfabrykinorblina.pl\/index.php?rest_route=\/wp\/v2\/types\/post"}],"author":[{"embeddable":true,"href":"https:\/\/muzeumfabrykinorblina.pl\/index.php?rest_route=\/wp\/v2\/users\/15"}],"replies":[{"embeddable":true,"href":"https:\/\/muzeumfabrykinorblina.pl\/index.php?rest_route=%2Fwp%2Fv2%2Fcomments&post=8056"}],"version-history":[{"count":9,"href":"https:\/\/muzeumfabrykinorblina.pl\/index.php?rest_route=\/wp\/v2\/posts\/8056\/revisions"}],"predecessor-version":[{"id":8111,"href":"https:\/\/muzeumfabrykinorblina.pl\/index.php?rest_route=\/wp\/v2\/posts\/8056\/revisions\/8111"}],"wp:featuredmedia":[{"embeddable":true,"href":"https:\/\/muzeumfabrykinorblina.pl\/index.php?rest_route=\/wp\/v2\/media\/8110"}],"wp:attachment":[{"href":"https:\/\/muzeumfabrykinorblina.pl\/index.php?rest_route=%2Fwp%2Fv2%2Fmedia&parent=8056"}],"wp:term":[{"taxonomy":"category","embeddable":true,"href":"https:\/\/muzeumfabrykinorblina.pl\/index.php?rest_route=%2Fwp%2Fv2%2Fcategories&post=8056"},{"taxonomy":"post_tag","embeddable":true,"href":"https:\/\/muzeumfabrykinorblina.pl\/index.php?rest_route=%2Fwp%2Fv2%2Ftags&post=8056"}],"curies":[{"name":"wp","href":"https:\/\/api.w.org\/{rel}","templated":true}]}}