{"id":7954,"date":"2026-07-09T12:49:18","date_gmt":"2026-07-09T10:49:18","guid":{"rendered":"https:\/\/muzeumfabrykinorblina.pl\/?p=7954"},"modified":"2026-07-10T15:34:13","modified_gmt":"2026-07-10T13:34:13","slug":"the-history-of-the-norblin-factory-and-retro-warsaw-with-a-combined-ticket","status":"publish","type":"post","link":"https:\/\/muzeumfabrykinorblina.pl\/?p=7954&lang=en","title":{"rendered":"The History of the Norblin Factory and Retro Warsaw with a Combined Ticket"},"content":{"rendered":"\n<p class=\"wp-block-paragraph\"><strong>What to Expect<\/strong><\/p>\n\n\n\n<div style=\"height:12px\" aria-hidden=\"true\" class=\"wp-block-spacer\"><\/div>\n\n\n\n<p class=\"wp-block-paragraph\"><strong>Start: Norblin Factory Museum<\/strong><br>Your visit begins with the guided tour <strong>&#8222;Norblin Factory in a Nutshell.&#8221;<\/strong> Accompanied by a guide, you&#8217;ll take a one-hour journey through more than 240 years of the history of a site that played a significant role in Warsaw&#8217;s industrial development.<br><\/p>\n\n\n\n<p class=\"wp-block-paragraph\">Along the way, you&#8217;ll discover the factory&#8217;s historic buildings, machinery and equipment, its renowned products, and the stories of the people who shaped its legacy.<\/p>\n\n\n\n<div style=\"height:12px\" aria-hidden=\"true\" class=\"wp-block-spacer\"><\/div>\n\n\n\n<div style=\"height:12px\" aria-hidden=\"true\" class=\"wp-block-spacer\"><\/div>\n\n\n\n<p class=\"wp-block-paragraph\"><strong>Final Stop: &#8222;Retro Warsaw&#8221; at Art Box Experience<\/strong><br>After your tour of the Norblin Factory Museum, you&#8217;ll continue to <strong>Art Box Experience<\/strong>, where the immersive exhibition <strong>&#8222;Retro Warsaw&#8221;<\/strong> awaits.<br><\/p>\n\n\n\n<p class=\"wp-block-paragraph\">Using cutting-edge technology, archival materials and multimedia storytelling, the exhibition transports visitors back to Warsaw as it was nearly a century ago, recreating the city&#8217;s unique atmosphere, architecture and everyday life.<\/p>\n\n\n\n<div style=\"height:12px\" aria-hidden=\"true\" class=\"wp-block-spacer\"><\/div>\n\n\n\n<p class=\"wp-block-paragraph\"><strong>Available Dates<\/strong><br>The offer is available <strong>from 12 July to 30 August 2026<\/strong>.<\/p>\n\n\n\n<div style=\"height:12px\" aria-hidden=\"true\" class=\"wp-block-spacer\"><\/div>\n\n\n\n<p class=\"wp-block-paragraph\"><strong>Group Bookings<\/strong><br>Combined tickets are also available for <strong>organised groups of at least 10 participants<\/strong>.<\/p>\n\n\n\n<p class=\"wp-block-paragraph\"><br>Group visits are arranged individually, subject to the availability of the museum guide and the opening hours of Art Box Experience.<\/p>\n\n\n<!-- wp:themify-builder\/canvas \/-->","protected":false},"excerpt":{"rendered":"<p>What to Expect Start: Norblin Factory MuseumYour visit begins with the guided tour &#8222;Norblin Factory in a Nutshell.&#8221; Accompanied by a guide, you&#8217;ll take a one-hour journey through more than 240 years of the history of a site that played a significant role in Warsaw&#8217;s industrial development. Along the way, you&#8217;ll discover the factory&#8217;s historic [&hellip;]<\/p>\n","protected":false},"author":15,"featured_media":8100,"comment_status":"closed","ping_status":"closed","sticky":false,"template":"","format":"standard","meta":{"_acf_changed":false,"_monsterinsights_skip_tracking":false,"footnotes":""},"categories":[142,140,144,67],"tags":[],"class_list":["post-7954","post","type-post","status-publish","format-standard","has-post-thumbnail","hentry","category-available","category-available-for-purchase","category-regular-tours","category-tours","has-post-title","has-post-date","has-post-category","has-post-tag","has-post-comment","has-post-author",""],"acf":[],"yoast_head":"<!-- This site is optimized with the Yoast SEO plugin v28.2 - https:\/\/yoast.com\/product\/yoast-seo-wordpress\/ -->\n<title>The History of the Norblin Factory and Retro Warsaw with a Combined Ticket | Muzeum Fabryki Norblina<\/title>\n<meta name=\"description\" content=\"Odkryj Warszaw\u0119 z unikalnej perspektywy! W jednej trasie po\u0142\u0105czysz histori\u0119 Woli, przeja\u017cd\u017ck\u0119 zabytkow\u0105 Nys\u0105 522 i zwiedzanie Muzeum \u017bycia w PRL. Prze\u017cyj niezapomnian\u0105 podr\u00f3\u017c przez czas!\" \/>\n<meta name=\"robots\" content=\"index, follow, max-snippet:-1, max-image-preview:large, max-video-preview:-1\" \/>\n<link rel=\"canonical\" href=\"https:\/\/muzeumfabrykinorblina.pl\/?p=7954&lang=en\" \/>\n<meta property=\"og:locale\" content=\"pl_PL\" \/>\n<meta property=\"og:type\" content=\"article\" \/>\n<meta property=\"og:title\" content=\"Trzy atrakcje \u2013 jedna podr\u00f3\u017c w czasie\" \/>\n<meta property=\"og:description\" content=\"Odkryj Warszaw\u0119 z unikalnej perspektywy! W jednej trasie po\u0142\u0105czysz histori\u0119 Woli, przeja\u017cd\u017ck\u0119 zabytkow\u0105 Nys\u0105 522 i zwiedzanie Muzeum \u017bycia w PRL. Prze\u017cyj niezapomnian\u0105 podr\u00f3\u017c przez czas!\" \/>\n<meta property=\"og:url\" content=\"https:\/\/muzeumfabrykinorblina.pl\/?p=7954&amp;lang=en\" \/>\n<meta property=\"og:site_name\" content=\"Muzeum Fabryki Norblina\" \/>\n<meta property=\"article:publisher\" content=\"https:\/\/www.facebook.com\/MuzeumFabrykiNorblina\" \/>\n<meta property=\"article:published_time\" content=\"2026-07-09T10:49:18+00:00\" \/>\n<meta property=\"article:modified_time\" content=\"2026-07-10T13:34:13+00:00\" \/>\n<meta property=\"og:image\" content=\"https:\/\/muzeumfabrykinorblina.pl\/wp-content\/uploads\/2023\/10\/MFN_Theme-logo-300x300.jpg\" \/>\n<meta name=\"author\" content=\"Mateusz Marczyk\" \/>\n<meta name=\"twitter:card\" content=\"summary_large_image\" \/>\n<meta name=\"twitter:title\" content=\"Trzy atrakcje \u2013 jedna podr\u00f3\u017c w czasie\" \/>\n<meta name=\"twitter:description\" content=\"Odkryj Warszaw\u0119 z unikalnej perspektywy! W jednej trasie po\u0142\u0105czysz histori\u0119 Woli, przeja\u017cd\u017ck\u0119 zabytkow\u0105 Nys\u0105 522 i zwiedzanie Muzeum \u017bycia w PRL. Prze\u017cyj niezapomnian\u0105 podr\u00f3\u017c przez czas!\" \/>\n<meta name=\"twitter:image\" content=\"https:\/\/muzeumfabrykinorblina.pl\/wp-content\/uploads\/2023\/10\/MFN_Theme-logo-1024x1024.jpg\" \/>\n<meta name=\"twitter:label1\" content=\"Napisane przez\" \/>\n\t<meta name=\"twitter:data1\" content=\"Mateusz Marczyk\" \/>\n\t<meta name=\"twitter:label2\" content=\"Szacowany czas czytania\" \/>\n\t<meta name=\"twitter:data2\" content=\"2 minuty\" \/>\n<script type=\"application\/ld+json\" class=\"yoast-schema-graph\">{\"@context\":\"https:\\\/\\\/schema.org\",\"@graph\":[{\"@type\":\"Article\",\"@id\":\"https:\\\/\\\/muzeumfabrykinorblina.pl\\\/?p=7954&lang=en#article\",\"isPartOf\":{\"@id\":\"https:\\\/\\\/muzeumfabrykinorblina.pl\\\/?p=7954&lang=en\"},\"author\":{\"name\":\"Mateusz Marczyk\",\"@id\":\"https:\\\/\\\/muzeumfabrykinorblina.pl\\\/#\\\/schema\\\/person\\\/0dfd2bddff05e5d5ee530da13ccf3b28\"},\"headline\":\"The History of the Norblin Factory and Retro Warsaw with a Combined Ticket\",\"datePublished\":\"2026-07-09T10:49:18+00:00\",\"dateModified\":\"2026-07-10T13:34:13+00:00\",\"mainEntityOfPage\":{\"@id\":\"https:\\\/\\\/muzeumfabrykinorblina.pl\\\/?p=7954&lang=en\"},\"wordCount\":196,\"publisher\":{\"@id\":\"https:\\\/\\\/muzeumfabrykinorblina.pl\\\/#organization\"},\"image\":{\"@id\":\"https:\\\/\\\/muzeumfabrykinorblina.pl\\\/?p=7954&lang=en#primaryimage\"},\"thumbnailUrl\":\"https:\\\/\\\/muzeumfabrykinorblina.pl\\\/wp-content\\\/uploads\\\/2026\\\/07\\\/MFN_ABE_1200x630_EN-2.jpg\",\"articleSection\":[\"Available\",\"Available for purchase\",\"Regular tours\",\"Tours\"],\"inLanguage\":\"pl-PL\"},{\"@type\":\"WebPage\",\"@id\":\"https:\\\/\\\/muzeumfabrykinorblina.pl\\\/?p=7954&lang=en\",\"url\":\"https:\\\/\\\/muzeumfabrykinorblina.pl\\\/?p=7954&lang=en\",\"name\":\"The History of the Norblin Factory and Retro Warsaw with a Combined Ticket | Muzeum Fabryki Norblina\",\"isPartOf\":{\"@id\":\"https:\\\/\\\/muzeumfabrykinorblina.pl\\\/#website\"},\"primaryImageOfPage\":{\"@id\":\"https:\\\/\\\/muzeumfabrykinorblina.pl\\\/?p=7954&lang=en#primaryimage\"},\"image\":{\"@id\":\"https:\\\/\\\/muzeumfabrykinorblina.pl\\\/?p=7954&lang=en#primaryimage\"},\"thumbnailUrl\":\"https:\\\/\\\/muzeumfabrykinorblina.pl\\\/wp-content\\\/uploads\\\/2026\\\/07\\\/MFN_ABE_1200x630_EN-2.jpg\",\"datePublished\":\"2026-07-09T10:49:18+00:00\",\"dateModified\":\"2026-07-10T13:34:13+00:00\",\"description\":\"Odkryj Warszaw\u0119 z unikalnej perspektywy! W jednej trasie po\u0142\u0105czysz histori\u0119 Woli, przeja\u017cd\u017ck\u0119 zabytkow\u0105 Nys\u0105 522 i zwiedzanie Muzeum \u017bycia w PRL. Prze\u017cyj niezapomnian\u0105 podr\u00f3\u017c przez czas!\",\"breadcrumb\":{\"@id\":\"https:\\\/\\\/muzeumfabrykinorblina.pl\\\/?p=7954&lang=en#breadcrumb\"},\"inLanguage\":\"pl-PL\",\"potentialAction\":[{\"@type\":\"ReadAction\",\"target\":[\"https:\\\/\\\/muzeumfabrykinorblina.pl\\\/?p=7954&lang=en\"]}]},{\"@type\":\"ImageObject\",\"inLanguage\":\"pl-PL\",\"@id\":\"https:\\\/\\\/muzeumfabrykinorblina.pl\\\/?p=7954&lang=en#primaryimage\",\"url\":\"https:\\\/\\\/muzeumfabrykinorblina.pl\\\/wp-content\\\/uploads\\\/2026\\\/07\\\/MFN_ABE_1200x630_EN-2.jpg\",\"contentUrl\":\"https:\\\/\\\/muzeumfabrykinorblina.pl\\\/wp-content\\\/uploads\\\/2026\\\/07\\\/MFN_ABE_1200x630_EN-2.jpg\",\"width\":1200,\"height\":630},{\"@type\":\"BreadcrumbList\",\"@id\":\"https:\\\/\\\/muzeumfabrykinorblina.pl\\\/?p=7954&lang=en#breadcrumb\",\"itemListElement\":[{\"@type\":\"ListItem\",\"position\":1,\"name\":\"Strona g\u0142\u00f3wna\",\"item\":\"https:\\\/\\\/muzeumfabrykinorblina.pl\\\/\"},{\"@type\":\"ListItem\",\"position\":2,\"name\":\"The History of the Norblin Factory and Retro Warsaw with a Combined Ticket\"}]},{\"@type\":\"WebSite\",\"@id\":\"https:\\\/\\\/muzeumfabrykinorblina.pl\\\/#website\",\"url\":\"https:\\\/\\\/muzeumfabrykinorblina.pl\\\/\",\"name\":\"Muzeum Fabryki Norblina\",\"description\":\"Fabryka Norblina\",\"publisher\":{\"@id\":\"https:\\\/\\\/muzeumfabrykinorblina.pl\\\/#organization\"},\"potentialAction\":[{\"@type\":\"SearchAction\",\"target\":{\"@type\":\"EntryPoint\",\"urlTemplate\":\"https:\\\/\\\/muzeumfabrykinorblina.pl\\\/?s={search_term_string}\"},\"query-input\":{\"@type\":\"PropertyValueSpecification\",\"valueRequired\":true,\"valueName\":\"search_term_string\"}}],\"inLanguage\":\"pl-PL\"},{\"@type\":\"Organization\",\"@id\":\"https:\\\/\\\/muzeumfabrykinorblina.pl\\\/#organization\",\"name\":\"Muzeum Fabryki Norblina\",\"url\":\"https:\\\/\\\/muzeumfabrykinorblina.pl\\\/\",\"logo\":{\"@type\":\"ImageObject\",\"inLanguage\":\"pl-PL\",\"@id\":\"https:\\\/\\\/muzeumfabrykinorblina.pl\\\/#\\\/schema\\\/logo\\\/image\\\/\",\"url\":\"https:\\\/\\\/muzeumfabrykinorblina.pl\\\/wp-content\\\/uploads\\\/2023\\\/11\\\/MFN_Featured-image_1200x675.jpg\",\"contentUrl\":\"https:\\\/\\\/muzeumfabrykinorblina.pl\\\/wp-content\\\/uploads\\\/2023\\\/11\\\/MFN_Featured-image_1200x675.jpg\",\"width\":1200,\"height\":675,\"caption\":\"Muzeum Fabryki Norblina\"},\"image\":{\"@id\":\"https:\\\/\\\/muzeumfabrykinorblina.pl\\\/#\\\/schema\\\/logo\\\/image\\\/\"},\"sameAs\":[\"https:\\\/\\\/www.facebook.com\\\/MuzeumFabrykiNorblina\",\"https:\\\/\\\/www.instagram.com\\\/muzeumfabrykinorblina\\\/\"]},{\"@type\":\"Person\",\"@id\":\"https:\\\/\\\/muzeumfabrykinorblina.pl\\\/#\\\/schema\\\/person\\\/0dfd2bddff05e5d5ee530da13ccf3b28\",\"name\":\"Mateusz Marczyk\",\"image\":{\"@type\":\"ImageObject\",\"inLanguage\":\"pl-PL\",\"@id\":\"https:\\\/\\\/secure.gravatar.com\\\/avatar\\\/0cef0bdeb2ff3f125b0dd9b4bd2a2fc2b07996fc2705c1e77a1b805cb72564f8?s=96&d=mm&r=g\",\"url\":\"https:\\\/\\\/secure.gravatar.com\\\/avatar\\\/0cef0bdeb2ff3f125b0dd9b4bd2a2fc2b07996fc2705c1e77a1b805cb72564f8?s=96&d=mm&r=g\",\"contentUrl\":\"https:\\\/\\\/secure.gravatar.com\\\/avatar\\\/0cef0bdeb2ff3f125b0dd9b4bd2a2fc2b07996fc2705c1e77a1b805cb72564f8?s=96&d=mm&r=g\",\"caption\":\"Mateusz Marczyk\"},\"url\":\"https:\\\/\\\/muzeumfabrykinorblina.pl\\\/?author=15\"}]}<\/script>\n<!-- \/ Yoast SEO plugin. -->","yoast_head_json":{"title":"The History of the Norblin Factory and Retro Warsaw with a Combined Ticket | Muzeum Fabryki Norblina","description":"Odkryj Warszaw\u0119 z unikalnej perspektywy! W jednej trasie po\u0142\u0105czysz histori\u0119 Woli, przeja\u017cd\u017ck\u0119 zabytkow\u0105 Nys\u0105 522 i zwiedzanie Muzeum \u017bycia w PRL. Prze\u017cyj niezapomnian\u0105 podr\u00f3\u017c przez czas!","robots":{"index":"index","follow":"follow","max-snippet":"max-snippet:-1","max-image-preview":"max-image-preview:large","max-video-preview":"max-video-preview:-1"},"canonical":"https:\/\/muzeumfabrykinorblina.pl\/?p=7954&lang=en","og_locale":"pl_PL","og_type":"article","og_title":"Trzy atrakcje \u2013 jedna podr\u00f3\u017c w czasie","og_description":"Odkryj Warszaw\u0119 z unikalnej perspektywy! W jednej trasie po\u0142\u0105czysz histori\u0119 Woli, przeja\u017cd\u017ck\u0119 zabytkow\u0105 Nys\u0105 522 i zwiedzanie Muzeum \u017bycia w PRL. Prze\u017cyj niezapomnian\u0105 podr\u00f3\u017c przez czas!","og_url":"https:\/\/muzeumfabrykinorblina.pl\/?p=7954&lang=en","og_site_name":"Muzeum Fabryki Norblina","article_publisher":"https:\/\/www.facebook.com\/MuzeumFabrykiNorblina","article_published_time":"2026-07-09T10:49:18+00:00","article_modified_time":"2026-07-10T13:34:13+00:00","og_image":[{"url":"https:\/\/muzeumfabrykinorblina.pl\/wp-content\/uploads\/2023\/10\/MFN_Theme-logo-300x300.jpg","type":"","width":"","height":""}],"author":"Mateusz Marczyk","twitter_card":"summary_large_image","twitter_title":"Trzy atrakcje \u2013 jedna podr\u00f3\u017c w czasie","twitter_description":"Odkryj Warszaw\u0119 z unikalnej perspektywy! W jednej trasie po\u0142\u0105czysz histori\u0119 Woli, przeja\u017cd\u017ck\u0119 zabytkow\u0105 Nys\u0105 522 i zwiedzanie Muzeum \u017bycia w PRL. Prze\u017cyj niezapomnian\u0105 podr\u00f3\u017c przez czas!","twitter_image":"https:\/\/muzeumfabrykinorblina.pl\/wp-content\/uploads\/2023\/10\/MFN_Theme-logo-1024x1024.jpg","twitter_misc":{"Napisane przez":"Mateusz Marczyk","Szacowany czas czytania":"2 minuty"},"schema":{"@context":"https:\/\/schema.org","@graph":[{"@type":"Article","@id":"https:\/\/muzeumfabrykinorblina.pl\/?p=7954&lang=en#article","isPartOf":{"@id":"https:\/\/muzeumfabrykinorblina.pl\/?p=7954&lang=en"},"author":{"name":"Mateusz Marczyk","@id":"https:\/\/muzeumfabrykinorblina.pl\/#\/schema\/person\/0dfd2bddff05e5d5ee530da13ccf3b28"},"headline":"The History of the Norblin Factory and Retro Warsaw with a Combined Ticket","datePublished":"2026-07-09T10:49:18+00:00","dateModified":"2026-07-10T13:34:13+00:00","mainEntityOfPage":{"@id":"https:\/\/muzeumfabrykinorblina.pl\/?p=7954&lang=en"},"wordCount":196,"publisher":{"@id":"https:\/\/muzeumfabrykinorblina.pl\/#organization"},"image":{"@id":"https:\/\/muzeumfabrykinorblina.pl\/?p=7954&lang=en#primaryimage"},"thumbnailUrl":"https:\/\/muzeumfabrykinorblina.pl\/wp-content\/uploads\/2026\/07\/MFN_ABE_1200x630_EN-2.jpg","articleSection":["Available","Available for purchase","Regular tours","Tours"],"inLanguage":"pl-PL"},{"@type":"WebPage","@id":"https:\/\/muzeumfabrykinorblina.pl\/?p=7954&lang=en","url":"https:\/\/muzeumfabrykinorblina.pl\/?p=7954&lang=en","name":"The History of the Norblin Factory and Retro Warsaw with a Combined Ticket | Muzeum Fabryki Norblina","isPartOf":{"@id":"https:\/\/muzeumfabrykinorblina.pl\/#website"},"primaryImageOfPage":{"@id":"https:\/\/muzeumfabrykinorblina.pl\/?p=7954&lang=en#primaryimage"},"image":{"@id":"https:\/\/muzeumfabrykinorblina.pl\/?p=7954&lang=en#primaryimage"},"thumbnailUrl":"https:\/\/muzeumfabrykinorblina.pl\/wp-content\/uploads\/2026\/07\/MFN_ABE_1200x630_EN-2.jpg","datePublished":"2026-07-09T10:49:18+00:00","dateModified":"2026-07-10T13:34:13+00:00","description":"Odkryj Warszaw\u0119 z unikalnej perspektywy! W jednej trasie po\u0142\u0105czysz histori\u0119 Woli, przeja\u017cd\u017ck\u0119 zabytkow\u0105 Nys\u0105 522 i zwiedzanie Muzeum \u017bycia w PRL. Prze\u017cyj niezapomnian\u0105 podr\u00f3\u017c przez czas!","breadcrumb":{"@id":"https:\/\/muzeumfabrykinorblina.pl\/?p=7954&lang=en#breadcrumb"},"inLanguage":"pl-PL","potentialAction":[{"@type":"ReadAction","target":["https:\/\/muzeumfabrykinorblina.pl\/?p=7954&lang=en"]}]},{"@type":"ImageObject","inLanguage":"pl-PL","@id":"https:\/\/muzeumfabrykinorblina.pl\/?p=7954&lang=en#primaryimage","url":"https:\/\/muzeumfabrykinorblina.pl\/wp-content\/uploads\/2026\/07\/MFN_ABE_1200x630_EN-2.jpg","contentUrl":"https:\/\/muzeumfabrykinorblina.pl\/wp-content\/uploads\/2026\/07\/MFN_ABE_1200x630_EN-2.jpg","width":1200,"height":630},{"@type":"BreadcrumbList","@id":"https:\/\/muzeumfabrykinorblina.pl\/?p=7954&lang=en#breadcrumb","itemListElement":[{"@type":"ListItem","position":1,"name":"Strona g\u0142\u00f3wna","item":"https:\/\/muzeumfabrykinorblina.pl\/"},{"@type":"ListItem","position":2,"name":"The History of the Norblin Factory and Retro Warsaw with a Combined Ticket"}]},{"@type":"WebSite","@id":"https:\/\/muzeumfabrykinorblina.pl\/#website","url":"https:\/\/muzeumfabrykinorblina.pl\/","name":"Muzeum Fabryki Norblina","description":"Fabryka Norblina","publisher":{"@id":"https:\/\/muzeumfabrykinorblina.pl\/#organization"},"potentialAction":[{"@type":"SearchAction","target":{"@type":"EntryPoint","urlTemplate":"https:\/\/muzeumfabrykinorblina.pl\/?s={search_term_string}"},"query-input":{"@type":"PropertyValueSpecification","valueRequired":true,"valueName":"search_term_string"}}],"inLanguage":"pl-PL"},{"@type":"Organization","@id":"https:\/\/muzeumfabrykinorblina.pl\/#organization","name":"Muzeum Fabryki Norblina","url":"https:\/\/muzeumfabrykinorblina.pl\/","logo":{"@type":"ImageObject","inLanguage":"pl-PL","@id":"https:\/\/muzeumfabrykinorblina.pl\/#\/schema\/logo\/image\/","url":"https:\/\/muzeumfabrykinorblina.pl\/wp-content\/uploads\/2023\/11\/MFN_Featured-image_1200x675.jpg","contentUrl":"https:\/\/muzeumfabrykinorblina.pl\/wp-content\/uploads\/2023\/11\/MFN_Featured-image_1200x675.jpg","width":1200,"height":675,"caption":"Muzeum Fabryki Norblina"},"image":{"@id":"https:\/\/muzeumfabrykinorblina.pl\/#\/schema\/logo\/image\/"},"sameAs":["https:\/\/www.facebook.com\/MuzeumFabrykiNorblina","https:\/\/www.instagram.com\/muzeumfabrykinorblina\/"]},{"@type":"Person","@id":"https:\/\/muzeumfabrykinorblina.pl\/#\/schema\/person\/0dfd2bddff05e5d5ee530da13ccf3b28","name":"Mateusz Marczyk","image":{"@type":"ImageObject","inLanguage":"pl-PL","@id":"https:\/\/secure.gravatar.com\/avatar\/0cef0bdeb2ff3f125b0dd9b4bd2a2fc2b07996fc2705c1e77a1b805cb72564f8?s=96&d=mm&r=g","url":"https:\/\/secure.gravatar.com\/avatar\/0cef0bdeb2ff3f125b0dd9b4bd2a2fc2b07996fc2705c1e77a1b805cb72564f8?s=96&d=mm&r=g","contentUrl":"https:\/\/secure.gravatar.com\/avatar\/0cef0bdeb2ff3f125b0dd9b4bd2a2fc2b07996fc2705c1e77a1b805cb72564f8?s=96&d=mm&r=g","caption":"Mateusz Marczyk"},"url":"https:\/\/muzeumfabrykinorblina.pl\/?author=15"}]}},"lang":"en","translations":{"en":7954,"pl":7902},"builder_content":"","pll_sync_post":{},"_links":{"self":[{"href":"https:\/\/muzeumfabrykinorblina.pl\/index.php?rest_route=\/wp\/v2\/posts\/7954","targetHints":{"allow":["GET"]}}],"collection":[{"href":"https:\/\/muzeumfabrykinorblina.pl\/index.php?rest_route=\/wp\/v2\/posts"}],"about":[{"href":"https:\/\/muzeumfabrykinorblina.pl\/index.php?rest_route=\/wp\/v2\/types\/post"}],"author":[{"embeddable":true,"href":"https:\/\/muzeumfabrykinorblina.pl\/index.php?rest_route=\/wp\/v2\/users\/15"}],"replies":[{"embeddable":true,"href":"https:\/\/muzeumfabrykinorblina.pl\/index.php?rest_route=%2Fwp%2Fv2%2Fcomments&post=7954"}],"version-history":[{"count":11,"href":"https:\/\/muzeumfabrykinorblina.pl\/index.php?rest_route=\/wp\/v2\/posts\/7954\/revisions"}],"predecessor-version":[{"id":8104,"href":"https:\/\/muzeumfabrykinorblina.pl\/index.php?rest_route=\/wp\/v2\/posts\/7954\/revisions\/8104"}],"wp:featuredmedia":[{"embeddable":true,"href":"https:\/\/muzeumfabrykinorblina.pl\/index.php?rest_route=\/wp\/v2\/media\/8100"}],"wp:attachment":[{"href":"https:\/\/muzeumfabrykinorblina.pl\/index.php?rest_route=%2Fwp%2Fv2%2Fmedia&parent=7954"}],"wp:term":[{"taxonomy":"category","embeddable":true,"href":"https:\/\/muzeumfabrykinorblina.pl\/index.php?rest_route=%2Fwp%2Fv2%2Fcategories&post=7954"},{"taxonomy":"post_tag","embeddable":true,"href":"https:\/\/muzeumfabrykinorblina.pl\/index.php?rest_route=%2Fwp%2Fv2%2Ftags&post=7954"}],"curies":[{"name":"wp","href":"https:\/\/api.w.org\/{rel}","templated":true}]}}