{"id":7902,"date":"2026-07-07T11:35:33","date_gmt":"2026-07-07T09:35:33","guid":{"rendered":"https:\/\/muzeumfabrykinorblina.pl\/?p=7902"},"modified":"2026-07-10T15:33:11","modified_gmt":"2026-07-10T13:33:11","slug":"historia-fabryki-norblina-i-retro-warszawa-na-wspolnym-bilecie","status":"publish","type":"post","link":"https:\/\/muzeumfabrykinorblina.pl\/?p=7902","title":{"rendered":"Historia Fabryki Norblina i Retro Warszawa na wsp\u00f3lnym bilecie"},"content":{"rendered":"\n<p class=\"wp-block-paragraph\"><strong>Jak wygl\u0105da wycieczka?<\/strong><\/p>\n\n\n\n<div style=\"height:12px\" aria-hidden=\"true\" class=\"wp-block-spacer\"><\/div>\n\n\n\n<p class=\"wp-block-paragraph\"><strong>Start: <strong>Muzeum Fabryki Norblina<\/strong><br><\/strong>Zwiedzanie rozpoczyna si\u0119 od trasy \u201eFabryka Norblina w pigu\u0142ce\u201d. Wraz z przewodnikiem wyruszysz w oko\u0142o godzinn\u0105 podr\u00f3\u017c przez ponad 240 lat historii miejsca, kt\u00f3re wsp\u00f3\u0142tworzy\u0142o przemys\u0142owy rozw\u00f3j Warszawy.<\/p>\n\n\n\n<p class=\"wp-block-paragraph\">Poznasz zabytkowe budynki, maszyny i urz\u0105dzenia, dawne wyroby oraz historie ludzi zwi\u0105zanych z fabryk\u0105.<\/p>\n\n\n\n<div style=\"height:12px\" aria-hidden=\"true\" class=\"wp-block-spacer\"><\/div>\n\n\n\n<div style=\"height:12px\" aria-hidden=\"true\" class=\"wp-block-spacer\"><\/div>\n\n\n\n<p class=\"wp-block-paragraph\"><strong>Fina\u0142: <strong>\u201eRetro Warszawa\u201d w Art Box Experience<\/strong><br><\/strong>Po zako\u0144czeniu zwiedzania Muzeum Fabryki Norblina przejdziesz do Art Box Experience, gdzie czeka na Ciebie immersyjna wystawa \u201eRetro Warszawa\u201d.<\/p>\n\n\n\n<p class=\"wp-block-paragraph\">Dzi\u0119ki nowoczesnym technologiom, materia\u0142om archiwalnym i multimedialnej narracji przeniesiesz si\u0119 do Warszawy sprzed stu lat, poznaj\u0105c atmosfer\u0119 miasta, jego architektur\u0119 oraz codzienne \u017cycie mieszka\u0144c\u00f3w.<\/p>\n\n\n\n<div style=\"height:12px\" aria-hidden=\"true\" class=\"wp-block-spacer\"><\/div>\n\n\n\n<p class=\"wp-block-paragraph\"><strong><strong>Terminy<\/strong><\/strong><\/p>\n\n\n\n<p class=\"wp-block-paragraph\">Oferta obowi\u0105zuje <strong>od 12 lipca do 30 sierpnia 2026 roku<\/strong>.<\/p>\n\n\n\n<div style=\"height:12px\" aria-hidden=\"true\" class=\"wp-block-spacer\"><\/div>\n\n\n\n<p class=\"wp-block-paragraph\"><strong>Rezerwacje grupowe<\/strong><\/p>\n\n\n\n<p class=\"wp-block-paragraph\">Istnieje mo\u017cliwo\u015b\u0107 rezerwacji biletu \u0142\u0105czonego dla grup zorganizowanych licz\u0105cych minimum 10 os\u00f3b.<\/p>\n\n\n\n<p class=\"wp-block-paragraph\">Termin wizyty ustalany jest indywidualnie, w zale\u017cno\u015bci od dost\u0119pno\u015bci przewodnika oraz godzin otwarcia Art Box Experience.<\/p>\n\n\n\n<div style=\"height:12px\" aria-hidden=\"true\" class=\"wp-block-spacer\"><\/div>\n\n\n<!-- wp:themify-builder\/canvas \/-->","protected":false},"excerpt":{"rendered":"<p>Jak wygl\u0105da wycieczka? Start: Muzeum Fabryki NorblinaZwiedzanie rozpoczyna si\u0119 od trasy \u201eFabryka Norblina w pigu\u0142ce\u201d. Wraz z przewodnikiem wyruszysz w oko\u0142o godzinn\u0105 podr\u00f3\u017c przez ponad 240 lat historii miejsca, kt\u00f3re wsp\u00f3\u0142tworzy\u0142o przemys\u0142owy rozw\u00f3j Warszawy. Poznasz zabytkowe budynki, maszyny i urz\u0105dzenia, dawne wyroby oraz historie ludzi zwi\u0105zanych z fabryk\u0105. Fina\u0142: \u201eRetro Warszawa\u201d w Art Box ExperiencePo [&hellip;]<\/p>\n","protected":false},"author":15,"featured_media":7995,"comment_status":"closed","ping_status":"closed","sticky":false,"template":"","format":"standard","meta":{"_acf_changed":false,"_monsterinsights_skip_tracking":false,"footnotes":""},"categories":[72,105,63,76],"tags":[],"class_list":["post-7902","post","type-post","status-publish","format-standard","has-post-thumbnail","hentry","category-do-kupienia","category-dostepne","category-wycieczki","category-wycieczki-stale","has-post-title","has-post-date","has-post-category","has-post-tag","has-post-comment","has-post-author",""],"acf":[],"yoast_head":"<!-- This site is optimized with the Yoast SEO plugin v28.2 - https:\/\/yoast.com\/product\/yoast-seo-wordpress\/ -->\n<title>Historia Fabryki Norblina i Retro Warszawa na wsp\u00f3lnym bilecie | Muzeum Fabryki Norblina<\/title>\n<meta name=\"description\" content=\"Odkryj Warszaw\u0119 z unikalnej perspektywy! W jednej trasie po\u0142\u0105czysz histori\u0119 Woli, przeja\u017cd\u017ck\u0119 zabytkow\u0105 Nys\u0105 522 i zwiedzanie Muzeum \u017bycia w PRL. Prze\u017cyj niezapomnian\u0105 podr\u00f3\u017c przez czas!\" \/>\n<meta name=\"robots\" content=\"index, follow, max-snippet:-1, max-image-preview:large, max-video-preview:-1\" \/>\n<link rel=\"canonical\" href=\"https:\/\/muzeumfabrykinorblina.pl\/?p=7902\" \/>\n<meta property=\"og:locale\" content=\"pl_PL\" \/>\n<meta property=\"og:type\" content=\"article\" \/>\n<meta property=\"og:title\" content=\"Trzy atrakcje \u2013 jedna podr\u00f3\u017c w czasie\" \/>\n<meta property=\"og:description\" content=\"Odkryj Warszaw\u0119 z unikalnej perspektywy! W jednej trasie po\u0142\u0105czysz histori\u0119 Woli, przeja\u017cd\u017ck\u0119 zabytkow\u0105 Nys\u0105 522 i zwiedzanie Muzeum \u017bycia w PRL. Prze\u017cyj niezapomnian\u0105 podr\u00f3\u017c przez czas!\" \/>\n<meta property=\"og:url\" content=\"https:\/\/muzeumfabrykinorblina.pl\/?p=7902\" \/>\n<meta property=\"og:site_name\" content=\"Muzeum Fabryki Norblina\" \/>\n<meta property=\"article:publisher\" content=\"https:\/\/www.facebook.com\/MuzeumFabrykiNorblina\" \/>\n<meta property=\"article:published_time\" content=\"2026-07-07T09:35:33+00:00\" \/>\n<meta property=\"article:modified_time\" content=\"2026-07-10T13:33:11+00:00\" \/>\n<meta property=\"og:image\" content=\"https:\/\/muzeumfabrykinorblina.pl\/wp-content\/uploads\/2023\/10\/MFN_Theme-logo.jpg\" \/>\n\t<meta property=\"og:image:width\" content=\"1080\" \/>\n\t<meta property=\"og:image:height\" content=\"1080\" \/>\n\t<meta property=\"og:image:type\" content=\"image\/jpeg\" \/>\n<meta name=\"author\" content=\"Mateusz Marczyk\" \/>\n<meta name=\"twitter:card\" content=\"summary_large_image\" \/>\n<meta name=\"twitter:title\" content=\"Trzy atrakcje \u2013 jedna podr\u00f3\u017c w czasie\" \/>\n<meta name=\"twitter:description\" content=\"Odkryj Warszaw\u0119 z unikalnej perspektywy! W jednej trasie po\u0142\u0105czysz histori\u0119 Woli, przeja\u017cd\u017ck\u0119 zabytkow\u0105 Nys\u0105 522 i zwiedzanie Muzeum \u017bycia w PRL. Prze\u017cyj niezapomnian\u0105 podr\u00f3\u017c przez czas!\" \/>\n<meta name=\"twitter:image\" content=\"https:\/\/muzeumfabrykinorblina.pl\/wp-content\/uploads\/2023\/10\/MFN_Theme-logo.jpg\" \/>\n<meta name=\"twitter:label1\" content=\"Napisane przez\" \/>\n\t<meta name=\"twitter:data1\" content=\"Mateusz Marczyk\" \/>\n\t<meta name=\"twitter:label2\" content=\"Szacowany czas czytania\" \/>\n\t<meta name=\"twitter:data2\" content=\"2 minuty\" \/>\n<script type=\"application\/ld+json\" class=\"yoast-schema-graph\">{\"@context\":\"https:\\\/\\\/schema.org\",\"@graph\":[{\"@type\":\"Article\",\"@id\":\"https:\\\/\\\/muzeumfabrykinorblina.pl\\\/?p=7902#article\",\"isPartOf\":{\"@id\":\"https:\\\/\\\/muzeumfabrykinorblina.pl\\\/?p=7902\"},\"author\":{\"name\":\"Mateusz Marczyk\",\"@id\":\"https:\\\/\\\/muzeumfabrykinorblina.pl\\\/#\\\/schema\\\/person\\\/0dfd2bddff05e5d5ee530da13ccf3b28\"},\"headline\":\"Historia Fabryki Norblina i Retro Warszawa na wsp\u00f3lnym bilecie\",\"datePublished\":\"2026-07-07T09:35:33+00:00\",\"dateModified\":\"2026-07-10T13:33:11+00:00\",\"mainEntityOfPage\":{\"@id\":\"https:\\\/\\\/muzeumfabrykinorblina.pl\\\/?p=7902\"},\"wordCount\":169,\"publisher\":{\"@id\":\"https:\\\/\\\/muzeumfabrykinorblina.pl\\\/#organization\"},\"image\":{\"@id\":\"https:\\\/\\\/muzeumfabrykinorblina.pl\\\/?p=7902#primaryimage\"},\"thumbnailUrl\":\"https:\\\/\\\/muzeumfabrykinorblina.pl\\\/wp-content\\\/uploads\\\/2026\\\/07\\\/MFN_ABE_1200x630_PL.jpg\",\"articleSection\":[\"Do kupienia\",\"Dost\u0119pne\",\"Wycieczki\",\"Wycieczki sta\u0142e\"],\"inLanguage\":\"pl-PL\"},{\"@type\":\"WebPage\",\"@id\":\"https:\\\/\\\/muzeumfabrykinorblina.pl\\\/?p=7902\",\"url\":\"https:\\\/\\\/muzeumfabrykinorblina.pl\\\/?p=7902\",\"name\":\"Historia Fabryki Norblina i Retro Warszawa na wsp\u00f3lnym bilecie | Muzeum Fabryki Norblina\",\"isPartOf\":{\"@id\":\"https:\\\/\\\/muzeumfabrykinorblina.pl\\\/#website\"},\"primaryImageOfPage\":{\"@id\":\"https:\\\/\\\/muzeumfabrykinorblina.pl\\\/?p=7902#primaryimage\"},\"image\":{\"@id\":\"https:\\\/\\\/muzeumfabrykinorblina.pl\\\/?p=7902#primaryimage\"},\"thumbnailUrl\":\"https:\\\/\\\/muzeumfabrykinorblina.pl\\\/wp-content\\\/uploads\\\/2026\\\/07\\\/MFN_ABE_1200x630_PL.jpg\",\"datePublished\":\"2026-07-07T09:35:33+00:00\",\"dateModified\":\"2026-07-10T13:33:11+00:00\",\"description\":\"Odkryj Warszaw\u0119 z unikalnej perspektywy! W jednej trasie po\u0142\u0105czysz histori\u0119 Woli, przeja\u017cd\u017ck\u0119 zabytkow\u0105 Nys\u0105 522 i zwiedzanie Muzeum \u017bycia w PRL. Prze\u017cyj niezapomnian\u0105 podr\u00f3\u017c przez czas!\",\"breadcrumb\":{\"@id\":\"https:\\\/\\\/muzeumfabrykinorblina.pl\\\/?p=7902#breadcrumb\"},\"inLanguage\":\"pl-PL\",\"potentialAction\":[{\"@type\":\"ReadAction\",\"target\":[\"https:\\\/\\\/muzeumfabrykinorblina.pl\\\/?p=7902\"]}]},{\"@type\":\"ImageObject\",\"inLanguage\":\"pl-PL\",\"@id\":\"https:\\\/\\\/muzeumfabrykinorblina.pl\\\/?p=7902#primaryimage\",\"url\":\"https:\\\/\\\/muzeumfabrykinorblina.pl\\\/wp-content\\\/uploads\\\/2026\\\/07\\\/MFN_ABE_1200x630_PL.jpg\",\"contentUrl\":\"https:\\\/\\\/muzeumfabrykinorblina.pl\\\/wp-content\\\/uploads\\\/2026\\\/07\\\/MFN_ABE_1200x630_PL.jpg\",\"width\":1200,\"height\":630},{\"@type\":\"BreadcrumbList\",\"@id\":\"https:\\\/\\\/muzeumfabrykinorblina.pl\\\/?p=7902#breadcrumb\",\"itemListElement\":[{\"@type\":\"ListItem\",\"position\":1,\"name\":\"Strona g\u0142\u00f3wna\",\"item\":\"https:\\\/\\\/muzeumfabrykinorblina.pl\\\/\"},{\"@type\":\"ListItem\",\"position\":2,\"name\":\"Historia Fabryki Norblina i Retro Warszawa na wsp\u00f3lnym bilecie\"}]},{\"@type\":\"WebSite\",\"@id\":\"https:\\\/\\\/muzeumfabrykinorblina.pl\\\/#website\",\"url\":\"https:\\\/\\\/muzeumfabrykinorblina.pl\\\/\",\"name\":\"Muzeum Fabryki Norblina\",\"description\":\"Fabryka Norblina\",\"publisher\":{\"@id\":\"https:\\\/\\\/muzeumfabrykinorblina.pl\\\/#organization\"},\"potentialAction\":[{\"@type\":\"SearchAction\",\"target\":{\"@type\":\"EntryPoint\",\"urlTemplate\":\"https:\\\/\\\/muzeumfabrykinorblina.pl\\\/?s={search_term_string}\"},\"query-input\":{\"@type\":\"PropertyValueSpecification\",\"valueRequired\":true,\"valueName\":\"search_term_string\"}}],\"inLanguage\":\"pl-PL\"},{\"@type\":\"Organization\",\"@id\":\"https:\\\/\\\/muzeumfabrykinorblina.pl\\\/#organization\",\"name\":\"Muzeum Fabryki Norblina\",\"url\":\"https:\\\/\\\/muzeumfabrykinorblina.pl\\\/\",\"logo\":{\"@type\":\"ImageObject\",\"inLanguage\":\"pl-PL\",\"@id\":\"https:\\\/\\\/muzeumfabrykinorblina.pl\\\/#\\\/schema\\\/logo\\\/image\\\/\",\"url\":\"https:\\\/\\\/muzeumfabrykinorblina.pl\\\/wp-content\\\/uploads\\\/2023\\\/11\\\/MFN_Featured-image_1200x675.jpg\",\"contentUrl\":\"https:\\\/\\\/muzeumfabrykinorblina.pl\\\/wp-content\\\/uploads\\\/2023\\\/11\\\/MFN_Featured-image_1200x675.jpg\",\"width\":1200,\"height\":675,\"caption\":\"Muzeum Fabryki Norblina\"},\"image\":{\"@id\":\"https:\\\/\\\/muzeumfabrykinorblina.pl\\\/#\\\/schema\\\/logo\\\/image\\\/\"},\"sameAs\":[\"https:\\\/\\\/www.facebook.com\\\/MuzeumFabrykiNorblina\",\"https:\\\/\\\/www.instagram.com\\\/muzeumfabrykinorblina\\\/\"]},{\"@type\":\"Person\",\"@id\":\"https:\\\/\\\/muzeumfabrykinorblina.pl\\\/#\\\/schema\\\/person\\\/0dfd2bddff05e5d5ee530da13ccf3b28\",\"name\":\"Mateusz Marczyk\",\"image\":{\"@type\":\"ImageObject\",\"inLanguage\":\"pl-PL\",\"@id\":\"https:\\\/\\\/secure.gravatar.com\\\/avatar\\\/0cef0bdeb2ff3f125b0dd9b4bd2a2fc2b07996fc2705c1e77a1b805cb72564f8?s=96&d=mm&r=g\",\"url\":\"https:\\\/\\\/secure.gravatar.com\\\/avatar\\\/0cef0bdeb2ff3f125b0dd9b4bd2a2fc2b07996fc2705c1e77a1b805cb72564f8?s=96&d=mm&r=g\",\"contentUrl\":\"https:\\\/\\\/secure.gravatar.com\\\/avatar\\\/0cef0bdeb2ff3f125b0dd9b4bd2a2fc2b07996fc2705c1e77a1b805cb72564f8?s=96&d=mm&r=g\",\"caption\":\"Mateusz Marczyk\"},\"url\":\"https:\\\/\\\/muzeumfabrykinorblina.pl\\\/?author=15\"}]}<\/script>\n<!-- \/ Yoast SEO plugin. -->","yoast_head_json":{"title":"Historia Fabryki Norblina i Retro Warszawa na wsp\u00f3lnym bilecie | Muzeum Fabryki Norblina","description":"Odkryj Warszaw\u0119 z unikalnej perspektywy! W jednej trasie po\u0142\u0105czysz histori\u0119 Woli, przeja\u017cd\u017ck\u0119 zabytkow\u0105 Nys\u0105 522 i zwiedzanie Muzeum \u017bycia w PRL. Prze\u017cyj niezapomnian\u0105 podr\u00f3\u017c przez czas!","robots":{"index":"index","follow":"follow","max-snippet":"max-snippet:-1","max-image-preview":"max-image-preview:large","max-video-preview":"max-video-preview:-1"},"canonical":"https:\/\/muzeumfabrykinorblina.pl\/?p=7902","og_locale":"pl_PL","og_type":"article","og_title":"Trzy atrakcje \u2013 jedna podr\u00f3\u017c w czasie","og_description":"Odkryj Warszaw\u0119 z unikalnej perspektywy! W jednej trasie po\u0142\u0105czysz histori\u0119 Woli, przeja\u017cd\u017ck\u0119 zabytkow\u0105 Nys\u0105 522 i zwiedzanie Muzeum \u017bycia w PRL. Prze\u017cyj niezapomnian\u0105 podr\u00f3\u017c przez czas!","og_url":"https:\/\/muzeumfabrykinorblina.pl\/?p=7902","og_site_name":"Muzeum Fabryki Norblina","article_publisher":"https:\/\/www.facebook.com\/MuzeumFabrykiNorblina","article_published_time":"2026-07-07T09:35:33+00:00","article_modified_time":"2026-07-10T13:33:11+00:00","og_image":[{"width":1080,"height":1080,"url":"https:\/\/muzeumfabrykinorblina.pl\/wp-content\/uploads\/2023\/10\/MFN_Theme-logo.jpg","type":"image\/jpeg"}],"author":"Mateusz Marczyk","twitter_card":"summary_large_image","twitter_title":"Trzy atrakcje \u2013 jedna podr\u00f3\u017c w czasie","twitter_description":"Odkryj Warszaw\u0119 z unikalnej perspektywy! W jednej trasie po\u0142\u0105czysz histori\u0119 Woli, przeja\u017cd\u017ck\u0119 zabytkow\u0105 Nys\u0105 522 i zwiedzanie Muzeum \u017bycia w PRL. Prze\u017cyj niezapomnian\u0105 podr\u00f3\u017c przez czas!","twitter_image":"https:\/\/muzeumfabrykinorblina.pl\/wp-content\/uploads\/2023\/10\/MFN_Theme-logo.jpg","twitter_misc":{"Napisane przez":"Mateusz Marczyk","Szacowany czas czytania":"2 minuty"},"schema":{"@context":"https:\/\/schema.org","@graph":[{"@type":"Article","@id":"https:\/\/muzeumfabrykinorblina.pl\/?p=7902#article","isPartOf":{"@id":"https:\/\/muzeumfabrykinorblina.pl\/?p=7902"},"author":{"name":"Mateusz Marczyk","@id":"https:\/\/muzeumfabrykinorblina.pl\/#\/schema\/person\/0dfd2bddff05e5d5ee530da13ccf3b28"},"headline":"Historia Fabryki Norblina i Retro Warszawa na wsp\u00f3lnym bilecie","datePublished":"2026-07-07T09:35:33+00:00","dateModified":"2026-07-10T13:33:11+00:00","mainEntityOfPage":{"@id":"https:\/\/muzeumfabrykinorblina.pl\/?p=7902"},"wordCount":169,"publisher":{"@id":"https:\/\/muzeumfabrykinorblina.pl\/#organization"},"image":{"@id":"https:\/\/muzeumfabrykinorblina.pl\/?p=7902#primaryimage"},"thumbnailUrl":"https:\/\/muzeumfabrykinorblina.pl\/wp-content\/uploads\/2026\/07\/MFN_ABE_1200x630_PL.jpg","articleSection":["Do kupienia","Dost\u0119pne","Wycieczki","Wycieczki sta\u0142e"],"inLanguage":"pl-PL"},{"@type":"WebPage","@id":"https:\/\/muzeumfabrykinorblina.pl\/?p=7902","url":"https:\/\/muzeumfabrykinorblina.pl\/?p=7902","name":"Historia Fabryki Norblina i Retro Warszawa na wsp\u00f3lnym bilecie | Muzeum Fabryki Norblina","isPartOf":{"@id":"https:\/\/muzeumfabrykinorblina.pl\/#website"},"primaryImageOfPage":{"@id":"https:\/\/muzeumfabrykinorblina.pl\/?p=7902#primaryimage"},"image":{"@id":"https:\/\/muzeumfabrykinorblina.pl\/?p=7902#primaryimage"},"thumbnailUrl":"https:\/\/muzeumfabrykinorblina.pl\/wp-content\/uploads\/2026\/07\/MFN_ABE_1200x630_PL.jpg","datePublished":"2026-07-07T09:35:33+00:00","dateModified":"2026-07-10T13:33:11+00:00","description":"Odkryj Warszaw\u0119 z unikalnej perspektywy! W jednej trasie po\u0142\u0105czysz histori\u0119 Woli, przeja\u017cd\u017ck\u0119 zabytkow\u0105 Nys\u0105 522 i zwiedzanie Muzeum \u017bycia w PRL. Prze\u017cyj niezapomnian\u0105 podr\u00f3\u017c przez czas!","breadcrumb":{"@id":"https:\/\/muzeumfabrykinorblina.pl\/?p=7902#breadcrumb"},"inLanguage":"pl-PL","potentialAction":[{"@type":"ReadAction","target":["https:\/\/muzeumfabrykinorblina.pl\/?p=7902"]}]},{"@type":"ImageObject","inLanguage":"pl-PL","@id":"https:\/\/muzeumfabrykinorblina.pl\/?p=7902#primaryimage","url":"https:\/\/muzeumfabrykinorblina.pl\/wp-content\/uploads\/2026\/07\/MFN_ABE_1200x630_PL.jpg","contentUrl":"https:\/\/muzeumfabrykinorblina.pl\/wp-content\/uploads\/2026\/07\/MFN_ABE_1200x630_PL.jpg","width":1200,"height":630},{"@type":"BreadcrumbList","@id":"https:\/\/muzeumfabrykinorblina.pl\/?p=7902#breadcrumb","itemListElement":[{"@type":"ListItem","position":1,"name":"Strona g\u0142\u00f3wna","item":"https:\/\/muzeumfabrykinorblina.pl\/"},{"@type":"ListItem","position":2,"name":"Historia Fabryki Norblina i Retro Warszawa na wsp\u00f3lnym bilecie"}]},{"@type":"WebSite","@id":"https:\/\/muzeumfabrykinorblina.pl\/#website","url":"https:\/\/muzeumfabrykinorblina.pl\/","name":"Muzeum Fabryki Norblina","description":"Fabryka Norblina","publisher":{"@id":"https:\/\/muzeumfabrykinorblina.pl\/#organization"},"potentialAction":[{"@type":"SearchAction","target":{"@type":"EntryPoint","urlTemplate":"https:\/\/muzeumfabrykinorblina.pl\/?s={search_term_string}"},"query-input":{"@type":"PropertyValueSpecification","valueRequired":true,"valueName":"search_term_string"}}],"inLanguage":"pl-PL"},{"@type":"Organization","@id":"https:\/\/muzeumfabrykinorblina.pl\/#organization","name":"Muzeum Fabryki Norblina","url":"https:\/\/muzeumfabrykinorblina.pl\/","logo":{"@type":"ImageObject","inLanguage":"pl-PL","@id":"https:\/\/muzeumfabrykinorblina.pl\/#\/schema\/logo\/image\/","url":"https:\/\/muzeumfabrykinorblina.pl\/wp-content\/uploads\/2023\/11\/MFN_Featured-image_1200x675.jpg","contentUrl":"https:\/\/muzeumfabrykinorblina.pl\/wp-content\/uploads\/2023\/11\/MFN_Featured-image_1200x675.jpg","width":1200,"height":675,"caption":"Muzeum Fabryki Norblina"},"image":{"@id":"https:\/\/muzeumfabrykinorblina.pl\/#\/schema\/logo\/image\/"},"sameAs":["https:\/\/www.facebook.com\/MuzeumFabrykiNorblina","https:\/\/www.instagram.com\/muzeumfabrykinorblina\/"]},{"@type":"Person","@id":"https:\/\/muzeumfabrykinorblina.pl\/#\/schema\/person\/0dfd2bddff05e5d5ee530da13ccf3b28","name":"Mateusz Marczyk","image":{"@type":"ImageObject","inLanguage":"pl-PL","@id":"https:\/\/secure.gravatar.com\/avatar\/0cef0bdeb2ff3f125b0dd9b4bd2a2fc2b07996fc2705c1e77a1b805cb72564f8?s=96&d=mm&r=g","url":"https:\/\/secure.gravatar.com\/avatar\/0cef0bdeb2ff3f125b0dd9b4bd2a2fc2b07996fc2705c1e77a1b805cb72564f8?s=96&d=mm&r=g","contentUrl":"https:\/\/secure.gravatar.com\/avatar\/0cef0bdeb2ff3f125b0dd9b4bd2a2fc2b07996fc2705c1e77a1b805cb72564f8?s=96&d=mm&r=g","caption":"Mateusz Marczyk"},"url":"https:\/\/muzeumfabrykinorblina.pl\/?author=15"}]}},"lang":"pl","translations":{"pl":7902,"en":7954},"builder_content":"","pll_sync_post":{},"_links":{"self":[{"href":"https:\/\/muzeumfabrykinorblina.pl\/index.php?rest_route=\/wp\/v2\/posts\/7902","targetHints":{"allow":["GET"]}}],"collection":[{"href":"https:\/\/muzeumfabrykinorblina.pl\/index.php?rest_route=\/wp\/v2\/posts"}],"about":[{"href":"https:\/\/muzeumfabrykinorblina.pl\/index.php?rest_route=\/wp\/v2\/types\/post"}],"author":[{"embeddable":true,"href":"https:\/\/muzeumfabrykinorblina.pl\/index.php?rest_route=\/wp\/v2\/users\/15"}],"replies":[{"embeddable":true,"href":"https:\/\/muzeumfabrykinorblina.pl\/index.php?rest_route=%2Fwp%2Fv2%2Fcomments&post=7902"}],"version-history":[{"count":10,"href":"https:\/\/muzeumfabrykinorblina.pl\/index.php?rest_route=\/wp\/v2\/posts\/7902\/revisions"}],"predecessor-version":[{"id":8103,"href":"https:\/\/muzeumfabrykinorblina.pl\/index.php?rest_route=\/wp\/v2\/posts\/7902\/revisions\/8103"}],"wp:featuredmedia":[{"embeddable":true,"href":"https:\/\/muzeumfabrykinorblina.pl\/index.php?rest_route=\/wp\/v2\/media\/7995"}],"wp:attachment":[{"href":"https:\/\/muzeumfabrykinorblina.pl\/index.php?rest_route=%2Fwp%2Fv2%2Fmedia&parent=7902"}],"wp:term":[{"taxonomy":"category","embeddable":true,"href":"https:\/\/muzeumfabrykinorblina.pl\/index.php?rest_route=%2Fwp%2Fv2%2Fcategories&post=7902"},{"taxonomy":"post_tag","embeddable":true,"href":"https:\/\/muzeumfabrykinorblina.pl\/index.php?rest_route=%2Fwp%2Fv2%2Ftags&post=7902"}],"curies":[{"name":"wp","href":"https:\/\/api.w.org\/{rel}","templated":true}]}}