{"id":7882,"date":"2026-07-01T14:08:42","date_gmt":"2026-07-01T12:08:42","guid":{"rendered":"https:\/\/muzeumfabrykinorblina.pl\/?p=7882"},"modified":"2026-07-01T14:08:46","modified_gmt":"2026-07-01T12:08:46","slug":"wakacje-z-historia-dzieci-zwiedzaja-muzeum-fabryki-norblina-za-darmo","status":"publish","type":"post","link":"https:\/\/muzeumfabrykinorblina.pl\/?p=7882","title":{"rendered":"Wakacje z histori\u0105 \u2013 dzieci zwiedzaj\u0105 Muzeum Fabryki Norblina za darmo"},"content":{"rendered":"\n<p class=\"wp-block-paragraph\"><strong>Tego lata zapraszamy rodziny do wsp\u00f3lnego odkrywania historii Fabryki Norblina. Od 1 lipca do 31 sierpnia dzieci i m\u0142odzie\u017c do 18. roku \u017cycia mog\u0105 bezp\u0142atnie uczestniczy\u0107 w wycieczce \u201eFabryka Norblina w pigu\u0142ce\u201d.<\/strong><\/p>\n\n\n\n<p class=\"wp-block-paragraph\">Wakacje to doskona\u0142y czas na rodzinne odkrywanie Warszawy. Z my\u015bl\u0105 o najm\u0142odszych i ich opiekunach przygotowali\u015bmy specjaln\u0105 wakacyjn\u0105 ofert\u0119&nbsp;obowi\u0105zuj\u0105c\u0105&nbsp;od&nbsp;<strong>1 lipca do 31 sierpnia 2026 roku<\/strong>, dzi\u0119ki kt\u00f3rej dzieci i m\u0142odzie\u017c do uko\u0144czenia 18. roku \u017cycia mog\u0105 bezp\u0142atnie uczestniczy\u0107 w wycieczce \u201eFabryka Norblina w pigu\u0142ce\u201d. To \u015bwietna okazja, by podczas letnich spacer\u00f3w po stolicy pozna\u0107 histori\u0119 jednego z najciekawszych miejsc na mapie Warszawy.<\/p>\n\n\n\n<p class=\"wp-block-paragraph\">To okazja, by podczas oko\u0142o godzinnego zwiedzania pozna\u0107 ponad 240-letni\u0105 histori\u0119 Fabryki Norblina, zobaczy\u0107 zachowane zabytkowe budynki i maszyny oraz dowiedzie\u0107 si\u0119, jak funkcjonowa\u0142 jeden z najwa\u017cniejszych zak\u0142ad\u00f3w przemys\u0142owych w Warszawie. Trasa zosta\u0142a przygotowana z my\u015bl\u0105 zar\u00f3wno o osobach, kt\u00f3re odwiedzaj\u0105 Fabryk\u0119 Norblina po raz pierwszy, jak i tych, kt\u00f3re chc\u0105 lepiej pozna\u0107 histori\u0119 tego wyj\u0105tkowego miejsca.<\/p>\n\n\n\n<p class=\"wp-block-paragraph\">Z promocji mo\u017cna skorzysta\u0107 pod warunkiem zakupu pe\u0142nop\u0142atnego biletu przez pe\u0142noletniego opiekuna. Jeden doros\u0142y mo\u017ce odebra\u0107 bezp\u0142atne bilety dla maksymalnie dwojga dzieci. Oferta dotyczy wy\u0142\u0105cznie bilet\u00f3w indywidualnych i nie obejmuje grup zorganizowanych, wycieczek szkolnych ani ofert dla firm.<\/p>\n\n\n\n<p class=\"wp-block-paragraph\">W przypadku w\u0105tpliwo\u015bci obs\u0142uga Muzeum mo\u017ce poprosi\u0107 o dokument potwierdzaj\u0105cy wiek dziecka, np. legitymacj\u0119 szkoln\u0105.<\/p>\n\n\n\n<p class=\"wp-block-paragraph\">Promocja nie \u0142\u0105czy si\u0119 z innymi ofertami i obowi\u0105zuje do wyczerpania miejsc na poszczeg\u00f3lne terminy wycieczek.<\/p>\n\n\n\n<p class=\"wp-block-paragraph\">Zapraszamy do wsp\u00f3lnego odkrywania historii Fabryki Norblina!<\/p>\n\n\n\n<p class=\"wp-block-paragraph\"><strong>Sprawd\u017a dost\u0119pne terminy i zarezerwuj miejsce ju\u017c dzi\u015b.<\/strong><\/p>\n\n\n<!-- wp:themify-builder\/canvas \/-->","protected":false},"excerpt":{"rendered":"<p>Tego lata zapraszamy rodziny do wsp\u00f3lnego odkrywania historii Fabryki Norblina. Od 1 lipca do 31 sierpnia dzieci i m\u0142odzie\u017c do 18. roku \u017cycia mog\u0105 bezp\u0142atnie uczestniczy\u0107 w wycieczce \u201eFabryka Norblina w pigu\u0142ce\u201d. Wakacje to doskona\u0142y czas na rodzinne odkrywanie Warszawy. Z my\u015bl\u0105 o najm\u0142odszych i ich opiekunach przygotowali\u015bmy specjaln\u0105 wakacyjn\u0105 ofert\u0119&nbsp;obowi\u0105zuj\u0105c\u0105&nbsp;od&nbsp;1 lipca do 31 sierpnia [&hellip;]<\/p>\n","protected":false},"author":8,"featured_media":7885,"comment_status":"closed","ping_status":"closed","sticky":false,"template":"","format":"standard","meta":{"_acf_changed":false,"_monsterinsights_skip_tracking":false,"footnotes":""},"categories":[29],"tags":[],"class_list":["post-7882","post","type-post","status-publish","format-standard","has-post-thumbnail","hentry","category-aktualnosci","has-post-title","has-post-date","has-post-category","has-post-tag","has-post-comment","has-post-author",""],"acf":[],"yoast_head":"<!-- This site is optimized with the Yoast SEO plugin v28.2 - https:\/\/yoast.com\/product\/yoast-seo-wordpress\/ -->\n<title>Wakacje z histori\u0105 \u2013 dzieci zwiedzaj\u0105 Muzeum Fabryki Norblina za darmo | Muzeum Fabryki Norblina<\/title>\n<meta name=\"description\" content=\"Tego lata zapraszamy rodziny do wsp\u00f3lnego odkrywania historii Fabryki Norblina. Od 1 lipca do 31 sierpnia dzieci i m\u0142odzie\u017c do 18. roku \u017cycia mog\u0105 bezp\u0142atnie uczestniczy\u0107 w wycieczce \u201eFabryka Norblina w pigu\u0142ce\u201d.\" \/>\n<meta name=\"robots\" content=\"index, follow, max-snippet:-1, max-image-preview:large, max-video-preview:-1\" \/>\n<link rel=\"canonical\" href=\"https:\/\/muzeumfabrykinorblina.pl\/?p=7882\" \/>\n<meta property=\"og:locale\" content=\"pl_PL\" \/>\n<meta property=\"og:type\" content=\"article\" \/>\n<meta property=\"og:title\" content=\"Wakacje z histori\u0105 \u2013 dzieci zwiedzaj\u0105 Muzeum Fabryki Norblina za darmo | Muzeum Fabryki Norblina\" \/>\n<meta property=\"og:description\" content=\"Tego lata zapraszamy rodziny do wsp\u00f3lnego odkrywania historii Fabryki Norblina. Od 1 lipca do 31 sierpnia dzieci i m\u0142odzie\u017c do 18. roku \u017cycia mog\u0105 bezp\u0142atnie uczestniczy\u0107 w wycieczce \u201eFabryka Norblina w pigu\u0142ce\u201d.\" \/>\n<meta property=\"og:url\" content=\"https:\/\/muzeumfabrykinorblina.pl\/?p=7882\" \/>\n<meta property=\"og:site_name\" content=\"Muzeum Fabryki Norblina\" \/>\n<meta property=\"article:publisher\" content=\"https:\/\/www.facebook.com\/MuzeumFabrykiNorblina\" \/>\n<meta property=\"article:published_time\" content=\"2026-07-01T12:08:42+00:00\" \/>\n<meta property=\"article:modified_time\" content=\"2026-07-01T12:08:46+00:00\" \/>\n<meta property=\"og:image\" content=\"http:\/\/muzeumfabrykinorblina.pl\/wp-content\/uploads\/2026\/07\/MFN_Zwiedzanie_01.jpg\" \/>\n\t<meta property=\"og:image:width\" content=\"1080\" \/>\n\t<meta property=\"og:image:height\" content=\"1080\" \/>\n\t<meta property=\"og:image:type\" content=\"image\/jpeg\" \/>\n<meta name=\"author\" content=\"Filip Zaborski\" \/>\n<meta name=\"twitter:card\" content=\"summary_large_image\" \/>\n<meta name=\"twitter:label1\" content=\"Napisane przez\" \/>\n\t<meta name=\"twitter:data1\" content=\"Filip Zaborski\" \/>\n\t<meta name=\"twitter:label2\" content=\"Szacowany czas czytania\" \/>\n\t<meta name=\"twitter:data2\" content=\"2 minuty\" \/>\n<script type=\"application\/ld+json\" class=\"yoast-schema-graph\">{\"@context\":\"https:\\\/\\\/schema.org\",\"@graph\":[{\"@type\":\"Article\",\"@id\":\"https:\\\/\\\/muzeumfabrykinorblina.pl\\\/?p=7882#article\",\"isPartOf\":{\"@id\":\"https:\\\/\\\/muzeumfabrykinorblina.pl\\\/?p=7882\"},\"author\":{\"name\":\"Filip Zaborski\",\"@id\":\"https:\\\/\\\/muzeumfabrykinorblina.pl\\\/#\\\/schema\\\/person\\\/ce1d84e870b4a69ecac1447ad862a907\"},\"headline\":\"Wakacje z histori\u0105 \u2013 dzieci zwiedzaj\u0105 Muzeum Fabryki Norblina za darmo\",\"datePublished\":\"2026-07-01T12:08:42+00:00\",\"dateModified\":\"2026-07-01T12:08:46+00:00\",\"mainEntityOfPage\":{\"@id\":\"https:\\\/\\\/muzeumfabrykinorblina.pl\\\/?p=7882\"},\"wordCount\":290,\"publisher\":{\"@id\":\"https:\\\/\\\/muzeumfabrykinorblina.pl\\\/#organization\"},\"image\":{\"@id\":\"https:\\\/\\\/muzeumfabrykinorblina.pl\\\/?p=7882#primaryimage\"},\"thumbnailUrl\":\"https:\\\/\\\/muzeumfabrykinorblina.pl\\\/wp-content\\\/uploads\\\/2026\\\/07\\\/MFN_Zwiedzanie_01.jpg\",\"articleSection\":[\"Aktualno\u015bci\"],\"inLanguage\":\"pl-PL\"},{\"@type\":\"WebPage\",\"@id\":\"https:\\\/\\\/muzeumfabrykinorblina.pl\\\/?p=7882\",\"url\":\"https:\\\/\\\/muzeumfabrykinorblina.pl\\\/?p=7882\",\"name\":\"Wakacje z histori\u0105 \u2013 dzieci zwiedzaj\u0105 Muzeum Fabryki Norblina za darmo | Muzeum Fabryki Norblina\",\"isPartOf\":{\"@id\":\"https:\\\/\\\/muzeumfabrykinorblina.pl\\\/#website\"},\"primaryImageOfPage\":{\"@id\":\"https:\\\/\\\/muzeumfabrykinorblina.pl\\\/?p=7882#primaryimage\"},\"image\":{\"@id\":\"https:\\\/\\\/muzeumfabrykinorblina.pl\\\/?p=7882#primaryimage\"},\"thumbnailUrl\":\"https:\\\/\\\/muzeumfabrykinorblina.pl\\\/wp-content\\\/uploads\\\/2026\\\/07\\\/MFN_Zwiedzanie_01.jpg\",\"datePublished\":\"2026-07-01T12:08:42+00:00\",\"dateModified\":\"2026-07-01T12:08:46+00:00\",\"description\":\"Tego lata zapraszamy rodziny do wsp\u00f3lnego odkrywania historii Fabryki Norblina. Od 1 lipca do 31 sierpnia dzieci i m\u0142odzie\u017c do 18. roku \u017cycia mog\u0105 bezp\u0142atnie uczestniczy\u0107 w wycieczce \u201eFabryka Norblina w pigu\u0142ce\u201d.\",\"breadcrumb\":{\"@id\":\"https:\\\/\\\/muzeumfabrykinorblina.pl\\\/?p=7882#breadcrumb\"},\"inLanguage\":\"pl-PL\",\"potentialAction\":[{\"@type\":\"ReadAction\",\"target\":[\"https:\\\/\\\/muzeumfabrykinorblina.pl\\\/?p=7882\"]}]},{\"@type\":\"ImageObject\",\"inLanguage\":\"pl-PL\",\"@id\":\"https:\\\/\\\/muzeumfabrykinorblina.pl\\\/?p=7882#primaryimage\",\"url\":\"https:\\\/\\\/muzeumfabrykinorblina.pl\\\/wp-content\\\/uploads\\\/2026\\\/07\\\/MFN_Zwiedzanie_01.jpg\",\"contentUrl\":\"https:\\\/\\\/muzeumfabrykinorblina.pl\\\/wp-content\\\/uploads\\\/2026\\\/07\\\/MFN_Zwiedzanie_01.jpg\",\"width\":1080,\"height\":1080},{\"@type\":\"BreadcrumbList\",\"@id\":\"https:\\\/\\\/muzeumfabrykinorblina.pl\\\/?p=7882#breadcrumb\",\"itemListElement\":[{\"@type\":\"ListItem\",\"position\":1,\"name\":\"Strona g\u0142\u00f3wna\",\"item\":\"https:\\\/\\\/muzeumfabrykinorblina.pl\\\/\"},{\"@type\":\"ListItem\",\"position\":2,\"name\":\"Wakacje z histori\u0105 \u2013 dzieci zwiedzaj\u0105 Muzeum Fabryki Norblina za darmo\"}]},{\"@type\":\"WebSite\",\"@id\":\"https:\\\/\\\/muzeumfabrykinorblina.pl\\\/#website\",\"url\":\"https:\\\/\\\/muzeumfabrykinorblina.pl\\\/\",\"name\":\"Muzeum Fabryki Norblina\",\"description\":\"Fabryka Norblina\",\"publisher\":{\"@id\":\"https:\\\/\\\/muzeumfabrykinorblina.pl\\\/#organization\"},\"potentialAction\":[{\"@type\":\"SearchAction\",\"target\":{\"@type\":\"EntryPoint\",\"urlTemplate\":\"https:\\\/\\\/muzeumfabrykinorblina.pl\\\/?s={search_term_string}\"},\"query-input\":{\"@type\":\"PropertyValueSpecification\",\"valueRequired\":true,\"valueName\":\"search_term_string\"}}],\"inLanguage\":\"pl-PL\"},{\"@type\":\"Organization\",\"@id\":\"https:\\\/\\\/muzeumfabrykinorblina.pl\\\/#organization\",\"name\":\"Muzeum Fabryki Norblina\",\"url\":\"https:\\\/\\\/muzeumfabrykinorblina.pl\\\/\",\"logo\":{\"@type\":\"ImageObject\",\"inLanguage\":\"pl-PL\",\"@id\":\"https:\\\/\\\/muzeumfabrykinorblina.pl\\\/#\\\/schema\\\/logo\\\/image\\\/\",\"url\":\"https:\\\/\\\/muzeumfabrykinorblina.pl\\\/wp-content\\\/uploads\\\/2023\\\/11\\\/MFN_Featured-image_1200x675.jpg\",\"contentUrl\":\"https:\\\/\\\/muzeumfabrykinorblina.pl\\\/wp-content\\\/uploads\\\/2023\\\/11\\\/MFN_Featured-image_1200x675.jpg\",\"width\":1200,\"height\":675,\"caption\":\"Muzeum Fabryki Norblina\"},\"image\":{\"@id\":\"https:\\\/\\\/muzeumfabrykinorblina.pl\\\/#\\\/schema\\\/logo\\\/image\\\/\"},\"sameAs\":[\"https:\\\/\\\/www.facebook.com\\\/MuzeumFabrykiNorblina\",\"https:\\\/\\\/www.instagram.com\\\/muzeumfabrykinorblina\\\/\"]},{\"@type\":\"Person\",\"@id\":\"https:\\\/\\\/muzeumfabrykinorblina.pl\\\/#\\\/schema\\\/person\\\/ce1d84e870b4a69ecac1447ad862a907\",\"name\":\"Filip Zaborski\",\"image\":{\"@type\":\"ImageObject\",\"inLanguage\":\"pl-PL\",\"@id\":\"https:\\\/\\\/secure.gravatar.com\\\/avatar\\\/e3238716342a699f4e3ea5973222fbda23f9b17d5c59b68fe2f16f0a38ec0017?s=96&d=mm&r=g\",\"url\":\"https:\\\/\\\/secure.gravatar.com\\\/avatar\\\/e3238716342a699f4e3ea5973222fbda23f9b17d5c59b68fe2f16f0a38ec0017?s=96&d=mm&r=g\",\"contentUrl\":\"https:\\\/\\\/secure.gravatar.com\\\/avatar\\\/e3238716342a699f4e3ea5973222fbda23f9b17d5c59b68fe2f16f0a38ec0017?s=96&d=mm&r=g\",\"caption\":\"Filip Zaborski\"},\"url\":\"https:\\\/\\\/muzeumfabrykinorblina.pl\\\/?author=8\"}]}<\/script>\n<!-- \/ Yoast SEO plugin. -->","yoast_head_json":{"title":"Wakacje z histori\u0105 \u2013 dzieci zwiedzaj\u0105 Muzeum Fabryki Norblina za darmo | Muzeum Fabryki Norblina","description":"Tego lata zapraszamy rodziny do wsp\u00f3lnego odkrywania historii Fabryki Norblina. Od 1 lipca do 31 sierpnia dzieci i m\u0142odzie\u017c do 18. roku \u017cycia mog\u0105 bezp\u0142atnie uczestniczy\u0107 w wycieczce \u201eFabryka Norblina w pigu\u0142ce\u201d.","robots":{"index":"index","follow":"follow","max-snippet":"max-snippet:-1","max-image-preview":"max-image-preview:large","max-video-preview":"max-video-preview:-1"},"canonical":"https:\/\/muzeumfabrykinorblina.pl\/?p=7882","og_locale":"pl_PL","og_type":"article","og_title":"Wakacje z histori\u0105 \u2013 dzieci zwiedzaj\u0105 Muzeum Fabryki Norblina za darmo | Muzeum Fabryki Norblina","og_description":"Tego lata zapraszamy rodziny do wsp\u00f3lnego odkrywania historii Fabryki Norblina. Od 1 lipca do 31 sierpnia dzieci i m\u0142odzie\u017c do 18. roku \u017cycia mog\u0105 bezp\u0142atnie uczestniczy\u0107 w wycieczce \u201eFabryka Norblina w pigu\u0142ce\u201d.","og_url":"https:\/\/muzeumfabrykinorblina.pl\/?p=7882","og_site_name":"Muzeum Fabryki Norblina","article_publisher":"https:\/\/www.facebook.com\/MuzeumFabrykiNorblina","article_published_time":"2026-07-01T12:08:42+00:00","article_modified_time":"2026-07-01T12:08:46+00:00","og_image":[{"width":1080,"height":1080,"url":"http:\/\/muzeumfabrykinorblina.pl\/wp-content\/uploads\/2026\/07\/MFN_Zwiedzanie_01.jpg","type":"image\/jpeg"}],"author":"Filip Zaborski","twitter_card":"summary_large_image","twitter_misc":{"Napisane przez":"Filip Zaborski","Szacowany czas czytania":"2 minuty"},"schema":{"@context":"https:\/\/schema.org","@graph":[{"@type":"Article","@id":"https:\/\/muzeumfabrykinorblina.pl\/?p=7882#article","isPartOf":{"@id":"https:\/\/muzeumfabrykinorblina.pl\/?p=7882"},"author":{"name":"Filip Zaborski","@id":"https:\/\/muzeumfabrykinorblina.pl\/#\/schema\/person\/ce1d84e870b4a69ecac1447ad862a907"},"headline":"Wakacje z histori\u0105 \u2013 dzieci zwiedzaj\u0105 Muzeum Fabryki Norblina za darmo","datePublished":"2026-07-01T12:08:42+00:00","dateModified":"2026-07-01T12:08:46+00:00","mainEntityOfPage":{"@id":"https:\/\/muzeumfabrykinorblina.pl\/?p=7882"},"wordCount":290,"publisher":{"@id":"https:\/\/muzeumfabrykinorblina.pl\/#organization"},"image":{"@id":"https:\/\/muzeumfabrykinorblina.pl\/?p=7882#primaryimage"},"thumbnailUrl":"https:\/\/muzeumfabrykinorblina.pl\/wp-content\/uploads\/2026\/07\/MFN_Zwiedzanie_01.jpg","articleSection":["Aktualno\u015bci"],"inLanguage":"pl-PL"},{"@type":"WebPage","@id":"https:\/\/muzeumfabrykinorblina.pl\/?p=7882","url":"https:\/\/muzeumfabrykinorblina.pl\/?p=7882","name":"Wakacje z histori\u0105 \u2013 dzieci zwiedzaj\u0105 Muzeum Fabryki Norblina za darmo | Muzeum Fabryki Norblina","isPartOf":{"@id":"https:\/\/muzeumfabrykinorblina.pl\/#website"},"primaryImageOfPage":{"@id":"https:\/\/muzeumfabrykinorblina.pl\/?p=7882#primaryimage"},"image":{"@id":"https:\/\/muzeumfabrykinorblina.pl\/?p=7882#primaryimage"},"thumbnailUrl":"https:\/\/muzeumfabrykinorblina.pl\/wp-content\/uploads\/2026\/07\/MFN_Zwiedzanie_01.jpg","datePublished":"2026-07-01T12:08:42+00:00","dateModified":"2026-07-01T12:08:46+00:00","description":"Tego lata zapraszamy rodziny do wsp\u00f3lnego odkrywania historii Fabryki Norblina. Od 1 lipca do 31 sierpnia dzieci i m\u0142odzie\u017c do 18. roku \u017cycia mog\u0105 bezp\u0142atnie uczestniczy\u0107 w wycieczce \u201eFabryka Norblina w pigu\u0142ce\u201d.","breadcrumb":{"@id":"https:\/\/muzeumfabrykinorblina.pl\/?p=7882#breadcrumb"},"inLanguage":"pl-PL","potentialAction":[{"@type":"ReadAction","target":["https:\/\/muzeumfabrykinorblina.pl\/?p=7882"]}]},{"@type":"ImageObject","inLanguage":"pl-PL","@id":"https:\/\/muzeumfabrykinorblina.pl\/?p=7882#primaryimage","url":"https:\/\/muzeumfabrykinorblina.pl\/wp-content\/uploads\/2026\/07\/MFN_Zwiedzanie_01.jpg","contentUrl":"https:\/\/muzeumfabrykinorblina.pl\/wp-content\/uploads\/2026\/07\/MFN_Zwiedzanie_01.jpg","width":1080,"height":1080},{"@type":"BreadcrumbList","@id":"https:\/\/muzeumfabrykinorblina.pl\/?p=7882#breadcrumb","itemListElement":[{"@type":"ListItem","position":1,"name":"Strona g\u0142\u00f3wna","item":"https:\/\/muzeumfabrykinorblina.pl\/"},{"@type":"ListItem","position":2,"name":"Wakacje z histori\u0105 \u2013 dzieci zwiedzaj\u0105 Muzeum Fabryki Norblina za darmo"}]},{"@type":"WebSite","@id":"https:\/\/muzeumfabrykinorblina.pl\/#website","url":"https:\/\/muzeumfabrykinorblina.pl\/","name":"Muzeum Fabryki Norblina","description":"Fabryka Norblina","publisher":{"@id":"https:\/\/muzeumfabrykinorblina.pl\/#organization"},"potentialAction":[{"@type":"SearchAction","target":{"@type":"EntryPoint","urlTemplate":"https:\/\/muzeumfabrykinorblina.pl\/?s={search_term_string}"},"query-input":{"@type":"PropertyValueSpecification","valueRequired":true,"valueName":"search_term_string"}}],"inLanguage":"pl-PL"},{"@type":"Organization","@id":"https:\/\/muzeumfabrykinorblina.pl\/#organization","name":"Muzeum Fabryki Norblina","url":"https:\/\/muzeumfabrykinorblina.pl\/","logo":{"@type":"ImageObject","inLanguage":"pl-PL","@id":"https:\/\/muzeumfabrykinorblina.pl\/#\/schema\/logo\/image\/","url":"https:\/\/muzeumfabrykinorblina.pl\/wp-content\/uploads\/2023\/11\/MFN_Featured-image_1200x675.jpg","contentUrl":"https:\/\/muzeumfabrykinorblina.pl\/wp-content\/uploads\/2023\/11\/MFN_Featured-image_1200x675.jpg","width":1200,"height":675,"caption":"Muzeum Fabryki Norblina"},"image":{"@id":"https:\/\/muzeumfabrykinorblina.pl\/#\/schema\/logo\/image\/"},"sameAs":["https:\/\/www.facebook.com\/MuzeumFabrykiNorblina","https:\/\/www.instagram.com\/muzeumfabrykinorblina\/"]},{"@type":"Person","@id":"https:\/\/muzeumfabrykinorblina.pl\/#\/schema\/person\/ce1d84e870b4a69ecac1447ad862a907","name":"Filip Zaborski","image":{"@type":"ImageObject","inLanguage":"pl-PL","@id":"https:\/\/secure.gravatar.com\/avatar\/e3238716342a699f4e3ea5973222fbda23f9b17d5c59b68fe2f16f0a38ec0017?s=96&d=mm&r=g","url":"https:\/\/secure.gravatar.com\/avatar\/e3238716342a699f4e3ea5973222fbda23f9b17d5c59b68fe2f16f0a38ec0017?s=96&d=mm&r=g","contentUrl":"https:\/\/secure.gravatar.com\/avatar\/e3238716342a699f4e3ea5973222fbda23f9b17d5c59b68fe2f16f0a38ec0017?s=96&d=mm&r=g","caption":"Filip Zaborski"},"url":"https:\/\/muzeumfabrykinorblina.pl\/?author=8"}]}},"lang":"pl","translations":{"pl":7882},"builder_content":"","pll_sync_post":{},"_links":{"self":[{"href":"https:\/\/muzeumfabrykinorblina.pl\/index.php?rest_route=\/wp\/v2\/posts\/7882","targetHints":{"allow":["GET"]}}],"collection":[{"href":"https:\/\/muzeumfabrykinorblina.pl\/index.php?rest_route=\/wp\/v2\/posts"}],"about":[{"href":"https:\/\/muzeumfabrykinorblina.pl\/index.php?rest_route=\/wp\/v2\/types\/post"}],"author":[{"embeddable":true,"href":"https:\/\/muzeumfabrykinorblina.pl\/index.php?rest_route=\/wp\/v2\/users\/8"}],"replies":[{"embeddable":true,"href":"https:\/\/muzeumfabrykinorblina.pl\/index.php?rest_route=%2Fwp%2Fv2%2Fcomments&post=7882"}],"version-history":[{"count":3,"href":"https:\/\/muzeumfabrykinorblina.pl\/index.php?rest_route=\/wp\/v2\/posts\/7882\/revisions"}],"predecessor-version":[{"id":7886,"href":"https:\/\/muzeumfabrykinorblina.pl\/index.php?rest_route=\/wp\/v2\/posts\/7882\/revisions\/7886"}],"wp:featuredmedia":[{"embeddable":true,"href":"https:\/\/muzeumfabrykinorblina.pl\/index.php?rest_route=\/wp\/v2\/media\/7885"}],"wp:attachment":[{"href":"https:\/\/muzeumfabrykinorblina.pl\/index.php?rest_route=%2Fwp%2Fv2%2Fmedia&parent=7882"}],"wp:term":[{"taxonomy":"category","embeddable":true,"href":"https:\/\/muzeumfabrykinorblina.pl\/index.php?rest_route=%2Fwp%2Fv2%2Fcategories&post=7882"},{"taxonomy":"post_tag","embeddable":true,"href":"https:\/\/muzeumfabrykinorblina.pl\/index.php?rest_route=%2Fwp%2Fv2%2Ftags&post=7882"}],"curies":[{"name":"wp","href":"https:\/\/api.w.org\/{rel}","templated":true}]}}