{"id":7850,"date":"2026-07-01T12:09:02","date_gmt":"2026-07-01T10:09:02","guid":{"rendered":"https:\/\/muzeumfabrykinorblina.pl\/?p=7850"},"modified":"2026-07-13T17:44:17","modified_gmt":"2026-07-13T15:44:17","slug":"niedziela-na-glownym-ii-edycja-letnich-potancowek-w-stacji-muzeum","status":"publish","type":"post","link":"https:\/\/muzeumfabrykinorblina.pl\/?p=7850","title":{"rendered":"Niedziela na G\u0142\u00f3wnym \u2013\u00a0 II edycja letnich pota\u0144c\u00f3wek w Stacji Muzeum\u00a0"},"content":{"rendered":"\n<p class=\"wp-block-paragraph\">Stacja Muzeum&nbsp; ju\u017c po raz drugi zaprasza warszawiak\u00f3w do wsp\u00f3lnego ta\u0144ca. Cykl bezp\u0142atnych pota\u0144c\u00f3wek \u201eNiedziela na G\u0142\u00f3wnym\u201d powraca 21 czerwca, oferuj\u0105c uczestnikom cztery letnie spotkania z muzyk\u0105, ta\u0144cem i atmosfer\u0105 dawnej Warszawy.<\/p>\n\n\n\n<p class=\"wp-block-paragraph\">Taneczne wydarzenia b\u0119d\u0105 odbywa\u0107 si\u0119 w plenerze, na terenie dawnego Dworca Warszawa G\u0142\u00f3wna \u2013 miejsca, kt\u00f3re przez lata by\u0142o jednym z wa\u017cniejszych punkt\u00f3w na mapie stolicy. Nazwa cyklu nawi\u0105zuje do piosenki Wojciecha M\u0142ynarskiego \u201eNiedziela na G\u0142\u00f3wnym\u201d, a sama idea jest inspirowana tradycj\u0105 warszawskich dancing\u00f3w, kt\u00f3re niegdy\u015b przyci\u0105ga\u0142y t\u0142umy mieszka\u0144c\u00f3w.&nbsp;<\/p>\n\n\n\n<p class=\"wp-block-paragraph\">Tegoroczna edycja obejmuje cztery pota\u0144c\u00f3wki organizowane od czerwca do wrze\u015bnia, w przedostatni\u0105 niedziel\u0119 ka\u017cdego miesi\u0105ca. W programie znajd\u0105 si\u0119 koncerty muzyki tanecznej na \u017cywo, animacje taneczne oraz atrakcje dla ca\u0142ych rodzin. Spotkania maj\u0105 charakter mi\u0119dzypokoleniowy i s\u0105 okazj\u0105 do wsp\u00f3lnego sp\u0119dzania czasu w niecodziennej scenerii zabytkowego dworca.<\/p>\n\n\n\n<p class=\"wp-block-paragraph\">\u201eNiedziela na G\u0142\u00f3wnym\u201d to propozycja dla wszystkich, kt\u00f3rzy chc\u0105 poczu\u0107 atmosfer\u0119 dawnych warszawskich zabaw tanecznych, a jednocze\u015bnie aktywnie i w atrakcyjny spos\u00f3b sp\u0119dzi\u0107 letnie popo\u0142udnie. Cykl wpisuje si\u0119 w dzia\u0142ania Stacji Muzeum na rzecz popularyzacji historii Warszawy oraz tworzenia otwartej przestrzeni dla mieszka\u0144c\u00f3w i odwiedzaj\u0105cych stolic\u0119 go\u015bci.<\/p>\n\n\n\n<p class=\"wp-block-paragraph\">\u2013 Chcemy przypomnie\u0107, \u017ce Dworzec G\u0142\u00f3wny by\u0142 kiedy\u015b jednym z najbardziej t\u0119tni\u0105cych \u017cyciem miejsc na mapie Warszawy. Spotykali si\u0119 tu mieszka\u0144cy stolicy, podr\u00f3\u017cni i arty\u015bci. Organizuj\u0105c cykl pota\u0144c\u00f3wek&nbsp; \u201eNiedziela na G\u0142\u00f3wnym\u201d, chcemy przywr\u00f3ci\u0107 temu miejscu jego spo\u0142eczny charakter i stworzy\u0107 przestrze\u0144 do mi\u0119dzypokoleniowych spotka\u0144 oraz wsp\u00f3lnej zabawy przy muzyce na \u017cywo \u2013 podkre\u015bla Emilia Oleksiak, Dyrektor Stacji Muzeum.<\/p>\n\n\n\n<p class=\"wp-block-paragraph\">Program II edycji \u201eNiedzieli na G\u0142\u00f3wnym\u201d<\/p>\n\n\n\n<p class=\"wp-block-paragraph\"><strong>21 czerwca \u2013 \u201eLetni Disco Express\u201d \u2013 DJ Wika &amp; DJ Skorp<\/strong><\/p>\n\n\n\n<p class=\"wp-block-paragraph\">Mi\u0119dzypokoleniowa zabawa przy najwi\u0119kszych tanecznych przebojach w rytmie disco. \u201eLetni Disco Express\u201d zabierze go\u015bci w rozta\u0144czony, wakacyjny klimat pe\u0142en kolorowych \u015bwiate\u0142, neon\u00f3w i najwi\u0119kszych hit\u00f3w, tworz\u0105c atmosfer\u0119 letniego festiwalu pod go\u0142ym niebem.<\/p>\n\n\n\n<p class=\"wp-block-paragraph\"><strong>19 lipca \u2013 \u201ePoci\u0105g do tanga i milongi\u201d \u2013 Ma\u0142a Orkiestra Dancingowa<\/strong><\/p>\n\n\n\n<p class=\"wp-block-paragraph\">Muzyczna podr\u00f3\u017c do Warszawy lat 20. i 30. XX wieku, pe\u0142na przedwojennych szlagier\u00f3w, tang i foxtrot\u00f3w. Pota\u0144c\u00f3wka w klimacie argenty\u0144skiego tanga pozwoli zanurzy\u0107 si\u0119 w eleganckiej atmosferze nocnych milong Buenos Aires, wype\u0142nionych nastrojowym \u015bwiat\u0142em, muzyk\u0105 i&nbsp;po\u0142udniowoameryka\u0144sk\u0105 pasj\u0105.<\/p>\n\n\n\n<p class=\"wp-block-paragraph\"><strong>23 sierpnia \u2013 \u201eRetro dancing na peronie\u201d \u2013 Kapela Sztajer<\/strong><\/p>\n\n\n\n<p class=\"wp-block-paragraph\">Wiecz\u00f3r inspirowany klimatem Polski lat 50. i 60. przeniesie uczestnik\u00f3w do czas\u00f3w eleganckich dancing\u00f3w, kawiarni i dom\u00f3w kultury. Przy d\u017awi\u0119kach swingu, jazzu i bigbitu o\u017cyj\u0105 wspomnienia powojennej Warszawy, a ca\u0142o\u015b\u0107 dope\u0142ni charakterystyczne wzornictwo i&nbsp;estetyka tamtych lat.<\/p>\n\n\n\n<p class=\"wp-block-paragraph\"><strong>20 wrze\u015bnia \u2013 \u201eMelodie przedwojennej Warszawy\u201d \u2013 Warszawskie Combo Taneczne<\/strong><\/p>\n\n\n\n<p class=\"wp-block-paragraph\">Fina\u0142 cyklu odb\u0119dzie si\u0119 w wyj\u0105tkowym warszawskim stylu. Zesp\u00f3\u0142 Jana M\u0142ynarskiego przypomni przedwojenne szlagiery, piosenki podw\u00f3rkowe i taneczne melodie dawnej stolicy. Inspirowana klimatem dwudziestolecia mi\u0119dzywojennego pota\u0144c\u00f3wka wprowadzi go\u015bci do \u015bwiata eleganckich dancing\u00f3w, kabaretowych rewii i muzycznych salon\u00f3w, gdzie w\u015br\u00f3d blasku \u015bwiate\u0142 oraz stylu art d\u00e9co o\u017cyje atmosfera najbardziej szykownych wieczor\u00f3w tamtej epoki.<\/p>\n\n\n\n<p class=\"wp-block-paragraph\">Wszystkie wydarzenia s\u0105 bezp\u0142atne. Uczestnicy b\u0119d\u0105 mogli odebra\u0107 darmowe wej\u015bci\u00f3wki. Mile widziane s\u0105 r\u00f3wnie\u017c stroje nawi\u0105zuj\u0105ce do tematyki poszczeg\u00f3lnych pota\u0144c\u00f3wek. Najciekawsze stylizacje zostan\u0105 nagrodzone.<\/p>\n\n\n\n<p class=\"wp-block-paragraph\">Cykl pota\u0144c\u00f3wek \u201eNiedziela na G\u0142\u00f3wnym\u201d obj\u0119ty jest Honorowym Patronatem Burmistrza Dzielnicy Wola m.st. Warszawy Krzysztofa Strza\u0142kowskiego.<\/p>\n\n\n\n<p class=\"wp-block-paragraph\"><\/p>\n\n\n\n<p class=\"wp-block-paragraph\"><\/p>\n\n\n\n<p class=\"wp-block-paragraph\"><\/p>\n\n\n\n<p class=\"wp-block-paragraph\"><\/p>\n\n\n\n<p class=\"wp-block-paragraph\"><\/p>\n\n\n\n<p class=\"wp-block-paragraph\"><\/p>\n\n\n\n<p class=\"wp-block-paragraph\"><\/p>\n\n\n\n<p class=\"wp-block-paragraph\"><\/p>\n\n\n\n<p class=\"wp-block-paragraph\"><\/p>\n\n\n\n<p class=\"wp-block-paragraph\"><\/p>\n\n\n\n<p class=\"wp-block-paragraph\"><\/p>\n\n\n\n<p class=\"wp-block-paragraph\"><\/p>\n\n\n\n<p class=\"wp-block-paragraph\"><\/p>\n\n\n\n<p class=\"wp-block-paragraph\"><\/p>\n\n\n\n<p class=\"wp-block-paragraph\"><\/p>\n\n\n\n<p class=\"wp-block-paragraph\"><\/p>\n\n\n<!-- wp:themify-builder\/canvas \/-->","protected":false},"excerpt":{"rendered":"<p>Stacja Muzeum&nbsp; ju\u017c po raz drugi zaprasza warszawiak\u00f3w do wsp\u00f3lnego ta\u0144ca. Cykl bezp\u0142atnych pota\u0144c\u00f3wek \u201eNiedziela na G\u0142\u00f3wnym\u201d powraca 21 czerwca, oferuj\u0105c uczestnikom cztery letnie spotkania z muzyk\u0105, ta\u0144cem i atmosfer\u0105 dawnej Warszawy. Taneczne wydarzenia b\u0119d\u0105 odbywa\u0107 si\u0119 w plenerze, na terenie dawnego Dworca Warszawa G\u0142\u00f3wna \u2013 miejsca, kt\u00f3re przez lata by\u0142o jednym z wa\u017cniejszych punkt\u00f3w [&hellip;]<\/p>\n","protected":false},"author":8,"featured_media":7855,"comment_status":"closed","ping_status":"closed","sticky":false,"template":"","format":"standard","meta":{"_acf_changed":false,"_monsterinsights_skip_tracking":false,"footnotes":""},"categories":[163],"tags":[],"class_list":["post-7850","post","type-post","status-publish","format-standard","has-post-thumbnail","hentry","category-partnerzy","has-post-title","has-post-date","has-post-category","has-post-tag","has-post-comment","has-post-author",""],"acf":[],"yoast_head":"<!-- This site is optimized with the Yoast SEO plugin v28.2 - https:\/\/yoast.com\/product\/yoast-seo-wordpress\/ -->\n<title>Niedziela na G\u0142\u00f3wnym \u2013\u00a0 II edycja letnich pota\u0144c\u00f3wek w Stacji Muzeum\u00a0 | Muzeum Fabryki Norblina<\/title>\n<meta name=\"description\" content=\"\u201eNiedziela na G\u0142\u00f3wnym\u201d wraca do Stacji Muzeum z cyklem bezp\u0142atnych letnich pota\u0144c\u00f3wek, muzyk\u0105 na \u017cywo i klimatem dawnej Warszawy w scenerii zabytkowego Dworca G\u0142\u00f3wnego.\" \/>\n<meta name=\"robots\" content=\"index, follow, max-snippet:-1, max-image-preview:large, max-video-preview:-1\" \/>\n<link rel=\"canonical\" href=\"https:\/\/muzeumfabrykinorblina.pl\/?p=7850\" \/>\n<meta property=\"og:locale\" content=\"pl_PL\" \/>\n<meta property=\"og:type\" content=\"article\" \/>\n<meta property=\"og:title\" content=\"Niedziela na G\u0142\u00f3wnym \u2013\u00a0 II edycja letnich pota\u0144c\u00f3wek w Stacji Muzeum\u00a0 | Muzeum Fabryki Norblina\" \/>\n<meta property=\"og:description\" content=\"\u201eNiedziela na G\u0142\u00f3wnym\u201d wraca do Stacji Muzeum z cyklem bezp\u0142atnych letnich pota\u0144c\u00f3wek, muzyk\u0105 na \u017cywo i klimatem dawnej Warszawy w scenerii zabytkowego Dworca G\u0142\u00f3wnego.\" \/>\n<meta property=\"og:url\" content=\"https:\/\/muzeumfabrykinorblina.pl\/?p=7850\" \/>\n<meta property=\"og:site_name\" content=\"Muzeum Fabryki Norblina\" \/>\n<meta property=\"article:publisher\" content=\"https:\/\/www.facebook.com\/MuzeumFabrykiNorblina\" \/>\n<meta property=\"article:published_time\" content=\"2026-07-01T10:09:02+00:00\" \/>\n<meta property=\"article:modified_time\" content=\"2026-07-13T15:44:17+00:00\" \/>\n<meta property=\"og:image\" content=\"http:\/\/muzeumfabrykinorblina.pl\/wp-content\/uploads\/2026\/06\/MFN_Wpis-Niedziela-na-glownym.jpg\" \/>\n\t<meta property=\"og:image:width\" content=\"1080\" \/>\n\t<meta property=\"og:image:height\" content=\"1350\" \/>\n\t<meta property=\"og:image:type\" content=\"image\/jpeg\" \/>\n<meta name=\"author\" content=\"Filip Zaborski\" \/>\n<meta name=\"twitter:card\" content=\"summary_large_image\" \/>\n<meta name=\"twitter:label1\" content=\"Napisane przez\" \/>\n\t<meta name=\"twitter:data1\" content=\"Filip Zaborski\" \/>\n\t<meta name=\"twitter:label2\" content=\"Szacowany czas czytania\" \/>\n\t<meta name=\"twitter:data2\" content=\"4 minuty\" \/>\n<script type=\"application\/ld+json\" class=\"yoast-schema-graph\">{\"@context\":\"https:\\\/\\\/schema.org\",\"@graph\":[{\"@type\":\"Article\",\"@id\":\"https:\\\/\\\/muzeumfabrykinorblina.pl\\\/?p=7850#article\",\"isPartOf\":{\"@id\":\"https:\\\/\\\/muzeumfabrykinorblina.pl\\\/?p=7850\"},\"author\":{\"name\":\"Filip Zaborski\",\"@id\":\"https:\\\/\\\/muzeumfabrykinorblina.pl\\\/#\\\/schema\\\/person\\\/ce1d84e870b4a69ecac1447ad862a907\"},\"headline\":\"Niedziela na G\u0142\u00f3wnym \u2013\u00a0 II edycja letnich pota\u0144c\u00f3wek w Stacji Muzeum\u00a0\",\"datePublished\":\"2026-07-01T10:09:02+00:00\",\"dateModified\":\"2026-07-13T15:44:17+00:00\",\"mainEntityOfPage\":{\"@id\":\"https:\\\/\\\/muzeumfabrykinorblina.pl\\\/?p=7850\"},\"wordCount\":605,\"publisher\":{\"@id\":\"https:\\\/\\\/muzeumfabrykinorblina.pl\\\/#organization\"},\"image\":{\"@id\":\"https:\\\/\\\/muzeumfabrykinorblina.pl\\\/?p=7850#primaryimage\"},\"thumbnailUrl\":\"https:\\\/\\\/muzeumfabrykinorblina.pl\\\/wp-content\\\/uploads\\\/2026\\\/06\\\/MFN_Wpis-Niedziela-na-glownym.jpg\",\"articleSection\":[\"Partnerzy\"],\"inLanguage\":\"pl-PL\"},{\"@type\":\"WebPage\",\"@id\":\"https:\\\/\\\/muzeumfabrykinorblina.pl\\\/?p=7850\",\"url\":\"https:\\\/\\\/muzeumfabrykinorblina.pl\\\/?p=7850\",\"name\":\"Niedziela na G\u0142\u00f3wnym \u2013\u00a0 II edycja letnich pota\u0144c\u00f3wek w Stacji Muzeum\u00a0 | Muzeum Fabryki Norblina\",\"isPartOf\":{\"@id\":\"https:\\\/\\\/muzeumfabrykinorblina.pl\\\/#website\"},\"primaryImageOfPage\":{\"@id\":\"https:\\\/\\\/muzeumfabrykinorblina.pl\\\/?p=7850#primaryimage\"},\"image\":{\"@id\":\"https:\\\/\\\/muzeumfabrykinorblina.pl\\\/?p=7850#primaryimage\"},\"thumbnailUrl\":\"https:\\\/\\\/muzeumfabrykinorblina.pl\\\/wp-content\\\/uploads\\\/2026\\\/06\\\/MFN_Wpis-Niedziela-na-glownym.jpg\",\"datePublished\":\"2026-07-01T10:09:02+00:00\",\"dateModified\":\"2026-07-13T15:44:17+00:00\",\"description\":\"\u201eNiedziela na G\u0142\u00f3wnym\u201d wraca do Stacji Muzeum z cyklem bezp\u0142atnych letnich pota\u0144c\u00f3wek, muzyk\u0105 na \u017cywo i klimatem dawnej Warszawy w scenerii zabytkowego Dworca G\u0142\u00f3wnego.\",\"breadcrumb\":{\"@id\":\"https:\\\/\\\/muzeumfabrykinorblina.pl\\\/?p=7850#breadcrumb\"},\"inLanguage\":\"pl-PL\",\"potentialAction\":[{\"@type\":\"ReadAction\",\"target\":[\"https:\\\/\\\/muzeumfabrykinorblina.pl\\\/?p=7850\"]}]},{\"@type\":\"ImageObject\",\"inLanguage\":\"pl-PL\",\"@id\":\"https:\\\/\\\/muzeumfabrykinorblina.pl\\\/?p=7850#primaryimage\",\"url\":\"https:\\\/\\\/muzeumfabrykinorblina.pl\\\/wp-content\\\/uploads\\\/2026\\\/06\\\/MFN_Wpis-Niedziela-na-glownym.jpg\",\"contentUrl\":\"https:\\\/\\\/muzeumfabrykinorblina.pl\\\/wp-content\\\/uploads\\\/2026\\\/06\\\/MFN_Wpis-Niedziela-na-glownym.jpg\",\"width\":1080,\"height\":1350},{\"@type\":\"BreadcrumbList\",\"@id\":\"https:\\\/\\\/muzeumfabrykinorblina.pl\\\/?p=7850#breadcrumb\",\"itemListElement\":[{\"@type\":\"ListItem\",\"position\":1,\"name\":\"Strona g\u0142\u00f3wna\",\"item\":\"https:\\\/\\\/muzeumfabrykinorblina.pl\\\/\"},{\"@type\":\"ListItem\",\"position\":2,\"name\":\"Niedziela na G\u0142\u00f3wnym \u2013\u00a0 II edycja letnich pota\u0144c\u00f3wek w Stacji Muzeum\u00a0\"}]},{\"@type\":\"WebSite\",\"@id\":\"https:\\\/\\\/muzeumfabrykinorblina.pl\\\/#website\",\"url\":\"https:\\\/\\\/muzeumfabrykinorblina.pl\\\/\",\"name\":\"Muzeum Fabryki Norblina\",\"description\":\"Fabryka Norblina\",\"publisher\":{\"@id\":\"https:\\\/\\\/muzeumfabrykinorblina.pl\\\/#organization\"},\"potentialAction\":[{\"@type\":\"SearchAction\",\"target\":{\"@type\":\"EntryPoint\",\"urlTemplate\":\"https:\\\/\\\/muzeumfabrykinorblina.pl\\\/?s={search_term_string}\"},\"query-input\":{\"@type\":\"PropertyValueSpecification\",\"valueRequired\":true,\"valueName\":\"search_term_string\"}}],\"inLanguage\":\"pl-PL\"},{\"@type\":\"Organization\",\"@id\":\"https:\\\/\\\/muzeumfabrykinorblina.pl\\\/#organization\",\"name\":\"Muzeum Fabryki Norblina\",\"url\":\"https:\\\/\\\/muzeumfabrykinorblina.pl\\\/\",\"logo\":{\"@type\":\"ImageObject\",\"inLanguage\":\"pl-PL\",\"@id\":\"https:\\\/\\\/muzeumfabrykinorblina.pl\\\/#\\\/schema\\\/logo\\\/image\\\/\",\"url\":\"https:\\\/\\\/muzeumfabrykinorblina.pl\\\/wp-content\\\/uploads\\\/2023\\\/11\\\/MFN_Featured-image_1200x675.jpg\",\"contentUrl\":\"https:\\\/\\\/muzeumfabrykinorblina.pl\\\/wp-content\\\/uploads\\\/2023\\\/11\\\/MFN_Featured-image_1200x675.jpg\",\"width\":1200,\"height\":675,\"caption\":\"Muzeum Fabryki Norblina\"},\"image\":{\"@id\":\"https:\\\/\\\/muzeumfabrykinorblina.pl\\\/#\\\/schema\\\/logo\\\/image\\\/\"},\"sameAs\":[\"https:\\\/\\\/www.facebook.com\\\/MuzeumFabrykiNorblina\",\"https:\\\/\\\/www.instagram.com\\\/muzeumfabrykinorblina\\\/\"]},{\"@type\":\"Person\",\"@id\":\"https:\\\/\\\/muzeumfabrykinorblina.pl\\\/#\\\/schema\\\/person\\\/ce1d84e870b4a69ecac1447ad862a907\",\"name\":\"Filip Zaborski\",\"image\":{\"@type\":\"ImageObject\",\"inLanguage\":\"pl-PL\",\"@id\":\"https:\\\/\\\/secure.gravatar.com\\\/avatar\\\/e3238716342a699f4e3ea5973222fbda23f9b17d5c59b68fe2f16f0a38ec0017?s=96&d=mm&r=g\",\"url\":\"https:\\\/\\\/secure.gravatar.com\\\/avatar\\\/e3238716342a699f4e3ea5973222fbda23f9b17d5c59b68fe2f16f0a38ec0017?s=96&d=mm&r=g\",\"contentUrl\":\"https:\\\/\\\/secure.gravatar.com\\\/avatar\\\/e3238716342a699f4e3ea5973222fbda23f9b17d5c59b68fe2f16f0a38ec0017?s=96&d=mm&r=g\",\"caption\":\"Filip Zaborski\"},\"url\":\"https:\\\/\\\/muzeumfabrykinorblina.pl\\\/?author=8\"}]}<\/script>\n<!-- \/ Yoast SEO plugin. -->","yoast_head_json":{"title":"Niedziela na G\u0142\u00f3wnym \u2013\u00a0 II edycja letnich pota\u0144c\u00f3wek w Stacji Muzeum\u00a0 | Muzeum Fabryki Norblina","description":"\u201eNiedziela na G\u0142\u00f3wnym\u201d wraca do Stacji Muzeum z cyklem bezp\u0142atnych letnich pota\u0144c\u00f3wek, muzyk\u0105 na \u017cywo i klimatem dawnej Warszawy w scenerii zabytkowego Dworca G\u0142\u00f3wnego.","robots":{"index":"index","follow":"follow","max-snippet":"max-snippet:-1","max-image-preview":"max-image-preview:large","max-video-preview":"max-video-preview:-1"},"canonical":"https:\/\/muzeumfabrykinorblina.pl\/?p=7850","og_locale":"pl_PL","og_type":"article","og_title":"Niedziela na G\u0142\u00f3wnym \u2013\u00a0 II edycja letnich pota\u0144c\u00f3wek w Stacji Muzeum\u00a0 | Muzeum Fabryki Norblina","og_description":"\u201eNiedziela na G\u0142\u00f3wnym\u201d wraca do Stacji Muzeum z cyklem bezp\u0142atnych letnich pota\u0144c\u00f3wek, muzyk\u0105 na \u017cywo i klimatem dawnej Warszawy w scenerii zabytkowego Dworca G\u0142\u00f3wnego.","og_url":"https:\/\/muzeumfabrykinorblina.pl\/?p=7850","og_site_name":"Muzeum Fabryki Norblina","article_publisher":"https:\/\/www.facebook.com\/MuzeumFabrykiNorblina","article_published_time":"2026-07-01T10:09:02+00:00","article_modified_time":"2026-07-13T15:44:17+00:00","og_image":[{"width":1080,"height":1350,"url":"http:\/\/muzeumfabrykinorblina.pl\/wp-content\/uploads\/2026\/06\/MFN_Wpis-Niedziela-na-glownym.jpg","type":"image\/jpeg"}],"author":"Filip Zaborski","twitter_card":"summary_large_image","twitter_misc":{"Napisane przez":"Filip Zaborski","Szacowany czas czytania":"4 minuty"},"schema":{"@context":"https:\/\/schema.org","@graph":[{"@type":"Article","@id":"https:\/\/muzeumfabrykinorblina.pl\/?p=7850#article","isPartOf":{"@id":"https:\/\/muzeumfabrykinorblina.pl\/?p=7850"},"author":{"name":"Filip Zaborski","@id":"https:\/\/muzeumfabrykinorblina.pl\/#\/schema\/person\/ce1d84e870b4a69ecac1447ad862a907"},"headline":"Niedziela na G\u0142\u00f3wnym \u2013\u00a0 II edycja letnich pota\u0144c\u00f3wek w Stacji Muzeum\u00a0","datePublished":"2026-07-01T10:09:02+00:00","dateModified":"2026-07-13T15:44:17+00:00","mainEntityOfPage":{"@id":"https:\/\/muzeumfabrykinorblina.pl\/?p=7850"},"wordCount":605,"publisher":{"@id":"https:\/\/muzeumfabrykinorblina.pl\/#organization"},"image":{"@id":"https:\/\/muzeumfabrykinorblina.pl\/?p=7850#primaryimage"},"thumbnailUrl":"https:\/\/muzeumfabrykinorblina.pl\/wp-content\/uploads\/2026\/06\/MFN_Wpis-Niedziela-na-glownym.jpg","articleSection":["Partnerzy"],"inLanguage":"pl-PL"},{"@type":"WebPage","@id":"https:\/\/muzeumfabrykinorblina.pl\/?p=7850","url":"https:\/\/muzeumfabrykinorblina.pl\/?p=7850","name":"Niedziela na G\u0142\u00f3wnym \u2013\u00a0 II edycja letnich pota\u0144c\u00f3wek w Stacji Muzeum\u00a0 | Muzeum Fabryki Norblina","isPartOf":{"@id":"https:\/\/muzeumfabrykinorblina.pl\/#website"},"primaryImageOfPage":{"@id":"https:\/\/muzeumfabrykinorblina.pl\/?p=7850#primaryimage"},"image":{"@id":"https:\/\/muzeumfabrykinorblina.pl\/?p=7850#primaryimage"},"thumbnailUrl":"https:\/\/muzeumfabrykinorblina.pl\/wp-content\/uploads\/2026\/06\/MFN_Wpis-Niedziela-na-glownym.jpg","datePublished":"2026-07-01T10:09:02+00:00","dateModified":"2026-07-13T15:44:17+00:00","description":"\u201eNiedziela na G\u0142\u00f3wnym\u201d wraca do Stacji Muzeum z cyklem bezp\u0142atnych letnich pota\u0144c\u00f3wek, muzyk\u0105 na \u017cywo i klimatem dawnej Warszawy w scenerii zabytkowego Dworca G\u0142\u00f3wnego.","breadcrumb":{"@id":"https:\/\/muzeumfabrykinorblina.pl\/?p=7850#breadcrumb"},"inLanguage":"pl-PL","potentialAction":[{"@type":"ReadAction","target":["https:\/\/muzeumfabrykinorblina.pl\/?p=7850"]}]},{"@type":"ImageObject","inLanguage":"pl-PL","@id":"https:\/\/muzeumfabrykinorblina.pl\/?p=7850#primaryimage","url":"https:\/\/muzeumfabrykinorblina.pl\/wp-content\/uploads\/2026\/06\/MFN_Wpis-Niedziela-na-glownym.jpg","contentUrl":"https:\/\/muzeumfabrykinorblina.pl\/wp-content\/uploads\/2026\/06\/MFN_Wpis-Niedziela-na-glownym.jpg","width":1080,"height":1350},{"@type":"BreadcrumbList","@id":"https:\/\/muzeumfabrykinorblina.pl\/?p=7850#breadcrumb","itemListElement":[{"@type":"ListItem","position":1,"name":"Strona g\u0142\u00f3wna","item":"https:\/\/muzeumfabrykinorblina.pl\/"},{"@type":"ListItem","position":2,"name":"Niedziela na G\u0142\u00f3wnym \u2013\u00a0 II edycja letnich pota\u0144c\u00f3wek w Stacji Muzeum\u00a0"}]},{"@type":"WebSite","@id":"https:\/\/muzeumfabrykinorblina.pl\/#website","url":"https:\/\/muzeumfabrykinorblina.pl\/","name":"Muzeum Fabryki Norblina","description":"Fabryka Norblina","publisher":{"@id":"https:\/\/muzeumfabrykinorblina.pl\/#organization"},"potentialAction":[{"@type":"SearchAction","target":{"@type":"EntryPoint","urlTemplate":"https:\/\/muzeumfabrykinorblina.pl\/?s={search_term_string}"},"query-input":{"@type":"PropertyValueSpecification","valueRequired":true,"valueName":"search_term_string"}}],"inLanguage":"pl-PL"},{"@type":"Organization","@id":"https:\/\/muzeumfabrykinorblina.pl\/#organization","name":"Muzeum Fabryki Norblina","url":"https:\/\/muzeumfabrykinorblina.pl\/","logo":{"@type":"ImageObject","inLanguage":"pl-PL","@id":"https:\/\/muzeumfabrykinorblina.pl\/#\/schema\/logo\/image\/","url":"https:\/\/muzeumfabrykinorblina.pl\/wp-content\/uploads\/2023\/11\/MFN_Featured-image_1200x675.jpg","contentUrl":"https:\/\/muzeumfabrykinorblina.pl\/wp-content\/uploads\/2023\/11\/MFN_Featured-image_1200x675.jpg","width":1200,"height":675,"caption":"Muzeum Fabryki Norblina"},"image":{"@id":"https:\/\/muzeumfabrykinorblina.pl\/#\/schema\/logo\/image\/"},"sameAs":["https:\/\/www.facebook.com\/MuzeumFabrykiNorblina","https:\/\/www.instagram.com\/muzeumfabrykinorblina\/"]},{"@type":"Person","@id":"https:\/\/muzeumfabrykinorblina.pl\/#\/schema\/person\/ce1d84e870b4a69ecac1447ad862a907","name":"Filip Zaborski","image":{"@type":"ImageObject","inLanguage":"pl-PL","@id":"https:\/\/secure.gravatar.com\/avatar\/e3238716342a699f4e3ea5973222fbda23f9b17d5c59b68fe2f16f0a38ec0017?s=96&d=mm&r=g","url":"https:\/\/secure.gravatar.com\/avatar\/e3238716342a699f4e3ea5973222fbda23f9b17d5c59b68fe2f16f0a38ec0017?s=96&d=mm&r=g","contentUrl":"https:\/\/secure.gravatar.com\/avatar\/e3238716342a699f4e3ea5973222fbda23f9b17d5c59b68fe2f16f0a38ec0017?s=96&d=mm&r=g","caption":"Filip Zaborski"},"url":"https:\/\/muzeumfabrykinorblina.pl\/?author=8"}]}},"lang":"pl","translations":{"pl":7850},"builder_content":"","pll_sync_post":{},"_links":{"self":[{"href":"https:\/\/muzeumfabrykinorblina.pl\/index.php?rest_route=\/wp\/v2\/posts\/7850","targetHints":{"allow":["GET"]}}],"collection":[{"href":"https:\/\/muzeumfabrykinorblina.pl\/index.php?rest_route=\/wp\/v2\/posts"}],"about":[{"href":"https:\/\/muzeumfabrykinorblina.pl\/index.php?rest_route=\/wp\/v2\/types\/post"}],"author":[{"embeddable":true,"href":"https:\/\/muzeumfabrykinorblina.pl\/index.php?rest_route=\/wp\/v2\/users\/8"}],"replies":[{"embeddable":true,"href":"https:\/\/muzeumfabrykinorblina.pl\/index.php?rest_route=%2Fwp%2Fv2%2Fcomments&post=7850"}],"version-history":[{"count":13,"href":"https:\/\/muzeumfabrykinorblina.pl\/index.php?rest_route=\/wp\/v2\/posts\/7850\/revisions"}],"predecessor-version":[{"id":8123,"href":"https:\/\/muzeumfabrykinorblina.pl\/index.php?rest_route=\/wp\/v2\/posts\/7850\/revisions\/8123"}],"wp:featuredmedia":[{"embeddable":true,"href":"https:\/\/muzeumfabrykinorblina.pl\/index.php?rest_route=\/wp\/v2\/media\/7855"}],"wp:attachment":[{"href":"https:\/\/muzeumfabrykinorblina.pl\/index.php?rest_route=%2Fwp%2Fv2%2Fmedia&parent=7850"}],"wp:term":[{"taxonomy":"category","embeddable":true,"href":"https:\/\/muzeumfabrykinorblina.pl\/index.php?rest_route=%2Fwp%2Fv2%2Fcategories&post=7850"},{"taxonomy":"post_tag","embeddable":true,"href":"https:\/\/muzeumfabrykinorblina.pl\/index.php?rest_route=%2Fwp%2Fv2%2Ftags&post=7850"}],"curies":[{"name":"wp","href":"https:\/\/api.w.org\/{rel}","templated":true}]}}