{"id":7747,"date":"2026-06-02T16:36:41","date_gmt":"2026-06-02T14:36:41","guid":{"rendered":"https:\/\/muzeumfabrykinorblina.pl\/?p=7747"},"modified":"2026-06-30T16:06:47","modified_gmt":"2026-06-30T14:06:47","slug":"maski-afrykanskie","status":"publish","type":"post","link":"https:\/\/muzeumfabrykinorblina.pl\/?p=7747","title":{"rendered":"Muzeum Fabryki Norblina partnerem wystawy \u201eMaski afryka\u0144skie z kolekcji Marka Purwina\u201d"},"content":{"rendered":"\n<p class=\"wp-block-paragraph\">W dniach <strong>2\u201330 czerwca 2026 roku<\/strong> w lokalu <strong>Uwaga Kawa<\/strong> na terenie Fabryki Norblina b\u0119dzie mo\u017cna ogl\u0105da\u0107 wystaw\u0119 <strong>\u201eMaski afryka\u0144skie z kolekcji Marka Purwina\u201d<\/strong>, organizowan\u0105 w ramach projektu <strong>Uwaga Sztuka<\/strong>, kt\u00f3rego partnerem jest Muzeum Fabryki Norblina.<\/p>\n\n\n\n<p class=\"wp-block-paragraph\">Ekspozycja prezentuje wybrane maski i rze\u017aby pochodz\u0105ce z Afryki Subsaharyjskiej, zgromadzone przez <strong>Marka Purwina (1950\u20132025)<\/strong> oraz <strong>Alicj\u0119 Dybkowsk\u0105-Purwin<\/strong>. Wi\u0119kszo\u015b\u0107 prezentowanych obiekt\u00f3w powsta\u0142a w drugiej po\u0142owie XX wieku, g\u0142\u00f3wnie w latach 70. i 80., stanowi\u0105c interesuj\u0105cy przyk\u0142ad afryka\u0144skich tradycji artystycznych i kulturowych.<\/p>\n\n\n\n<p class=\"wp-block-paragraph\">Wystawie towarzyszy has\u0142o <strong>\u201eZamieszkiwanie niewidzialnego\u201d<\/strong>, nawi\u0105zuj\u0105ce do \u015bwiata wierze\u0144, symboli i duchowo\u015bci obecnych w kulturach Afryki Zachodniej. Maski pe\u0142ni\u0142y tam wa\u017cne funkcje spo\u0142eczne i rytualne, staj\u0105c si\u0119 elementem ceremonii, opowie\u015bci i przekazu mi\u0119dzypokoleniowego.<\/p>\n\n\n\n<p class=\"wp-block-paragraph\">Kolekcjonerzy od pocz\u0105tku poszukiwali obiekt\u00f3w mo\u017cliwie najbli\u017cszych historycznym wzorom znanym z dawnych fotografii, publikacji i opracowa\u0144 etnograficznych. Ich celem by\u0142o zgromadzenie dzie\u0142 o wyj\u0105tkowych walorach estetycznych i emocjonalnych, kt\u00f3re pozwalaj\u0105 spojrze\u0107 na sztuk\u0119 afryka\u0144sk\u0105 zar\u00f3wno z perspektywy kulturowej, jak i artystycznej.<\/p>\n\n\n\n<p class=\"wp-block-paragraph\">Projekt <strong>Uwaga Sztuka<\/strong> powsta\u0142 z przekonania, \u017ce sztuka i rzemios\u0142o powinny by\u0107 obecne w codziennym \u017cyciu. Dlatego przestrze\u0144 Uwaga Kawa staje si\u0119 miejscem prezentacji tw\u00f3rczo\u015bci artystycznej poza tradycyjnymi galeriami, umo\u017cliwiaj\u0105c odbiorcom bezpo\u015bredni kontakt ze sztuk\u0105 w nieformalnym otoczeniu.<\/p>\n\n\n\n<p class=\"wp-block-paragraph\">Serdecznie zapraszamy do odwiedzenia wystawy i poznania fascynuj\u0105cego \u015bwiata afryka\u0144skich masek \u2013 obiekt\u00f3w, kt\u00f3re od wiek\u00f3w \u0142\u0105cz\u0105 funkcje estetyczne, symboliczne i spo\u0142eczne.<\/p>\n\n\n\n<p class=\"wp-block-paragraph\"><strong>Miejsce:<\/strong> Uwaga Kawa, Fabryka Norblina, Warszawa<br><strong>Termin:<\/strong> 2\u201330 czerwca 2026 r.<\/p>\n\n\n<!-- wp:themify-builder\/canvas \/-->","protected":false},"excerpt":{"rendered":"<p>W dniach 2\u201330 czerwca 2026 roku w lokalu Uwaga Kawa na terenie Fabryki Norblina b\u0119dzie mo\u017cna ogl\u0105da\u0107 wystaw\u0119 \u201eMaski afryka\u0144skie z kolekcji Marka Purwina\u201d, organizowan\u0105 w ramach projektu Uwaga Sztuka, kt\u00f3rego partnerem jest Muzeum Fabryki Norblina. Ekspozycja prezentuje wybrane maski i rze\u017aby pochodz\u0105ce z Afryki Subsaharyjskiej, zgromadzone przez Marka Purwina (1950\u20132025) oraz Alicj\u0119 Dybkowsk\u0105-Purwin. Wi\u0119kszo\u015b\u0107 [&hellip;]<\/p>\n","protected":false},"author":9,"featured_media":7748,"comment_status":"closed","ping_status":"closed","sticky":false,"template":"","format":"standard","meta":{"_acf_changed":false,"_monsterinsights_skip_tracking":false,"footnotes":""},"categories":[29],"tags":[],"class_list":["post-7747","post","type-post","status-publish","format-standard","has-post-thumbnail","hentry","category-aktualnosci","has-post-title","has-post-date","has-post-category","has-post-tag","has-post-comment","has-post-author",""],"acf":[],"yoast_head":"<!-- This site is optimized with the Yoast SEO plugin v28.2 - https:\/\/yoast.com\/product\/yoast-seo-wordpress\/ -->\n<title>Muzeum Fabryki Norblina partnerem wystawy \u201eMaski afryka\u0144skie z kolekcji Marka Purwina\u201d | Muzeum Fabryki Norblina<\/title>\n<meta name=\"description\" content=\"W dniach 2-30 czerwca 2026 roku w lokalu Uwaga Kawa na terenie Fabryki Norblina b\u0119dzie mo\u017cna ogl\u0105da\u0107 wystaw\u0119 \u201eMaski afryka\u0144skie z kolekcji Marka Purwina\u201d, organizowan\u0105 w ramach projektu Uwaga Sztuka, kt\u00f3rego partnerem jest Muzeum Fabryki Norblina.\" \/>\n<meta name=\"robots\" content=\"index, follow, max-snippet:-1, max-image-preview:large, max-video-preview:-1\" \/>\n<link rel=\"canonical\" href=\"https:\/\/muzeumfabrykinorblina.pl\/?p=7747\" \/>\n<meta property=\"og:locale\" content=\"pl_PL\" \/>\n<meta property=\"og:type\" content=\"article\" \/>\n<meta property=\"og:title\" content=\"Muzeum Fabryki Norblina partnerem wystawy \u201eMaski afryka\u0144skie z kolekcji Marka Purwina\u201d | Muzeum Fabryki Norblina\" \/>\n<meta property=\"og:description\" content=\"W dniach 2-30 czerwca 2026 roku w lokalu Uwaga Kawa na terenie Fabryki Norblina b\u0119dzie mo\u017cna ogl\u0105da\u0107 wystaw\u0119 \u201eMaski afryka\u0144skie z kolekcji Marka Purwina\u201d, organizowan\u0105 w ramach projektu Uwaga Sztuka, kt\u00f3rego partnerem jest Muzeum Fabryki Norblina.\" \/>\n<meta property=\"og:url\" content=\"https:\/\/muzeumfabrykinorblina.pl\/?p=7747\" \/>\n<meta property=\"og:site_name\" content=\"Muzeum Fabryki Norblina\" \/>\n<meta property=\"article:publisher\" content=\"https:\/\/www.facebook.com\/MuzeumFabrykiNorblina\" \/>\n<meta property=\"article:published_time\" content=\"2026-06-02T14:36:41+00:00\" \/>\n<meta property=\"article:modified_time\" content=\"2026-06-30T14:06:47+00:00\" \/>\n<meta property=\"og:image\" content=\"http:\/\/muzeumfabrykinorblina.pl\/wp-content\/uploads\/2026\/06\/MFN-Maski-wpis.jpg\" \/>\n\t<meta property=\"og:image:width\" content=\"1080\" \/>\n\t<meta property=\"og:image:height\" content=\"1080\" \/>\n\t<meta property=\"og:image:type\" content=\"image\/jpeg\" \/>\n<meta name=\"author\" content=\"Agata Ilnicka\" \/>\n<meta name=\"twitter:card\" content=\"summary_large_image\" \/>\n<meta name=\"twitter:label1\" content=\"Napisane przez\" \/>\n\t<meta name=\"twitter:data1\" content=\"Agata Ilnicka\" \/>\n\t<meta name=\"twitter:label2\" content=\"Szacowany czas czytania\" \/>\n\t<meta name=\"twitter:data2\" content=\"2 minuty\" \/>\n<script type=\"application\/ld+json\" class=\"yoast-schema-graph\">{\"@context\":\"https:\\\/\\\/schema.org\",\"@graph\":[{\"@type\":\"Article\",\"@id\":\"https:\\\/\\\/muzeumfabrykinorblina.pl\\\/?p=7747#article\",\"isPartOf\":{\"@id\":\"https:\\\/\\\/muzeumfabrykinorblina.pl\\\/?p=7747\"},\"author\":{\"name\":\"Agata Ilnicka\",\"@id\":\"https:\\\/\\\/muzeumfabrykinorblina.pl\\\/#\\\/schema\\\/person\\\/4f1632ef79031887e0e24c4ea9d3472e\"},\"headline\":\"Muzeum Fabryki Norblina partnerem wystawy \u201eMaski afryka\u0144skie z kolekcji Marka Purwina\u201d\",\"datePublished\":\"2026-06-02T14:36:41+00:00\",\"dateModified\":\"2026-06-30T14:06:47+00:00\",\"mainEntityOfPage\":{\"@id\":\"https:\\\/\\\/muzeumfabrykinorblina.pl\\\/?p=7747\"},\"wordCount\":275,\"publisher\":{\"@id\":\"https:\\\/\\\/muzeumfabrykinorblina.pl\\\/#organization\"},\"image\":{\"@id\":\"https:\\\/\\\/muzeumfabrykinorblina.pl\\\/?p=7747#primaryimage\"},\"thumbnailUrl\":\"https:\\\/\\\/muzeumfabrykinorblina.pl\\\/wp-content\\\/uploads\\\/2026\\\/06\\\/MFN-Maski-wpis.jpg\",\"articleSection\":[\"Aktualno\u015bci\"],\"inLanguage\":\"pl-PL\"},{\"@type\":\"WebPage\",\"@id\":\"https:\\\/\\\/muzeumfabrykinorblina.pl\\\/?p=7747\",\"url\":\"https:\\\/\\\/muzeumfabrykinorblina.pl\\\/?p=7747\",\"name\":\"Muzeum Fabryki Norblina partnerem wystawy \u201eMaski afryka\u0144skie z kolekcji Marka Purwina\u201d | Muzeum Fabryki Norblina\",\"isPartOf\":{\"@id\":\"https:\\\/\\\/muzeumfabrykinorblina.pl\\\/#website\"},\"primaryImageOfPage\":{\"@id\":\"https:\\\/\\\/muzeumfabrykinorblina.pl\\\/?p=7747#primaryimage\"},\"image\":{\"@id\":\"https:\\\/\\\/muzeumfabrykinorblina.pl\\\/?p=7747#primaryimage\"},\"thumbnailUrl\":\"https:\\\/\\\/muzeumfabrykinorblina.pl\\\/wp-content\\\/uploads\\\/2026\\\/06\\\/MFN-Maski-wpis.jpg\",\"datePublished\":\"2026-06-02T14:36:41+00:00\",\"dateModified\":\"2026-06-30T14:06:47+00:00\",\"description\":\"W dniach 2-30 czerwca 2026 roku w lokalu Uwaga Kawa na terenie Fabryki Norblina b\u0119dzie mo\u017cna ogl\u0105da\u0107 wystaw\u0119 \u201eMaski afryka\u0144skie z kolekcji Marka Purwina\u201d, organizowan\u0105 w ramach projektu Uwaga Sztuka, kt\u00f3rego partnerem jest Muzeum Fabryki Norblina.\",\"breadcrumb\":{\"@id\":\"https:\\\/\\\/muzeumfabrykinorblina.pl\\\/?p=7747#breadcrumb\"},\"inLanguage\":\"pl-PL\",\"potentialAction\":[{\"@type\":\"ReadAction\",\"target\":[\"https:\\\/\\\/muzeumfabrykinorblina.pl\\\/?p=7747\"]}]},{\"@type\":\"ImageObject\",\"inLanguage\":\"pl-PL\",\"@id\":\"https:\\\/\\\/muzeumfabrykinorblina.pl\\\/?p=7747#primaryimage\",\"url\":\"https:\\\/\\\/muzeumfabrykinorblina.pl\\\/wp-content\\\/uploads\\\/2026\\\/06\\\/MFN-Maski-wpis.jpg\",\"contentUrl\":\"https:\\\/\\\/muzeumfabrykinorblina.pl\\\/wp-content\\\/uploads\\\/2026\\\/06\\\/MFN-Maski-wpis.jpg\",\"width\":1080,\"height\":1080},{\"@type\":\"BreadcrumbList\",\"@id\":\"https:\\\/\\\/muzeumfabrykinorblina.pl\\\/?p=7747#breadcrumb\",\"itemListElement\":[{\"@type\":\"ListItem\",\"position\":1,\"name\":\"Strona g\u0142\u00f3wna\",\"item\":\"https:\\\/\\\/muzeumfabrykinorblina.pl\\\/\"},{\"@type\":\"ListItem\",\"position\":2,\"name\":\"Muzeum Fabryki Norblina partnerem wystawy \u201eMaski afryka\u0144skie z kolekcji Marka Purwina\u201d\"}]},{\"@type\":\"WebSite\",\"@id\":\"https:\\\/\\\/muzeumfabrykinorblina.pl\\\/#website\",\"url\":\"https:\\\/\\\/muzeumfabrykinorblina.pl\\\/\",\"name\":\"Muzeum Fabryki Norblina\",\"description\":\"Fabryka Norblina\",\"publisher\":{\"@id\":\"https:\\\/\\\/muzeumfabrykinorblina.pl\\\/#organization\"},\"potentialAction\":[{\"@type\":\"SearchAction\",\"target\":{\"@type\":\"EntryPoint\",\"urlTemplate\":\"https:\\\/\\\/muzeumfabrykinorblina.pl\\\/?s={search_term_string}\"},\"query-input\":{\"@type\":\"PropertyValueSpecification\",\"valueRequired\":true,\"valueName\":\"search_term_string\"}}],\"inLanguage\":\"pl-PL\"},{\"@type\":\"Organization\",\"@id\":\"https:\\\/\\\/muzeumfabrykinorblina.pl\\\/#organization\",\"name\":\"Muzeum Fabryki Norblina\",\"url\":\"https:\\\/\\\/muzeumfabrykinorblina.pl\\\/\",\"logo\":{\"@type\":\"ImageObject\",\"inLanguage\":\"pl-PL\",\"@id\":\"https:\\\/\\\/muzeumfabrykinorblina.pl\\\/#\\\/schema\\\/logo\\\/image\\\/\",\"url\":\"https:\\\/\\\/muzeumfabrykinorblina.pl\\\/wp-content\\\/uploads\\\/2023\\\/11\\\/MFN_Featured-image_1200x675.jpg\",\"contentUrl\":\"https:\\\/\\\/muzeumfabrykinorblina.pl\\\/wp-content\\\/uploads\\\/2023\\\/11\\\/MFN_Featured-image_1200x675.jpg\",\"width\":1200,\"height\":675,\"caption\":\"Muzeum Fabryki Norblina\"},\"image\":{\"@id\":\"https:\\\/\\\/muzeumfabrykinorblina.pl\\\/#\\\/schema\\\/logo\\\/image\\\/\"},\"sameAs\":[\"https:\\\/\\\/www.facebook.com\\\/MuzeumFabrykiNorblina\",\"https:\\\/\\\/www.instagram.com\\\/muzeumfabrykinorblina\\\/\"]},{\"@type\":\"Person\",\"@id\":\"https:\\\/\\\/muzeumfabrykinorblina.pl\\\/#\\\/schema\\\/person\\\/4f1632ef79031887e0e24c4ea9d3472e\",\"name\":\"Agata Ilnicka\",\"image\":{\"@type\":\"ImageObject\",\"inLanguage\":\"pl-PL\",\"@id\":\"https:\\\/\\\/secure.gravatar.com\\\/avatar\\\/0c850e3cc969e3bec61971337ea044add4e3b6da745c50448fbab5c86b0b85d9?s=96&d=mm&r=g\",\"url\":\"https:\\\/\\\/secure.gravatar.com\\\/avatar\\\/0c850e3cc969e3bec61971337ea044add4e3b6da745c50448fbab5c86b0b85d9?s=96&d=mm&r=g\",\"contentUrl\":\"https:\\\/\\\/secure.gravatar.com\\\/avatar\\\/0c850e3cc969e3bec61971337ea044add4e3b6da745c50448fbab5c86b0b85d9?s=96&d=mm&r=g\",\"caption\":\"Agata Ilnicka\"},\"url\":\"https:\\\/\\\/muzeumfabrykinorblina.pl\\\/?author=9\"}]}<\/script>\n<!-- \/ Yoast SEO plugin. -->","yoast_head_json":{"title":"Muzeum Fabryki Norblina partnerem wystawy \u201eMaski afryka\u0144skie z kolekcji Marka Purwina\u201d | Muzeum Fabryki Norblina","description":"W dniach 2-30 czerwca 2026 roku w lokalu Uwaga Kawa na terenie Fabryki Norblina b\u0119dzie mo\u017cna ogl\u0105da\u0107 wystaw\u0119 \u201eMaski afryka\u0144skie z kolekcji Marka Purwina\u201d, organizowan\u0105 w ramach projektu Uwaga Sztuka, kt\u00f3rego partnerem jest Muzeum Fabryki Norblina.","robots":{"index":"index","follow":"follow","max-snippet":"max-snippet:-1","max-image-preview":"max-image-preview:large","max-video-preview":"max-video-preview:-1"},"canonical":"https:\/\/muzeumfabrykinorblina.pl\/?p=7747","og_locale":"pl_PL","og_type":"article","og_title":"Muzeum Fabryki Norblina partnerem wystawy \u201eMaski afryka\u0144skie z kolekcji Marka Purwina\u201d | Muzeum Fabryki Norblina","og_description":"W dniach 2-30 czerwca 2026 roku w lokalu Uwaga Kawa na terenie Fabryki Norblina b\u0119dzie mo\u017cna ogl\u0105da\u0107 wystaw\u0119 \u201eMaski afryka\u0144skie z kolekcji Marka Purwina\u201d, organizowan\u0105 w ramach projektu Uwaga Sztuka, kt\u00f3rego partnerem jest Muzeum Fabryki Norblina.","og_url":"https:\/\/muzeumfabrykinorblina.pl\/?p=7747","og_site_name":"Muzeum Fabryki Norblina","article_publisher":"https:\/\/www.facebook.com\/MuzeumFabrykiNorblina","article_published_time":"2026-06-02T14:36:41+00:00","article_modified_time":"2026-06-30T14:06:47+00:00","og_image":[{"width":1080,"height":1080,"url":"http:\/\/muzeumfabrykinorblina.pl\/wp-content\/uploads\/2026\/06\/MFN-Maski-wpis.jpg","type":"image\/jpeg"}],"author":"Agata Ilnicka","twitter_card":"summary_large_image","twitter_misc":{"Napisane przez":"Agata Ilnicka","Szacowany czas czytania":"2 minuty"},"schema":{"@context":"https:\/\/schema.org","@graph":[{"@type":"Article","@id":"https:\/\/muzeumfabrykinorblina.pl\/?p=7747#article","isPartOf":{"@id":"https:\/\/muzeumfabrykinorblina.pl\/?p=7747"},"author":{"name":"Agata Ilnicka","@id":"https:\/\/muzeumfabrykinorblina.pl\/#\/schema\/person\/4f1632ef79031887e0e24c4ea9d3472e"},"headline":"Muzeum Fabryki Norblina partnerem wystawy \u201eMaski afryka\u0144skie z kolekcji Marka Purwina\u201d","datePublished":"2026-06-02T14:36:41+00:00","dateModified":"2026-06-30T14:06:47+00:00","mainEntityOfPage":{"@id":"https:\/\/muzeumfabrykinorblina.pl\/?p=7747"},"wordCount":275,"publisher":{"@id":"https:\/\/muzeumfabrykinorblina.pl\/#organization"},"image":{"@id":"https:\/\/muzeumfabrykinorblina.pl\/?p=7747#primaryimage"},"thumbnailUrl":"https:\/\/muzeumfabrykinorblina.pl\/wp-content\/uploads\/2026\/06\/MFN-Maski-wpis.jpg","articleSection":["Aktualno\u015bci"],"inLanguage":"pl-PL"},{"@type":"WebPage","@id":"https:\/\/muzeumfabrykinorblina.pl\/?p=7747","url":"https:\/\/muzeumfabrykinorblina.pl\/?p=7747","name":"Muzeum Fabryki Norblina partnerem wystawy \u201eMaski afryka\u0144skie z kolekcji Marka Purwina\u201d | Muzeum Fabryki Norblina","isPartOf":{"@id":"https:\/\/muzeumfabrykinorblina.pl\/#website"},"primaryImageOfPage":{"@id":"https:\/\/muzeumfabrykinorblina.pl\/?p=7747#primaryimage"},"image":{"@id":"https:\/\/muzeumfabrykinorblina.pl\/?p=7747#primaryimage"},"thumbnailUrl":"https:\/\/muzeumfabrykinorblina.pl\/wp-content\/uploads\/2026\/06\/MFN-Maski-wpis.jpg","datePublished":"2026-06-02T14:36:41+00:00","dateModified":"2026-06-30T14:06:47+00:00","description":"W dniach 2-30 czerwca 2026 roku w lokalu Uwaga Kawa na terenie Fabryki Norblina b\u0119dzie mo\u017cna ogl\u0105da\u0107 wystaw\u0119 \u201eMaski afryka\u0144skie z kolekcji Marka Purwina\u201d, organizowan\u0105 w ramach projektu Uwaga Sztuka, kt\u00f3rego partnerem jest Muzeum Fabryki Norblina.","breadcrumb":{"@id":"https:\/\/muzeumfabrykinorblina.pl\/?p=7747#breadcrumb"},"inLanguage":"pl-PL","potentialAction":[{"@type":"ReadAction","target":["https:\/\/muzeumfabrykinorblina.pl\/?p=7747"]}]},{"@type":"ImageObject","inLanguage":"pl-PL","@id":"https:\/\/muzeumfabrykinorblina.pl\/?p=7747#primaryimage","url":"https:\/\/muzeumfabrykinorblina.pl\/wp-content\/uploads\/2026\/06\/MFN-Maski-wpis.jpg","contentUrl":"https:\/\/muzeumfabrykinorblina.pl\/wp-content\/uploads\/2026\/06\/MFN-Maski-wpis.jpg","width":1080,"height":1080},{"@type":"BreadcrumbList","@id":"https:\/\/muzeumfabrykinorblina.pl\/?p=7747#breadcrumb","itemListElement":[{"@type":"ListItem","position":1,"name":"Strona g\u0142\u00f3wna","item":"https:\/\/muzeumfabrykinorblina.pl\/"},{"@type":"ListItem","position":2,"name":"Muzeum Fabryki Norblina partnerem wystawy \u201eMaski afryka\u0144skie z kolekcji Marka Purwina\u201d"}]},{"@type":"WebSite","@id":"https:\/\/muzeumfabrykinorblina.pl\/#website","url":"https:\/\/muzeumfabrykinorblina.pl\/","name":"Muzeum Fabryki Norblina","description":"Fabryka Norblina","publisher":{"@id":"https:\/\/muzeumfabrykinorblina.pl\/#organization"},"potentialAction":[{"@type":"SearchAction","target":{"@type":"EntryPoint","urlTemplate":"https:\/\/muzeumfabrykinorblina.pl\/?s={search_term_string}"},"query-input":{"@type":"PropertyValueSpecification","valueRequired":true,"valueName":"search_term_string"}}],"inLanguage":"pl-PL"},{"@type":"Organization","@id":"https:\/\/muzeumfabrykinorblina.pl\/#organization","name":"Muzeum Fabryki Norblina","url":"https:\/\/muzeumfabrykinorblina.pl\/","logo":{"@type":"ImageObject","inLanguage":"pl-PL","@id":"https:\/\/muzeumfabrykinorblina.pl\/#\/schema\/logo\/image\/","url":"https:\/\/muzeumfabrykinorblina.pl\/wp-content\/uploads\/2023\/11\/MFN_Featured-image_1200x675.jpg","contentUrl":"https:\/\/muzeumfabrykinorblina.pl\/wp-content\/uploads\/2023\/11\/MFN_Featured-image_1200x675.jpg","width":1200,"height":675,"caption":"Muzeum Fabryki Norblina"},"image":{"@id":"https:\/\/muzeumfabrykinorblina.pl\/#\/schema\/logo\/image\/"},"sameAs":["https:\/\/www.facebook.com\/MuzeumFabrykiNorblina","https:\/\/www.instagram.com\/muzeumfabrykinorblina\/"]},{"@type":"Person","@id":"https:\/\/muzeumfabrykinorblina.pl\/#\/schema\/person\/4f1632ef79031887e0e24c4ea9d3472e","name":"Agata Ilnicka","image":{"@type":"ImageObject","inLanguage":"pl-PL","@id":"https:\/\/secure.gravatar.com\/avatar\/0c850e3cc969e3bec61971337ea044add4e3b6da745c50448fbab5c86b0b85d9?s=96&d=mm&r=g","url":"https:\/\/secure.gravatar.com\/avatar\/0c850e3cc969e3bec61971337ea044add4e3b6da745c50448fbab5c86b0b85d9?s=96&d=mm&r=g","contentUrl":"https:\/\/secure.gravatar.com\/avatar\/0c850e3cc969e3bec61971337ea044add4e3b6da745c50448fbab5c86b0b85d9?s=96&d=mm&r=g","caption":"Agata Ilnicka"},"url":"https:\/\/muzeumfabrykinorblina.pl\/?author=9"}]}},"lang":"pl","translations":{"pl":7747},"builder_content":"","pll_sync_post":{},"_links":{"self":[{"href":"https:\/\/muzeumfabrykinorblina.pl\/index.php?rest_route=\/wp\/v2\/posts\/7747","targetHints":{"allow":["GET"]}}],"collection":[{"href":"https:\/\/muzeumfabrykinorblina.pl\/index.php?rest_route=\/wp\/v2\/posts"}],"about":[{"href":"https:\/\/muzeumfabrykinorblina.pl\/index.php?rest_route=\/wp\/v2\/types\/post"}],"author":[{"embeddable":true,"href":"https:\/\/muzeumfabrykinorblina.pl\/index.php?rest_route=\/wp\/v2\/users\/9"}],"replies":[{"embeddable":true,"href":"https:\/\/muzeumfabrykinorblina.pl\/index.php?rest_route=%2Fwp%2Fv2%2Fcomments&post=7747"}],"version-history":[{"count":10,"href":"https:\/\/muzeumfabrykinorblina.pl\/index.php?rest_route=\/wp\/v2\/posts\/7747\/revisions"}],"predecessor-version":[{"id":7869,"href":"https:\/\/muzeumfabrykinorblina.pl\/index.php?rest_route=\/wp\/v2\/posts\/7747\/revisions\/7869"}],"wp:featuredmedia":[{"embeddable":true,"href":"https:\/\/muzeumfabrykinorblina.pl\/index.php?rest_route=\/wp\/v2\/media\/7748"}],"wp:attachment":[{"href":"https:\/\/muzeumfabrykinorblina.pl\/index.php?rest_route=%2Fwp%2Fv2%2Fmedia&parent=7747"}],"wp:term":[{"taxonomy":"category","embeddable":true,"href":"https:\/\/muzeumfabrykinorblina.pl\/index.php?rest_route=%2Fwp%2Fv2%2Fcategories&post=7747"},{"taxonomy":"post_tag","embeddable":true,"href":"https:\/\/muzeumfabrykinorblina.pl\/index.php?rest_route=%2Fwp%2Fv2%2Ftags&post=7747"}],"curies":[{"name":"wp","href":"https:\/\/api.w.org\/{rel}","templated":true}]}}