{"id":7731,"date":"2026-05-25T10:42:44","date_gmt":"2026-05-25T08:42:44","guid":{"rendered":"https:\/\/muzeumfabrykinorblina.pl\/?p=7731"},"modified":"2026-05-25T10:42:48","modified_gmt":"2026-05-25T08:42:48","slug":"old-shaker-i-inne-wyroby-2","status":"publish","type":"post","link":"https:\/\/muzeumfabrykinorblina.pl\/?p=7731","title":{"rendered":"Old Shaker i inne \u201eWyroby\u201d"},"content":{"rendered":"\n<p class=\"wp-block-paragraph\"><strong>Old Shaker i inne \u201eWyroby\u201dnowa trasa zwiedzania Muzeum Fabryki Norblina<\/strong>. <strong>Od 11 czerwca zapraszamy na now\u0105 ods\u0142on\u0119 zwiedzania \u015bcie\u017ck\u0105 \u201eWyroby\u201d \u2013 wyj\u0105tkow\u0105 tras\u0119 przygotowan\u0105 we wsp\u00f3\u0142pracy z Food Town, kt\u00f3ra \u0142\u0105czy histori\u0119 fabryki z jej wsp\u00f3\u0142czesnym kontekstem.<\/strong><\/p>\n\n\n\n<p class=\"wp-block-paragraph\">Nowa propozycja Muzeum Fabryki Norblina rozwija jedn\u0105 z czterech g\u0142\u00f3wnych \u015bcie\u017cek zwiedzania, skupion\u0105 na produktach powstaj\u0105cych w dawnej fabryce \u2013 od posrebrzanych zastaw sto\u0142owych, przez akcesoria wykorzystywane w kawiarniach i restauracjach, po przedmioty codziennego u\u017cytku, kt\u00f3re trafia\u0142y na sto\u0142y w ca\u0142ej Polsce i poza jej granicami.<\/p>\n\n\n\n<p class=\"wp-block-paragraph\">\u201eOld Shaker i inne Wyroby\u201d to trasa, kt\u00f3ra pokazuje nie tylko rzemios\u0142o i wzornictwo, ale tak\u017ce styl \u017cycia i zmieniaj\u0105ce si\u0119 zwyczaje XX wieku. Szczeg\u00f3lnym punktem programu jest shaker z lat 30. XX wieku \u2013 jeden z najbardziej charakterystycznych wyrob\u00f3w Fabryki Norblina, ceniony w swoim czasie przez profesjonalnych barman\u00f3w.<\/p>\n\n\n\n<p class=\"wp-block-paragraph\">Podczas zwiedzania uczestnicy poznaj\u0105 histori\u0119 tego obiektu, a nast\u0119pnie zobacz\u0105 jego wyj\u0105tkowy egzemplarz \u2013 wi\u0119ksz\u0105, litrow\u0105 wersj\u0119 \u2013 prezentowan\u0105 dzi\u015b w przestrzeni baru Old Shaker w Food Town. To przyk\u0142ad, jak historyczne przedmioty mog\u0105 zyska\u0107 nowe \u017cycie i funkcjonowa\u0107 we wsp\u00f3\u0142czesnym kontek\u015bcie miejsca.<\/p>\n\n\n\n<p class=\"wp-block-paragraph\">Zwiedzanie ko\u0144czy si\u0119 w\u0142a\u015bnie tam \u2013 w Food Town \u2013 gdzie historia p\u0142ynnie przechodzi w do\u015bwiadczenie wsp\u00f3\u0142czesnej, t\u0119tni\u0105cej \u017cyciem przestrzeni.<\/p>\n\n\n\n<p class=\"wp-block-paragraph\"><strong>Pierwszy termin:<\/strong> 11 czerwca, godz. 18:00<br>Start: Muzeum Fabryki Norblina, punkt Bilety\/Info<br>Kolejne terminy b\u0119d\u0105 publikowane na bie\u017c\u0105co<\/p>\n\n\n\n<p class=\"wp-block-paragraph\">Zapraszamy do wsp\u00f3lnego odkrywania Fabryki Norblina z nowej perspektywy.<\/p>\n\n\n<!-- wp:themify-builder\/canvas \/-->","protected":false},"excerpt":{"rendered":"<p>Old Shaker i inne \u201eWyroby\u201dnowa trasa zwiedzania Muzeum Fabryki Norblina. Od 11 czerwca zapraszamy na now\u0105 ods\u0142on\u0119 zwiedzania \u015bcie\u017ck\u0105 \u201eWyroby\u201d \u2013 wyj\u0105tkow\u0105 tras\u0119 przygotowan\u0105 we wsp\u00f3\u0142pracy z Food Town, kt\u00f3ra \u0142\u0105czy histori\u0119 fabryki z jej wsp\u00f3\u0142czesnym kontekstem. Nowa propozycja Muzeum Fabryki Norblina rozwija jedn\u0105 z czterech g\u0142\u00f3wnych \u015bcie\u017cek zwiedzania, skupion\u0105 na produktach powstaj\u0105cych w dawnej [&hellip;]<\/p>\n","protected":false},"author":9,"featured_media":7732,"comment_status":"closed","ping_status":"closed","sticky":false,"template":"","format":"standard","meta":{"_acf_changed":false,"_monsterinsights_skip_tracking":false,"footnotes":""},"categories":[29],"tags":[],"class_list":["post-7731","post","type-post","status-publish","format-standard","has-post-thumbnail","hentry","category-aktualnosci","has-post-title","has-post-date","has-post-category","has-post-tag","has-post-comment","has-post-author",""],"acf":[],"yoast_head":"<!-- This site is optimized with the Yoast SEO plugin v28.2 - https:\/\/yoast.com\/product\/yoast-seo-wordpress\/ -->\n<title>Old Shaker i inne \u201eWyroby\u201d | Muzeum Fabryki Norblina<\/title>\n<meta name=\"description\" content=\"Old Shaker i inne \u201eWyroby\u201dnowa trasa zwiedzania Muzeum Fabryki Norblina. Od 11 czerwca zapraszamy na now\u0105 ods\u0142on\u0119 zwiedzania \u015bcie\u017ck\u0105 \u201eWyroby\u201d.\" \/>\n<meta name=\"robots\" content=\"index, follow, max-snippet:-1, max-image-preview:large, max-video-preview:-1\" \/>\n<link rel=\"canonical\" href=\"https:\/\/muzeumfabrykinorblina.pl\/?p=7731\" \/>\n<meta property=\"og:locale\" content=\"pl_PL\" \/>\n<meta property=\"og:type\" content=\"article\" \/>\n<meta property=\"og:title\" content=\"Old Shaker i inne \u201eWyroby\u201d | Muzeum Fabryki Norblina\" \/>\n<meta property=\"og:description\" content=\"Old Shaker i inne \u201eWyroby\u201dnowa trasa zwiedzania Muzeum Fabryki Norblina. Od 11 czerwca zapraszamy na now\u0105 ods\u0142on\u0119 zwiedzania \u015bcie\u017ck\u0105 \u201eWyroby\u201d.\" \/>\n<meta property=\"og:url\" content=\"https:\/\/muzeumfabrykinorblina.pl\/?p=7731\" \/>\n<meta property=\"og:site_name\" content=\"Muzeum Fabryki Norblina\" \/>\n<meta property=\"article:publisher\" content=\"https:\/\/www.facebook.com\/MuzeumFabrykiNorblina\" \/>\n<meta property=\"article:published_time\" content=\"2026-05-25T08:42:44+00:00\" \/>\n<meta property=\"article:modified_time\" content=\"2026-05-25T08:42:48+00:00\" \/>\n<meta property=\"og:image\" content=\"http:\/\/muzeumfabrykinorblina.pl\/wp-content\/uploads\/2026\/05\/MFN-Wpis-OldShaker.jpg\" \/>\n\t<meta property=\"og:image:width\" content=\"1080\" \/>\n\t<meta property=\"og:image:height\" content=\"1080\" \/>\n\t<meta property=\"og:image:type\" content=\"image\/jpeg\" \/>\n<meta name=\"author\" content=\"Agata Ilnicka\" \/>\n<meta name=\"twitter:card\" content=\"summary_large_image\" \/>\n<meta name=\"twitter:label1\" content=\"Napisane przez\" \/>\n\t<meta name=\"twitter:data1\" content=\"Agata Ilnicka\" \/>\n\t<meta name=\"twitter:label2\" content=\"Szacowany czas czytania\" \/>\n\t<meta name=\"twitter:data2\" content=\"2 minuty\" \/>\n<script type=\"application\/ld+json\" class=\"yoast-schema-graph\">{\"@context\":\"https:\\\/\\\/schema.org\",\"@graph\":[{\"@type\":\"Article\",\"@id\":\"https:\\\/\\\/muzeumfabrykinorblina.pl\\\/?p=7731#article\",\"isPartOf\":{\"@id\":\"https:\\\/\\\/muzeumfabrykinorblina.pl\\\/?p=7731\"},\"author\":{\"name\":\"Agata Ilnicka\",\"@id\":\"https:\\\/\\\/muzeumfabrykinorblina.pl\\\/#\\\/schema\\\/person\\\/4f1632ef79031887e0e24c4ea9d3472e\"},\"headline\":\"Old Shaker i inne \u201eWyroby\u201d\",\"datePublished\":\"2026-05-25T08:42:44+00:00\",\"dateModified\":\"2026-05-25T08:42:48+00:00\",\"mainEntityOfPage\":{\"@id\":\"https:\\\/\\\/muzeumfabrykinorblina.pl\\\/?p=7731\"},\"wordCount\":256,\"publisher\":{\"@id\":\"https:\\\/\\\/muzeumfabrykinorblina.pl\\\/#organization\"},\"image\":{\"@id\":\"https:\\\/\\\/muzeumfabrykinorblina.pl\\\/?p=7731#primaryimage\"},\"thumbnailUrl\":\"https:\\\/\\\/muzeumfabrykinorblina.pl\\\/wp-content\\\/uploads\\\/2026\\\/05\\\/MFN-Wpis-OldShaker.jpg\",\"articleSection\":[\"Aktualno\u015bci\"],\"inLanguage\":\"pl-PL\"},{\"@type\":\"WebPage\",\"@id\":\"https:\\\/\\\/muzeumfabrykinorblina.pl\\\/?p=7731\",\"url\":\"https:\\\/\\\/muzeumfabrykinorblina.pl\\\/?p=7731\",\"name\":\"Old Shaker i inne \u201eWyroby\u201d | Muzeum Fabryki Norblina\",\"isPartOf\":{\"@id\":\"https:\\\/\\\/muzeumfabrykinorblina.pl\\\/#website\"},\"primaryImageOfPage\":{\"@id\":\"https:\\\/\\\/muzeumfabrykinorblina.pl\\\/?p=7731#primaryimage\"},\"image\":{\"@id\":\"https:\\\/\\\/muzeumfabrykinorblina.pl\\\/?p=7731#primaryimage\"},\"thumbnailUrl\":\"https:\\\/\\\/muzeumfabrykinorblina.pl\\\/wp-content\\\/uploads\\\/2026\\\/05\\\/MFN-Wpis-OldShaker.jpg\",\"datePublished\":\"2026-05-25T08:42:44+00:00\",\"dateModified\":\"2026-05-25T08:42:48+00:00\",\"description\":\"Old Shaker i inne \u201eWyroby\u201dnowa trasa zwiedzania Muzeum Fabryki Norblina. Od 11 czerwca zapraszamy na now\u0105 ods\u0142on\u0119 zwiedzania \u015bcie\u017ck\u0105 \u201eWyroby\u201d.\",\"breadcrumb\":{\"@id\":\"https:\\\/\\\/muzeumfabrykinorblina.pl\\\/?p=7731#breadcrumb\"},\"inLanguage\":\"pl-PL\",\"potentialAction\":[{\"@type\":\"ReadAction\",\"target\":[\"https:\\\/\\\/muzeumfabrykinorblina.pl\\\/?p=7731\"]}]},{\"@type\":\"ImageObject\",\"inLanguage\":\"pl-PL\",\"@id\":\"https:\\\/\\\/muzeumfabrykinorblina.pl\\\/?p=7731#primaryimage\",\"url\":\"https:\\\/\\\/muzeumfabrykinorblina.pl\\\/wp-content\\\/uploads\\\/2026\\\/05\\\/MFN-Wpis-OldShaker.jpg\",\"contentUrl\":\"https:\\\/\\\/muzeumfabrykinorblina.pl\\\/wp-content\\\/uploads\\\/2026\\\/05\\\/MFN-Wpis-OldShaker.jpg\",\"width\":1080,\"height\":1080},{\"@type\":\"BreadcrumbList\",\"@id\":\"https:\\\/\\\/muzeumfabrykinorblina.pl\\\/?p=7731#breadcrumb\",\"itemListElement\":[{\"@type\":\"ListItem\",\"position\":1,\"name\":\"Strona g\u0142\u00f3wna\",\"item\":\"https:\\\/\\\/muzeumfabrykinorblina.pl\\\/\"},{\"@type\":\"ListItem\",\"position\":2,\"name\":\"Old Shaker i inne \u201eWyroby\u201d\"}]},{\"@type\":\"WebSite\",\"@id\":\"https:\\\/\\\/muzeumfabrykinorblina.pl\\\/#website\",\"url\":\"https:\\\/\\\/muzeumfabrykinorblina.pl\\\/\",\"name\":\"Muzeum Fabryki Norblina\",\"description\":\"Fabryka Norblina\",\"publisher\":{\"@id\":\"https:\\\/\\\/muzeumfabrykinorblina.pl\\\/#organization\"},\"potentialAction\":[{\"@type\":\"SearchAction\",\"target\":{\"@type\":\"EntryPoint\",\"urlTemplate\":\"https:\\\/\\\/muzeumfabrykinorblina.pl\\\/?s={search_term_string}\"},\"query-input\":{\"@type\":\"PropertyValueSpecification\",\"valueRequired\":true,\"valueName\":\"search_term_string\"}}],\"inLanguage\":\"pl-PL\"},{\"@type\":\"Organization\",\"@id\":\"https:\\\/\\\/muzeumfabrykinorblina.pl\\\/#organization\",\"name\":\"Muzeum Fabryki Norblina\",\"url\":\"https:\\\/\\\/muzeumfabrykinorblina.pl\\\/\",\"logo\":{\"@type\":\"ImageObject\",\"inLanguage\":\"pl-PL\",\"@id\":\"https:\\\/\\\/muzeumfabrykinorblina.pl\\\/#\\\/schema\\\/logo\\\/image\\\/\",\"url\":\"https:\\\/\\\/muzeumfabrykinorblina.pl\\\/wp-content\\\/uploads\\\/2023\\\/11\\\/MFN_Featured-image_1200x675.jpg\",\"contentUrl\":\"https:\\\/\\\/muzeumfabrykinorblina.pl\\\/wp-content\\\/uploads\\\/2023\\\/11\\\/MFN_Featured-image_1200x675.jpg\",\"width\":1200,\"height\":675,\"caption\":\"Muzeum Fabryki Norblina\"},\"image\":{\"@id\":\"https:\\\/\\\/muzeumfabrykinorblina.pl\\\/#\\\/schema\\\/logo\\\/image\\\/\"},\"sameAs\":[\"https:\\\/\\\/www.facebook.com\\\/MuzeumFabrykiNorblina\",\"https:\\\/\\\/www.instagram.com\\\/muzeumfabrykinorblina\\\/\"]},{\"@type\":\"Person\",\"@id\":\"https:\\\/\\\/muzeumfabrykinorblina.pl\\\/#\\\/schema\\\/person\\\/4f1632ef79031887e0e24c4ea9d3472e\",\"name\":\"Agata Ilnicka\",\"image\":{\"@type\":\"ImageObject\",\"inLanguage\":\"pl-PL\",\"@id\":\"https:\\\/\\\/secure.gravatar.com\\\/avatar\\\/0c850e3cc969e3bec61971337ea044add4e3b6da745c50448fbab5c86b0b85d9?s=96&d=mm&r=g\",\"url\":\"https:\\\/\\\/secure.gravatar.com\\\/avatar\\\/0c850e3cc969e3bec61971337ea044add4e3b6da745c50448fbab5c86b0b85d9?s=96&d=mm&r=g\",\"contentUrl\":\"https:\\\/\\\/secure.gravatar.com\\\/avatar\\\/0c850e3cc969e3bec61971337ea044add4e3b6da745c50448fbab5c86b0b85d9?s=96&d=mm&r=g\",\"caption\":\"Agata Ilnicka\"},\"url\":\"https:\\\/\\\/muzeumfabrykinorblina.pl\\\/?author=9\"}]}<\/script>\n<!-- \/ Yoast SEO plugin. -->","yoast_head_json":{"title":"Old Shaker i inne \u201eWyroby\u201d | Muzeum Fabryki Norblina","description":"Old Shaker i inne \u201eWyroby\u201dnowa trasa zwiedzania Muzeum Fabryki Norblina. Od 11 czerwca zapraszamy na now\u0105 ods\u0142on\u0119 zwiedzania \u015bcie\u017ck\u0105 \u201eWyroby\u201d.","robots":{"index":"index","follow":"follow","max-snippet":"max-snippet:-1","max-image-preview":"max-image-preview:large","max-video-preview":"max-video-preview:-1"},"canonical":"https:\/\/muzeumfabrykinorblina.pl\/?p=7731","og_locale":"pl_PL","og_type":"article","og_title":"Old Shaker i inne \u201eWyroby\u201d | Muzeum Fabryki Norblina","og_description":"Old Shaker i inne \u201eWyroby\u201dnowa trasa zwiedzania Muzeum Fabryki Norblina. Od 11 czerwca zapraszamy na now\u0105 ods\u0142on\u0119 zwiedzania \u015bcie\u017ck\u0105 \u201eWyroby\u201d.","og_url":"https:\/\/muzeumfabrykinorblina.pl\/?p=7731","og_site_name":"Muzeum Fabryki Norblina","article_publisher":"https:\/\/www.facebook.com\/MuzeumFabrykiNorblina","article_published_time":"2026-05-25T08:42:44+00:00","article_modified_time":"2026-05-25T08:42:48+00:00","og_image":[{"width":1080,"height":1080,"url":"http:\/\/muzeumfabrykinorblina.pl\/wp-content\/uploads\/2026\/05\/MFN-Wpis-OldShaker.jpg","type":"image\/jpeg"}],"author":"Agata Ilnicka","twitter_card":"summary_large_image","twitter_misc":{"Napisane przez":"Agata Ilnicka","Szacowany czas czytania":"2 minuty"},"schema":{"@context":"https:\/\/schema.org","@graph":[{"@type":"Article","@id":"https:\/\/muzeumfabrykinorblina.pl\/?p=7731#article","isPartOf":{"@id":"https:\/\/muzeumfabrykinorblina.pl\/?p=7731"},"author":{"name":"Agata Ilnicka","@id":"https:\/\/muzeumfabrykinorblina.pl\/#\/schema\/person\/4f1632ef79031887e0e24c4ea9d3472e"},"headline":"Old Shaker i inne \u201eWyroby\u201d","datePublished":"2026-05-25T08:42:44+00:00","dateModified":"2026-05-25T08:42:48+00:00","mainEntityOfPage":{"@id":"https:\/\/muzeumfabrykinorblina.pl\/?p=7731"},"wordCount":256,"publisher":{"@id":"https:\/\/muzeumfabrykinorblina.pl\/#organization"},"image":{"@id":"https:\/\/muzeumfabrykinorblina.pl\/?p=7731#primaryimage"},"thumbnailUrl":"https:\/\/muzeumfabrykinorblina.pl\/wp-content\/uploads\/2026\/05\/MFN-Wpis-OldShaker.jpg","articleSection":["Aktualno\u015bci"],"inLanguage":"pl-PL"},{"@type":"WebPage","@id":"https:\/\/muzeumfabrykinorblina.pl\/?p=7731","url":"https:\/\/muzeumfabrykinorblina.pl\/?p=7731","name":"Old Shaker i inne \u201eWyroby\u201d | Muzeum Fabryki Norblina","isPartOf":{"@id":"https:\/\/muzeumfabrykinorblina.pl\/#website"},"primaryImageOfPage":{"@id":"https:\/\/muzeumfabrykinorblina.pl\/?p=7731#primaryimage"},"image":{"@id":"https:\/\/muzeumfabrykinorblina.pl\/?p=7731#primaryimage"},"thumbnailUrl":"https:\/\/muzeumfabrykinorblina.pl\/wp-content\/uploads\/2026\/05\/MFN-Wpis-OldShaker.jpg","datePublished":"2026-05-25T08:42:44+00:00","dateModified":"2026-05-25T08:42:48+00:00","description":"Old Shaker i inne \u201eWyroby\u201dnowa trasa zwiedzania Muzeum Fabryki Norblina. Od 11 czerwca zapraszamy na now\u0105 ods\u0142on\u0119 zwiedzania \u015bcie\u017ck\u0105 \u201eWyroby\u201d.","breadcrumb":{"@id":"https:\/\/muzeumfabrykinorblina.pl\/?p=7731#breadcrumb"},"inLanguage":"pl-PL","potentialAction":[{"@type":"ReadAction","target":["https:\/\/muzeumfabrykinorblina.pl\/?p=7731"]}]},{"@type":"ImageObject","inLanguage":"pl-PL","@id":"https:\/\/muzeumfabrykinorblina.pl\/?p=7731#primaryimage","url":"https:\/\/muzeumfabrykinorblina.pl\/wp-content\/uploads\/2026\/05\/MFN-Wpis-OldShaker.jpg","contentUrl":"https:\/\/muzeumfabrykinorblina.pl\/wp-content\/uploads\/2026\/05\/MFN-Wpis-OldShaker.jpg","width":1080,"height":1080},{"@type":"BreadcrumbList","@id":"https:\/\/muzeumfabrykinorblina.pl\/?p=7731#breadcrumb","itemListElement":[{"@type":"ListItem","position":1,"name":"Strona g\u0142\u00f3wna","item":"https:\/\/muzeumfabrykinorblina.pl\/"},{"@type":"ListItem","position":2,"name":"Old Shaker i inne \u201eWyroby\u201d"}]},{"@type":"WebSite","@id":"https:\/\/muzeumfabrykinorblina.pl\/#website","url":"https:\/\/muzeumfabrykinorblina.pl\/","name":"Muzeum Fabryki Norblina","description":"Fabryka Norblina","publisher":{"@id":"https:\/\/muzeumfabrykinorblina.pl\/#organization"},"potentialAction":[{"@type":"SearchAction","target":{"@type":"EntryPoint","urlTemplate":"https:\/\/muzeumfabrykinorblina.pl\/?s={search_term_string}"},"query-input":{"@type":"PropertyValueSpecification","valueRequired":true,"valueName":"search_term_string"}}],"inLanguage":"pl-PL"},{"@type":"Organization","@id":"https:\/\/muzeumfabrykinorblina.pl\/#organization","name":"Muzeum Fabryki Norblina","url":"https:\/\/muzeumfabrykinorblina.pl\/","logo":{"@type":"ImageObject","inLanguage":"pl-PL","@id":"https:\/\/muzeumfabrykinorblina.pl\/#\/schema\/logo\/image\/","url":"https:\/\/muzeumfabrykinorblina.pl\/wp-content\/uploads\/2023\/11\/MFN_Featured-image_1200x675.jpg","contentUrl":"https:\/\/muzeumfabrykinorblina.pl\/wp-content\/uploads\/2023\/11\/MFN_Featured-image_1200x675.jpg","width":1200,"height":675,"caption":"Muzeum Fabryki Norblina"},"image":{"@id":"https:\/\/muzeumfabrykinorblina.pl\/#\/schema\/logo\/image\/"},"sameAs":["https:\/\/www.facebook.com\/MuzeumFabrykiNorblina","https:\/\/www.instagram.com\/muzeumfabrykinorblina\/"]},{"@type":"Person","@id":"https:\/\/muzeumfabrykinorblina.pl\/#\/schema\/person\/4f1632ef79031887e0e24c4ea9d3472e","name":"Agata Ilnicka","image":{"@type":"ImageObject","inLanguage":"pl-PL","@id":"https:\/\/secure.gravatar.com\/avatar\/0c850e3cc969e3bec61971337ea044add4e3b6da745c50448fbab5c86b0b85d9?s=96&d=mm&r=g","url":"https:\/\/secure.gravatar.com\/avatar\/0c850e3cc969e3bec61971337ea044add4e3b6da745c50448fbab5c86b0b85d9?s=96&d=mm&r=g","contentUrl":"https:\/\/secure.gravatar.com\/avatar\/0c850e3cc969e3bec61971337ea044add4e3b6da745c50448fbab5c86b0b85d9?s=96&d=mm&r=g","caption":"Agata Ilnicka"},"url":"https:\/\/muzeumfabrykinorblina.pl\/?author=9"}]}},"lang":"pl","translations":{"pl":7731},"builder_content":"","pll_sync_post":{},"_links":{"self":[{"href":"https:\/\/muzeumfabrykinorblina.pl\/index.php?rest_route=\/wp\/v2\/posts\/7731","targetHints":{"allow":["GET"]}}],"collection":[{"href":"https:\/\/muzeumfabrykinorblina.pl\/index.php?rest_route=\/wp\/v2\/posts"}],"about":[{"href":"https:\/\/muzeumfabrykinorblina.pl\/index.php?rest_route=\/wp\/v2\/types\/post"}],"author":[{"embeddable":true,"href":"https:\/\/muzeumfabrykinorblina.pl\/index.php?rest_route=\/wp\/v2\/users\/9"}],"replies":[{"embeddable":true,"href":"https:\/\/muzeumfabrykinorblina.pl\/index.php?rest_route=%2Fwp%2Fv2%2Fcomments&post=7731"}],"version-history":[{"count":1,"href":"https:\/\/muzeumfabrykinorblina.pl\/index.php?rest_route=\/wp\/v2\/posts\/7731\/revisions"}],"predecessor-version":[{"id":7733,"href":"https:\/\/muzeumfabrykinorblina.pl\/index.php?rest_route=\/wp\/v2\/posts\/7731\/revisions\/7733"}],"wp:featuredmedia":[{"embeddable":true,"href":"https:\/\/muzeumfabrykinorblina.pl\/index.php?rest_route=\/wp\/v2\/media\/7732"}],"wp:attachment":[{"href":"https:\/\/muzeumfabrykinorblina.pl\/index.php?rest_route=%2Fwp%2Fv2%2Fmedia&parent=7731"}],"wp:term":[{"taxonomy":"category","embeddable":true,"href":"https:\/\/muzeumfabrykinorblina.pl\/index.php?rest_route=%2Fwp%2Fv2%2Fcategories&post=7731"},{"taxonomy":"post_tag","embeddable":true,"href":"https:\/\/muzeumfabrykinorblina.pl\/index.php?rest_route=%2Fwp%2Fv2%2Ftags&post=7731"}],"curies":[{"name":"wp","href":"https:\/\/api.w.org\/{rel}","templated":true}]}}