{"id":7669,"date":"2026-05-09T13:07:51","date_gmt":"2026-05-09T11:07:51","guid":{"rendered":"https:\/\/muzeumfabrykinorblina.pl\/?p=7669"},"modified":"2026-06-19T12:24:38","modified_gmt":"2026-06-19T10:24:38","slug":"warszawa-wokol-fabryki-norblina-podchmielona-historia-warszawy","status":"publish","type":"post","link":"https:\/\/muzeumfabrykinorblina.pl\/?p=7669","title":{"rendered":"Warszawa wok\u00f3\u0142 Fabryki Norblina &#8211; podchmielona historia Warszawy"},"content":{"rendered":"\n<p class=\"wp-block-paragraph\"><br>Cykl obejmuje dwa spacery tematyczne: \u201eWok\u00f3\u0142 Fabryki Norblina\u201d oraz \u201eTropem browar\u00f3w dawnej Warszawy\u201d.<\/p>\n\n\n\n<p class=\"wp-block-paragraph\">\u201eWok\u00f3\u0142 Fabryki Norblina\u201d prowadzi tras\u0105 wok\u00f3\u0142 dawnego zak\u0142adu przemys\u0142owego przy ul. \u017belaznej 51\/53. Uczestnicy poznaj\u0105 histori\u0119 okolicy, jej zabudow\u0119 oraz zmiany urbanistyczne, kt\u00f3re zachodzi\u0142y tu od XIX wieku po wsp\u00f3\u0142czesno\u015b\u0107. Na trasie znajduj\u0105 si\u0119 obiekty z r\u00f3\u017cnych okres\u00f3w \u2013 od zabudowy przedwojennej, przez powojenn\u0105, a\u017c po wsp\u00f3\u0142czesne realizacje.<\/p>\n\n\n\n<p class=\"wp-block-paragraph\">\u201eTropem browar\u00f3w dawnej Warszawy\u201d obejmuje ulice Tward\u0105, Ciep\u0142\u0105, Grzybowsk\u0105, Pereca, Walic\u00f3w, Ch\u0142odn\u0105, Wroni\u0105 oraz \u017belazn\u0105. To w\u0142a\u015bnie ten obszar w XVIII i XIX wieku stanowi\u0142 jedno z najwa\u017cniejszych centr\u00f3w warszawskiego browarnictwa. Podczas spaceru uczestnicy poznaj\u0105 lokalizacje dawnych browar\u00f3w oraz zachowane \u015blady ich dzia\u0142alno\u015bci.<\/p>\n\n\n\n<p class=\"wp-block-paragraph\">Ka\u017cdy spacer ko\u0144czy si\u0119 w Fabryce Norblina, w lokalu Uwaga Piwo, gdzie odbywa si\u0119 degustacja wliczona w cen\u0119 biletu. Degustacja alkoholu dost\u0119pna jest wy\u0142\u0105cznie dla os\u00f3b pe\u0142noletnich. Rezygnacja z degustacji nie wp\u0142ywa na cen\u0119 biletu.<\/p>\n\n\n\n<p class=\"wp-block-paragraph\">Cykl rozpocznie si\u0119 od bezp\u0142atnego wyk\u0142adu i spotkania autorskiego z Piotrem Wierzbickim, po\u015bwi\u0119conego historii warszawskiego browarnictwa \u2013 od \u015bredniowiecza po wsp\u00f3\u0142czesno\u015b\u0107. Spotkanie odb\u0119dzie si\u0119 5 sierpnia o godz. 19:00 w lokalu Uwaga Piwo w Fabryce Norblina. Wst\u0119p wolny.<\/p>\n\n\n\n<div style=\"height:12px\" aria-hidden=\"true\" class=\"wp-block-spacer\"><\/div>\n\n\n\n<p class=\"wp-block-paragraph\"><strong>Co oferujemy?<\/strong><\/p>\n\n\n\n<ul class=\"wp-block-list\">\n<li>zwiedzanie z przewodnikiem oraz autorem ksi\u0105\u017cki&nbsp;<\/li>\n\n\n\n<li>om\u00f3wienie historii przemys\u0142owej i piwowarskiej Warszawy&nbsp;<\/li>\n\n\n\n<li>degustacj\u0119 w lokalu Uwaga Piwo w ramach ka\u017cdego spaceru&nbsp;<\/li>\n\n\n\n<li>mo\u017cliwo\u015b\u0107 udzia\u0142u w bezp\u0142atnym wyk\u0142adzie i spotkaniu autorskim&nbsp;<\/li>\n<\/ul>\n\n\n<!-- wp:themify-builder\/canvas \/-->","protected":false},"excerpt":{"rendered":"<p>Cykl obejmuje dwa spacery tematyczne: \u201eWok\u00f3\u0142 Fabryki Norblina\u201d oraz \u201eTropem browar\u00f3w dawnej Warszawy\u201d. \u201eWok\u00f3\u0142 Fabryki Norblina\u201d prowadzi tras\u0105 wok\u00f3\u0142 dawnego zak\u0142adu przemys\u0142owego przy ul. \u017belaznej 51\/53. Uczestnicy poznaj\u0105 histori\u0119 okolicy, jej zabudow\u0119 oraz zmiany urbanistyczne, kt\u00f3re zachodzi\u0142y tu od XIX wieku po wsp\u00f3\u0142czesno\u015b\u0107. Na trasie znajduj\u0105 si\u0119 obiekty z r\u00f3\u017cnych okres\u00f3w \u2013 od zabudowy przedwojennej, [&hellip;]<\/p>\n","protected":false},"author":1,"featured_media":7777,"comment_status":"closed","ping_status":"closed","sticky":false,"template":"","format":"standard","meta":{"_acf_changed":false,"_monsterinsights_skip_tracking":false,"footnotes":""},"categories":[72,105,63,76],"tags":[],"class_list":["post-7669","post","type-post","status-publish","format-standard","has-post-thumbnail","hentry","category-do-kupienia","category-dostepne","category-wycieczki","category-wycieczki-stale","has-post-title","has-post-date","has-post-category","has-post-tag","has-post-comment","has-post-author",""],"acf":[],"yoast_head":"<!-- This site is optimized with the Yoast SEO plugin v28.2 - https:\/\/yoast.com\/product\/yoast-seo-wordpress\/ -->\n<title>Warszawa wok\u00f3\u0142 Fabryki Norblina - podchmielona historia Warszawy | Muzeum Fabryki Norblina<\/title>\n<meta name=\"description\" content=\"Zwiedzanie Muzeum Fabryki Norblina \u015bcie\u017ck\u0105 \u201eWyroby\u201d. Poznaj histori\u0119 produkt\u00f3w z \u017belaznej, ich funkcj\u0119, form\u0119 i znaczenie w XIX i XX wieku.\" \/>\n<meta name=\"robots\" content=\"index, follow, max-snippet:-1, max-image-preview:large, max-video-preview:-1\" \/>\n<link rel=\"canonical\" href=\"https:\/\/muzeumfabrykinorblina.pl\/?p=7669\" \/>\n<meta property=\"og:locale\" content=\"pl_PL\" \/>\n<meta property=\"og:type\" content=\"article\" \/>\n<meta property=\"og:title\" content=\"Warszawa wok\u00f3\u0142 Fabryki Norblina - podchmielona historia Warszawy\" \/>\n<meta property=\"og:description\" content=\"Zwiedzanie Muzeum Fabryki Norblina \u015bcie\u017ck\u0105 \u201eWyroby\u201d. Poznaj histori\u0119 produkt\u00f3w z \u017belaznej, ich funkcj\u0119, form\u0119 i znaczenie w XIX i XX wieku.\" \/>\n<meta property=\"og:url\" content=\"https:\/\/muzeumfabrykinorblina.pl\/?p=7669\" \/>\n<meta property=\"og:site_name\" content=\"Muzeum Fabryki Norblina\" \/>\n<meta property=\"article:publisher\" content=\"https:\/\/www.facebook.com\/MuzeumFabrykiNorblina\" \/>\n<meta property=\"article:published_time\" content=\"2026-05-09T11:07:51+00:00\" \/>\n<meta property=\"article:modified_time\" content=\"2026-06-19T10:24:38+00:00\" \/>\n<meta property=\"og:image\" content=\"http:\/\/muzeumfabrykinorblina.pl\/wp-content\/uploads\/2023\/10\/MFN_Theme-logo.jpg\" \/>\n\t<meta property=\"og:image:width\" content=\"1080\" \/>\n\t<meta property=\"og:image:height\" content=\"1080\" \/>\n\t<meta property=\"og:image:type\" content=\"image\/jpeg\" \/>\n<meta name=\"author\" content=\"Pawe\u0142 Durka\" \/>\n<meta name=\"twitter:card\" content=\"summary_large_image\" \/>\n<meta name=\"twitter:title\" content=\"Warszawa wok\u00f3\u0142 Fabryki Norblina - podchmielona historia Warszawy\" \/>\n<meta name=\"twitter:description\" content=\"Zwiedzanie Muzeum Fabryki Norblina \u015bcie\u017ck\u0105 \u201eWyroby\u201d. Poznaj histori\u0119 produkt\u00f3w z \u017belaznej, ich funkcj\u0119, form\u0119 i znaczenie w XIX i XX wieku.\" \/>\n<meta name=\"twitter:image\" content=\"https:\/\/muzeumfabrykinorblina.pl\/wp-content\/uploads\/2023\/10\/MFN_Theme-logo.jpg\" \/>\n<meta name=\"twitter:label1\" content=\"Napisane przez\" \/>\n\t<meta name=\"twitter:data1\" content=\"Pawe\u0142 Durka\" \/>\n\t<meta name=\"twitter:label2\" content=\"Szacowany czas czytania\" \/>\n\t<meta name=\"twitter:data2\" content=\"2 minuty\" \/>\n<script type=\"application\/ld+json\" class=\"yoast-schema-graph\">{\"@context\":\"https:\\\/\\\/schema.org\",\"@graph\":[{\"@type\":\"Article\",\"@id\":\"https:\\\/\\\/muzeumfabrykinorblina.pl\\\/?p=7669#article\",\"isPartOf\":{\"@id\":\"https:\\\/\\\/muzeumfabrykinorblina.pl\\\/?p=7669\"},\"author\":{\"name\":\"Pawe\u0142 Durka\",\"@id\":\"https:\\\/\\\/muzeumfabrykinorblina.pl\\\/#\\\/schema\\\/person\\\/0938cd3099cfa22b49acc1cd4cfe55f4\"},\"headline\":\"Warszawa wok\u00f3\u0142 Fabryki Norblina &#8211; podchmielona historia Warszawy\",\"datePublished\":\"2026-05-09T11:07:51+00:00\",\"dateModified\":\"2026-06-19T10:24:38+00:00\",\"mainEntityOfPage\":{\"@id\":\"https:\\\/\\\/muzeumfabrykinorblina.pl\\\/?p=7669\"},\"wordCount\":256,\"publisher\":{\"@id\":\"https:\\\/\\\/muzeumfabrykinorblina.pl\\\/#organization\"},\"image\":{\"@id\":\"https:\\\/\\\/muzeumfabrykinorblina.pl\\\/?p=7669#primaryimage\"},\"thumbnailUrl\":\"https:\\\/\\\/muzeumfabrykinorblina.pl\\\/wp-content\\\/uploads\\\/2026\\\/05\\\/MFN_Wycieczki_1200x630_Podchmielona-historia-Warszawy-1.jpg\",\"articleSection\":[\"Do kupienia\",\"Dost\u0119pne\",\"Wycieczki\",\"Wycieczki sta\u0142e\"],\"inLanguage\":\"pl-PL\"},{\"@type\":\"WebPage\",\"@id\":\"https:\\\/\\\/muzeumfabrykinorblina.pl\\\/?p=7669\",\"url\":\"https:\\\/\\\/muzeumfabrykinorblina.pl\\\/?p=7669\",\"name\":\"Warszawa wok\u00f3\u0142 Fabryki Norblina - podchmielona historia Warszawy | Muzeum Fabryki Norblina\",\"isPartOf\":{\"@id\":\"https:\\\/\\\/muzeumfabrykinorblina.pl\\\/#website\"},\"primaryImageOfPage\":{\"@id\":\"https:\\\/\\\/muzeumfabrykinorblina.pl\\\/?p=7669#primaryimage\"},\"image\":{\"@id\":\"https:\\\/\\\/muzeumfabrykinorblina.pl\\\/?p=7669#primaryimage\"},\"thumbnailUrl\":\"https:\\\/\\\/muzeumfabrykinorblina.pl\\\/wp-content\\\/uploads\\\/2026\\\/05\\\/MFN_Wycieczki_1200x630_Podchmielona-historia-Warszawy-1.jpg\",\"datePublished\":\"2026-05-09T11:07:51+00:00\",\"dateModified\":\"2026-06-19T10:24:38+00:00\",\"description\":\"Zwiedzanie Muzeum Fabryki Norblina \u015bcie\u017ck\u0105 \u201eWyroby\u201d. Poznaj histori\u0119 produkt\u00f3w z \u017belaznej, ich funkcj\u0119, form\u0119 i znaczenie w XIX i XX wieku.\",\"breadcrumb\":{\"@id\":\"https:\\\/\\\/muzeumfabrykinorblina.pl\\\/?p=7669#breadcrumb\"},\"inLanguage\":\"pl-PL\",\"potentialAction\":[{\"@type\":\"ReadAction\",\"target\":[\"https:\\\/\\\/muzeumfabrykinorblina.pl\\\/?p=7669\"]}]},{\"@type\":\"ImageObject\",\"inLanguage\":\"pl-PL\",\"@id\":\"https:\\\/\\\/muzeumfabrykinorblina.pl\\\/?p=7669#primaryimage\",\"url\":\"https:\\\/\\\/muzeumfabrykinorblina.pl\\\/wp-content\\\/uploads\\\/2026\\\/05\\\/MFN_Wycieczki_1200x630_Podchmielona-historia-Warszawy-1.jpg\",\"contentUrl\":\"https:\\\/\\\/muzeumfabrykinorblina.pl\\\/wp-content\\\/uploads\\\/2026\\\/05\\\/MFN_Wycieczki_1200x630_Podchmielona-historia-Warszawy-1.jpg\",\"width\":1200,\"height\":630},{\"@type\":\"BreadcrumbList\",\"@id\":\"https:\\\/\\\/muzeumfabrykinorblina.pl\\\/?p=7669#breadcrumb\",\"itemListElement\":[{\"@type\":\"ListItem\",\"position\":1,\"name\":\"Strona g\u0142\u00f3wna\",\"item\":\"https:\\\/\\\/muzeumfabrykinorblina.pl\\\/\"},{\"@type\":\"ListItem\",\"position\":2,\"name\":\"Warszawa wok\u00f3\u0142 Fabryki Norblina &#8211; podchmielona historia Warszawy\"}]},{\"@type\":\"WebSite\",\"@id\":\"https:\\\/\\\/muzeumfabrykinorblina.pl\\\/#website\",\"url\":\"https:\\\/\\\/muzeumfabrykinorblina.pl\\\/\",\"name\":\"Muzeum Fabryki Norblina\",\"description\":\"Fabryka Norblina\",\"publisher\":{\"@id\":\"https:\\\/\\\/muzeumfabrykinorblina.pl\\\/#organization\"},\"potentialAction\":[{\"@type\":\"SearchAction\",\"target\":{\"@type\":\"EntryPoint\",\"urlTemplate\":\"https:\\\/\\\/muzeumfabrykinorblina.pl\\\/?s={search_term_string}\"},\"query-input\":{\"@type\":\"PropertyValueSpecification\",\"valueRequired\":true,\"valueName\":\"search_term_string\"}}],\"inLanguage\":\"pl-PL\"},{\"@type\":\"Organization\",\"@id\":\"https:\\\/\\\/muzeumfabrykinorblina.pl\\\/#organization\",\"name\":\"Muzeum Fabryki Norblina\",\"url\":\"https:\\\/\\\/muzeumfabrykinorblina.pl\\\/\",\"logo\":{\"@type\":\"ImageObject\",\"inLanguage\":\"pl-PL\",\"@id\":\"https:\\\/\\\/muzeumfabrykinorblina.pl\\\/#\\\/schema\\\/logo\\\/image\\\/\",\"url\":\"https:\\\/\\\/muzeumfabrykinorblina.pl\\\/wp-content\\\/uploads\\\/2023\\\/11\\\/MFN_Featured-image_1200x675.jpg\",\"contentUrl\":\"https:\\\/\\\/muzeumfabrykinorblina.pl\\\/wp-content\\\/uploads\\\/2023\\\/11\\\/MFN_Featured-image_1200x675.jpg\",\"width\":1200,\"height\":675,\"caption\":\"Muzeum Fabryki Norblina\"},\"image\":{\"@id\":\"https:\\\/\\\/muzeumfabrykinorblina.pl\\\/#\\\/schema\\\/logo\\\/image\\\/\"},\"sameAs\":[\"https:\\\/\\\/www.facebook.com\\\/MuzeumFabrykiNorblina\",\"https:\\\/\\\/www.instagram.com\\\/muzeumfabrykinorblina\\\/\"]},{\"@type\":\"Person\",\"@id\":\"https:\\\/\\\/muzeumfabrykinorblina.pl\\\/#\\\/schema\\\/person\\\/0938cd3099cfa22b49acc1cd4cfe55f4\",\"name\":\"Pawe\u0142 Durka\",\"image\":{\"@type\":\"ImageObject\",\"inLanguage\":\"pl-PL\",\"@id\":\"https:\\\/\\\/secure.gravatar.com\\\/avatar\\\/17861b77f0b68711665fe1e8e67ddc567ab523acd30a7535eec485fb2e8c92ff?s=96&d=mm&r=g\",\"url\":\"https:\\\/\\\/secure.gravatar.com\\\/avatar\\\/17861b77f0b68711665fe1e8e67ddc567ab523acd30a7535eec485fb2e8c92ff?s=96&d=mm&r=g\",\"contentUrl\":\"https:\\\/\\\/secure.gravatar.com\\\/avatar\\\/17861b77f0b68711665fe1e8e67ddc567ab523acd30a7535eec485fb2e8c92ff?s=96&d=mm&r=g\",\"caption\":\"Pawe\u0142 Durka\"},\"sameAs\":[\"https:\\\/\\\/muzeumfabrykinorblina.pl\"],\"url\":\"https:\\\/\\\/muzeumfabrykinorblina.pl\\\/?author=1\"}]}<\/script>\n<!-- \/ Yoast SEO plugin. -->","yoast_head_json":{"title":"Warszawa wok\u00f3\u0142 Fabryki Norblina - podchmielona historia Warszawy | Muzeum Fabryki Norblina","description":"Zwiedzanie Muzeum Fabryki Norblina \u015bcie\u017ck\u0105 \u201eWyroby\u201d. Poznaj histori\u0119 produkt\u00f3w z \u017belaznej, ich funkcj\u0119, form\u0119 i znaczenie w XIX i XX wieku.","robots":{"index":"index","follow":"follow","max-snippet":"max-snippet:-1","max-image-preview":"max-image-preview:large","max-video-preview":"max-video-preview:-1"},"canonical":"https:\/\/muzeumfabrykinorblina.pl\/?p=7669","og_locale":"pl_PL","og_type":"article","og_title":"Warszawa wok\u00f3\u0142 Fabryki Norblina - podchmielona historia Warszawy","og_description":"Zwiedzanie Muzeum Fabryki Norblina \u015bcie\u017ck\u0105 \u201eWyroby\u201d. Poznaj histori\u0119 produkt\u00f3w z \u017belaznej, ich funkcj\u0119, form\u0119 i znaczenie w XIX i XX wieku.","og_url":"https:\/\/muzeumfabrykinorblina.pl\/?p=7669","og_site_name":"Muzeum Fabryki Norblina","article_publisher":"https:\/\/www.facebook.com\/MuzeumFabrykiNorblina","article_published_time":"2026-05-09T11:07:51+00:00","article_modified_time":"2026-06-19T10:24:38+00:00","og_image":[{"width":1080,"height":1080,"url":"http:\/\/muzeumfabrykinorblina.pl\/wp-content\/uploads\/2023\/10\/MFN_Theme-logo.jpg","type":"image\/jpeg"}],"author":"Pawe\u0142 Durka","twitter_card":"summary_large_image","twitter_title":"Warszawa wok\u00f3\u0142 Fabryki Norblina - podchmielona historia Warszawy","twitter_description":"Zwiedzanie Muzeum Fabryki Norblina \u015bcie\u017ck\u0105 \u201eWyroby\u201d. Poznaj histori\u0119 produkt\u00f3w z \u017belaznej, ich funkcj\u0119, form\u0119 i znaczenie w XIX i XX wieku.","twitter_image":"https:\/\/muzeumfabrykinorblina.pl\/wp-content\/uploads\/2023\/10\/MFN_Theme-logo.jpg","twitter_misc":{"Napisane przez":"Pawe\u0142 Durka","Szacowany czas czytania":"2 minuty"},"schema":{"@context":"https:\/\/schema.org","@graph":[{"@type":"Article","@id":"https:\/\/muzeumfabrykinorblina.pl\/?p=7669#article","isPartOf":{"@id":"https:\/\/muzeumfabrykinorblina.pl\/?p=7669"},"author":{"name":"Pawe\u0142 Durka","@id":"https:\/\/muzeumfabrykinorblina.pl\/#\/schema\/person\/0938cd3099cfa22b49acc1cd4cfe55f4"},"headline":"Warszawa wok\u00f3\u0142 Fabryki Norblina &#8211; podchmielona historia Warszawy","datePublished":"2026-05-09T11:07:51+00:00","dateModified":"2026-06-19T10:24:38+00:00","mainEntityOfPage":{"@id":"https:\/\/muzeumfabrykinorblina.pl\/?p=7669"},"wordCount":256,"publisher":{"@id":"https:\/\/muzeumfabrykinorblina.pl\/#organization"},"image":{"@id":"https:\/\/muzeumfabrykinorblina.pl\/?p=7669#primaryimage"},"thumbnailUrl":"https:\/\/muzeumfabrykinorblina.pl\/wp-content\/uploads\/2026\/05\/MFN_Wycieczki_1200x630_Podchmielona-historia-Warszawy-1.jpg","articleSection":["Do kupienia","Dost\u0119pne","Wycieczki","Wycieczki sta\u0142e"],"inLanguage":"pl-PL"},{"@type":"WebPage","@id":"https:\/\/muzeumfabrykinorblina.pl\/?p=7669","url":"https:\/\/muzeumfabrykinorblina.pl\/?p=7669","name":"Warszawa wok\u00f3\u0142 Fabryki Norblina - podchmielona historia Warszawy | Muzeum Fabryki Norblina","isPartOf":{"@id":"https:\/\/muzeumfabrykinorblina.pl\/#website"},"primaryImageOfPage":{"@id":"https:\/\/muzeumfabrykinorblina.pl\/?p=7669#primaryimage"},"image":{"@id":"https:\/\/muzeumfabrykinorblina.pl\/?p=7669#primaryimage"},"thumbnailUrl":"https:\/\/muzeumfabrykinorblina.pl\/wp-content\/uploads\/2026\/05\/MFN_Wycieczki_1200x630_Podchmielona-historia-Warszawy-1.jpg","datePublished":"2026-05-09T11:07:51+00:00","dateModified":"2026-06-19T10:24:38+00:00","description":"Zwiedzanie Muzeum Fabryki Norblina \u015bcie\u017ck\u0105 \u201eWyroby\u201d. Poznaj histori\u0119 produkt\u00f3w z \u017belaznej, ich funkcj\u0119, form\u0119 i znaczenie w XIX i XX wieku.","breadcrumb":{"@id":"https:\/\/muzeumfabrykinorblina.pl\/?p=7669#breadcrumb"},"inLanguage":"pl-PL","potentialAction":[{"@type":"ReadAction","target":["https:\/\/muzeumfabrykinorblina.pl\/?p=7669"]}]},{"@type":"ImageObject","inLanguage":"pl-PL","@id":"https:\/\/muzeumfabrykinorblina.pl\/?p=7669#primaryimage","url":"https:\/\/muzeumfabrykinorblina.pl\/wp-content\/uploads\/2026\/05\/MFN_Wycieczki_1200x630_Podchmielona-historia-Warszawy-1.jpg","contentUrl":"https:\/\/muzeumfabrykinorblina.pl\/wp-content\/uploads\/2026\/05\/MFN_Wycieczki_1200x630_Podchmielona-historia-Warszawy-1.jpg","width":1200,"height":630},{"@type":"BreadcrumbList","@id":"https:\/\/muzeumfabrykinorblina.pl\/?p=7669#breadcrumb","itemListElement":[{"@type":"ListItem","position":1,"name":"Strona g\u0142\u00f3wna","item":"https:\/\/muzeumfabrykinorblina.pl\/"},{"@type":"ListItem","position":2,"name":"Warszawa wok\u00f3\u0142 Fabryki Norblina &#8211; podchmielona historia Warszawy"}]},{"@type":"WebSite","@id":"https:\/\/muzeumfabrykinorblina.pl\/#website","url":"https:\/\/muzeumfabrykinorblina.pl\/","name":"Muzeum Fabryki Norblina","description":"Fabryka Norblina","publisher":{"@id":"https:\/\/muzeumfabrykinorblina.pl\/#organization"},"potentialAction":[{"@type":"SearchAction","target":{"@type":"EntryPoint","urlTemplate":"https:\/\/muzeumfabrykinorblina.pl\/?s={search_term_string}"},"query-input":{"@type":"PropertyValueSpecification","valueRequired":true,"valueName":"search_term_string"}}],"inLanguage":"pl-PL"},{"@type":"Organization","@id":"https:\/\/muzeumfabrykinorblina.pl\/#organization","name":"Muzeum Fabryki Norblina","url":"https:\/\/muzeumfabrykinorblina.pl\/","logo":{"@type":"ImageObject","inLanguage":"pl-PL","@id":"https:\/\/muzeumfabrykinorblina.pl\/#\/schema\/logo\/image\/","url":"https:\/\/muzeumfabrykinorblina.pl\/wp-content\/uploads\/2023\/11\/MFN_Featured-image_1200x675.jpg","contentUrl":"https:\/\/muzeumfabrykinorblina.pl\/wp-content\/uploads\/2023\/11\/MFN_Featured-image_1200x675.jpg","width":1200,"height":675,"caption":"Muzeum Fabryki Norblina"},"image":{"@id":"https:\/\/muzeumfabrykinorblina.pl\/#\/schema\/logo\/image\/"},"sameAs":["https:\/\/www.facebook.com\/MuzeumFabrykiNorblina","https:\/\/www.instagram.com\/muzeumfabrykinorblina\/"]},{"@type":"Person","@id":"https:\/\/muzeumfabrykinorblina.pl\/#\/schema\/person\/0938cd3099cfa22b49acc1cd4cfe55f4","name":"Pawe\u0142 Durka","image":{"@type":"ImageObject","inLanguage":"pl-PL","@id":"https:\/\/secure.gravatar.com\/avatar\/17861b77f0b68711665fe1e8e67ddc567ab523acd30a7535eec485fb2e8c92ff?s=96&d=mm&r=g","url":"https:\/\/secure.gravatar.com\/avatar\/17861b77f0b68711665fe1e8e67ddc567ab523acd30a7535eec485fb2e8c92ff?s=96&d=mm&r=g","contentUrl":"https:\/\/secure.gravatar.com\/avatar\/17861b77f0b68711665fe1e8e67ddc567ab523acd30a7535eec485fb2e8c92ff?s=96&d=mm&r=g","caption":"Pawe\u0142 Durka"},"sameAs":["https:\/\/muzeumfabrykinorblina.pl"],"url":"https:\/\/muzeumfabrykinorblina.pl\/?author=1"}]}},"lang":"pl","translations":{"pl":7669},"builder_content":"","pll_sync_post":{},"_links":{"self":[{"href":"https:\/\/muzeumfabrykinorblina.pl\/index.php?rest_route=\/wp\/v2\/posts\/7669","targetHints":{"allow":["GET"]}}],"collection":[{"href":"https:\/\/muzeumfabrykinorblina.pl\/index.php?rest_route=\/wp\/v2\/posts"}],"about":[{"href":"https:\/\/muzeumfabrykinorblina.pl\/index.php?rest_route=\/wp\/v2\/types\/post"}],"author":[{"embeddable":true,"href":"https:\/\/muzeumfabrykinorblina.pl\/index.php?rest_route=\/wp\/v2\/users\/1"}],"replies":[{"embeddable":true,"href":"https:\/\/muzeumfabrykinorblina.pl\/index.php?rest_route=%2Fwp%2Fv2%2Fcomments&post=7669"}],"version-history":[{"count":11,"href":"https:\/\/muzeumfabrykinorblina.pl\/index.php?rest_route=\/wp\/v2\/posts\/7669\/revisions"}],"predecessor-version":[{"id":7781,"href":"https:\/\/muzeumfabrykinorblina.pl\/index.php?rest_route=\/wp\/v2\/posts\/7669\/revisions\/7781"}],"wp:featuredmedia":[{"embeddable":true,"href":"https:\/\/muzeumfabrykinorblina.pl\/index.php?rest_route=\/wp\/v2\/media\/7777"}],"wp:attachment":[{"href":"https:\/\/muzeumfabrykinorblina.pl\/index.php?rest_route=%2Fwp%2Fv2%2Fmedia&parent=7669"}],"wp:term":[{"taxonomy":"category","embeddable":true,"href":"https:\/\/muzeumfabrykinorblina.pl\/index.php?rest_route=%2Fwp%2Fv2%2Fcategories&post=7669"},{"taxonomy":"post_tag","embeddable":true,"href":"https:\/\/muzeumfabrykinorblina.pl\/index.php?rest_route=%2Fwp%2Fv2%2Ftags&post=7669"}],"curies":[{"name":"wp","href":"https:\/\/api.w.org\/{rel}","templated":true}]}}