{"id":7557,"date":"2026-04-29T15:46:41","date_gmt":"2026-04-29T13:46:41","guid":{"rendered":"https:\/\/muzeumfabrykinorblina.pl\/?p=7557"},"modified":"2026-04-30T12:10:35","modified_gmt":"2026-04-30T10:10:35","slug":"noc-muzeow-2026","status":"publish","type":"post","link":"https:\/\/muzeumfabrykinorblina.pl\/?p=7557","title":{"rendered":"Noc Muze\u00f3w 2026 w Fabryce Norblina \u2013 zwiedzanie, quiz i nocna podr\u00f3\u017c mi\u0119dzy muzeami"},"content":{"rendered":"\n<p class=\"wp-block-paragraph\"><strong>Ju\u017c 16 maja zapraszamy do Muzeum Fabryki Norblina na kolejn\u0105 ods\u0142on\u0119 Nocy Muze\u00f3w. W tym roku przygotowali\u015bmy program, kt\u00f3ry pozwoli spojrze\u0107 na histori\u0119 fabryki z r\u00f3\u017cnych perspektyw \u2013 przez przedmioty, przestrze\u0144 i do\u015bwiadczenie miejsca.<\/strong><\/p>\n\n\n\n<p class=\"wp-block-paragraph\">Noc Muze\u00f3w w Fabryce Norblina rozpocznie si\u0119 o godzinie 19:00 i potrwa do p\u00f3\u017anych godzin. Centralnym punktem programu b\u0119d\u0105 oprowadzania z przewodnikiem po \u015bcie\u017cce \u201eWyroby\u201d \u2013 jednej z czterech g\u0142\u00f3wnych tras zwiedzania muzeum.<\/p>\n\n\n\n<p class=\"wp-block-paragraph\">To propozycja dla os\u00f3b, kt\u00f3re chc\u0105 z bliska przyjrze\u0107 si\u0119 temu, co powstawa\u0142o w fabryce i trafia\u0142o do codziennego u\u017cytku \u2013 od posrebrzanych zastaw sto\u0142owych, przez akcesoria wykorzystywane w kawiarniach i restauracjach, po przedmioty, kt\u00f3re budowa\u0142y styl \u017cycia dawnych epok. Zwiedzanie prowadzi przez spokojniejsze przestrzenie kompleksu, co pozwala skupi\u0107 si\u0119 na detalach i opowie\u015bci przewodnika.<\/p>\n\n\n\n<p class=\"wp-block-paragraph\">Jednym z najciekawszych punkt\u00f3w tej trasy b\u0119dzie shaker z lat 30. XX wieku \u2013 ikoniczny wyr\u00f3b Fabryki Norblina. Podczas Nocy Muze\u00f3w b\u0119dzie mo\u017cna zobaczy\u0107 jego mniejsz\u0105 wersj\u0119 (500 ml) prezentowan\u0105 w gablocie \u201eArt deco\u201d.&nbsp;<\/p>\n\n\n\n<p class=\"wp-block-paragraph\">Wycieczki b\u0119d\u0105 rozpoczyna\u0142y si\u0119 co godzin\u0119, a liczba miejsc w ka\u017cdej grupie jest ograniczona do 30 os\u00f3b. Czas jednego zwiedzania to oko\u0142o 50 minut.<\/p>\n\n\n\n<p class=\"wp-block-paragraph\">R\u00f3wnolegle w historycznej Namiarowni zaplanowano dodatkowe aktywno\u015bci. O godzinie 21:00 rozpocznie si\u0119 quiz wiedzy o Fabryce Norblina, przygotowany przez UWAGA Pub Quiz. Uczestnicy zmierz\u0105 si\u0119 z pytaniami dotycz\u0105cymi czterech obszar\u00f3w: budynk\u00f3w, maszyn, wyrob\u00f3w i ludzi zwi\u0105zanych z fabryk\u0105. Quiz b\u0119dzie mia\u0142 form\u0119 czterech rund, bez przerw, a dru\u017cyny mog\u0105 liczy\u0107 maksymalnie pi\u0119\u0107 os\u00f3b.<\/p>\n\n\n\n<p class=\"wp-block-paragraph\">Przez ca\u0142y wiecz\u00f3r w tej samej przestrzeni prezentowane b\u0119d\u0105 r\u00f3wnie\u017c materia\u0142y filmowe \u2013 zar\u00f3wno archiwalne, jak i wsp\u00f3\u0142czesne, pokazuj\u0105ce histori\u0119 zak\u0142ad\u00f3w, proces rewitalizacji oraz dzia\u0142alno\u015b\u0107 Muzeum Fabryki Norblina.<\/p>\n\n\n\n<p class=\"wp-block-paragraph\">Podobnie jak w poprzednich latach, Noc Muze\u00f3w b\u0119dzie okazj\u0105 do odwiedzenia kilku instytucji zwi\u0105zanych z przemys\u0142ow\u0105 histori\u0105 Woli. Mi\u0119dzy Muzeum Fabryki Norblina, Muzeum Gazowni Warszawskiej i Stacj\u0105 Muzeum kursowa\u0107 b\u0119dzie zabytkowy autobus Ikarus 260, kt\u00f3ry umo\u017cliwi wygodne przemieszczanie si\u0119 mi\u0119dzy tymi miejscami.<\/p>\n\n\n\n<p class=\"wp-block-paragraph\">Szczeg\u00f3\u0142owe informacje oraz zapisy na zwiedzanie dost\u0119pne s\u0105 tu: <a href=\"https:\/\/muzeumfabrykinorblina.pl\/nm2026\/\"><strong>https:\/\/muzeumfabrykinorblina.pl\/nm2026\/<\/strong><\/a><\/p>\n\n\n<!-- wp:themify-builder\/canvas \/-->","protected":false},"excerpt":{"rendered":"<p>Ju\u017c 16 maja zapraszamy do Muzeum Fabryki Norblina na kolejn\u0105 ods\u0142on\u0119 Nocy Muze\u00f3w. W tym roku przygotowali\u015bmy program, kt\u00f3ry pozwoli spojrze\u0107 na histori\u0119 fabryki z r\u00f3\u017cnych perspektyw \u2013 przez przedmioty, przestrze\u0144 i do\u015bwiadczenie miejsca. Noc Muze\u00f3w w Fabryce Norblina rozpocznie si\u0119 o godzinie 19:00 i potrwa do p\u00f3\u017anych godzin. Centralnym punktem programu b\u0119d\u0105 oprowadzania z [&hellip;]<\/p>\n","protected":false},"author":9,"featured_media":7558,"comment_status":"closed","ping_status":"closed","sticky":false,"template":"","format":"standard","meta":{"_acf_changed":false,"_monsterinsights_skip_tracking":false,"footnotes":""},"categories":[29],"tags":[],"class_list":["post-7557","post","type-post","status-publish","format-standard","has-post-thumbnail","hentry","category-aktualnosci","has-post-title","has-post-date","has-post-category","has-post-tag","has-post-comment","has-post-author",""],"acf":[],"yoast_head":"<!-- This site is optimized with the Yoast SEO plugin v28.2 - https:\/\/yoast.com\/product\/yoast-seo-wordpress\/ -->\n<title>Noc Muze\u00f3w 2026 w Fabryce Norblina \u2013 zwiedzanie, quiz i nocna podr\u00f3\u017c mi\u0119dzy muzeami | Muzeum Fabryki Norblina<\/title>\n<meta name=\"description\" content=\"Ju\u017c 16 maja zapraszamy do Muzeum Fabryki Norblina na kolejn\u0105 ods\u0142on\u0119 Nocy Muze\u00f3w. W tym roku przygotowali\u015bmy program, kt\u00f3ry pozwoli spojrze\u0107 na histori\u0119 fabryki z r\u00f3\u017cnych perspektyw.\" \/>\n<meta name=\"robots\" content=\"index, follow, max-snippet:-1, max-image-preview:large, max-video-preview:-1\" \/>\n<link rel=\"canonical\" href=\"https:\/\/muzeumfabrykinorblina.pl\/?p=7557\" \/>\n<meta property=\"og:locale\" content=\"pl_PL\" \/>\n<meta property=\"og:type\" content=\"article\" \/>\n<meta property=\"og:title\" content=\"Noc Muze\u00f3w 2026 w Fabryce Norblina \u2013 zwiedzanie, quiz i nocna podr\u00f3\u017c mi\u0119dzy muzeami | Muzeum Fabryki Norblina\" \/>\n<meta property=\"og:description\" content=\"Ju\u017c 16 maja zapraszamy do Muzeum Fabryki Norblina na kolejn\u0105 ods\u0142on\u0119 Nocy Muze\u00f3w. W tym roku przygotowali\u015bmy program, kt\u00f3ry pozwoli spojrze\u0107 na histori\u0119 fabryki z r\u00f3\u017cnych perspektyw.\" \/>\n<meta property=\"og:url\" content=\"https:\/\/muzeumfabrykinorblina.pl\/?p=7557\" \/>\n<meta property=\"og:site_name\" content=\"Muzeum Fabryki Norblina\" \/>\n<meta property=\"article:publisher\" content=\"https:\/\/www.facebook.com\/MuzeumFabrykiNorblina\" \/>\n<meta property=\"article:published_time\" content=\"2026-04-29T13:46:41+00:00\" \/>\n<meta property=\"article:modified_time\" content=\"2026-04-30T10:10:35+00:00\" \/>\n<meta property=\"og:image\" content=\"http:\/\/muzeumfabrykinorblina.pl\/wp-content\/uploads\/2026\/04\/MFN-Wpis-Noc-Muzeow-2026.jpg\" \/>\n\t<meta property=\"og:image:width\" content=\"1080\" \/>\n\t<meta property=\"og:image:height\" content=\"1080\" \/>\n\t<meta property=\"og:image:type\" content=\"image\/jpeg\" \/>\n<meta name=\"author\" content=\"Agata Ilnicka\" \/>\n<meta name=\"twitter:card\" content=\"summary_large_image\" \/>\n<meta name=\"twitter:label1\" content=\"Napisane przez\" \/>\n\t<meta name=\"twitter:data1\" content=\"Agata Ilnicka\" \/>\n\t<meta name=\"twitter:label2\" content=\"Szacowany czas czytania\" \/>\n\t<meta name=\"twitter:data2\" content=\"3 minuty\" \/>\n<script type=\"application\/ld+json\" class=\"yoast-schema-graph\">{\"@context\":\"https:\\\/\\\/schema.org\",\"@graph\":[{\"@type\":\"Article\",\"@id\":\"https:\\\/\\\/muzeumfabrykinorblina.pl\\\/?p=7557#article\",\"isPartOf\":{\"@id\":\"https:\\\/\\\/muzeumfabrykinorblina.pl\\\/?p=7557\"},\"author\":{\"name\":\"Agata Ilnicka\",\"@id\":\"https:\\\/\\\/muzeumfabrykinorblina.pl\\\/#\\\/schema\\\/person\\\/4f1632ef79031887e0e24c4ea9d3472e\"},\"headline\":\"Noc Muze\u00f3w 2026 w Fabryce Norblina \u2013 zwiedzanie, quiz i nocna podr\u00f3\u017c mi\u0119dzy muzeami\",\"datePublished\":\"2026-04-29T13:46:41+00:00\",\"dateModified\":\"2026-04-30T10:10:35+00:00\",\"mainEntityOfPage\":{\"@id\":\"https:\\\/\\\/muzeumfabrykinorblina.pl\\\/?p=7557\"},\"wordCount\":381,\"publisher\":{\"@id\":\"https:\\\/\\\/muzeumfabrykinorblina.pl\\\/#organization\"},\"image\":{\"@id\":\"https:\\\/\\\/muzeumfabrykinorblina.pl\\\/?p=7557#primaryimage\"},\"thumbnailUrl\":\"https:\\\/\\\/muzeumfabrykinorblina.pl\\\/wp-content\\\/uploads\\\/2026\\\/04\\\/MFN-Wpis-Noc-Muzeow-2026.jpg\",\"articleSection\":[\"Aktualno\u015bci\"],\"inLanguage\":\"pl-PL\"},{\"@type\":\"WebPage\",\"@id\":\"https:\\\/\\\/muzeumfabrykinorblina.pl\\\/?p=7557\",\"url\":\"https:\\\/\\\/muzeumfabrykinorblina.pl\\\/?p=7557\",\"name\":\"Noc Muze\u00f3w 2026 w Fabryce Norblina \u2013 zwiedzanie, quiz i nocna podr\u00f3\u017c mi\u0119dzy muzeami | Muzeum Fabryki Norblina\",\"isPartOf\":{\"@id\":\"https:\\\/\\\/muzeumfabrykinorblina.pl\\\/#website\"},\"primaryImageOfPage\":{\"@id\":\"https:\\\/\\\/muzeumfabrykinorblina.pl\\\/?p=7557#primaryimage\"},\"image\":{\"@id\":\"https:\\\/\\\/muzeumfabrykinorblina.pl\\\/?p=7557#primaryimage\"},\"thumbnailUrl\":\"https:\\\/\\\/muzeumfabrykinorblina.pl\\\/wp-content\\\/uploads\\\/2026\\\/04\\\/MFN-Wpis-Noc-Muzeow-2026.jpg\",\"datePublished\":\"2026-04-29T13:46:41+00:00\",\"dateModified\":\"2026-04-30T10:10:35+00:00\",\"description\":\"Ju\u017c 16 maja zapraszamy do Muzeum Fabryki Norblina na kolejn\u0105 ods\u0142on\u0119 Nocy Muze\u00f3w. W tym roku przygotowali\u015bmy program, kt\u00f3ry pozwoli spojrze\u0107 na histori\u0119 fabryki z r\u00f3\u017cnych perspektyw.\",\"breadcrumb\":{\"@id\":\"https:\\\/\\\/muzeumfabrykinorblina.pl\\\/?p=7557#breadcrumb\"},\"inLanguage\":\"pl-PL\",\"potentialAction\":[{\"@type\":\"ReadAction\",\"target\":[\"https:\\\/\\\/muzeumfabrykinorblina.pl\\\/?p=7557\"]}]},{\"@type\":\"ImageObject\",\"inLanguage\":\"pl-PL\",\"@id\":\"https:\\\/\\\/muzeumfabrykinorblina.pl\\\/?p=7557#primaryimage\",\"url\":\"https:\\\/\\\/muzeumfabrykinorblina.pl\\\/wp-content\\\/uploads\\\/2026\\\/04\\\/MFN-Wpis-Noc-Muzeow-2026.jpg\",\"contentUrl\":\"https:\\\/\\\/muzeumfabrykinorblina.pl\\\/wp-content\\\/uploads\\\/2026\\\/04\\\/MFN-Wpis-Noc-Muzeow-2026.jpg\",\"width\":1080,\"height\":1080},{\"@type\":\"BreadcrumbList\",\"@id\":\"https:\\\/\\\/muzeumfabrykinorblina.pl\\\/?p=7557#breadcrumb\",\"itemListElement\":[{\"@type\":\"ListItem\",\"position\":1,\"name\":\"Strona g\u0142\u00f3wna\",\"item\":\"https:\\\/\\\/muzeumfabrykinorblina.pl\\\/\"},{\"@type\":\"ListItem\",\"position\":2,\"name\":\"Noc Muze\u00f3w 2026 w Fabryce Norblina \u2013 zwiedzanie, quiz i nocna podr\u00f3\u017c mi\u0119dzy muzeami\"}]},{\"@type\":\"WebSite\",\"@id\":\"https:\\\/\\\/muzeumfabrykinorblina.pl\\\/#website\",\"url\":\"https:\\\/\\\/muzeumfabrykinorblina.pl\\\/\",\"name\":\"Muzeum Fabryki Norblina\",\"description\":\"Fabryka Norblina\",\"publisher\":{\"@id\":\"https:\\\/\\\/muzeumfabrykinorblina.pl\\\/#organization\"},\"potentialAction\":[{\"@type\":\"SearchAction\",\"target\":{\"@type\":\"EntryPoint\",\"urlTemplate\":\"https:\\\/\\\/muzeumfabrykinorblina.pl\\\/?s={search_term_string}\"},\"query-input\":{\"@type\":\"PropertyValueSpecification\",\"valueRequired\":true,\"valueName\":\"search_term_string\"}}],\"inLanguage\":\"pl-PL\"},{\"@type\":\"Organization\",\"@id\":\"https:\\\/\\\/muzeumfabrykinorblina.pl\\\/#organization\",\"name\":\"Muzeum Fabryki Norblina\",\"url\":\"https:\\\/\\\/muzeumfabrykinorblina.pl\\\/\",\"logo\":{\"@type\":\"ImageObject\",\"inLanguage\":\"pl-PL\",\"@id\":\"https:\\\/\\\/muzeumfabrykinorblina.pl\\\/#\\\/schema\\\/logo\\\/image\\\/\",\"url\":\"https:\\\/\\\/muzeumfabrykinorblina.pl\\\/wp-content\\\/uploads\\\/2023\\\/11\\\/MFN_Featured-image_1200x675.jpg\",\"contentUrl\":\"https:\\\/\\\/muzeumfabrykinorblina.pl\\\/wp-content\\\/uploads\\\/2023\\\/11\\\/MFN_Featured-image_1200x675.jpg\",\"width\":1200,\"height\":675,\"caption\":\"Muzeum Fabryki Norblina\"},\"image\":{\"@id\":\"https:\\\/\\\/muzeumfabrykinorblina.pl\\\/#\\\/schema\\\/logo\\\/image\\\/\"},\"sameAs\":[\"https:\\\/\\\/www.facebook.com\\\/MuzeumFabrykiNorblina\",\"https:\\\/\\\/www.instagram.com\\\/muzeumfabrykinorblina\\\/\"]},{\"@type\":\"Person\",\"@id\":\"https:\\\/\\\/muzeumfabrykinorblina.pl\\\/#\\\/schema\\\/person\\\/4f1632ef79031887e0e24c4ea9d3472e\",\"name\":\"Agata Ilnicka\",\"image\":{\"@type\":\"ImageObject\",\"inLanguage\":\"pl-PL\",\"@id\":\"https:\\\/\\\/secure.gravatar.com\\\/avatar\\\/0c850e3cc969e3bec61971337ea044add4e3b6da745c50448fbab5c86b0b85d9?s=96&d=mm&r=g\",\"url\":\"https:\\\/\\\/secure.gravatar.com\\\/avatar\\\/0c850e3cc969e3bec61971337ea044add4e3b6da745c50448fbab5c86b0b85d9?s=96&d=mm&r=g\",\"contentUrl\":\"https:\\\/\\\/secure.gravatar.com\\\/avatar\\\/0c850e3cc969e3bec61971337ea044add4e3b6da745c50448fbab5c86b0b85d9?s=96&d=mm&r=g\",\"caption\":\"Agata Ilnicka\"},\"url\":\"https:\\\/\\\/muzeumfabrykinorblina.pl\\\/?author=9\"}]}<\/script>\n<!-- \/ Yoast SEO plugin. -->","yoast_head_json":{"title":"Noc Muze\u00f3w 2026 w Fabryce Norblina \u2013 zwiedzanie, quiz i nocna podr\u00f3\u017c mi\u0119dzy muzeami | Muzeum Fabryki Norblina","description":"Ju\u017c 16 maja zapraszamy do Muzeum Fabryki Norblina na kolejn\u0105 ods\u0142on\u0119 Nocy Muze\u00f3w. W tym roku przygotowali\u015bmy program, kt\u00f3ry pozwoli spojrze\u0107 na histori\u0119 fabryki z r\u00f3\u017cnych perspektyw.","robots":{"index":"index","follow":"follow","max-snippet":"max-snippet:-1","max-image-preview":"max-image-preview:large","max-video-preview":"max-video-preview:-1"},"canonical":"https:\/\/muzeumfabrykinorblina.pl\/?p=7557","og_locale":"pl_PL","og_type":"article","og_title":"Noc Muze\u00f3w 2026 w Fabryce Norblina \u2013 zwiedzanie, quiz i nocna podr\u00f3\u017c mi\u0119dzy muzeami | Muzeum Fabryki Norblina","og_description":"Ju\u017c 16 maja zapraszamy do Muzeum Fabryki Norblina na kolejn\u0105 ods\u0142on\u0119 Nocy Muze\u00f3w. W tym roku przygotowali\u015bmy program, kt\u00f3ry pozwoli spojrze\u0107 na histori\u0119 fabryki z r\u00f3\u017cnych perspektyw.","og_url":"https:\/\/muzeumfabrykinorblina.pl\/?p=7557","og_site_name":"Muzeum Fabryki Norblina","article_publisher":"https:\/\/www.facebook.com\/MuzeumFabrykiNorblina","article_published_time":"2026-04-29T13:46:41+00:00","article_modified_time":"2026-04-30T10:10:35+00:00","og_image":[{"width":1080,"height":1080,"url":"http:\/\/muzeumfabrykinorblina.pl\/wp-content\/uploads\/2026\/04\/MFN-Wpis-Noc-Muzeow-2026.jpg","type":"image\/jpeg"}],"author":"Agata Ilnicka","twitter_card":"summary_large_image","twitter_misc":{"Napisane przez":"Agata Ilnicka","Szacowany czas czytania":"3 minuty"},"schema":{"@context":"https:\/\/schema.org","@graph":[{"@type":"Article","@id":"https:\/\/muzeumfabrykinorblina.pl\/?p=7557#article","isPartOf":{"@id":"https:\/\/muzeumfabrykinorblina.pl\/?p=7557"},"author":{"name":"Agata Ilnicka","@id":"https:\/\/muzeumfabrykinorblina.pl\/#\/schema\/person\/4f1632ef79031887e0e24c4ea9d3472e"},"headline":"Noc Muze\u00f3w 2026 w Fabryce Norblina \u2013 zwiedzanie, quiz i nocna podr\u00f3\u017c mi\u0119dzy muzeami","datePublished":"2026-04-29T13:46:41+00:00","dateModified":"2026-04-30T10:10:35+00:00","mainEntityOfPage":{"@id":"https:\/\/muzeumfabrykinorblina.pl\/?p=7557"},"wordCount":381,"publisher":{"@id":"https:\/\/muzeumfabrykinorblina.pl\/#organization"},"image":{"@id":"https:\/\/muzeumfabrykinorblina.pl\/?p=7557#primaryimage"},"thumbnailUrl":"https:\/\/muzeumfabrykinorblina.pl\/wp-content\/uploads\/2026\/04\/MFN-Wpis-Noc-Muzeow-2026.jpg","articleSection":["Aktualno\u015bci"],"inLanguage":"pl-PL"},{"@type":"WebPage","@id":"https:\/\/muzeumfabrykinorblina.pl\/?p=7557","url":"https:\/\/muzeumfabrykinorblina.pl\/?p=7557","name":"Noc Muze\u00f3w 2026 w Fabryce Norblina \u2013 zwiedzanie, quiz i nocna podr\u00f3\u017c mi\u0119dzy muzeami | Muzeum Fabryki Norblina","isPartOf":{"@id":"https:\/\/muzeumfabrykinorblina.pl\/#website"},"primaryImageOfPage":{"@id":"https:\/\/muzeumfabrykinorblina.pl\/?p=7557#primaryimage"},"image":{"@id":"https:\/\/muzeumfabrykinorblina.pl\/?p=7557#primaryimage"},"thumbnailUrl":"https:\/\/muzeumfabrykinorblina.pl\/wp-content\/uploads\/2026\/04\/MFN-Wpis-Noc-Muzeow-2026.jpg","datePublished":"2026-04-29T13:46:41+00:00","dateModified":"2026-04-30T10:10:35+00:00","description":"Ju\u017c 16 maja zapraszamy do Muzeum Fabryki Norblina na kolejn\u0105 ods\u0142on\u0119 Nocy Muze\u00f3w. W tym roku przygotowali\u015bmy program, kt\u00f3ry pozwoli spojrze\u0107 na histori\u0119 fabryki z r\u00f3\u017cnych perspektyw.","breadcrumb":{"@id":"https:\/\/muzeumfabrykinorblina.pl\/?p=7557#breadcrumb"},"inLanguage":"pl-PL","potentialAction":[{"@type":"ReadAction","target":["https:\/\/muzeumfabrykinorblina.pl\/?p=7557"]}]},{"@type":"ImageObject","inLanguage":"pl-PL","@id":"https:\/\/muzeumfabrykinorblina.pl\/?p=7557#primaryimage","url":"https:\/\/muzeumfabrykinorblina.pl\/wp-content\/uploads\/2026\/04\/MFN-Wpis-Noc-Muzeow-2026.jpg","contentUrl":"https:\/\/muzeumfabrykinorblina.pl\/wp-content\/uploads\/2026\/04\/MFN-Wpis-Noc-Muzeow-2026.jpg","width":1080,"height":1080},{"@type":"BreadcrumbList","@id":"https:\/\/muzeumfabrykinorblina.pl\/?p=7557#breadcrumb","itemListElement":[{"@type":"ListItem","position":1,"name":"Strona g\u0142\u00f3wna","item":"https:\/\/muzeumfabrykinorblina.pl\/"},{"@type":"ListItem","position":2,"name":"Noc Muze\u00f3w 2026 w Fabryce Norblina \u2013 zwiedzanie, quiz i nocna podr\u00f3\u017c mi\u0119dzy muzeami"}]},{"@type":"WebSite","@id":"https:\/\/muzeumfabrykinorblina.pl\/#website","url":"https:\/\/muzeumfabrykinorblina.pl\/","name":"Muzeum Fabryki Norblina","description":"Fabryka Norblina","publisher":{"@id":"https:\/\/muzeumfabrykinorblina.pl\/#organization"},"potentialAction":[{"@type":"SearchAction","target":{"@type":"EntryPoint","urlTemplate":"https:\/\/muzeumfabrykinorblina.pl\/?s={search_term_string}"},"query-input":{"@type":"PropertyValueSpecification","valueRequired":true,"valueName":"search_term_string"}}],"inLanguage":"pl-PL"},{"@type":"Organization","@id":"https:\/\/muzeumfabrykinorblina.pl\/#organization","name":"Muzeum Fabryki Norblina","url":"https:\/\/muzeumfabrykinorblina.pl\/","logo":{"@type":"ImageObject","inLanguage":"pl-PL","@id":"https:\/\/muzeumfabrykinorblina.pl\/#\/schema\/logo\/image\/","url":"https:\/\/muzeumfabrykinorblina.pl\/wp-content\/uploads\/2023\/11\/MFN_Featured-image_1200x675.jpg","contentUrl":"https:\/\/muzeumfabrykinorblina.pl\/wp-content\/uploads\/2023\/11\/MFN_Featured-image_1200x675.jpg","width":1200,"height":675,"caption":"Muzeum Fabryki Norblina"},"image":{"@id":"https:\/\/muzeumfabrykinorblina.pl\/#\/schema\/logo\/image\/"},"sameAs":["https:\/\/www.facebook.com\/MuzeumFabrykiNorblina","https:\/\/www.instagram.com\/muzeumfabrykinorblina\/"]},{"@type":"Person","@id":"https:\/\/muzeumfabrykinorblina.pl\/#\/schema\/person\/4f1632ef79031887e0e24c4ea9d3472e","name":"Agata Ilnicka","image":{"@type":"ImageObject","inLanguage":"pl-PL","@id":"https:\/\/secure.gravatar.com\/avatar\/0c850e3cc969e3bec61971337ea044add4e3b6da745c50448fbab5c86b0b85d9?s=96&d=mm&r=g","url":"https:\/\/secure.gravatar.com\/avatar\/0c850e3cc969e3bec61971337ea044add4e3b6da745c50448fbab5c86b0b85d9?s=96&d=mm&r=g","contentUrl":"https:\/\/secure.gravatar.com\/avatar\/0c850e3cc969e3bec61971337ea044add4e3b6da745c50448fbab5c86b0b85d9?s=96&d=mm&r=g","caption":"Agata Ilnicka"},"url":"https:\/\/muzeumfabrykinorblina.pl\/?author=9"}]}},"lang":"pl","translations":{"pl":7557},"builder_content":"","pll_sync_post":{},"_links":{"self":[{"href":"https:\/\/muzeumfabrykinorblina.pl\/index.php?rest_route=\/wp\/v2\/posts\/7557","targetHints":{"allow":["GET"]}}],"collection":[{"href":"https:\/\/muzeumfabrykinorblina.pl\/index.php?rest_route=\/wp\/v2\/posts"}],"about":[{"href":"https:\/\/muzeumfabrykinorblina.pl\/index.php?rest_route=\/wp\/v2\/types\/post"}],"author":[{"embeddable":true,"href":"https:\/\/muzeumfabrykinorblina.pl\/index.php?rest_route=\/wp\/v2\/users\/9"}],"replies":[{"embeddable":true,"href":"https:\/\/muzeumfabrykinorblina.pl\/index.php?rest_route=%2Fwp%2Fv2%2Fcomments&post=7557"}],"version-history":[{"count":4,"href":"https:\/\/muzeumfabrykinorblina.pl\/index.php?rest_route=\/wp\/v2\/posts\/7557\/revisions"}],"predecessor-version":[{"id":7566,"href":"https:\/\/muzeumfabrykinorblina.pl\/index.php?rest_route=\/wp\/v2\/posts\/7557\/revisions\/7566"}],"wp:featuredmedia":[{"embeddable":true,"href":"https:\/\/muzeumfabrykinorblina.pl\/index.php?rest_route=\/wp\/v2\/media\/7558"}],"wp:attachment":[{"href":"https:\/\/muzeumfabrykinorblina.pl\/index.php?rest_route=%2Fwp%2Fv2%2Fmedia&parent=7557"}],"wp:term":[{"taxonomy":"category","embeddable":true,"href":"https:\/\/muzeumfabrykinorblina.pl\/index.php?rest_route=%2Fwp%2Fv2%2Fcategories&post=7557"},{"taxonomy":"post_tag","embeddable":true,"href":"https:\/\/muzeumfabrykinorblina.pl\/index.php?rest_route=%2Fwp%2Fv2%2Ftags&post=7557"}],"curies":[{"name":"wp","href":"https:\/\/api.w.org\/{rel}","templated":true}]}}