{"id":7235,"date":"2026-04-23T12:09:08","date_gmt":"2026-04-23T10:09:08","guid":{"rendered":"https:\/\/muzeumfabrykinorblina.pl\/?p=7235"},"modified":"2026-07-13T17:44:56","modified_gmt":"2026-07-13T15:44:56","slug":"wspolna-oferta-trzech-muzeow-partnerstwo-na-rzecz-historii-woli","status":"publish","type":"post","link":"https:\/\/muzeumfabrykinorblina.pl\/?p=7235","title":{"rendered":"Wsp\u00f3lna oferta trzech muze\u00f3w. Partnerstwo na rzecz historii Woli."},"content":{"rendered":"\n<p class=\"wp-block-paragraph\"><strong><strong>Muzeum Fabryki Norblina, Stacja Muzeum i Muzeum Gazowni Warszawskiej rozwijaj\u0105 wsp\u00f3\u0142prac\u0119, tworz\u0105c wsp\u00f3ln\u0105 ofert\u0119, kt\u00f3ra pozwala odkrywa\u0107 przemys\u0142ow\u0105 histori\u0119 dzielnicy w nowy spos\u00f3b.<\/strong><\/strong><\/p>\n\n\n\n<p class=\"wp-block-paragraph\">Warszawska Wola to dzielnica o wyj\u0105tkowo bogatej historii przemys\u0142owej. Wsp\u00f3\u0142praca Muzeum Fabryki Norblina, Stacji Muzeum oraz Muzeum Gazowni Warszawskiej przybra\u0142a realny wymiar w postaci wsp\u00f3lnych projekt\u00f3w skierowanych do mieszka\u0144c\u00f3w i odwiedzaj\u0105cych Warszaw\u0119.<\/p>\n\n\n\n<p class=\"wp-block-paragraph\">Jednym z pierwszych efekt\u00f3w partnerstwa jest <strong>wsp\u00f3lny bilet<\/strong>, kt\u00f3ry \u0142\u0105czy trzy instytucje i zach\u0119ca do poznawania historii Woli w spos\u00f3b ca\u0142o\u015bciowy \u2013 od kolei, przez gazownictwo, po przemys\u0142 metalurgiczny. To rozwi\u0105zanie pokazuje, jak wsp\u00f3\u0142dzia\u0142anie muze\u00f3w mo\u017ce przek\u0142ada\u0107 si\u0119 na konkretne do\u015bwiadczenie odbiorcy.<\/p>\n\n\n\n<p class=\"wp-block-paragraph\">Kolejnym krokiem we wsp\u00f3lnym dzia\u0142aniu jest rozwijany projekt <strong>Szlaku Fabrycznego Warszawskiej Woli<\/strong> \u2013 trasy, kt\u00f3ra po\u0142\u0105czy przestrzenie muzealne z zachowanymi reliktami przemys\u0142owymi dzielnicy, tworz\u0105c sp\u00f3jn\u0105 opowie\u015b\u0107 o jej to\u017csamo\u015bci.<\/p>\n\n\n\n<p class=\"wp-block-paragraph\">Partnerstwo trzech muze\u00f3w to przyk\u0142ad d\u0142ugofalowej wsp\u00f3\u0142pracy, kt\u00f3rej celem jest nie tylko popularyzacja historii, ale tak\u017ce budowanie nowoczesnej, zintegrowanej oferty kulturalnej dla miasta.<\/p>\n\n\n<!-- wp:themify-builder\/canvas \/-->","protected":false},"excerpt":{"rendered":"<p>Muzeum Fabryki Norblina, Stacja Muzeum i Muzeum Gazowni Warszawskiej rozwijaj\u0105 wsp\u00f3\u0142prac\u0119, tworz\u0105c wsp\u00f3ln\u0105 ofert\u0119, kt\u00f3ra pozwala odkrywa\u0107 przemys\u0142ow\u0105 histori\u0119 dzielnicy w nowy spos\u00f3b. Warszawska Wola to dzielnica o wyj\u0105tkowo bogatej historii przemys\u0142owej. Wsp\u00f3\u0142praca Muzeum Fabryki Norblina, Stacji Muzeum oraz Muzeum Gazowni Warszawskiej przybra\u0142a realny wymiar w postaci wsp\u00f3lnych projekt\u00f3w skierowanych do mieszka\u0144c\u00f3w i odwiedzaj\u0105cych Warszaw\u0119. [&hellip;]<\/p>\n","protected":false},"author":1,"featured_media":7239,"comment_status":"closed","ping_status":"closed","sticky":false,"template":"","format":"standard","meta":{"_acf_changed":false,"_monsterinsights_skip_tracking":false,"footnotes":""},"categories":[163],"tags":[],"class_list":["post-7235","post","type-post","status-publish","format-standard","has-post-thumbnail","hentry","category-partnerzy","has-post-title","has-post-date","has-post-category","has-post-tag","has-post-comment","has-post-author",""],"acf":[],"yoast_head":"<!-- This site is optimized with the Yoast SEO plugin v28.2 - https:\/\/yoast.com\/product\/yoast-seo-wordpress\/ -->\n<title>Wsp\u00f3lna oferta trzech muze\u00f3w. Partnerstwo na rzecz historii Woli. | Muzeum Fabryki Norblina<\/title>\n<meta name=\"description\" content=\"Konferencja \u201eJedna historia \u2013 trzy muzea\u201d pokazuje, jak wsp\u00f3\u0142praca trzech instytucji tworzy sp\u00f3jn\u0105 i anga\u017cuj\u0105c\u0105 opowie\u015b\u0107 o przemys\u0142owej historii Woli.\" \/>\n<meta name=\"robots\" content=\"index, follow, max-snippet:-1, max-image-preview:large, max-video-preview:-1\" \/>\n<link rel=\"canonical\" href=\"https:\/\/muzeumfabrykinorblina.pl\/?p=7235\" \/>\n<meta property=\"og:locale\" content=\"pl_PL\" \/>\n<meta property=\"og:type\" content=\"article\" \/>\n<meta property=\"og:title\" content=\"Jedna historia - trzy muzea. Wsp\u00f3\u0142praca w praktyce.\" \/>\n<meta property=\"og:description\" content=\"Konferencja \u201eJedna historia \u2013 trzy muzea\u201d pokazuje, jak wsp\u00f3\u0142praca trzech instytucji tworzy sp\u00f3jn\u0105 i anga\u017cuj\u0105c\u0105 opowie\u015b\u0107 o przemys\u0142owej historii Woli.\" \/>\n<meta property=\"og:url\" content=\"https:\/\/muzeumfabrykinorblina.pl\/?p=7235\" \/>\n<meta property=\"og:site_name\" content=\"Muzeum Fabryki Norblina\" \/>\n<meta property=\"article:publisher\" content=\"https:\/\/www.facebook.com\/MuzeumFabrykiNorblina\" \/>\n<meta property=\"article:published_time\" content=\"2026-04-23T10:09:08+00:00\" \/>\n<meta property=\"article:modified_time\" content=\"2026-07-13T15:44:56+00:00\" \/>\n<meta property=\"og:image\" content=\"http:\/\/muzeumfabrykinorblina.pl\/wp-content\/uploads\/2026\/04\/MFN_Partnerzy_1200x630_02.jpg\" \/>\n\t<meta property=\"og:image:width\" content=\"1200\" \/>\n\t<meta property=\"og:image:height\" content=\"630\" \/>\n\t<meta property=\"og:image:type\" content=\"image\/jpeg\" \/>\n<meta name=\"author\" content=\"Pawe\u0142 Durka\" \/>\n<meta name=\"twitter:card\" content=\"summary_large_image\" \/>\n<meta name=\"twitter:title\" content=\"Jedna historia - trzy muzea. Wsp\u00f3\u0142praca w praktyce.\" \/>\n<meta name=\"twitter:description\" content=\"Konferencja \u201eJedna historia \u2013 trzy muzea\u201d pokazuje, jak wsp\u00f3\u0142praca trzech instytucji tworzy sp\u00f3jn\u0105 i anga\u017cuj\u0105c\u0105 opowie\u015b\u0107 o przemys\u0142owej historii Woli.\" \/>\n<meta name=\"twitter:label1\" content=\"Napisane przez\" \/>\n\t<meta name=\"twitter:data1\" content=\"Pawe\u0142 Durka\" \/>\n\t<meta name=\"twitter:label2\" content=\"Szacowany czas czytania\" \/>\n\t<meta name=\"twitter:data2\" content=\"2 minuty\" \/>\n<script type=\"application\/ld+json\" class=\"yoast-schema-graph\">{\"@context\":\"https:\\\/\\\/schema.org\",\"@graph\":[{\"@type\":\"Article\",\"@id\":\"https:\\\/\\\/muzeumfabrykinorblina.pl\\\/?p=7235#article\",\"isPartOf\":{\"@id\":\"https:\\\/\\\/muzeumfabrykinorblina.pl\\\/?p=7235\"},\"author\":{\"name\":\"Pawe\u0142 Durka\",\"@id\":\"https:\\\/\\\/muzeumfabrykinorblina.pl\\\/#\\\/schema\\\/person\\\/0938cd3099cfa22b49acc1cd4cfe55f4\"},\"headline\":\"Wsp\u00f3lna oferta trzech muze\u00f3w. Partnerstwo na rzecz historii Woli.\",\"datePublished\":\"2026-04-23T10:09:08+00:00\",\"dateModified\":\"2026-07-13T15:44:56+00:00\",\"mainEntityOfPage\":{\"@id\":\"https:\\\/\\\/muzeumfabrykinorblina.pl\\\/?p=7235\"},\"wordCount\":202,\"publisher\":{\"@id\":\"https:\\\/\\\/muzeumfabrykinorblina.pl\\\/#organization\"},\"image\":{\"@id\":\"https:\\\/\\\/muzeumfabrykinorblina.pl\\\/?p=7235#primaryimage\"},\"thumbnailUrl\":\"https:\\\/\\\/muzeumfabrykinorblina.pl\\\/wp-content\\\/uploads\\\/2026\\\/04\\\/MFN_Partnerzy_1200x630_02.jpg\",\"articleSection\":[\"Partnerzy\"],\"inLanguage\":\"pl-PL\"},{\"@type\":\"WebPage\",\"@id\":\"https:\\\/\\\/muzeumfabrykinorblina.pl\\\/?p=7235\",\"url\":\"https:\\\/\\\/muzeumfabrykinorblina.pl\\\/?p=7235\",\"name\":\"Wsp\u00f3lna oferta trzech muze\u00f3w. Partnerstwo na rzecz historii Woli. | Muzeum Fabryki Norblina\",\"isPartOf\":{\"@id\":\"https:\\\/\\\/muzeumfabrykinorblina.pl\\\/#website\"},\"primaryImageOfPage\":{\"@id\":\"https:\\\/\\\/muzeumfabrykinorblina.pl\\\/?p=7235#primaryimage\"},\"image\":{\"@id\":\"https:\\\/\\\/muzeumfabrykinorblina.pl\\\/?p=7235#primaryimage\"},\"thumbnailUrl\":\"https:\\\/\\\/muzeumfabrykinorblina.pl\\\/wp-content\\\/uploads\\\/2026\\\/04\\\/MFN_Partnerzy_1200x630_02.jpg\",\"datePublished\":\"2026-04-23T10:09:08+00:00\",\"dateModified\":\"2026-07-13T15:44:56+00:00\",\"description\":\"Konferencja \u201eJedna historia \u2013 trzy muzea\u201d pokazuje, jak wsp\u00f3\u0142praca trzech instytucji tworzy sp\u00f3jn\u0105 i anga\u017cuj\u0105c\u0105 opowie\u015b\u0107 o przemys\u0142owej historii Woli.\",\"breadcrumb\":{\"@id\":\"https:\\\/\\\/muzeumfabrykinorblina.pl\\\/?p=7235#breadcrumb\"},\"inLanguage\":\"pl-PL\",\"potentialAction\":[{\"@type\":\"ReadAction\",\"target\":[\"https:\\\/\\\/muzeumfabrykinorblina.pl\\\/?p=7235\"]}]},{\"@type\":\"ImageObject\",\"inLanguage\":\"pl-PL\",\"@id\":\"https:\\\/\\\/muzeumfabrykinorblina.pl\\\/?p=7235#primaryimage\",\"url\":\"https:\\\/\\\/muzeumfabrykinorblina.pl\\\/wp-content\\\/uploads\\\/2026\\\/04\\\/MFN_Partnerzy_1200x630_02.jpg\",\"contentUrl\":\"https:\\\/\\\/muzeumfabrykinorblina.pl\\\/wp-content\\\/uploads\\\/2026\\\/04\\\/MFN_Partnerzy_1200x630_02.jpg\",\"width\":1200,\"height\":630},{\"@type\":\"BreadcrumbList\",\"@id\":\"https:\\\/\\\/muzeumfabrykinorblina.pl\\\/?p=7235#breadcrumb\",\"itemListElement\":[{\"@type\":\"ListItem\",\"position\":1,\"name\":\"Strona g\u0142\u00f3wna\",\"item\":\"https:\\\/\\\/muzeumfabrykinorblina.pl\\\/\"},{\"@type\":\"ListItem\",\"position\":2,\"name\":\"Wsp\u00f3lna oferta trzech muze\u00f3w. Partnerstwo na rzecz historii Woli.\"}]},{\"@type\":\"WebSite\",\"@id\":\"https:\\\/\\\/muzeumfabrykinorblina.pl\\\/#website\",\"url\":\"https:\\\/\\\/muzeumfabrykinorblina.pl\\\/\",\"name\":\"Muzeum Fabryki Norblina\",\"description\":\"Fabryka Norblina\",\"publisher\":{\"@id\":\"https:\\\/\\\/muzeumfabrykinorblina.pl\\\/#organization\"},\"potentialAction\":[{\"@type\":\"SearchAction\",\"target\":{\"@type\":\"EntryPoint\",\"urlTemplate\":\"https:\\\/\\\/muzeumfabrykinorblina.pl\\\/?s={search_term_string}\"},\"query-input\":{\"@type\":\"PropertyValueSpecification\",\"valueRequired\":true,\"valueName\":\"search_term_string\"}}],\"inLanguage\":\"pl-PL\"},{\"@type\":\"Organization\",\"@id\":\"https:\\\/\\\/muzeumfabrykinorblina.pl\\\/#organization\",\"name\":\"Muzeum Fabryki Norblina\",\"url\":\"https:\\\/\\\/muzeumfabrykinorblina.pl\\\/\",\"logo\":{\"@type\":\"ImageObject\",\"inLanguage\":\"pl-PL\",\"@id\":\"https:\\\/\\\/muzeumfabrykinorblina.pl\\\/#\\\/schema\\\/logo\\\/image\\\/\",\"url\":\"https:\\\/\\\/muzeumfabrykinorblina.pl\\\/wp-content\\\/uploads\\\/2023\\\/11\\\/MFN_Featured-image_1200x675.jpg\",\"contentUrl\":\"https:\\\/\\\/muzeumfabrykinorblina.pl\\\/wp-content\\\/uploads\\\/2023\\\/11\\\/MFN_Featured-image_1200x675.jpg\",\"width\":1200,\"height\":675,\"caption\":\"Muzeum Fabryki Norblina\"},\"image\":{\"@id\":\"https:\\\/\\\/muzeumfabrykinorblina.pl\\\/#\\\/schema\\\/logo\\\/image\\\/\"},\"sameAs\":[\"https:\\\/\\\/www.facebook.com\\\/MuzeumFabrykiNorblina\",\"https:\\\/\\\/www.instagram.com\\\/muzeumfabrykinorblina\\\/\"]},{\"@type\":\"Person\",\"@id\":\"https:\\\/\\\/muzeumfabrykinorblina.pl\\\/#\\\/schema\\\/person\\\/0938cd3099cfa22b49acc1cd4cfe55f4\",\"name\":\"Pawe\u0142 Durka\",\"image\":{\"@type\":\"ImageObject\",\"inLanguage\":\"pl-PL\",\"@id\":\"https:\\\/\\\/secure.gravatar.com\\\/avatar\\\/17861b77f0b68711665fe1e8e67ddc567ab523acd30a7535eec485fb2e8c92ff?s=96&d=mm&r=g\",\"url\":\"https:\\\/\\\/secure.gravatar.com\\\/avatar\\\/17861b77f0b68711665fe1e8e67ddc567ab523acd30a7535eec485fb2e8c92ff?s=96&d=mm&r=g\",\"contentUrl\":\"https:\\\/\\\/secure.gravatar.com\\\/avatar\\\/17861b77f0b68711665fe1e8e67ddc567ab523acd30a7535eec485fb2e8c92ff?s=96&d=mm&r=g\",\"caption\":\"Pawe\u0142 Durka\"},\"sameAs\":[\"https:\\\/\\\/muzeumfabrykinorblina.pl\"],\"url\":\"https:\\\/\\\/muzeumfabrykinorblina.pl\\\/?author=1\"}]}<\/script>\n<!-- \/ Yoast SEO plugin. -->","yoast_head_json":{"title":"Wsp\u00f3lna oferta trzech muze\u00f3w. Partnerstwo na rzecz historii Woli. | Muzeum Fabryki Norblina","description":"Konferencja \u201eJedna historia \u2013 trzy muzea\u201d pokazuje, jak wsp\u00f3\u0142praca trzech instytucji tworzy sp\u00f3jn\u0105 i anga\u017cuj\u0105c\u0105 opowie\u015b\u0107 o przemys\u0142owej historii Woli.","robots":{"index":"index","follow":"follow","max-snippet":"max-snippet:-1","max-image-preview":"max-image-preview:large","max-video-preview":"max-video-preview:-1"},"canonical":"https:\/\/muzeumfabrykinorblina.pl\/?p=7235","og_locale":"pl_PL","og_type":"article","og_title":"Jedna historia - trzy muzea. Wsp\u00f3\u0142praca w praktyce.","og_description":"Konferencja \u201eJedna historia \u2013 trzy muzea\u201d pokazuje, jak wsp\u00f3\u0142praca trzech instytucji tworzy sp\u00f3jn\u0105 i anga\u017cuj\u0105c\u0105 opowie\u015b\u0107 o przemys\u0142owej historii Woli.","og_url":"https:\/\/muzeumfabrykinorblina.pl\/?p=7235","og_site_name":"Muzeum Fabryki Norblina","article_publisher":"https:\/\/www.facebook.com\/MuzeumFabrykiNorblina","article_published_time":"2026-04-23T10:09:08+00:00","article_modified_time":"2026-07-13T15:44:56+00:00","og_image":[{"width":1200,"height":630,"url":"http:\/\/muzeumfabrykinorblina.pl\/wp-content\/uploads\/2026\/04\/MFN_Partnerzy_1200x630_02.jpg","type":"image\/jpeg"}],"author":"Pawe\u0142 Durka","twitter_card":"summary_large_image","twitter_title":"Jedna historia - trzy muzea. Wsp\u00f3\u0142praca w praktyce.","twitter_description":"Konferencja \u201eJedna historia \u2013 trzy muzea\u201d pokazuje, jak wsp\u00f3\u0142praca trzech instytucji tworzy sp\u00f3jn\u0105 i anga\u017cuj\u0105c\u0105 opowie\u015b\u0107 o przemys\u0142owej historii Woli.","twitter_misc":{"Napisane przez":"Pawe\u0142 Durka","Szacowany czas czytania":"2 minuty"},"schema":{"@context":"https:\/\/schema.org","@graph":[{"@type":"Article","@id":"https:\/\/muzeumfabrykinorblina.pl\/?p=7235#article","isPartOf":{"@id":"https:\/\/muzeumfabrykinorblina.pl\/?p=7235"},"author":{"name":"Pawe\u0142 Durka","@id":"https:\/\/muzeumfabrykinorblina.pl\/#\/schema\/person\/0938cd3099cfa22b49acc1cd4cfe55f4"},"headline":"Wsp\u00f3lna oferta trzech muze\u00f3w. Partnerstwo na rzecz historii Woli.","datePublished":"2026-04-23T10:09:08+00:00","dateModified":"2026-07-13T15:44:56+00:00","mainEntityOfPage":{"@id":"https:\/\/muzeumfabrykinorblina.pl\/?p=7235"},"wordCount":202,"publisher":{"@id":"https:\/\/muzeumfabrykinorblina.pl\/#organization"},"image":{"@id":"https:\/\/muzeumfabrykinorblina.pl\/?p=7235#primaryimage"},"thumbnailUrl":"https:\/\/muzeumfabrykinorblina.pl\/wp-content\/uploads\/2026\/04\/MFN_Partnerzy_1200x630_02.jpg","articleSection":["Partnerzy"],"inLanguage":"pl-PL"},{"@type":"WebPage","@id":"https:\/\/muzeumfabrykinorblina.pl\/?p=7235","url":"https:\/\/muzeumfabrykinorblina.pl\/?p=7235","name":"Wsp\u00f3lna oferta trzech muze\u00f3w. Partnerstwo na rzecz historii Woli. | Muzeum Fabryki Norblina","isPartOf":{"@id":"https:\/\/muzeumfabrykinorblina.pl\/#website"},"primaryImageOfPage":{"@id":"https:\/\/muzeumfabrykinorblina.pl\/?p=7235#primaryimage"},"image":{"@id":"https:\/\/muzeumfabrykinorblina.pl\/?p=7235#primaryimage"},"thumbnailUrl":"https:\/\/muzeumfabrykinorblina.pl\/wp-content\/uploads\/2026\/04\/MFN_Partnerzy_1200x630_02.jpg","datePublished":"2026-04-23T10:09:08+00:00","dateModified":"2026-07-13T15:44:56+00:00","description":"Konferencja \u201eJedna historia \u2013 trzy muzea\u201d pokazuje, jak wsp\u00f3\u0142praca trzech instytucji tworzy sp\u00f3jn\u0105 i anga\u017cuj\u0105c\u0105 opowie\u015b\u0107 o przemys\u0142owej historii Woli.","breadcrumb":{"@id":"https:\/\/muzeumfabrykinorblina.pl\/?p=7235#breadcrumb"},"inLanguage":"pl-PL","potentialAction":[{"@type":"ReadAction","target":["https:\/\/muzeumfabrykinorblina.pl\/?p=7235"]}]},{"@type":"ImageObject","inLanguage":"pl-PL","@id":"https:\/\/muzeumfabrykinorblina.pl\/?p=7235#primaryimage","url":"https:\/\/muzeumfabrykinorblina.pl\/wp-content\/uploads\/2026\/04\/MFN_Partnerzy_1200x630_02.jpg","contentUrl":"https:\/\/muzeumfabrykinorblina.pl\/wp-content\/uploads\/2026\/04\/MFN_Partnerzy_1200x630_02.jpg","width":1200,"height":630},{"@type":"BreadcrumbList","@id":"https:\/\/muzeumfabrykinorblina.pl\/?p=7235#breadcrumb","itemListElement":[{"@type":"ListItem","position":1,"name":"Strona g\u0142\u00f3wna","item":"https:\/\/muzeumfabrykinorblina.pl\/"},{"@type":"ListItem","position":2,"name":"Wsp\u00f3lna oferta trzech muze\u00f3w. Partnerstwo na rzecz historii Woli."}]},{"@type":"WebSite","@id":"https:\/\/muzeumfabrykinorblina.pl\/#website","url":"https:\/\/muzeumfabrykinorblina.pl\/","name":"Muzeum Fabryki Norblina","description":"Fabryka Norblina","publisher":{"@id":"https:\/\/muzeumfabrykinorblina.pl\/#organization"},"potentialAction":[{"@type":"SearchAction","target":{"@type":"EntryPoint","urlTemplate":"https:\/\/muzeumfabrykinorblina.pl\/?s={search_term_string}"},"query-input":{"@type":"PropertyValueSpecification","valueRequired":true,"valueName":"search_term_string"}}],"inLanguage":"pl-PL"},{"@type":"Organization","@id":"https:\/\/muzeumfabrykinorblina.pl\/#organization","name":"Muzeum Fabryki Norblina","url":"https:\/\/muzeumfabrykinorblina.pl\/","logo":{"@type":"ImageObject","inLanguage":"pl-PL","@id":"https:\/\/muzeumfabrykinorblina.pl\/#\/schema\/logo\/image\/","url":"https:\/\/muzeumfabrykinorblina.pl\/wp-content\/uploads\/2023\/11\/MFN_Featured-image_1200x675.jpg","contentUrl":"https:\/\/muzeumfabrykinorblina.pl\/wp-content\/uploads\/2023\/11\/MFN_Featured-image_1200x675.jpg","width":1200,"height":675,"caption":"Muzeum Fabryki Norblina"},"image":{"@id":"https:\/\/muzeumfabrykinorblina.pl\/#\/schema\/logo\/image\/"},"sameAs":["https:\/\/www.facebook.com\/MuzeumFabrykiNorblina","https:\/\/www.instagram.com\/muzeumfabrykinorblina\/"]},{"@type":"Person","@id":"https:\/\/muzeumfabrykinorblina.pl\/#\/schema\/person\/0938cd3099cfa22b49acc1cd4cfe55f4","name":"Pawe\u0142 Durka","image":{"@type":"ImageObject","inLanguage":"pl-PL","@id":"https:\/\/secure.gravatar.com\/avatar\/17861b77f0b68711665fe1e8e67ddc567ab523acd30a7535eec485fb2e8c92ff?s=96&d=mm&r=g","url":"https:\/\/secure.gravatar.com\/avatar\/17861b77f0b68711665fe1e8e67ddc567ab523acd30a7535eec485fb2e8c92ff?s=96&d=mm&r=g","contentUrl":"https:\/\/secure.gravatar.com\/avatar\/17861b77f0b68711665fe1e8e67ddc567ab523acd30a7535eec485fb2e8c92ff?s=96&d=mm&r=g","caption":"Pawe\u0142 Durka"},"sameAs":["https:\/\/muzeumfabrykinorblina.pl"],"url":"https:\/\/muzeumfabrykinorblina.pl\/?author=1"}]}},"lang":"pl","translations":{"pl":7235},"builder_content":"","pll_sync_post":{},"_links":{"self":[{"href":"https:\/\/muzeumfabrykinorblina.pl\/index.php?rest_route=\/wp\/v2\/posts\/7235","targetHints":{"allow":["GET"]}}],"collection":[{"href":"https:\/\/muzeumfabrykinorblina.pl\/index.php?rest_route=\/wp\/v2\/posts"}],"about":[{"href":"https:\/\/muzeumfabrykinorblina.pl\/index.php?rest_route=\/wp\/v2\/types\/post"}],"author":[{"embeddable":true,"href":"https:\/\/muzeumfabrykinorblina.pl\/index.php?rest_route=\/wp\/v2\/users\/1"}],"replies":[{"embeddable":true,"href":"https:\/\/muzeumfabrykinorblina.pl\/index.php?rest_route=%2Fwp%2Fv2%2Fcomments&post=7235"}],"version-history":[{"count":4,"href":"https:\/\/muzeumfabrykinorblina.pl\/index.php?rest_route=\/wp\/v2\/posts\/7235\/revisions"}],"predecessor-version":[{"id":7242,"href":"https:\/\/muzeumfabrykinorblina.pl\/index.php?rest_route=\/wp\/v2\/posts\/7235\/revisions\/7242"}],"wp:featuredmedia":[{"embeddable":true,"href":"https:\/\/muzeumfabrykinorblina.pl\/index.php?rest_route=\/wp\/v2\/media\/7239"}],"wp:attachment":[{"href":"https:\/\/muzeumfabrykinorblina.pl\/index.php?rest_route=%2Fwp%2Fv2%2Fmedia&parent=7235"}],"wp:term":[{"taxonomy":"category","embeddable":true,"href":"https:\/\/muzeumfabrykinorblina.pl\/index.php?rest_route=%2Fwp%2Fv2%2Fcategories&post=7235"},{"taxonomy":"post_tag","embeddable":true,"href":"https:\/\/muzeumfabrykinorblina.pl\/index.php?rest_route=%2Fwp%2Fv2%2Ftags&post=7235"}],"curies":[{"name":"wp","href":"https:\/\/api.w.org\/{rel}","templated":true}]}}