{"id":7198,"date":"2026-04-23T11:20:19","date_gmt":"2026-04-23T09:20:19","guid":{"rendered":"https:\/\/muzeumfabrykinorblina.pl\/?p=7198"},"modified":"2026-07-13T17:45:46","modified_gmt":"2026-07-13T15:45:46","slug":"jedna-historia-trzy-muzea-wspolpraca-w-praktyce","status":"publish","type":"post","link":"https:\/\/muzeumfabrykinorblina.pl\/?p=7198","title":{"rendered":"Jedna historia &#8211; trzy muzea. Wsp\u00f3\u0142praca w praktyce."},"content":{"rendered":"\n<p class=\"wp-block-paragraph\"><strong>Muzeum Fabryki Norblina, Muzeum Gazowni Warszawskiej i Stacja Muzeum po\u0142\u0105czy\u0142y si\u0142y, organizuj\u0105c wsp\u00f3lne wydarzenie edukacyjne dla nauczycieli.&nbsp;<\/strong><\/p>\n\n\n\n<p class=\"wp-block-paragraph\">Konferencja \u201eJedna historia \u2013 trzy muzea\u201d by\u0142a jednym z pierwszych wsp\u00f3lnych dzia\u0142a\u0144 Muzeum Fabryki Norblina, Muzeum Gazowni Warszawskiej oraz Stacji Muzeum. Jej celem by\u0142o nie tylko zaprezentowanie oferty edukacyjnej, ale przede wszystkim pokazanie, jak wsp\u00f3\u0142praca instytucji kultury mo\u017ce wzmacnia\u0107 spos\u00f3b opowiadania o historii miasta.<\/p>\n\n\n\n<p class=\"wp-block-paragraph\">Po\u0142\u0105czenie trzech perspektyw \u2013 kolejowej, gazowniczej i metalurgicznej \u2013 pozwoli\u0142o stworzy\u0107 sp\u00f3jn\u0105 narracj\u0119 o przemys\u0142owej Woli. W trakcie spotkania zaprezentowano programy edukacyjne, kt\u00f3re \u2013 cho\u0107 realizowane w r\u00f3\u017cnych miejscach \u2013 uzupe\u0142niaj\u0105 si\u0119 i tworz\u0105 wsp\u00f3ln\u0105 propozycj\u0119 dla szk\u00f3\u0142 i nauczycieli.<\/p>\n\n\n\n<p class=\"wp-block-paragraph\">Wydarzenie sta\u0142o si\u0119 tak\u017ce przestrzeni\u0105 dialogu mi\u0119dzy muzeami a \u015brodowiskiem edukacyjnym, potwierdzaj\u0105c, \u017ce wsp\u00f3\u0142dzia\u0142anie instytucji kultury pozwala budowa\u0107 bardziej kompleksow\u0105 i anga\u017cuj\u0105c\u0105 ofert\u0119.<\/p>\n\n\n\n<p class=\"wp-block-paragraph\">To przyk\u0142ad partnerstwa, kt\u00f3re wykracza poza pojedyncze wydarzenie i stanowi fundament dalszych, wsp\u00f3lnych projekt\u00f3w.<\/p>\n\n\n<!-- wp:themify-builder\/canvas \/-->","protected":false},"excerpt":{"rendered":"<p>Muzeum Fabryki Norblina, Muzeum Gazowni Warszawskiej i Stacja Muzeum po\u0142\u0105czy\u0142y si\u0142y, organizuj\u0105c wsp\u00f3lne wydarzenie edukacyjne dla nauczycieli.&nbsp; Konferencja \u201eJedna historia \u2013 trzy muzea\u201d by\u0142a jednym z pierwszych wsp\u00f3lnych dzia\u0142a\u0144 Muzeum Fabryki Norblina, Muzeum Gazowni Warszawskiej oraz Stacji Muzeum. Jej celem by\u0142o nie tylko zaprezentowanie oferty edukacyjnej, ale przede wszystkim pokazanie, jak wsp\u00f3\u0142praca instytucji kultury mo\u017ce [&hellip;]<\/p>\n","protected":false},"author":1,"featured_media":7209,"comment_status":"closed","ping_status":"closed","sticky":false,"template":"","format":"standard","meta":{"_acf_changed":false,"_monsterinsights_skip_tracking":false,"footnotes":""},"categories":[163],"tags":[],"class_list":["post-7198","post","type-post","status-publish","format-standard","has-post-thumbnail","hentry","category-partnerzy","has-post-title","has-post-date","has-post-category","has-post-tag","has-post-comment","has-post-author",""],"acf":[],"yoast_head":"<!-- This site is optimized with the Yoast SEO plugin v28.2 - https:\/\/yoast.com\/product\/yoast-seo-wordpress\/ -->\n<title>Jedna historia - trzy muzea. Wsp\u00f3\u0142praca w praktyce. | Muzeum Fabryki Norblina<\/title>\n<meta name=\"description\" content=\"Konferencja \u201eJedna historia \u2013 trzy muzea\u201d pokazuje, jak wsp\u00f3\u0142praca trzech instytucji tworzy sp\u00f3jn\u0105 i anga\u017cuj\u0105c\u0105 opowie\u015b\u0107 o przemys\u0142owej historii Woli.\" \/>\n<meta name=\"robots\" content=\"index, follow, max-snippet:-1, max-image-preview:large, max-video-preview:-1\" \/>\n<link rel=\"canonical\" href=\"https:\/\/muzeumfabrykinorblina.pl\/?p=7198\" \/>\n<meta property=\"og:locale\" content=\"pl_PL\" \/>\n<meta property=\"og:type\" content=\"article\" \/>\n<meta property=\"og:title\" content=\"Jedna historia - trzy muzea. Wsp\u00f3\u0142praca w praktyce.\" \/>\n<meta property=\"og:description\" content=\"Konferencja \u201eJedna historia \u2013 trzy muzea\u201d pokazuje, jak wsp\u00f3\u0142praca trzech instytucji tworzy sp\u00f3jn\u0105 i anga\u017cuj\u0105c\u0105 opowie\u015b\u0107 o przemys\u0142owej historii Woli.\" \/>\n<meta property=\"og:url\" content=\"https:\/\/muzeumfabrykinorblina.pl\/?p=7198\" \/>\n<meta property=\"og:site_name\" content=\"Muzeum Fabryki Norblina\" \/>\n<meta property=\"article:publisher\" content=\"https:\/\/www.facebook.com\/MuzeumFabrykiNorblina\" \/>\n<meta property=\"article:published_time\" content=\"2026-04-23T09:20:19+00:00\" \/>\n<meta property=\"article:modified_time\" content=\"2026-07-13T15:45:46+00:00\" \/>\n<meta property=\"og:image\" content=\"https:\/\/muzeumfabrykinorblina.pl\/wp-content\/uploads\/2026\/04\/MFN_Partnerzy_1200x630_01.jpg\" \/>\n\t<meta property=\"og:image:width\" content=\"1200\" \/>\n\t<meta property=\"og:image:height\" content=\"630\" \/>\n\t<meta property=\"og:image:type\" content=\"image\/jpeg\" \/>\n<meta name=\"author\" content=\"Pawe\u0142 Durka\" \/>\n<meta name=\"twitter:card\" content=\"summary_large_image\" \/>\n<meta name=\"twitter:title\" content=\"Jedna historia - trzy muzea. Wsp\u00f3\u0142praca w praktyce.\" \/>\n<meta name=\"twitter:description\" content=\"Konferencja \u201eJedna historia \u2013 trzy muzea\u201d pokazuje, jak wsp\u00f3\u0142praca trzech instytucji tworzy sp\u00f3jn\u0105 i anga\u017cuj\u0105c\u0105 opowie\u015b\u0107 o przemys\u0142owej historii Woli.\" \/>\n<meta name=\"twitter:label1\" content=\"Napisane przez\" \/>\n\t<meta name=\"twitter:data1\" content=\"Pawe\u0142 Durka\" \/>\n\t<meta name=\"twitter:label2\" content=\"Szacowany czas czytania\" \/>\n\t<meta name=\"twitter:data2\" content=\"2 minuty\" \/>\n<script type=\"application\/ld+json\" class=\"yoast-schema-graph\">{\"@context\":\"https:\\\/\\\/schema.org\",\"@graph\":[{\"@type\":\"Article\",\"@id\":\"https:\\\/\\\/muzeumfabrykinorblina.pl\\\/?p=7198#article\",\"isPartOf\":{\"@id\":\"https:\\\/\\\/muzeumfabrykinorblina.pl\\\/?p=7198\"},\"author\":{\"name\":\"Pawe\u0142 Durka\",\"@id\":\"https:\\\/\\\/muzeumfabrykinorblina.pl\\\/#\\\/schema\\\/person\\\/0938cd3099cfa22b49acc1cd4cfe55f4\"},\"headline\":\"Jedna historia &#8211; trzy muzea. Wsp\u00f3\u0142praca w praktyce.\",\"datePublished\":\"2026-04-23T09:20:19+00:00\",\"dateModified\":\"2026-07-13T15:45:46+00:00\",\"mainEntityOfPage\":{\"@id\":\"https:\\\/\\\/muzeumfabrykinorblina.pl\\\/?p=7198\"},\"wordCount\":175,\"publisher\":{\"@id\":\"https:\\\/\\\/muzeumfabrykinorblina.pl\\\/#organization\"},\"image\":{\"@id\":\"https:\\\/\\\/muzeumfabrykinorblina.pl\\\/?p=7198#primaryimage\"},\"thumbnailUrl\":\"https:\\\/\\\/muzeumfabrykinorblina.pl\\\/wp-content\\\/uploads\\\/2026\\\/04\\\/MFN_Partnerzy_1200x630_01.jpg\",\"articleSection\":[\"Partnerzy\"],\"inLanguage\":\"pl-PL\"},{\"@type\":\"WebPage\",\"@id\":\"https:\\\/\\\/muzeumfabrykinorblina.pl\\\/?p=7198\",\"url\":\"https:\\\/\\\/muzeumfabrykinorblina.pl\\\/?p=7198\",\"name\":\"Jedna historia - trzy muzea. Wsp\u00f3\u0142praca w praktyce. | Muzeum Fabryki Norblina\",\"isPartOf\":{\"@id\":\"https:\\\/\\\/muzeumfabrykinorblina.pl\\\/#website\"},\"primaryImageOfPage\":{\"@id\":\"https:\\\/\\\/muzeumfabrykinorblina.pl\\\/?p=7198#primaryimage\"},\"image\":{\"@id\":\"https:\\\/\\\/muzeumfabrykinorblina.pl\\\/?p=7198#primaryimage\"},\"thumbnailUrl\":\"https:\\\/\\\/muzeumfabrykinorblina.pl\\\/wp-content\\\/uploads\\\/2026\\\/04\\\/MFN_Partnerzy_1200x630_01.jpg\",\"datePublished\":\"2026-04-23T09:20:19+00:00\",\"dateModified\":\"2026-07-13T15:45:46+00:00\",\"description\":\"Konferencja \u201eJedna historia \u2013 trzy muzea\u201d pokazuje, jak wsp\u00f3\u0142praca trzech instytucji tworzy sp\u00f3jn\u0105 i anga\u017cuj\u0105c\u0105 opowie\u015b\u0107 o przemys\u0142owej historii Woli.\",\"breadcrumb\":{\"@id\":\"https:\\\/\\\/muzeumfabrykinorblina.pl\\\/?p=7198#breadcrumb\"},\"inLanguage\":\"pl-PL\",\"potentialAction\":[{\"@type\":\"ReadAction\",\"target\":[\"https:\\\/\\\/muzeumfabrykinorblina.pl\\\/?p=7198\"]}]},{\"@type\":\"ImageObject\",\"inLanguage\":\"pl-PL\",\"@id\":\"https:\\\/\\\/muzeumfabrykinorblina.pl\\\/?p=7198#primaryimage\",\"url\":\"https:\\\/\\\/muzeumfabrykinorblina.pl\\\/wp-content\\\/uploads\\\/2026\\\/04\\\/MFN_Partnerzy_1200x630_01.jpg\",\"contentUrl\":\"https:\\\/\\\/muzeumfabrykinorblina.pl\\\/wp-content\\\/uploads\\\/2026\\\/04\\\/MFN_Partnerzy_1200x630_01.jpg\",\"width\":1200,\"height\":630},{\"@type\":\"BreadcrumbList\",\"@id\":\"https:\\\/\\\/muzeumfabrykinorblina.pl\\\/?p=7198#breadcrumb\",\"itemListElement\":[{\"@type\":\"ListItem\",\"position\":1,\"name\":\"Strona g\u0142\u00f3wna\",\"item\":\"https:\\\/\\\/muzeumfabrykinorblina.pl\\\/\"},{\"@type\":\"ListItem\",\"position\":2,\"name\":\"Jedna historia &#8211; trzy muzea. Wsp\u00f3\u0142praca w praktyce.\"}]},{\"@type\":\"WebSite\",\"@id\":\"https:\\\/\\\/muzeumfabrykinorblina.pl\\\/#website\",\"url\":\"https:\\\/\\\/muzeumfabrykinorblina.pl\\\/\",\"name\":\"Muzeum Fabryki Norblina\",\"description\":\"Fabryka Norblina\",\"publisher\":{\"@id\":\"https:\\\/\\\/muzeumfabrykinorblina.pl\\\/#organization\"},\"potentialAction\":[{\"@type\":\"SearchAction\",\"target\":{\"@type\":\"EntryPoint\",\"urlTemplate\":\"https:\\\/\\\/muzeumfabrykinorblina.pl\\\/?s={search_term_string}\"},\"query-input\":{\"@type\":\"PropertyValueSpecification\",\"valueRequired\":true,\"valueName\":\"search_term_string\"}}],\"inLanguage\":\"pl-PL\"},{\"@type\":\"Organization\",\"@id\":\"https:\\\/\\\/muzeumfabrykinorblina.pl\\\/#organization\",\"name\":\"Muzeum Fabryki Norblina\",\"url\":\"https:\\\/\\\/muzeumfabrykinorblina.pl\\\/\",\"logo\":{\"@type\":\"ImageObject\",\"inLanguage\":\"pl-PL\",\"@id\":\"https:\\\/\\\/muzeumfabrykinorblina.pl\\\/#\\\/schema\\\/logo\\\/image\\\/\",\"url\":\"https:\\\/\\\/muzeumfabrykinorblina.pl\\\/wp-content\\\/uploads\\\/2023\\\/11\\\/MFN_Featured-image_1200x675.jpg\",\"contentUrl\":\"https:\\\/\\\/muzeumfabrykinorblina.pl\\\/wp-content\\\/uploads\\\/2023\\\/11\\\/MFN_Featured-image_1200x675.jpg\",\"width\":1200,\"height\":675,\"caption\":\"Muzeum Fabryki Norblina\"},\"image\":{\"@id\":\"https:\\\/\\\/muzeumfabrykinorblina.pl\\\/#\\\/schema\\\/logo\\\/image\\\/\"},\"sameAs\":[\"https:\\\/\\\/www.facebook.com\\\/MuzeumFabrykiNorblina\",\"https:\\\/\\\/www.instagram.com\\\/muzeumfabrykinorblina\\\/\"]},{\"@type\":\"Person\",\"@id\":\"https:\\\/\\\/muzeumfabrykinorblina.pl\\\/#\\\/schema\\\/person\\\/0938cd3099cfa22b49acc1cd4cfe55f4\",\"name\":\"Pawe\u0142 Durka\",\"image\":{\"@type\":\"ImageObject\",\"inLanguage\":\"pl-PL\",\"@id\":\"https:\\\/\\\/secure.gravatar.com\\\/avatar\\\/17861b77f0b68711665fe1e8e67ddc567ab523acd30a7535eec485fb2e8c92ff?s=96&d=mm&r=g\",\"url\":\"https:\\\/\\\/secure.gravatar.com\\\/avatar\\\/17861b77f0b68711665fe1e8e67ddc567ab523acd30a7535eec485fb2e8c92ff?s=96&d=mm&r=g\",\"contentUrl\":\"https:\\\/\\\/secure.gravatar.com\\\/avatar\\\/17861b77f0b68711665fe1e8e67ddc567ab523acd30a7535eec485fb2e8c92ff?s=96&d=mm&r=g\",\"caption\":\"Pawe\u0142 Durka\"},\"sameAs\":[\"https:\\\/\\\/muzeumfabrykinorblina.pl\"],\"url\":\"https:\\\/\\\/muzeumfabrykinorblina.pl\\\/?author=1\"}]}<\/script>\n<!-- \/ Yoast SEO plugin. -->","yoast_head_json":{"title":"Jedna historia - trzy muzea. Wsp\u00f3\u0142praca w praktyce. | Muzeum Fabryki Norblina","description":"Konferencja \u201eJedna historia \u2013 trzy muzea\u201d pokazuje, jak wsp\u00f3\u0142praca trzech instytucji tworzy sp\u00f3jn\u0105 i anga\u017cuj\u0105c\u0105 opowie\u015b\u0107 o przemys\u0142owej historii Woli.","robots":{"index":"index","follow":"follow","max-snippet":"max-snippet:-1","max-image-preview":"max-image-preview:large","max-video-preview":"max-video-preview:-1"},"canonical":"https:\/\/muzeumfabrykinorblina.pl\/?p=7198","og_locale":"pl_PL","og_type":"article","og_title":"Jedna historia - trzy muzea. Wsp\u00f3\u0142praca w praktyce.","og_description":"Konferencja \u201eJedna historia \u2013 trzy muzea\u201d pokazuje, jak wsp\u00f3\u0142praca trzech instytucji tworzy sp\u00f3jn\u0105 i anga\u017cuj\u0105c\u0105 opowie\u015b\u0107 o przemys\u0142owej historii Woli.","og_url":"https:\/\/muzeumfabrykinorblina.pl\/?p=7198","og_site_name":"Muzeum Fabryki Norblina","article_publisher":"https:\/\/www.facebook.com\/MuzeumFabrykiNorblina","article_published_time":"2026-04-23T09:20:19+00:00","article_modified_time":"2026-07-13T15:45:46+00:00","og_image":[{"width":1200,"height":630,"url":"https:\/\/muzeumfabrykinorblina.pl\/wp-content\/uploads\/2026\/04\/MFN_Partnerzy_1200x630_01.jpg","type":"image\/jpeg"}],"author":"Pawe\u0142 Durka","twitter_card":"summary_large_image","twitter_title":"Jedna historia - trzy muzea. Wsp\u00f3\u0142praca w praktyce.","twitter_description":"Konferencja \u201eJedna historia \u2013 trzy muzea\u201d pokazuje, jak wsp\u00f3\u0142praca trzech instytucji tworzy sp\u00f3jn\u0105 i anga\u017cuj\u0105c\u0105 opowie\u015b\u0107 o przemys\u0142owej historii Woli.","twitter_misc":{"Napisane przez":"Pawe\u0142 Durka","Szacowany czas czytania":"2 minuty"},"schema":{"@context":"https:\/\/schema.org","@graph":[{"@type":"Article","@id":"https:\/\/muzeumfabrykinorblina.pl\/?p=7198#article","isPartOf":{"@id":"https:\/\/muzeumfabrykinorblina.pl\/?p=7198"},"author":{"name":"Pawe\u0142 Durka","@id":"https:\/\/muzeumfabrykinorblina.pl\/#\/schema\/person\/0938cd3099cfa22b49acc1cd4cfe55f4"},"headline":"Jedna historia &#8211; trzy muzea. Wsp\u00f3\u0142praca w praktyce.","datePublished":"2026-04-23T09:20:19+00:00","dateModified":"2026-07-13T15:45:46+00:00","mainEntityOfPage":{"@id":"https:\/\/muzeumfabrykinorblina.pl\/?p=7198"},"wordCount":175,"publisher":{"@id":"https:\/\/muzeumfabrykinorblina.pl\/#organization"},"image":{"@id":"https:\/\/muzeumfabrykinorblina.pl\/?p=7198#primaryimage"},"thumbnailUrl":"https:\/\/muzeumfabrykinorblina.pl\/wp-content\/uploads\/2026\/04\/MFN_Partnerzy_1200x630_01.jpg","articleSection":["Partnerzy"],"inLanguage":"pl-PL"},{"@type":"WebPage","@id":"https:\/\/muzeumfabrykinorblina.pl\/?p=7198","url":"https:\/\/muzeumfabrykinorblina.pl\/?p=7198","name":"Jedna historia - trzy muzea. Wsp\u00f3\u0142praca w praktyce. | Muzeum Fabryki Norblina","isPartOf":{"@id":"https:\/\/muzeumfabrykinorblina.pl\/#website"},"primaryImageOfPage":{"@id":"https:\/\/muzeumfabrykinorblina.pl\/?p=7198#primaryimage"},"image":{"@id":"https:\/\/muzeumfabrykinorblina.pl\/?p=7198#primaryimage"},"thumbnailUrl":"https:\/\/muzeumfabrykinorblina.pl\/wp-content\/uploads\/2026\/04\/MFN_Partnerzy_1200x630_01.jpg","datePublished":"2026-04-23T09:20:19+00:00","dateModified":"2026-07-13T15:45:46+00:00","description":"Konferencja \u201eJedna historia \u2013 trzy muzea\u201d pokazuje, jak wsp\u00f3\u0142praca trzech instytucji tworzy sp\u00f3jn\u0105 i anga\u017cuj\u0105c\u0105 opowie\u015b\u0107 o przemys\u0142owej historii Woli.","breadcrumb":{"@id":"https:\/\/muzeumfabrykinorblina.pl\/?p=7198#breadcrumb"},"inLanguage":"pl-PL","potentialAction":[{"@type":"ReadAction","target":["https:\/\/muzeumfabrykinorblina.pl\/?p=7198"]}]},{"@type":"ImageObject","inLanguage":"pl-PL","@id":"https:\/\/muzeumfabrykinorblina.pl\/?p=7198#primaryimage","url":"https:\/\/muzeumfabrykinorblina.pl\/wp-content\/uploads\/2026\/04\/MFN_Partnerzy_1200x630_01.jpg","contentUrl":"https:\/\/muzeumfabrykinorblina.pl\/wp-content\/uploads\/2026\/04\/MFN_Partnerzy_1200x630_01.jpg","width":1200,"height":630},{"@type":"BreadcrumbList","@id":"https:\/\/muzeumfabrykinorblina.pl\/?p=7198#breadcrumb","itemListElement":[{"@type":"ListItem","position":1,"name":"Strona g\u0142\u00f3wna","item":"https:\/\/muzeumfabrykinorblina.pl\/"},{"@type":"ListItem","position":2,"name":"Jedna historia &#8211; trzy muzea. Wsp\u00f3\u0142praca w praktyce."}]},{"@type":"WebSite","@id":"https:\/\/muzeumfabrykinorblina.pl\/#website","url":"https:\/\/muzeumfabrykinorblina.pl\/","name":"Muzeum Fabryki Norblina","description":"Fabryka Norblina","publisher":{"@id":"https:\/\/muzeumfabrykinorblina.pl\/#organization"},"potentialAction":[{"@type":"SearchAction","target":{"@type":"EntryPoint","urlTemplate":"https:\/\/muzeumfabrykinorblina.pl\/?s={search_term_string}"},"query-input":{"@type":"PropertyValueSpecification","valueRequired":true,"valueName":"search_term_string"}}],"inLanguage":"pl-PL"},{"@type":"Organization","@id":"https:\/\/muzeumfabrykinorblina.pl\/#organization","name":"Muzeum Fabryki Norblina","url":"https:\/\/muzeumfabrykinorblina.pl\/","logo":{"@type":"ImageObject","inLanguage":"pl-PL","@id":"https:\/\/muzeumfabrykinorblina.pl\/#\/schema\/logo\/image\/","url":"https:\/\/muzeumfabrykinorblina.pl\/wp-content\/uploads\/2023\/11\/MFN_Featured-image_1200x675.jpg","contentUrl":"https:\/\/muzeumfabrykinorblina.pl\/wp-content\/uploads\/2023\/11\/MFN_Featured-image_1200x675.jpg","width":1200,"height":675,"caption":"Muzeum Fabryki Norblina"},"image":{"@id":"https:\/\/muzeumfabrykinorblina.pl\/#\/schema\/logo\/image\/"},"sameAs":["https:\/\/www.facebook.com\/MuzeumFabrykiNorblina","https:\/\/www.instagram.com\/muzeumfabrykinorblina\/"]},{"@type":"Person","@id":"https:\/\/muzeumfabrykinorblina.pl\/#\/schema\/person\/0938cd3099cfa22b49acc1cd4cfe55f4","name":"Pawe\u0142 Durka","image":{"@type":"ImageObject","inLanguage":"pl-PL","@id":"https:\/\/secure.gravatar.com\/avatar\/17861b77f0b68711665fe1e8e67ddc567ab523acd30a7535eec485fb2e8c92ff?s=96&d=mm&r=g","url":"https:\/\/secure.gravatar.com\/avatar\/17861b77f0b68711665fe1e8e67ddc567ab523acd30a7535eec485fb2e8c92ff?s=96&d=mm&r=g","contentUrl":"https:\/\/secure.gravatar.com\/avatar\/17861b77f0b68711665fe1e8e67ddc567ab523acd30a7535eec485fb2e8c92ff?s=96&d=mm&r=g","caption":"Pawe\u0142 Durka"},"sameAs":["https:\/\/muzeumfabrykinorblina.pl"],"url":"https:\/\/muzeumfabrykinorblina.pl\/?author=1"}]}},"lang":"pl","translations":{"pl":7198},"builder_content":"","pll_sync_post":{},"_links":{"self":[{"href":"https:\/\/muzeumfabrykinorblina.pl\/index.php?rest_route=\/wp\/v2\/posts\/7198","targetHints":{"allow":["GET"]}}],"collection":[{"href":"https:\/\/muzeumfabrykinorblina.pl\/index.php?rest_route=\/wp\/v2\/posts"}],"about":[{"href":"https:\/\/muzeumfabrykinorblina.pl\/index.php?rest_route=\/wp\/v2\/types\/post"}],"author":[{"embeddable":true,"href":"https:\/\/muzeumfabrykinorblina.pl\/index.php?rest_route=\/wp\/v2\/users\/1"}],"replies":[{"embeddable":true,"href":"https:\/\/muzeumfabrykinorblina.pl\/index.php?rest_route=%2Fwp%2Fv2%2Fcomments&post=7198"}],"version-history":[{"count":6,"href":"https:\/\/muzeumfabrykinorblina.pl\/index.php?rest_route=\/wp\/v2\/posts\/7198\/revisions"}],"predecessor-version":[{"id":7213,"href":"https:\/\/muzeumfabrykinorblina.pl\/index.php?rest_route=\/wp\/v2\/posts\/7198\/revisions\/7213"}],"wp:featuredmedia":[{"embeddable":true,"href":"https:\/\/muzeumfabrykinorblina.pl\/index.php?rest_route=\/wp\/v2\/media\/7209"}],"wp:attachment":[{"href":"https:\/\/muzeumfabrykinorblina.pl\/index.php?rest_route=%2Fwp%2Fv2%2Fmedia&parent=7198"}],"wp:term":[{"taxonomy":"category","embeddable":true,"href":"https:\/\/muzeumfabrykinorblina.pl\/index.php?rest_route=%2Fwp%2Fv2%2Fcategories&post=7198"},{"taxonomy":"post_tag","embeddable":true,"href":"https:\/\/muzeumfabrykinorblina.pl\/index.php?rest_route=%2Fwp%2Fv2%2Ftags&post=7198"}],"curies":[{"name":"wp","href":"https:\/\/api.w.org\/{rel}","templated":true}]}}