{"id":7092,"date":"2026-03-12T09:00:00","date_gmt":"2026-03-12T08:00:00","guid":{"rendered":"https:\/\/muzeumfabrykinorblina.pl\/?p=7092"},"modified":"2026-03-11T19:56:26","modified_gmt":"2026-03-11T18:56:26","slug":"trzy-atrakcje-jedna-podroz-w-czasie-teraz-dostepne-terminy","status":"publish","type":"post","link":"https:\/\/muzeumfabrykinorblina.pl\/?p=7092","title":{"rendered":"\u201eTrzy atrakcje \u2013 jedna podr\u00f3\u017c w czasie\u201d \u2013 teraz dost\u0119pne terminy do ko\u0144ca kwietnia"},"content":{"rendered":"\n<p class=\"wp-block-paragraph\"><strong>Muzeum Fabryki Norblina i Muzeum \u017bycia w PRL zapraszaj\u0105 na wyj\u0105tkow\u0105 wycieczk\u0119 po Warszawie, kt\u00f3ra \u0142\u0105czy histori\u0119 przemys\u0142owej Woli, przejazd zabytkow\u0105 Nys\u0105 522 oraz wizyt\u0119 w muzeum po\u015bwi\u0119conym codzienno\u015bci PRL. Najbli\u017csze terminy wycieczek mo\u017cna ju\u017c rezerwowa\u0107 na naszej stronie internetowej \u2013 obecnie dost\u0119pne s\u0105 daty do ko\u0144ca kwietnia.<\/strong><\/p>\n\n\n\n<p class=\"wp-block-paragraph\">Warszawa ma wiele warstw historii \u2013 od przemys\u0142owego rozwoju XIX wieku, przez realia PRL, a\u017c po wsp\u00f3\u0142czesne miasto pe\u0142ne nowych funkcji i znacze\u0144. Wycieczka <strong>\u201eTrzy atrakcje \u2013 jedna podr\u00f3\u017c w czasie\u201d<\/strong> pozwala odkry\u0107 te r\u00f3\u017cne oblicza stolicy podczas jednego, 2,5-godzinnego programu zwiedzania.<\/p>\n\n\n\n<p class=\"wp-block-paragraph\">To wyj\u0105tkowa propozycja, podczas kt\u00f3rej \u2013 w ramach jednej trasy \u2013 uczestnicy poznaj\u0105 histori\u0119 przemys\u0142owej Woli, przejad\u0105 przez centrum miasta zabytkow\u0105 Nys\u0105 522 oraz odwiedz\u0105 muzeum po\u015bwi\u0119cone codzienno\u015bci drugiej po\u0142owy XX wieku.<\/p>\n\n\n\n<p class=\"wp-block-paragraph\"><strong>Start: Muzeum Fabryki Norblina<\/strong><\/p>\n\n\n\n<p class=\"wp-block-paragraph\">Wycieczka rozpoczyna si\u0119 w Muzeum Fabryki Norblina w punkcie <strong>Bilety\/Info w budynku Plater (poziom 0)<\/strong>. Pierwszym etapem jest oko\u0142o godzinna wizyta w muzeum prowadzona przez przewodnika \u2013 licencjonowanego przewodnika miejskiego lub aktora w stroju z epoki.<\/p>\n\n\n\n<p class=\"wp-block-paragraph\">Podczas zwiedzania uczestnicy poznaj\u0105 ponad <strong>200 lat historii miejsca<\/strong>, kt\u00f3re przez dziesi\u0119ciolecia by\u0142o jednym z najwa\u017cniejszych przedsi\u0119biorstw metalurgicznych w Kr\u00f3lestwie Polskim. W przestrzeni dawnych hal produkcyjnych mo\u017cna zobaczy\u0107 historyczne maszyny, relikty infrastruktury przemys\u0142owej oraz eksponaty zwi\u0105zane z produkcj\u0105 s\u0142ynnych plater\u00f3w Norblina.<\/p>\n\n\n\n<p class=\"wp-block-paragraph\"><strong>Przejazd zabytkow\u0105 Nys\u0105 522<\/strong><\/p>\n\n\n\n<p class=\"wp-block-paragraph\">Po zwiedzaniu muzeum uczestnicy wsiadaj\u0105 do <strong>kultowej Nysy 522<\/strong>, kt\u00f3ra zabiera ich w kr\u00f3tk\u0105 podr\u00f3\u017c przez centrum Warszawy. Trasa prowadzi m.in. przez <strong>Plac Europejski z Warsaw Spire, Plac Grzybowski, okolice ulicy Emilii Plater, Pa\u0142ac Kultury i Nauki, MDM oraz Plac Konstytucji<\/strong>.<\/p>\n\n\n\n<p class=\"wp-block-paragraph\">To nie tylko przejazd historycznym pojazdem, ale tak\u017ce okazja do zobaczenia, jak zmienia\u0142a si\u0119 Warszawa \u2013 od dawnej dzielnicy przemys\u0142owej po nowoczesne centrum biznesowe miasta.<\/p>\n\n\n\n<p class=\"wp-block-paragraph\"><strong>Fina\u0142: Muzeum \u017bycia w PRL<\/strong><\/p>\n\n\n\n<p class=\"wp-block-paragraph\">Ostatnim etapem wycieczki jest wizyta w <strong>Muzeum \u017bycia w PRL<\/strong>, gdzie uczestnicy mog\u0105 samodzielnie zwiedza\u0107 ekspozycj\u0119 lub skorzysta\u0107 z audioprzewodnika.<\/p>\n\n\n\n<p class=\"wp-block-paragraph\">Muzeum pokazuje codzienno\u015b\u0107 minionej epoki \u2013 zar\u00f3wno jej charakterystyczne przedmioty, jak i realia \u017cycia w Polsce drugiej po\u0142owy XX wieku. Na wystawie mo\u017cna zobaczy\u0107 m.in. budk\u0119 telefoniczn\u0105, saturator czy maszyn\u0119 do pisania, a tak\u017ce wiele innych element\u00f3w codzienno\u015bci, kt\u00f3re dla wielu os\u00f3b s\u0105 ju\u017c dzi\u015b jedynie wspomnieniem.<\/p>\n\n\n\n<p class=\"wp-block-paragraph\"><strong>Informacje organizacyjne<\/strong><\/p>\n\n\n\n<p class=\"wp-block-paragraph\">Czas trwania wycieczki: <strong>150 minut<\/strong><br>Przejazd Nys\u0105 odbywa si\u0119 <strong>w jedn\u0105 stron\u0119 \u2013 z Fabryki Norblina do Muzeum \u017bycia w PRL<\/strong>.<\/p>\n\n\n\n<p class=\"wp-block-paragraph\"><strong>Ceny bilet\u00f3w:<\/strong><br>\u2022 90 z\u0142 \u2013 bilet normalny<br>\u2022 60 z\u0142 \u2013 bilet ulgowy<\/p>\n\n\n\n<p class=\"wp-block-paragraph\"><strong>Miejsce startu:<\/strong><br>Fabryka Norblina \u2013 Punkt Bilety\/Info, budynek Plater (poziom 0)<\/p>\n\n\n\n<p class=\"wp-block-paragraph\">Wycieczki mo\u017cna rezerwowa\u0107 na naszej stronie \u2013 obecnie w sprzeda\u017cy dost\u0119pne s\u0105 daty do ko\u0144ca kwietnia:<br>\ud83d\udc49 <a href=\"https:\/\/muzeumfabrykinorblina.pl\/trzy-atrakcje-jedna-podroz-w-czasie\/\">https:\/\/muzeumfabrykinorblina.pl\/trzy-atrakcje-jedna-podroz-w-czasie\/<\/a><\/p>\n\n\n\n<p class=\"wp-block-paragraph\">Zapraszamy do odkrycia Warszawy w wyj\u0105tkowej formie \u2013 podczas podr\u00f3\u017cy, kt\u00f3ra \u0142\u0105czy histori\u0119, architektur\u0119 i codzienno\u015b\u0107 minionych epok.<\/p>\n\n\n<!-- wp:themify-builder\/canvas \/-->","protected":false},"excerpt":{"rendered":"<p>Muzeum Fabryki Norblina i Muzeum \u017bycia w PRL zapraszaj\u0105 na wyj\u0105tkow\u0105 wycieczk\u0119 po Warszawie, kt\u00f3ra \u0142\u0105czy histori\u0119 przemys\u0142owej Woli, przejazd zabytkow\u0105 Nys\u0105 522 oraz wizyt\u0119 w muzeum po\u015bwi\u0119conym codzienno\u015bci PRL. Najbli\u017csze terminy wycieczek mo\u017cna ju\u017c rezerwowa\u0107 na naszej stronie internetowej \u2013 obecnie dost\u0119pne s\u0105 daty do ko\u0144ca kwietnia. Warszawa ma wiele warstw historii \u2013 od [&hellip;]<\/p>\n","protected":false},"author":9,"featured_media":7093,"comment_status":"closed","ping_status":"closed","sticky":false,"template":"","format":"standard","meta":{"_acf_changed":false,"_monsterinsights_skip_tracking":false,"footnotes":""},"categories":[29],"tags":[],"class_list":["post-7092","post","type-post","status-publish","format-standard","has-post-thumbnail","hentry","category-aktualnosci","has-post-title","has-post-date","has-post-category","has-post-tag","has-post-comment","has-post-author",""],"acf":[],"yoast_head":"<!-- This site is optimized with the Yoast SEO plugin v28.2 - https:\/\/yoast.com\/product\/yoast-seo-wordpress\/ -->\n<title>\u201eTrzy atrakcje \u2013 jedna podr\u00f3\u017c w czasie\u201d \u2013 teraz dost\u0119pne terminy do ko\u0144ca kwietnia | Muzeum Fabryki Norblina<\/title>\n<meta name=\"description\" content=\"Prze\u017cyj wyj\u0105tkow\u0105 podr\u00f3\u017c w czasie po Warszawie. Zwiedzaj Muzeum Fabryki Norblina, jed\u017a zabytkow\u0105 Nys\u0105 522 i odkryj codzienno\u015b\u0107 PRL w Muzeum \u017bycia w PRL. Rezerwuj ju\u017c teraz!\" \/>\n<meta name=\"robots\" content=\"index, follow, max-snippet:-1, max-image-preview:large, max-video-preview:-1\" \/>\n<link rel=\"canonical\" href=\"https:\/\/muzeumfabrykinorblina.pl\/?p=7092\" \/>\n<meta property=\"og:locale\" content=\"pl_PL\" \/>\n<meta property=\"og:type\" content=\"article\" \/>\n<meta property=\"og:title\" content=\"\u201eTrzy atrakcje \u2013 jedna podr\u00f3\u017c w czasie\u201d \u2013 teraz dost\u0119pne terminy do ko\u0144ca kwietnia | Muzeum Fabryki Norblina\" \/>\n<meta property=\"og:description\" content=\"Prze\u017cyj wyj\u0105tkow\u0105 podr\u00f3\u017c w czasie po Warszawie. Zwiedzaj Muzeum Fabryki Norblina, jed\u017a zabytkow\u0105 Nys\u0105 522 i odkryj codzienno\u015b\u0107 PRL w Muzeum \u017bycia w PRL. Rezerwuj ju\u017c teraz!\" \/>\n<meta property=\"og:url\" content=\"https:\/\/muzeumfabrykinorblina.pl\/?p=7092\" \/>\n<meta property=\"og:site_name\" content=\"Muzeum Fabryki Norblina\" \/>\n<meta property=\"article:publisher\" content=\"https:\/\/www.facebook.com\/MuzeumFabrykiNorblina\" \/>\n<meta property=\"article:published_time\" content=\"2026-03-12T08:00:00+00:00\" \/>\n<meta property=\"og:image\" content=\"https:\/\/muzeumfabrykinorblina.pl\/wp-content\/uploads\/2026\/03\/MFN-Nyska-web.jpg\" \/>\n\t<meta property=\"og:image:width\" content=\"1080\" \/>\n\t<meta property=\"og:image:height\" content=\"1080\" \/>\n\t<meta property=\"og:image:type\" content=\"image\/jpeg\" \/>\n<meta name=\"author\" content=\"Agata Ilnicka\" \/>\n<meta name=\"twitter:card\" content=\"summary_large_image\" \/>\n<meta name=\"twitter:label1\" content=\"Napisane przez\" \/>\n\t<meta name=\"twitter:data1\" content=\"Agata Ilnicka\" \/>\n\t<meta name=\"twitter:label2\" content=\"Szacowany czas czytania\" \/>\n\t<meta name=\"twitter:data2\" content=\"3 minuty\" \/>\n<script type=\"application\/ld+json\" class=\"yoast-schema-graph\">{\"@context\":\"https:\\\/\\\/schema.org\",\"@graph\":[{\"@type\":\"Article\",\"@id\":\"https:\\\/\\\/muzeumfabrykinorblina.pl\\\/?p=7092#article\",\"isPartOf\":{\"@id\":\"https:\\\/\\\/muzeumfabrykinorblina.pl\\\/?p=7092\"},\"author\":{\"name\":\"Agata Ilnicka\",\"@id\":\"https:\\\/\\\/muzeumfabrykinorblina.pl\\\/#\\\/schema\\\/person\\\/4f1632ef79031887e0e24c4ea9d3472e\"},\"headline\":\"\u201eTrzy atrakcje \u2013 jedna podr\u00f3\u017c w czasie\u201d \u2013 teraz dost\u0119pne terminy do ko\u0144ca kwietnia\",\"datePublished\":\"2026-03-12T08:00:00+00:00\",\"mainEntityOfPage\":{\"@id\":\"https:\\\/\\\/muzeumfabrykinorblina.pl\\\/?p=7092\"},\"wordCount\":478,\"publisher\":{\"@id\":\"https:\\\/\\\/muzeumfabrykinorblina.pl\\\/#organization\"},\"image\":{\"@id\":\"https:\\\/\\\/muzeumfabrykinorblina.pl\\\/?p=7092#primaryimage\"},\"thumbnailUrl\":\"https:\\\/\\\/muzeumfabrykinorblina.pl\\\/wp-content\\\/uploads\\\/2026\\\/03\\\/MFN-Nyska-web.jpg\",\"articleSection\":[\"Aktualno\u015bci\"],\"inLanguage\":\"pl-PL\"},{\"@type\":\"WebPage\",\"@id\":\"https:\\\/\\\/muzeumfabrykinorblina.pl\\\/?p=7092\",\"url\":\"https:\\\/\\\/muzeumfabrykinorblina.pl\\\/?p=7092\",\"name\":\"\u201eTrzy atrakcje \u2013 jedna podr\u00f3\u017c w czasie\u201d \u2013 teraz dost\u0119pne terminy do ko\u0144ca kwietnia | Muzeum Fabryki Norblina\",\"isPartOf\":{\"@id\":\"https:\\\/\\\/muzeumfabrykinorblina.pl\\\/#website\"},\"primaryImageOfPage\":{\"@id\":\"https:\\\/\\\/muzeumfabrykinorblina.pl\\\/?p=7092#primaryimage\"},\"image\":{\"@id\":\"https:\\\/\\\/muzeumfabrykinorblina.pl\\\/?p=7092#primaryimage\"},\"thumbnailUrl\":\"https:\\\/\\\/muzeumfabrykinorblina.pl\\\/wp-content\\\/uploads\\\/2026\\\/03\\\/MFN-Nyska-web.jpg\",\"datePublished\":\"2026-03-12T08:00:00+00:00\",\"description\":\"Prze\u017cyj wyj\u0105tkow\u0105 podr\u00f3\u017c w czasie po Warszawie. Zwiedzaj Muzeum Fabryki Norblina, jed\u017a zabytkow\u0105 Nys\u0105 522 i odkryj codzienno\u015b\u0107 PRL w Muzeum \u017bycia w PRL. Rezerwuj ju\u017c teraz!\",\"breadcrumb\":{\"@id\":\"https:\\\/\\\/muzeumfabrykinorblina.pl\\\/?p=7092#breadcrumb\"},\"inLanguage\":\"pl-PL\",\"potentialAction\":[{\"@type\":\"ReadAction\",\"target\":[\"https:\\\/\\\/muzeumfabrykinorblina.pl\\\/?p=7092\"]}]},{\"@type\":\"ImageObject\",\"inLanguage\":\"pl-PL\",\"@id\":\"https:\\\/\\\/muzeumfabrykinorblina.pl\\\/?p=7092#primaryimage\",\"url\":\"https:\\\/\\\/muzeumfabrykinorblina.pl\\\/wp-content\\\/uploads\\\/2026\\\/03\\\/MFN-Nyska-web.jpg\",\"contentUrl\":\"https:\\\/\\\/muzeumfabrykinorblina.pl\\\/wp-content\\\/uploads\\\/2026\\\/03\\\/MFN-Nyska-web.jpg\",\"width\":1080,\"height\":1080},{\"@type\":\"BreadcrumbList\",\"@id\":\"https:\\\/\\\/muzeumfabrykinorblina.pl\\\/?p=7092#breadcrumb\",\"itemListElement\":[{\"@type\":\"ListItem\",\"position\":1,\"name\":\"Strona g\u0142\u00f3wna\",\"item\":\"https:\\\/\\\/muzeumfabrykinorblina.pl\\\/\"},{\"@type\":\"ListItem\",\"position\":2,\"name\":\"\u201eTrzy atrakcje \u2013 jedna podr\u00f3\u017c w czasie\u201d \u2013 teraz dost\u0119pne terminy do ko\u0144ca kwietnia\"}]},{\"@type\":\"WebSite\",\"@id\":\"https:\\\/\\\/muzeumfabrykinorblina.pl\\\/#website\",\"url\":\"https:\\\/\\\/muzeumfabrykinorblina.pl\\\/\",\"name\":\"Muzeum Fabryki Norblina\",\"description\":\"Fabryka Norblina\",\"publisher\":{\"@id\":\"https:\\\/\\\/muzeumfabrykinorblina.pl\\\/#organization\"},\"potentialAction\":[{\"@type\":\"SearchAction\",\"target\":{\"@type\":\"EntryPoint\",\"urlTemplate\":\"https:\\\/\\\/muzeumfabrykinorblina.pl\\\/?s={search_term_string}\"},\"query-input\":{\"@type\":\"PropertyValueSpecification\",\"valueRequired\":true,\"valueName\":\"search_term_string\"}}],\"inLanguage\":\"pl-PL\"},{\"@type\":\"Organization\",\"@id\":\"https:\\\/\\\/muzeumfabrykinorblina.pl\\\/#organization\",\"name\":\"Muzeum Fabryki Norblina\",\"url\":\"https:\\\/\\\/muzeumfabrykinorblina.pl\\\/\",\"logo\":{\"@type\":\"ImageObject\",\"inLanguage\":\"pl-PL\",\"@id\":\"https:\\\/\\\/muzeumfabrykinorblina.pl\\\/#\\\/schema\\\/logo\\\/image\\\/\",\"url\":\"https:\\\/\\\/muzeumfabrykinorblina.pl\\\/wp-content\\\/uploads\\\/2023\\\/11\\\/MFN_Featured-image_1200x675.jpg\",\"contentUrl\":\"https:\\\/\\\/muzeumfabrykinorblina.pl\\\/wp-content\\\/uploads\\\/2023\\\/11\\\/MFN_Featured-image_1200x675.jpg\",\"width\":1200,\"height\":675,\"caption\":\"Muzeum Fabryki Norblina\"},\"image\":{\"@id\":\"https:\\\/\\\/muzeumfabrykinorblina.pl\\\/#\\\/schema\\\/logo\\\/image\\\/\"},\"sameAs\":[\"https:\\\/\\\/www.facebook.com\\\/MuzeumFabrykiNorblina\",\"https:\\\/\\\/www.instagram.com\\\/muzeumfabrykinorblina\\\/\"]},{\"@type\":\"Person\",\"@id\":\"https:\\\/\\\/muzeumfabrykinorblina.pl\\\/#\\\/schema\\\/person\\\/4f1632ef79031887e0e24c4ea9d3472e\",\"name\":\"Agata Ilnicka\",\"image\":{\"@type\":\"ImageObject\",\"inLanguage\":\"pl-PL\",\"@id\":\"https:\\\/\\\/secure.gravatar.com\\\/avatar\\\/0c850e3cc969e3bec61971337ea044add4e3b6da745c50448fbab5c86b0b85d9?s=96&d=mm&r=g\",\"url\":\"https:\\\/\\\/secure.gravatar.com\\\/avatar\\\/0c850e3cc969e3bec61971337ea044add4e3b6da745c50448fbab5c86b0b85d9?s=96&d=mm&r=g\",\"contentUrl\":\"https:\\\/\\\/secure.gravatar.com\\\/avatar\\\/0c850e3cc969e3bec61971337ea044add4e3b6da745c50448fbab5c86b0b85d9?s=96&d=mm&r=g\",\"caption\":\"Agata Ilnicka\"},\"url\":\"https:\\\/\\\/muzeumfabrykinorblina.pl\\\/?author=9\"}]}<\/script>\n<!-- \/ Yoast SEO plugin. -->","yoast_head_json":{"title":"\u201eTrzy atrakcje \u2013 jedna podr\u00f3\u017c w czasie\u201d \u2013 teraz dost\u0119pne terminy do ko\u0144ca kwietnia | Muzeum Fabryki Norblina","description":"Prze\u017cyj wyj\u0105tkow\u0105 podr\u00f3\u017c w czasie po Warszawie. Zwiedzaj Muzeum Fabryki Norblina, jed\u017a zabytkow\u0105 Nys\u0105 522 i odkryj codzienno\u015b\u0107 PRL w Muzeum \u017bycia w PRL. Rezerwuj ju\u017c teraz!","robots":{"index":"index","follow":"follow","max-snippet":"max-snippet:-1","max-image-preview":"max-image-preview:large","max-video-preview":"max-video-preview:-1"},"canonical":"https:\/\/muzeumfabrykinorblina.pl\/?p=7092","og_locale":"pl_PL","og_type":"article","og_title":"\u201eTrzy atrakcje \u2013 jedna podr\u00f3\u017c w czasie\u201d \u2013 teraz dost\u0119pne terminy do ko\u0144ca kwietnia | Muzeum Fabryki Norblina","og_description":"Prze\u017cyj wyj\u0105tkow\u0105 podr\u00f3\u017c w czasie po Warszawie. Zwiedzaj Muzeum Fabryki Norblina, jed\u017a zabytkow\u0105 Nys\u0105 522 i odkryj codzienno\u015b\u0107 PRL w Muzeum \u017bycia w PRL. Rezerwuj ju\u017c teraz!","og_url":"https:\/\/muzeumfabrykinorblina.pl\/?p=7092","og_site_name":"Muzeum Fabryki Norblina","article_publisher":"https:\/\/www.facebook.com\/MuzeumFabrykiNorblina","article_published_time":"2026-03-12T08:00:00+00:00","og_image":[{"width":1080,"height":1080,"url":"https:\/\/muzeumfabrykinorblina.pl\/wp-content\/uploads\/2026\/03\/MFN-Nyska-web.jpg","type":"image\/jpeg"}],"author":"Agata Ilnicka","twitter_card":"summary_large_image","twitter_misc":{"Napisane przez":"Agata Ilnicka","Szacowany czas czytania":"3 minuty"},"schema":{"@context":"https:\/\/schema.org","@graph":[{"@type":"Article","@id":"https:\/\/muzeumfabrykinorblina.pl\/?p=7092#article","isPartOf":{"@id":"https:\/\/muzeumfabrykinorblina.pl\/?p=7092"},"author":{"name":"Agata Ilnicka","@id":"https:\/\/muzeumfabrykinorblina.pl\/#\/schema\/person\/4f1632ef79031887e0e24c4ea9d3472e"},"headline":"\u201eTrzy atrakcje \u2013 jedna podr\u00f3\u017c w czasie\u201d \u2013 teraz dost\u0119pne terminy do ko\u0144ca kwietnia","datePublished":"2026-03-12T08:00:00+00:00","mainEntityOfPage":{"@id":"https:\/\/muzeumfabrykinorblina.pl\/?p=7092"},"wordCount":478,"publisher":{"@id":"https:\/\/muzeumfabrykinorblina.pl\/#organization"},"image":{"@id":"https:\/\/muzeumfabrykinorblina.pl\/?p=7092#primaryimage"},"thumbnailUrl":"https:\/\/muzeumfabrykinorblina.pl\/wp-content\/uploads\/2026\/03\/MFN-Nyska-web.jpg","articleSection":["Aktualno\u015bci"],"inLanguage":"pl-PL"},{"@type":"WebPage","@id":"https:\/\/muzeumfabrykinorblina.pl\/?p=7092","url":"https:\/\/muzeumfabrykinorblina.pl\/?p=7092","name":"\u201eTrzy atrakcje \u2013 jedna podr\u00f3\u017c w czasie\u201d \u2013 teraz dost\u0119pne terminy do ko\u0144ca kwietnia | Muzeum Fabryki Norblina","isPartOf":{"@id":"https:\/\/muzeumfabrykinorblina.pl\/#website"},"primaryImageOfPage":{"@id":"https:\/\/muzeumfabrykinorblina.pl\/?p=7092#primaryimage"},"image":{"@id":"https:\/\/muzeumfabrykinorblina.pl\/?p=7092#primaryimage"},"thumbnailUrl":"https:\/\/muzeumfabrykinorblina.pl\/wp-content\/uploads\/2026\/03\/MFN-Nyska-web.jpg","datePublished":"2026-03-12T08:00:00+00:00","description":"Prze\u017cyj wyj\u0105tkow\u0105 podr\u00f3\u017c w czasie po Warszawie. Zwiedzaj Muzeum Fabryki Norblina, jed\u017a zabytkow\u0105 Nys\u0105 522 i odkryj codzienno\u015b\u0107 PRL w Muzeum \u017bycia w PRL. Rezerwuj ju\u017c teraz!","breadcrumb":{"@id":"https:\/\/muzeumfabrykinorblina.pl\/?p=7092#breadcrumb"},"inLanguage":"pl-PL","potentialAction":[{"@type":"ReadAction","target":["https:\/\/muzeumfabrykinorblina.pl\/?p=7092"]}]},{"@type":"ImageObject","inLanguage":"pl-PL","@id":"https:\/\/muzeumfabrykinorblina.pl\/?p=7092#primaryimage","url":"https:\/\/muzeumfabrykinorblina.pl\/wp-content\/uploads\/2026\/03\/MFN-Nyska-web.jpg","contentUrl":"https:\/\/muzeumfabrykinorblina.pl\/wp-content\/uploads\/2026\/03\/MFN-Nyska-web.jpg","width":1080,"height":1080},{"@type":"BreadcrumbList","@id":"https:\/\/muzeumfabrykinorblina.pl\/?p=7092#breadcrumb","itemListElement":[{"@type":"ListItem","position":1,"name":"Strona g\u0142\u00f3wna","item":"https:\/\/muzeumfabrykinorblina.pl\/"},{"@type":"ListItem","position":2,"name":"\u201eTrzy atrakcje \u2013 jedna podr\u00f3\u017c w czasie\u201d \u2013 teraz dost\u0119pne terminy do ko\u0144ca kwietnia"}]},{"@type":"WebSite","@id":"https:\/\/muzeumfabrykinorblina.pl\/#website","url":"https:\/\/muzeumfabrykinorblina.pl\/","name":"Muzeum Fabryki Norblina","description":"Fabryka Norblina","publisher":{"@id":"https:\/\/muzeumfabrykinorblina.pl\/#organization"},"potentialAction":[{"@type":"SearchAction","target":{"@type":"EntryPoint","urlTemplate":"https:\/\/muzeumfabrykinorblina.pl\/?s={search_term_string}"},"query-input":{"@type":"PropertyValueSpecification","valueRequired":true,"valueName":"search_term_string"}}],"inLanguage":"pl-PL"},{"@type":"Organization","@id":"https:\/\/muzeumfabrykinorblina.pl\/#organization","name":"Muzeum Fabryki Norblina","url":"https:\/\/muzeumfabrykinorblina.pl\/","logo":{"@type":"ImageObject","inLanguage":"pl-PL","@id":"https:\/\/muzeumfabrykinorblina.pl\/#\/schema\/logo\/image\/","url":"https:\/\/muzeumfabrykinorblina.pl\/wp-content\/uploads\/2023\/11\/MFN_Featured-image_1200x675.jpg","contentUrl":"https:\/\/muzeumfabrykinorblina.pl\/wp-content\/uploads\/2023\/11\/MFN_Featured-image_1200x675.jpg","width":1200,"height":675,"caption":"Muzeum Fabryki Norblina"},"image":{"@id":"https:\/\/muzeumfabrykinorblina.pl\/#\/schema\/logo\/image\/"},"sameAs":["https:\/\/www.facebook.com\/MuzeumFabrykiNorblina","https:\/\/www.instagram.com\/muzeumfabrykinorblina\/"]},{"@type":"Person","@id":"https:\/\/muzeumfabrykinorblina.pl\/#\/schema\/person\/4f1632ef79031887e0e24c4ea9d3472e","name":"Agata Ilnicka","image":{"@type":"ImageObject","inLanguage":"pl-PL","@id":"https:\/\/secure.gravatar.com\/avatar\/0c850e3cc969e3bec61971337ea044add4e3b6da745c50448fbab5c86b0b85d9?s=96&d=mm&r=g","url":"https:\/\/secure.gravatar.com\/avatar\/0c850e3cc969e3bec61971337ea044add4e3b6da745c50448fbab5c86b0b85d9?s=96&d=mm&r=g","contentUrl":"https:\/\/secure.gravatar.com\/avatar\/0c850e3cc969e3bec61971337ea044add4e3b6da745c50448fbab5c86b0b85d9?s=96&d=mm&r=g","caption":"Agata Ilnicka"},"url":"https:\/\/muzeumfabrykinorblina.pl\/?author=9"}]}},"lang":"pl","translations":{"pl":7092},"builder_content":"","pll_sync_post":{},"_links":{"self":[{"href":"https:\/\/muzeumfabrykinorblina.pl\/index.php?rest_route=\/wp\/v2\/posts\/7092","targetHints":{"allow":["GET"]}}],"collection":[{"href":"https:\/\/muzeumfabrykinorblina.pl\/index.php?rest_route=\/wp\/v2\/posts"}],"about":[{"href":"https:\/\/muzeumfabrykinorblina.pl\/index.php?rest_route=\/wp\/v2\/types\/post"}],"author":[{"embeddable":true,"href":"https:\/\/muzeumfabrykinorblina.pl\/index.php?rest_route=\/wp\/v2\/users\/9"}],"replies":[{"embeddable":true,"href":"https:\/\/muzeumfabrykinorblina.pl\/index.php?rest_route=%2Fwp%2Fv2%2Fcomments&post=7092"}],"version-history":[{"count":2,"href":"https:\/\/muzeumfabrykinorblina.pl\/index.php?rest_route=\/wp\/v2\/posts\/7092\/revisions"}],"predecessor-version":[{"id":7095,"href":"https:\/\/muzeumfabrykinorblina.pl\/index.php?rest_route=\/wp\/v2\/posts\/7092\/revisions\/7095"}],"wp:featuredmedia":[{"embeddable":true,"href":"https:\/\/muzeumfabrykinorblina.pl\/index.php?rest_route=\/wp\/v2\/media\/7093"}],"wp:attachment":[{"href":"https:\/\/muzeumfabrykinorblina.pl\/index.php?rest_route=%2Fwp%2Fv2%2Fmedia&parent=7092"}],"wp:term":[{"taxonomy":"category","embeddable":true,"href":"https:\/\/muzeumfabrykinorblina.pl\/index.php?rest_route=%2Fwp%2Fv2%2Fcategories&post=7092"},{"taxonomy":"post_tag","embeddable":true,"href":"https:\/\/muzeumfabrykinorblina.pl\/index.php?rest_route=%2Fwp%2Fv2%2Ftags&post=7092"}],"curies":[{"name":"wp","href":"https:\/\/api.w.org\/{rel}","templated":true}]}}