{"id":6841,"date":"2026-02-18T16:30:26","date_gmt":"2026-02-18T15:30:26","guid":{"rendered":"https:\/\/muzeumfabrykinorblina.pl\/?p=6841"},"modified":"2026-02-19T14:54:30","modified_gmt":"2026-02-19T13:54:30","slug":"2025-w-muzeum-fabryki-norblina","status":"publish","type":"post","link":"https:\/\/muzeumfabrykinorblina.pl\/?p=6841","title":{"rendered":"2025 w Muzeum Fabryki Norblina &#8211; rok wystaw, nowych projekt\u00f3w i wa\u017cnych wsp\u00f3\u0142prac"},"content":{"rendered":"\n<p class=\"wp-block-paragraph\"><strong>Miniony rok by\u0142 dla Muzeum Fabryki Norblina czasem intensywnego rozwoju, nowych wystaw, rozszerzania oferty oraz budowania partnerstw, kt\u00f3re wzmacniaj\u0105 opowie\u015b\u0107 o przemys\u0142owej historii Warszawy. Od projekt\u00f3w wystawienniczych, przez nowe formaty oprowadzania, a\u017c po wsp\u00f3\u0142prac\u0119 mi\u0119dzy muzeami \u2013 2025 pokaza\u0142, jak dynamicznie mo\u017ce rozwija\u0107 si\u0119 instytucja zakorzeniona w historii, ale patrz\u0105ca w przysz\u0142o\u015b\u0107.<\/strong><\/p>\n\n\n\n<p class=\"wp-block-paragraph\"><\/p>\n\n\n\n<p class=\"wp-block-paragraph\">Rok 2025 rozpocz\u0119li\u015bmy wystaw\u0105 czasow\u0105\u00a0 po\u015bwi\u0119con\u0105 wzornictwu zak\u0142ad\u00f3w Norblin, Bracia Buch i T. Werner. <strong>Ekspozycja \u201eNie tylko secesja\u201d<\/strong> pokaza\u0142a bogactwo form, styl\u00f3w i inspiracji obecnych w wyrobach jednej z najwa\u017cniejszych firm metalowych dawnego Kr\u00f3lestwa Polskiego. Ekspozycja by\u0142a powi\u0105zana z edycj\u0105 II (warszawsk\u0105) wystawy czasowej \u201eNiecodzienne przedmioty, codziennego u\u017cytku. 200 lat platernictwa w Polsce\u201d zorganizowan\u0105 w latach 2023 \u2013 2025 przez i w Muzeum Z\u0142otnictwa Polskiego Oddzia\u0142 Muzeum Nadwi\u015bla\u0144skiego oraz Muzeum Pa\u0142acu Kr\u00f3la Jana III w Wilanowie. Ekspozycja zosta\u0142a przygotowana przez zesp\u00f3\u0142 Muzeum Pa\u0142acu Kr\u00f3la Jana III.\u00a0<\/p>\n\n\n\n<p class=\"wp-block-paragraph\"><\/p>\n\n\n\n<p class=\"wp-block-paragraph\">Kolejnym krokiem by\u0142o rozszerzenie oferty zwiedzania o oprowadzania <strong>\u015bcie\u017ckami tematycznymi. <\/strong>Dzi\u0119kinim historia Fabryki Norblina mo\u017ce by\u0107 odkrywana z r\u00f3\u017cnych perspektyw \u2013 architektury, technologii, ludzi i wyrob\u00f3w \u2013 w formule dopasowanej do zainteresowa\u0144 odwiedzaj\u0105cych.<\/p>\n\n\n\n<p class=\"wp-block-paragraph\"><\/p>\n\n\n\n<p class=\"wp-block-paragraph\">W kolejnych miesi\u0105cach zaprezentowali\u015bmy wystaw\u0119 <strong>\u201eBy\u0142o \/ Jest. Fabryka Norblina\u201d,<\/strong> zestawiaj\u0105c\u0105 archiwalne fotografie z obrazem wsp\u00f3\u0142czesnego kompleksu. Projektowi towarzyszy\u0142 konkurs fotograficzny, kt\u00f3rego laureaci zaprezentowali swoje prace na osobnej ekspozycji, pokazuj\u0105cej, jak historia miejsca inspiruje wsp\u00f3\u0142czesnych tw\u00f3rc\u00f3w<\/p>\n\n\n\n<p class=\"wp-block-paragraph\"><\/p>\n\n\n\n<p class=\"wp-block-paragraph\">Latem szczeg\u00f3ln\u0105 popularno\u015bci\u0105 cieszy\u0142a si\u0119 \u015bcie\u017cka zwiedzania <strong>\u201eFabryka Norblina \u2013 Wczoraj i dzi\u015b\u201d,<\/strong> \u0142\u0105cz\u0105ca opowie\u015b\u0107 o przemys\u0142owej przesz\u0142o\u015bci z prezentacj\u0105 wsp\u00f3\u0142czesnych funkcji kompleksu jako miejsca kultury, gastronomii i miejskiego \u017cycia.<\/p>\n\n\n\n<p class=\"wp-block-paragraph\"><\/p>\n\n\n\n<p class=\"wp-block-paragraph\">Jesieni\u0105 zrealizowali\u015bmy projekt edukacyjny skierowany do nauczycieli \u2013 <strong>konferencj\u0119 \u201eJedna historia \u2013 trzy muzea\u201d,<\/strong> przygotowan\u0105 wsp\u00f3lnie z warszawskimi instytucjami dokumentuj\u0105cymi histori\u0119 przemys\u0142owej Woli. Spotkanie sta\u0142o si\u0119 przestrzeni\u0105 wymiany do\u015bwiadcze\u0144 i inspiracji w pracy edukacyjnej.<\/p>\n\n\n\n<p class=\"wp-block-paragraph\"><\/p>\n\n\n\n<p class=\"wp-block-paragraph\">Rok 2025 to tak\u017ce rozw\u00f3j oferty biznesowej Muzeum. Wprowadzili\u015bmy <strong>kompleksow\u0105 ofert\u0119 dla firm<\/strong>, obejmuj\u0105c\u0105 zar\u00f3wno oprowadzania integracyjne, jak i mo\u017cliwo\u015b\u0107 organizacji wydarze\u0144 w zabytkowych przestrzeniach muzeum.<\/p>\n\n\n\n<p class=\"wp-block-paragraph\"><\/p>\n\n\n\n<p class=\"wp-block-paragraph\">Jesieni\u0105 zainaugurowali\u015bmy tak\u017ce nowy format zwiedzania \u2013 <strong>Art Walk po Fabryce Norblina<\/strong>. Spacer po\u015bwi\u0119cony sztuce obecnej w przestrzeni kompleksu pokaza\u0142, jak wsp\u00f3\u0142czesne realizacje artystyczne i projekty designerskie funkcjonuj\u0105 w dialogu z industrialn\u0105 architektur\u0105 miejsca.<\/p>\n\n\n\n<p class=\"wp-block-paragraph\"><\/p>\n\n\n\n<p class=\"wp-block-paragraph\">Ko\u0144c\u00f3wka roku przynios\u0142a nowe, wa\u017cne partnerstwa. Wsp\u00f3lnie z Muzeum \u017bycia w PRL uruchomili\u015bmy zimow\u0105 tras\u0119 zwiedzania \u201eTrzy atrakcje \u2013 jedna podr\u00f3\u017c w czasie\u201d, \u0142\u0105cz\u0105c\u0105 histori\u0119 przemys\u0142owej Woli, przejazd zabytkow\u0105 Nys\u0105 oraz wizyt\u0119 w muzeum po\u015bwi\u0119conym codzienno\u015bci drugiej po\u0142owy XX wieku.<\/p>\n\n\n\n<p class=\"wp-block-paragraph\"><\/p>\n\n\n\n<p class=\"wp-block-paragraph\">Jednocze\u015bnie sformalizowana zosta\u0142a wsp\u00f3\u0142praca trzech muze\u00f3w dokumentuj\u0105cych histori\u0119 przemys\u0142owej Woli \u2013 Muzeum Fabryki Norblina, Stacji Muzeum oraz Muzeum Gazowni Warszawskiej. Efektem jest m.in. wsp\u00f3lny bilet oraz przygotowania do uruchomienia Szlaku Fabrycznego Warszawskiej Woli. Co og\u0142osili\u015bmy na konferencji po\u015bwi\u0119conej temu przedsi\u0119wzi\u0119ciu oraz ods\u0142oni\u0119ciu muralu na \u015bcianie Fabryki Norblina od ulicy \u017belaznej \u2013 \u201eWola Fabr.\u201d, autorstwa Jaros\u0142awa Zuzgi i wernisa\u017cu wystawy \u201eWolskie Kontrasty\u201d fotografii autorstwa Aleksandra Ma\u0142achowskiego zorganizowanej przy wsp\u00f3\u0142pracy z Urz\u0119dem Dzielnicy Wola m.st. Warszawy.&nbsp;<\/p>\n\n\n\n<p class=\"wp-block-paragraph\"><\/p>\n\n\n\n<p class=\"wp-block-paragraph\">Rok 2025 pokaza\u0142, \u017ce Muzeum Fabryki Norblina to miejsce \u017cywe \u2013 rozwijaj\u0105ce ofert\u0119, buduj\u0105ce relacje i konsekwentnie opowiadaj\u0105ce histori\u0119 przemys\u0142owego dziedzictwa Warszawy w nowoczesnej, dost\u0119pnej formie.<br>To tak\u017ce solidny fundament dla kolejnych projekt\u00f3w, kt\u00f3re b\u0119dziemy realizowa\u0107.&nbsp;<\/p>\n\n\n<!-- wp:themify-builder\/canvas \/-->","protected":false},"excerpt":{"rendered":"<p>Miniony rok by\u0142 dla Muzeum Fabryki Norblina czasem intensywnego rozwoju, nowych wystaw, rozszerzania oferty oraz budowania partnerstw, kt\u00f3re wzmacniaj\u0105 opowie\u015b\u0107 o przemys\u0142owej historii Warszawy. Od projekt\u00f3w wystawienniczych, przez nowe formaty oprowadzania, a\u017c po wsp\u00f3\u0142prac\u0119 mi\u0119dzy muzeami \u2013 2025 pokaza\u0142, jak dynamicznie mo\u017ce rozwija\u0107 si\u0119 instytucja zakorzeniona w historii, ale patrz\u0105ca w przysz\u0142o\u015b\u0107. Rok 2025 rozpocz\u0119li\u015bmy [&hellip;]<\/p>\n","protected":false},"author":9,"featured_media":6851,"comment_status":"closed","ping_status":"closed","sticky":false,"template":"","format":"standard","meta":{"_acf_changed":false,"_monsterinsights_skip_tracking":false,"footnotes":""},"categories":[29],"tags":[],"class_list":["post-6841","post","type-post","status-publish","format-standard","has-post-thumbnail","hentry","category-aktualnosci","has-post-title","has-post-date","has-post-category","has-post-tag","has-post-comment","has-post-author",""],"acf":[],"yoast_head":"<!-- This site is optimized with the Yoast SEO plugin v28.2 - https:\/\/yoast.com\/product\/yoast-seo-wordpress\/ -->\n<title>2025 w Muzeum Fabryki Norblina - rok wystaw, nowych projekt\u00f3w i wa\u017cnych wsp\u00f3\u0142prac | Muzeum Fabryki Norblina<\/title>\n<meta name=\"description\" content=\"Muzeum Fabryki Norblina w 2025 roku zrealizowa\u0142o nowe wystawy czasowe, projekty edukacyjne i wsp\u00f3\u0142prace mi\u0119dzy muzeami, wzmacniaj\u0105c swoj\u0105 pozycj\u0119 jako kluczowe muzeum przemys\u0142owej historii Warszawy i Woli. Rok wystaw takich jak \u201eNie tylko secesja\u201d i \u201eBy\u0142o \/ Jest. Fabryka Norblina\u201d oraz rozw\u00f3j oferty zwiedzania i wydarze\u0144 biznesowych potwierdzi\u0142y dynamiczny rozw\u00f3j instytucji w przestrzeni kulturalnej Warszawy.\" \/>\n<meta name=\"robots\" content=\"index, follow, max-snippet:-1, max-image-preview:large, max-video-preview:-1\" \/>\n<link rel=\"canonical\" href=\"https:\/\/muzeumfabrykinorblina.pl\/?p=6841\" \/>\n<meta property=\"og:locale\" content=\"pl_PL\" \/>\n<meta property=\"og:type\" content=\"article\" \/>\n<meta property=\"og:title\" content=\"2025 w Muzeum Fabryki Norblina - rok wystaw, nowych projekt\u00f3w i wa\u017cnych wsp\u00f3\u0142prac | Muzeum Fabryki Norblina\" \/>\n<meta property=\"og:description\" content=\"Muzeum Fabryki Norblina w 2025 roku zrealizowa\u0142o nowe wystawy czasowe, projekty edukacyjne i wsp\u00f3\u0142prace mi\u0119dzy muzeami, wzmacniaj\u0105c swoj\u0105 pozycj\u0119 jako kluczowe muzeum przemys\u0142owej historii Warszawy i Woli. Rok wystaw takich jak \u201eNie tylko secesja\u201d i \u201eBy\u0142o \/ Jest. Fabryka Norblina\u201d oraz rozw\u00f3j oferty zwiedzania i wydarze\u0144 biznesowych potwierdzi\u0142y dynamiczny rozw\u00f3j instytucji w przestrzeni kulturalnej Warszawy.\" \/>\n<meta property=\"og:url\" content=\"https:\/\/muzeumfabrykinorblina.pl\/?p=6841\" \/>\n<meta property=\"og:site_name\" content=\"Muzeum Fabryki Norblina\" \/>\n<meta property=\"article:publisher\" content=\"https:\/\/www.facebook.com\/MuzeumFabrykiNorblina\" \/>\n<meta property=\"article:published_time\" content=\"2026-02-18T15:30:26+00:00\" \/>\n<meta property=\"article:modified_time\" content=\"2026-02-19T13:54:30+00:00\" \/>\n<meta property=\"og:image\" content=\"https:\/\/muzeumfabrykinorblina.pl\/wp-content\/uploads\/2026\/02\/MFN-Wpis-2025-1.jpg\" \/>\n\t<meta property=\"og:image:width\" content=\"1080\" \/>\n\t<meta property=\"og:image:height\" content=\"1080\" \/>\n\t<meta property=\"og:image:type\" content=\"image\/jpeg\" \/>\n<meta name=\"author\" content=\"Agata Ilnicka\" \/>\n<meta name=\"twitter:card\" content=\"summary_large_image\" \/>\n<meta name=\"twitter:label1\" content=\"Napisane przez\" \/>\n\t<meta name=\"twitter:data1\" content=\"Agata Ilnicka\" \/>\n\t<meta name=\"twitter:label2\" content=\"Szacowany czas czytania\" \/>\n\t<meta name=\"twitter:data2\" content=\"4 minuty\" \/>\n<script type=\"application\/ld+json\" class=\"yoast-schema-graph\">{\"@context\":\"https:\\\/\\\/schema.org\",\"@graph\":[{\"@type\":\"Article\",\"@id\":\"https:\\\/\\\/muzeumfabrykinorblina.pl\\\/?p=6841#article\",\"isPartOf\":{\"@id\":\"https:\\\/\\\/muzeumfabrykinorblina.pl\\\/?p=6841\"},\"author\":{\"name\":\"Agata Ilnicka\",\"@id\":\"https:\\\/\\\/muzeumfabrykinorblina.pl\\\/#\\\/schema\\\/person\\\/4f1632ef79031887e0e24c4ea9d3472e\"},\"headline\":\"2025 w Muzeum Fabryki Norblina &#8211; rok wystaw, nowych projekt\u00f3w i wa\u017cnych wsp\u00f3\u0142prac\",\"datePublished\":\"2026-02-18T15:30:26+00:00\",\"dateModified\":\"2026-02-19T13:54:30+00:00\",\"mainEntityOfPage\":{\"@id\":\"https:\\\/\\\/muzeumfabrykinorblina.pl\\\/?p=6841\"},\"wordCount\":593,\"publisher\":{\"@id\":\"https:\\\/\\\/muzeumfabrykinorblina.pl\\\/#organization\"},\"image\":{\"@id\":\"https:\\\/\\\/muzeumfabrykinorblina.pl\\\/?p=6841#primaryimage\"},\"thumbnailUrl\":\"https:\\\/\\\/muzeumfabrykinorblina.pl\\\/wp-content\\\/uploads\\\/2026\\\/02\\\/MFN-Wpis-2025-1.jpg\",\"articleSection\":[\"Aktualno\u015bci\"],\"inLanguage\":\"pl-PL\"},{\"@type\":\"WebPage\",\"@id\":\"https:\\\/\\\/muzeumfabrykinorblina.pl\\\/?p=6841\",\"url\":\"https:\\\/\\\/muzeumfabrykinorblina.pl\\\/?p=6841\",\"name\":\"2025 w Muzeum Fabryki Norblina - rok wystaw, nowych projekt\u00f3w i wa\u017cnych wsp\u00f3\u0142prac | Muzeum Fabryki Norblina\",\"isPartOf\":{\"@id\":\"https:\\\/\\\/muzeumfabrykinorblina.pl\\\/#website\"},\"primaryImageOfPage\":{\"@id\":\"https:\\\/\\\/muzeumfabrykinorblina.pl\\\/?p=6841#primaryimage\"},\"image\":{\"@id\":\"https:\\\/\\\/muzeumfabrykinorblina.pl\\\/?p=6841#primaryimage\"},\"thumbnailUrl\":\"https:\\\/\\\/muzeumfabrykinorblina.pl\\\/wp-content\\\/uploads\\\/2026\\\/02\\\/MFN-Wpis-2025-1.jpg\",\"datePublished\":\"2026-02-18T15:30:26+00:00\",\"dateModified\":\"2026-02-19T13:54:30+00:00\",\"description\":\"Muzeum Fabryki Norblina w 2025 roku zrealizowa\u0142o nowe wystawy czasowe, projekty edukacyjne i wsp\u00f3\u0142prace mi\u0119dzy muzeami, wzmacniaj\u0105c swoj\u0105 pozycj\u0119 jako kluczowe muzeum przemys\u0142owej historii Warszawy i Woli. Rok wystaw takich jak \u201eNie tylko secesja\u201d i \u201eBy\u0142o \\\/ Jest. Fabryka Norblina\u201d oraz rozw\u00f3j oferty zwiedzania i wydarze\u0144 biznesowych potwierdzi\u0142y dynamiczny rozw\u00f3j instytucji w przestrzeni kulturalnej Warszawy.\",\"breadcrumb\":{\"@id\":\"https:\\\/\\\/muzeumfabrykinorblina.pl\\\/?p=6841#breadcrumb\"},\"inLanguage\":\"pl-PL\",\"potentialAction\":[{\"@type\":\"ReadAction\",\"target\":[\"https:\\\/\\\/muzeumfabrykinorblina.pl\\\/?p=6841\"]}]},{\"@type\":\"ImageObject\",\"inLanguage\":\"pl-PL\",\"@id\":\"https:\\\/\\\/muzeumfabrykinorblina.pl\\\/?p=6841#primaryimage\",\"url\":\"https:\\\/\\\/muzeumfabrykinorblina.pl\\\/wp-content\\\/uploads\\\/2026\\\/02\\\/MFN-Wpis-2025-1.jpg\",\"contentUrl\":\"https:\\\/\\\/muzeumfabrykinorblina.pl\\\/wp-content\\\/uploads\\\/2026\\\/02\\\/MFN-Wpis-2025-1.jpg\",\"width\":1080,\"height\":1080},{\"@type\":\"BreadcrumbList\",\"@id\":\"https:\\\/\\\/muzeumfabrykinorblina.pl\\\/?p=6841#breadcrumb\",\"itemListElement\":[{\"@type\":\"ListItem\",\"position\":1,\"name\":\"Strona g\u0142\u00f3wna\",\"item\":\"https:\\\/\\\/muzeumfabrykinorblina.pl\\\/\"},{\"@type\":\"ListItem\",\"position\":2,\"name\":\"2025 w Muzeum Fabryki Norblina &#8211; rok wystaw, nowych projekt\u00f3w i wa\u017cnych wsp\u00f3\u0142prac\"}]},{\"@type\":\"WebSite\",\"@id\":\"https:\\\/\\\/muzeumfabrykinorblina.pl\\\/#website\",\"url\":\"https:\\\/\\\/muzeumfabrykinorblina.pl\\\/\",\"name\":\"Muzeum Fabryki Norblina\",\"description\":\"Fabryka Norblina\",\"publisher\":{\"@id\":\"https:\\\/\\\/muzeumfabrykinorblina.pl\\\/#organization\"},\"potentialAction\":[{\"@type\":\"SearchAction\",\"target\":{\"@type\":\"EntryPoint\",\"urlTemplate\":\"https:\\\/\\\/muzeumfabrykinorblina.pl\\\/?s={search_term_string}\"},\"query-input\":{\"@type\":\"PropertyValueSpecification\",\"valueRequired\":true,\"valueName\":\"search_term_string\"}}],\"inLanguage\":\"pl-PL\"},{\"@type\":\"Organization\",\"@id\":\"https:\\\/\\\/muzeumfabrykinorblina.pl\\\/#organization\",\"name\":\"Muzeum Fabryki Norblina\",\"url\":\"https:\\\/\\\/muzeumfabrykinorblina.pl\\\/\",\"logo\":{\"@type\":\"ImageObject\",\"inLanguage\":\"pl-PL\",\"@id\":\"https:\\\/\\\/muzeumfabrykinorblina.pl\\\/#\\\/schema\\\/logo\\\/image\\\/\",\"url\":\"https:\\\/\\\/muzeumfabrykinorblina.pl\\\/wp-content\\\/uploads\\\/2023\\\/11\\\/MFN_Featured-image_1200x675.jpg\",\"contentUrl\":\"https:\\\/\\\/muzeumfabrykinorblina.pl\\\/wp-content\\\/uploads\\\/2023\\\/11\\\/MFN_Featured-image_1200x675.jpg\",\"width\":1200,\"height\":675,\"caption\":\"Muzeum Fabryki Norblina\"},\"image\":{\"@id\":\"https:\\\/\\\/muzeumfabrykinorblina.pl\\\/#\\\/schema\\\/logo\\\/image\\\/\"},\"sameAs\":[\"https:\\\/\\\/www.facebook.com\\\/MuzeumFabrykiNorblina\",\"https:\\\/\\\/www.instagram.com\\\/muzeumfabrykinorblina\\\/\"]},{\"@type\":\"Person\",\"@id\":\"https:\\\/\\\/muzeumfabrykinorblina.pl\\\/#\\\/schema\\\/person\\\/4f1632ef79031887e0e24c4ea9d3472e\",\"name\":\"Agata Ilnicka\",\"image\":{\"@type\":\"ImageObject\",\"inLanguage\":\"pl-PL\",\"@id\":\"https:\\\/\\\/secure.gravatar.com\\\/avatar\\\/0c850e3cc969e3bec61971337ea044add4e3b6da745c50448fbab5c86b0b85d9?s=96&d=mm&r=g\",\"url\":\"https:\\\/\\\/secure.gravatar.com\\\/avatar\\\/0c850e3cc969e3bec61971337ea044add4e3b6da745c50448fbab5c86b0b85d9?s=96&d=mm&r=g\",\"contentUrl\":\"https:\\\/\\\/secure.gravatar.com\\\/avatar\\\/0c850e3cc969e3bec61971337ea044add4e3b6da745c50448fbab5c86b0b85d9?s=96&d=mm&r=g\",\"caption\":\"Agata Ilnicka\"},\"url\":\"https:\\\/\\\/muzeumfabrykinorblina.pl\\\/?author=9\"}]}<\/script>\n<!-- \/ Yoast SEO plugin. -->","yoast_head_json":{"title":"2025 w Muzeum Fabryki Norblina - rok wystaw, nowych projekt\u00f3w i wa\u017cnych wsp\u00f3\u0142prac | Muzeum Fabryki Norblina","description":"Muzeum Fabryki Norblina w 2025 roku zrealizowa\u0142o nowe wystawy czasowe, projekty edukacyjne i wsp\u00f3\u0142prace mi\u0119dzy muzeami, wzmacniaj\u0105c swoj\u0105 pozycj\u0119 jako kluczowe muzeum przemys\u0142owej historii Warszawy i Woli. Rok wystaw takich jak \u201eNie tylko secesja\u201d i \u201eBy\u0142o \/ Jest. Fabryka Norblina\u201d oraz rozw\u00f3j oferty zwiedzania i wydarze\u0144 biznesowych potwierdzi\u0142y dynamiczny rozw\u00f3j instytucji w przestrzeni kulturalnej Warszawy.","robots":{"index":"index","follow":"follow","max-snippet":"max-snippet:-1","max-image-preview":"max-image-preview:large","max-video-preview":"max-video-preview:-1"},"canonical":"https:\/\/muzeumfabrykinorblina.pl\/?p=6841","og_locale":"pl_PL","og_type":"article","og_title":"2025 w Muzeum Fabryki Norblina - rok wystaw, nowych projekt\u00f3w i wa\u017cnych wsp\u00f3\u0142prac | Muzeum Fabryki Norblina","og_description":"Muzeum Fabryki Norblina w 2025 roku zrealizowa\u0142o nowe wystawy czasowe, projekty edukacyjne i wsp\u00f3\u0142prace mi\u0119dzy muzeami, wzmacniaj\u0105c swoj\u0105 pozycj\u0119 jako kluczowe muzeum przemys\u0142owej historii Warszawy i Woli. Rok wystaw takich jak \u201eNie tylko secesja\u201d i \u201eBy\u0142o \/ Jest. Fabryka Norblina\u201d oraz rozw\u00f3j oferty zwiedzania i wydarze\u0144 biznesowych potwierdzi\u0142y dynamiczny rozw\u00f3j instytucji w przestrzeni kulturalnej Warszawy.","og_url":"https:\/\/muzeumfabrykinorblina.pl\/?p=6841","og_site_name":"Muzeum Fabryki Norblina","article_publisher":"https:\/\/www.facebook.com\/MuzeumFabrykiNorblina","article_published_time":"2026-02-18T15:30:26+00:00","article_modified_time":"2026-02-19T13:54:30+00:00","og_image":[{"width":1080,"height":1080,"url":"https:\/\/muzeumfabrykinorblina.pl\/wp-content\/uploads\/2026\/02\/MFN-Wpis-2025-1.jpg","type":"image\/jpeg"}],"author":"Agata Ilnicka","twitter_card":"summary_large_image","twitter_misc":{"Napisane przez":"Agata Ilnicka","Szacowany czas czytania":"4 minuty"},"schema":{"@context":"https:\/\/schema.org","@graph":[{"@type":"Article","@id":"https:\/\/muzeumfabrykinorblina.pl\/?p=6841#article","isPartOf":{"@id":"https:\/\/muzeumfabrykinorblina.pl\/?p=6841"},"author":{"name":"Agata Ilnicka","@id":"https:\/\/muzeumfabrykinorblina.pl\/#\/schema\/person\/4f1632ef79031887e0e24c4ea9d3472e"},"headline":"2025 w Muzeum Fabryki Norblina &#8211; rok wystaw, nowych projekt\u00f3w i wa\u017cnych wsp\u00f3\u0142prac","datePublished":"2026-02-18T15:30:26+00:00","dateModified":"2026-02-19T13:54:30+00:00","mainEntityOfPage":{"@id":"https:\/\/muzeumfabrykinorblina.pl\/?p=6841"},"wordCount":593,"publisher":{"@id":"https:\/\/muzeumfabrykinorblina.pl\/#organization"},"image":{"@id":"https:\/\/muzeumfabrykinorblina.pl\/?p=6841#primaryimage"},"thumbnailUrl":"https:\/\/muzeumfabrykinorblina.pl\/wp-content\/uploads\/2026\/02\/MFN-Wpis-2025-1.jpg","articleSection":["Aktualno\u015bci"],"inLanguage":"pl-PL"},{"@type":"WebPage","@id":"https:\/\/muzeumfabrykinorblina.pl\/?p=6841","url":"https:\/\/muzeumfabrykinorblina.pl\/?p=6841","name":"2025 w Muzeum Fabryki Norblina - rok wystaw, nowych projekt\u00f3w i wa\u017cnych wsp\u00f3\u0142prac | Muzeum Fabryki Norblina","isPartOf":{"@id":"https:\/\/muzeumfabrykinorblina.pl\/#website"},"primaryImageOfPage":{"@id":"https:\/\/muzeumfabrykinorblina.pl\/?p=6841#primaryimage"},"image":{"@id":"https:\/\/muzeumfabrykinorblina.pl\/?p=6841#primaryimage"},"thumbnailUrl":"https:\/\/muzeumfabrykinorblina.pl\/wp-content\/uploads\/2026\/02\/MFN-Wpis-2025-1.jpg","datePublished":"2026-02-18T15:30:26+00:00","dateModified":"2026-02-19T13:54:30+00:00","description":"Muzeum Fabryki Norblina w 2025 roku zrealizowa\u0142o nowe wystawy czasowe, projekty edukacyjne i wsp\u00f3\u0142prace mi\u0119dzy muzeami, wzmacniaj\u0105c swoj\u0105 pozycj\u0119 jako kluczowe muzeum przemys\u0142owej historii Warszawy i Woli. Rok wystaw takich jak \u201eNie tylko secesja\u201d i \u201eBy\u0142o \/ Jest. Fabryka Norblina\u201d oraz rozw\u00f3j oferty zwiedzania i wydarze\u0144 biznesowych potwierdzi\u0142y dynamiczny rozw\u00f3j instytucji w przestrzeni kulturalnej Warszawy.","breadcrumb":{"@id":"https:\/\/muzeumfabrykinorblina.pl\/?p=6841#breadcrumb"},"inLanguage":"pl-PL","potentialAction":[{"@type":"ReadAction","target":["https:\/\/muzeumfabrykinorblina.pl\/?p=6841"]}]},{"@type":"ImageObject","inLanguage":"pl-PL","@id":"https:\/\/muzeumfabrykinorblina.pl\/?p=6841#primaryimage","url":"https:\/\/muzeumfabrykinorblina.pl\/wp-content\/uploads\/2026\/02\/MFN-Wpis-2025-1.jpg","contentUrl":"https:\/\/muzeumfabrykinorblina.pl\/wp-content\/uploads\/2026\/02\/MFN-Wpis-2025-1.jpg","width":1080,"height":1080},{"@type":"BreadcrumbList","@id":"https:\/\/muzeumfabrykinorblina.pl\/?p=6841#breadcrumb","itemListElement":[{"@type":"ListItem","position":1,"name":"Strona g\u0142\u00f3wna","item":"https:\/\/muzeumfabrykinorblina.pl\/"},{"@type":"ListItem","position":2,"name":"2025 w Muzeum Fabryki Norblina &#8211; rok wystaw, nowych projekt\u00f3w i wa\u017cnych wsp\u00f3\u0142prac"}]},{"@type":"WebSite","@id":"https:\/\/muzeumfabrykinorblina.pl\/#website","url":"https:\/\/muzeumfabrykinorblina.pl\/","name":"Muzeum Fabryki Norblina","description":"Fabryka Norblina","publisher":{"@id":"https:\/\/muzeumfabrykinorblina.pl\/#organization"},"potentialAction":[{"@type":"SearchAction","target":{"@type":"EntryPoint","urlTemplate":"https:\/\/muzeumfabrykinorblina.pl\/?s={search_term_string}"},"query-input":{"@type":"PropertyValueSpecification","valueRequired":true,"valueName":"search_term_string"}}],"inLanguage":"pl-PL"},{"@type":"Organization","@id":"https:\/\/muzeumfabrykinorblina.pl\/#organization","name":"Muzeum Fabryki Norblina","url":"https:\/\/muzeumfabrykinorblina.pl\/","logo":{"@type":"ImageObject","inLanguage":"pl-PL","@id":"https:\/\/muzeumfabrykinorblina.pl\/#\/schema\/logo\/image\/","url":"https:\/\/muzeumfabrykinorblina.pl\/wp-content\/uploads\/2023\/11\/MFN_Featured-image_1200x675.jpg","contentUrl":"https:\/\/muzeumfabrykinorblina.pl\/wp-content\/uploads\/2023\/11\/MFN_Featured-image_1200x675.jpg","width":1200,"height":675,"caption":"Muzeum Fabryki Norblina"},"image":{"@id":"https:\/\/muzeumfabrykinorblina.pl\/#\/schema\/logo\/image\/"},"sameAs":["https:\/\/www.facebook.com\/MuzeumFabrykiNorblina","https:\/\/www.instagram.com\/muzeumfabrykinorblina\/"]},{"@type":"Person","@id":"https:\/\/muzeumfabrykinorblina.pl\/#\/schema\/person\/4f1632ef79031887e0e24c4ea9d3472e","name":"Agata Ilnicka","image":{"@type":"ImageObject","inLanguage":"pl-PL","@id":"https:\/\/secure.gravatar.com\/avatar\/0c850e3cc969e3bec61971337ea044add4e3b6da745c50448fbab5c86b0b85d9?s=96&d=mm&r=g","url":"https:\/\/secure.gravatar.com\/avatar\/0c850e3cc969e3bec61971337ea044add4e3b6da745c50448fbab5c86b0b85d9?s=96&d=mm&r=g","contentUrl":"https:\/\/secure.gravatar.com\/avatar\/0c850e3cc969e3bec61971337ea044add4e3b6da745c50448fbab5c86b0b85d9?s=96&d=mm&r=g","caption":"Agata Ilnicka"},"url":"https:\/\/muzeumfabrykinorblina.pl\/?author=9"}]}},"lang":"pl","translations":{"pl":6841},"builder_content":"","pll_sync_post":{},"_links":{"self":[{"href":"https:\/\/muzeumfabrykinorblina.pl\/index.php?rest_route=\/wp\/v2\/posts\/6841","targetHints":{"allow":["GET"]}}],"collection":[{"href":"https:\/\/muzeumfabrykinorblina.pl\/index.php?rest_route=\/wp\/v2\/posts"}],"about":[{"href":"https:\/\/muzeumfabrykinorblina.pl\/index.php?rest_route=\/wp\/v2\/types\/post"}],"author":[{"embeddable":true,"href":"https:\/\/muzeumfabrykinorblina.pl\/index.php?rest_route=\/wp\/v2\/users\/9"}],"replies":[{"embeddable":true,"href":"https:\/\/muzeumfabrykinorblina.pl\/index.php?rest_route=%2Fwp%2Fv2%2Fcomments&post=6841"}],"version-history":[{"count":7,"href":"https:\/\/muzeumfabrykinorblina.pl\/index.php?rest_route=\/wp\/v2\/posts\/6841\/revisions"}],"predecessor-version":[{"id":6853,"href":"https:\/\/muzeumfabrykinorblina.pl\/index.php?rest_route=\/wp\/v2\/posts\/6841\/revisions\/6853"}],"wp:featuredmedia":[{"embeddable":true,"href":"https:\/\/muzeumfabrykinorblina.pl\/index.php?rest_route=\/wp\/v2\/media\/6851"}],"wp:attachment":[{"href":"https:\/\/muzeumfabrykinorblina.pl\/index.php?rest_route=%2Fwp%2Fv2%2Fmedia&parent=6841"}],"wp:term":[{"taxonomy":"category","embeddable":true,"href":"https:\/\/muzeumfabrykinorblina.pl\/index.php?rest_route=%2Fwp%2Fv2%2Fcategories&post=6841"},{"taxonomy":"post_tag","embeddable":true,"href":"https:\/\/muzeumfabrykinorblina.pl\/index.php?rest_route=%2Fwp%2Fv2%2Ftags&post=6841"}],"curies":[{"name":"wp","href":"https:\/\/api.w.org\/{rel}","templated":true}]}}