{"id":6822,"date":"2026-02-13T14:06:14","date_gmt":"2026-02-13T13:06:14","guid":{"rendered":"https:\/\/muzeumfabrykinorblina.pl\/?p=6822"},"modified":"2026-02-13T14:06:18","modified_gmt":"2026-02-13T13:06:18","slug":"mlodzi-projektanci-dla-naszego-muzeum","status":"publish","type":"post","link":"https:\/\/muzeumfabrykinorblina.pl\/?p=6822","title":{"rendered":"M\u0142odzi projektanci dla naszego Muzeum \u2013 fina\u0142 wsp\u00f3lnego projektu ze School of Form"},"content":{"rendered":"\n<p class=\"wp-block-paragraph\">Projektowanie, edukacja i realne potrzeby instytucji kultury ponownie spotka\u0142y si\u0119 we wsp\u00f3lnym projekcie Muzeum Fabryki Norblina oraz School of Form Uniwersytetu SWPS. Efektem kilkumiesi\u0119cznej wsp\u00f3\u0142pracy s\u0105 koncepcje gad\u017cet\u00f3w muzealnych \u0142\u0105cz\u0105cych funkcje edukacyjne, praktyczne i ekologiczne.<\/p>\n\n\n\n<p class=\"wp-block-paragraph\">W Muzeum Fabryki Norblina odby\u0142o si\u0119 spotkanie fina\u0142owe ze studentami IV roku kierunku Wzornictwo (Communication Design oraz Product Design), kt\u00f3rzy w ramach zaj\u0119\u0107 Projekt Biznes pracowali nad koncepcj\u0105 gad\u017cetu muzealnego odpowiadaj\u0105cego na realne potrzeby instytucji kultury.<\/p>\n\n\n\n<p class=\"wp-block-paragraph\">Efektem kilkumiesi\u0119cznej wsp\u00f3\u0142pracy s\u0105 projekty produkt\u00f3w zaprojektowanych jako narz\u0119dzia wykorzystywane podczas warsztat\u00f3w muzealnych dla dzieci w wieku przedszkolnym i wczesnoszkolnym. Powsta\u0142e koncepcje \u0142\u0105cz\u0105 funkcje edukacyjne, praktyczne i ekologiczne, a jednocze\u015bnie aktywnie anga\u017cuj\u0105 najm\u0142odszych uczestnik\u00f3w zaj\u0119\u0107 w proces tworzenia.<\/p>\n\n\n\n<p class=\"wp-block-paragraph\">Dla nas ta wsp\u00f3\u0142praca by\u0142a cenn\u0105 okazj\u0105 do dialogu z m\u0142odymi projektantami oraz spojrzenia na ofert\u0119 edukacyjn\u0105 z nowej, \u015bwie\u017cej perspektywy. Projekt pozwoli\u0142 po\u0142\u0105czy\u0107 do\u015bwiadczenie instytucji kultury z kreatywno\u015bci\u0105 i wra\u017cliwo\u015bci\u0105 projektow\u0105 m\u0142odego pokolenia tw\u00f3rc\u00f3w.<\/p>\n\n\n\n<p class=\"wp-block-paragraph\">To kolejny etap wsp\u00f3\u0142pracy naszego Muzeum ze School of Form. Wcze\u015bniej, dzi\u0119ki wsp\u00f3lnym dzia\u0142aniom, drugie \u017cycie otrzyma\u0142y historyczne w\u00f3zki transportowe Fabryki Norblina \u2013 dzi\u015b funkcjonuj\u0105 jako \u0142awki oraz podstawy pod gabloty z platerami w przestrzeni kompleksu.<\/p>\n\n\n\n<p class=\"wp-block-paragraph\">Dzi\u0119kujemy studentom oraz zespo\u0142owi dydaktycznemu School of Form za zaanga\u017cowanie, profesjonalizm i otwarto\u015b\u0107 na wsp\u00f3\u0142prac\u0119.<\/p>\n\n\n<!-- wp:themify-builder\/canvas \/-->","protected":false},"excerpt":{"rendered":"<p>Projektowanie, edukacja i realne potrzeby instytucji kultury ponownie spotka\u0142y si\u0119 we wsp\u00f3lnym projekcie Muzeum Fabryki Norblina oraz School of Form Uniwersytetu SWPS. Efektem kilkumiesi\u0119cznej wsp\u00f3\u0142pracy s\u0105 koncepcje gad\u017cet\u00f3w muzealnych \u0142\u0105cz\u0105cych funkcje edukacyjne, praktyczne i ekologiczne. W Muzeum Fabryki Norblina odby\u0142o si\u0119 spotkanie fina\u0142owe ze studentami IV roku kierunku Wzornictwo (Communication Design oraz Product Design), kt\u00f3rzy [&hellip;]<\/p>\n","protected":false},"author":9,"featured_media":6823,"comment_status":"closed","ping_status":"closed","sticky":false,"template":"","format":"standard","meta":{"_acf_changed":false,"_monsterinsights_skip_tracking":false,"footnotes":""},"categories":[29],"tags":[],"class_list":["post-6822","post","type-post","status-publish","format-standard","has-post-thumbnail","hentry","category-aktualnosci","has-post-title","has-post-date","has-post-category","has-post-tag","has-post-comment","has-post-author",""],"acf":[],"yoast_head":"<!-- This site is optimized with the Yoast SEO plugin v28.2 - https:\/\/yoast.com\/product\/yoast-seo-wordpress\/ -->\n<title>M\u0142odzi projektanci dla naszego Muzeum \u2013 fina\u0142 wsp\u00f3lnego projektu ze School of Form | Muzeum Fabryki Norblina<\/title>\n<meta name=\"description\" content=\"Fina\u0142 wsp\u00f3lnego projektu ze School of Form to podsumowanie kilkumiesi\u0119cznej wsp\u00f3\u0142pracy Muzeum Fabryki Norblina i student\u00f3w Wzornictwa Uniwersytetu SWPS, w ramach kt\u00f3rej powsta\u0142y ekologiczne i edukacyjne koncepcje gad\u017cet\u00f3w muzealnych dla dzieci, odpowiadaj\u0105ce na realne potrzeby instytucji kultury.\" \/>\n<meta name=\"robots\" content=\"index, follow, max-snippet:-1, max-image-preview:large, max-video-preview:-1\" \/>\n<link rel=\"canonical\" href=\"https:\/\/muzeumfabrykinorblina.pl\/?p=6822\" \/>\n<meta property=\"og:locale\" content=\"pl_PL\" \/>\n<meta property=\"og:type\" content=\"article\" \/>\n<meta property=\"og:title\" content=\"M\u0142odzi projektanci dla naszego Muzeum \u2013 fina\u0142 wsp\u00f3lnego projektu ze School of Form | Muzeum Fabryki Norblina\" \/>\n<meta property=\"og:description\" content=\"Fina\u0142 wsp\u00f3lnego projektu ze School of Form to podsumowanie kilkumiesi\u0119cznej wsp\u00f3\u0142pracy Muzeum Fabryki Norblina i student\u00f3w Wzornictwa Uniwersytetu SWPS, w ramach kt\u00f3rej powsta\u0142y ekologiczne i edukacyjne koncepcje gad\u017cet\u00f3w muzealnych dla dzieci, odpowiadaj\u0105ce na realne potrzeby instytucji kultury.\" \/>\n<meta property=\"og:url\" content=\"https:\/\/muzeumfabrykinorblina.pl\/?p=6822\" \/>\n<meta property=\"og:site_name\" content=\"Muzeum Fabryki Norblina\" \/>\n<meta property=\"article:publisher\" content=\"https:\/\/www.facebook.com\/MuzeumFabrykiNorblina\" \/>\n<meta property=\"article:published_time\" content=\"2026-02-13T13:06:14+00:00\" \/>\n<meta property=\"article:modified_time\" content=\"2026-02-13T13:06:18+00:00\" \/>\n<meta property=\"og:image\" content=\"https:\/\/muzeumfabrykinorblina.pl\/wp-content\/uploads\/2026\/02\/MFN-SOF.jpg\" \/>\n\t<meta property=\"og:image:width\" content=\"1080\" \/>\n\t<meta property=\"og:image:height\" content=\"1080\" \/>\n\t<meta property=\"og:image:type\" content=\"image\/jpeg\" \/>\n<meta name=\"author\" content=\"Agata Ilnicka\" \/>\n<meta name=\"twitter:card\" content=\"summary_large_image\" \/>\n<meta name=\"twitter:label1\" content=\"Napisane przez\" \/>\n\t<meta name=\"twitter:data1\" content=\"Agata Ilnicka\" \/>\n\t<meta name=\"twitter:label2\" content=\"Szacowany czas czytania\" \/>\n\t<meta name=\"twitter:data2\" content=\"2 minuty\" \/>\n<script type=\"application\/ld+json\" class=\"yoast-schema-graph\">{\"@context\":\"https:\\\/\\\/schema.org\",\"@graph\":[{\"@type\":\"Article\",\"@id\":\"https:\\\/\\\/muzeumfabrykinorblina.pl\\\/?p=6822#article\",\"isPartOf\":{\"@id\":\"https:\\\/\\\/muzeumfabrykinorblina.pl\\\/?p=6822\"},\"author\":{\"name\":\"Agata Ilnicka\",\"@id\":\"https:\\\/\\\/muzeumfabrykinorblina.pl\\\/#\\\/schema\\\/person\\\/4f1632ef79031887e0e24c4ea9d3472e\"},\"headline\":\"M\u0142odzi projektanci dla naszego Muzeum \u2013 fina\u0142 wsp\u00f3lnego projektu ze School of Form\",\"datePublished\":\"2026-02-13T13:06:14+00:00\",\"dateModified\":\"2026-02-13T13:06:18+00:00\",\"mainEntityOfPage\":{\"@id\":\"https:\\\/\\\/muzeumfabrykinorblina.pl\\\/?p=6822\"},\"wordCount\":253,\"publisher\":{\"@id\":\"https:\\\/\\\/muzeumfabrykinorblina.pl\\\/#organization\"},\"image\":{\"@id\":\"https:\\\/\\\/muzeumfabrykinorblina.pl\\\/?p=6822#primaryimage\"},\"thumbnailUrl\":\"https:\\\/\\\/muzeumfabrykinorblina.pl\\\/wp-content\\\/uploads\\\/2026\\\/02\\\/MFN-SOF.jpg\",\"articleSection\":[\"Aktualno\u015bci\"],\"inLanguage\":\"pl-PL\"},{\"@type\":\"WebPage\",\"@id\":\"https:\\\/\\\/muzeumfabrykinorblina.pl\\\/?p=6822\",\"url\":\"https:\\\/\\\/muzeumfabrykinorblina.pl\\\/?p=6822\",\"name\":\"M\u0142odzi projektanci dla naszego Muzeum \u2013 fina\u0142 wsp\u00f3lnego projektu ze School of Form | Muzeum Fabryki Norblina\",\"isPartOf\":{\"@id\":\"https:\\\/\\\/muzeumfabrykinorblina.pl\\\/#website\"},\"primaryImageOfPage\":{\"@id\":\"https:\\\/\\\/muzeumfabrykinorblina.pl\\\/?p=6822#primaryimage\"},\"image\":{\"@id\":\"https:\\\/\\\/muzeumfabrykinorblina.pl\\\/?p=6822#primaryimage\"},\"thumbnailUrl\":\"https:\\\/\\\/muzeumfabrykinorblina.pl\\\/wp-content\\\/uploads\\\/2026\\\/02\\\/MFN-SOF.jpg\",\"datePublished\":\"2026-02-13T13:06:14+00:00\",\"dateModified\":\"2026-02-13T13:06:18+00:00\",\"description\":\"Fina\u0142 wsp\u00f3lnego projektu ze School of Form to podsumowanie kilkumiesi\u0119cznej wsp\u00f3\u0142pracy Muzeum Fabryki Norblina i student\u00f3w Wzornictwa Uniwersytetu SWPS, w ramach kt\u00f3rej powsta\u0142y ekologiczne i edukacyjne koncepcje gad\u017cet\u00f3w muzealnych dla dzieci, odpowiadaj\u0105ce na realne potrzeby instytucji kultury.\",\"breadcrumb\":{\"@id\":\"https:\\\/\\\/muzeumfabrykinorblina.pl\\\/?p=6822#breadcrumb\"},\"inLanguage\":\"pl-PL\",\"potentialAction\":[{\"@type\":\"ReadAction\",\"target\":[\"https:\\\/\\\/muzeumfabrykinorblina.pl\\\/?p=6822\"]}]},{\"@type\":\"ImageObject\",\"inLanguage\":\"pl-PL\",\"@id\":\"https:\\\/\\\/muzeumfabrykinorblina.pl\\\/?p=6822#primaryimage\",\"url\":\"https:\\\/\\\/muzeumfabrykinorblina.pl\\\/wp-content\\\/uploads\\\/2026\\\/02\\\/MFN-SOF.jpg\",\"contentUrl\":\"https:\\\/\\\/muzeumfabrykinorblina.pl\\\/wp-content\\\/uploads\\\/2026\\\/02\\\/MFN-SOF.jpg\",\"width\":1080,\"height\":1080},{\"@type\":\"BreadcrumbList\",\"@id\":\"https:\\\/\\\/muzeumfabrykinorblina.pl\\\/?p=6822#breadcrumb\",\"itemListElement\":[{\"@type\":\"ListItem\",\"position\":1,\"name\":\"Strona g\u0142\u00f3wna\",\"item\":\"https:\\\/\\\/muzeumfabrykinorblina.pl\\\/\"},{\"@type\":\"ListItem\",\"position\":2,\"name\":\"M\u0142odzi projektanci dla naszego Muzeum \u2013 fina\u0142 wsp\u00f3lnego projektu ze School of Form\"}]},{\"@type\":\"WebSite\",\"@id\":\"https:\\\/\\\/muzeumfabrykinorblina.pl\\\/#website\",\"url\":\"https:\\\/\\\/muzeumfabrykinorblina.pl\\\/\",\"name\":\"Muzeum Fabryki Norblina\",\"description\":\"Fabryka Norblina\",\"publisher\":{\"@id\":\"https:\\\/\\\/muzeumfabrykinorblina.pl\\\/#organization\"},\"potentialAction\":[{\"@type\":\"SearchAction\",\"target\":{\"@type\":\"EntryPoint\",\"urlTemplate\":\"https:\\\/\\\/muzeumfabrykinorblina.pl\\\/?s={search_term_string}\"},\"query-input\":{\"@type\":\"PropertyValueSpecification\",\"valueRequired\":true,\"valueName\":\"search_term_string\"}}],\"inLanguage\":\"pl-PL\"},{\"@type\":\"Organization\",\"@id\":\"https:\\\/\\\/muzeumfabrykinorblina.pl\\\/#organization\",\"name\":\"Muzeum Fabryki Norblina\",\"url\":\"https:\\\/\\\/muzeumfabrykinorblina.pl\\\/\",\"logo\":{\"@type\":\"ImageObject\",\"inLanguage\":\"pl-PL\",\"@id\":\"https:\\\/\\\/muzeumfabrykinorblina.pl\\\/#\\\/schema\\\/logo\\\/image\\\/\",\"url\":\"https:\\\/\\\/muzeumfabrykinorblina.pl\\\/wp-content\\\/uploads\\\/2023\\\/11\\\/MFN_Featured-image_1200x675.jpg\",\"contentUrl\":\"https:\\\/\\\/muzeumfabrykinorblina.pl\\\/wp-content\\\/uploads\\\/2023\\\/11\\\/MFN_Featured-image_1200x675.jpg\",\"width\":1200,\"height\":675,\"caption\":\"Muzeum Fabryki Norblina\"},\"image\":{\"@id\":\"https:\\\/\\\/muzeumfabrykinorblina.pl\\\/#\\\/schema\\\/logo\\\/image\\\/\"},\"sameAs\":[\"https:\\\/\\\/www.facebook.com\\\/MuzeumFabrykiNorblina\",\"https:\\\/\\\/www.instagram.com\\\/muzeumfabrykinorblina\\\/\"]},{\"@type\":\"Person\",\"@id\":\"https:\\\/\\\/muzeumfabrykinorblina.pl\\\/#\\\/schema\\\/person\\\/4f1632ef79031887e0e24c4ea9d3472e\",\"name\":\"Agata Ilnicka\",\"image\":{\"@type\":\"ImageObject\",\"inLanguage\":\"pl-PL\",\"@id\":\"https:\\\/\\\/secure.gravatar.com\\\/avatar\\\/0c850e3cc969e3bec61971337ea044add4e3b6da745c50448fbab5c86b0b85d9?s=96&d=mm&r=g\",\"url\":\"https:\\\/\\\/secure.gravatar.com\\\/avatar\\\/0c850e3cc969e3bec61971337ea044add4e3b6da745c50448fbab5c86b0b85d9?s=96&d=mm&r=g\",\"contentUrl\":\"https:\\\/\\\/secure.gravatar.com\\\/avatar\\\/0c850e3cc969e3bec61971337ea044add4e3b6da745c50448fbab5c86b0b85d9?s=96&d=mm&r=g\",\"caption\":\"Agata Ilnicka\"},\"url\":\"https:\\\/\\\/muzeumfabrykinorblina.pl\\\/?author=9\"}]}<\/script>\n<!-- \/ Yoast SEO plugin. -->","yoast_head_json":{"title":"M\u0142odzi projektanci dla naszego Muzeum \u2013 fina\u0142 wsp\u00f3lnego projektu ze School of Form | Muzeum Fabryki Norblina","description":"Fina\u0142 wsp\u00f3lnego projektu ze School of Form to podsumowanie kilkumiesi\u0119cznej wsp\u00f3\u0142pracy Muzeum Fabryki Norblina i student\u00f3w Wzornictwa Uniwersytetu SWPS, w ramach kt\u00f3rej powsta\u0142y ekologiczne i edukacyjne koncepcje gad\u017cet\u00f3w muzealnych dla dzieci, odpowiadaj\u0105ce na realne potrzeby instytucji kultury.","robots":{"index":"index","follow":"follow","max-snippet":"max-snippet:-1","max-image-preview":"max-image-preview:large","max-video-preview":"max-video-preview:-1"},"canonical":"https:\/\/muzeumfabrykinorblina.pl\/?p=6822","og_locale":"pl_PL","og_type":"article","og_title":"M\u0142odzi projektanci dla naszego Muzeum \u2013 fina\u0142 wsp\u00f3lnego projektu ze School of Form | Muzeum Fabryki Norblina","og_description":"Fina\u0142 wsp\u00f3lnego projektu ze School of Form to podsumowanie kilkumiesi\u0119cznej wsp\u00f3\u0142pracy Muzeum Fabryki Norblina i student\u00f3w Wzornictwa Uniwersytetu SWPS, w ramach kt\u00f3rej powsta\u0142y ekologiczne i edukacyjne koncepcje gad\u017cet\u00f3w muzealnych dla dzieci, odpowiadaj\u0105ce na realne potrzeby instytucji kultury.","og_url":"https:\/\/muzeumfabrykinorblina.pl\/?p=6822","og_site_name":"Muzeum Fabryki Norblina","article_publisher":"https:\/\/www.facebook.com\/MuzeumFabrykiNorblina","article_published_time":"2026-02-13T13:06:14+00:00","article_modified_time":"2026-02-13T13:06:18+00:00","og_image":[{"width":1080,"height":1080,"url":"https:\/\/muzeumfabrykinorblina.pl\/wp-content\/uploads\/2026\/02\/MFN-SOF.jpg","type":"image\/jpeg"}],"author":"Agata Ilnicka","twitter_card":"summary_large_image","twitter_misc":{"Napisane przez":"Agata Ilnicka","Szacowany czas czytania":"2 minuty"},"schema":{"@context":"https:\/\/schema.org","@graph":[{"@type":"Article","@id":"https:\/\/muzeumfabrykinorblina.pl\/?p=6822#article","isPartOf":{"@id":"https:\/\/muzeumfabrykinorblina.pl\/?p=6822"},"author":{"name":"Agata Ilnicka","@id":"https:\/\/muzeumfabrykinorblina.pl\/#\/schema\/person\/4f1632ef79031887e0e24c4ea9d3472e"},"headline":"M\u0142odzi projektanci dla naszego Muzeum \u2013 fina\u0142 wsp\u00f3lnego projektu ze School of Form","datePublished":"2026-02-13T13:06:14+00:00","dateModified":"2026-02-13T13:06:18+00:00","mainEntityOfPage":{"@id":"https:\/\/muzeumfabrykinorblina.pl\/?p=6822"},"wordCount":253,"publisher":{"@id":"https:\/\/muzeumfabrykinorblina.pl\/#organization"},"image":{"@id":"https:\/\/muzeumfabrykinorblina.pl\/?p=6822#primaryimage"},"thumbnailUrl":"https:\/\/muzeumfabrykinorblina.pl\/wp-content\/uploads\/2026\/02\/MFN-SOF.jpg","articleSection":["Aktualno\u015bci"],"inLanguage":"pl-PL"},{"@type":"WebPage","@id":"https:\/\/muzeumfabrykinorblina.pl\/?p=6822","url":"https:\/\/muzeumfabrykinorblina.pl\/?p=6822","name":"M\u0142odzi projektanci dla naszego Muzeum \u2013 fina\u0142 wsp\u00f3lnego projektu ze School of Form | Muzeum Fabryki Norblina","isPartOf":{"@id":"https:\/\/muzeumfabrykinorblina.pl\/#website"},"primaryImageOfPage":{"@id":"https:\/\/muzeumfabrykinorblina.pl\/?p=6822#primaryimage"},"image":{"@id":"https:\/\/muzeumfabrykinorblina.pl\/?p=6822#primaryimage"},"thumbnailUrl":"https:\/\/muzeumfabrykinorblina.pl\/wp-content\/uploads\/2026\/02\/MFN-SOF.jpg","datePublished":"2026-02-13T13:06:14+00:00","dateModified":"2026-02-13T13:06:18+00:00","description":"Fina\u0142 wsp\u00f3lnego projektu ze School of Form to podsumowanie kilkumiesi\u0119cznej wsp\u00f3\u0142pracy Muzeum Fabryki Norblina i student\u00f3w Wzornictwa Uniwersytetu SWPS, w ramach kt\u00f3rej powsta\u0142y ekologiczne i edukacyjne koncepcje gad\u017cet\u00f3w muzealnych dla dzieci, odpowiadaj\u0105ce na realne potrzeby instytucji kultury.","breadcrumb":{"@id":"https:\/\/muzeumfabrykinorblina.pl\/?p=6822#breadcrumb"},"inLanguage":"pl-PL","potentialAction":[{"@type":"ReadAction","target":["https:\/\/muzeumfabrykinorblina.pl\/?p=6822"]}]},{"@type":"ImageObject","inLanguage":"pl-PL","@id":"https:\/\/muzeumfabrykinorblina.pl\/?p=6822#primaryimage","url":"https:\/\/muzeumfabrykinorblina.pl\/wp-content\/uploads\/2026\/02\/MFN-SOF.jpg","contentUrl":"https:\/\/muzeumfabrykinorblina.pl\/wp-content\/uploads\/2026\/02\/MFN-SOF.jpg","width":1080,"height":1080},{"@type":"BreadcrumbList","@id":"https:\/\/muzeumfabrykinorblina.pl\/?p=6822#breadcrumb","itemListElement":[{"@type":"ListItem","position":1,"name":"Strona g\u0142\u00f3wna","item":"https:\/\/muzeumfabrykinorblina.pl\/"},{"@type":"ListItem","position":2,"name":"M\u0142odzi projektanci dla naszego Muzeum \u2013 fina\u0142 wsp\u00f3lnego projektu ze School of Form"}]},{"@type":"WebSite","@id":"https:\/\/muzeumfabrykinorblina.pl\/#website","url":"https:\/\/muzeumfabrykinorblina.pl\/","name":"Muzeum Fabryki Norblina","description":"Fabryka Norblina","publisher":{"@id":"https:\/\/muzeumfabrykinorblina.pl\/#organization"},"potentialAction":[{"@type":"SearchAction","target":{"@type":"EntryPoint","urlTemplate":"https:\/\/muzeumfabrykinorblina.pl\/?s={search_term_string}"},"query-input":{"@type":"PropertyValueSpecification","valueRequired":true,"valueName":"search_term_string"}}],"inLanguage":"pl-PL"},{"@type":"Organization","@id":"https:\/\/muzeumfabrykinorblina.pl\/#organization","name":"Muzeum Fabryki Norblina","url":"https:\/\/muzeumfabrykinorblina.pl\/","logo":{"@type":"ImageObject","inLanguage":"pl-PL","@id":"https:\/\/muzeumfabrykinorblina.pl\/#\/schema\/logo\/image\/","url":"https:\/\/muzeumfabrykinorblina.pl\/wp-content\/uploads\/2023\/11\/MFN_Featured-image_1200x675.jpg","contentUrl":"https:\/\/muzeumfabrykinorblina.pl\/wp-content\/uploads\/2023\/11\/MFN_Featured-image_1200x675.jpg","width":1200,"height":675,"caption":"Muzeum Fabryki Norblina"},"image":{"@id":"https:\/\/muzeumfabrykinorblina.pl\/#\/schema\/logo\/image\/"},"sameAs":["https:\/\/www.facebook.com\/MuzeumFabrykiNorblina","https:\/\/www.instagram.com\/muzeumfabrykinorblina\/"]},{"@type":"Person","@id":"https:\/\/muzeumfabrykinorblina.pl\/#\/schema\/person\/4f1632ef79031887e0e24c4ea9d3472e","name":"Agata Ilnicka","image":{"@type":"ImageObject","inLanguage":"pl-PL","@id":"https:\/\/secure.gravatar.com\/avatar\/0c850e3cc969e3bec61971337ea044add4e3b6da745c50448fbab5c86b0b85d9?s=96&d=mm&r=g","url":"https:\/\/secure.gravatar.com\/avatar\/0c850e3cc969e3bec61971337ea044add4e3b6da745c50448fbab5c86b0b85d9?s=96&d=mm&r=g","contentUrl":"https:\/\/secure.gravatar.com\/avatar\/0c850e3cc969e3bec61971337ea044add4e3b6da745c50448fbab5c86b0b85d9?s=96&d=mm&r=g","caption":"Agata Ilnicka"},"url":"https:\/\/muzeumfabrykinorblina.pl\/?author=9"}]}},"lang":"pl","translations":{"pl":6822},"builder_content":"","pll_sync_post":{},"_links":{"self":[{"href":"https:\/\/muzeumfabrykinorblina.pl\/index.php?rest_route=\/wp\/v2\/posts\/6822","targetHints":{"allow":["GET"]}}],"collection":[{"href":"https:\/\/muzeumfabrykinorblina.pl\/index.php?rest_route=\/wp\/v2\/posts"}],"about":[{"href":"https:\/\/muzeumfabrykinorblina.pl\/index.php?rest_route=\/wp\/v2\/types\/post"}],"author":[{"embeddable":true,"href":"https:\/\/muzeumfabrykinorblina.pl\/index.php?rest_route=\/wp\/v2\/users\/9"}],"replies":[{"embeddable":true,"href":"https:\/\/muzeumfabrykinorblina.pl\/index.php?rest_route=%2Fwp%2Fv2%2Fcomments&post=6822"}],"version-history":[{"count":1,"href":"https:\/\/muzeumfabrykinorblina.pl\/index.php?rest_route=\/wp\/v2\/posts\/6822\/revisions"}],"predecessor-version":[{"id":6824,"href":"https:\/\/muzeumfabrykinorblina.pl\/index.php?rest_route=\/wp\/v2\/posts\/6822\/revisions\/6824"}],"wp:featuredmedia":[{"embeddable":true,"href":"https:\/\/muzeumfabrykinorblina.pl\/index.php?rest_route=\/wp\/v2\/media\/6823"}],"wp:attachment":[{"href":"https:\/\/muzeumfabrykinorblina.pl\/index.php?rest_route=%2Fwp%2Fv2%2Fmedia&parent=6822"}],"wp:term":[{"taxonomy":"category","embeddable":true,"href":"https:\/\/muzeumfabrykinorblina.pl\/index.php?rest_route=%2Fwp%2Fv2%2Fcategories&post=6822"},{"taxonomy":"post_tag","embeddable":true,"href":"https:\/\/muzeumfabrykinorblina.pl\/index.php?rest_route=%2Fwp%2Fv2%2Ftags&post=6822"}],"curies":[{"name":"wp","href":"https:\/\/api.w.org\/{rel}","templated":true}]}}