{"id":6778,"date":"2026-01-28T15:13:47","date_gmt":"2026-01-28T14:13:47","guid":{"rendered":"https:\/\/muzeumfabrykinorblina.pl\/?p=6778"},"modified":"2026-01-28T15:14:28","modified_gmt":"2026-01-28T14:14:28","slug":"nowy-punkt-bilety-info","status":"publish","type":"post","link":"https:\/\/muzeumfabrykinorblina.pl\/?p=6778","title":{"rendered":"Nowy punkt Bilety\/Info \u2013 tam, gdzie zaczyna si\u0119 opowie\u015b\u0107 naszego Muzeum"},"content":{"rendered":"\n<p class=\"wp-block-paragraph\">Ka\u017cde zwiedzanie ma sw\u00f3j pocz\u0105tek. W Muzeum Fabryki Norblina jest nim nowy punkt Bilety\/Info, zlokalizowany w historycznej Namiarowni \u2013 miejscu, kt\u00f3re od lat by\u0142o punktem orientacyjnym i sercem porz\u0105dku w dawnej fabryce. Dzi\u015b zn\u00f3w pe\u0142ni t\u0119 rol\u0119, zapraszaj\u0105c do wsp\u00f3lnej podr\u00f3\u017cy przez ponad 240 lat historii.<\/p>\n\n\n\n<p class=\"wp-block-paragraph\">To w\u0142a\u015bnie tutaj spotykamy naszych go\u015bci po raz pierwszy. Tu kupuje si\u0119 bilety, zadaje pytania, odbiera audioprzewodniki i\u2026 zaczyna si\u0119 muzealna opowie\u015b\u0107. Zale\u017ca\u0142o nam, aby ten moment by\u0142 czym\u015b wi\u0119cej ni\u017c tylko formalno\u015bci\u0105 \u2013 \u017ceby ju\u017c od progu by\u0142o jasne, \u017ce wchodzimy w przestrze\u0144 z pami\u0119ci\u0105, charakterem i w\u0142asnym rytmem.<\/p>\n\n\n\n<p class=\"wp-block-paragraph\">Nowa aran\u017cacja punktu Bilety\/Info powsta\u0142a w zabytkowym budynku dawnej Namiarowni \u2013 miejscu, kt\u00f3re do ko\u0144ca funkcjonowania fabryki porz\u0105dkowa\u0142o produkcj\u0119 i procesy technologiczne. Dzi\u015b porz\u0105dkuje histori\u0119.<\/p>\n\n\n\n<p class=\"wp-block-paragraph\"><strong>Architektura, kt\u00f3ra nie dominuje \u2013 tylko opowiada<\/strong><\/p>\n\n\n\n<p class=\"wp-block-paragraph\">Now\u0105 ods\u0142on\u0119 punktu Bilety\/Info, przy wsp\u00f3\u0142pracy Karoliny Pot\u0119bskiej, zaprojektowa\u0142 <strong>Jakub Szcz\u0119sny<\/strong>, architekt, kt\u00f3ry potrafi pracowa\u0107 z ograniczeniem i znaczeniem miejsca. Na zaledwie 25 m\u00b2 powsta\u0142a przestrze\u0144 funkcjonalna, wsp\u00f3\u0142czesna i pow\u015bci\u0105gliwa \u2013 taka, kt\u00f3ra nie konkuruje z histori\u0105, ale pozwala jej wybrzmie\u0107.<\/p>\n\n\n\n<p class=\"wp-block-paragraph\">Centralnym elementem wn\u0119trza jest d\u0142uga, horyzontalna lada \u2013 zaprojektowana tak, by obs\u0142ugiwa\u0107 r\u00f3\u017cne potrzeby go\u015bci i jednocze\u015bnie prowadzi\u0107 ich dalej. Materia\u0142y, proporcje i detale nawi\u0105zuj\u0105 do przemys\u0142owego charakteru Fabryki Norblina, a autentyczne ceglane \u015bciany, \u017celiwne p\u0142yty pod\u0142ogowe i zachowane elementy wyposa\u017cenia przypominaj\u0105, \u017ce jeste\u015bmy w miejscu prawdziwym, nie inscenizowanym.<\/p>\n\n\n\n<p class=\"wp-block-paragraph\">W punkcie Bilety\/Info pojawi\u0142 si\u0119 tak\u017ce subtelny akcent narracyjny \u2013 mini-fotoplastykon, kt\u00f3ry wprowadza w histori\u0119 zak\u0142ad\u00f3w Norblina, Braci Buch i T. Wernera. To pierwszy sygna\u0142, \u017ce muzeum nie ko\u0144czy si\u0119 w jednej sali, a jego wystawa jest rozproszona w ca\u0142ym kompleksie, w architekturze, maszynach i detalach.<\/p>\n\n\n\n<p class=\"wp-block-paragraph\"><strong>Sklepik, kt\u00f3ry opowiada dalej<\/strong><\/p>\n\n\n\n<p class=\"wp-block-paragraph\">Integraln\u0105 cz\u0119\u015bci\u0105 przestrzeni jest r\u00f3wnie\u017c sklepik muzealny, kt\u00f3rego centralnym punktem jest replika legendarnej cukiernicy-kuli projektu <strong>Julii Keilowej<\/strong> \u2013 jednego z najwa\u017cniejszych obiekt\u00f3w w naszej kolekcji. To przedmiot-symbol: opowie\u015b\u0107 o polskim wzornictwie, technologii i ambicjach dawnej fabryki, zamkni\u0119ta w eleganckiej formie.<\/p>\n\n\n\n<p class=\"wp-block-paragraph\">Obok niej znalaz\u0142y si\u0119 starannie wybrane publikacje i pami\u0105tki \u2013 rzeczy, kt\u00f3re nie s\u0105 przypadkowe, ale wynikaj\u0105 z historii miejsca i jego dziedzictwa.<\/p>\n\n\n\n<p class=\"wp-block-paragraph\">Nowy punkt Bilety\/Info to dla nas co\u015b wi\u0119cej ni\u017c zmiana aran\u017cacji. To \u015bwiadomy pocz\u0105tek muzealnej trasy \u2013 moment, w kt\u00f3rym zapraszamy do wej\u015bcia w histori\u0119 Fabryki Norblina uwa\u017cnie, bez po\u015bpiechu, z ciekawo\u015bci\u0105.<\/p>\n\n\n<!-- wp:themify-builder\/canvas \/-->","protected":false},"excerpt":{"rendered":"<p>Ka\u017cde zwiedzanie ma sw\u00f3j pocz\u0105tek. W Muzeum Fabryki Norblina jest nim nowy punkt Bilety\/Info, zlokalizowany w historycznej Namiarowni \u2013 miejscu, kt\u00f3re od lat by\u0142o punktem orientacyjnym i sercem porz\u0105dku w dawnej fabryce. Dzi\u015b zn\u00f3w pe\u0142ni t\u0119 rol\u0119, zapraszaj\u0105c do wsp\u00f3lnej podr\u00f3\u017cy przez ponad 240 lat historii. To w\u0142a\u015bnie tutaj spotykamy naszych go\u015bci po raz pierwszy. [&hellip;]<\/p>\n","protected":false},"author":9,"featured_media":6779,"comment_status":"closed","ping_status":"closed","sticky":false,"template":"","format":"standard","meta":{"_acf_changed":false,"_monsterinsights_skip_tracking":false,"footnotes":""},"categories":[29],"tags":[],"class_list":["post-6778","post","type-post","status-publish","format-standard","has-post-thumbnail","hentry","category-aktualnosci","has-post-title","has-post-date","has-post-category","has-post-tag","has-post-comment","has-post-author",""],"acf":[],"yoast_head":"<!-- This site is optimized with the Yoast SEO plugin v28.2 - https:\/\/yoast.com\/product\/yoast-seo-wordpress\/ -->\n<title>Nowy punkt Bilety\/Info \u2013 tam, gdzie zaczyna si\u0119 opowie\u015b\u0107 naszego Muzeum | Muzeum Fabryki Norblina<\/title>\n<meta name=\"description\" content=\"W Muzeum Fabryki Norblina jest nim nowy punkt Bilety\/Info, zlokalizowany w historycznej Namiarowni - miejscu, kt\u00f3re od lat by\u0142o punktem orientacyjnym i sercem porz\u0105dku w dawnej fabryce. Dzi\u015b zn\u00f3w pe\u0142ni t\u0119 rol\u0119, zapraszaj\u0105c do wsp\u00f3lnej podr\u00f3\u017cy przez ponad 240 lat historii.\" \/>\n<meta name=\"robots\" content=\"index, follow, max-snippet:-1, max-image-preview:large, max-video-preview:-1\" \/>\n<link rel=\"canonical\" href=\"https:\/\/muzeumfabrykinorblina.pl\/?p=6778\" \/>\n<meta property=\"og:locale\" content=\"pl_PL\" \/>\n<meta property=\"og:type\" content=\"article\" \/>\n<meta property=\"og:title\" content=\"Nowy punkt Bilety\/Info \u2013 tam, gdzie zaczyna si\u0119 opowie\u015b\u0107 naszego Muzeum | Muzeum Fabryki Norblina\" \/>\n<meta property=\"og:description\" content=\"W Muzeum Fabryki Norblina jest nim nowy punkt Bilety\/Info, zlokalizowany w historycznej Namiarowni - miejscu, kt\u00f3re od lat by\u0142o punktem orientacyjnym i sercem porz\u0105dku w dawnej fabryce. Dzi\u015b zn\u00f3w pe\u0142ni t\u0119 rol\u0119, zapraszaj\u0105c do wsp\u00f3lnej podr\u00f3\u017cy przez ponad 240 lat historii.\" \/>\n<meta property=\"og:url\" content=\"https:\/\/muzeumfabrykinorblina.pl\/?p=6778\" \/>\n<meta property=\"og:site_name\" content=\"Muzeum Fabryki Norblina\" \/>\n<meta property=\"article:publisher\" content=\"https:\/\/www.facebook.com\/MuzeumFabrykiNorblina\" \/>\n<meta property=\"article:published_time\" content=\"2026-01-28T14:13:47+00:00\" \/>\n<meta property=\"article:modified_time\" content=\"2026-01-28T14:14:28+00:00\" \/>\n<meta property=\"og:image\" content=\"https:\/\/muzeumfabrykinorblina.pl\/wp-content\/uploads\/2026\/01\/MFN-Wpis-Punkt.jpg\" \/>\n\t<meta property=\"og:image:width\" content=\"1080\" \/>\n\t<meta property=\"og:image:height\" content=\"1080\" \/>\n\t<meta property=\"og:image:type\" content=\"image\/jpeg\" \/>\n<meta name=\"author\" content=\"Agata Ilnicka\" \/>\n<meta name=\"twitter:card\" content=\"summary_large_image\" \/>\n<meta name=\"twitter:label1\" content=\"Napisane przez\" \/>\n\t<meta name=\"twitter:data1\" content=\"Agata Ilnicka\" \/>\n\t<meta name=\"twitter:label2\" content=\"Szacowany czas czytania\" \/>\n\t<meta name=\"twitter:data2\" content=\"3 minuty\" \/>\n<script type=\"application\/ld+json\" class=\"yoast-schema-graph\">{\"@context\":\"https:\\\/\\\/schema.org\",\"@graph\":[{\"@type\":\"Article\",\"@id\":\"https:\\\/\\\/muzeumfabrykinorblina.pl\\\/?p=6778#article\",\"isPartOf\":{\"@id\":\"https:\\\/\\\/muzeumfabrykinorblina.pl\\\/?p=6778\"},\"author\":{\"name\":\"Agata Ilnicka\",\"@id\":\"https:\\\/\\\/muzeumfabrykinorblina.pl\\\/#\\\/schema\\\/person\\\/4f1632ef79031887e0e24c4ea9d3472e\"},\"headline\":\"Nowy punkt Bilety\\\/Info \u2013 tam, gdzie zaczyna si\u0119 opowie\u015b\u0107 naszego Muzeum\",\"datePublished\":\"2026-01-28T14:13:47+00:00\",\"dateModified\":\"2026-01-28T14:14:28+00:00\",\"mainEntityOfPage\":{\"@id\":\"https:\\\/\\\/muzeumfabrykinorblina.pl\\\/?p=6778\"},\"wordCount\":443,\"publisher\":{\"@id\":\"https:\\\/\\\/muzeumfabrykinorblina.pl\\\/#organization\"},\"image\":{\"@id\":\"https:\\\/\\\/muzeumfabrykinorblina.pl\\\/?p=6778#primaryimage\"},\"thumbnailUrl\":\"https:\\\/\\\/muzeumfabrykinorblina.pl\\\/wp-content\\\/uploads\\\/2026\\\/01\\\/MFN-Wpis-Punkt.jpg\",\"articleSection\":[\"Aktualno\u015bci\"],\"inLanguage\":\"pl-PL\"},{\"@type\":\"WebPage\",\"@id\":\"https:\\\/\\\/muzeumfabrykinorblina.pl\\\/?p=6778\",\"url\":\"https:\\\/\\\/muzeumfabrykinorblina.pl\\\/?p=6778\",\"name\":\"Nowy punkt Bilety\\\/Info \u2013 tam, gdzie zaczyna si\u0119 opowie\u015b\u0107 naszego Muzeum | Muzeum Fabryki Norblina\",\"isPartOf\":{\"@id\":\"https:\\\/\\\/muzeumfabrykinorblina.pl\\\/#website\"},\"primaryImageOfPage\":{\"@id\":\"https:\\\/\\\/muzeumfabrykinorblina.pl\\\/?p=6778#primaryimage\"},\"image\":{\"@id\":\"https:\\\/\\\/muzeumfabrykinorblina.pl\\\/?p=6778#primaryimage\"},\"thumbnailUrl\":\"https:\\\/\\\/muzeumfabrykinorblina.pl\\\/wp-content\\\/uploads\\\/2026\\\/01\\\/MFN-Wpis-Punkt.jpg\",\"datePublished\":\"2026-01-28T14:13:47+00:00\",\"dateModified\":\"2026-01-28T14:14:28+00:00\",\"description\":\"W Muzeum Fabryki Norblina jest nim nowy punkt Bilety\\\/Info, zlokalizowany w historycznej Namiarowni - miejscu, kt\u00f3re od lat by\u0142o punktem orientacyjnym i sercem porz\u0105dku w dawnej fabryce. Dzi\u015b zn\u00f3w pe\u0142ni t\u0119 rol\u0119, zapraszaj\u0105c do wsp\u00f3lnej podr\u00f3\u017cy przez ponad 240 lat historii.\",\"breadcrumb\":{\"@id\":\"https:\\\/\\\/muzeumfabrykinorblina.pl\\\/?p=6778#breadcrumb\"},\"inLanguage\":\"pl-PL\",\"potentialAction\":[{\"@type\":\"ReadAction\",\"target\":[\"https:\\\/\\\/muzeumfabrykinorblina.pl\\\/?p=6778\"]}]},{\"@type\":\"ImageObject\",\"inLanguage\":\"pl-PL\",\"@id\":\"https:\\\/\\\/muzeumfabrykinorblina.pl\\\/?p=6778#primaryimage\",\"url\":\"https:\\\/\\\/muzeumfabrykinorblina.pl\\\/wp-content\\\/uploads\\\/2026\\\/01\\\/MFN-Wpis-Punkt.jpg\",\"contentUrl\":\"https:\\\/\\\/muzeumfabrykinorblina.pl\\\/wp-content\\\/uploads\\\/2026\\\/01\\\/MFN-Wpis-Punkt.jpg\",\"width\":1080,\"height\":1080},{\"@type\":\"BreadcrumbList\",\"@id\":\"https:\\\/\\\/muzeumfabrykinorblina.pl\\\/?p=6778#breadcrumb\",\"itemListElement\":[{\"@type\":\"ListItem\",\"position\":1,\"name\":\"Strona g\u0142\u00f3wna\",\"item\":\"https:\\\/\\\/muzeumfabrykinorblina.pl\\\/\"},{\"@type\":\"ListItem\",\"position\":2,\"name\":\"Nowy punkt Bilety\\\/Info \u2013 tam, gdzie zaczyna si\u0119 opowie\u015b\u0107 naszego Muzeum\"}]},{\"@type\":\"WebSite\",\"@id\":\"https:\\\/\\\/muzeumfabrykinorblina.pl\\\/#website\",\"url\":\"https:\\\/\\\/muzeumfabrykinorblina.pl\\\/\",\"name\":\"Muzeum Fabryki Norblina\",\"description\":\"Fabryka Norblina\",\"publisher\":{\"@id\":\"https:\\\/\\\/muzeumfabrykinorblina.pl\\\/#organization\"},\"potentialAction\":[{\"@type\":\"SearchAction\",\"target\":{\"@type\":\"EntryPoint\",\"urlTemplate\":\"https:\\\/\\\/muzeumfabrykinorblina.pl\\\/?s={search_term_string}\"},\"query-input\":{\"@type\":\"PropertyValueSpecification\",\"valueRequired\":true,\"valueName\":\"search_term_string\"}}],\"inLanguage\":\"pl-PL\"},{\"@type\":\"Organization\",\"@id\":\"https:\\\/\\\/muzeumfabrykinorblina.pl\\\/#organization\",\"name\":\"Muzeum Fabryki Norblina\",\"url\":\"https:\\\/\\\/muzeumfabrykinorblina.pl\\\/\",\"logo\":{\"@type\":\"ImageObject\",\"inLanguage\":\"pl-PL\",\"@id\":\"https:\\\/\\\/muzeumfabrykinorblina.pl\\\/#\\\/schema\\\/logo\\\/image\\\/\",\"url\":\"https:\\\/\\\/muzeumfabrykinorblina.pl\\\/wp-content\\\/uploads\\\/2023\\\/11\\\/MFN_Featured-image_1200x675.jpg\",\"contentUrl\":\"https:\\\/\\\/muzeumfabrykinorblina.pl\\\/wp-content\\\/uploads\\\/2023\\\/11\\\/MFN_Featured-image_1200x675.jpg\",\"width\":1200,\"height\":675,\"caption\":\"Muzeum Fabryki Norblina\"},\"image\":{\"@id\":\"https:\\\/\\\/muzeumfabrykinorblina.pl\\\/#\\\/schema\\\/logo\\\/image\\\/\"},\"sameAs\":[\"https:\\\/\\\/www.facebook.com\\\/MuzeumFabrykiNorblina\",\"https:\\\/\\\/www.instagram.com\\\/muzeumfabrykinorblina\\\/\"]},{\"@type\":\"Person\",\"@id\":\"https:\\\/\\\/muzeumfabrykinorblina.pl\\\/#\\\/schema\\\/person\\\/4f1632ef79031887e0e24c4ea9d3472e\",\"name\":\"Agata Ilnicka\",\"image\":{\"@type\":\"ImageObject\",\"inLanguage\":\"pl-PL\",\"@id\":\"https:\\\/\\\/secure.gravatar.com\\\/avatar\\\/0c850e3cc969e3bec61971337ea044add4e3b6da745c50448fbab5c86b0b85d9?s=96&d=mm&r=g\",\"url\":\"https:\\\/\\\/secure.gravatar.com\\\/avatar\\\/0c850e3cc969e3bec61971337ea044add4e3b6da745c50448fbab5c86b0b85d9?s=96&d=mm&r=g\",\"contentUrl\":\"https:\\\/\\\/secure.gravatar.com\\\/avatar\\\/0c850e3cc969e3bec61971337ea044add4e3b6da745c50448fbab5c86b0b85d9?s=96&d=mm&r=g\",\"caption\":\"Agata Ilnicka\"},\"url\":\"https:\\\/\\\/muzeumfabrykinorblina.pl\\\/?author=9\"}]}<\/script>\n<!-- \/ Yoast SEO plugin. -->","yoast_head_json":{"title":"Nowy punkt Bilety\/Info \u2013 tam, gdzie zaczyna si\u0119 opowie\u015b\u0107 naszego Muzeum | Muzeum Fabryki Norblina","description":"W Muzeum Fabryki Norblina jest nim nowy punkt Bilety\/Info, zlokalizowany w historycznej Namiarowni - miejscu, kt\u00f3re od lat by\u0142o punktem orientacyjnym i sercem porz\u0105dku w dawnej fabryce. Dzi\u015b zn\u00f3w pe\u0142ni t\u0119 rol\u0119, zapraszaj\u0105c do wsp\u00f3lnej podr\u00f3\u017cy przez ponad 240 lat historii.","robots":{"index":"index","follow":"follow","max-snippet":"max-snippet:-1","max-image-preview":"max-image-preview:large","max-video-preview":"max-video-preview:-1"},"canonical":"https:\/\/muzeumfabrykinorblina.pl\/?p=6778","og_locale":"pl_PL","og_type":"article","og_title":"Nowy punkt Bilety\/Info \u2013 tam, gdzie zaczyna si\u0119 opowie\u015b\u0107 naszego Muzeum | Muzeum Fabryki Norblina","og_description":"W Muzeum Fabryki Norblina jest nim nowy punkt Bilety\/Info, zlokalizowany w historycznej Namiarowni - miejscu, kt\u00f3re od lat by\u0142o punktem orientacyjnym i sercem porz\u0105dku w dawnej fabryce. Dzi\u015b zn\u00f3w pe\u0142ni t\u0119 rol\u0119, zapraszaj\u0105c do wsp\u00f3lnej podr\u00f3\u017cy przez ponad 240 lat historii.","og_url":"https:\/\/muzeumfabrykinorblina.pl\/?p=6778","og_site_name":"Muzeum Fabryki Norblina","article_publisher":"https:\/\/www.facebook.com\/MuzeumFabrykiNorblina","article_published_time":"2026-01-28T14:13:47+00:00","article_modified_time":"2026-01-28T14:14:28+00:00","og_image":[{"width":1080,"height":1080,"url":"https:\/\/muzeumfabrykinorblina.pl\/wp-content\/uploads\/2026\/01\/MFN-Wpis-Punkt.jpg","type":"image\/jpeg"}],"author":"Agata Ilnicka","twitter_card":"summary_large_image","twitter_misc":{"Napisane przez":"Agata Ilnicka","Szacowany czas czytania":"3 minuty"},"schema":{"@context":"https:\/\/schema.org","@graph":[{"@type":"Article","@id":"https:\/\/muzeumfabrykinorblina.pl\/?p=6778#article","isPartOf":{"@id":"https:\/\/muzeumfabrykinorblina.pl\/?p=6778"},"author":{"name":"Agata Ilnicka","@id":"https:\/\/muzeumfabrykinorblina.pl\/#\/schema\/person\/4f1632ef79031887e0e24c4ea9d3472e"},"headline":"Nowy punkt Bilety\/Info \u2013 tam, gdzie zaczyna si\u0119 opowie\u015b\u0107 naszego Muzeum","datePublished":"2026-01-28T14:13:47+00:00","dateModified":"2026-01-28T14:14:28+00:00","mainEntityOfPage":{"@id":"https:\/\/muzeumfabrykinorblina.pl\/?p=6778"},"wordCount":443,"publisher":{"@id":"https:\/\/muzeumfabrykinorblina.pl\/#organization"},"image":{"@id":"https:\/\/muzeumfabrykinorblina.pl\/?p=6778#primaryimage"},"thumbnailUrl":"https:\/\/muzeumfabrykinorblina.pl\/wp-content\/uploads\/2026\/01\/MFN-Wpis-Punkt.jpg","articleSection":["Aktualno\u015bci"],"inLanguage":"pl-PL"},{"@type":"WebPage","@id":"https:\/\/muzeumfabrykinorblina.pl\/?p=6778","url":"https:\/\/muzeumfabrykinorblina.pl\/?p=6778","name":"Nowy punkt Bilety\/Info \u2013 tam, gdzie zaczyna si\u0119 opowie\u015b\u0107 naszego Muzeum | Muzeum Fabryki Norblina","isPartOf":{"@id":"https:\/\/muzeumfabrykinorblina.pl\/#website"},"primaryImageOfPage":{"@id":"https:\/\/muzeumfabrykinorblina.pl\/?p=6778#primaryimage"},"image":{"@id":"https:\/\/muzeumfabrykinorblina.pl\/?p=6778#primaryimage"},"thumbnailUrl":"https:\/\/muzeumfabrykinorblina.pl\/wp-content\/uploads\/2026\/01\/MFN-Wpis-Punkt.jpg","datePublished":"2026-01-28T14:13:47+00:00","dateModified":"2026-01-28T14:14:28+00:00","description":"W Muzeum Fabryki Norblina jest nim nowy punkt Bilety\/Info, zlokalizowany w historycznej Namiarowni - miejscu, kt\u00f3re od lat by\u0142o punktem orientacyjnym i sercem porz\u0105dku w dawnej fabryce. Dzi\u015b zn\u00f3w pe\u0142ni t\u0119 rol\u0119, zapraszaj\u0105c do wsp\u00f3lnej podr\u00f3\u017cy przez ponad 240 lat historii.","breadcrumb":{"@id":"https:\/\/muzeumfabrykinorblina.pl\/?p=6778#breadcrumb"},"inLanguage":"pl-PL","potentialAction":[{"@type":"ReadAction","target":["https:\/\/muzeumfabrykinorblina.pl\/?p=6778"]}]},{"@type":"ImageObject","inLanguage":"pl-PL","@id":"https:\/\/muzeumfabrykinorblina.pl\/?p=6778#primaryimage","url":"https:\/\/muzeumfabrykinorblina.pl\/wp-content\/uploads\/2026\/01\/MFN-Wpis-Punkt.jpg","contentUrl":"https:\/\/muzeumfabrykinorblina.pl\/wp-content\/uploads\/2026\/01\/MFN-Wpis-Punkt.jpg","width":1080,"height":1080},{"@type":"BreadcrumbList","@id":"https:\/\/muzeumfabrykinorblina.pl\/?p=6778#breadcrumb","itemListElement":[{"@type":"ListItem","position":1,"name":"Strona g\u0142\u00f3wna","item":"https:\/\/muzeumfabrykinorblina.pl\/"},{"@type":"ListItem","position":2,"name":"Nowy punkt Bilety\/Info \u2013 tam, gdzie zaczyna si\u0119 opowie\u015b\u0107 naszego Muzeum"}]},{"@type":"WebSite","@id":"https:\/\/muzeumfabrykinorblina.pl\/#website","url":"https:\/\/muzeumfabrykinorblina.pl\/","name":"Muzeum Fabryki Norblina","description":"Fabryka Norblina","publisher":{"@id":"https:\/\/muzeumfabrykinorblina.pl\/#organization"},"potentialAction":[{"@type":"SearchAction","target":{"@type":"EntryPoint","urlTemplate":"https:\/\/muzeumfabrykinorblina.pl\/?s={search_term_string}"},"query-input":{"@type":"PropertyValueSpecification","valueRequired":true,"valueName":"search_term_string"}}],"inLanguage":"pl-PL"},{"@type":"Organization","@id":"https:\/\/muzeumfabrykinorblina.pl\/#organization","name":"Muzeum Fabryki Norblina","url":"https:\/\/muzeumfabrykinorblina.pl\/","logo":{"@type":"ImageObject","inLanguage":"pl-PL","@id":"https:\/\/muzeumfabrykinorblina.pl\/#\/schema\/logo\/image\/","url":"https:\/\/muzeumfabrykinorblina.pl\/wp-content\/uploads\/2023\/11\/MFN_Featured-image_1200x675.jpg","contentUrl":"https:\/\/muzeumfabrykinorblina.pl\/wp-content\/uploads\/2023\/11\/MFN_Featured-image_1200x675.jpg","width":1200,"height":675,"caption":"Muzeum Fabryki Norblina"},"image":{"@id":"https:\/\/muzeumfabrykinorblina.pl\/#\/schema\/logo\/image\/"},"sameAs":["https:\/\/www.facebook.com\/MuzeumFabrykiNorblina","https:\/\/www.instagram.com\/muzeumfabrykinorblina\/"]},{"@type":"Person","@id":"https:\/\/muzeumfabrykinorblina.pl\/#\/schema\/person\/4f1632ef79031887e0e24c4ea9d3472e","name":"Agata Ilnicka","image":{"@type":"ImageObject","inLanguage":"pl-PL","@id":"https:\/\/secure.gravatar.com\/avatar\/0c850e3cc969e3bec61971337ea044add4e3b6da745c50448fbab5c86b0b85d9?s=96&d=mm&r=g","url":"https:\/\/secure.gravatar.com\/avatar\/0c850e3cc969e3bec61971337ea044add4e3b6da745c50448fbab5c86b0b85d9?s=96&d=mm&r=g","contentUrl":"https:\/\/secure.gravatar.com\/avatar\/0c850e3cc969e3bec61971337ea044add4e3b6da745c50448fbab5c86b0b85d9?s=96&d=mm&r=g","caption":"Agata Ilnicka"},"url":"https:\/\/muzeumfabrykinorblina.pl\/?author=9"}]}},"lang":"pl","translations":{"pl":6778},"builder_content":"","pll_sync_post":{},"_links":{"self":[{"href":"https:\/\/muzeumfabrykinorblina.pl\/index.php?rest_route=\/wp\/v2\/posts\/6778","targetHints":{"allow":["GET"]}}],"collection":[{"href":"https:\/\/muzeumfabrykinorblina.pl\/index.php?rest_route=\/wp\/v2\/posts"}],"about":[{"href":"https:\/\/muzeumfabrykinorblina.pl\/index.php?rest_route=\/wp\/v2\/types\/post"}],"author":[{"embeddable":true,"href":"https:\/\/muzeumfabrykinorblina.pl\/index.php?rest_route=\/wp\/v2\/users\/9"}],"replies":[{"embeddable":true,"href":"https:\/\/muzeumfabrykinorblina.pl\/index.php?rest_route=%2Fwp%2Fv2%2Fcomments&post=6778"}],"version-history":[{"count":3,"href":"https:\/\/muzeumfabrykinorblina.pl\/index.php?rest_route=\/wp\/v2\/posts\/6778\/revisions"}],"predecessor-version":[{"id":6782,"href":"https:\/\/muzeumfabrykinorblina.pl\/index.php?rest_route=\/wp\/v2\/posts\/6778\/revisions\/6782"}],"wp:featuredmedia":[{"embeddable":true,"href":"https:\/\/muzeumfabrykinorblina.pl\/index.php?rest_route=\/wp\/v2\/media\/6779"}],"wp:attachment":[{"href":"https:\/\/muzeumfabrykinorblina.pl\/index.php?rest_route=%2Fwp%2Fv2%2Fmedia&parent=6778"}],"wp:term":[{"taxonomy":"category","embeddable":true,"href":"https:\/\/muzeumfabrykinorblina.pl\/index.php?rest_route=%2Fwp%2Fv2%2Fcategories&post=6778"},{"taxonomy":"post_tag","embeddable":true,"href":"https:\/\/muzeumfabrykinorblina.pl\/index.php?rest_route=%2Fwp%2Fv2%2Ftags&post=6778"}],"curies":[{"name":"wp","href":"https:\/\/api.w.org\/{rel}","templated":true}]}}