{"id":6738,"date":"2026-01-14T12:39:53","date_gmt":"2026-01-14T11:39:53","guid":{"rendered":"https:\/\/muzeumfabrykinorblina.pl\/?p=6738"},"modified":"2026-01-15T12:01:38","modified_gmt":"2026-01-15T11:01:38","slug":"ferie-zimowe-w-muzeum-fabryki-norblina","status":"publish","type":"post","link":"https:\/\/muzeumfabrykinorblina.pl\/?p=6738","title":{"rendered":"Ferie zimowe w Muzeum Fabryki Norblina \u2013 historia, przemys\u0142 i Warszawa z innej perspektywy"},"content":{"rendered":"\n<p class=\"wp-block-paragraph\">Ferie zimowe w Warszawie to doskona\u0142y moment, by odkrywa\u0107 miasto w spokojniejszym rytmie. Muzeum Fabryki Norblina zaprasza doros\u0142ych, rodziny i mi\u0142o\u015bnik\u00f3w historii na zwiedzanie jednego z najwa\u017cniejszych postindustrialnych miejsc stolicy. Przygotowali\u015bmy trzy propozycje, kt\u00f3re \u0142\u0105cz\u0105 edukacj\u0119, miejsk\u0105 opowie\u015b\u0107 i autentyczne przemys\u0142owe dziedzictwo Woli.<\/p>\n\n\n\n<p class=\"wp-block-paragraph\">Zima sprzyja odkrywaniu historii pod dachem \u2013 szczeg\u00f3lnie tam, gdzie przesz\u0142o\u015b\u0107 zachowa\u0142a si\u0119 w oryginalnej przestrzeni. Muzeum Fabryki Norblina, zlokalizowane w zabytkowym kompleksie przy ul. \u017belaznej, oferuje zwiedzaj\u0105cym mo\u017cliwo\u015b\u0107 poznania ponad 240 lat historii przemys\u0142u metalurgicznego Warszawy oraz przemian, jakie przesz\u0142a dzielnica Wola.<\/p>\n\n\n\n<p class=\"wp-block-paragraph\"><strong>Fabryka Norblina w Pigu\u0142ce \u2013 zwiedzanie w ka\u017cdy weekend<\/strong><br>\u201eFabryka Norblina w Pigu\u0142ce\u201d to przyst\u0119pna i anga\u017cuj\u0105ca trasa oprowadzania, idealna na pierwsz\u0105 wizyt\u0119 w muzeum. Podczas spaceru z przewodnikiem prezentowana jest historia miejsca \u2013 od XVIII-wiecznej rezydencji Franciszka Ryxa, przez rozw\u00f3j jednej z najwi\u0119kszych fabryk metalurgicznych Kr\u00f3lestwa Polskiego, a\u017c po wsp\u00f3\u0142czesne funkcje kompleksu.<br>Na trasie znajduj\u0105 si\u0119 <a href=\"http:\/\/m.in\">m.in<\/a>. zabytkowe maszyny, dawne hale produkcyjne, hydrauliczny akumulator wyr\u00f3wnawczy oraz opowie\u015bci o ludziach, kt\u00f3rzy przez pokolenia tworzyli to miejsce.<\/p>\n\n\n\n<p class=\"wp-block-paragraph\"><strong>Bilety:<\/strong> <a href=\"https:\/\/muzeumfabrykinorblina.pl\/fabryka-norblina-w-pigulce\/\">https:\/\/muzeumfabrykinorblina.pl\/fabryka-norblina-w-pigulce\/<\/a><\/p>\n\n\n\n<p class=\"wp-block-paragraph\"><strong>Trzy atrakcje \u2013 jedna podr\u00f3\u017c w czasie | wycieczka zimowa w ka\u017cd\u0105 sobot\u0119<\/strong><br>To wyj\u0105tkowa, 2,5-godzinna propozycja dla tych, kt\u00f3rzy chc\u0105 zobaczy\u0107 Warszaw\u0119 w szerszym kontek\u015bcie historycznym. Wycieczka \u0142\u0105czy zwiedzanie Muzeum Fabryki Norblina, przejazd zabytkow\u0105 Nys\u0105 522 oraz wizyt\u0119 w Muzeum \u017bycia w PRL.<br>Trasa prowadzi od postindustrialnej Woli, przez modernistyczne i powojenne oblicze miasta, a\u017c po codzienno\u015b\u0107 czas\u00f3w PRL. Przejazd Nys\u0105 odbywa si\u0119 w jedn\u0105 stron\u0119 \u2013 z Fabryki Norblina do Muzeum \u017bycia w PRL \u2013 i stanowi integraln\u0105 cz\u0119\u015b\u0107 zwiedzania.<br><strong>Bilety:<\/strong> <a href=\"https:\/\/muzeumfabrykinorblina.pl\/trzy-atrakcje-jedna-podroz-w-czasie\/\">https:\/\/muzeumfabrykinorblina.pl\/trzy-atrakcje-jedna-podroz-w-czasie\/<\/a><\/p>\n\n\n\n<p class=\"wp-block-paragraph\"><strong>Wsp\u00f3lny bilet trzech muze\u00f3w \u2013 przemys\u0142owa Wola w pe\u0142nej skali<\/strong><br>Muzeum Fabryki Norblina, Muzeum Gazowni Warszawskiej oraz Stacja Muzeum zapraszaj\u0105 do wsp\u00f3lnego odkrywania historii przemys\u0142owej Woli. W ramach wsp\u00f3lnego biletu ka\u017cdy odwiedzaj\u0105cy jedn\u0105 z instytucji otrzymuje <strong>50% zni\u017cki na wst\u0119p do dw\u00f3ch pozosta\u0142ych<\/strong> w ci\u0105gu 30 dni od zakupu.<br>To propozycja dla tych, kt\u00f3rzy chc\u0105 pozna\u0107 histori\u0119 dzielnicy kompleksowo \u2013 od gazowni, przez kolej, po przemys\u0142 metalurgiczny. Wsp\u00f3\u0142praca muze\u00f3w jest tak\u017ce wst\u0119pem do planowanego na 2026 rok Szlaku Fabrycznego Warszawskiej Woli.<\/p>\n\n\n\n<p class=\"wp-block-paragraph\">Ferie zimowe w Muzeum Fabryki Norblina to po\u0142\u0105czenie historii, architektury i miejskich opowie\u015bci \u2013 idealna propozycja dla rodzin, doros\u0142ych i wszystkich ciekawych Warszawy.<\/p>\n\n\n<!-- wp:themify-builder\/canvas \/-->","protected":false},"excerpt":{"rendered":"<p>Ferie zimowe w Warszawie to doskona\u0142y moment, by odkrywa\u0107 miasto w spokojniejszym rytmie. Muzeum Fabryki Norblina zaprasza doros\u0142ych, rodziny i mi\u0142o\u015bnik\u00f3w historii na zwiedzanie jednego z najwa\u017cniejszych postindustrialnych miejsc stolicy. Przygotowali\u015bmy trzy propozycje, kt\u00f3re \u0142\u0105cz\u0105 edukacj\u0119, miejsk\u0105 opowie\u015b\u0107 i autentyczne przemys\u0142owe dziedzictwo Woli. Zima sprzyja odkrywaniu historii pod dachem \u2013 szczeg\u00f3lnie tam, gdzie przesz\u0142o\u015b\u0107 zachowa\u0142a [&hellip;]<\/p>\n","protected":false},"author":9,"featured_media":6739,"comment_status":"closed","ping_status":"closed","sticky":false,"template":"","format":"standard","meta":{"_acf_changed":false,"_monsterinsights_skip_tracking":false,"footnotes":""},"categories":[29],"tags":[],"class_list":["post-6738","post","type-post","status-publish","format-standard","has-post-thumbnail","hentry","category-aktualnosci","has-post-title","has-post-date","has-post-category","has-post-tag","has-post-comment","has-post-author",""],"acf":[],"yoast_head":"<!-- This site is optimized with the Yoast SEO plugin v28.2 - https:\/\/yoast.com\/product\/yoast-seo-wordpress\/ -->\n<title>Ferie zimowe w Muzeum Fabryki Norblina \u2013 historia, przemys\u0142 i Warszawa z innej perspektywy | Muzeum Fabryki Norblina<\/title>\n<meta name=\"description\" content=\"Ferie zimowe w Warszawie to doskona\u0142y moment, by odkrywa\u0107 miasto w spokojniejszym rytmie. Muzeum Fabryki Norblina zaprasza doros\u0142ych, rodziny i mi\u0142o\u015bnik\u00f3w historii na zwiedzanie jednego z najwa\u017cniejszych postindustrialnych miejsc stolicy. Przygotowali\u015bmy trzy propozycje, kt\u00f3re \u0142\u0105cz\u0105 edukacj\u0119, miejsk\u0105 opowie\u015b\u0107 i autentyczne przemys\u0142owe dziedzictwo Woli.\" \/>\n<meta name=\"robots\" content=\"index, follow, max-snippet:-1, max-image-preview:large, max-video-preview:-1\" \/>\n<link rel=\"canonical\" href=\"https:\/\/muzeumfabrykinorblina.pl\/?p=6738\" \/>\n<meta property=\"og:locale\" content=\"pl_PL\" \/>\n<meta property=\"og:type\" content=\"article\" \/>\n<meta property=\"og:title\" content=\"Ferie zimowe w Muzeum Fabryki Norblina \u2013 historia, przemys\u0142 i Warszawa z innej perspektywy | Muzeum Fabryki Norblina\" \/>\n<meta property=\"og:description\" content=\"Ferie zimowe w Warszawie to doskona\u0142y moment, by odkrywa\u0107 miasto w spokojniejszym rytmie. Muzeum Fabryki Norblina zaprasza doros\u0142ych, rodziny i mi\u0142o\u015bnik\u00f3w historii na zwiedzanie jednego z najwa\u017cniejszych postindustrialnych miejsc stolicy. Przygotowali\u015bmy trzy propozycje, kt\u00f3re \u0142\u0105cz\u0105 edukacj\u0119, miejsk\u0105 opowie\u015b\u0107 i autentyczne przemys\u0142owe dziedzictwo Woli.\" \/>\n<meta property=\"og:url\" content=\"https:\/\/muzeumfabrykinorblina.pl\/?p=6738\" \/>\n<meta property=\"og:site_name\" content=\"Muzeum Fabryki Norblina\" \/>\n<meta property=\"article:publisher\" content=\"https:\/\/www.facebook.com\/MuzeumFabrykiNorblina\" \/>\n<meta property=\"article:published_time\" content=\"2026-01-14T11:39:53+00:00\" \/>\n<meta property=\"article:modified_time\" content=\"2026-01-15T11:01:38+00:00\" \/>\n<meta property=\"og:image\" content=\"https:\/\/muzeumfabrykinorblina.pl\/wp-content\/uploads\/2026\/01\/MFN-WWW-Ferie.jpg\" \/>\n\t<meta property=\"og:image:width\" content=\"1080\" \/>\n\t<meta property=\"og:image:height\" content=\"1080\" \/>\n\t<meta property=\"og:image:type\" content=\"image\/jpeg\" \/>\n<meta name=\"author\" content=\"Agata Ilnicka\" \/>\n<meta name=\"twitter:card\" content=\"summary_large_image\" \/>\n<meta name=\"twitter:label1\" content=\"Napisane przez\" \/>\n\t<meta name=\"twitter:data1\" content=\"Agata Ilnicka\" \/>\n\t<meta name=\"twitter:label2\" content=\"Szacowany czas czytania\" \/>\n\t<meta name=\"twitter:data2\" content=\"3 minuty\" \/>\n<script type=\"application\/ld+json\" class=\"yoast-schema-graph\">{\"@context\":\"https:\\\/\\\/schema.org\",\"@graph\":[{\"@type\":\"Article\",\"@id\":\"https:\\\/\\\/muzeumfabrykinorblina.pl\\\/?p=6738#article\",\"isPartOf\":{\"@id\":\"https:\\\/\\\/muzeumfabrykinorblina.pl\\\/?p=6738\"},\"author\":{\"name\":\"Agata Ilnicka\",\"@id\":\"https:\\\/\\\/muzeumfabrykinorblina.pl\\\/#\\\/schema\\\/person\\\/4f1632ef79031887e0e24c4ea9d3472e\"},\"headline\":\"Ferie zimowe w Muzeum Fabryki Norblina \u2013 historia, przemys\u0142 i Warszawa z innej perspektywy\",\"datePublished\":\"2026-01-14T11:39:53+00:00\",\"dateModified\":\"2026-01-15T11:01:38+00:00\",\"mainEntityOfPage\":{\"@id\":\"https:\\\/\\\/muzeumfabrykinorblina.pl\\\/?p=6738\"},\"wordCount\":413,\"publisher\":{\"@id\":\"https:\\\/\\\/muzeumfabrykinorblina.pl\\\/#organization\"},\"image\":{\"@id\":\"https:\\\/\\\/muzeumfabrykinorblina.pl\\\/?p=6738#primaryimage\"},\"thumbnailUrl\":\"https:\\\/\\\/muzeumfabrykinorblina.pl\\\/wp-content\\\/uploads\\\/2026\\\/01\\\/MFN-WWW-Ferie.jpg\",\"articleSection\":[\"Aktualno\u015bci\"],\"inLanguage\":\"pl-PL\"},{\"@type\":\"WebPage\",\"@id\":\"https:\\\/\\\/muzeumfabrykinorblina.pl\\\/?p=6738\",\"url\":\"https:\\\/\\\/muzeumfabrykinorblina.pl\\\/?p=6738\",\"name\":\"Ferie zimowe w Muzeum Fabryki Norblina \u2013 historia, przemys\u0142 i Warszawa z innej perspektywy | Muzeum Fabryki Norblina\",\"isPartOf\":{\"@id\":\"https:\\\/\\\/muzeumfabrykinorblina.pl\\\/#website\"},\"primaryImageOfPage\":{\"@id\":\"https:\\\/\\\/muzeumfabrykinorblina.pl\\\/?p=6738#primaryimage\"},\"image\":{\"@id\":\"https:\\\/\\\/muzeumfabrykinorblina.pl\\\/?p=6738#primaryimage\"},\"thumbnailUrl\":\"https:\\\/\\\/muzeumfabrykinorblina.pl\\\/wp-content\\\/uploads\\\/2026\\\/01\\\/MFN-WWW-Ferie.jpg\",\"datePublished\":\"2026-01-14T11:39:53+00:00\",\"dateModified\":\"2026-01-15T11:01:38+00:00\",\"description\":\"Ferie zimowe w Warszawie to doskona\u0142y moment, by odkrywa\u0107 miasto w spokojniejszym rytmie. Muzeum Fabryki Norblina zaprasza doros\u0142ych, rodziny i mi\u0142o\u015bnik\u00f3w historii na zwiedzanie jednego z najwa\u017cniejszych postindustrialnych miejsc stolicy. Przygotowali\u015bmy trzy propozycje, kt\u00f3re \u0142\u0105cz\u0105 edukacj\u0119, miejsk\u0105 opowie\u015b\u0107 i autentyczne przemys\u0142owe dziedzictwo Woli.\",\"breadcrumb\":{\"@id\":\"https:\\\/\\\/muzeumfabrykinorblina.pl\\\/?p=6738#breadcrumb\"},\"inLanguage\":\"pl-PL\",\"potentialAction\":[{\"@type\":\"ReadAction\",\"target\":[\"https:\\\/\\\/muzeumfabrykinorblina.pl\\\/?p=6738\"]}]},{\"@type\":\"ImageObject\",\"inLanguage\":\"pl-PL\",\"@id\":\"https:\\\/\\\/muzeumfabrykinorblina.pl\\\/?p=6738#primaryimage\",\"url\":\"https:\\\/\\\/muzeumfabrykinorblina.pl\\\/wp-content\\\/uploads\\\/2026\\\/01\\\/MFN-WWW-Ferie.jpg\",\"contentUrl\":\"https:\\\/\\\/muzeumfabrykinorblina.pl\\\/wp-content\\\/uploads\\\/2026\\\/01\\\/MFN-WWW-Ferie.jpg\",\"width\":1080,\"height\":1080},{\"@type\":\"BreadcrumbList\",\"@id\":\"https:\\\/\\\/muzeumfabrykinorblina.pl\\\/?p=6738#breadcrumb\",\"itemListElement\":[{\"@type\":\"ListItem\",\"position\":1,\"name\":\"Strona g\u0142\u00f3wna\",\"item\":\"https:\\\/\\\/muzeumfabrykinorblina.pl\\\/\"},{\"@type\":\"ListItem\",\"position\":2,\"name\":\"Ferie zimowe w Muzeum Fabryki Norblina \u2013 historia, przemys\u0142 i Warszawa z innej perspektywy\"}]},{\"@type\":\"WebSite\",\"@id\":\"https:\\\/\\\/muzeumfabrykinorblina.pl\\\/#website\",\"url\":\"https:\\\/\\\/muzeumfabrykinorblina.pl\\\/\",\"name\":\"Muzeum Fabryki Norblina\",\"description\":\"Fabryka Norblina\",\"publisher\":{\"@id\":\"https:\\\/\\\/muzeumfabrykinorblina.pl\\\/#organization\"},\"potentialAction\":[{\"@type\":\"SearchAction\",\"target\":{\"@type\":\"EntryPoint\",\"urlTemplate\":\"https:\\\/\\\/muzeumfabrykinorblina.pl\\\/?s={search_term_string}\"},\"query-input\":{\"@type\":\"PropertyValueSpecification\",\"valueRequired\":true,\"valueName\":\"search_term_string\"}}],\"inLanguage\":\"pl-PL\"},{\"@type\":\"Organization\",\"@id\":\"https:\\\/\\\/muzeumfabrykinorblina.pl\\\/#organization\",\"name\":\"Muzeum Fabryki Norblina\",\"url\":\"https:\\\/\\\/muzeumfabrykinorblina.pl\\\/\",\"logo\":{\"@type\":\"ImageObject\",\"inLanguage\":\"pl-PL\",\"@id\":\"https:\\\/\\\/muzeumfabrykinorblina.pl\\\/#\\\/schema\\\/logo\\\/image\\\/\",\"url\":\"https:\\\/\\\/muzeumfabrykinorblina.pl\\\/wp-content\\\/uploads\\\/2023\\\/11\\\/MFN_Featured-image_1200x675.jpg\",\"contentUrl\":\"https:\\\/\\\/muzeumfabrykinorblina.pl\\\/wp-content\\\/uploads\\\/2023\\\/11\\\/MFN_Featured-image_1200x675.jpg\",\"width\":1200,\"height\":675,\"caption\":\"Muzeum Fabryki Norblina\"},\"image\":{\"@id\":\"https:\\\/\\\/muzeumfabrykinorblina.pl\\\/#\\\/schema\\\/logo\\\/image\\\/\"},\"sameAs\":[\"https:\\\/\\\/www.facebook.com\\\/MuzeumFabrykiNorblina\",\"https:\\\/\\\/www.instagram.com\\\/muzeumfabrykinorblina\\\/\"]},{\"@type\":\"Person\",\"@id\":\"https:\\\/\\\/muzeumfabrykinorblina.pl\\\/#\\\/schema\\\/person\\\/4f1632ef79031887e0e24c4ea9d3472e\",\"name\":\"Agata Ilnicka\",\"image\":{\"@type\":\"ImageObject\",\"inLanguage\":\"pl-PL\",\"@id\":\"https:\\\/\\\/secure.gravatar.com\\\/avatar\\\/0c850e3cc969e3bec61971337ea044add4e3b6da745c50448fbab5c86b0b85d9?s=96&d=mm&r=g\",\"url\":\"https:\\\/\\\/secure.gravatar.com\\\/avatar\\\/0c850e3cc969e3bec61971337ea044add4e3b6da745c50448fbab5c86b0b85d9?s=96&d=mm&r=g\",\"contentUrl\":\"https:\\\/\\\/secure.gravatar.com\\\/avatar\\\/0c850e3cc969e3bec61971337ea044add4e3b6da745c50448fbab5c86b0b85d9?s=96&d=mm&r=g\",\"caption\":\"Agata Ilnicka\"},\"url\":\"https:\\\/\\\/muzeumfabrykinorblina.pl\\\/?author=9\"}]}<\/script>\n<!-- \/ Yoast SEO plugin. -->","yoast_head_json":{"title":"Ferie zimowe w Muzeum Fabryki Norblina \u2013 historia, przemys\u0142 i Warszawa z innej perspektywy | Muzeum Fabryki Norblina","description":"Ferie zimowe w Warszawie to doskona\u0142y moment, by odkrywa\u0107 miasto w spokojniejszym rytmie. Muzeum Fabryki Norblina zaprasza doros\u0142ych, rodziny i mi\u0142o\u015bnik\u00f3w historii na zwiedzanie jednego z najwa\u017cniejszych postindustrialnych miejsc stolicy. Przygotowali\u015bmy trzy propozycje, kt\u00f3re \u0142\u0105cz\u0105 edukacj\u0119, miejsk\u0105 opowie\u015b\u0107 i autentyczne przemys\u0142owe dziedzictwo Woli.","robots":{"index":"index","follow":"follow","max-snippet":"max-snippet:-1","max-image-preview":"max-image-preview:large","max-video-preview":"max-video-preview:-1"},"canonical":"https:\/\/muzeumfabrykinorblina.pl\/?p=6738","og_locale":"pl_PL","og_type":"article","og_title":"Ferie zimowe w Muzeum Fabryki Norblina \u2013 historia, przemys\u0142 i Warszawa z innej perspektywy | Muzeum Fabryki Norblina","og_description":"Ferie zimowe w Warszawie to doskona\u0142y moment, by odkrywa\u0107 miasto w spokojniejszym rytmie. Muzeum Fabryki Norblina zaprasza doros\u0142ych, rodziny i mi\u0142o\u015bnik\u00f3w historii na zwiedzanie jednego z najwa\u017cniejszych postindustrialnych miejsc stolicy. Przygotowali\u015bmy trzy propozycje, kt\u00f3re \u0142\u0105cz\u0105 edukacj\u0119, miejsk\u0105 opowie\u015b\u0107 i autentyczne przemys\u0142owe dziedzictwo Woli.","og_url":"https:\/\/muzeumfabrykinorblina.pl\/?p=6738","og_site_name":"Muzeum Fabryki Norblina","article_publisher":"https:\/\/www.facebook.com\/MuzeumFabrykiNorblina","article_published_time":"2026-01-14T11:39:53+00:00","article_modified_time":"2026-01-15T11:01:38+00:00","og_image":[{"width":1080,"height":1080,"url":"https:\/\/muzeumfabrykinorblina.pl\/wp-content\/uploads\/2026\/01\/MFN-WWW-Ferie.jpg","type":"image\/jpeg"}],"author":"Agata Ilnicka","twitter_card":"summary_large_image","twitter_misc":{"Napisane przez":"Agata Ilnicka","Szacowany czas czytania":"3 minuty"},"schema":{"@context":"https:\/\/schema.org","@graph":[{"@type":"Article","@id":"https:\/\/muzeumfabrykinorblina.pl\/?p=6738#article","isPartOf":{"@id":"https:\/\/muzeumfabrykinorblina.pl\/?p=6738"},"author":{"name":"Agata Ilnicka","@id":"https:\/\/muzeumfabrykinorblina.pl\/#\/schema\/person\/4f1632ef79031887e0e24c4ea9d3472e"},"headline":"Ferie zimowe w Muzeum Fabryki Norblina \u2013 historia, przemys\u0142 i Warszawa z innej perspektywy","datePublished":"2026-01-14T11:39:53+00:00","dateModified":"2026-01-15T11:01:38+00:00","mainEntityOfPage":{"@id":"https:\/\/muzeumfabrykinorblina.pl\/?p=6738"},"wordCount":413,"publisher":{"@id":"https:\/\/muzeumfabrykinorblina.pl\/#organization"},"image":{"@id":"https:\/\/muzeumfabrykinorblina.pl\/?p=6738#primaryimage"},"thumbnailUrl":"https:\/\/muzeumfabrykinorblina.pl\/wp-content\/uploads\/2026\/01\/MFN-WWW-Ferie.jpg","articleSection":["Aktualno\u015bci"],"inLanguage":"pl-PL"},{"@type":"WebPage","@id":"https:\/\/muzeumfabrykinorblina.pl\/?p=6738","url":"https:\/\/muzeumfabrykinorblina.pl\/?p=6738","name":"Ferie zimowe w Muzeum Fabryki Norblina \u2013 historia, przemys\u0142 i Warszawa z innej perspektywy | Muzeum Fabryki Norblina","isPartOf":{"@id":"https:\/\/muzeumfabrykinorblina.pl\/#website"},"primaryImageOfPage":{"@id":"https:\/\/muzeumfabrykinorblina.pl\/?p=6738#primaryimage"},"image":{"@id":"https:\/\/muzeumfabrykinorblina.pl\/?p=6738#primaryimage"},"thumbnailUrl":"https:\/\/muzeumfabrykinorblina.pl\/wp-content\/uploads\/2026\/01\/MFN-WWW-Ferie.jpg","datePublished":"2026-01-14T11:39:53+00:00","dateModified":"2026-01-15T11:01:38+00:00","description":"Ferie zimowe w Warszawie to doskona\u0142y moment, by odkrywa\u0107 miasto w spokojniejszym rytmie. Muzeum Fabryki Norblina zaprasza doros\u0142ych, rodziny i mi\u0142o\u015bnik\u00f3w historii na zwiedzanie jednego z najwa\u017cniejszych postindustrialnych miejsc stolicy. Przygotowali\u015bmy trzy propozycje, kt\u00f3re \u0142\u0105cz\u0105 edukacj\u0119, miejsk\u0105 opowie\u015b\u0107 i autentyczne przemys\u0142owe dziedzictwo Woli.","breadcrumb":{"@id":"https:\/\/muzeumfabrykinorblina.pl\/?p=6738#breadcrumb"},"inLanguage":"pl-PL","potentialAction":[{"@type":"ReadAction","target":["https:\/\/muzeumfabrykinorblina.pl\/?p=6738"]}]},{"@type":"ImageObject","inLanguage":"pl-PL","@id":"https:\/\/muzeumfabrykinorblina.pl\/?p=6738#primaryimage","url":"https:\/\/muzeumfabrykinorblina.pl\/wp-content\/uploads\/2026\/01\/MFN-WWW-Ferie.jpg","contentUrl":"https:\/\/muzeumfabrykinorblina.pl\/wp-content\/uploads\/2026\/01\/MFN-WWW-Ferie.jpg","width":1080,"height":1080},{"@type":"BreadcrumbList","@id":"https:\/\/muzeumfabrykinorblina.pl\/?p=6738#breadcrumb","itemListElement":[{"@type":"ListItem","position":1,"name":"Strona g\u0142\u00f3wna","item":"https:\/\/muzeumfabrykinorblina.pl\/"},{"@type":"ListItem","position":2,"name":"Ferie zimowe w Muzeum Fabryki Norblina \u2013 historia, przemys\u0142 i Warszawa z innej perspektywy"}]},{"@type":"WebSite","@id":"https:\/\/muzeumfabrykinorblina.pl\/#website","url":"https:\/\/muzeumfabrykinorblina.pl\/","name":"Muzeum Fabryki Norblina","description":"Fabryka Norblina","publisher":{"@id":"https:\/\/muzeumfabrykinorblina.pl\/#organization"},"potentialAction":[{"@type":"SearchAction","target":{"@type":"EntryPoint","urlTemplate":"https:\/\/muzeumfabrykinorblina.pl\/?s={search_term_string}"},"query-input":{"@type":"PropertyValueSpecification","valueRequired":true,"valueName":"search_term_string"}}],"inLanguage":"pl-PL"},{"@type":"Organization","@id":"https:\/\/muzeumfabrykinorblina.pl\/#organization","name":"Muzeum Fabryki Norblina","url":"https:\/\/muzeumfabrykinorblina.pl\/","logo":{"@type":"ImageObject","inLanguage":"pl-PL","@id":"https:\/\/muzeumfabrykinorblina.pl\/#\/schema\/logo\/image\/","url":"https:\/\/muzeumfabrykinorblina.pl\/wp-content\/uploads\/2023\/11\/MFN_Featured-image_1200x675.jpg","contentUrl":"https:\/\/muzeumfabrykinorblina.pl\/wp-content\/uploads\/2023\/11\/MFN_Featured-image_1200x675.jpg","width":1200,"height":675,"caption":"Muzeum Fabryki Norblina"},"image":{"@id":"https:\/\/muzeumfabrykinorblina.pl\/#\/schema\/logo\/image\/"},"sameAs":["https:\/\/www.facebook.com\/MuzeumFabrykiNorblina","https:\/\/www.instagram.com\/muzeumfabrykinorblina\/"]},{"@type":"Person","@id":"https:\/\/muzeumfabrykinorblina.pl\/#\/schema\/person\/4f1632ef79031887e0e24c4ea9d3472e","name":"Agata Ilnicka","image":{"@type":"ImageObject","inLanguage":"pl-PL","@id":"https:\/\/secure.gravatar.com\/avatar\/0c850e3cc969e3bec61971337ea044add4e3b6da745c50448fbab5c86b0b85d9?s=96&d=mm&r=g","url":"https:\/\/secure.gravatar.com\/avatar\/0c850e3cc969e3bec61971337ea044add4e3b6da745c50448fbab5c86b0b85d9?s=96&d=mm&r=g","contentUrl":"https:\/\/secure.gravatar.com\/avatar\/0c850e3cc969e3bec61971337ea044add4e3b6da745c50448fbab5c86b0b85d9?s=96&d=mm&r=g","caption":"Agata Ilnicka"},"url":"https:\/\/muzeumfabrykinorblina.pl\/?author=9"}]}},"lang":"pl","translations":{"pl":6738},"builder_content":"","pll_sync_post":{},"_links":{"self":[{"href":"https:\/\/muzeumfabrykinorblina.pl\/index.php?rest_route=\/wp\/v2\/posts\/6738","targetHints":{"allow":["GET"]}}],"collection":[{"href":"https:\/\/muzeumfabrykinorblina.pl\/index.php?rest_route=\/wp\/v2\/posts"}],"about":[{"href":"https:\/\/muzeumfabrykinorblina.pl\/index.php?rest_route=\/wp\/v2\/types\/post"}],"author":[{"embeddable":true,"href":"https:\/\/muzeumfabrykinorblina.pl\/index.php?rest_route=\/wp\/v2\/users\/9"}],"replies":[{"embeddable":true,"href":"https:\/\/muzeumfabrykinorblina.pl\/index.php?rest_route=%2Fwp%2Fv2%2Fcomments&post=6738"}],"version-history":[{"count":4,"href":"https:\/\/muzeumfabrykinorblina.pl\/index.php?rest_route=\/wp\/v2\/posts\/6738\/revisions"}],"predecessor-version":[{"id":6744,"href":"https:\/\/muzeumfabrykinorblina.pl\/index.php?rest_route=\/wp\/v2\/posts\/6738\/revisions\/6744"}],"wp:featuredmedia":[{"embeddable":true,"href":"https:\/\/muzeumfabrykinorblina.pl\/index.php?rest_route=\/wp\/v2\/media\/6739"}],"wp:attachment":[{"href":"https:\/\/muzeumfabrykinorblina.pl\/index.php?rest_route=%2Fwp%2Fv2%2Fmedia&parent=6738"}],"wp:term":[{"taxonomy":"category","embeddable":true,"href":"https:\/\/muzeumfabrykinorblina.pl\/index.php?rest_route=%2Fwp%2Fv2%2Fcategories&post=6738"},{"taxonomy":"post_tag","embeddable":true,"href":"https:\/\/muzeumfabrykinorblina.pl\/index.php?rest_route=%2Fwp%2Fv2%2Ftags&post=6738"}],"curies":[{"name":"wp","href":"https:\/\/api.w.org\/{rel}","templated":true}]}}