{"id":6390,"date":"2025-12-02T16:41:38","date_gmt":"2025-12-02T15:41:38","guid":{"rendered":"https:\/\/muzeumfabrykinorblina.pl\/?p=6390"},"modified":"2026-01-15T12:02:30","modified_gmt":"2026-01-15T11:02:30","slug":"nowa-atrakcja-na-mapie-warszawy","status":"publish","type":"post","link":"https:\/\/muzeumfabrykinorblina.pl\/?p=6390","title":{"rendered":"Nowa atrakcja na mapie Warszawy \u2013 Wola ods\u0142ania swoje przemys\u0142owe dziedzictwo"},"content":{"rendered":"\n<p class=\"wp-block-paragraph\">W ubieg\u0142y czwartek (27.11.2025) w Fabryce Norblina oficjalnie zainaugurowano wsp\u00f3\u0142prac\u0119 trzech muze\u00f3w dokumentuj\u0105cych przemys\u0142ow\u0105 histori\u0119 warszawskiej Woli:&nbsp;Muzeum Fabryki Norblina, Stacji Muzeum oraz&nbsp;Muzeum Gazowni Warszawskiej. Wsp\u00f3lna inicjatywa pod patronatem Burmistrza Dzielnicy Wola ma na celu popularyzacj\u0119 dziedzictwa industrialnego tej cz\u0119\u015bci miasta i stworzenie nowej, atrakcyjnej propozycji dla mieszka\u0144c\u00f3w Warszawy oraz turyst\u00f3w. Wydarzeniu towarzyszy\u0142o r\u00f3wnie\u017c uroczyste ods\u0142oni\u0119cie muralu \u201eWola Fabr.\u201d autorstwa Jaros\u0142awa Zuzgi oraz wernisa\u017c fotografii \u201eWolskie Kontrasty\u201d Aleksandra Ma\u0142achowskiego, znanego jako Hashtagalek.<\/p>\n\n\n\n<p class=\"wp-block-paragraph\"><em>\u201eFabryka Norblina jest \u017cywym przyk\u0142adem tego, jak mo\u017cna zachowa\u0107 przemys\u0142owe dziedzictwo i nada\u0107 mu nowe \u017cycie. Od pocz\u0105tku traktowali\u015bmy histori\u0119 tego miejsca jako integraln\u0105 cz\u0119\u015b\u0107 jego to\u017csamo\u015bci. Wiedzieli\u015bmy, \u017ce chcemy j\u0105 chroni\u0107, pokazywa\u0107 i opowiada\u0107 \u2013 nie tylko wewn\u0105trz naszego kompleksu, lecz tak\u017ce w szerszym kontek\u015bcie Woli. Ta dzielnica przez dziesi\u0119ciolecia by\u0142a fabrycznymi peryferiami Warszawy, dzi\u015b znajduje si\u0119 w samym centrum dynamicznie rozwijaj\u0105cego si\u0119 miasta. Tym bardziej chcemy, by jej przemys\u0142owe korzenie by\u0142y widoczne i obecne tak\u017ce w tym nowym, wsp\u00f3\u0142czesnym kontek\u015bcie. Ciesz\u0119 si\u0119, \u017ce dzi\u0119ki wsp\u00f3\u0142pracy z Urz\u0119dem Woli i muzeami ta pami\u0119\u0107 zaczyna przenika\u0107 dalej, \u0142\u0105cz\u0105c r\u00f3\u017cne jej zak\u0105tki i przypominaj\u0105c o niezwyk\u0142ym, przemys\u0142owym dziedzictwie\u201d \u2013<\/em>&nbsp;informuje&nbsp;<strong>Kinga Nowakowska, cz\u0142onkini zarz\u0105du w Grupie Capital Park, b\u0119d\u0105cej w\u0142a\u015bcicielem Fabryki Norblina i Muzeum Fabryki Norblina.<\/strong><\/p>\n\n\n\n<p class=\"wp-block-paragraph\">Pierwszym efektem wsp\u00f3lnych dzia\u0142a\u0144 b\u0119dzie&nbsp;<strong>dost\u0119pny od 1 grudnia br.<\/strong>&nbsp;<strong>wsp\u00f3lny bilet<\/strong>, dzi\u0119ki kt\u00f3remu w ci\u0105gu 30 dni od zakupu wej\u015bci\u00f3wki w jednej instytucji zwiedzaj\u0105cy otrzymaj\u0105&nbsp;<strong>50% zni\u017cki na wst\u0119p<\/strong>&nbsp;do dw\u00f3ch pozosta\u0142ych plac\u00f3wek. Rozwi\u0105zanie to ma zach\u0119ci\u0107 do odwiedzania muze\u00f3w w kr\u00f3tkim odst\u0119pie czasu i poznawania przemys\u0142owej przesz\u0142o\u015bci Woli w spos\u00f3b kompleksowy. Kolejnym krokiem \u2013 kt\u00f3ry oficjalnie zapowiedziano dzi\u015b podczas wydarzenia \u2013 jest projekt&nbsp;<strong>Szlaku Fabrycznego Warszawskiej Woli<\/strong>, kt\u00f3rego start zaplanowano na wiosn\u0119 2026 r.<\/p>\n\n\n\n<p class=\"wp-block-paragraph\">\u201e<em>Wola od zawsze by\u0142a miejscem, w kt\u00f3rym historia i nowoczesno\u015b\u0107 przenikaj\u0105 si\u0119 w wyj\u0105tkowy spos\u00f3b. Dziedzictwo przemys\u0142owe tej dzielnicy to ogromna warto\u015b\u0107, kt\u00f3r\u0105 chcemy chroni\u0107 i pokazywa\u0107 kolejnym pokoleniom. Dlatego z przyjemno\u015bci\u0105 obj\u0105\u0142em patronatem mural upami\u0119tniaj\u0105cy t\u0105 przemys\u0142ow\u0105 histori\u0119, wsp\u00f3\u0142prac\u0119 trzech wolskich muze\u00f3w oraz ich prace nad Szlakiem Fabrycznym Warszawskiej Woli. To projekt, kt\u00f3ry pozwoli odkrywa\u0107 na nowo niezwyk\u0142\u0105 opowie\u015b\u0107 o przesz\u0142o\u015bci naszej dzielnicy<\/em>\u201d \u2013&nbsp;<strong>Krzysztof Strza\u0142kowski,<\/strong>&nbsp;<strong>Burmistrz Dzielnicy Wola.<\/strong><\/p>\n\n\n\n<p class=\"wp-block-paragraph\">B\u0119dzie to blisko trzygodzinny spacer prowadzony przez przewodnika-koordynatora, \u0142\u0105cz\u0105cy zwiedzanie trzech muze\u00f3w z opowie\u015bci\u0105 o zachowanych reliktach przemys\u0142owych dzielnicy. Trasa obejmie m.in. zwiedzanie&nbsp;<strong>Stacji Muzeum<\/strong>, spacer do&nbsp;<strong>Muzeum Gazowni Warszawskiej<\/strong>&nbsp;ze wskazaniem historycznych osta\u0144c\u00f3w przemys\u0142owych (m.in. dawnych zak\u0142ad\u00f3w farmaceutycznych Polfa), przejazd tramwajowy i spacer m.in. obok teren\u00f3w dawnego Kasprzaka czy elektrowni tramwajowej, w kt\u00f3rej dzi\u015b mie\u015bci si\u0119 Muzeum Powstania Warszawskiego. Zwie\u0144czeniem wycieczki b\u0119dzie zwiedzanie&nbsp;<strong>Muzeum Fabryki Norblina<\/strong>, kt\u00f3re upami\u0119tnia histori\u0119 jednego z najwi\u0119kszych przedsi\u0119biorstw metalurgicznych dawnego Kr\u00f3lestwa Polskiego, kt\u00f3re mi\u0119dzynarodow\u0105 s\u0142aw\u0119 zyska\u0142o dzi\u0119ki produkcji posrebrzanych plater\u00f3w.<\/p>\n\n\n\n<p class=\"wp-block-paragraph\"><em>\u201ePomys\u0142 na tak\u0105 inicjatyw\u0119 powsta\u0142 ju\u017c jaki\u015b czas temu dzi\u0119ki naszej wsp\u00f3\u0142pracy podczas Nocy Muze\u00f3w. Wsp\u00f3lne zwiedzanie naszych plac\u00f3wek podczas tego wydarzenia i zainteresowanie histori\u0105 przemys\u0142owej Woli sk\u0142oni\u0142o nas do stworzenia produktu turystycznego, z kt\u00f3rego b\u0119dzie mo\u017cna korzysta\u0107 na sta\u0142e. Szlak odtworzy dawn\u0105, fabryczn\u0105 map\u0119 Woli i pozwoli zrozumie\u0107 znaczenie tej dzielnicy jako jednego z najwa\u017cniejszych o\u015brodk\u00f3w przemys\u0142owych w historii Warszawy\u201d \u2013<\/em>&nbsp;m\u00f3wi&nbsp;<strong>Artur Setniewski, dyrektor Muzeum Fabryki Norblina<\/strong>.<\/p>\n\n\n\n<p class=\"wp-block-paragraph\"><strong>Ods\u0142oni\u0119cie muralu \u2013 symbol pami\u0119ci o przemys\u0142owej Woli<\/strong><\/p>\n\n\n\n<p class=\"wp-block-paragraph\">Jednym z wa\u017cnych punkt\u00f3w dzisiejszego wydarzenia by\u0142o&nbsp;<strong>uroczyste ods\u0142oni\u0119cie muralu<\/strong>&nbsp;autorstwa&nbsp;<strong>Jaros\u0142awa Zuzgi \u2013<\/strong>&nbsp;grafika, fotografa, varsavianisty, autora ksi\u0105\u017cki \u201eWola. Ludzie i historie\u201d, tw\u00f3rcy bloga \u201eOkno na Warszaw\u0119\u201d. Jego projekt upami\u0119tnia wielopokoleniow\u0105 histori\u0119 fabryk i ich pracownik\u00f3w \u2013 ludzi, kt\u00f3rzy tworzyli pot\u0119g\u0119 przemys\u0142ow\u0105 Woli od XIX wieku a\u017c po lata powojenne. Kompozycja przedstawia wybrane historyczne logotypy i znaki firmowe wybranych, najwa\u017cniejszych fabryk, kt\u00f3re niegdy\u015b dzia\u0142a\u0142y na terenie warszawskiej Woli \u2013 od du\u017cych zak\u0142ad\u00f3w po mniejsze manufaktury. Elementy graficzne wpisane zosta\u0142y w kontur wsp\u00f3\u0142czesnej dzielnicy, tworz\u0105c swoist\u0105 map\u0119 jej przemys\u0142owego DNA. Mural o powierzchni 33,5 mkw. powsta\u0142 na wschodniej elewacji jednego z zabytkowych budynk\u00f3w dawnych zak\u0142ad\u00f3w Norblina na jego p\u00f3\u0142nocnym odcinku, od strony ulicy \u017belaznej. Budynek z lat 20. \u2013 30. XX wieku do ko\u0144ca funkcjonowania fabryki (1981 r.) pe\u0142ni\u0142 funkcj\u0119 Namiarowni. Za realizacj\u0119 muralu odpowiada warszawska pracownia IDEAMO, specjalizuj\u0105ca si\u0119 w projektach muralowych o charakterze artystycznym i kulturotw\u00f3rczym.<\/p>\n\n\n\n<p class=\"wp-block-paragraph\"><strong>Wernisa\u017c \u201cWolskie Kontrasty\u201d Hashtagalka<\/strong><\/p>\n\n\n\n<p class=\"wp-block-paragraph\">Fina\u0142em wydarzenia by\u0142 wernisa\u017c wystawy 21 zdj\u0119\u0107&nbsp;<strong>Aleksandra Ma\u0142achowskiego<\/strong>&nbsp;pt.&nbsp;<em>\u201cWolskie Kontrasty\u201d<\/em>. Fotograf od lat dokumentuje zmieniaj\u0105ce si\u0119 oblicze Warszawy, a Wola by\u0142a pierwszym obszarem, kt\u00f3ry eksplorowa\u0142 fotograficznie. W swoich pracach uchwyci\u0142 zestawienie fabrycznej przesz\u0142o\u015bci dzielnicy z jej nowoczesn\u0105, dynamiczn\u0105 architektur\u0105 XXI wieku. Wystaw\u0119 b\u0119dzie mo\u017cna ogl\u0105da\u0107 bezp\u0142atnie do 7 stycznia 2026 r. w Fabryce Norblina w budynku Plater na poziomie +1.<\/p>\n\n\n\n<p class=\"wp-block-paragraph\">\u201e<em>Wola. To w\u0142a\u015bnie t\u0119 dzielnic\u0119 jako pierwsz\u0105 zacz\u0105\u0142em eksplorowa\u0107 ponad 10 lat temu przemierzaj\u0105c ulice ze smartfonem w r\u0119ku i szukaj\u0105c swojego stylu. Szybko wtedy odkry\u0142em, \u017ce Wola jest pe\u0142na kontrast\u00f3w, wie\u017cowc\u00f3w, biurowc\u00f3w i, jednocze\u015bnie, zabytkowych zabudowa\u0144. Zacz\u0105\u0142em dokumentowa\u0107 te przer\u00f3\u017cne warstwy miasta pokazuj\u0105c jak ze sob\u0105 kontrastuj\u0105. A mo\u017ce wzajemnie si\u0119 uzupe\u0142niaj\u0105?<\/em>\u201d \u2013\u00a0<strong>Aleksander Ma\u0142achowski (Hashtagalek)<\/strong>\u00a0\u2013 fotograf architektury, magister sztuki, wsp\u00f3\u0142tw\u00f3rca kompleksowego kursu fotografii <a href=\"http:\/\/ProjektFotografia.pl\"><strong>ProjektFotografia.pl<\/strong><\/a>.<\/p>\n\n\n<!-- wp:themify-builder\/canvas \/-->","protected":false},"excerpt":{"rendered":"<p>W ubieg\u0142y czwartek (27.11.2025) w Fabryce Norblina oficjalnie zainaugurowano wsp\u00f3\u0142prac\u0119 trzech muze\u00f3w dokumentuj\u0105cych przemys\u0142ow\u0105 histori\u0119 warszawskiej Woli:&nbsp;Muzeum Fabryki Norblina, Stacji Muzeum oraz&nbsp;Muzeum Gazowni Warszawskiej. Wsp\u00f3lna inicjatywa pod patronatem Burmistrza Dzielnicy Wola ma na celu popularyzacj\u0119 dziedzictwa industrialnego tej cz\u0119\u015bci miasta i stworzenie nowej, atrakcyjnej propozycji dla mieszka\u0144c\u00f3w Warszawy oraz turyst\u00f3w. Wydarzeniu towarzyszy\u0142o r\u00f3wnie\u017c uroczyste ods\u0142oni\u0119cie [&hellip;]<\/p>\n","protected":false},"author":9,"featured_media":6391,"comment_status":"closed","ping_status":"closed","sticky":false,"template":"","format":"standard","meta":{"_acf_changed":false,"_monsterinsights_skip_tracking":false,"footnotes":""},"categories":[29],"tags":[],"class_list":["post-6390","post","type-post","status-publish","format-standard","has-post-thumbnail","hentry","category-aktualnosci","has-post-title","has-post-date","has-post-category","has-post-tag","has-post-comment","has-post-author",""],"acf":[],"yoast_head":"<!-- This site is optimized with the Yoast SEO plugin v28.2 - https:\/\/yoast.com\/product\/yoast-seo-wordpress\/ -->\n<title>Nowa atrakcja na mapie Warszawy \u2013 Wola ods\u0142ania swoje przemys\u0142owe dziedzictwo | Muzeum Fabryki Norblina<\/title>\n<meta name=\"robots\" content=\"index, follow, max-snippet:-1, max-image-preview:large, max-video-preview:-1\" \/>\n<link rel=\"canonical\" href=\"https:\/\/muzeumfabrykinorblina.pl\/?p=6390\" \/>\n<meta property=\"og:locale\" content=\"pl_PL\" \/>\n<meta property=\"og:type\" content=\"article\" \/>\n<meta property=\"og:title\" content=\"Nowa atrakcja na mapie Warszawy \u2013 Wola ods\u0142ania swoje przemys\u0142owe dziedzictwo | Muzeum Fabryki Norblina\" \/>\n<meta property=\"og:description\" content=\"W ubieg\u0142y czwartek (27.11.2025) w Fabryce Norblina oficjalnie zainaugurowano wsp\u00f3\u0142prac\u0119 trzech muze\u00f3w dokumentuj\u0105cych przemys\u0142ow\u0105 histori\u0119 warszawskiej Woli:&nbsp;Muzeum Fabryki Norblina, Stacji Muzeum oraz&nbsp;Muzeum Gazowni Warszawskiej. Wsp\u00f3lna inicjatywa pod patronatem Burmistrza Dzielnicy Wola ma na celu popularyzacj\u0119 dziedzictwa industrialnego tej cz\u0119\u015bci miasta i stworzenie nowej, atrakcyjnej propozycji dla mieszka\u0144c\u00f3w Warszawy oraz turyst\u00f3w. Wydarzeniu towarzyszy\u0142o r\u00f3wnie\u017c uroczyste ods\u0142oni\u0119cie [&hellip;]\" \/>\n<meta property=\"og:url\" content=\"https:\/\/muzeumfabrykinorblina.pl\/?p=6390\" \/>\n<meta property=\"og:site_name\" content=\"Muzeum Fabryki Norblina\" \/>\n<meta property=\"article:publisher\" content=\"https:\/\/www.facebook.com\/MuzeumFabrykiNorblina\" \/>\n<meta property=\"article:published_time\" content=\"2025-12-02T15:41:38+00:00\" \/>\n<meta property=\"article:modified_time\" content=\"2026-01-15T11:02:30+00:00\" \/>\n<meta property=\"og:image\" content=\"https:\/\/muzeumfabrykinorblina.pl\/wp-content\/uploads\/2025\/12\/MFN-WWW-NowaAtrakcja.jpg\" \/>\n\t<meta property=\"og:image:width\" content=\"1080\" \/>\n\t<meta property=\"og:image:height\" content=\"1080\" \/>\n\t<meta property=\"og:image:type\" content=\"image\/jpeg\" \/>\n<meta name=\"author\" content=\"Agata Ilnicka\" \/>\n<meta name=\"twitter:card\" content=\"summary_large_image\" \/>\n<meta name=\"twitter:label1\" content=\"Napisane przez\" \/>\n\t<meta name=\"twitter:data1\" content=\"Agata Ilnicka\" \/>\n\t<meta name=\"twitter:label2\" content=\"Szacowany czas czytania\" \/>\n\t<meta name=\"twitter:data2\" content=\"5 minut\" \/>\n<script type=\"application\/ld+json\" class=\"yoast-schema-graph\">{\"@context\":\"https:\\\/\\\/schema.org\",\"@graph\":[{\"@type\":\"Article\",\"@id\":\"https:\\\/\\\/muzeumfabrykinorblina.pl\\\/?p=6390#article\",\"isPartOf\":{\"@id\":\"https:\\\/\\\/muzeumfabrykinorblina.pl\\\/?p=6390\"},\"author\":{\"name\":\"Agata Ilnicka\",\"@id\":\"https:\\\/\\\/muzeumfabrykinorblina.pl\\\/#\\\/schema\\\/person\\\/4f1632ef79031887e0e24c4ea9d3472e\"},\"headline\":\"Nowa atrakcja na mapie Warszawy \u2013 Wola ods\u0142ania swoje przemys\u0142owe dziedzictwo\",\"datePublished\":\"2025-12-02T15:41:38+00:00\",\"dateModified\":\"2026-01-15T11:02:30+00:00\",\"mainEntityOfPage\":{\"@id\":\"https:\\\/\\\/muzeumfabrykinorblina.pl\\\/?p=6390\"},\"wordCount\":1008,\"publisher\":{\"@id\":\"https:\\\/\\\/muzeumfabrykinorblina.pl\\\/#organization\"},\"image\":{\"@id\":\"https:\\\/\\\/muzeumfabrykinorblina.pl\\\/?p=6390#primaryimage\"},\"thumbnailUrl\":\"https:\\\/\\\/muzeumfabrykinorblina.pl\\\/wp-content\\\/uploads\\\/2025\\\/12\\\/MFN-WWW-NowaAtrakcja.jpg\",\"articleSection\":[\"Aktualno\u015bci\"],\"inLanguage\":\"pl-PL\"},{\"@type\":\"WebPage\",\"@id\":\"https:\\\/\\\/muzeumfabrykinorblina.pl\\\/?p=6390\",\"url\":\"https:\\\/\\\/muzeumfabrykinorblina.pl\\\/?p=6390\",\"name\":\"Nowa atrakcja na mapie Warszawy \u2013 Wola ods\u0142ania swoje przemys\u0142owe dziedzictwo | Muzeum Fabryki Norblina\",\"isPartOf\":{\"@id\":\"https:\\\/\\\/muzeumfabrykinorblina.pl\\\/#website\"},\"primaryImageOfPage\":{\"@id\":\"https:\\\/\\\/muzeumfabrykinorblina.pl\\\/?p=6390#primaryimage\"},\"image\":{\"@id\":\"https:\\\/\\\/muzeumfabrykinorblina.pl\\\/?p=6390#primaryimage\"},\"thumbnailUrl\":\"https:\\\/\\\/muzeumfabrykinorblina.pl\\\/wp-content\\\/uploads\\\/2025\\\/12\\\/MFN-WWW-NowaAtrakcja.jpg\",\"datePublished\":\"2025-12-02T15:41:38+00:00\",\"dateModified\":\"2026-01-15T11:02:30+00:00\",\"breadcrumb\":{\"@id\":\"https:\\\/\\\/muzeumfabrykinorblina.pl\\\/?p=6390#breadcrumb\"},\"inLanguage\":\"pl-PL\",\"potentialAction\":[{\"@type\":\"ReadAction\",\"target\":[\"https:\\\/\\\/muzeumfabrykinorblina.pl\\\/?p=6390\"]}]},{\"@type\":\"ImageObject\",\"inLanguage\":\"pl-PL\",\"@id\":\"https:\\\/\\\/muzeumfabrykinorblina.pl\\\/?p=6390#primaryimage\",\"url\":\"https:\\\/\\\/muzeumfabrykinorblina.pl\\\/wp-content\\\/uploads\\\/2025\\\/12\\\/MFN-WWW-NowaAtrakcja.jpg\",\"contentUrl\":\"https:\\\/\\\/muzeumfabrykinorblina.pl\\\/wp-content\\\/uploads\\\/2025\\\/12\\\/MFN-WWW-NowaAtrakcja.jpg\",\"width\":1080,\"height\":1080},{\"@type\":\"BreadcrumbList\",\"@id\":\"https:\\\/\\\/muzeumfabrykinorblina.pl\\\/?p=6390#breadcrumb\",\"itemListElement\":[{\"@type\":\"ListItem\",\"position\":1,\"name\":\"Strona g\u0142\u00f3wna\",\"item\":\"https:\\\/\\\/muzeumfabrykinorblina.pl\\\/\"},{\"@type\":\"ListItem\",\"position\":2,\"name\":\"Nowa atrakcja na mapie Warszawy \u2013 Wola ods\u0142ania swoje przemys\u0142owe dziedzictwo\"}]},{\"@type\":\"WebSite\",\"@id\":\"https:\\\/\\\/muzeumfabrykinorblina.pl\\\/#website\",\"url\":\"https:\\\/\\\/muzeumfabrykinorblina.pl\\\/\",\"name\":\"Muzeum Fabryki Norblina\",\"description\":\"Fabryka Norblina\",\"publisher\":{\"@id\":\"https:\\\/\\\/muzeumfabrykinorblina.pl\\\/#organization\"},\"potentialAction\":[{\"@type\":\"SearchAction\",\"target\":{\"@type\":\"EntryPoint\",\"urlTemplate\":\"https:\\\/\\\/muzeumfabrykinorblina.pl\\\/?s={search_term_string}\"},\"query-input\":{\"@type\":\"PropertyValueSpecification\",\"valueRequired\":true,\"valueName\":\"search_term_string\"}}],\"inLanguage\":\"pl-PL\"},{\"@type\":\"Organization\",\"@id\":\"https:\\\/\\\/muzeumfabrykinorblina.pl\\\/#organization\",\"name\":\"Muzeum Fabryki Norblina\",\"url\":\"https:\\\/\\\/muzeumfabrykinorblina.pl\\\/\",\"logo\":{\"@type\":\"ImageObject\",\"inLanguage\":\"pl-PL\",\"@id\":\"https:\\\/\\\/muzeumfabrykinorblina.pl\\\/#\\\/schema\\\/logo\\\/image\\\/\",\"url\":\"https:\\\/\\\/muzeumfabrykinorblina.pl\\\/wp-content\\\/uploads\\\/2023\\\/11\\\/MFN_Featured-image_1200x675.jpg\",\"contentUrl\":\"https:\\\/\\\/muzeumfabrykinorblina.pl\\\/wp-content\\\/uploads\\\/2023\\\/11\\\/MFN_Featured-image_1200x675.jpg\",\"width\":1200,\"height\":675,\"caption\":\"Muzeum Fabryki Norblina\"},\"image\":{\"@id\":\"https:\\\/\\\/muzeumfabrykinorblina.pl\\\/#\\\/schema\\\/logo\\\/image\\\/\"},\"sameAs\":[\"https:\\\/\\\/www.facebook.com\\\/MuzeumFabrykiNorblina\",\"https:\\\/\\\/www.instagram.com\\\/muzeumfabrykinorblina\\\/\"]},{\"@type\":\"Person\",\"@id\":\"https:\\\/\\\/muzeumfabrykinorblina.pl\\\/#\\\/schema\\\/person\\\/4f1632ef79031887e0e24c4ea9d3472e\",\"name\":\"Agata Ilnicka\",\"image\":{\"@type\":\"ImageObject\",\"inLanguage\":\"pl-PL\",\"@id\":\"https:\\\/\\\/secure.gravatar.com\\\/avatar\\\/0c850e3cc969e3bec61971337ea044add4e3b6da745c50448fbab5c86b0b85d9?s=96&d=mm&r=g\",\"url\":\"https:\\\/\\\/secure.gravatar.com\\\/avatar\\\/0c850e3cc969e3bec61971337ea044add4e3b6da745c50448fbab5c86b0b85d9?s=96&d=mm&r=g\",\"contentUrl\":\"https:\\\/\\\/secure.gravatar.com\\\/avatar\\\/0c850e3cc969e3bec61971337ea044add4e3b6da745c50448fbab5c86b0b85d9?s=96&d=mm&r=g\",\"caption\":\"Agata Ilnicka\"},\"url\":\"https:\\\/\\\/muzeumfabrykinorblina.pl\\\/?author=9\"}]}<\/script>\n<!-- \/ Yoast SEO plugin. -->","yoast_head_json":{"title":"Nowa atrakcja na mapie Warszawy \u2013 Wola ods\u0142ania swoje przemys\u0142owe dziedzictwo | Muzeum Fabryki Norblina","robots":{"index":"index","follow":"follow","max-snippet":"max-snippet:-1","max-image-preview":"max-image-preview:large","max-video-preview":"max-video-preview:-1"},"canonical":"https:\/\/muzeumfabrykinorblina.pl\/?p=6390","og_locale":"pl_PL","og_type":"article","og_title":"Nowa atrakcja na mapie Warszawy \u2013 Wola ods\u0142ania swoje przemys\u0142owe dziedzictwo | Muzeum Fabryki Norblina","og_description":"W ubieg\u0142y czwartek (27.11.2025) w Fabryce Norblina oficjalnie zainaugurowano wsp\u00f3\u0142prac\u0119 trzech muze\u00f3w dokumentuj\u0105cych przemys\u0142ow\u0105 histori\u0119 warszawskiej Woli:&nbsp;Muzeum Fabryki Norblina, Stacji Muzeum oraz&nbsp;Muzeum Gazowni Warszawskiej. Wsp\u00f3lna inicjatywa pod patronatem Burmistrza Dzielnicy Wola ma na celu popularyzacj\u0119 dziedzictwa industrialnego tej cz\u0119\u015bci miasta i stworzenie nowej, atrakcyjnej propozycji dla mieszka\u0144c\u00f3w Warszawy oraz turyst\u00f3w. Wydarzeniu towarzyszy\u0142o r\u00f3wnie\u017c uroczyste ods\u0142oni\u0119cie [&hellip;]","og_url":"https:\/\/muzeumfabrykinorblina.pl\/?p=6390","og_site_name":"Muzeum Fabryki Norblina","article_publisher":"https:\/\/www.facebook.com\/MuzeumFabrykiNorblina","article_published_time":"2025-12-02T15:41:38+00:00","article_modified_time":"2026-01-15T11:02:30+00:00","og_image":[{"width":1080,"height":1080,"url":"https:\/\/muzeumfabrykinorblina.pl\/wp-content\/uploads\/2025\/12\/MFN-WWW-NowaAtrakcja.jpg","type":"image\/jpeg"}],"author":"Agata Ilnicka","twitter_card":"summary_large_image","twitter_misc":{"Napisane przez":"Agata Ilnicka","Szacowany czas czytania":"5 minut"},"schema":{"@context":"https:\/\/schema.org","@graph":[{"@type":"Article","@id":"https:\/\/muzeumfabrykinorblina.pl\/?p=6390#article","isPartOf":{"@id":"https:\/\/muzeumfabrykinorblina.pl\/?p=6390"},"author":{"name":"Agata Ilnicka","@id":"https:\/\/muzeumfabrykinorblina.pl\/#\/schema\/person\/4f1632ef79031887e0e24c4ea9d3472e"},"headline":"Nowa atrakcja na mapie Warszawy \u2013 Wola ods\u0142ania swoje przemys\u0142owe dziedzictwo","datePublished":"2025-12-02T15:41:38+00:00","dateModified":"2026-01-15T11:02:30+00:00","mainEntityOfPage":{"@id":"https:\/\/muzeumfabrykinorblina.pl\/?p=6390"},"wordCount":1008,"publisher":{"@id":"https:\/\/muzeumfabrykinorblina.pl\/#organization"},"image":{"@id":"https:\/\/muzeumfabrykinorblina.pl\/?p=6390#primaryimage"},"thumbnailUrl":"https:\/\/muzeumfabrykinorblina.pl\/wp-content\/uploads\/2025\/12\/MFN-WWW-NowaAtrakcja.jpg","articleSection":["Aktualno\u015bci"],"inLanguage":"pl-PL"},{"@type":"WebPage","@id":"https:\/\/muzeumfabrykinorblina.pl\/?p=6390","url":"https:\/\/muzeumfabrykinorblina.pl\/?p=6390","name":"Nowa atrakcja na mapie Warszawy \u2013 Wola ods\u0142ania swoje przemys\u0142owe dziedzictwo | Muzeum Fabryki Norblina","isPartOf":{"@id":"https:\/\/muzeumfabrykinorblina.pl\/#website"},"primaryImageOfPage":{"@id":"https:\/\/muzeumfabrykinorblina.pl\/?p=6390#primaryimage"},"image":{"@id":"https:\/\/muzeumfabrykinorblina.pl\/?p=6390#primaryimage"},"thumbnailUrl":"https:\/\/muzeumfabrykinorblina.pl\/wp-content\/uploads\/2025\/12\/MFN-WWW-NowaAtrakcja.jpg","datePublished":"2025-12-02T15:41:38+00:00","dateModified":"2026-01-15T11:02:30+00:00","breadcrumb":{"@id":"https:\/\/muzeumfabrykinorblina.pl\/?p=6390#breadcrumb"},"inLanguage":"pl-PL","potentialAction":[{"@type":"ReadAction","target":["https:\/\/muzeumfabrykinorblina.pl\/?p=6390"]}]},{"@type":"ImageObject","inLanguage":"pl-PL","@id":"https:\/\/muzeumfabrykinorblina.pl\/?p=6390#primaryimage","url":"https:\/\/muzeumfabrykinorblina.pl\/wp-content\/uploads\/2025\/12\/MFN-WWW-NowaAtrakcja.jpg","contentUrl":"https:\/\/muzeumfabrykinorblina.pl\/wp-content\/uploads\/2025\/12\/MFN-WWW-NowaAtrakcja.jpg","width":1080,"height":1080},{"@type":"BreadcrumbList","@id":"https:\/\/muzeumfabrykinorblina.pl\/?p=6390#breadcrumb","itemListElement":[{"@type":"ListItem","position":1,"name":"Strona g\u0142\u00f3wna","item":"https:\/\/muzeumfabrykinorblina.pl\/"},{"@type":"ListItem","position":2,"name":"Nowa atrakcja na mapie Warszawy \u2013 Wola ods\u0142ania swoje przemys\u0142owe dziedzictwo"}]},{"@type":"WebSite","@id":"https:\/\/muzeumfabrykinorblina.pl\/#website","url":"https:\/\/muzeumfabrykinorblina.pl\/","name":"Muzeum Fabryki Norblina","description":"Fabryka Norblina","publisher":{"@id":"https:\/\/muzeumfabrykinorblina.pl\/#organization"},"potentialAction":[{"@type":"SearchAction","target":{"@type":"EntryPoint","urlTemplate":"https:\/\/muzeumfabrykinorblina.pl\/?s={search_term_string}"},"query-input":{"@type":"PropertyValueSpecification","valueRequired":true,"valueName":"search_term_string"}}],"inLanguage":"pl-PL"},{"@type":"Organization","@id":"https:\/\/muzeumfabrykinorblina.pl\/#organization","name":"Muzeum Fabryki Norblina","url":"https:\/\/muzeumfabrykinorblina.pl\/","logo":{"@type":"ImageObject","inLanguage":"pl-PL","@id":"https:\/\/muzeumfabrykinorblina.pl\/#\/schema\/logo\/image\/","url":"https:\/\/muzeumfabrykinorblina.pl\/wp-content\/uploads\/2023\/11\/MFN_Featured-image_1200x675.jpg","contentUrl":"https:\/\/muzeumfabrykinorblina.pl\/wp-content\/uploads\/2023\/11\/MFN_Featured-image_1200x675.jpg","width":1200,"height":675,"caption":"Muzeum Fabryki Norblina"},"image":{"@id":"https:\/\/muzeumfabrykinorblina.pl\/#\/schema\/logo\/image\/"},"sameAs":["https:\/\/www.facebook.com\/MuzeumFabrykiNorblina","https:\/\/www.instagram.com\/muzeumfabrykinorblina\/"]},{"@type":"Person","@id":"https:\/\/muzeumfabrykinorblina.pl\/#\/schema\/person\/4f1632ef79031887e0e24c4ea9d3472e","name":"Agata Ilnicka","image":{"@type":"ImageObject","inLanguage":"pl-PL","@id":"https:\/\/secure.gravatar.com\/avatar\/0c850e3cc969e3bec61971337ea044add4e3b6da745c50448fbab5c86b0b85d9?s=96&d=mm&r=g","url":"https:\/\/secure.gravatar.com\/avatar\/0c850e3cc969e3bec61971337ea044add4e3b6da745c50448fbab5c86b0b85d9?s=96&d=mm&r=g","contentUrl":"https:\/\/secure.gravatar.com\/avatar\/0c850e3cc969e3bec61971337ea044add4e3b6da745c50448fbab5c86b0b85d9?s=96&d=mm&r=g","caption":"Agata Ilnicka"},"url":"https:\/\/muzeumfabrykinorblina.pl\/?author=9"}]}},"lang":"pl","translations":{"pl":6390},"builder_content":"[gallery ids=\"6395,6396,6404,6405,6403,6402,6401,6399,6397\"]","pll_sync_post":{},"_links":{"self":[{"href":"https:\/\/muzeumfabrykinorblina.pl\/index.php?rest_route=\/wp\/v2\/posts\/6390","targetHints":{"allow":["GET"]}}],"collection":[{"href":"https:\/\/muzeumfabrykinorblina.pl\/index.php?rest_route=\/wp\/v2\/posts"}],"about":[{"href":"https:\/\/muzeumfabrykinorblina.pl\/index.php?rest_route=\/wp\/v2\/types\/post"}],"author":[{"embeddable":true,"href":"https:\/\/muzeumfabrykinorblina.pl\/index.php?rest_route=\/wp\/v2\/users\/9"}],"replies":[{"embeddable":true,"href":"https:\/\/muzeumfabrykinorblina.pl\/index.php?rest_route=%2Fwp%2Fv2%2Fcomments&post=6390"}],"version-history":[{"count":6,"href":"https:\/\/muzeumfabrykinorblina.pl\/index.php?rest_route=\/wp\/v2\/posts\/6390\/revisions"}],"predecessor-version":[{"id":6745,"href":"https:\/\/muzeumfabrykinorblina.pl\/index.php?rest_route=\/wp\/v2\/posts\/6390\/revisions\/6745"}],"wp:featuredmedia":[{"embeddable":true,"href":"https:\/\/muzeumfabrykinorblina.pl\/index.php?rest_route=\/wp\/v2\/media\/6391"}],"wp:attachment":[{"href":"https:\/\/muzeumfabrykinorblina.pl\/index.php?rest_route=%2Fwp%2Fv2%2Fmedia&parent=6390"}],"wp:term":[{"taxonomy":"category","embeddable":true,"href":"https:\/\/muzeumfabrykinorblina.pl\/index.php?rest_route=%2Fwp%2Fv2%2Fcategories&post=6390"},{"taxonomy":"post_tag","embeddable":true,"href":"https:\/\/muzeumfabrykinorblina.pl\/index.php?rest_route=%2Fwp%2Fv2%2Ftags&post=6390"}],"curies":[{"name":"wp","href":"https:\/\/api.w.org\/{rel}","templated":true}]}}