{"id":6375,"date":"2025-11-28T09:00:00","date_gmt":"2025-11-28T08:00:00","guid":{"rendered":"https:\/\/muzeumfabrykinorblina.pl\/?p=6375"},"modified":"2026-01-15T12:02:59","modified_gmt":"2026-01-15T11:02:59","slug":"nowa-zimowa-atrakcja","status":"publish","type":"post","link":"https:\/\/muzeumfabrykinorblina.pl\/?p=6375","title":{"rendered":"Jedna trasa, dwa muzea i przeja\u017cd\u017cka kultow\u0105 Nysk\u0105 522"},"content":{"rendered":"\n<p class=\"wp-block-paragraph\">Nowa zimowa atrakcja: wsp\u00f3lna wycieczka Muzeum Fabryki Norblina i Muzeum \u017bycia w PRL &#8211; jedna trasa, dwa muzea i przeja\u017cd\u017cka kultow\u0105 Nysk\u0105 522<\/p>\n\n\n\n<p class=\"wp-block-paragraph\">Fabryka Norblina i Muzeum \u017bycia w PRL po\u0142\u0105czy\u0142y si\u0142y, tworz\u0105c wyj\u0105tkow\u0105, zimow\u0105 propozycj\u0119 dla wszystkich mi\u0142o\u015bnik\u00f3w historii Warszawy. Nowa 2,5-godzinna wycieczka to jedyne takie do\u015bwiadczenie w stolicy &#8211; \u0142\u0105czy zwiedzanie postindustrialnego serca Woli, klimatyczn\u0105 przeja\u017cd\u017ck\u0119 zabytkow\u0105 Nys\u0105 oraz wizyt\u0119 w muzeum po\u015bwi\u0119conym codzienno\u015bci PRL.<\/p>\n\n\n\n<p class=\"wp-block-paragraph\">Nowa wycieczka trwa 150 minut, a przejazd Nys\u0105 odbywa si\u0119 w jedn\u0105 stron\u0119 &#8211; z Fabryki Norblina do Muzeum \u017bycia w PRL. W programie atrakcji s\u0105:<\/p>\n\n\n\n<ul class=\"wp-block-list\">\n<li>Fabryka Norblina &#8211; godzinne zwiedzanie z przewodnikiem w stroju z epoki lub licencjonowanym przewodnikiem miejskim; podr\u00f3\u017c przez ponad 200 lat przemys\u0142owej historii.<\/li>\n\n\n\n<li>Przejazd Nys\u0105 522 &#8211; kultowy samoch\u00f3d zabytkowy zawiezie uczestnik\u00f3w przez Plac Europejski z Warsaw Spire, Plac Grzybowski, Emilii Plater, PKiN, MDM i Plac Konstytucji.<\/li>\n\n\n\n<li>Muzeum \u017bycia w PRL &#8211; samodzielne zwiedzanie lub audioprzewodnik, kt\u00f3ry poprowadzi przez realia minionej epoki.<\/li>\n<\/ul>\n\n\n\n<p class=\"wp-block-paragraph\">Cennik:<br>90 z\u0142 &#8211; bilet normalny<br>60 z\u0142 &#8211; bilet ulgowy<\/p>\n\n\n\n<p class=\"wp-block-paragraph\">Miejsce startu: Fabryka Norblina, Punkt Bilety\/Info, Budynek Plater (0)<\/p>\n\n\n\n<p class=\"wp-block-paragraph\">Kup bilety ju\u017c teraz i prze\u017cyj t\u0119 niezwyk\u0142\u0105 podr\u00f3\u017c w czasie:<br><a href=\"https:\/\/muzeumfabrykinorblina.pl\/trzy-atrakcje-jedna-podroz-w-czasie\/\">https:\/\/muzeumfabrykinorblina.pl\/trzy-atrakcje-jedna-podroz-w-czasie\/<\/a><\/p>\n\n\n<!-- wp:themify-builder\/canvas \/-->","protected":false},"excerpt":{"rendered":"<p>Nowa zimowa atrakcja: wsp\u00f3lna wycieczka Muzeum Fabryki Norblina i Muzeum \u017bycia w PRL &#8211; jedna trasa, dwa muzea i przeja\u017cd\u017cka kultow\u0105 Nysk\u0105 522 Fabryka Norblina i Muzeum \u017bycia w PRL po\u0142\u0105czy\u0142y si\u0142y, tworz\u0105c wyj\u0105tkow\u0105, zimow\u0105 propozycj\u0119 dla wszystkich mi\u0142o\u015bnik\u00f3w historii Warszawy. Nowa 2,5-godzinna wycieczka to jedyne takie do\u015bwiadczenie w stolicy &#8211; \u0142\u0105czy zwiedzanie postindustrialnego serca [&hellip;]<\/p>\n","protected":false},"author":9,"featured_media":6336,"comment_status":"closed","ping_status":"closed","sticky":false,"template":"","format":"standard","meta":{"_acf_changed":false,"_monsterinsights_skip_tracking":false,"footnotes":""},"categories":[29],"tags":[],"class_list":["post-6375","post","type-post","status-publish","format-standard","has-post-thumbnail","hentry","category-aktualnosci","has-post-title","has-post-date","has-post-category","has-post-tag","has-post-comment","has-post-author",""],"acf":[],"yoast_head":"<!-- This site is optimized with the Yoast SEO plugin v28.2 - https:\/\/yoast.com\/product\/yoast-seo-wordpress\/ -->\n<title>Jedna trasa, dwa muzea i przeja\u017cd\u017cka kultow\u0105 Nysk\u0105 522 | Muzeum Fabryki Norblina<\/title>\n<meta name=\"description\" content=\"Nowa zimowa atrakcja: wsp\u00f3lna wycieczka Muzeum Fabryki Norblina i Muzeum \u017bycia w PRL - jedna trasa, dwa muzea i przeja\u017cd\u017cka kultow\u0105 Nysk\u0105 522\" \/>\n<meta name=\"robots\" content=\"index, follow, max-snippet:-1, max-image-preview:large, max-video-preview:-1\" \/>\n<link rel=\"canonical\" href=\"https:\/\/muzeumfabrykinorblina.pl\/?p=6375\" \/>\n<meta property=\"og:locale\" content=\"pl_PL\" \/>\n<meta property=\"og:type\" content=\"article\" \/>\n<meta property=\"og:title\" content=\"Jedna trasa, dwa muzea i przeja\u017cd\u017cka kultow\u0105 Nysk\u0105 522 | Muzeum Fabryki Norblina\" \/>\n<meta property=\"og:description\" content=\"Nowa zimowa atrakcja: wsp\u00f3lna wycieczka Muzeum Fabryki Norblina i Muzeum \u017bycia w PRL - jedna trasa, dwa muzea i przeja\u017cd\u017cka kultow\u0105 Nysk\u0105 522\" \/>\n<meta property=\"og:url\" content=\"https:\/\/muzeumfabrykinorblina.pl\/?p=6375\" \/>\n<meta property=\"og:site_name\" content=\"Muzeum Fabryki Norblina\" \/>\n<meta property=\"article:publisher\" content=\"https:\/\/www.facebook.com\/MuzeumFabrykiNorblina\" \/>\n<meta property=\"article:published_time\" content=\"2025-11-28T08:00:00+00:00\" \/>\n<meta property=\"article:modified_time\" content=\"2026-01-15T11:02:59+00:00\" \/>\n<meta property=\"og:image\" content=\"https:\/\/muzeumfabrykinorblina.pl\/wp-content\/uploads\/2025\/11\/MFN_Wycieczka_Trzy-atrakcje.jpg\" \/>\n\t<meta property=\"og:image:width\" content=\"1280\" \/>\n\t<meta property=\"og:image:height\" content=\"1280\" \/>\n\t<meta property=\"og:image:type\" content=\"image\/jpeg\" \/>\n<meta name=\"author\" content=\"Agata Ilnicka\" \/>\n<meta name=\"twitter:card\" content=\"summary_large_image\" \/>\n<meta name=\"twitter:label1\" content=\"Napisane przez\" \/>\n\t<meta name=\"twitter:data1\" content=\"Agata Ilnicka\" \/>\n\t<meta name=\"twitter:label2\" content=\"Szacowany czas czytania\" \/>\n\t<meta name=\"twitter:data2\" content=\"2 minuty\" \/>\n<script type=\"application\/ld+json\" class=\"yoast-schema-graph\">{\"@context\":\"https:\\\/\\\/schema.org\",\"@graph\":[{\"@type\":\"Article\",\"@id\":\"https:\\\/\\\/muzeumfabrykinorblina.pl\\\/?p=6375#article\",\"isPartOf\":{\"@id\":\"https:\\\/\\\/muzeumfabrykinorblina.pl\\\/?p=6375\"},\"author\":{\"name\":\"Agata Ilnicka\",\"@id\":\"https:\\\/\\\/muzeumfabrykinorblina.pl\\\/#\\\/schema\\\/person\\\/4f1632ef79031887e0e24c4ea9d3472e\"},\"headline\":\"Jedna trasa, dwa muzea i przeja\u017cd\u017cka kultow\u0105 Nysk\u0105 522\",\"datePublished\":\"2025-11-28T08:00:00+00:00\",\"dateModified\":\"2026-01-15T11:02:59+00:00\",\"mainEntityOfPage\":{\"@id\":\"https:\\\/\\\/muzeumfabrykinorblina.pl\\\/?p=6375\"},\"wordCount\":215,\"publisher\":{\"@id\":\"https:\\\/\\\/muzeumfabrykinorblina.pl\\\/#organization\"},\"image\":{\"@id\":\"https:\\\/\\\/muzeumfabrykinorblina.pl\\\/?p=6375#primaryimage\"},\"thumbnailUrl\":\"https:\\\/\\\/muzeumfabrykinorblina.pl\\\/wp-content\\\/uploads\\\/2025\\\/11\\\/MFN_Wycieczka_Trzy-atrakcje.jpg\",\"articleSection\":[\"Aktualno\u015bci\"],\"inLanguage\":\"pl-PL\"},{\"@type\":\"WebPage\",\"@id\":\"https:\\\/\\\/muzeumfabrykinorblina.pl\\\/?p=6375\",\"url\":\"https:\\\/\\\/muzeumfabrykinorblina.pl\\\/?p=6375\",\"name\":\"Jedna trasa, dwa muzea i przeja\u017cd\u017cka kultow\u0105 Nysk\u0105 522 | Muzeum Fabryki Norblina\",\"isPartOf\":{\"@id\":\"https:\\\/\\\/muzeumfabrykinorblina.pl\\\/#website\"},\"primaryImageOfPage\":{\"@id\":\"https:\\\/\\\/muzeumfabrykinorblina.pl\\\/?p=6375#primaryimage\"},\"image\":{\"@id\":\"https:\\\/\\\/muzeumfabrykinorblina.pl\\\/?p=6375#primaryimage\"},\"thumbnailUrl\":\"https:\\\/\\\/muzeumfabrykinorblina.pl\\\/wp-content\\\/uploads\\\/2025\\\/11\\\/MFN_Wycieczka_Trzy-atrakcje.jpg\",\"datePublished\":\"2025-11-28T08:00:00+00:00\",\"dateModified\":\"2026-01-15T11:02:59+00:00\",\"description\":\"Nowa zimowa atrakcja: wsp\u00f3lna wycieczka Muzeum Fabryki Norblina i Muzeum \u017bycia w PRL - jedna trasa, dwa muzea i przeja\u017cd\u017cka kultow\u0105 Nysk\u0105 522\",\"breadcrumb\":{\"@id\":\"https:\\\/\\\/muzeumfabrykinorblina.pl\\\/?p=6375#breadcrumb\"},\"inLanguage\":\"pl-PL\",\"potentialAction\":[{\"@type\":\"ReadAction\",\"target\":[\"https:\\\/\\\/muzeumfabrykinorblina.pl\\\/?p=6375\"]}]},{\"@type\":\"ImageObject\",\"inLanguage\":\"pl-PL\",\"@id\":\"https:\\\/\\\/muzeumfabrykinorblina.pl\\\/?p=6375#primaryimage\",\"url\":\"https:\\\/\\\/muzeumfabrykinorblina.pl\\\/wp-content\\\/uploads\\\/2025\\\/11\\\/MFN_Wycieczka_Trzy-atrakcje.jpg\",\"contentUrl\":\"https:\\\/\\\/muzeumfabrykinorblina.pl\\\/wp-content\\\/uploads\\\/2025\\\/11\\\/MFN_Wycieczka_Trzy-atrakcje.jpg\",\"width\":1280,\"height\":1280},{\"@type\":\"BreadcrumbList\",\"@id\":\"https:\\\/\\\/muzeumfabrykinorblina.pl\\\/?p=6375#breadcrumb\",\"itemListElement\":[{\"@type\":\"ListItem\",\"position\":1,\"name\":\"Strona g\u0142\u00f3wna\",\"item\":\"https:\\\/\\\/muzeumfabrykinorblina.pl\\\/\"},{\"@type\":\"ListItem\",\"position\":2,\"name\":\"Jedna trasa, dwa muzea i przeja\u017cd\u017cka kultow\u0105 Nysk\u0105 522\"}]},{\"@type\":\"WebSite\",\"@id\":\"https:\\\/\\\/muzeumfabrykinorblina.pl\\\/#website\",\"url\":\"https:\\\/\\\/muzeumfabrykinorblina.pl\\\/\",\"name\":\"Muzeum Fabryki Norblina\",\"description\":\"Fabryka Norblina\",\"publisher\":{\"@id\":\"https:\\\/\\\/muzeumfabrykinorblina.pl\\\/#organization\"},\"potentialAction\":[{\"@type\":\"SearchAction\",\"target\":{\"@type\":\"EntryPoint\",\"urlTemplate\":\"https:\\\/\\\/muzeumfabrykinorblina.pl\\\/?s={search_term_string}\"},\"query-input\":{\"@type\":\"PropertyValueSpecification\",\"valueRequired\":true,\"valueName\":\"search_term_string\"}}],\"inLanguage\":\"pl-PL\"},{\"@type\":\"Organization\",\"@id\":\"https:\\\/\\\/muzeumfabrykinorblina.pl\\\/#organization\",\"name\":\"Muzeum Fabryki Norblina\",\"url\":\"https:\\\/\\\/muzeumfabrykinorblina.pl\\\/\",\"logo\":{\"@type\":\"ImageObject\",\"inLanguage\":\"pl-PL\",\"@id\":\"https:\\\/\\\/muzeumfabrykinorblina.pl\\\/#\\\/schema\\\/logo\\\/image\\\/\",\"url\":\"https:\\\/\\\/muzeumfabrykinorblina.pl\\\/wp-content\\\/uploads\\\/2023\\\/11\\\/MFN_Featured-image_1200x675.jpg\",\"contentUrl\":\"https:\\\/\\\/muzeumfabrykinorblina.pl\\\/wp-content\\\/uploads\\\/2023\\\/11\\\/MFN_Featured-image_1200x675.jpg\",\"width\":1200,\"height\":675,\"caption\":\"Muzeum Fabryki Norblina\"},\"image\":{\"@id\":\"https:\\\/\\\/muzeumfabrykinorblina.pl\\\/#\\\/schema\\\/logo\\\/image\\\/\"},\"sameAs\":[\"https:\\\/\\\/www.facebook.com\\\/MuzeumFabrykiNorblina\",\"https:\\\/\\\/www.instagram.com\\\/muzeumfabrykinorblina\\\/\"]},{\"@type\":\"Person\",\"@id\":\"https:\\\/\\\/muzeumfabrykinorblina.pl\\\/#\\\/schema\\\/person\\\/4f1632ef79031887e0e24c4ea9d3472e\",\"name\":\"Agata Ilnicka\",\"image\":{\"@type\":\"ImageObject\",\"inLanguage\":\"pl-PL\",\"@id\":\"https:\\\/\\\/secure.gravatar.com\\\/avatar\\\/0c850e3cc969e3bec61971337ea044add4e3b6da745c50448fbab5c86b0b85d9?s=96&d=mm&r=g\",\"url\":\"https:\\\/\\\/secure.gravatar.com\\\/avatar\\\/0c850e3cc969e3bec61971337ea044add4e3b6da745c50448fbab5c86b0b85d9?s=96&d=mm&r=g\",\"contentUrl\":\"https:\\\/\\\/secure.gravatar.com\\\/avatar\\\/0c850e3cc969e3bec61971337ea044add4e3b6da745c50448fbab5c86b0b85d9?s=96&d=mm&r=g\",\"caption\":\"Agata Ilnicka\"},\"url\":\"https:\\\/\\\/muzeumfabrykinorblina.pl\\\/?author=9\"}]}<\/script>\n<!-- \/ Yoast SEO plugin. -->","yoast_head_json":{"title":"Jedna trasa, dwa muzea i przeja\u017cd\u017cka kultow\u0105 Nysk\u0105 522 | Muzeum Fabryki Norblina","description":"Nowa zimowa atrakcja: wsp\u00f3lna wycieczka Muzeum Fabryki Norblina i Muzeum \u017bycia w PRL - jedna trasa, dwa muzea i przeja\u017cd\u017cka kultow\u0105 Nysk\u0105 522","robots":{"index":"index","follow":"follow","max-snippet":"max-snippet:-1","max-image-preview":"max-image-preview:large","max-video-preview":"max-video-preview:-1"},"canonical":"https:\/\/muzeumfabrykinorblina.pl\/?p=6375","og_locale":"pl_PL","og_type":"article","og_title":"Jedna trasa, dwa muzea i przeja\u017cd\u017cka kultow\u0105 Nysk\u0105 522 | Muzeum Fabryki Norblina","og_description":"Nowa zimowa atrakcja: wsp\u00f3lna wycieczka Muzeum Fabryki Norblina i Muzeum \u017bycia w PRL - jedna trasa, dwa muzea i przeja\u017cd\u017cka kultow\u0105 Nysk\u0105 522","og_url":"https:\/\/muzeumfabrykinorblina.pl\/?p=6375","og_site_name":"Muzeum Fabryki Norblina","article_publisher":"https:\/\/www.facebook.com\/MuzeumFabrykiNorblina","article_published_time":"2025-11-28T08:00:00+00:00","article_modified_time":"2026-01-15T11:02:59+00:00","og_image":[{"width":1280,"height":1280,"url":"https:\/\/muzeumfabrykinorblina.pl\/wp-content\/uploads\/2025\/11\/MFN_Wycieczka_Trzy-atrakcje.jpg","type":"image\/jpeg"}],"author":"Agata Ilnicka","twitter_card":"summary_large_image","twitter_misc":{"Napisane przez":"Agata Ilnicka","Szacowany czas czytania":"2 minuty"},"schema":{"@context":"https:\/\/schema.org","@graph":[{"@type":"Article","@id":"https:\/\/muzeumfabrykinorblina.pl\/?p=6375#article","isPartOf":{"@id":"https:\/\/muzeumfabrykinorblina.pl\/?p=6375"},"author":{"name":"Agata Ilnicka","@id":"https:\/\/muzeumfabrykinorblina.pl\/#\/schema\/person\/4f1632ef79031887e0e24c4ea9d3472e"},"headline":"Jedna trasa, dwa muzea i przeja\u017cd\u017cka kultow\u0105 Nysk\u0105 522","datePublished":"2025-11-28T08:00:00+00:00","dateModified":"2026-01-15T11:02:59+00:00","mainEntityOfPage":{"@id":"https:\/\/muzeumfabrykinorblina.pl\/?p=6375"},"wordCount":215,"publisher":{"@id":"https:\/\/muzeumfabrykinorblina.pl\/#organization"},"image":{"@id":"https:\/\/muzeumfabrykinorblina.pl\/?p=6375#primaryimage"},"thumbnailUrl":"https:\/\/muzeumfabrykinorblina.pl\/wp-content\/uploads\/2025\/11\/MFN_Wycieczka_Trzy-atrakcje.jpg","articleSection":["Aktualno\u015bci"],"inLanguage":"pl-PL"},{"@type":"WebPage","@id":"https:\/\/muzeumfabrykinorblina.pl\/?p=6375","url":"https:\/\/muzeumfabrykinorblina.pl\/?p=6375","name":"Jedna trasa, dwa muzea i przeja\u017cd\u017cka kultow\u0105 Nysk\u0105 522 | Muzeum Fabryki Norblina","isPartOf":{"@id":"https:\/\/muzeumfabrykinorblina.pl\/#website"},"primaryImageOfPage":{"@id":"https:\/\/muzeumfabrykinorblina.pl\/?p=6375#primaryimage"},"image":{"@id":"https:\/\/muzeumfabrykinorblina.pl\/?p=6375#primaryimage"},"thumbnailUrl":"https:\/\/muzeumfabrykinorblina.pl\/wp-content\/uploads\/2025\/11\/MFN_Wycieczka_Trzy-atrakcje.jpg","datePublished":"2025-11-28T08:00:00+00:00","dateModified":"2026-01-15T11:02:59+00:00","description":"Nowa zimowa atrakcja: wsp\u00f3lna wycieczka Muzeum Fabryki Norblina i Muzeum \u017bycia w PRL - jedna trasa, dwa muzea i przeja\u017cd\u017cka kultow\u0105 Nysk\u0105 522","breadcrumb":{"@id":"https:\/\/muzeumfabrykinorblina.pl\/?p=6375#breadcrumb"},"inLanguage":"pl-PL","potentialAction":[{"@type":"ReadAction","target":["https:\/\/muzeumfabrykinorblina.pl\/?p=6375"]}]},{"@type":"ImageObject","inLanguage":"pl-PL","@id":"https:\/\/muzeumfabrykinorblina.pl\/?p=6375#primaryimage","url":"https:\/\/muzeumfabrykinorblina.pl\/wp-content\/uploads\/2025\/11\/MFN_Wycieczka_Trzy-atrakcje.jpg","contentUrl":"https:\/\/muzeumfabrykinorblina.pl\/wp-content\/uploads\/2025\/11\/MFN_Wycieczka_Trzy-atrakcje.jpg","width":1280,"height":1280},{"@type":"BreadcrumbList","@id":"https:\/\/muzeumfabrykinorblina.pl\/?p=6375#breadcrumb","itemListElement":[{"@type":"ListItem","position":1,"name":"Strona g\u0142\u00f3wna","item":"https:\/\/muzeumfabrykinorblina.pl\/"},{"@type":"ListItem","position":2,"name":"Jedna trasa, dwa muzea i przeja\u017cd\u017cka kultow\u0105 Nysk\u0105 522"}]},{"@type":"WebSite","@id":"https:\/\/muzeumfabrykinorblina.pl\/#website","url":"https:\/\/muzeumfabrykinorblina.pl\/","name":"Muzeum Fabryki Norblina","description":"Fabryka Norblina","publisher":{"@id":"https:\/\/muzeumfabrykinorblina.pl\/#organization"},"potentialAction":[{"@type":"SearchAction","target":{"@type":"EntryPoint","urlTemplate":"https:\/\/muzeumfabrykinorblina.pl\/?s={search_term_string}"},"query-input":{"@type":"PropertyValueSpecification","valueRequired":true,"valueName":"search_term_string"}}],"inLanguage":"pl-PL"},{"@type":"Organization","@id":"https:\/\/muzeumfabrykinorblina.pl\/#organization","name":"Muzeum Fabryki Norblina","url":"https:\/\/muzeumfabrykinorblina.pl\/","logo":{"@type":"ImageObject","inLanguage":"pl-PL","@id":"https:\/\/muzeumfabrykinorblina.pl\/#\/schema\/logo\/image\/","url":"https:\/\/muzeumfabrykinorblina.pl\/wp-content\/uploads\/2023\/11\/MFN_Featured-image_1200x675.jpg","contentUrl":"https:\/\/muzeumfabrykinorblina.pl\/wp-content\/uploads\/2023\/11\/MFN_Featured-image_1200x675.jpg","width":1200,"height":675,"caption":"Muzeum Fabryki Norblina"},"image":{"@id":"https:\/\/muzeumfabrykinorblina.pl\/#\/schema\/logo\/image\/"},"sameAs":["https:\/\/www.facebook.com\/MuzeumFabrykiNorblina","https:\/\/www.instagram.com\/muzeumfabrykinorblina\/"]},{"@type":"Person","@id":"https:\/\/muzeumfabrykinorblina.pl\/#\/schema\/person\/4f1632ef79031887e0e24c4ea9d3472e","name":"Agata Ilnicka","image":{"@type":"ImageObject","inLanguage":"pl-PL","@id":"https:\/\/secure.gravatar.com\/avatar\/0c850e3cc969e3bec61971337ea044add4e3b6da745c50448fbab5c86b0b85d9?s=96&d=mm&r=g","url":"https:\/\/secure.gravatar.com\/avatar\/0c850e3cc969e3bec61971337ea044add4e3b6da745c50448fbab5c86b0b85d9?s=96&d=mm&r=g","contentUrl":"https:\/\/secure.gravatar.com\/avatar\/0c850e3cc969e3bec61971337ea044add4e3b6da745c50448fbab5c86b0b85d9?s=96&d=mm&r=g","caption":"Agata Ilnicka"},"url":"https:\/\/muzeumfabrykinorblina.pl\/?author=9"}]}},"lang":"pl","translations":{"pl":6375},"builder_content":"","pll_sync_post":{},"_links":{"self":[{"href":"https:\/\/muzeumfabrykinorblina.pl\/index.php?rest_route=\/wp\/v2\/posts\/6375","targetHints":{"allow":["GET"]}}],"collection":[{"href":"https:\/\/muzeumfabrykinorblina.pl\/index.php?rest_route=\/wp\/v2\/posts"}],"about":[{"href":"https:\/\/muzeumfabrykinorblina.pl\/index.php?rest_route=\/wp\/v2\/types\/post"}],"author":[{"embeddable":true,"href":"https:\/\/muzeumfabrykinorblina.pl\/index.php?rest_route=\/wp\/v2\/users\/9"}],"replies":[{"embeddable":true,"href":"https:\/\/muzeumfabrykinorblina.pl\/index.php?rest_route=%2Fwp%2Fv2%2Fcomments&post=6375"}],"version-history":[{"count":4,"href":"https:\/\/muzeumfabrykinorblina.pl\/index.php?rest_route=\/wp\/v2\/posts\/6375\/revisions"}],"predecessor-version":[{"id":6746,"href":"https:\/\/muzeumfabrykinorblina.pl\/index.php?rest_route=\/wp\/v2\/posts\/6375\/revisions\/6746"}],"wp:featuredmedia":[{"embeddable":true,"href":"https:\/\/muzeumfabrykinorblina.pl\/index.php?rest_route=\/wp\/v2\/media\/6336"}],"wp:attachment":[{"href":"https:\/\/muzeumfabrykinorblina.pl\/index.php?rest_route=%2Fwp%2Fv2%2Fmedia&parent=6375"}],"wp:term":[{"taxonomy":"category","embeddable":true,"href":"https:\/\/muzeumfabrykinorblina.pl\/index.php?rest_route=%2Fwp%2Fv2%2Fcategories&post=6375"},{"taxonomy":"post_tag","embeddable":true,"href":"https:\/\/muzeumfabrykinorblina.pl\/index.php?rest_route=%2Fwp%2Fv2%2Ftags&post=6375"}],"curies":[{"name":"wp","href":"https:\/\/api.w.org\/{rel}","templated":true}]}}