{"id":6308,"date":"2025-11-22T14:06:36","date_gmt":"2025-11-22T13:06:36","guid":{"rendered":"https:\/\/muzeumfabrykinorblina.pl\/fabryka-norblina-w-pigulce-copy\/"},"modified":"2026-07-03T14:44:59","modified_gmt":"2026-07-03T12:44:59","slug":"trzy-atrakcje-jedna-podroz-w-czasie","status":"publish","type":"post","link":"https:\/\/muzeumfabrykinorblina.pl\/?p=6308","title":{"rendered":"Trzy atrakcje \u2013 jedna podr\u00f3\u017c w czasie"},"content":{"rendered":"\n<p class=\"wp-block-paragraph\"><strong>Jak wygl\u0105da wycieczka?<\/strong><\/p>\n\n\n\n<div style=\"height:12px\" aria-hidden=\"true\" class=\"wp-block-spacer\"><\/div>\n\n\n\n<p class=\"wp-block-paragraph\"><strong>Start: Fabryka Norblina<br><\/strong>Rozpoczniesz od godzinnego zwiedzania Fabryki Norblina z przewodnikiem w stroju z epoki lub certyfikowanym przewodnikiem miejskim. Przeniesiesz si\u0119 w czasie, poznaj\u0105c histori\u0119 jednej z najbardziej wyj\u0105tkowych przestrzeni postindustrialnych w Warszawie.<\/p>\n\n\n\n<div style=\"height:12px\" aria-hidden=\"true\" class=\"wp-block-spacer\"><\/div>\n\n\n\n<p class=\"wp-block-paragraph\"><strong>Zabytkowa przeja\u017cd\u017cka Nys\u0105 522<br><\/strong>Po zwiedzaniu przewodnik odprowadzi Ci\u0119 do legendarnej Nysy. Podczas przejazdu zobaczysz m.in. Warsaw Spire, Plac Europejski, urokliwy Plac Grzybowski, \u201eWarszawski Manhattan\u201d przy Emilii Plater, Pa\u0142ac Kultury i Nauki oraz MDM i Plac Konstytucji. To podr\u00f3\u017c przez r\u00f3\u017cne oblicza miasta, od przemys\u0142owej Woli po modernistyczne centrum stolicy.<\/p>\n\n\n\n<div style=\"height:12px\" aria-hidden=\"true\" class=\"wp-block-spacer\"><\/div>\n\n\n\n<p class=\"wp-block-paragraph\"><strong>Fina\u0142: Muzeum \u017bycia w PRL<br><\/strong>Nysa dowiezie Ci\u0119 pod samo wej\u015bcie do Muzeum \u017bycia w PRL, gdzie czeka na Ciebie kolejna cz\u0119\u015b\u0107 przygody. Zwiedzisz je samodzielnie lub z pomoc\u0105 audioprzewodnika, poznaj\u0105c codzienno\u015b\u0107, absurdy i urok \u017cycia w minionej epoce.<\/p>\n\n\n\n<p class=\"wp-block-paragraph\"><em>Przeja\u017cd\u017cka Nysa odbywa si\u0119 w jedn\u0105 stron\u0119.<\/em><\/p>\n\n\n\n<div style=\"height:12px\" aria-hidden=\"true\" class=\"wp-block-spacer\"><\/div>\n\n\n\n<p class=\"wp-block-paragraph\"><strong>Plan dla biletu kupionego na godzin\u0119 11.30<\/strong><\/p>\n\n\n\n<p class=\"wp-block-paragraph\">11.30-12.30 zwiedzanie Fabryki Norblina -&gt; 12.30-13.00 &#8211; przejazd do Muzeum \u017bycia w PRL -&gt; 13.00-14.00 zwiedzanie Muzeum \u017bycia w PRL<\/p>\n\n\n\n<div style=\"height:12px\" aria-hidden=\"true\" class=\"wp-block-spacer\"><\/div>\n\n\n<!-- wp:themify-builder\/canvas \/-->","protected":false},"excerpt":{"rendered":"<p>Jak wygl\u0105da wycieczka? Start: Fabryka NorblinaRozpoczniesz od godzinnego zwiedzania Fabryki Norblina z przewodnikiem w stroju z epoki lub certyfikowanym przewodnikiem miejskim. Przeniesiesz si\u0119 w czasie, poznaj\u0105c histori\u0119 jednej z najbardziej wyj\u0105tkowych przestrzeni postindustrialnych w Warszawie. Zabytkowa przeja\u017cd\u017cka Nys\u0105 522Po zwiedzaniu przewodnik odprowadzi Ci\u0119 do legendarnej Nysy. Podczas przejazdu zobaczysz m.in. Warsaw Spire, Plac Europejski, urokliwy [&hellip;]<\/p>\n","protected":false},"author":1,"featured_media":6337,"comment_status":"closed","ping_status":"closed","sticky":false,"template":"","format":"standard","meta":{"_acf_changed":false,"_monsterinsights_skip_tracking":false,"footnotes":""},"categories":[72,105,63,76],"tags":[],"class_list":["post-6308","post","type-post","status-publish","format-standard","has-post-thumbnail","hentry","category-do-kupienia","category-dostepne","category-wycieczki","category-wycieczki-stale","has-post-title","has-post-date","has-post-category","has-post-tag","has-post-comment","has-post-author",""],"acf":[],"yoast_head":"<!-- This site is optimized with the Yoast SEO plugin v28.2 - https:\/\/yoast.com\/product\/yoast-seo-wordpress\/ -->\n<title>Trzy atrakcje \u2013 jedna podr\u00f3\u017c w czasie | Muzeum Fabryki Norblina<\/title>\n<meta name=\"description\" content=\"Odkryj Warszaw\u0119 z unikalnej perspektywy! W jednej trasie po\u0142\u0105czysz histori\u0119 Woli, przeja\u017cd\u017ck\u0119 zabytkow\u0105 Nys\u0105 522 i zwiedzanie Muzeum \u017bycia w PRL. Prze\u017cyj niezapomnian\u0105 podr\u00f3\u017c przez czas!\" \/>\n<meta name=\"robots\" content=\"index, follow, max-snippet:-1, max-image-preview:large, max-video-preview:-1\" \/>\n<link rel=\"canonical\" href=\"https:\/\/muzeumfabrykinorblina.pl\/?p=6308\" \/>\n<meta property=\"og:locale\" content=\"pl_PL\" \/>\n<meta property=\"og:type\" content=\"article\" \/>\n<meta property=\"og:title\" content=\"Trzy atrakcje \u2013 jedna podr\u00f3\u017c w czasie\" \/>\n<meta property=\"og:description\" content=\"Odkryj Warszaw\u0119 z unikalnej perspektywy! W jednej trasie po\u0142\u0105czysz histori\u0119 Woli, przeja\u017cd\u017ck\u0119 zabytkow\u0105 Nys\u0105 522 i zwiedzanie Muzeum \u017bycia w PRL. Prze\u017cyj niezapomnian\u0105 podr\u00f3\u017c przez czas!\" \/>\n<meta property=\"og:url\" content=\"https:\/\/muzeumfabrykinorblina.pl\/?p=6308\" \/>\n<meta property=\"og:site_name\" content=\"Muzeum Fabryki Norblina\" \/>\n<meta property=\"article:publisher\" content=\"https:\/\/www.facebook.com\/MuzeumFabrykiNorblina\" \/>\n<meta property=\"article:published_time\" content=\"2025-11-22T13:06:36+00:00\" \/>\n<meta property=\"article:modified_time\" content=\"2026-07-03T12:44:59+00:00\" \/>\n<meta property=\"og:image\" content=\"https:\/\/muzeumfabrykinorblina.pl\/wp-content\/uploads\/2023\/10\/MFN_Theme-logo.jpg\" \/>\n\t<meta property=\"og:image:width\" content=\"1080\" \/>\n\t<meta property=\"og:image:height\" content=\"1080\" \/>\n\t<meta property=\"og:image:type\" content=\"image\/jpeg\" \/>\n<meta name=\"author\" content=\"Pawe\u0142 Durka\" \/>\n<meta name=\"twitter:card\" content=\"summary_large_image\" \/>\n<meta name=\"twitter:title\" content=\"Trzy atrakcje \u2013 jedna podr\u00f3\u017c w czasie\" \/>\n<meta name=\"twitter:description\" content=\"Odkryj Warszaw\u0119 z unikalnej perspektywy! W jednej trasie po\u0142\u0105czysz histori\u0119 Woli, przeja\u017cd\u017ck\u0119 zabytkow\u0105 Nys\u0105 522 i zwiedzanie Muzeum \u017bycia w PRL. Prze\u017cyj niezapomnian\u0105 podr\u00f3\u017c przez czas!\" \/>\n<meta name=\"twitter:image\" content=\"https:\/\/muzeumfabrykinorblina.pl\/wp-content\/uploads\/2023\/10\/MFN_Theme-logo.jpg\" \/>\n<meta name=\"twitter:label1\" content=\"Napisane przez\" \/>\n\t<meta name=\"twitter:data1\" content=\"Pawe\u0142 Durka\" \/>\n\t<meta name=\"twitter:label2\" content=\"Szacowany czas czytania\" \/>\n\t<meta name=\"twitter:data2\" content=\"2 minuty\" \/>\n<script type=\"application\/ld+json\" class=\"yoast-schema-graph\">{\"@context\":\"https:\\\/\\\/schema.org\",\"@graph\":[{\"@type\":\"Article\",\"@id\":\"https:\\\/\\\/muzeumfabrykinorblina.pl\\\/?p=6308#article\",\"isPartOf\":{\"@id\":\"https:\\\/\\\/muzeumfabrykinorblina.pl\\\/?p=6308\"},\"author\":{\"name\":\"Pawe\u0142 Durka\",\"@id\":\"https:\\\/\\\/muzeumfabrykinorblina.pl\\\/#\\\/schema\\\/person\\\/0938cd3099cfa22b49acc1cd4cfe55f4\"},\"headline\":\"Trzy atrakcje \u2013 jedna podr\u00f3\u017c w czasie\",\"datePublished\":\"2025-11-22T13:06:36+00:00\",\"dateModified\":\"2026-07-03T12:44:59+00:00\",\"mainEntityOfPage\":{\"@id\":\"https:\\\/\\\/muzeumfabrykinorblina.pl\\\/?p=6308\"},\"wordCount\":178,\"publisher\":{\"@id\":\"https:\\\/\\\/muzeumfabrykinorblina.pl\\\/#organization\"},\"image\":{\"@id\":\"https:\\\/\\\/muzeumfabrykinorblina.pl\\\/?p=6308#primaryimage\"},\"thumbnailUrl\":\"https:\\\/\\\/muzeumfabrykinorblina.pl\\\/wp-content\\\/uploads\\\/2025\\\/11\\\/MFN_Wycieczki_1200x630_Trzy-atrakcje.jpg\",\"articleSection\":[\"Do kupienia\",\"Dost\u0119pne\",\"Wycieczki\",\"Wycieczki sta\u0142e\"],\"inLanguage\":\"pl-PL\"},{\"@type\":\"WebPage\",\"@id\":\"https:\\\/\\\/muzeumfabrykinorblina.pl\\\/?p=6308\",\"url\":\"https:\\\/\\\/muzeumfabrykinorblina.pl\\\/?p=6308\",\"name\":\"Trzy atrakcje \u2013 jedna podr\u00f3\u017c w czasie | Muzeum Fabryki Norblina\",\"isPartOf\":{\"@id\":\"https:\\\/\\\/muzeumfabrykinorblina.pl\\\/#website\"},\"primaryImageOfPage\":{\"@id\":\"https:\\\/\\\/muzeumfabrykinorblina.pl\\\/?p=6308#primaryimage\"},\"image\":{\"@id\":\"https:\\\/\\\/muzeumfabrykinorblina.pl\\\/?p=6308#primaryimage\"},\"thumbnailUrl\":\"https:\\\/\\\/muzeumfabrykinorblina.pl\\\/wp-content\\\/uploads\\\/2025\\\/11\\\/MFN_Wycieczki_1200x630_Trzy-atrakcje.jpg\",\"datePublished\":\"2025-11-22T13:06:36+00:00\",\"dateModified\":\"2026-07-03T12:44:59+00:00\",\"description\":\"Odkryj Warszaw\u0119 z unikalnej perspektywy! W jednej trasie po\u0142\u0105czysz histori\u0119 Woli, przeja\u017cd\u017ck\u0119 zabytkow\u0105 Nys\u0105 522 i zwiedzanie Muzeum \u017bycia w PRL. Prze\u017cyj niezapomnian\u0105 podr\u00f3\u017c przez czas!\",\"breadcrumb\":{\"@id\":\"https:\\\/\\\/muzeumfabrykinorblina.pl\\\/?p=6308#breadcrumb\"},\"inLanguage\":\"pl-PL\",\"potentialAction\":[{\"@type\":\"ReadAction\",\"target\":[\"https:\\\/\\\/muzeumfabrykinorblina.pl\\\/?p=6308\"]}]},{\"@type\":\"ImageObject\",\"inLanguage\":\"pl-PL\",\"@id\":\"https:\\\/\\\/muzeumfabrykinorblina.pl\\\/?p=6308#primaryimage\",\"url\":\"https:\\\/\\\/muzeumfabrykinorblina.pl\\\/wp-content\\\/uploads\\\/2025\\\/11\\\/MFN_Wycieczki_1200x630_Trzy-atrakcje.jpg\",\"contentUrl\":\"https:\\\/\\\/muzeumfabrykinorblina.pl\\\/wp-content\\\/uploads\\\/2025\\\/11\\\/MFN_Wycieczki_1200x630_Trzy-atrakcje.jpg\",\"width\":1200,\"height\":630},{\"@type\":\"BreadcrumbList\",\"@id\":\"https:\\\/\\\/muzeumfabrykinorblina.pl\\\/?p=6308#breadcrumb\",\"itemListElement\":[{\"@type\":\"ListItem\",\"position\":1,\"name\":\"Strona g\u0142\u00f3wna\",\"item\":\"https:\\\/\\\/muzeumfabrykinorblina.pl\\\/\"},{\"@type\":\"ListItem\",\"position\":2,\"name\":\"Trzy atrakcje \u2013 jedna podr\u00f3\u017c w czasie\"}]},{\"@type\":\"WebSite\",\"@id\":\"https:\\\/\\\/muzeumfabrykinorblina.pl\\\/#website\",\"url\":\"https:\\\/\\\/muzeumfabrykinorblina.pl\\\/\",\"name\":\"Muzeum Fabryki Norblina\",\"description\":\"Fabryka Norblina\",\"publisher\":{\"@id\":\"https:\\\/\\\/muzeumfabrykinorblina.pl\\\/#organization\"},\"potentialAction\":[{\"@type\":\"SearchAction\",\"target\":{\"@type\":\"EntryPoint\",\"urlTemplate\":\"https:\\\/\\\/muzeumfabrykinorblina.pl\\\/?s={search_term_string}\"},\"query-input\":{\"@type\":\"PropertyValueSpecification\",\"valueRequired\":true,\"valueName\":\"search_term_string\"}}],\"inLanguage\":\"pl-PL\"},{\"@type\":\"Organization\",\"@id\":\"https:\\\/\\\/muzeumfabrykinorblina.pl\\\/#organization\",\"name\":\"Muzeum Fabryki Norblina\",\"url\":\"https:\\\/\\\/muzeumfabrykinorblina.pl\\\/\",\"logo\":{\"@type\":\"ImageObject\",\"inLanguage\":\"pl-PL\",\"@id\":\"https:\\\/\\\/muzeumfabrykinorblina.pl\\\/#\\\/schema\\\/logo\\\/image\\\/\",\"url\":\"https:\\\/\\\/muzeumfabrykinorblina.pl\\\/wp-content\\\/uploads\\\/2023\\\/11\\\/MFN_Featured-image_1200x675.jpg\",\"contentUrl\":\"https:\\\/\\\/muzeumfabrykinorblina.pl\\\/wp-content\\\/uploads\\\/2023\\\/11\\\/MFN_Featured-image_1200x675.jpg\",\"width\":1200,\"height\":675,\"caption\":\"Muzeum Fabryki Norblina\"},\"image\":{\"@id\":\"https:\\\/\\\/muzeumfabrykinorblina.pl\\\/#\\\/schema\\\/logo\\\/image\\\/\"},\"sameAs\":[\"https:\\\/\\\/www.facebook.com\\\/MuzeumFabrykiNorblina\",\"https:\\\/\\\/www.instagram.com\\\/muzeumfabrykinorblina\\\/\"]},{\"@type\":\"Person\",\"@id\":\"https:\\\/\\\/muzeumfabrykinorblina.pl\\\/#\\\/schema\\\/person\\\/0938cd3099cfa22b49acc1cd4cfe55f4\",\"name\":\"Pawe\u0142 Durka\",\"image\":{\"@type\":\"ImageObject\",\"inLanguage\":\"pl-PL\",\"@id\":\"https:\\\/\\\/secure.gravatar.com\\\/avatar\\\/17861b77f0b68711665fe1e8e67ddc567ab523acd30a7535eec485fb2e8c92ff?s=96&d=mm&r=g\",\"url\":\"https:\\\/\\\/secure.gravatar.com\\\/avatar\\\/17861b77f0b68711665fe1e8e67ddc567ab523acd30a7535eec485fb2e8c92ff?s=96&d=mm&r=g\",\"contentUrl\":\"https:\\\/\\\/secure.gravatar.com\\\/avatar\\\/17861b77f0b68711665fe1e8e67ddc567ab523acd30a7535eec485fb2e8c92ff?s=96&d=mm&r=g\",\"caption\":\"Pawe\u0142 Durka\"},\"sameAs\":[\"https:\\\/\\\/muzeumfabrykinorblina.pl\"],\"url\":\"https:\\\/\\\/muzeumfabrykinorblina.pl\\\/?author=1\"}]}<\/script>\n<!-- \/ Yoast SEO plugin. -->","yoast_head_json":{"title":"Trzy atrakcje \u2013 jedna podr\u00f3\u017c w czasie | Muzeum Fabryki Norblina","description":"Odkryj Warszaw\u0119 z unikalnej perspektywy! W jednej trasie po\u0142\u0105czysz histori\u0119 Woli, przeja\u017cd\u017ck\u0119 zabytkow\u0105 Nys\u0105 522 i zwiedzanie Muzeum \u017bycia w PRL. Prze\u017cyj niezapomnian\u0105 podr\u00f3\u017c przez czas!","robots":{"index":"index","follow":"follow","max-snippet":"max-snippet:-1","max-image-preview":"max-image-preview:large","max-video-preview":"max-video-preview:-1"},"canonical":"https:\/\/muzeumfabrykinorblina.pl\/?p=6308","og_locale":"pl_PL","og_type":"article","og_title":"Trzy atrakcje \u2013 jedna podr\u00f3\u017c w czasie","og_description":"Odkryj Warszaw\u0119 z unikalnej perspektywy! W jednej trasie po\u0142\u0105czysz histori\u0119 Woli, przeja\u017cd\u017ck\u0119 zabytkow\u0105 Nys\u0105 522 i zwiedzanie Muzeum \u017bycia w PRL. Prze\u017cyj niezapomnian\u0105 podr\u00f3\u017c przez czas!","og_url":"https:\/\/muzeumfabrykinorblina.pl\/?p=6308","og_site_name":"Muzeum Fabryki Norblina","article_publisher":"https:\/\/www.facebook.com\/MuzeumFabrykiNorblina","article_published_time":"2025-11-22T13:06:36+00:00","article_modified_time":"2026-07-03T12:44:59+00:00","og_image":[{"width":1080,"height":1080,"url":"https:\/\/muzeumfabrykinorblina.pl\/wp-content\/uploads\/2023\/10\/MFN_Theme-logo.jpg","type":"image\/jpeg"}],"author":"Pawe\u0142 Durka","twitter_card":"summary_large_image","twitter_title":"Trzy atrakcje \u2013 jedna podr\u00f3\u017c w czasie","twitter_description":"Odkryj Warszaw\u0119 z unikalnej perspektywy! W jednej trasie po\u0142\u0105czysz histori\u0119 Woli, przeja\u017cd\u017ck\u0119 zabytkow\u0105 Nys\u0105 522 i zwiedzanie Muzeum \u017bycia w PRL. Prze\u017cyj niezapomnian\u0105 podr\u00f3\u017c przez czas!","twitter_image":"https:\/\/muzeumfabrykinorblina.pl\/wp-content\/uploads\/2023\/10\/MFN_Theme-logo.jpg","twitter_misc":{"Napisane przez":"Pawe\u0142 Durka","Szacowany czas czytania":"2 minuty"},"schema":{"@context":"https:\/\/schema.org","@graph":[{"@type":"Article","@id":"https:\/\/muzeumfabrykinorblina.pl\/?p=6308#article","isPartOf":{"@id":"https:\/\/muzeumfabrykinorblina.pl\/?p=6308"},"author":{"name":"Pawe\u0142 Durka","@id":"https:\/\/muzeumfabrykinorblina.pl\/#\/schema\/person\/0938cd3099cfa22b49acc1cd4cfe55f4"},"headline":"Trzy atrakcje \u2013 jedna podr\u00f3\u017c w czasie","datePublished":"2025-11-22T13:06:36+00:00","dateModified":"2026-07-03T12:44:59+00:00","mainEntityOfPage":{"@id":"https:\/\/muzeumfabrykinorblina.pl\/?p=6308"},"wordCount":178,"publisher":{"@id":"https:\/\/muzeumfabrykinorblina.pl\/#organization"},"image":{"@id":"https:\/\/muzeumfabrykinorblina.pl\/?p=6308#primaryimage"},"thumbnailUrl":"https:\/\/muzeumfabrykinorblina.pl\/wp-content\/uploads\/2025\/11\/MFN_Wycieczki_1200x630_Trzy-atrakcje.jpg","articleSection":["Do kupienia","Dost\u0119pne","Wycieczki","Wycieczki sta\u0142e"],"inLanguage":"pl-PL"},{"@type":"WebPage","@id":"https:\/\/muzeumfabrykinorblina.pl\/?p=6308","url":"https:\/\/muzeumfabrykinorblina.pl\/?p=6308","name":"Trzy atrakcje \u2013 jedna podr\u00f3\u017c w czasie | Muzeum Fabryki Norblina","isPartOf":{"@id":"https:\/\/muzeumfabrykinorblina.pl\/#website"},"primaryImageOfPage":{"@id":"https:\/\/muzeumfabrykinorblina.pl\/?p=6308#primaryimage"},"image":{"@id":"https:\/\/muzeumfabrykinorblina.pl\/?p=6308#primaryimage"},"thumbnailUrl":"https:\/\/muzeumfabrykinorblina.pl\/wp-content\/uploads\/2025\/11\/MFN_Wycieczki_1200x630_Trzy-atrakcje.jpg","datePublished":"2025-11-22T13:06:36+00:00","dateModified":"2026-07-03T12:44:59+00:00","description":"Odkryj Warszaw\u0119 z unikalnej perspektywy! W jednej trasie po\u0142\u0105czysz histori\u0119 Woli, przeja\u017cd\u017ck\u0119 zabytkow\u0105 Nys\u0105 522 i zwiedzanie Muzeum \u017bycia w PRL. Prze\u017cyj niezapomnian\u0105 podr\u00f3\u017c przez czas!","breadcrumb":{"@id":"https:\/\/muzeumfabrykinorblina.pl\/?p=6308#breadcrumb"},"inLanguage":"pl-PL","potentialAction":[{"@type":"ReadAction","target":["https:\/\/muzeumfabrykinorblina.pl\/?p=6308"]}]},{"@type":"ImageObject","inLanguage":"pl-PL","@id":"https:\/\/muzeumfabrykinorblina.pl\/?p=6308#primaryimage","url":"https:\/\/muzeumfabrykinorblina.pl\/wp-content\/uploads\/2025\/11\/MFN_Wycieczki_1200x630_Trzy-atrakcje.jpg","contentUrl":"https:\/\/muzeumfabrykinorblina.pl\/wp-content\/uploads\/2025\/11\/MFN_Wycieczki_1200x630_Trzy-atrakcje.jpg","width":1200,"height":630},{"@type":"BreadcrumbList","@id":"https:\/\/muzeumfabrykinorblina.pl\/?p=6308#breadcrumb","itemListElement":[{"@type":"ListItem","position":1,"name":"Strona g\u0142\u00f3wna","item":"https:\/\/muzeumfabrykinorblina.pl\/"},{"@type":"ListItem","position":2,"name":"Trzy atrakcje \u2013 jedna podr\u00f3\u017c w czasie"}]},{"@type":"WebSite","@id":"https:\/\/muzeumfabrykinorblina.pl\/#website","url":"https:\/\/muzeumfabrykinorblina.pl\/","name":"Muzeum Fabryki Norblina","description":"Fabryka Norblina","publisher":{"@id":"https:\/\/muzeumfabrykinorblina.pl\/#organization"},"potentialAction":[{"@type":"SearchAction","target":{"@type":"EntryPoint","urlTemplate":"https:\/\/muzeumfabrykinorblina.pl\/?s={search_term_string}"},"query-input":{"@type":"PropertyValueSpecification","valueRequired":true,"valueName":"search_term_string"}}],"inLanguage":"pl-PL"},{"@type":"Organization","@id":"https:\/\/muzeumfabrykinorblina.pl\/#organization","name":"Muzeum Fabryki Norblina","url":"https:\/\/muzeumfabrykinorblina.pl\/","logo":{"@type":"ImageObject","inLanguage":"pl-PL","@id":"https:\/\/muzeumfabrykinorblina.pl\/#\/schema\/logo\/image\/","url":"https:\/\/muzeumfabrykinorblina.pl\/wp-content\/uploads\/2023\/11\/MFN_Featured-image_1200x675.jpg","contentUrl":"https:\/\/muzeumfabrykinorblina.pl\/wp-content\/uploads\/2023\/11\/MFN_Featured-image_1200x675.jpg","width":1200,"height":675,"caption":"Muzeum Fabryki Norblina"},"image":{"@id":"https:\/\/muzeumfabrykinorblina.pl\/#\/schema\/logo\/image\/"},"sameAs":["https:\/\/www.facebook.com\/MuzeumFabrykiNorblina","https:\/\/www.instagram.com\/muzeumfabrykinorblina\/"]},{"@type":"Person","@id":"https:\/\/muzeumfabrykinorblina.pl\/#\/schema\/person\/0938cd3099cfa22b49acc1cd4cfe55f4","name":"Pawe\u0142 Durka","image":{"@type":"ImageObject","inLanguage":"pl-PL","@id":"https:\/\/secure.gravatar.com\/avatar\/17861b77f0b68711665fe1e8e67ddc567ab523acd30a7535eec485fb2e8c92ff?s=96&d=mm&r=g","url":"https:\/\/secure.gravatar.com\/avatar\/17861b77f0b68711665fe1e8e67ddc567ab523acd30a7535eec485fb2e8c92ff?s=96&d=mm&r=g","contentUrl":"https:\/\/secure.gravatar.com\/avatar\/17861b77f0b68711665fe1e8e67ddc567ab523acd30a7535eec485fb2e8c92ff?s=96&d=mm&r=g","caption":"Pawe\u0142 Durka"},"sameAs":["https:\/\/muzeumfabrykinorblina.pl"],"url":"https:\/\/muzeumfabrykinorblina.pl\/?author=1"}]}},"lang":"pl","translations":{"pl":6308},"builder_content":"","pll_sync_post":{},"_links":{"self":[{"href":"https:\/\/muzeumfabrykinorblina.pl\/index.php?rest_route=\/wp\/v2\/posts\/6308","targetHints":{"allow":["GET"]}}],"collection":[{"href":"https:\/\/muzeumfabrykinorblina.pl\/index.php?rest_route=\/wp\/v2\/posts"}],"about":[{"href":"https:\/\/muzeumfabrykinorblina.pl\/index.php?rest_route=\/wp\/v2\/types\/post"}],"author":[{"embeddable":true,"href":"https:\/\/muzeumfabrykinorblina.pl\/index.php?rest_route=\/wp\/v2\/users\/1"}],"replies":[{"embeddable":true,"href":"https:\/\/muzeumfabrykinorblina.pl\/index.php?rest_route=%2Fwp%2Fv2%2Fcomments&post=6308"}],"version-history":[{"count":14,"href":"https:\/\/muzeumfabrykinorblina.pl\/index.php?rest_route=\/wp\/v2\/posts\/6308\/revisions"}],"predecessor-version":[{"id":7889,"href":"https:\/\/muzeumfabrykinorblina.pl\/index.php?rest_route=\/wp\/v2\/posts\/6308\/revisions\/7889"}],"wp:featuredmedia":[{"embeddable":true,"href":"https:\/\/muzeumfabrykinorblina.pl\/index.php?rest_route=\/wp\/v2\/media\/6337"}],"wp:attachment":[{"href":"https:\/\/muzeumfabrykinorblina.pl\/index.php?rest_route=%2Fwp%2Fv2%2Fmedia&parent=6308"}],"wp:term":[{"taxonomy":"category","embeddable":true,"href":"https:\/\/muzeumfabrykinorblina.pl\/index.php?rest_route=%2Fwp%2Fv2%2Fcategories&post=6308"},{"taxonomy":"post_tag","embeddable":true,"href":"https:\/\/muzeumfabrykinorblina.pl\/index.php?rest_route=%2Fwp%2Fv2%2Ftags&post=6308"}],"curies":[{"name":"wp","href":"https:\/\/api.w.org\/{rel}","templated":true}]}}