{"id":6254,"date":"2025-11-18T16:40:05","date_gmt":"2025-11-18T15:40:05","guid":{"rendered":"https:\/\/muzeumfabrykinorblina.pl\/?p=6254"},"modified":"2026-01-15T12:03:45","modified_gmt":"2026-01-15T11:03:45","slug":"art-walk-po-fabryce-norblina","status":"publish","type":"post","link":"https:\/\/muzeumfabrykinorblina.pl\/?p=6254","title":{"rendered":"Art Walk po Fabryce Norblina \u2013 sztuka w przestrzeni dawnej fabryki"},"content":{"rendered":"\n<p class=\"wp-block-paragraph\"><strong>Fabryka Norblina to miejsce, w kt\u00f3rym historia przemys\u0142owej Woli spotyka si\u0119 ze wsp\u00f3\u0142czesn\u0105 sztuk\u0105. Ju\u017c 27 listopada zapraszamy na wyj\u0105tkowy spacer \u201eArt Walk po Fabryce Norblina\u201d, podczas kt\u00f3rego b\u0119dzie mo\u017cna odkry\u0107, jak postindustrialne otoczenie sta\u0142o si\u0119 naturaln\u0105 przestrzeni\u0105 dzia\u0142a\u0144 artyst\u00f3w, projektant\u00f3w i student\u00f3w kierunk\u00f3w kreatywnych.<\/strong><\/p>\n\n\n\n<p class=\"wp-block-paragraph\">Sztuka jest dzi\u015b integraln\u0105 cz\u0119\u015bci\u0105 Fabryki Norblina \u2014 pojawia si\u0119 na murach, w witrynach, na dziedzi\u0144cach, a nawet na parkingach, tworz\u0105c dynamiczn\u0105, wielowarstwow\u0105 opowie\u015b\u0107 o miejscu, kt\u00f3re otwiera si\u0119 na kreatywno\u015b\u0107 i wsp\u00f3\u0142czesn\u0105 interpretacj\u0119 miasta. Trasa \u201eArt Walk po Fabryce Norblina\u201d pokazuje, jak dawne hale fabryczne sta\u0142y si\u0119 przestrzeni\u0105 dialogu mi\u0119dzy przesz\u0142o\u015bci\u0105 a nowoczesno\u015bci\u0105, a realizacje artystyczne \u2014 cho\u0107 r\u00f3\u017cnorodne \u2014 tworz\u0105 sp\u00f3jny obraz postindustrialnego pejza\u017cu, kt\u00f3ry \u017cyje sztuk\u0105.<\/p>\n\n\n\n<p class=\"wp-block-paragraph\">Podczas godzinnego spaceru uczestnicy odwiedz\u0105 wybrane punkty programu:<\/p>\n\n\n\n<p class=\"wp-block-paragraph\"><strong>STREET ART<\/strong><\/p>\n\n\n\n<p class=\"wp-block-paragraph\">Mural Edwarda Dwurnika inspirowany obrazem <em>Zak\u0142ady Norblina<\/em>, wielkoformatowa praca Poli Dwurnik oraz mural Tytusa Brzozowskiego, kt\u00f3ry interpretuje historyczn\u0105 tkank\u0119 Woli w charakterystycznym, malarskim stylu.<\/p>\n\n\n\n<p class=\"wp-block-paragraph\"><strong>GALERIE I KOLEKCJE<\/strong><\/p>\n\n\n\n<p class=\"wp-block-paragraph\">Autorska Galeria Sztuki Anety Barglik, House of Diamond z cyklem \u201eRaw Art Discovery by Master\u201d oraz miejsca prezentuj\u0105ce sztuk\u0119 wsp\u00f3\u0142czesn\u0105, fotografi\u0119 i design.<\/p>\n\n\n\n<p class=\"wp-block-paragraph\"><strong>PROJEKTY I INICJATYWY<\/strong><\/p>\n\n\n\n<p class=\"wp-block-paragraph\">Projekt \u201eOdtw\u00f3rz drzwi\u201d realizowany wsp\u00f3lnie z Akademi\u0105 Sztuk Pi\u0119knych w Warszawie, \u0142awki stworzone przez student\u00f3w School of Form na bazie dawnych w\u00f3zk\u00f3w fabrycznych oraz rze\u017aba \u201eMaszyna Czasu\u201d autorstwa Zbigniewa Maleszewskiego.<\/p>\n\n\n\n<p class=\"wp-block-paragraph\"><strong>MUZEUM FABRYKI NORBLINA<\/strong><\/p>\n\n\n\n<p class=\"wp-block-paragraph\">Gabloty muzealne prezentuj\u0105ce kolekcje dawnych plater\u00f3w \u2014 przedmiot\u00f3w, kt\u00f3re przed laty rozs\u0142awi\u0142y zak\u0142ady Norblin, Bracia Buch i T. Werner.<\/p>\n\n\n\n<p class=\"wp-block-paragraph\">27 listopada (czwartek)<br>godz. 18:00<br>Wst\u0119p wolny \u2014 obowi\u0105zuj\u0105 zapisy: <a href=\"mailto:muzeum@fabrykanorblina.pl\">muzeum@fabrykanorblina.pl<\/a>,\u00a0 +48 728 594 813<\/p>\n\n\n\n<p class=\"wp-block-paragraph\">Spacer poprowadzi przewodnik, kt\u00f3ry poka\u017ce Fabryk\u0119 Norblina jako \u017cyw\u0105 galeri\u0119 sztuki \u2014 miejsce, w kt\u00f3rym industrialna architektura staje si\u0119 t\u0142em dla wsp\u00f3\u0142czesnych realizacji artystycznych, otwieraj\u0105c now\u0105 perspektyw\u0119 patrzenia na histori\u0119 i wsp\u00f3\u0142czesno\u015b\u0107 miasta.<\/p>\n\n\n\n<p class=\"wp-block-paragraph\">To wyj\u0105tkowa okazja, aby zobaczy\u0107 Fabryk\u0119 Norblina w szerszej perspektywie.<\/p>\n\n\n\n<p class=\"wp-block-paragraph\"><em><strong>Fot. Micha\u0142 Ulikowski<\/strong><\/em><\/p>\n\n\n<!-- wp:themify-builder\/canvas \/-->","protected":false},"excerpt":{"rendered":"<p>Fabryka Norblina to miejsce, w kt\u00f3rym historia przemys\u0142owej Woli spotyka si\u0119 ze wsp\u00f3\u0142czesn\u0105 sztuk\u0105. Ju\u017c 27 listopada zapraszamy na wyj\u0105tkowy spacer \u201eArt Walk po Fabryce Norblina\u201d, podczas kt\u00f3rego b\u0119dzie mo\u017cna odkry\u0107, jak postindustrialne otoczenie sta\u0142o si\u0119 naturaln\u0105 przestrzeni\u0105 dzia\u0142a\u0144 artyst\u00f3w, projektant\u00f3w i student\u00f3w kierunk\u00f3w kreatywnych. Sztuka jest dzi\u015b integraln\u0105 cz\u0119\u015bci\u0105 Fabryki Norblina \u2014 pojawia si\u0119 [&hellip;]<\/p>\n","protected":false},"author":9,"featured_media":6258,"comment_status":"closed","ping_status":"closed","sticky":false,"template":"","format":"standard","meta":{"_acf_changed":false,"_monsterinsights_skip_tracking":false,"footnotes":""},"categories":[29],"tags":[],"class_list":["post-6254","post","type-post","status-publish","format-standard","has-post-thumbnail","hentry","category-aktualnosci","has-post-title","has-post-date","has-post-category","has-post-tag","has-post-comment","has-post-author",""],"acf":[],"yoast_head":"<!-- This site is optimized with the Yoast SEO plugin v28.2 - https:\/\/yoast.com\/product\/yoast-seo-wordpress\/ -->\n<title>Art Walk po Fabryce Norblina \u2013 sztuka w przestrzeni dawnej fabryki | Muzeum Fabryki Norblina<\/title>\n<meta name=\"description\" content=\"Fabryka Norblina to miejsce, w kt\u00f3rym historia przemys\u0142owej Woli spotyka si\u0119 ze wsp\u00f3\u0142czesn\u0105 sztuk\u0105. Zapraszamy na wyj\u0105tkowy spacer \u201eArt Walk po Fabryce Norblina\u201d, podczas kt\u00f3rego b\u0119dzie mo\u017cna odkry\u0107, jak postindustrialne otoczenie sta\u0142o si\u0119 naturaln\u0105 przestrzeni\u0105 dzia\u0142a\u0144 artyst\u00f3w, projektant\u00f3w i student\u00f3w kierunk\u00f3w kreatywnych.\" \/>\n<meta name=\"robots\" content=\"index, follow, max-snippet:-1, max-image-preview:large, max-video-preview:-1\" \/>\n<link rel=\"canonical\" href=\"https:\/\/muzeumfabrykinorblina.pl\/?p=6254\" \/>\n<meta property=\"og:locale\" content=\"pl_PL\" \/>\n<meta property=\"og:type\" content=\"article\" \/>\n<meta property=\"og:title\" content=\"Art Walk po Fabryce Norblina \u2013 sztuka w przestrzeni dawnej fabryki | Muzeum Fabryki Norblina\" \/>\n<meta property=\"og:description\" content=\"Fabryka Norblina to miejsce, w kt\u00f3rym historia przemys\u0142owej Woli spotyka si\u0119 ze wsp\u00f3\u0142czesn\u0105 sztuk\u0105. Zapraszamy na wyj\u0105tkowy spacer \u201eArt Walk po Fabryce Norblina\u201d, podczas kt\u00f3rego b\u0119dzie mo\u017cna odkry\u0107, jak postindustrialne otoczenie sta\u0142o si\u0119 naturaln\u0105 przestrzeni\u0105 dzia\u0142a\u0144 artyst\u00f3w, projektant\u00f3w i student\u00f3w kierunk\u00f3w kreatywnych.\" \/>\n<meta property=\"og:url\" content=\"https:\/\/muzeumfabrykinorblina.pl\/?p=6254\" \/>\n<meta property=\"og:site_name\" content=\"Muzeum Fabryki Norblina\" \/>\n<meta property=\"article:publisher\" content=\"https:\/\/www.facebook.com\/MuzeumFabrykiNorblina\" \/>\n<meta property=\"article:published_time\" content=\"2025-11-18T15:40:05+00:00\" \/>\n<meta property=\"article:modified_time\" content=\"2026-01-15T11:03:45+00:00\" \/>\n<meta property=\"og:image\" content=\"https:\/\/muzeumfabrykinorblina.pl\/wp-content\/uploads\/2025\/11\/MFN-ArtWalk_wpis.jpg\" \/>\n\t<meta property=\"og:image:width\" content=\"1080\" \/>\n\t<meta property=\"og:image:height\" content=\"1080\" \/>\n\t<meta property=\"og:image:type\" content=\"image\/jpeg\" \/>\n<meta name=\"author\" content=\"Agata Ilnicka\" \/>\n<meta name=\"twitter:card\" content=\"summary_large_image\" \/>\n<meta name=\"twitter:label1\" content=\"Napisane przez\" \/>\n\t<meta name=\"twitter:data1\" content=\"Agata Ilnicka\" \/>\n\t<meta name=\"twitter:label2\" content=\"Szacowany czas czytania\" \/>\n\t<meta name=\"twitter:data2\" content=\"2 minuty\" \/>\n<script type=\"application\/ld+json\" class=\"yoast-schema-graph\">{\"@context\":\"https:\\\/\\\/schema.org\",\"@graph\":[{\"@type\":\"Article\",\"@id\":\"https:\\\/\\\/muzeumfabrykinorblina.pl\\\/?p=6254#article\",\"isPartOf\":{\"@id\":\"https:\\\/\\\/muzeumfabrykinorblina.pl\\\/?p=6254\"},\"author\":{\"name\":\"Agata Ilnicka\",\"@id\":\"https:\\\/\\\/muzeumfabrykinorblina.pl\\\/#\\\/schema\\\/person\\\/4f1632ef79031887e0e24c4ea9d3472e\"},\"headline\":\"Art Walk po Fabryce Norblina \u2013 sztuka w przestrzeni dawnej fabryki\",\"datePublished\":\"2025-11-18T15:40:05+00:00\",\"dateModified\":\"2026-01-15T11:03:45+00:00\",\"mainEntityOfPage\":{\"@id\":\"https:\\\/\\\/muzeumfabrykinorblina.pl\\\/?p=6254\"},\"wordCount\":344,\"publisher\":{\"@id\":\"https:\\\/\\\/muzeumfabrykinorblina.pl\\\/#organization\"},\"image\":{\"@id\":\"https:\\\/\\\/muzeumfabrykinorblina.pl\\\/?p=6254#primaryimage\"},\"thumbnailUrl\":\"https:\\\/\\\/muzeumfabrykinorblina.pl\\\/wp-content\\\/uploads\\\/2025\\\/11\\\/MFN-ArtWalk_wpis.jpg\",\"articleSection\":[\"Aktualno\u015bci\"],\"inLanguage\":\"pl-PL\"},{\"@type\":\"WebPage\",\"@id\":\"https:\\\/\\\/muzeumfabrykinorblina.pl\\\/?p=6254\",\"url\":\"https:\\\/\\\/muzeumfabrykinorblina.pl\\\/?p=6254\",\"name\":\"Art Walk po Fabryce Norblina \u2013 sztuka w przestrzeni dawnej fabryki | Muzeum Fabryki Norblina\",\"isPartOf\":{\"@id\":\"https:\\\/\\\/muzeumfabrykinorblina.pl\\\/#website\"},\"primaryImageOfPage\":{\"@id\":\"https:\\\/\\\/muzeumfabrykinorblina.pl\\\/?p=6254#primaryimage\"},\"image\":{\"@id\":\"https:\\\/\\\/muzeumfabrykinorblina.pl\\\/?p=6254#primaryimage\"},\"thumbnailUrl\":\"https:\\\/\\\/muzeumfabrykinorblina.pl\\\/wp-content\\\/uploads\\\/2025\\\/11\\\/MFN-ArtWalk_wpis.jpg\",\"datePublished\":\"2025-11-18T15:40:05+00:00\",\"dateModified\":\"2026-01-15T11:03:45+00:00\",\"description\":\"Fabryka Norblina to miejsce, w kt\u00f3rym historia przemys\u0142owej Woli spotyka si\u0119 ze wsp\u00f3\u0142czesn\u0105 sztuk\u0105. Zapraszamy na wyj\u0105tkowy spacer \u201eArt Walk po Fabryce Norblina\u201d, podczas kt\u00f3rego b\u0119dzie mo\u017cna odkry\u0107, jak postindustrialne otoczenie sta\u0142o si\u0119 naturaln\u0105 przestrzeni\u0105 dzia\u0142a\u0144 artyst\u00f3w, projektant\u00f3w i student\u00f3w kierunk\u00f3w kreatywnych.\",\"breadcrumb\":{\"@id\":\"https:\\\/\\\/muzeumfabrykinorblina.pl\\\/?p=6254#breadcrumb\"},\"inLanguage\":\"pl-PL\",\"potentialAction\":[{\"@type\":\"ReadAction\",\"target\":[\"https:\\\/\\\/muzeumfabrykinorblina.pl\\\/?p=6254\"]}]},{\"@type\":\"ImageObject\",\"inLanguage\":\"pl-PL\",\"@id\":\"https:\\\/\\\/muzeumfabrykinorblina.pl\\\/?p=6254#primaryimage\",\"url\":\"https:\\\/\\\/muzeumfabrykinorblina.pl\\\/wp-content\\\/uploads\\\/2025\\\/11\\\/MFN-ArtWalk_wpis.jpg\",\"contentUrl\":\"https:\\\/\\\/muzeumfabrykinorblina.pl\\\/wp-content\\\/uploads\\\/2025\\\/11\\\/MFN-ArtWalk_wpis.jpg\",\"width\":1080,\"height\":1080},{\"@type\":\"BreadcrumbList\",\"@id\":\"https:\\\/\\\/muzeumfabrykinorblina.pl\\\/?p=6254#breadcrumb\",\"itemListElement\":[{\"@type\":\"ListItem\",\"position\":1,\"name\":\"Strona g\u0142\u00f3wna\",\"item\":\"https:\\\/\\\/muzeumfabrykinorblina.pl\\\/\"},{\"@type\":\"ListItem\",\"position\":2,\"name\":\"Art Walk po Fabryce Norblina \u2013 sztuka w przestrzeni dawnej fabryki\"}]},{\"@type\":\"WebSite\",\"@id\":\"https:\\\/\\\/muzeumfabrykinorblina.pl\\\/#website\",\"url\":\"https:\\\/\\\/muzeumfabrykinorblina.pl\\\/\",\"name\":\"Muzeum Fabryki Norblina\",\"description\":\"Fabryka Norblina\",\"publisher\":{\"@id\":\"https:\\\/\\\/muzeumfabrykinorblina.pl\\\/#organization\"},\"potentialAction\":[{\"@type\":\"SearchAction\",\"target\":{\"@type\":\"EntryPoint\",\"urlTemplate\":\"https:\\\/\\\/muzeumfabrykinorblina.pl\\\/?s={search_term_string}\"},\"query-input\":{\"@type\":\"PropertyValueSpecification\",\"valueRequired\":true,\"valueName\":\"search_term_string\"}}],\"inLanguage\":\"pl-PL\"},{\"@type\":\"Organization\",\"@id\":\"https:\\\/\\\/muzeumfabrykinorblina.pl\\\/#organization\",\"name\":\"Muzeum Fabryki Norblina\",\"url\":\"https:\\\/\\\/muzeumfabrykinorblina.pl\\\/\",\"logo\":{\"@type\":\"ImageObject\",\"inLanguage\":\"pl-PL\",\"@id\":\"https:\\\/\\\/muzeumfabrykinorblina.pl\\\/#\\\/schema\\\/logo\\\/image\\\/\",\"url\":\"https:\\\/\\\/muzeumfabrykinorblina.pl\\\/wp-content\\\/uploads\\\/2023\\\/11\\\/MFN_Featured-image_1200x675.jpg\",\"contentUrl\":\"https:\\\/\\\/muzeumfabrykinorblina.pl\\\/wp-content\\\/uploads\\\/2023\\\/11\\\/MFN_Featured-image_1200x675.jpg\",\"width\":1200,\"height\":675,\"caption\":\"Muzeum Fabryki Norblina\"},\"image\":{\"@id\":\"https:\\\/\\\/muzeumfabrykinorblina.pl\\\/#\\\/schema\\\/logo\\\/image\\\/\"},\"sameAs\":[\"https:\\\/\\\/www.facebook.com\\\/MuzeumFabrykiNorblina\",\"https:\\\/\\\/www.instagram.com\\\/muzeumfabrykinorblina\\\/\"]},{\"@type\":\"Person\",\"@id\":\"https:\\\/\\\/muzeumfabrykinorblina.pl\\\/#\\\/schema\\\/person\\\/4f1632ef79031887e0e24c4ea9d3472e\",\"name\":\"Agata Ilnicka\",\"image\":{\"@type\":\"ImageObject\",\"inLanguage\":\"pl-PL\",\"@id\":\"https:\\\/\\\/secure.gravatar.com\\\/avatar\\\/0c850e3cc969e3bec61971337ea044add4e3b6da745c50448fbab5c86b0b85d9?s=96&d=mm&r=g\",\"url\":\"https:\\\/\\\/secure.gravatar.com\\\/avatar\\\/0c850e3cc969e3bec61971337ea044add4e3b6da745c50448fbab5c86b0b85d9?s=96&d=mm&r=g\",\"contentUrl\":\"https:\\\/\\\/secure.gravatar.com\\\/avatar\\\/0c850e3cc969e3bec61971337ea044add4e3b6da745c50448fbab5c86b0b85d9?s=96&d=mm&r=g\",\"caption\":\"Agata Ilnicka\"},\"url\":\"https:\\\/\\\/muzeumfabrykinorblina.pl\\\/?author=9\"}]}<\/script>\n<!-- \/ Yoast SEO plugin. -->","yoast_head_json":{"title":"Art Walk po Fabryce Norblina \u2013 sztuka w przestrzeni dawnej fabryki | Muzeum Fabryki Norblina","description":"Fabryka Norblina to miejsce, w kt\u00f3rym historia przemys\u0142owej Woli spotyka si\u0119 ze wsp\u00f3\u0142czesn\u0105 sztuk\u0105. Zapraszamy na wyj\u0105tkowy spacer \u201eArt Walk po Fabryce Norblina\u201d, podczas kt\u00f3rego b\u0119dzie mo\u017cna odkry\u0107, jak postindustrialne otoczenie sta\u0142o si\u0119 naturaln\u0105 przestrzeni\u0105 dzia\u0142a\u0144 artyst\u00f3w, projektant\u00f3w i student\u00f3w kierunk\u00f3w kreatywnych.","robots":{"index":"index","follow":"follow","max-snippet":"max-snippet:-1","max-image-preview":"max-image-preview:large","max-video-preview":"max-video-preview:-1"},"canonical":"https:\/\/muzeumfabrykinorblina.pl\/?p=6254","og_locale":"pl_PL","og_type":"article","og_title":"Art Walk po Fabryce Norblina \u2013 sztuka w przestrzeni dawnej fabryki | Muzeum Fabryki Norblina","og_description":"Fabryka Norblina to miejsce, w kt\u00f3rym historia przemys\u0142owej Woli spotyka si\u0119 ze wsp\u00f3\u0142czesn\u0105 sztuk\u0105. Zapraszamy na wyj\u0105tkowy spacer \u201eArt Walk po Fabryce Norblina\u201d, podczas kt\u00f3rego b\u0119dzie mo\u017cna odkry\u0107, jak postindustrialne otoczenie sta\u0142o si\u0119 naturaln\u0105 przestrzeni\u0105 dzia\u0142a\u0144 artyst\u00f3w, projektant\u00f3w i student\u00f3w kierunk\u00f3w kreatywnych.","og_url":"https:\/\/muzeumfabrykinorblina.pl\/?p=6254","og_site_name":"Muzeum Fabryki Norblina","article_publisher":"https:\/\/www.facebook.com\/MuzeumFabrykiNorblina","article_published_time":"2025-11-18T15:40:05+00:00","article_modified_time":"2026-01-15T11:03:45+00:00","og_image":[{"width":1080,"height":1080,"url":"https:\/\/muzeumfabrykinorblina.pl\/wp-content\/uploads\/2025\/11\/MFN-ArtWalk_wpis.jpg","type":"image\/jpeg"}],"author":"Agata Ilnicka","twitter_card":"summary_large_image","twitter_misc":{"Napisane przez":"Agata Ilnicka","Szacowany czas czytania":"2 minuty"},"schema":{"@context":"https:\/\/schema.org","@graph":[{"@type":"Article","@id":"https:\/\/muzeumfabrykinorblina.pl\/?p=6254#article","isPartOf":{"@id":"https:\/\/muzeumfabrykinorblina.pl\/?p=6254"},"author":{"name":"Agata Ilnicka","@id":"https:\/\/muzeumfabrykinorblina.pl\/#\/schema\/person\/4f1632ef79031887e0e24c4ea9d3472e"},"headline":"Art Walk po Fabryce Norblina \u2013 sztuka w przestrzeni dawnej fabryki","datePublished":"2025-11-18T15:40:05+00:00","dateModified":"2026-01-15T11:03:45+00:00","mainEntityOfPage":{"@id":"https:\/\/muzeumfabrykinorblina.pl\/?p=6254"},"wordCount":344,"publisher":{"@id":"https:\/\/muzeumfabrykinorblina.pl\/#organization"},"image":{"@id":"https:\/\/muzeumfabrykinorblina.pl\/?p=6254#primaryimage"},"thumbnailUrl":"https:\/\/muzeumfabrykinorblina.pl\/wp-content\/uploads\/2025\/11\/MFN-ArtWalk_wpis.jpg","articleSection":["Aktualno\u015bci"],"inLanguage":"pl-PL"},{"@type":"WebPage","@id":"https:\/\/muzeumfabrykinorblina.pl\/?p=6254","url":"https:\/\/muzeumfabrykinorblina.pl\/?p=6254","name":"Art Walk po Fabryce Norblina \u2013 sztuka w przestrzeni dawnej fabryki | Muzeum Fabryki Norblina","isPartOf":{"@id":"https:\/\/muzeumfabrykinorblina.pl\/#website"},"primaryImageOfPage":{"@id":"https:\/\/muzeumfabrykinorblina.pl\/?p=6254#primaryimage"},"image":{"@id":"https:\/\/muzeumfabrykinorblina.pl\/?p=6254#primaryimage"},"thumbnailUrl":"https:\/\/muzeumfabrykinorblina.pl\/wp-content\/uploads\/2025\/11\/MFN-ArtWalk_wpis.jpg","datePublished":"2025-11-18T15:40:05+00:00","dateModified":"2026-01-15T11:03:45+00:00","description":"Fabryka Norblina to miejsce, w kt\u00f3rym historia przemys\u0142owej Woli spotyka si\u0119 ze wsp\u00f3\u0142czesn\u0105 sztuk\u0105. Zapraszamy na wyj\u0105tkowy spacer \u201eArt Walk po Fabryce Norblina\u201d, podczas kt\u00f3rego b\u0119dzie mo\u017cna odkry\u0107, jak postindustrialne otoczenie sta\u0142o si\u0119 naturaln\u0105 przestrzeni\u0105 dzia\u0142a\u0144 artyst\u00f3w, projektant\u00f3w i student\u00f3w kierunk\u00f3w kreatywnych.","breadcrumb":{"@id":"https:\/\/muzeumfabrykinorblina.pl\/?p=6254#breadcrumb"},"inLanguage":"pl-PL","potentialAction":[{"@type":"ReadAction","target":["https:\/\/muzeumfabrykinorblina.pl\/?p=6254"]}]},{"@type":"ImageObject","inLanguage":"pl-PL","@id":"https:\/\/muzeumfabrykinorblina.pl\/?p=6254#primaryimage","url":"https:\/\/muzeumfabrykinorblina.pl\/wp-content\/uploads\/2025\/11\/MFN-ArtWalk_wpis.jpg","contentUrl":"https:\/\/muzeumfabrykinorblina.pl\/wp-content\/uploads\/2025\/11\/MFN-ArtWalk_wpis.jpg","width":1080,"height":1080},{"@type":"BreadcrumbList","@id":"https:\/\/muzeumfabrykinorblina.pl\/?p=6254#breadcrumb","itemListElement":[{"@type":"ListItem","position":1,"name":"Strona g\u0142\u00f3wna","item":"https:\/\/muzeumfabrykinorblina.pl\/"},{"@type":"ListItem","position":2,"name":"Art Walk po Fabryce Norblina \u2013 sztuka w przestrzeni dawnej fabryki"}]},{"@type":"WebSite","@id":"https:\/\/muzeumfabrykinorblina.pl\/#website","url":"https:\/\/muzeumfabrykinorblina.pl\/","name":"Muzeum Fabryki Norblina","description":"Fabryka Norblina","publisher":{"@id":"https:\/\/muzeumfabrykinorblina.pl\/#organization"},"potentialAction":[{"@type":"SearchAction","target":{"@type":"EntryPoint","urlTemplate":"https:\/\/muzeumfabrykinorblina.pl\/?s={search_term_string}"},"query-input":{"@type":"PropertyValueSpecification","valueRequired":true,"valueName":"search_term_string"}}],"inLanguage":"pl-PL"},{"@type":"Organization","@id":"https:\/\/muzeumfabrykinorblina.pl\/#organization","name":"Muzeum Fabryki Norblina","url":"https:\/\/muzeumfabrykinorblina.pl\/","logo":{"@type":"ImageObject","inLanguage":"pl-PL","@id":"https:\/\/muzeumfabrykinorblina.pl\/#\/schema\/logo\/image\/","url":"https:\/\/muzeumfabrykinorblina.pl\/wp-content\/uploads\/2023\/11\/MFN_Featured-image_1200x675.jpg","contentUrl":"https:\/\/muzeumfabrykinorblina.pl\/wp-content\/uploads\/2023\/11\/MFN_Featured-image_1200x675.jpg","width":1200,"height":675,"caption":"Muzeum Fabryki Norblina"},"image":{"@id":"https:\/\/muzeumfabrykinorblina.pl\/#\/schema\/logo\/image\/"},"sameAs":["https:\/\/www.facebook.com\/MuzeumFabrykiNorblina","https:\/\/www.instagram.com\/muzeumfabrykinorblina\/"]},{"@type":"Person","@id":"https:\/\/muzeumfabrykinorblina.pl\/#\/schema\/person\/4f1632ef79031887e0e24c4ea9d3472e","name":"Agata Ilnicka","image":{"@type":"ImageObject","inLanguage":"pl-PL","@id":"https:\/\/secure.gravatar.com\/avatar\/0c850e3cc969e3bec61971337ea044add4e3b6da745c50448fbab5c86b0b85d9?s=96&d=mm&r=g","url":"https:\/\/secure.gravatar.com\/avatar\/0c850e3cc969e3bec61971337ea044add4e3b6da745c50448fbab5c86b0b85d9?s=96&d=mm&r=g","contentUrl":"https:\/\/secure.gravatar.com\/avatar\/0c850e3cc969e3bec61971337ea044add4e3b6da745c50448fbab5c86b0b85d9?s=96&d=mm&r=g","caption":"Agata Ilnicka"},"url":"https:\/\/muzeumfabrykinorblina.pl\/?author=9"}]}},"lang":"pl","translations":{"pl":6254},"builder_content":"","pll_sync_post":{},"_links":{"self":[{"href":"https:\/\/muzeumfabrykinorblina.pl\/index.php?rest_route=\/wp\/v2\/posts\/6254","targetHints":{"allow":["GET"]}}],"collection":[{"href":"https:\/\/muzeumfabrykinorblina.pl\/index.php?rest_route=\/wp\/v2\/posts"}],"about":[{"href":"https:\/\/muzeumfabrykinorblina.pl\/index.php?rest_route=\/wp\/v2\/types\/post"}],"author":[{"embeddable":true,"href":"https:\/\/muzeumfabrykinorblina.pl\/index.php?rest_route=\/wp\/v2\/users\/9"}],"replies":[{"embeddable":true,"href":"https:\/\/muzeumfabrykinorblina.pl\/index.php?rest_route=%2Fwp%2Fv2%2Fcomments&post=6254"}],"version-history":[{"count":7,"href":"https:\/\/muzeumfabrykinorblina.pl\/index.php?rest_route=\/wp\/v2\/posts\/6254\/revisions"}],"predecessor-version":[{"id":6747,"href":"https:\/\/muzeumfabrykinorblina.pl\/index.php?rest_route=\/wp\/v2\/posts\/6254\/revisions\/6747"}],"wp:featuredmedia":[{"embeddable":true,"href":"https:\/\/muzeumfabrykinorblina.pl\/index.php?rest_route=\/wp\/v2\/media\/6258"}],"wp:attachment":[{"href":"https:\/\/muzeumfabrykinorblina.pl\/index.php?rest_route=%2Fwp%2Fv2%2Fmedia&parent=6254"}],"wp:term":[{"taxonomy":"category","embeddable":true,"href":"https:\/\/muzeumfabrykinorblina.pl\/index.php?rest_route=%2Fwp%2Fv2%2Fcategories&post=6254"},{"taxonomy":"post_tag","embeddable":true,"href":"https:\/\/muzeumfabrykinorblina.pl\/index.php?rest_route=%2Fwp%2Fv2%2Ftags&post=6254"}],"curies":[{"name":"wp","href":"https:\/\/api.w.org\/{rel}","templated":true}]}}