{"id":6161,"date":"2025-10-21T14:27:43","date_gmt":"2025-10-21T12:27:43","guid":{"rendered":"https:\/\/muzeumfabrykinorblina.pl\/?p=6161"},"modified":"2025-10-21T14:27:44","modified_gmt":"2025-10-21T12:27:44","slug":"muzeum-fabryki-norblina-z-oferta-dla-firm","status":"publish","type":"post","link":"https:\/\/muzeumfabrykinorblina.pl\/?p=6161","title":{"rendered":"Muzeum Fabryki Norblina z ofert\u0105 dla firm \u2013 historia, kt\u00f3ra inspiruje biznes"},"content":{"rendered":"\n<p class=\"wp-block-paragraph\"><strong>Ponad 240 lat historii, innowacji i przedsi\u0119biorczo\u015bci w samym sercu Warszawy \u2013 Muzeum Fabryki Norblina zaprasza firmy i grupy zorganizowane do odkrycia wyj\u0105tkowego miejsca, w kt\u00f3rym przesz\u0142o\u015b\u0107 spotyka si\u0119 z nowoczesno\u015bci\u0105.<\/strong><\/p>\n\n\n\n<p class=\"wp-block-paragraph\">Muzeum Fabryki Norblina to nie tylko przestrze\u0144 pe\u0142na historii, ale tak\u017ce inspiruj\u0105ce miejsce spotka\u0144 biznesowych i integracyjnych. W zabytkowych wn\u0119trzach dawnej fabryki mo\u017cna dzi\u015b nie tylko pozna\u0107 dzieje jednej z najwa\u017cniejszych firm metalurgicznych Kr\u00f3lestwa Polskiego, lecz tak\u017ce zorganizowa\u0107 kameralne wydarzenie firmowe, warsztaty lub konferencj\u0119.<\/p>\n\n\n\n<p class=\"wp-block-paragraph\">Dla grup zorganizowanych przygotowano kilka propozycji zwiedzania \u2013 od kr\u00f3tszej trasy \u201eFabryka Norblina w pigu\u0142ce\u201d, idealnej na pierwsz\u0105 wizyt\u0119, po rozszerzony program \u201eFabryka Norblina: Wczoraj i dzi\u015b\u201d, \u0142\u0105cz\u0105cy opowie\u015b\u0107 o historii z prezentacj\u0105 wsp\u00f3\u0142czesnych funkcji kompleksu.&nbsp;<\/p>\n\n\n\n<p class=\"wp-block-paragraph\">Oprowadzanie mo\u017ce poprowadzi\u0107 licencjonowany przewodnik lub aktor w stroju z epoki, kt\u00f3ry przenosi uczestnik\u00f3w w realia XIX-wiecznej fabryki.<\/p>\n\n\n\n<p class=\"wp-block-paragraph\">Nowo\u015bci\u0105 w ofercie jest mo\u017cliwo\u015b\u0107 wynajmu sali Namiarownia \u2013 klimatycznej przestrzeni w zabytkowym wn\u0119trzu, kt\u00f3ra doskonale sprawdza si\u0119 podczas konferencji, warsztat\u00f3w czy spotka\u0144 zespo\u0142owych. Miejsce \u0142\u0105czy industrialny charakter z nowoczesnym wyposa\u017ceniem, tworz\u0105c niepowtarzalne t\u0142o dla ka\u017cdego wydarzenia.<\/p>\n\n\n\n<p class=\"wp-block-paragraph\">Fabryka Norblina to przestrze\u0144, gdzie historia inspiruje wsp\u00f3\u0142czesno\u015b\u0107, a ka\u017cde spotkanie zyskuje wyj\u0105tkowy kontekst.<\/p>\n\n\n\n<p class=\"wp-block-paragraph\">Szczeg\u00f3\u0142y oferty i rezerwacje:&nbsp;<a href=\"https:\/\/muzeumfabrykinorblina.pl\/oferta-dla-firm\/\">https:\/\/muzeumfabrykinorblina.pl\/oferta-dla-firm\/<\/a><\/p>\n\n\n<!-- wp:themify-builder\/canvas \/-->","protected":false},"excerpt":{"rendered":"<p>Ponad 240 lat historii, innowacji i przedsi\u0119biorczo\u015bci w samym sercu Warszawy \u2013 Muzeum Fabryki Norblina zaprasza firmy i grupy zorganizowane do odkrycia wyj\u0105tkowego miejsca, w kt\u00f3rym przesz\u0142o\u015b\u0107 spotyka si\u0119 z nowoczesno\u015bci\u0105. Muzeum Fabryki Norblina to nie tylko przestrze\u0144 pe\u0142na historii, ale tak\u017ce inspiruj\u0105ce miejsce spotka\u0144 biznesowych i integracyjnych. W zabytkowych wn\u0119trzach dawnej fabryki mo\u017cna dzi\u015b [&hellip;]<\/p>\n","protected":false},"author":9,"featured_media":6162,"comment_status":"closed","ping_status":"closed","sticky":false,"template":"","format":"standard","meta":{"_acf_changed":false,"_monsterinsights_skip_tracking":false,"footnotes":""},"categories":[29],"tags":[],"class_list":["post-6161","post","type-post","status-publish","format-standard","has-post-thumbnail","hentry","category-aktualnosci","has-post-title","has-post-date","has-post-category","has-post-tag","has-post-comment","has-post-author",""],"acf":[],"yoast_head":"<!-- This site is optimized with the Yoast SEO plugin v28.2 - https:\/\/yoast.com\/product\/yoast-seo-wordpress\/ -->\n<title>Muzeum Fabryki Norblina z ofert\u0105 dla firm \u2013 historia, kt\u00f3ra inspiruje biznes | Muzeum Fabryki Norblina<\/title>\n<meta name=\"description\" content=\"Ponad 240 lat historii, innowacji i przedsi\u0119biorczo\u015bci w samym sercu Warszawy \u2013 Muzeum Fabryki Norblina zaprasza firmy i grupy zorganizowane do odkrycia wyj\u0105tkowego miejsca, w kt\u00f3rym przesz\u0142o\u015b\u0107 spotyka si\u0119 z nowoczesno\u015bci\u0105.\" \/>\n<meta name=\"robots\" content=\"index, follow, max-snippet:-1, max-image-preview:large, max-video-preview:-1\" \/>\n<link rel=\"canonical\" href=\"https:\/\/muzeumfabrykinorblina.pl\/?p=6161\" \/>\n<meta property=\"og:locale\" content=\"pl_PL\" \/>\n<meta property=\"og:type\" content=\"article\" \/>\n<meta property=\"og:title\" content=\"Muzeum Fabryki Norblina z ofert\u0105 dla firm \u2013 historia, kt\u00f3ra inspiruje biznes | Muzeum Fabryki Norblina\" \/>\n<meta property=\"og:description\" content=\"Ponad 240 lat historii, innowacji i przedsi\u0119biorczo\u015bci w samym sercu Warszawy \u2013 Muzeum Fabryki Norblina zaprasza firmy i grupy zorganizowane do odkrycia wyj\u0105tkowego miejsca, w kt\u00f3rym przesz\u0142o\u015b\u0107 spotyka si\u0119 z nowoczesno\u015bci\u0105.\" \/>\n<meta property=\"og:url\" content=\"https:\/\/muzeumfabrykinorblina.pl\/?p=6161\" \/>\n<meta property=\"og:site_name\" content=\"Muzeum Fabryki Norblina\" \/>\n<meta property=\"article:publisher\" content=\"https:\/\/www.facebook.com\/MuzeumFabrykiNorblina\" \/>\n<meta property=\"article:published_time\" content=\"2025-10-21T12:27:43+00:00\" \/>\n<meta property=\"article:modified_time\" content=\"2025-10-21T12:27:44+00:00\" \/>\n<meta property=\"og:image\" content=\"https:\/\/muzeumfabrykinorblina.pl\/wp-content\/uploads\/2025\/10\/MFN_Dla_Firm.jpg\" \/>\n\t<meta property=\"og:image:width\" content=\"1080\" \/>\n\t<meta property=\"og:image:height\" content=\"1080\" \/>\n\t<meta property=\"og:image:type\" content=\"image\/jpeg\" \/>\n<meta name=\"author\" content=\"Agata Ilnicka\" \/>\n<meta name=\"twitter:card\" content=\"summary_large_image\" \/>\n<meta name=\"twitter:label1\" content=\"Napisane przez\" \/>\n\t<meta name=\"twitter:data1\" content=\"Agata Ilnicka\" \/>\n\t<meta name=\"twitter:label2\" content=\"Szacowany czas czytania\" \/>\n\t<meta name=\"twitter:data2\" content=\"2 minuty\" \/>\n<script type=\"application\/ld+json\" class=\"yoast-schema-graph\">{\"@context\":\"https:\\\/\\\/schema.org\",\"@graph\":[{\"@type\":\"Article\",\"@id\":\"https:\\\/\\\/muzeumfabrykinorblina.pl\\\/?p=6161#article\",\"isPartOf\":{\"@id\":\"https:\\\/\\\/muzeumfabrykinorblina.pl\\\/?p=6161\"},\"author\":{\"name\":\"Agata Ilnicka\",\"@id\":\"https:\\\/\\\/muzeumfabrykinorblina.pl\\\/#\\\/schema\\\/person\\\/4f1632ef79031887e0e24c4ea9d3472e\"},\"headline\":\"Muzeum Fabryki Norblina z ofert\u0105 dla firm \u2013 historia, kt\u00f3ra inspiruje biznes\",\"datePublished\":\"2025-10-21T12:27:43+00:00\",\"dateModified\":\"2025-10-21T12:27:44+00:00\",\"mainEntityOfPage\":{\"@id\":\"https:\\\/\\\/muzeumfabrykinorblina.pl\\\/?p=6161\"},\"wordCount\":233,\"publisher\":{\"@id\":\"https:\\\/\\\/muzeumfabrykinorblina.pl\\\/#organization\"},\"image\":{\"@id\":\"https:\\\/\\\/muzeumfabrykinorblina.pl\\\/?p=6161#primaryimage\"},\"thumbnailUrl\":\"https:\\\/\\\/muzeumfabrykinorblina.pl\\\/wp-content\\\/uploads\\\/2025\\\/10\\\/MFN_Dla_Firm.jpg\",\"articleSection\":[\"Aktualno\u015bci\"],\"inLanguage\":\"pl-PL\"},{\"@type\":\"WebPage\",\"@id\":\"https:\\\/\\\/muzeumfabrykinorblina.pl\\\/?p=6161\",\"url\":\"https:\\\/\\\/muzeumfabrykinorblina.pl\\\/?p=6161\",\"name\":\"Muzeum Fabryki Norblina z ofert\u0105 dla firm \u2013 historia, kt\u00f3ra inspiruje biznes | Muzeum Fabryki Norblina\",\"isPartOf\":{\"@id\":\"https:\\\/\\\/muzeumfabrykinorblina.pl\\\/#website\"},\"primaryImageOfPage\":{\"@id\":\"https:\\\/\\\/muzeumfabrykinorblina.pl\\\/?p=6161#primaryimage\"},\"image\":{\"@id\":\"https:\\\/\\\/muzeumfabrykinorblina.pl\\\/?p=6161#primaryimage\"},\"thumbnailUrl\":\"https:\\\/\\\/muzeumfabrykinorblina.pl\\\/wp-content\\\/uploads\\\/2025\\\/10\\\/MFN_Dla_Firm.jpg\",\"datePublished\":\"2025-10-21T12:27:43+00:00\",\"dateModified\":\"2025-10-21T12:27:44+00:00\",\"description\":\"Ponad 240 lat historii, innowacji i przedsi\u0119biorczo\u015bci w samym sercu Warszawy \u2013 Muzeum Fabryki Norblina zaprasza firmy i grupy zorganizowane do odkrycia wyj\u0105tkowego miejsca, w kt\u00f3rym przesz\u0142o\u015b\u0107 spotyka si\u0119 z nowoczesno\u015bci\u0105.\",\"breadcrumb\":{\"@id\":\"https:\\\/\\\/muzeumfabrykinorblina.pl\\\/?p=6161#breadcrumb\"},\"inLanguage\":\"pl-PL\",\"potentialAction\":[{\"@type\":\"ReadAction\",\"target\":[\"https:\\\/\\\/muzeumfabrykinorblina.pl\\\/?p=6161\"]}]},{\"@type\":\"ImageObject\",\"inLanguage\":\"pl-PL\",\"@id\":\"https:\\\/\\\/muzeumfabrykinorblina.pl\\\/?p=6161#primaryimage\",\"url\":\"https:\\\/\\\/muzeumfabrykinorblina.pl\\\/wp-content\\\/uploads\\\/2025\\\/10\\\/MFN_Dla_Firm.jpg\",\"contentUrl\":\"https:\\\/\\\/muzeumfabrykinorblina.pl\\\/wp-content\\\/uploads\\\/2025\\\/10\\\/MFN_Dla_Firm.jpg\",\"width\":1080,\"height\":1080},{\"@type\":\"BreadcrumbList\",\"@id\":\"https:\\\/\\\/muzeumfabrykinorblina.pl\\\/?p=6161#breadcrumb\",\"itemListElement\":[{\"@type\":\"ListItem\",\"position\":1,\"name\":\"Strona g\u0142\u00f3wna\",\"item\":\"https:\\\/\\\/muzeumfabrykinorblina.pl\\\/\"},{\"@type\":\"ListItem\",\"position\":2,\"name\":\"Muzeum Fabryki Norblina z ofert\u0105 dla firm \u2013 historia, kt\u00f3ra inspiruje biznes\"}]},{\"@type\":\"WebSite\",\"@id\":\"https:\\\/\\\/muzeumfabrykinorblina.pl\\\/#website\",\"url\":\"https:\\\/\\\/muzeumfabrykinorblina.pl\\\/\",\"name\":\"Muzeum Fabryki Norblina\",\"description\":\"Fabryka Norblina\",\"publisher\":{\"@id\":\"https:\\\/\\\/muzeumfabrykinorblina.pl\\\/#organization\"},\"potentialAction\":[{\"@type\":\"SearchAction\",\"target\":{\"@type\":\"EntryPoint\",\"urlTemplate\":\"https:\\\/\\\/muzeumfabrykinorblina.pl\\\/?s={search_term_string}\"},\"query-input\":{\"@type\":\"PropertyValueSpecification\",\"valueRequired\":true,\"valueName\":\"search_term_string\"}}],\"inLanguage\":\"pl-PL\"},{\"@type\":\"Organization\",\"@id\":\"https:\\\/\\\/muzeumfabrykinorblina.pl\\\/#organization\",\"name\":\"Muzeum Fabryki Norblina\",\"url\":\"https:\\\/\\\/muzeumfabrykinorblina.pl\\\/\",\"logo\":{\"@type\":\"ImageObject\",\"inLanguage\":\"pl-PL\",\"@id\":\"https:\\\/\\\/muzeumfabrykinorblina.pl\\\/#\\\/schema\\\/logo\\\/image\\\/\",\"url\":\"https:\\\/\\\/muzeumfabrykinorblina.pl\\\/wp-content\\\/uploads\\\/2023\\\/11\\\/MFN_Featured-image_1200x675.jpg\",\"contentUrl\":\"https:\\\/\\\/muzeumfabrykinorblina.pl\\\/wp-content\\\/uploads\\\/2023\\\/11\\\/MFN_Featured-image_1200x675.jpg\",\"width\":1200,\"height\":675,\"caption\":\"Muzeum Fabryki Norblina\"},\"image\":{\"@id\":\"https:\\\/\\\/muzeumfabrykinorblina.pl\\\/#\\\/schema\\\/logo\\\/image\\\/\"},\"sameAs\":[\"https:\\\/\\\/www.facebook.com\\\/MuzeumFabrykiNorblina\",\"https:\\\/\\\/www.instagram.com\\\/muzeumfabrykinorblina\\\/\"]},{\"@type\":\"Person\",\"@id\":\"https:\\\/\\\/muzeumfabrykinorblina.pl\\\/#\\\/schema\\\/person\\\/4f1632ef79031887e0e24c4ea9d3472e\",\"name\":\"Agata Ilnicka\",\"image\":{\"@type\":\"ImageObject\",\"inLanguage\":\"pl-PL\",\"@id\":\"https:\\\/\\\/secure.gravatar.com\\\/avatar\\\/0c850e3cc969e3bec61971337ea044add4e3b6da745c50448fbab5c86b0b85d9?s=96&d=mm&r=g\",\"url\":\"https:\\\/\\\/secure.gravatar.com\\\/avatar\\\/0c850e3cc969e3bec61971337ea044add4e3b6da745c50448fbab5c86b0b85d9?s=96&d=mm&r=g\",\"contentUrl\":\"https:\\\/\\\/secure.gravatar.com\\\/avatar\\\/0c850e3cc969e3bec61971337ea044add4e3b6da745c50448fbab5c86b0b85d9?s=96&d=mm&r=g\",\"caption\":\"Agata Ilnicka\"},\"url\":\"https:\\\/\\\/muzeumfabrykinorblina.pl\\\/?author=9\"}]}<\/script>\n<!-- \/ Yoast SEO plugin. -->","yoast_head_json":{"title":"Muzeum Fabryki Norblina z ofert\u0105 dla firm \u2013 historia, kt\u00f3ra inspiruje biznes | Muzeum Fabryki Norblina","description":"Ponad 240 lat historii, innowacji i przedsi\u0119biorczo\u015bci w samym sercu Warszawy \u2013 Muzeum Fabryki Norblina zaprasza firmy i grupy zorganizowane do odkrycia wyj\u0105tkowego miejsca, w kt\u00f3rym przesz\u0142o\u015b\u0107 spotyka si\u0119 z nowoczesno\u015bci\u0105.","robots":{"index":"index","follow":"follow","max-snippet":"max-snippet:-1","max-image-preview":"max-image-preview:large","max-video-preview":"max-video-preview:-1"},"canonical":"https:\/\/muzeumfabrykinorblina.pl\/?p=6161","og_locale":"pl_PL","og_type":"article","og_title":"Muzeum Fabryki Norblina z ofert\u0105 dla firm \u2013 historia, kt\u00f3ra inspiruje biznes | Muzeum Fabryki Norblina","og_description":"Ponad 240 lat historii, innowacji i przedsi\u0119biorczo\u015bci w samym sercu Warszawy \u2013 Muzeum Fabryki Norblina zaprasza firmy i grupy zorganizowane do odkrycia wyj\u0105tkowego miejsca, w kt\u00f3rym przesz\u0142o\u015b\u0107 spotyka si\u0119 z nowoczesno\u015bci\u0105.","og_url":"https:\/\/muzeumfabrykinorblina.pl\/?p=6161","og_site_name":"Muzeum Fabryki Norblina","article_publisher":"https:\/\/www.facebook.com\/MuzeumFabrykiNorblina","article_published_time":"2025-10-21T12:27:43+00:00","article_modified_time":"2025-10-21T12:27:44+00:00","og_image":[{"width":1080,"height":1080,"url":"https:\/\/muzeumfabrykinorblina.pl\/wp-content\/uploads\/2025\/10\/MFN_Dla_Firm.jpg","type":"image\/jpeg"}],"author":"Agata Ilnicka","twitter_card":"summary_large_image","twitter_misc":{"Napisane przez":"Agata Ilnicka","Szacowany czas czytania":"2 minuty"},"schema":{"@context":"https:\/\/schema.org","@graph":[{"@type":"Article","@id":"https:\/\/muzeumfabrykinorblina.pl\/?p=6161#article","isPartOf":{"@id":"https:\/\/muzeumfabrykinorblina.pl\/?p=6161"},"author":{"name":"Agata Ilnicka","@id":"https:\/\/muzeumfabrykinorblina.pl\/#\/schema\/person\/4f1632ef79031887e0e24c4ea9d3472e"},"headline":"Muzeum Fabryki Norblina z ofert\u0105 dla firm \u2013 historia, kt\u00f3ra inspiruje biznes","datePublished":"2025-10-21T12:27:43+00:00","dateModified":"2025-10-21T12:27:44+00:00","mainEntityOfPage":{"@id":"https:\/\/muzeumfabrykinorblina.pl\/?p=6161"},"wordCount":233,"publisher":{"@id":"https:\/\/muzeumfabrykinorblina.pl\/#organization"},"image":{"@id":"https:\/\/muzeumfabrykinorblina.pl\/?p=6161#primaryimage"},"thumbnailUrl":"https:\/\/muzeumfabrykinorblina.pl\/wp-content\/uploads\/2025\/10\/MFN_Dla_Firm.jpg","articleSection":["Aktualno\u015bci"],"inLanguage":"pl-PL"},{"@type":"WebPage","@id":"https:\/\/muzeumfabrykinorblina.pl\/?p=6161","url":"https:\/\/muzeumfabrykinorblina.pl\/?p=6161","name":"Muzeum Fabryki Norblina z ofert\u0105 dla firm \u2013 historia, kt\u00f3ra inspiruje biznes | Muzeum Fabryki Norblina","isPartOf":{"@id":"https:\/\/muzeumfabrykinorblina.pl\/#website"},"primaryImageOfPage":{"@id":"https:\/\/muzeumfabrykinorblina.pl\/?p=6161#primaryimage"},"image":{"@id":"https:\/\/muzeumfabrykinorblina.pl\/?p=6161#primaryimage"},"thumbnailUrl":"https:\/\/muzeumfabrykinorblina.pl\/wp-content\/uploads\/2025\/10\/MFN_Dla_Firm.jpg","datePublished":"2025-10-21T12:27:43+00:00","dateModified":"2025-10-21T12:27:44+00:00","description":"Ponad 240 lat historii, innowacji i przedsi\u0119biorczo\u015bci w samym sercu Warszawy \u2013 Muzeum Fabryki Norblina zaprasza firmy i grupy zorganizowane do odkrycia wyj\u0105tkowego miejsca, w kt\u00f3rym przesz\u0142o\u015b\u0107 spotyka si\u0119 z nowoczesno\u015bci\u0105.","breadcrumb":{"@id":"https:\/\/muzeumfabrykinorblina.pl\/?p=6161#breadcrumb"},"inLanguage":"pl-PL","potentialAction":[{"@type":"ReadAction","target":["https:\/\/muzeumfabrykinorblina.pl\/?p=6161"]}]},{"@type":"ImageObject","inLanguage":"pl-PL","@id":"https:\/\/muzeumfabrykinorblina.pl\/?p=6161#primaryimage","url":"https:\/\/muzeumfabrykinorblina.pl\/wp-content\/uploads\/2025\/10\/MFN_Dla_Firm.jpg","contentUrl":"https:\/\/muzeumfabrykinorblina.pl\/wp-content\/uploads\/2025\/10\/MFN_Dla_Firm.jpg","width":1080,"height":1080},{"@type":"BreadcrumbList","@id":"https:\/\/muzeumfabrykinorblina.pl\/?p=6161#breadcrumb","itemListElement":[{"@type":"ListItem","position":1,"name":"Strona g\u0142\u00f3wna","item":"https:\/\/muzeumfabrykinorblina.pl\/"},{"@type":"ListItem","position":2,"name":"Muzeum Fabryki Norblina z ofert\u0105 dla firm \u2013 historia, kt\u00f3ra inspiruje biznes"}]},{"@type":"WebSite","@id":"https:\/\/muzeumfabrykinorblina.pl\/#website","url":"https:\/\/muzeumfabrykinorblina.pl\/","name":"Muzeum Fabryki Norblina","description":"Fabryka Norblina","publisher":{"@id":"https:\/\/muzeumfabrykinorblina.pl\/#organization"},"potentialAction":[{"@type":"SearchAction","target":{"@type":"EntryPoint","urlTemplate":"https:\/\/muzeumfabrykinorblina.pl\/?s={search_term_string}"},"query-input":{"@type":"PropertyValueSpecification","valueRequired":true,"valueName":"search_term_string"}}],"inLanguage":"pl-PL"},{"@type":"Organization","@id":"https:\/\/muzeumfabrykinorblina.pl\/#organization","name":"Muzeum Fabryki Norblina","url":"https:\/\/muzeumfabrykinorblina.pl\/","logo":{"@type":"ImageObject","inLanguage":"pl-PL","@id":"https:\/\/muzeumfabrykinorblina.pl\/#\/schema\/logo\/image\/","url":"https:\/\/muzeumfabrykinorblina.pl\/wp-content\/uploads\/2023\/11\/MFN_Featured-image_1200x675.jpg","contentUrl":"https:\/\/muzeumfabrykinorblina.pl\/wp-content\/uploads\/2023\/11\/MFN_Featured-image_1200x675.jpg","width":1200,"height":675,"caption":"Muzeum Fabryki Norblina"},"image":{"@id":"https:\/\/muzeumfabrykinorblina.pl\/#\/schema\/logo\/image\/"},"sameAs":["https:\/\/www.facebook.com\/MuzeumFabrykiNorblina","https:\/\/www.instagram.com\/muzeumfabrykinorblina\/"]},{"@type":"Person","@id":"https:\/\/muzeumfabrykinorblina.pl\/#\/schema\/person\/4f1632ef79031887e0e24c4ea9d3472e","name":"Agata Ilnicka","image":{"@type":"ImageObject","inLanguage":"pl-PL","@id":"https:\/\/secure.gravatar.com\/avatar\/0c850e3cc969e3bec61971337ea044add4e3b6da745c50448fbab5c86b0b85d9?s=96&d=mm&r=g","url":"https:\/\/secure.gravatar.com\/avatar\/0c850e3cc969e3bec61971337ea044add4e3b6da745c50448fbab5c86b0b85d9?s=96&d=mm&r=g","contentUrl":"https:\/\/secure.gravatar.com\/avatar\/0c850e3cc969e3bec61971337ea044add4e3b6da745c50448fbab5c86b0b85d9?s=96&d=mm&r=g","caption":"Agata Ilnicka"},"url":"https:\/\/muzeumfabrykinorblina.pl\/?author=9"}]}},"lang":"pl","translations":{"pl":6161},"builder_content":"","pll_sync_post":{},"_links":{"self":[{"href":"https:\/\/muzeumfabrykinorblina.pl\/index.php?rest_route=\/wp\/v2\/posts\/6161","targetHints":{"allow":["GET"]}}],"collection":[{"href":"https:\/\/muzeumfabrykinorblina.pl\/index.php?rest_route=\/wp\/v2\/posts"}],"about":[{"href":"https:\/\/muzeumfabrykinorblina.pl\/index.php?rest_route=\/wp\/v2\/types\/post"}],"author":[{"embeddable":true,"href":"https:\/\/muzeumfabrykinorblina.pl\/index.php?rest_route=\/wp\/v2\/users\/9"}],"replies":[{"embeddable":true,"href":"https:\/\/muzeumfabrykinorblina.pl\/index.php?rest_route=%2Fwp%2Fv2%2Fcomments&post=6161"}],"version-history":[{"count":1,"href":"https:\/\/muzeumfabrykinorblina.pl\/index.php?rest_route=\/wp\/v2\/posts\/6161\/revisions"}],"predecessor-version":[{"id":6163,"href":"https:\/\/muzeumfabrykinorblina.pl\/index.php?rest_route=\/wp\/v2\/posts\/6161\/revisions\/6163"}],"wp:featuredmedia":[{"embeddable":true,"href":"https:\/\/muzeumfabrykinorblina.pl\/index.php?rest_route=\/wp\/v2\/media\/6162"}],"wp:attachment":[{"href":"https:\/\/muzeumfabrykinorblina.pl\/index.php?rest_route=%2Fwp%2Fv2%2Fmedia&parent=6161"}],"wp:term":[{"taxonomy":"category","embeddable":true,"href":"https:\/\/muzeumfabrykinorblina.pl\/index.php?rest_route=%2Fwp%2Fv2%2Fcategories&post=6161"},{"taxonomy":"post_tag","embeddable":true,"href":"https:\/\/muzeumfabrykinorblina.pl\/index.php?rest_route=%2Fwp%2Fv2%2Ftags&post=6161"}],"curies":[{"name":"wp","href":"https:\/\/api.w.org\/{rel}","templated":true}]}}