{"id":6152,"date":"2025-10-16T09:12:32","date_gmt":"2025-10-16T07:12:32","guid":{"rendered":"https:\/\/muzeumfabrykinorblina.pl\/?p=6152"},"modified":"2025-10-16T10:14:20","modified_gmt":"2025-10-16T08:14:20","slug":"jedna-historia-trzy-muzea","status":"publish","type":"post","link":"https:\/\/muzeumfabrykinorblina.pl\/?p=6152","title":{"rendered":"Jedna historia, trzy muzea. Konferencja dla nauczycieli w Fabryce Norblina"},"content":{"rendered":"\n<p class=\"wp-block-paragraph\"><strong>Warszawa ma wiele twarzy \u2013 eleganck\u0105 i kr\u00f3lewsk\u0105, ale te\u017c przemys\u0142ow\u0105, pe\u0142n\u0105 warsztat\u00f3w, tor\u00f3w i fabryk. Cho\u0107 dzi\u015b industrialny gwar ucich\u0142, jego echo wci\u0105\u017c rozbrzmiewa w murach sto\u0142ecznych muze\u00f3w, kt\u00f3re chroni\u0105 i popularyzuj\u0105 dziedzictwo techniki. Z tej wsp\u00f3lnej pasji do historii i edukacji narodzi\u0142 si\u0119 wyj\u0105tkowy projekt: konferencja \u201eJedna historia, trzy muzea\u201d, organizowana przez Muzeum Fabryki Norblina, Muzeum Gazowni Warszawskiej i Stacj\u0119 Muzeum.<\/strong><\/p>\n\n\n\n<p class=\"wp-block-paragraph\">Wydarzenie zosta\u0142o stworzone z my\u015bl\u0105 o <strong>nauczycielach i edukatorach<\/strong>, kt\u00f3rzy poszukuj\u0105 nowych, anga\u017cuj\u0105cych form pracy z m\u0142odzie\u017c\u0105. Podczas spotkania zaprezentowana zostanie <strong>oferta edukacyjna trzech warszawskich instytucji<\/strong>, obejmuj\u0105ca warsztaty, lekcje muzealne, projekty interdyscyplinarne i autorskie programy dostosowane do r\u00f3\u017cnych grup wiekowych.<\/p>\n\n\n\n<p class=\"wp-block-paragraph\">Konferencja b\u0119dzie tak\u017ce okazj\u0105 do <strong>wymiany do\u015bwiadcze\u0144, rozm\u00f3w o edukacji muzealnej i nawi\u0105zania wsp\u00f3\u0142pracy<\/strong> mi\u0119dzy szko\u0142ami a instytucjami kultury. W programie znajd\u0105 si\u0119 r\u00f3wnie\u017c mi\u0142e akcenty \u2013 <strong>losowanie upomink\u00f3w, drobne pami\u0105tki i pocz\u0119stunek<\/strong>, kt\u00f3ry sprzyja integracji uczestnik\u00f3w.<\/p>\n\n\n\n<p class=\"wp-block-paragraph\"><strong>Udzia\u0142 w wydarzeniu jest bezp\u0142atny<\/strong>, jednak obowi\u0105zuje rejestracja:<br>\ud83d\udc49 <a href=\"https:\/\/forms.gle\/k11dEnyrSujUcnkq7\">Formularz zg\u0142oszeniowy<\/a><\/p>\n\n\n\n<p class=\"wp-block-paragraph\">Serdecznie zapraszamy wszystkich nauczycieli i pedagog\u00f3w do udzia\u0142u w tym spotkaniu \u2013 wsp\u00f3lnie poka\u017cmy, \u017ce historia techniki mo\u017ce by\u0107 inspiruj\u0105c\u0105 lekcj\u0105 o przesz\u0142o\u015bci, tera\u017aniejszo\u015bci i przysz\u0142o\u015bci.<\/p>\n\n\n\n<p class=\"wp-block-paragraph\"><strong>5 listopada (wtorek), godz. 16:00<\/strong><br><strong>Fabryka Norblina | KinoGram<\/strong><\/p>\n\n\n<!-- wp:themify-builder\/canvas \/-->","protected":false},"excerpt":{"rendered":"<p>Warszawa ma wiele twarzy \u2013 eleganck\u0105 i kr\u00f3lewsk\u0105, ale te\u017c przemys\u0142ow\u0105, pe\u0142n\u0105 warsztat\u00f3w, tor\u00f3w i fabryk. Cho\u0107 dzi\u015b industrialny gwar ucich\u0142, jego echo wci\u0105\u017c rozbrzmiewa w murach sto\u0142ecznych muze\u00f3w, kt\u00f3re chroni\u0105 i popularyzuj\u0105 dziedzictwo techniki. Z tej wsp\u00f3lnej pasji do historii i edukacji narodzi\u0142 si\u0119 wyj\u0105tkowy projekt: konferencja \u201eJedna historia, trzy muzea\u201d, organizowana przez Muzeum [&hellip;]<\/p>\n","protected":false},"author":9,"featured_media":6155,"comment_status":"closed","ping_status":"closed","sticky":false,"template":"","format":"standard","meta":{"_acf_changed":false,"_monsterinsights_skip_tracking":false,"footnotes":""},"categories":[29],"tags":[],"class_list":["post-6152","post","type-post","status-publish","format-standard","has-post-thumbnail","hentry","category-aktualnosci","has-post-title","has-post-date","has-post-category","has-post-tag","has-post-comment","has-post-author",""],"acf":[],"yoast_head":"<!-- This site is optimized with the Yoast SEO plugin v28.2 - https:\/\/yoast.com\/product\/yoast-seo-wordpress\/ -->\n<title>Jedna historia, trzy muzea. Konferencja dla nauczycieli w Fabryce Norblina | Muzeum Fabryki Norblina<\/title>\n<meta name=\"description\" content=\"Warszawa ma wiele twarzy \u2013 eleganck\u0105 i kr\u00f3lewsk\u0105, ale te\u017c przemys\u0142ow\u0105, pe\u0142n\u0105 warsztat\u00f3w, tor\u00f3w i fabryk.\" \/>\n<meta name=\"robots\" content=\"index, follow, max-snippet:-1, max-image-preview:large, max-video-preview:-1\" \/>\n<link rel=\"canonical\" href=\"https:\/\/muzeumfabrykinorblina.pl\/?p=6152\" \/>\n<meta property=\"og:locale\" content=\"pl_PL\" \/>\n<meta property=\"og:type\" content=\"article\" \/>\n<meta property=\"og:title\" content=\"Jedna historia, trzy muzea. Konferencja dla nauczycieli w Fabryce Norblina | Muzeum Fabryki Norblina\" \/>\n<meta property=\"og:description\" content=\"Warszawa ma wiele twarzy \u2013 eleganck\u0105 i kr\u00f3lewsk\u0105, ale te\u017c przemys\u0142ow\u0105, pe\u0142n\u0105 warsztat\u00f3w, tor\u00f3w i fabryk.\" \/>\n<meta property=\"og:url\" content=\"https:\/\/muzeumfabrykinorblina.pl\/?p=6152\" \/>\n<meta property=\"og:site_name\" content=\"Muzeum Fabryki Norblina\" \/>\n<meta property=\"article:publisher\" content=\"https:\/\/www.facebook.com\/MuzeumFabrykiNorblina\" \/>\n<meta property=\"article:published_time\" content=\"2025-10-16T07:12:32+00:00\" \/>\n<meta property=\"article:modified_time\" content=\"2025-10-16T08:14:20+00:00\" \/>\n<meta property=\"og:image\" content=\"https:\/\/muzeumfabrykinorblina.pl\/wp-content\/uploads\/2025\/10\/MFN_Historia-1.jpg\" \/>\n\t<meta property=\"og:image:width\" content=\"1080\" \/>\n\t<meta property=\"og:image:height\" content=\"1080\" \/>\n\t<meta property=\"og:image:type\" content=\"image\/jpeg\" \/>\n<meta name=\"author\" content=\"Agata Ilnicka\" \/>\n<meta name=\"twitter:card\" content=\"summary_large_image\" \/>\n<meta name=\"twitter:label1\" content=\"Napisane przez\" \/>\n\t<meta name=\"twitter:data1\" content=\"Agata Ilnicka\" \/>\n\t<meta name=\"twitter:label2\" content=\"Szacowany czas czytania\" \/>\n\t<meta name=\"twitter:data2\" content=\"2 minuty\" \/>\n<script type=\"application\/ld+json\" class=\"yoast-schema-graph\">{\"@context\":\"https:\\\/\\\/schema.org\",\"@graph\":[{\"@type\":\"Article\",\"@id\":\"https:\\\/\\\/muzeumfabrykinorblina.pl\\\/?p=6152#article\",\"isPartOf\":{\"@id\":\"https:\\\/\\\/muzeumfabrykinorblina.pl\\\/?p=6152\"},\"author\":{\"name\":\"Agata Ilnicka\",\"@id\":\"https:\\\/\\\/muzeumfabrykinorblina.pl\\\/#\\\/schema\\\/person\\\/4f1632ef79031887e0e24c4ea9d3472e\"},\"headline\":\"Jedna historia, trzy muzea. Konferencja dla nauczycieli w Fabryce Norblina\",\"datePublished\":\"2025-10-16T07:12:32+00:00\",\"dateModified\":\"2025-10-16T08:14:20+00:00\",\"mainEntityOfPage\":{\"@id\":\"https:\\\/\\\/muzeumfabrykinorblina.pl\\\/?p=6152\"},\"wordCount\":237,\"publisher\":{\"@id\":\"https:\\\/\\\/muzeumfabrykinorblina.pl\\\/#organization\"},\"image\":{\"@id\":\"https:\\\/\\\/muzeumfabrykinorblina.pl\\\/?p=6152#primaryimage\"},\"thumbnailUrl\":\"https:\\\/\\\/muzeumfabrykinorblina.pl\\\/wp-content\\\/uploads\\\/2025\\\/10\\\/MFN_Historia-1.jpg\",\"articleSection\":[\"Aktualno\u015bci\"],\"inLanguage\":\"pl-PL\"},{\"@type\":\"WebPage\",\"@id\":\"https:\\\/\\\/muzeumfabrykinorblina.pl\\\/?p=6152\",\"url\":\"https:\\\/\\\/muzeumfabrykinorblina.pl\\\/?p=6152\",\"name\":\"Jedna historia, trzy muzea. Konferencja dla nauczycieli w Fabryce Norblina | Muzeum Fabryki Norblina\",\"isPartOf\":{\"@id\":\"https:\\\/\\\/muzeumfabrykinorblina.pl\\\/#website\"},\"primaryImageOfPage\":{\"@id\":\"https:\\\/\\\/muzeumfabrykinorblina.pl\\\/?p=6152#primaryimage\"},\"image\":{\"@id\":\"https:\\\/\\\/muzeumfabrykinorblina.pl\\\/?p=6152#primaryimage\"},\"thumbnailUrl\":\"https:\\\/\\\/muzeumfabrykinorblina.pl\\\/wp-content\\\/uploads\\\/2025\\\/10\\\/MFN_Historia-1.jpg\",\"datePublished\":\"2025-10-16T07:12:32+00:00\",\"dateModified\":\"2025-10-16T08:14:20+00:00\",\"description\":\"Warszawa ma wiele twarzy \u2013 eleganck\u0105 i kr\u00f3lewsk\u0105, ale te\u017c przemys\u0142ow\u0105, pe\u0142n\u0105 warsztat\u00f3w, tor\u00f3w i fabryk.\",\"breadcrumb\":{\"@id\":\"https:\\\/\\\/muzeumfabrykinorblina.pl\\\/?p=6152#breadcrumb\"},\"inLanguage\":\"pl-PL\",\"potentialAction\":[{\"@type\":\"ReadAction\",\"target\":[\"https:\\\/\\\/muzeumfabrykinorblina.pl\\\/?p=6152\"]}]},{\"@type\":\"ImageObject\",\"inLanguage\":\"pl-PL\",\"@id\":\"https:\\\/\\\/muzeumfabrykinorblina.pl\\\/?p=6152#primaryimage\",\"url\":\"https:\\\/\\\/muzeumfabrykinorblina.pl\\\/wp-content\\\/uploads\\\/2025\\\/10\\\/MFN_Historia-1.jpg\",\"contentUrl\":\"https:\\\/\\\/muzeumfabrykinorblina.pl\\\/wp-content\\\/uploads\\\/2025\\\/10\\\/MFN_Historia-1.jpg\",\"width\":1080,\"height\":1080},{\"@type\":\"BreadcrumbList\",\"@id\":\"https:\\\/\\\/muzeumfabrykinorblina.pl\\\/?p=6152#breadcrumb\",\"itemListElement\":[{\"@type\":\"ListItem\",\"position\":1,\"name\":\"Strona g\u0142\u00f3wna\",\"item\":\"https:\\\/\\\/muzeumfabrykinorblina.pl\\\/\"},{\"@type\":\"ListItem\",\"position\":2,\"name\":\"Jedna historia, trzy muzea. Konferencja dla nauczycieli w Fabryce Norblina\"}]},{\"@type\":\"WebSite\",\"@id\":\"https:\\\/\\\/muzeumfabrykinorblina.pl\\\/#website\",\"url\":\"https:\\\/\\\/muzeumfabrykinorblina.pl\\\/\",\"name\":\"Muzeum Fabryki Norblina\",\"description\":\"Fabryka Norblina\",\"publisher\":{\"@id\":\"https:\\\/\\\/muzeumfabrykinorblina.pl\\\/#organization\"},\"potentialAction\":[{\"@type\":\"SearchAction\",\"target\":{\"@type\":\"EntryPoint\",\"urlTemplate\":\"https:\\\/\\\/muzeumfabrykinorblina.pl\\\/?s={search_term_string}\"},\"query-input\":{\"@type\":\"PropertyValueSpecification\",\"valueRequired\":true,\"valueName\":\"search_term_string\"}}],\"inLanguage\":\"pl-PL\"},{\"@type\":\"Organization\",\"@id\":\"https:\\\/\\\/muzeumfabrykinorblina.pl\\\/#organization\",\"name\":\"Muzeum Fabryki Norblina\",\"url\":\"https:\\\/\\\/muzeumfabrykinorblina.pl\\\/\",\"logo\":{\"@type\":\"ImageObject\",\"inLanguage\":\"pl-PL\",\"@id\":\"https:\\\/\\\/muzeumfabrykinorblina.pl\\\/#\\\/schema\\\/logo\\\/image\\\/\",\"url\":\"https:\\\/\\\/muzeumfabrykinorblina.pl\\\/wp-content\\\/uploads\\\/2023\\\/11\\\/MFN_Featured-image_1200x675.jpg\",\"contentUrl\":\"https:\\\/\\\/muzeumfabrykinorblina.pl\\\/wp-content\\\/uploads\\\/2023\\\/11\\\/MFN_Featured-image_1200x675.jpg\",\"width\":1200,\"height\":675,\"caption\":\"Muzeum Fabryki Norblina\"},\"image\":{\"@id\":\"https:\\\/\\\/muzeumfabrykinorblina.pl\\\/#\\\/schema\\\/logo\\\/image\\\/\"},\"sameAs\":[\"https:\\\/\\\/www.facebook.com\\\/MuzeumFabrykiNorblina\",\"https:\\\/\\\/www.instagram.com\\\/muzeumfabrykinorblina\\\/\"]},{\"@type\":\"Person\",\"@id\":\"https:\\\/\\\/muzeumfabrykinorblina.pl\\\/#\\\/schema\\\/person\\\/4f1632ef79031887e0e24c4ea9d3472e\",\"name\":\"Agata Ilnicka\",\"image\":{\"@type\":\"ImageObject\",\"inLanguage\":\"pl-PL\",\"@id\":\"https:\\\/\\\/secure.gravatar.com\\\/avatar\\\/0c850e3cc969e3bec61971337ea044add4e3b6da745c50448fbab5c86b0b85d9?s=96&d=mm&r=g\",\"url\":\"https:\\\/\\\/secure.gravatar.com\\\/avatar\\\/0c850e3cc969e3bec61971337ea044add4e3b6da745c50448fbab5c86b0b85d9?s=96&d=mm&r=g\",\"contentUrl\":\"https:\\\/\\\/secure.gravatar.com\\\/avatar\\\/0c850e3cc969e3bec61971337ea044add4e3b6da745c50448fbab5c86b0b85d9?s=96&d=mm&r=g\",\"caption\":\"Agata Ilnicka\"},\"url\":\"https:\\\/\\\/muzeumfabrykinorblina.pl\\\/?author=9\"}]}<\/script>\n<!-- \/ Yoast SEO plugin. -->","yoast_head_json":{"title":"Jedna historia, trzy muzea. Konferencja dla nauczycieli w Fabryce Norblina | Muzeum Fabryki Norblina","description":"Warszawa ma wiele twarzy \u2013 eleganck\u0105 i kr\u00f3lewsk\u0105, ale te\u017c przemys\u0142ow\u0105, pe\u0142n\u0105 warsztat\u00f3w, tor\u00f3w i fabryk.","robots":{"index":"index","follow":"follow","max-snippet":"max-snippet:-1","max-image-preview":"max-image-preview:large","max-video-preview":"max-video-preview:-1"},"canonical":"https:\/\/muzeumfabrykinorblina.pl\/?p=6152","og_locale":"pl_PL","og_type":"article","og_title":"Jedna historia, trzy muzea. Konferencja dla nauczycieli w Fabryce Norblina | Muzeum Fabryki Norblina","og_description":"Warszawa ma wiele twarzy \u2013 eleganck\u0105 i kr\u00f3lewsk\u0105, ale te\u017c przemys\u0142ow\u0105, pe\u0142n\u0105 warsztat\u00f3w, tor\u00f3w i fabryk.","og_url":"https:\/\/muzeumfabrykinorblina.pl\/?p=6152","og_site_name":"Muzeum Fabryki Norblina","article_publisher":"https:\/\/www.facebook.com\/MuzeumFabrykiNorblina","article_published_time":"2025-10-16T07:12:32+00:00","article_modified_time":"2025-10-16T08:14:20+00:00","og_image":[{"width":1080,"height":1080,"url":"https:\/\/muzeumfabrykinorblina.pl\/wp-content\/uploads\/2025\/10\/MFN_Historia-1.jpg","type":"image\/jpeg"}],"author":"Agata Ilnicka","twitter_card":"summary_large_image","twitter_misc":{"Napisane przez":"Agata Ilnicka","Szacowany czas czytania":"2 minuty"},"schema":{"@context":"https:\/\/schema.org","@graph":[{"@type":"Article","@id":"https:\/\/muzeumfabrykinorblina.pl\/?p=6152#article","isPartOf":{"@id":"https:\/\/muzeumfabrykinorblina.pl\/?p=6152"},"author":{"name":"Agata Ilnicka","@id":"https:\/\/muzeumfabrykinorblina.pl\/#\/schema\/person\/4f1632ef79031887e0e24c4ea9d3472e"},"headline":"Jedna historia, trzy muzea. Konferencja dla nauczycieli w Fabryce Norblina","datePublished":"2025-10-16T07:12:32+00:00","dateModified":"2025-10-16T08:14:20+00:00","mainEntityOfPage":{"@id":"https:\/\/muzeumfabrykinorblina.pl\/?p=6152"},"wordCount":237,"publisher":{"@id":"https:\/\/muzeumfabrykinorblina.pl\/#organization"},"image":{"@id":"https:\/\/muzeumfabrykinorblina.pl\/?p=6152#primaryimage"},"thumbnailUrl":"https:\/\/muzeumfabrykinorblina.pl\/wp-content\/uploads\/2025\/10\/MFN_Historia-1.jpg","articleSection":["Aktualno\u015bci"],"inLanguage":"pl-PL"},{"@type":"WebPage","@id":"https:\/\/muzeumfabrykinorblina.pl\/?p=6152","url":"https:\/\/muzeumfabrykinorblina.pl\/?p=6152","name":"Jedna historia, trzy muzea. Konferencja dla nauczycieli w Fabryce Norblina | Muzeum Fabryki Norblina","isPartOf":{"@id":"https:\/\/muzeumfabrykinorblina.pl\/#website"},"primaryImageOfPage":{"@id":"https:\/\/muzeumfabrykinorblina.pl\/?p=6152#primaryimage"},"image":{"@id":"https:\/\/muzeumfabrykinorblina.pl\/?p=6152#primaryimage"},"thumbnailUrl":"https:\/\/muzeumfabrykinorblina.pl\/wp-content\/uploads\/2025\/10\/MFN_Historia-1.jpg","datePublished":"2025-10-16T07:12:32+00:00","dateModified":"2025-10-16T08:14:20+00:00","description":"Warszawa ma wiele twarzy \u2013 eleganck\u0105 i kr\u00f3lewsk\u0105, ale te\u017c przemys\u0142ow\u0105, pe\u0142n\u0105 warsztat\u00f3w, tor\u00f3w i fabryk.","breadcrumb":{"@id":"https:\/\/muzeumfabrykinorblina.pl\/?p=6152#breadcrumb"},"inLanguage":"pl-PL","potentialAction":[{"@type":"ReadAction","target":["https:\/\/muzeumfabrykinorblina.pl\/?p=6152"]}]},{"@type":"ImageObject","inLanguage":"pl-PL","@id":"https:\/\/muzeumfabrykinorblina.pl\/?p=6152#primaryimage","url":"https:\/\/muzeumfabrykinorblina.pl\/wp-content\/uploads\/2025\/10\/MFN_Historia-1.jpg","contentUrl":"https:\/\/muzeumfabrykinorblina.pl\/wp-content\/uploads\/2025\/10\/MFN_Historia-1.jpg","width":1080,"height":1080},{"@type":"BreadcrumbList","@id":"https:\/\/muzeumfabrykinorblina.pl\/?p=6152#breadcrumb","itemListElement":[{"@type":"ListItem","position":1,"name":"Strona g\u0142\u00f3wna","item":"https:\/\/muzeumfabrykinorblina.pl\/"},{"@type":"ListItem","position":2,"name":"Jedna historia, trzy muzea. Konferencja dla nauczycieli w Fabryce Norblina"}]},{"@type":"WebSite","@id":"https:\/\/muzeumfabrykinorblina.pl\/#website","url":"https:\/\/muzeumfabrykinorblina.pl\/","name":"Muzeum Fabryki Norblina","description":"Fabryka Norblina","publisher":{"@id":"https:\/\/muzeumfabrykinorblina.pl\/#organization"},"potentialAction":[{"@type":"SearchAction","target":{"@type":"EntryPoint","urlTemplate":"https:\/\/muzeumfabrykinorblina.pl\/?s={search_term_string}"},"query-input":{"@type":"PropertyValueSpecification","valueRequired":true,"valueName":"search_term_string"}}],"inLanguage":"pl-PL"},{"@type":"Organization","@id":"https:\/\/muzeumfabrykinorblina.pl\/#organization","name":"Muzeum Fabryki Norblina","url":"https:\/\/muzeumfabrykinorblina.pl\/","logo":{"@type":"ImageObject","inLanguage":"pl-PL","@id":"https:\/\/muzeumfabrykinorblina.pl\/#\/schema\/logo\/image\/","url":"https:\/\/muzeumfabrykinorblina.pl\/wp-content\/uploads\/2023\/11\/MFN_Featured-image_1200x675.jpg","contentUrl":"https:\/\/muzeumfabrykinorblina.pl\/wp-content\/uploads\/2023\/11\/MFN_Featured-image_1200x675.jpg","width":1200,"height":675,"caption":"Muzeum Fabryki Norblina"},"image":{"@id":"https:\/\/muzeumfabrykinorblina.pl\/#\/schema\/logo\/image\/"},"sameAs":["https:\/\/www.facebook.com\/MuzeumFabrykiNorblina","https:\/\/www.instagram.com\/muzeumfabrykinorblina\/"]},{"@type":"Person","@id":"https:\/\/muzeumfabrykinorblina.pl\/#\/schema\/person\/4f1632ef79031887e0e24c4ea9d3472e","name":"Agata Ilnicka","image":{"@type":"ImageObject","inLanguage":"pl-PL","@id":"https:\/\/secure.gravatar.com\/avatar\/0c850e3cc969e3bec61971337ea044add4e3b6da745c50448fbab5c86b0b85d9?s=96&d=mm&r=g","url":"https:\/\/secure.gravatar.com\/avatar\/0c850e3cc969e3bec61971337ea044add4e3b6da745c50448fbab5c86b0b85d9?s=96&d=mm&r=g","contentUrl":"https:\/\/secure.gravatar.com\/avatar\/0c850e3cc969e3bec61971337ea044add4e3b6da745c50448fbab5c86b0b85d9?s=96&d=mm&r=g","caption":"Agata Ilnicka"},"url":"https:\/\/muzeumfabrykinorblina.pl\/?author=9"}]}},"lang":"pl","translations":{"pl":6152},"builder_content":"","pll_sync_post":{},"_links":{"self":[{"href":"https:\/\/muzeumfabrykinorblina.pl\/index.php?rest_route=\/wp\/v2\/posts\/6152","targetHints":{"allow":["GET"]}}],"collection":[{"href":"https:\/\/muzeumfabrykinorblina.pl\/index.php?rest_route=\/wp\/v2\/posts"}],"about":[{"href":"https:\/\/muzeumfabrykinorblina.pl\/index.php?rest_route=\/wp\/v2\/types\/post"}],"author":[{"embeddable":true,"href":"https:\/\/muzeumfabrykinorblina.pl\/index.php?rest_route=\/wp\/v2\/users\/9"}],"replies":[{"embeddable":true,"href":"https:\/\/muzeumfabrykinorblina.pl\/index.php?rest_route=%2Fwp%2Fv2%2Fcomments&post=6152"}],"version-history":[{"count":2,"href":"https:\/\/muzeumfabrykinorblina.pl\/index.php?rest_route=\/wp\/v2\/posts\/6152\/revisions"}],"predecessor-version":[{"id":6156,"href":"https:\/\/muzeumfabrykinorblina.pl\/index.php?rest_route=\/wp\/v2\/posts\/6152\/revisions\/6156"}],"wp:featuredmedia":[{"embeddable":true,"href":"https:\/\/muzeumfabrykinorblina.pl\/index.php?rest_route=\/wp\/v2\/media\/6155"}],"wp:attachment":[{"href":"https:\/\/muzeumfabrykinorblina.pl\/index.php?rest_route=%2Fwp%2Fv2%2Fmedia&parent=6152"}],"wp:term":[{"taxonomy":"category","embeddable":true,"href":"https:\/\/muzeumfabrykinorblina.pl\/index.php?rest_route=%2Fwp%2Fv2%2Fcategories&post=6152"},{"taxonomy":"post_tag","embeddable":true,"href":"https:\/\/muzeumfabrykinorblina.pl\/index.php?rest_route=%2Fwp%2Fv2%2Ftags&post=6152"}],"curies":[{"name":"wp","href":"https:\/\/api.w.org\/{rel}","templated":true}]}}