{"id":6050,"date":"2025-09-12T10:28:40","date_gmt":"2025-09-12T08:28:40","guid":{"rendered":"https:\/\/muzeumfabrykinorblina.pl\/?p=6050"},"modified":"2025-09-12T10:34:19","modified_gmt":"2025-09-12T08:34:19","slug":"specjalny-weekend-w-muzeumfabrykinorblina","status":"publish","type":"post","link":"https:\/\/muzeumfabrykinorblina.pl\/?p=6050","title":{"rendered":"\u015awi\u0119tujemy 4. urodziny Fabryki Norblina \u2013 specjalny weekend w naszym Muzeum"},"content":{"rendered":"\n<p class=\"wp-block-paragraph\"><strong>Z okazji czwartej rocznicy otwarcia Fabryki Norblina nasze Muzeum przygotowa\u0142o wyj\u0105tkowy program dla ca\u0142ych rodzin. W weekend 20\u201321 wrze\u015bnia czekaj\u0105 na Was kreatywne warsztaty, animacje dla dzieci i bezp\u0142atne oprowadzania po historycznych przestrzeniach kompleksu.<\/strong><\/p>\n\n\n\n<p class=\"wp-block-paragraph\">Fabryka Norblina obchodzi swoje 4. urodziny, a Muzeum Fabryki Norblina zaprasza do wsp\u00f3lnego \u015bwi\u0119towania! To doskona\u0142a okazja, aby pozna\u0107 fascynuj\u0105c\u0105 histori\u0119 miejsca, kt\u00f3re przez ponad 200 lat kszta\u0142towa\u0142o przemys\u0142owe oblicze Warszawy, a dzi\u015b t\u0119tni kultur\u0105 i miejskim \u017cyciem.<\/p>\n\n\n\n<p class=\"wp-block-paragraph\"><strong>Sobota, 20 wrze\u015bnia | godz. 12.00\u201316.00<\/strong><br>W sobot\u0119 na najm\u0142odszych czekaj\u0105 animacje i zabawa w teatrzyk Kamishibai z opowie\u015bci\u0105 <em>\u201ePrzygoda w Fabryce\u201d<\/em>. W ramach warsztat\u00f3w <strong>\u201eZnak Mistrza: t\u0142ocz i puncuj\u201d<\/strong> uczestnicy spr\u00f3buj\u0105 swoich si\u0142 w puncowaniu blaszek, poznaj\u0105 autentyczne punce i ich znaczenie. Dodatkow\u0105 atrakcj\u0105 b\u0119dzie gra terenowa <strong>\u201eZnajd\u017a znak!\u201d<\/strong>, kt\u00f3ra poprowadzi go\u015bci \u015bladami punc.<\/p>\n\n\n\n<p class=\"wp-block-paragraph\"><strong>Niedziela, 21 wrze\u015bnia | godz. 12.00\u201316.00<\/strong><br>W niedziel\u0119 zapraszamy na <strong>darmowe zwiedzanie Muzeum Fabryki Norblina<\/strong>. Co 20 minut z punktu Bilety\/Info (Budynek Plater, poziom 0) startowa\u0107 b\u0119d\u0105 grupy z przewodnikami. Oprowadzanie potrwa oko\u0142o 50 minut i pozwoli odkry\u0107 najciekawsze zak\u0105tki kompleksu oraz us\u0142ysze\u0107 historie, kt\u00f3re ukszta\u0142towa\u0142y to miejsce.<\/p>\n\n\n\n<p class=\"wp-block-paragraph\">\u015awi\u0119tuj\u0105c rocznic\u0119 kompleksu, chcemy podzi\u0119kowa\u0107 wszystkim go\u015bciom i sympatykom Fabryki Norblina. Do\u0142\u0105czcie do nas w ten wyj\u0105tkowy weekend, czeka na Was historia w ciekawym wydaniu, dobra zabawa i atrakcje dla ma\u0142ych i du\u017cych.<\/p>\n\n\n<!-- wp:themify-builder\/canvas \/-->","protected":false},"excerpt":{"rendered":"<p>Z okazji czwartej rocznicy otwarcia Fabryki Norblina nasze Muzeum przygotowa\u0142o wyj\u0105tkowy program dla ca\u0142ych rodzin. W weekend 20\u201321 wrze\u015bnia czekaj\u0105 na Was kreatywne warsztaty, animacje dla dzieci i bezp\u0142atne oprowadzania po historycznych przestrzeniach kompleksu. Fabryka Norblina obchodzi swoje 4. urodziny, a Muzeum Fabryki Norblina zaprasza do wsp\u00f3lnego \u015bwi\u0119towania! To doskona\u0142a okazja, aby pozna\u0107 fascynuj\u0105c\u0105 histori\u0119 [&hellip;]<\/p>\n","protected":false},"author":9,"featured_media":6053,"comment_status":"closed","ping_status":"closed","sticky":false,"template":"","format":"standard","meta":{"_acf_changed":false,"_monsterinsights_skip_tracking":false,"footnotes":""},"categories":[29],"tags":[],"class_list":["post-6050","post","type-post","status-publish","format-standard","has-post-thumbnail","hentry","category-aktualnosci","has-post-title","has-post-date","has-post-category","has-post-tag","has-post-comment","has-post-author",""],"acf":[],"yoast_head":"<!-- This site is optimized with the Yoast SEO plugin v28.2 - https:\/\/yoast.com\/product\/yoast-seo-wordpress\/ -->\n<title>\u015awi\u0119tujemy 4. urodziny Fabryki Norblina \u2013 specjalny weekend w naszym Muzeum | Muzeum Fabryki Norblina<\/title>\n<meta name=\"robots\" content=\"index, follow, max-snippet:-1, max-image-preview:large, max-video-preview:-1\" \/>\n<link rel=\"canonical\" href=\"https:\/\/muzeumfabrykinorblina.pl\/?p=6050\" \/>\n<meta property=\"og:locale\" content=\"pl_PL\" \/>\n<meta property=\"og:type\" content=\"article\" \/>\n<meta property=\"og:title\" content=\"\u015awi\u0119tujemy 4. urodziny Fabryki Norblina \u2013 specjalny weekend w naszym Muzeum | Muzeum Fabryki Norblina\" \/>\n<meta property=\"og:description\" content=\"Z okazji czwartej rocznicy otwarcia Fabryki Norblina nasze Muzeum przygotowa\u0142o wyj\u0105tkowy program dla ca\u0142ych rodzin. W weekend 20\u201321 wrze\u015bnia czekaj\u0105 na Was kreatywne warsztaty, animacje dla dzieci i bezp\u0142atne oprowadzania po historycznych przestrzeniach kompleksu. Fabryka Norblina obchodzi swoje 4. urodziny, a Muzeum Fabryki Norblina zaprasza do wsp\u00f3lnego \u015bwi\u0119towania! To doskona\u0142a okazja, aby pozna\u0107 fascynuj\u0105c\u0105 histori\u0119 [&hellip;]\" \/>\n<meta property=\"og:url\" content=\"https:\/\/muzeumfabrykinorblina.pl\/?p=6050\" \/>\n<meta property=\"og:site_name\" content=\"Muzeum Fabryki Norblina\" \/>\n<meta property=\"article:publisher\" content=\"https:\/\/www.facebook.com\/MuzeumFabrykiNorblina\" \/>\n<meta property=\"article:published_time\" content=\"2025-09-12T08:28:40+00:00\" \/>\n<meta property=\"article:modified_time\" content=\"2025-09-12T08:34:19+00:00\" \/>\n<meta property=\"og:image\" content=\"https:\/\/muzeumfabrykinorblina.pl\/wp-content\/uploads\/2025\/09\/MFN_Aktualnosci-1.jpg\" \/>\n\t<meta property=\"og:image:width\" content=\"1080\" \/>\n\t<meta property=\"og:image:height\" content=\"1080\" \/>\n\t<meta property=\"og:image:type\" content=\"image\/jpeg\" \/>\n<meta name=\"author\" content=\"Agata Ilnicka\" \/>\n<meta name=\"twitter:card\" content=\"summary_large_image\" \/>\n<meta name=\"twitter:label1\" content=\"Napisane przez\" \/>\n\t<meta name=\"twitter:data1\" content=\"Agata Ilnicka\" \/>\n\t<meta name=\"twitter:label2\" content=\"Szacowany czas czytania\" \/>\n\t<meta name=\"twitter:data2\" content=\"2 minuty\" \/>\n<script type=\"application\/ld+json\" class=\"yoast-schema-graph\">{\"@context\":\"https:\\\/\\\/schema.org\",\"@graph\":[{\"@type\":\"Article\",\"@id\":\"https:\\\/\\\/muzeumfabrykinorblina.pl\\\/?p=6050#article\",\"isPartOf\":{\"@id\":\"https:\\\/\\\/muzeumfabrykinorblina.pl\\\/?p=6050\"},\"author\":{\"name\":\"Agata Ilnicka\",\"@id\":\"https:\\\/\\\/muzeumfabrykinorblina.pl\\\/#\\\/schema\\\/person\\\/4f1632ef79031887e0e24c4ea9d3472e\"},\"headline\":\"\u015awi\u0119tujemy 4. urodziny Fabryki Norblina \u2013 specjalny weekend w naszym Muzeum\",\"datePublished\":\"2025-09-12T08:28:40+00:00\",\"dateModified\":\"2025-09-12T08:34:19+00:00\",\"mainEntityOfPage\":{\"@id\":\"https:\\\/\\\/muzeumfabrykinorblina.pl\\\/?p=6050\"},\"wordCount\":246,\"publisher\":{\"@id\":\"https:\\\/\\\/muzeumfabrykinorblina.pl\\\/#organization\"},\"image\":{\"@id\":\"https:\\\/\\\/muzeumfabrykinorblina.pl\\\/?p=6050#primaryimage\"},\"thumbnailUrl\":\"https:\\\/\\\/muzeumfabrykinorblina.pl\\\/wp-content\\\/uploads\\\/2025\\\/09\\\/MFN_Aktualnosci-1.jpg\",\"articleSection\":[\"Aktualno\u015bci\"],\"inLanguage\":\"pl-PL\"},{\"@type\":\"WebPage\",\"@id\":\"https:\\\/\\\/muzeumfabrykinorblina.pl\\\/?p=6050\",\"url\":\"https:\\\/\\\/muzeumfabrykinorblina.pl\\\/?p=6050\",\"name\":\"\u015awi\u0119tujemy 4. urodziny Fabryki Norblina \u2013 specjalny weekend w naszym Muzeum | Muzeum Fabryki Norblina\",\"isPartOf\":{\"@id\":\"https:\\\/\\\/muzeumfabrykinorblina.pl\\\/#website\"},\"primaryImageOfPage\":{\"@id\":\"https:\\\/\\\/muzeumfabrykinorblina.pl\\\/?p=6050#primaryimage\"},\"image\":{\"@id\":\"https:\\\/\\\/muzeumfabrykinorblina.pl\\\/?p=6050#primaryimage\"},\"thumbnailUrl\":\"https:\\\/\\\/muzeumfabrykinorblina.pl\\\/wp-content\\\/uploads\\\/2025\\\/09\\\/MFN_Aktualnosci-1.jpg\",\"datePublished\":\"2025-09-12T08:28:40+00:00\",\"dateModified\":\"2025-09-12T08:34:19+00:00\",\"breadcrumb\":{\"@id\":\"https:\\\/\\\/muzeumfabrykinorblina.pl\\\/?p=6050#breadcrumb\"},\"inLanguage\":\"pl-PL\",\"potentialAction\":[{\"@type\":\"ReadAction\",\"target\":[\"https:\\\/\\\/muzeumfabrykinorblina.pl\\\/?p=6050\"]}]},{\"@type\":\"ImageObject\",\"inLanguage\":\"pl-PL\",\"@id\":\"https:\\\/\\\/muzeumfabrykinorblina.pl\\\/?p=6050#primaryimage\",\"url\":\"https:\\\/\\\/muzeumfabrykinorblina.pl\\\/wp-content\\\/uploads\\\/2025\\\/09\\\/MFN_Aktualnosci-1.jpg\",\"contentUrl\":\"https:\\\/\\\/muzeumfabrykinorblina.pl\\\/wp-content\\\/uploads\\\/2025\\\/09\\\/MFN_Aktualnosci-1.jpg\",\"width\":1080,\"height\":1080},{\"@type\":\"BreadcrumbList\",\"@id\":\"https:\\\/\\\/muzeumfabrykinorblina.pl\\\/?p=6050#breadcrumb\",\"itemListElement\":[{\"@type\":\"ListItem\",\"position\":1,\"name\":\"Strona g\u0142\u00f3wna\",\"item\":\"https:\\\/\\\/muzeumfabrykinorblina.pl\\\/\"},{\"@type\":\"ListItem\",\"position\":2,\"name\":\"\u015awi\u0119tujemy 4. urodziny Fabryki Norblina \u2013 specjalny weekend w naszym Muzeum\"}]},{\"@type\":\"WebSite\",\"@id\":\"https:\\\/\\\/muzeumfabrykinorblina.pl\\\/#website\",\"url\":\"https:\\\/\\\/muzeumfabrykinorblina.pl\\\/\",\"name\":\"Muzeum Fabryki Norblina\",\"description\":\"Fabryka Norblina\",\"publisher\":{\"@id\":\"https:\\\/\\\/muzeumfabrykinorblina.pl\\\/#organization\"},\"potentialAction\":[{\"@type\":\"SearchAction\",\"target\":{\"@type\":\"EntryPoint\",\"urlTemplate\":\"https:\\\/\\\/muzeumfabrykinorblina.pl\\\/?s={search_term_string}\"},\"query-input\":{\"@type\":\"PropertyValueSpecification\",\"valueRequired\":true,\"valueName\":\"search_term_string\"}}],\"inLanguage\":\"pl-PL\"},{\"@type\":\"Organization\",\"@id\":\"https:\\\/\\\/muzeumfabrykinorblina.pl\\\/#organization\",\"name\":\"Muzeum Fabryki Norblina\",\"url\":\"https:\\\/\\\/muzeumfabrykinorblina.pl\\\/\",\"logo\":{\"@type\":\"ImageObject\",\"inLanguage\":\"pl-PL\",\"@id\":\"https:\\\/\\\/muzeumfabrykinorblina.pl\\\/#\\\/schema\\\/logo\\\/image\\\/\",\"url\":\"https:\\\/\\\/muzeumfabrykinorblina.pl\\\/wp-content\\\/uploads\\\/2023\\\/11\\\/MFN_Featured-image_1200x675.jpg\",\"contentUrl\":\"https:\\\/\\\/muzeumfabrykinorblina.pl\\\/wp-content\\\/uploads\\\/2023\\\/11\\\/MFN_Featured-image_1200x675.jpg\",\"width\":1200,\"height\":675,\"caption\":\"Muzeum Fabryki Norblina\"},\"image\":{\"@id\":\"https:\\\/\\\/muzeumfabrykinorblina.pl\\\/#\\\/schema\\\/logo\\\/image\\\/\"},\"sameAs\":[\"https:\\\/\\\/www.facebook.com\\\/MuzeumFabrykiNorblina\",\"https:\\\/\\\/www.instagram.com\\\/muzeumfabrykinorblina\\\/\"]},{\"@type\":\"Person\",\"@id\":\"https:\\\/\\\/muzeumfabrykinorblina.pl\\\/#\\\/schema\\\/person\\\/4f1632ef79031887e0e24c4ea9d3472e\",\"name\":\"Agata Ilnicka\",\"image\":{\"@type\":\"ImageObject\",\"inLanguage\":\"pl-PL\",\"@id\":\"https:\\\/\\\/secure.gravatar.com\\\/avatar\\\/0c850e3cc969e3bec61971337ea044add4e3b6da745c50448fbab5c86b0b85d9?s=96&d=mm&r=g\",\"url\":\"https:\\\/\\\/secure.gravatar.com\\\/avatar\\\/0c850e3cc969e3bec61971337ea044add4e3b6da745c50448fbab5c86b0b85d9?s=96&d=mm&r=g\",\"contentUrl\":\"https:\\\/\\\/secure.gravatar.com\\\/avatar\\\/0c850e3cc969e3bec61971337ea044add4e3b6da745c50448fbab5c86b0b85d9?s=96&d=mm&r=g\",\"caption\":\"Agata Ilnicka\"},\"url\":\"https:\\\/\\\/muzeumfabrykinorblina.pl\\\/?author=9\"}]}<\/script>\n<!-- \/ Yoast SEO plugin. -->","yoast_head_json":{"title":"\u015awi\u0119tujemy 4. urodziny Fabryki Norblina \u2013 specjalny weekend w naszym Muzeum | Muzeum Fabryki Norblina","robots":{"index":"index","follow":"follow","max-snippet":"max-snippet:-1","max-image-preview":"max-image-preview:large","max-video-preview":"max-video-preview:-1"},"canonical":"https:\/\/muzeumfabrykinorblina.pl\/?p=6050","og_locale":"pl_PL","og_type":"article","og_title":"\u015awi\u0119tujemy 4. urodziny Fabryki Norblina \u2013 specjalny weekend w naszym Muzeum | Muzeum Fabryki Norblina","og_description":"Z okazji czwartej rocznicy otwarcia Fabryki Norblina nasze Muzeum przygotowa\u0142o wyj\u0105tkowy program dla ca\u0142ych rodzin. W weekend 20\u201321 wrze\u015bnia czekaj\u0105 na Was kreatywne warsztaty, animacje dla dzieci i bezp\u0142atne oprowadzania po historycznych przestrzeniach kompleksu. Fabryka Norblina obchodzi swoje 4. urodziny, a Muzeum Fabryki Norblina zaprasza do wsp\u00f3lnego \u015bwi\u0119towania! To doskona\u0142a okazja, aby pozna\u0107 fascynuj\u0105c\u0105 histori\u0119 [&hellip;]","og_url":"https:\/\/muzeumfabrykinorblina.pl\/?p=6050","og_site_name":"Muzeum Fabryki Norblina","article_publisher":"https:\/\/www.facebook.com\/MuzeumFabrykiNorblina","article_published_time":"2025-09-12T08:28:40+00:00","article_modified_time":"2025-09-12T08:34:19+00:00","og_image":[{"width":1080,"height":1080,"url":"https:\/\/muzeumfabrykinorblina.pl\/wp-content\/uploads\/2025\/09\/MFN_Aktualnosci-1.jpg","type":"image\/jpeg"}],"author":"Agata Ilnicka","twitter_card":"summary_large_image","twitter_misc":{"Napisane przez":"Agata Ilnicka","Szacowany czas czytania":"2 minuty"},"schema":{"@context":"https:\/\/schema.org","@graph":[{"@type":"Article","@id":"https:\/\/muzeumfabrykinorblina.pl\/?p=6050#article","isPartOf":{"@id":"https:\/\/muzeumfabrykinorblina.pl\/?p=6050"},"author":{"name":"Agata Ilnicka","@id":"https:\/\/muzeumfabrykinorblina.pl\/#\/schema\/person\/4f1632ef79031887e0e24c4ea9d3472e"},"headline":"\u015awi\u0119tujemy 4. urodziny Fabryki Norblina \u2013 specjalny weekend w naszym Muzeum","datePublished":"2025-09-12T08:28:40+00:00","dateModified":"2025-09-12T08:34:19+00:00","mainEntityOfPage":{"@id":"https:\/\/muzeumfabrykinorblina.pl\/?p=6050"},"wordCount":246,"publisher":{"@id":"https:\/\/muzeumfabrykinorblina.pl\/#organization"},"image":{"@id":"https:\/\/muzeumfabrykinorblina.pl\/?p=6050#primaryimage"},"thumbnailUrl":"https:\/\/muzeumfabrykinorblina.pl\/wp-content\/uploads\/2025\/09\/MFN_Aktualnosci-1.jpg","articleSection":["Aktualno\u015bci"],"inLanguage":"pl-PL"},{"@type":"WebPage","@id":"https:\/\/muzeumfabrykinorblina.pl\/?p=6050","url":"https:\/\/muzeumfabrykinorblina.pl\/?p=6050","name":"\u015awi\u0119tujemy 4. urodziny Fabryki Norblina \u2013 specjalny weekend w naszym Muzeum | Muzeum Fabryki Norblina","isPartOf":{"@id":"https:\/\/muzeumfabrykinorblina.pl\/#website"},"primaryImageOfPage":{"@id":"https:\/\/muzeumfabrykinorblina.pl\/?p=6050#primaryimage"},"image":{"@id":"https:\/\/muzeumfabrykinorblina.pl\/?p=6050#primaryimage"},"thumbnailUrl":"https:\/\/muzeumfabrykinorblina.pl\/wp-content\/uploads\/2025\/09\/MFN_Aktualnosci-1.jpg","datePublished":"2025-09-12T08:28:40+00:00","dateModified":"2025-09-12T08:34:19+00:00","breadcrumb":{"@id":"https:\/\/muzeumfabrykinorblina.pl\/?p=6050#breadcrumb"},"inLanguage":"pl-PL","potentialAction":[{"@type":"ReadAction","target":["https:\/\/muzeumfabrykinorblina.pl\/?p=6050"]}]},{"@type":"ImageObject","inLanguage":"pl-PL","@id":"https:\/\/muzeumfabrykinorblina.pl\/?p=6050#primaryimage","url":"https:\/\/muzeumfabrykinorblina.pl\/wp-content\/uploads\/2025\/09\/MFN_Aktualnosci-1.jpg","contentUrl":"https:\/\/muzeumfabrykinorblina.pl\/wp-content\/uploads\/2025\/09\/MFN_Aktualnosci-1.jpg","width":1080,"height":1080},{"@type":"BreadcrumbList","@id":"https:\/\/muzeumfabrykinorblina.pl\/?p=6050#breadcrumb","itemListElement":[{"@type":"ListItem","position":1,"name":"Strona g\u0142\u00f3wna","item":"https:\/\/muzeumfabrykinorblina.pl\/"},{"@type":"ListItem","position":2,"name":"\u015awi\u0119tujemy 4. urodziny Fabryki Norblina \u2013 specjalny weekend w naszym Muzeum"}]},{"@type":"WebSite","@id":"https:\/\/muzeumfabrykinorblina.pl\/#website","url":"https:\/\/muzeumfabrykinorblina.pl\/","name":"Muzeum Fabryki Norblina","description":"Fabryka Norblina","publisher":{"@id":"https:\/\/muzeumfabrykinorblina.pl\/#organization"},"potentialAction":[{"@type":"SearchAction","target":{"@type":"EntryPoint","urlTemplate":"https:\/\/muzeumfabrykinorblina.pl\/?s={search_term_string}"},"query-input":{"@type":"PropertyValueSpecification","valueRequired":true,"valueName":"search_term_string"}}],"inLanguage":"pl-PL"},{"@type":"Organization","@id":"https:\/\/muzeumfabrykinorblina.pl\/#organization","name":"Muzeum Fabryki Norblina","url":"https:\/\/muzeumfabrykinorblina.pl\/","logo":{"@type":"ImageObject","inLanguage":"pl-PL","@id":"https:\/\/muzeumfabrykinorblina.pl\/#\/schema\/logo\/image\/","url":"https:\/\/muzeumfabrykinorblina.pl\/wp-content\/uploads\/2023\/11\/MFN_Featured-image_1200x675.jpg","contentUrl":"https:\/\/muzeumfabrykinorblina.pl\/wp-content\/uploads\/2023\/11\/MFN_Featured-image_1200x675.jpg","width":1200,"height":675,"caption":"Muzeum Fabryki Norblina"},"image":{"@id":"https:\/\/muzeumfabrykinorblina.pl\/#\/schema\/logo\/image\/"},"sameAs":["https:\/\/www.facebook.com\/MuzeumFabrykiNorblina","https:\/\/www.instagram.com\/muzeumfabrykinorblina\/"]},{"@type":"Person","@id":"https:\/\/muzeumfabrykinorblina.pl\/#\/schema\/person\/4f1632ef79031887e0e24c4ea9d3472e","name":"Agata Ilnicka","image":{"@type":"ImageObject","inLanguage":"pl-PL","@id":"https:\/\/secure.gravatar.com\/avatar\/0c850e3cc969e3bec61971337ea044add4e3b6da745c50448fbab5c86b0b85d9?s=96&d=mm&r=g","url":"https:\/\/secure.gravatar.com\/avatar\/0c850e3cc969e3bec61971337ea044add4e3b6da745c50448fbab5c86b0b85d9?s=96&d=mm&r=g","contentUrl":"https:\/\/secure.gravatar.com\/avatar\/0c850e3cc969e3bec61971337ea044add4e3b6da745c50448fbab5c86b0b85d9?s=96&d=mm&r=g","caption":"Agata Ilnicka"},"url":"https:\/\/muzeumfabrykinorblina.pl\/?author=9"}]}},"lang":"pl","translations":{"pl":6050},"builder_content":"","pll_sync_post":{},"_links":{"self":[{"href":"https:\/\/muzeumfabrykinorblina.pl\/index.php?rest_route=\/wp\/v2\/posts\/6050","targetHints":{"allow":["GET"]}}],"collection":[{"href":"https:\/\/muzeumfabrykinorblina.pl\/index.php?rest_route=\/wp\/v2\/posts"}],"about":[{"href":"https:\/\/muzeumfabrykinorblina.pl\/index.php?rest_route=\/wp\/v2\/types\/post"}],"author":[{"embeddable":true,"href":"https:\/\/muzeumfabrykinorblina.pl\/index.php?rest_route=\/wp\/v2\/users\/9"}],"replies":[{"embeddable":true,"href":"https:\/\/muzeumfabrykinorblina.pl\/index.php?rest_route=%2Fwp%2Fv2%2Fcomments&post=6050"}],"version-history":[{"count":2,"href":"https:\/\/muzeumfabrykinorblina.pl\/index.php?rest_route=\/wp\/v2\/posts\/6050\/revisions"}],"predecessor-version":[{"id":6054,"href":"https:\/\/muzeumfabrykinorblina.pl\/index.php?rest_route=\/wp\/v2\/posts\/6050\/revisions\/6054"}],"wp:featuredmedia":[{"embeddable":true,"href":"https:\/\/muzeumfabrykinorblina.pl\/index.php?rest_route=\/wp\/v2\/media\/6053"}],"wp:attachment":[{"href":"https:\/\/muzeumfabrykinorblina.pl\/index.php?rest_route=%2Fwp%2Fv2%2Fmedia&parent=6050"}],"wp:term":[{"taxonomy":"category","embeddable":true,"href":"https:\/\/muzeumfabrykinorblina.pl\/index.php?rest_route=%2Fwp%2Fv2%2Fcategories&post=6050"},{"taxonomy":"post_tag","embeddable":true,"href":"https:\/\/muzeumfabrykinorblina.pl\/index.php?rest_route=%2Fwp%2Fv2%2Ftags&post=6050"}],"curies":[{"name":"wp","href":"https:\/\/api.w.org\/{rel}","templated":true}]}}