{"id":6013,"date":"2025-09-02T11:17:43","date_gmt":"2025-09-02T09:17:43","guid":{"rendered":"https:\/\/muzeumfabrykinorblina.pl\/?p=6013"},"modified":"2025-09-02T11:18:58","modified_gmt":"2025-09-02T09:18:58","slug":"wrzesien-w-muzeum-fabrykinorblina","status":"publish","type":"post","link":"https:\/\/muzeumfabrykinorblina.pl\/?p=6013","title":{"rendered":"Wrzesie\u0144 w Muzeum Fabryki Norblina \u2013 dodatkowe terminy zwiedzania"},"content":{"rendered":"\n<p class=\"wp-block-paragraph\"><strong>We wrze\u015bniu Muzeum Fabryki Norblina zaprasza na kolejne spotkania z histori\u0105 przemys\u0142owej Woli i jednego z najwa\u017cniejszych zak\u0142ad\u00f3w metalurgicznych XIX i XX wieku. Dzi\u0119ki dodatkowym terminom zwiedzania b\u0119dzie mo\u017cna jeszcze szerzej pozna\u0107 dzieje miejsca, kt\u00f3re przez ponad 200 lat odgrywa\u0142o istotn\u0105 rol\u0119 w rozwoju Warszawy.<\/strong><\/p>\n\n\n\n<p class=\"wp-block-paragraph\">Trasa \u201e<strong>Fabryka Norblina w pigu\u0142ce<\/strong>\u201d stanowi syntetyczne uj\u0119cie czterech g\u0142\u00f3wnych \u015bcie\u017cek tematycznych muzeum:<\/p>\n\n\n\n<ul class=\"wp-block-list\">\n<li><strong>Budynki i Architektura<\/strong>\u00a0\u2013 zabytkowe hale, detale konstrukcyjne oraz relikt XVIII-wiecznej willi Franciszka Ryxa, kr\u00f3lewskiego kamerdynera,<\/li>\n\n\n\n<li><strong>Maszyny i Urz\u0105dzenia<\/strong>\u00a0\u2013 w tym monumentalny hydrauliczny akumulator wyr\u00f3wnawczy, unikat zachowany w skali europejskiej,<\/li>\n\n\n\n<li><strong>Wyroby<\/strong>\u00a0\u2013 kolekcja plater\u00f3w i innych przedmiot\u00f3w codziennego u\u017cytku, kt\u00f3re przez dekady go\u015bci\u0142y w polskich domach,<\/li>\n\n\n\n<li><strong>Ludzie<\/strong>\u00a0\u2013 opowie\u015b\u0107 o rodzinach Werner\u00f3w i Norblin\u00f3w oraz o robotnikach, kt\u00f3rzy tworzyli pot\u0119g\u0119 warszawskiego przemys\u0142u.<\/li>\n<\/ul>\n\n\n\n<p class=\"wp-block-paragraph\">Zwiedzanie pozwala w skondensowanej formie prze\u015bledzi\u0107 przemiany tego terenu: od pierwszych warsztat\u00f3w metalowych, poprzez okres dynamicznej industrializacji, po czasy powojenne i wsp\u00f3\u0142czesn\u0105 rewitalizacj\u0119, kt\u00f3ra przekszta\u0142ci\u0142a fabryk\u0119 w t\u0119tni\u0105ce \u017cyciem centrum kultury, gastronomii i rozrywki.<\/p>\n\n\n\n<p class=\"wp-block-paragraph\">Terminy wrze\u015bniowych oprowadza\u0144 dost\u0119pne s\u0105 tutaj:\u00a0<a href=\"https:\/\/muzeumfabrykinorblina.pl\/kup-bilety\"><strong>muzeumfabrykinorblina.pl\/kup-bilety<\/strong><\/a><\/p>\n\n\n\n<p class=\"wp-block-paragraph\">Muzeum Fabryki Norblina to przestrze\u0144, w kt\u00f3rej przesz\u0142o\u015b\u0107 i tera\u017aniejszo\u015b\u0107 tworz\u0105 wsp\u00f3ln\u0105 opowie\u015b\u0107 o mie\u015bcie. Zapraszamy do jej poznania!<\/p>\n\n\n<!-- wp:themify-builder\/canvas \/-->","protected":false},"excerpt":{"rendered":"<p>We wrze\u015bniu Muzeum Fabryki Norblina zaprasza na kolejne spotkania z histori\u0105 przemys\u0142owej Woli i jednego z najwa\u017cniejszych zak\u0142ad\u00f3w metalurgicznych XIX i XX wieku. Dzi\u0119ki dodatkowym terminom zwiedzania b\u0119dzie mo\u017cna jeszcze szerzej pozna\u0107 dzieje miejsca, kt\u00f3re przez ponad 200 lat odgrywa\u0142o istotn\u0105 rol\u0119 w rozwoju Warszawy. Trasa \u201eFabryka Norblina w pigu\u0142ce\u201d stanowi syntetyczne uj\u0119cie czterech g\u0142\u00f3wnych [&hellip;]<\/p>\n","protected":false},"author":9,"featured_media":6014,"comment_status":"closed","ping_status":"closed","sticky":false,"template":"","format":"standard","meta":{"_acf_changed":false,"_monsterinsights_skip_tracking":false,"footnotes":""},"categories":[29],"tags":[],"class_list":["post-6013","post","type-post","status-publish","format-standard","has-post-thumbnail","hentry","category-aktualnosci","has-post-title","has-post-date","has-post-category","has-post-tag","has-post-comment","has-post-author",""],"acf":[],"yoast_head":"<!-- This site is optimized with the Yoast SEO plugin v28.2 - https:\/\/yoast.com\/product\/yoast-seo-wordpress\/ -->\n<title>Wrzesie\u0144 w Muzeum Fabryki Norblina \u2013 dodatkowe terminy zwiedzania | Muzeum Fabryki Norblina<\/title>\n<meta name=\"robots\" content=\"index, follow, max-snippet:-1, max-image-preview:large, max-video-preview:-1\" \/>\n<link rel=\"canonical\" href=\"https:\/\/muzeumfabrykinorblina.pl\/?p=6013\" \/>\n<meta property=\"og:locale\" content=\"pl_PL\" \/>\n<meta property=\"og:type\" content=\"article\" \/>\n<meta property=\"og:title\" content=\"Wrzesie\u0144 w Muzeum Fabryki Norblina \u2013 dodatkowe terminy zwiedzania | Muzeum Fabryki Norblina\" \/>\n<meta property=\"og:description\" content=\"We wrze\u015bniu Muzeum Fabryki Norblina zaprasza na kolejne spotkania z histori\u0105 przemys\u0142owej Woli i jednego z najwa\u017cniejszych zak\u0142ad\u00f3w metalurgicznych XIX i XX wieku. Dzi\u0119ki dodatkowym terminom zwiedzania b\u0119dzie mo\u017cna jeszcze szerzej pozna\u0107 dzieje miejsca, kt\u00f3re przez ponad 200 lat odgrywa\u0142o istotn\u0105 rol\u0119 w rozwoju Warszawy. Trasa \u201eFabryka Norblina w pigu\u0142ce\u201d stanowi syntetyczne uj\u0119cie czterech g\u0142\u00f3wnych [&hellip;]\" \/>\n<meta property=\"og:url\" content=\"https:\/\/muzeumfabrykinorblina.pl\/?p=6013\" \/>\n<meta property=\"og:site_name\" content=\"Muzeum Fabryki Norblina\" \/>\n<meta property=\"article:publisher\" content=\"https:\/\/www.facebook.com\/MuzeumFabrykiNorblina\" \/>\n<meta property=\"article:published_time\" content=\"2025-09-02T09:17:43+00:00\" \/>\n<meta property=\"article:modified_time\" content=\"2025-09-02T09:18:58+00:00\" \/>\n<meta property=\"og:image\" content=\"https:\/\/muzeumfabrykinorblina.pl\/wp-content\/uploads\/2025\/09\/MFN_Hero.jpg\" \/>\n\t<meta property=\"og:image:width\" content=\"1080\" \/>\n\t<meta property=\"og:image:height\" content=\"1080\" \/>\n\t<meta property=\"og:image:type\" content=\"image\/jpeg\" \/>\n<meta name=\"author\" content=\"Agata Ilnicka\" \/>\n<meta name=\"twitter:card\" content=\"summary_large_image\" \/>\n<meta name=\"twitter:label1\" content=\"Napisane przez\" \/>\n\t<meta name=\"twitter:data1\" content=\"Agata Ilnicka\" \/>\n\t<meta name=\"twitter:label2\" content=\"Szacowany czas czytania\" \/>\n\t<meta name=\"twitter:data2\" content=\"2 minuty\" \/>\n<script type=\"application\/ld+json\" class=\"yoast-schema-graph\">{\"@context\":\"https:\\\/\\\/schema.org\",\"@graph\":[{\"@type\":\"Article\",\"@id\":\"https:\\\/\\\/muzeumfabrykinorblina.pl\\\/?p=6013#article\",\"isPartOf\":{\"@id\":\"https:\\\/\\\/muzeumfabrykinorblina.pl\\\/?p=6013\"},\"author\":{\"name\":\"Agata Ilnicka\",\"@id\":\"https:\\\/\\\/muzeumfabrykinorblina.pl\\\/#\\\/schema\\\/person\\\/4f1632ef79031887e0e24c4ea9d3472e\"},\"headline\":\"Wrzesie\u0144 w Muzeum Fabryki Norblina \u2013 dodatkowe terminy zwiedzania\",\"datePublished\":\"2025-09-02T09:17:43+00:00\",\"dateModified\":\"2025-09-02T09:18:58+00:00\",\"mainEntityOfPage\":{\"@id\":\"https:\\\/\\\/muzeumfabrykinorblina.pl\\\/?p=6013\"},\"wordCount\":229,\"publisher\":{\"@id\":\"https:\\\/\\\/muzeumfabrykinorblina.pl\\\/#organization\"},\"image\":{\"@id\":\"https:\\\/\\\/muzeumfabrykinorblina.pl\\\/?p=6013#primaryimage\"},\"thumbnailUrl\":\"https:\\\/\\\/muzeumfabrykinorblina.pl\\\/wp-content\\\/uploads\\\/2025\\\/09\\\/MFN_Hero.jpg\",\"articleSection\":[\"Aktualno\u015bci\"],\"inLanguage\":\"pl-PL\"},{\"@type\":\"WebPage\",\"@id\":\"https:\\\/\\\/muzeumfabrykinorblina.pl\\\/?p=6013\",\"url\":\"https:\\\/\\\/muzeumfabrykinorblina.pl\\\/?p=6013\",\"name\":\"Wrzesie\u0144 w Muzeum Fabryki Norblina \u2013 dodatkowe terminy zwiedzania | Muzeum Fabryki Norblina\",\"isPartOf\":{\"@id\":\"https:\\\/\\\/muzeumfabrykinorblina.pl\\\/#website\"},\"primaryImageOfPage\":{\"@id\":\"https:\\\/\\\/muzeumfabrykinorblina.pl\\\/?p=6013#primaryimage\"},\"image\":{\"@id\":\"https:\\\/\\\/muzeumfabrykinorblina.pl\\\/?p=6013#primaryimage\"},\"thumbnailUrl\":\"https:\\\/\\\/muzeumfabrykinorblina.pl\\\/wp-content\\\/uploads\\\/2025\\\/09\\\/MFN_Hero.jpg\",\"datePublished\":\"2025-09-02T09:17:43+00:00\",\"dateModified\":\"2025-09-02T09:18:58+00:00\",\"breadcrumb\":{\"@id\":\"https:\\\/\\\/muzeumfabrykinorblina.pl\\\/?p=6013#breadcrumb\"},\"inLanguage\":\"pl-PL\",\"potentialAction\":[{\"@type\":\"ReadAction\",\"target\":[\"https:\\\/\\\/muzeumfabrykinorblina.pl\\\/?p=6013\"]}]},{\"@type\":\"ImageObject\",\"inLanguage\":\"pl-PL\",\"@id\":\"https:\\\/\\\/muzeumfabrykinorblina.pl\\\/?p=6013#primaryimage\",\"url\":\"https:\\\/\\\/muzeumfabrykinorblina.pl\\\/wp-content\\\/uploads\\\/2025\\\/09\\\/MFN_Hero.jpg\",\"contentUrl\":\"https:\\\/\\\/muzeumfabrykinorblina.pl\\\/wp-content\\\/uploads\\\/2025\\\/09\\\/MFN_Hero.jpg\",\"width\":1080,\"height\":1080},{\"@type\":\"BreadcrumbList\",\"@id\":\"https:\\\/\\\/muzeumfabrykinorblina.pl\\\/?p=6013#breadcrumb\",\"itemListElement\":[{\"@type\":\"ListItem\",\"position\":1,\"name\":\"Strona g\u0142\u00f3wna\",\"item\":\"https:\\\/\\\/muzeumfabrykinorblina.pl\\\/\"},{\"@type\":\"ListItem\",\"position\":2,\"name\":\"Wrzesie\u0144 w Muzeum Fabryki Norblina \u2013 dodatkowe terminy zwiedzania\"}]},{\"@type\":\"WebSite\",\"@id\":\"https:\\\/\\\/muzeumfabrykinorblina.pl\\\/#website\",\"url\":\"https:\\\/\\\/muzeumfabrykinorblina.pl\\\/\",\"name\":\"Muzeum Fabryki Norblina\",\"description\":\"Fabryka Norblina\",\"publisher\":{\"@id\":\"https:\\\/\\\/muzeumfabrykinorblina.pl\\\/#organization\"},\"potentialAction\":[{\"@type\":\"SearchAction\",\"target\":{\"@type\":\"EntryPoint\",\"urlTemplate\":\"https:\\\/\\\/muzeumfabrykinorblina.pl\\\/?s={search_term_string}\"},\"query-input\":{\"@type\":\"PropertyValueSpecification\",\"valueRequired\":true,\"valueName\":\"search_term_string\"}}],\"inLanguage\":\"pl-PL\"},{\"@type\":\"Organization\",\"@id\":\"https:\\\/\\\/muzeumfabrykinorblina.pl\\\/#organization\",\"name\":\"Muzeum Fabryki Norblina\",\"url\":\"https:\\\/\\\/muzeumfabrykinorblina.pl\\\/\",\"logo\":{\"@type\":\"ImageObject\",\"inLanguage\":\"pl-PL\",\"@id\":\"https:\\\/\\\/muzeumfabrykinorblina.pl\\\/#\\\/schema\\\/logo\\\/image\\\/\",\"url\":\"https:\\\/\\\/muzeumfabrykinorblina.pl\\\/wp-content\\\/uploads\\\/2023\\\/11\\\/MFN_Featured-image_1200x675.jpg\",\"contentUrl\":\"https:\\\/\\\/muzeumfabrykinorblina.pl\\\/wp-content\\\/uploads\\\/2023\\\/11\\\/MFN_Featured-image_1200x675.jpg\",\"width\":1200,\"height\":675,\"caption\":\"Muzeum Fabryki Norblina\"},\"image\":{\"@id\":\"https:\\\/\\\/muzeumfabrykinorblina.pl\\\/#\\\/schema\\\/logo\\\/image\\\/\"},\"sameAs\":[\"https:\\\/\\\/www.facebook.com\\\/MuzeumFabrykiNorblina\",\"https:\\\/\\\/www.instagram.com\\\/muzeumfabrykinorblina\\\/\"]},{\"@type\":\"Person\",\"@id\":\"https:\\\/\\\/muzeumfabrykinorblina.pl\\\/#\\\/schema\\\/person\\\/4f1632ef79031887e0e24c4ea9d3472e\",\"name\":\"Agata Ilnicka\",\"image\":{\"@type\":\"ImageObject\",\"inLanguage\":\"pl-PL\",\"@id\":\"https:\\\/\\\/secure.gravatar.com\\\/avatar\\\/0c850e3cc969e3bec61971337ea044add4e3b6da745c50448fbab5c86b0b85d9?s=96&d=mm&r=g\",\"url\":\"https:\\\/\\\/secure.gravatar.com\\\/avatar\\\/0c850e3cc969e3bec61971337ea044add4e3b6da745c50448fbab5c86b0b85d9?s=96&d=mm&r=g\",\"contentUrl\":\"https:\\\/\\\/secure.gravatar.com\\\/avatar\\\/0c850e3cc969e3bec61971337ea044add4e3b6da745c50448fbab5c86b0b85d9?s=96&d=mm&r=g\",\"caption\":\"Agata Ilnicka\"},\"url\":\"https:\\\/\\\/muzeumfabrykinorblina.pl\\\/?author=9\"}]}<\/script>\n<!-- \/ Yoast SEO plugin. -->","yoast_head_json":{"title":"Wrzesie\u0144 w Muzeum Fabryki Norblina \u2013 dodatkowe terminy zwiedzania | Muzeum Fabryki Norblina","robots":{"index":"index","follow":"follow","max-snippet":"max-snippet:-1","max-image-preview":"max-image-preview:large","max-video-preview":"max-video-preview:-1"},"canonical":"https:\/\/muzeumfabrykinorblina.pl\/?p=6013","og_locale":"pl_PL","og_type":"article","og_title":"Wrzesie\u0144 w Muzeum Fabryki Norblina \u2013 dodatkowe terminy zwiedzania | Muzeum Fabryki Norblina","og_description":"We wrze\u015bniu Muzeum Fabryki Norblina zaprasza na kolejne spotkania z histori\u0105 przemys\u0142owej Woli i jednego z najwa\u017cniejszych zak\u0142ad\u00f3w metalurgicznych XIX i XX wieku. Dzi\u0119ki dodatkowym terminom zwiedzania b\u0119dzie mo\u017cna jeszcze szerzej pozna\u0107 dzieje miejsca, kt\u00f3re przez ponad 200 lat odgrywa\u0142o istotn\u0105 rol\u0119 w rozwoju Warszawy. Trasa \u201eFabryka Norblina w pigu\u0142ce\u201d stanowi syntetyczne uj\u0119cie czterech g\u0142\u00f3wnych [&hellip;]","og_url":"https:\/\/muzeumfabrykinorblina.pl\/?p=6013","og_site_name":"Muzeum Fabryki Norblina","article_publisher":"https:\/\/www.facebook.com\/MuzeumFabrykiNorblina","article_published_time":"2025-09-02T09:17:43+00:00","article_modified_time":"2025-09-02T09:18:58+00:00","og_image":[{"width":1080,"height":1080,"url":"https:\/\/muzeumfabrykinorblina.pl\/wp-content\/uploads\/2025\/09\/MFN_Hero.jpg","type":"image\/jpeg"}],"author":"Agata Ilnicka","twitter_card":"summary_large_image","twitter_misc":{"Napisane przez":"Agata Ilnicka","Szacowany czas czytania":"2 minuty"},"schema":{"@context":"https:\/\/schema.org","@graph":[{"@type":"Article","@id":"https:\/\/muzeumfabrykinorblina.pl\/?p=6013#article","isPartOf":{"@id":"https:\/\/muzeumfabrykinorblina.pl\/?p=6013"},"author":{"name":"Agata Ilnicka","@id":"https:\/\/muzeumfabrykinorblina.pl\/#\/schema\/person\/4f1632ef79031887e0e24c4ea9d3472e"},"headline":"Wrzesie\u0144 w Muzeum Fabryki Norblina \u2013 dodatkowe terminy zwiedzania","datePublished":"2025-09-02T09:17:43+00:00","dateModified":"2025-09-02T09:18:58+00:00","mainEntityOfPage":{"@id":"https:\/\/muzeumfabrykinorblina.pl\/?p=6013"},"wordCount":229,"publisher":{"@id":"https:\/\/muzeumfabrykinorblina.pl\/#organization"},"image":{"@id":"https:\/\/muzeumfabrykinorblina.pl\/?p=6013#primaryimage"},"thumbnailUrl":"https:\/\/muzeumfabrykinorblina.pl\/wp-content\/uploads\/2025\/09\/MFN_Hero.jpg","articleSection":["Aktualno\u015bci"],"inLanguage":"pl-PL"},{"@type":"WebPage","@id":"https:\/\/muzeumfabrykinorblina.pl\/?p=6013","url":"https:\/\/muzeumfabrykinorblina.pl\/?p=6013","name":"Wrzesie\u0144 w Muzeum Fabryki Norblina \u2013 dodatkowe terminy zwiedzania | Muzeum Fabryki Norblina","isPartOf":{"@id":"https:\/\/muzeumfabrykinorblina.pl\/#website"},"primaryImageOfPage":{"@id":"https:\/\/muzeumfabrykinorblina.pl\/?p=6013#primaryimage"},"image":{"@id":"https:\/\/muzeumfabrykinorblina.pl\/?p=6013#primaryimage"},"thumbnailUrl":"https:\/\/muzeumfabrykinorblina.pl\/wp-content\/uploads\/2025\/09\/MFN_Hero.jpg","datePublished":"2025-09-02T09:17:43+00:00","dateModified":"2025-09-02T09:18:58+00:00","breadcrumb":{"@id":"https:\/\/muzeumfabrykinorblina.pl\/?p=6013#breadcrumb"},"inLanguage":"pl-PL","potentialAction":[{"@type":"ReadAction","target":["https:\/\/muzeumfabrykinorblina.pl\/?p=6013"]}]},{"@type":"ImageObject","inLanguage":"pl-PL","@id":"https:\/\/muzeumfabrykinorblina.pl\/?p=6013#primaryimage","url":"https:\/\/muzeumfabrykinorblina.pl\/wp-content\/uploads\/2025\/09\/MFN_Hero.jpg","contentUrl":"https:\/\/muzeumfabrykinorblina.pl\/wp-content\/uploads\/2025\/09\/MFN_Hero.jpg","width":1080,"height":1080},{"@type":"BreadcrumbList","@id":"https:\/\/muzeumfabrykinorblina.pl\/?p=6013#breadcrumb","itemListElement":[{"@type":"ListItem","position":1,"name":"Strona g\u0142\u00f3wna","item":"https:\/\/muzeumfabrykinorblina.pl\/"},{"@type":"ListItem","position":2,"name":"Wrzesie\u0144 w Muzeum Fabryki Norblina \u2013 dodatkowe terminy zwiedzania"}]},{"@type":"WebSite","@id":"https:\/\/muzeumfabrykinorblina.pl\/#website","url":"https:\/\/muzeumfabrykinorblina.pl\/","name":"Muzeum Fabryki Norblina","description":"Fabryka Norblina","publisher":{"@id":"https:\/\/muzeumfabrykinorblina.pl\/#organization"},"potentialAction":[{"@type":"SearchAction","target":{"@type":"EntryPoint","urlTemplate":"https:\/\/muzeumfabrykinorblina.pl\/?s={search_term_string}"},"query-input":{"@type":"PropertyValueSpecification","valueRequired":true,"valueName":"search_term_string"}}],"inLanguage":"pl-PL"},{"@type":"Organization","@id":"https:\/\/muzeumfabrykinorblina.pl\/#organization","name":"Muzeum Fabryki Norblina","url":"https:\/\/muzeumfabrykinorblina.pl\/","logo":{"@type":"ImageObject","inLanguage":"pl-PL","@id":"https:\/\/muzeumfabrykinorblina.pl\/#\/schema\/logo\/image\/","url":"https:\/\/muzeumfabrykinorblina.pl\/wp-content\/uploads\/2023\/11\/MFN_Featured-image_1200x675.jpg","contentUrl":"https:\/\/muzeumfabrykinorblina.pl\/wp-content\/uploads\/2023\/11\/MFN_Featured-image_1200x675.jpg","width":1200,"height":675,"caption":"Muzeum Fabryki Norblina"},"image":{"@id":"https:\/\/muzeumfabrykinorblina.pl\/#\/schema\/logo\/image\/"},"sameAs":["https:\/\/www.facebook.com\/MuzeumFabrykiNorblina","https:\/\/www.instagram.com\/muzeumfabrykinorblina\/"]},{"@type":"Person","@id":"https:\/\/muzeumfabrykinorblina.pl\/#\/schema\/person\/4f1632ef79031887e0e24c4ea9d3472e","name":"Agata Ilnicka","image":{"@type":"ImageObject","inLanguage":"pl-PL","@id":"https:\/\/secure.gravatar.com\/avatar\/0c850e3cc969e3bec61971337ea044add4e3b6da745c50448fbab5c86b0b85d9?s=96&d=mm&r=g","url":"https:\/\/secure.gravatar.com\/avatar\/0c850e3cc969e3bec61971337ea044add4e3b6da745c50448fbab5c86b0b85d9?s=96&d=mm&r=g","contentUrl":"https:\/\/secure.gravatar.com\/avatar\/0c850e3cc969e3bec61971337ea044add4e3b6da745c50448fbab5c86b0b85d9?s=96&d=mm&r=g","caption":"Agata Ilnicka"},"url":"https:\/\/muzeumfabrykinorblina.pl\/?author=9"}]}},"lang":"pl","translations":{"pl":6013},"builder_content":"","pll_sync_post":{},"_links":{"self":[{"href":"https:\/\/muzeumfabrykinorblina.pl\/index.php?rest_route=\/wp\/v2\/posts\/6013","targetHints":{"allow":["GET"]}}],"collection":[{"href":"https:\/\/muzeumfabrykinorblina.pl\/index.php?rest_route=\/wp\/v2\/posts"}],"about":[{"href":"https:\/\/muzeumfabrykinorblina.pl\/index.php?rest_route=\/wp\/v2\/types\/post"}],"author":[{"embeddable":true,"href":"https:\/\/muzeumfabrykinorblina.pl\/index.php?rest_route=\/wp\/v2\/users\/9"}],"replies":[{"embeddable":true,"href":"https:\/\/muzeumfabrykinorblina.pl\/index.php?rest_route=%2Fwp%2Fv2%2Fcomments&post=6013"}],"version-history":[{"count":7,"href":"https:\/\/muzeumfabrykinorblina.pl\/index.php?rest_route=\/wp\/v2\/posts\/6013\/revisions"}],"predecessor-version":[{"id":6021,"href":"https:\/\/muzeumfabrykinorblina.pl\/index.php?rest_route=\/wp\/v2\/posts\/6013\/revisions\/6021"}],"wp:featuredmedia":[{"embeddable":true,"href":"https:\/\/muzeumfabrykinorblina.pl\/index.php?rest_route=\/wp\/v2\/media\/6014"}],"wp:attachment":[{"href":"https:\/\/muzeumfabrykinorblina.pl\/index.php?rest_route=%2Fwp%2Fv2%2Fmedia&parent=6013"}],"wp:term":[{"taxonomy":"category","embeddable":true,"href":"https:\/\/muzeumfabrykinorblina.pl\/index.php?rest_route=%2Fwp%2Fv2%2Fcategories&post=6013"},{"taxonomy":"post_tag","embeddable":true,"href":"https:\/\/muzeumfabrykinorblina.pl\/index.php?rest_route=%2Fwp%2Fv2%2Ftags&post=6013"}],"curies":[{"name":"wp","href":"https:\/\/api.w.org\/{rel}","templated":true}]}}