{"id":5698,"date":"2025-08-06T20:40:55","date_gmt":"2025-08-06T18:40:55","guid":{"rendered":"https:\/\/muzeumfabrykinorblina.pl\/?p=5698"},"modified":"2025-08-07T06:29:45","modified_gmt":"2025-08-07T04:29:45","slug":"norblin-factory-then-and-now","status":"publish","type":"post","link":"https:\/\/muzeumfabrykinorblina.pl\/?p=5698&lang=en","title":{"rendered":"Norblin Factory: Then and Now"},"content":{"rendered":"\n<p class=\"wp-block-paragraph\">Join us for a captivating 2-hour guided tour led by a narrator who steps into the role of a historical owner of these grounds\u2014complete with a period costume that brings the past to life. This is more than just a story about history; it\u2019s a vivid, immersive experience in a space filled with unique sensations and an electrifying atmosphere.<\/p>\n\n\n\n<p class=\"wp-block-paragraph\">As we stroll through the site, you\u2019ll discover how this place transformed from the industrial heart of Warsaw into a modern, vibrant complex. We\u2019ll step into the historic halls of <strong>Food Town<\/strong>, explore the bustling <strong>BioBazar<\/strong> market, and visit the <strong>Hydraulic Equalizing Accumulator<\/strong>\u2014one of only four such preserved devices in all of Europe.<\/p>\n\n\n\n<p class=\"wp-block-paragraph\">The tour includes a selection of tastings: small culinary bites that complement the narrative and enrich your experience of Norblin Factory\u2019s unique ambiance.<\/p>\n\n\n\n<p class=\"wp-block-paragraph\">You&#8217;ll also hear fascinating stories about the <strong>Werner and Norblin families<\/strong>, as well as remarkable characters tied to this place\u2014from the valet of Poland\u2019s last king to an iconic Art Deco designer of the interwar period.<\/p>\n\n\n\n<p class=\"wp-block-paragraph\">Don\u2019t miss this chance to experience the Norblin Factory in an extraordinary way\u2014with a guide who brings history to life and flavors that complete the story.<\/p>\n\n\n\n<p class=\"wp-block-paragraph\"><em>Alcohol tasting is available only for adults. Opting out of the tasting does not affect the price of the tour.<\/em><\/p>\n\n\n<!-- wp:themify-builder\/canvas \/-->","protected":false},"excerpt":{"rendered":"<p>Join us for a captivating 2-hour guided tour led by a narrator who steps into the role of a historical owner of these grounds\u2014complete with a period costume that brings the past to life. This is more than just a story about history; it\u2019s a vivid, immersive experience in a space filled with unique sensations [&hellip;]<\/p>\n","protected":false},"author":1,"featured_media":5692,"comment_status":"closed","ping_status":"closed","sticky":false,"template":"","format":"standard","meta":{"_acf_changed":false,"_monsterinsights_skip_tracking":false,"footnotes":""},"categories":[142,140,137,144,67],"tags":[],"class_list":["post-5698","post","type-post","status-publish","format-standard","has-post-thumbnail","hentry","category-available","category-available-for-purchase","category-post-with-photo","category-regular-tours","category-tours","has-post-title","has-post-date","has-post-category","has-post-tag","has-post-comment","has-post-author",""],"acf":[],"yoast_head":"<!-- This site is optimized with the Yoast SEO plugin v28.2 - https:\/\/yoast.com\/product\/yoast-seo-wordpress\/ -->\n<title>Norblin Factory: Then and Now | Muzeum Fabryki Norblina<\/title>\n<meta name=\"description\" content=\"Zapraszamy na interaktywne zwiedzanie z przewodnikiem, kt\u00f3ry wprowadzi Ci\u0119 w tajemnice dawnej fabryki. A na koniec ma\u0142y pocz\u0119stunek.\" \/>\n<meta name=\"robots\" content=\"index, follow, max-snippet:-1, max-image-preview:large, max-video-preview:-1\" \/>\n<link rel=\"canonical\" href=\"https:\/\/muzeumfabrykinorblina.pl\/?p=5698&lang=en\" \/>\n<meta property=\"og:locale\" content=\"pl_PL\" \/>\n<meta property=\"og:type\" content=\"article\" \/>\n<meta property=\"og:title\" content=\"Fabryka Norblina w pigu\u0142ce\" \/>\n<meta property=\"og:description\" content=\"Zapraszamy na interaktywne zwiedzanie z przewodnikiem, kt\u00f3ry wprowadzi Ci\u0119 w tajemnice dawnej fabryki. A na koniec ma\u0142y pocz\u0119stunek.\" \/>\n<meta property=\"og:url\" content=\"https:\/\/muzeumfabrykinorblina.pl\/?p=5698&amp;lang=en\" \/>\n<meta property=\"og:site_name\" content=\"Muzeum Fabryki Norblina\" \/>\n<meta property=\"article:publisher\" content=\"https:\/\/www.facebook.com\/MuzeumFabrykiNorblina\" \/>\n<meta property=\"article:published_time\" content=\"2025-08-06T18:40:55+00:00\" \/>\n<meta property=\"article:modified_time\" content=\"2025-08-07T04:29:45+00:00\" \/>\n<meta property=\"og:image\" content=\"https:\/\/muzeumfabrykinorblina.pl\/wp-content\/uploads\/2023\/10\/MFN_Theme-logo-300x300.jpg\" \/>\n<meta name=\"author\" content=\"Pawe\u0142 Durka\" \/>\n<meta name=\"twitter:card\" content=\"summary_large_image\" \/>\n<meta name=\"twitter:title\" content=\"Fabryka Norblina w pigu\u0142ce\" \/>\n<meta name=\"twitter:description\" content=\"Zapraszamy na interaktywne zwiedzanie z przewodnikiem, kt\u00f3ry wprowadzi Ci\u0119 w tajemnice dawnej fabryki. A na koniec ma\u0142y pocz\u0119stunek.\" \/>\n<meta name=\"twitter:image\" content=\"https:\/\/muzeumfabrykinorblina.pl\/wp-content\/uploads\/2023\/10\/MFN_Theme-logo-1024x1024.jpg\" \/>\n<meta name=\"twitter:label1\" content=\"Napisane przez\" \/>\n\t<meta name=\"twitter:data1\" content=\"Pawe\u0142 Durka\" \/>\n\t<meta name=\"twitter:label2\" content=\"Szacowany czas czytania\" \/>\n\t<meta name=\"twitter:data2\" content=\"2 minuty\" \/>\n<script type=\"application\/ld+json\" class=\"yoast-schema-graph\">{\"@context\":\"https:\\\/\\\/schema.org\",\"@graph\":[{\"@type\":\"Article\",\"@id\":\"https:\\\/\\\/muzeumfabrykinorblina.pl\\\/?p=5698&lang=en#article\",\"isPartOf\":{\"@id\":\"https:\\\/\\\/muzeumfabrykinorblina.pl\\\/?p=5698&lang=en\"},\"author\":{\"name\":\"Pawe\u0142 Durka\",\"@id\":\"https:\\\/\\\/muzeumfabrykinorblina.pl\\\/#\\\/schema\\\/person\\\/0938cd3099cfa22b49acc1cd4cfe55f4\"},\"headline\":\"Norblin Factory: Then and Now\",\"datePublished\":\"2025-08-06T18:40:55+00:00\",\"dateModified\":\"2025-08-07T04:29:45+00:00\",\"mainEntityOfPage\":{\"@id\":\"https:\\\/\\\/muzeumfabrykinorblina.pl\\\/?p=5698&lang=en\"},\"wordCount\":233,\"publisher\":{\"@id\":\"https:\\\/\\\/muzeumfabrykinorblina.pl\\\/#organization\"},\"image\":{\"@id\":\"https:\\\/\\\/muzeumfabrykinorblina.pl\\\/?p=5698&lang=en#primaryimage\"},\"thumbnailUrl\":\"https:\\\/\\\/muzeumfabrykinorblina.pl\\\/wp-content\\\/uploads\\\/2023\\\/07\\\/MFN_Wycieczki_1200x630_FN-wczoraj-dzis.jpg\",\"articleSection\":[\"Available\",\"Available for purchase\",\"Post with photo\",\"Regular tours\",\"Tours\"],\"inLanguage\":\"pl-PL\"},{\"@type\":\"WebPage\",\"@id\":\"https:\\\/\\\/muzeumfabrykinorblina.pl\\\/?p=5698&lang=en\",\"url\":\"https:\\\/\\\/muzeumfabrykinorblina.pl\\\/?p=5698&lang=en\",\"name\":\"Norblin Factory: Then and Now | Muzeum Fabryki Norblina\",\"isPartOf\":{\"@id\":\"https:\\\/\\\/muzeumfabrykinorblina.pl\\\/#website\"},\"primaryImageOfPage\":{\"@id\":\"https:\\\/\\\/muzeumfabrykinorblina.pl\\\/?p=5698&lang=en#primaryimage\"},\"image\":{\"@id\":\"https:\\\/\\\/muzeumfabrykinorblina.pl\\\/?p=5698&lang=en#primaryimage\"},\"thumbnailUrl\":\"https:\\\/\\\/muzeumfabrykinorblina.pl\\\/wp-content\\\/uploads\\\/2023\\\/07\\\/MFN_Wycieczki_1200x630_FN-wczoraj-dzis.jpg\",\"datePublished\":\"2025-08-06T18:40:55+00:00\",\"dateModified\":\"2025-08-07T04:29:45+00:00\",\"description\":\"Zapraszamy na interaktywne zwiedzanie z przewodnikiem, kt\u00f3ry wprowadzi Ci\u0119 w tajemnice dawnej fabryki. A na koniec ma\u0142y pocz\u0119stunek.\",\"breadcrumb\":{\"@id\":\"https:\\\/\\\/muzeumfabrykinorblina.pl\\\/?p=5698&lang=en#breadcrumb\"},\"inLanguage\":\"pl-PL\",\"potentialAction\":[{\"@type\":\"ReadAction\",\"target\":[\"https:\\\/\\\/muzeumfabrykinorblina.pl\\\/?p=5698&lang=en\"]}]},{\"@type\":\"ImageObject\",\"inLanguage\":\"pl-PL\",\"@id\":\"https:\\\/\\\/muzeumfabrykinorblina.pl\\\/?p=5698&lang=en#primaryimage\",\"url\":\"https:\\\/\\\/muzeumfabrykinorblina.pl\\\/wp-content\\\/uploads\\\/2023\\\/07\\\/MFN_Wycieczki_1200x630_FN-wczoraj-dzis.jpg\",\"contentUrl\":\"https:\\\/\\\/muzeumfabrykinorblina.pl\\\/wp-content\\\/uploads\\\/2023\\\/07\\\/MFN_Wycieczki_1200x630_FN-wczoraj-dzis.jpg\",\"width\":1200,\"height\":630,\"caption\":\"Zwiedzanie Fabryki Norblina, \\\"Wczoraj i dzi\u015b\\\"\"},{\"@type\":\"BreadcrumbList\",\"@id\":\"https:\\\/\\\/muzeumfabrykinorblina.pl\\\/?p=5698&lang=en#breadcrumb\",\"itemListElement\":[{\"@type\":\"ListItem\",\"position\":1,\"name\":\"Strona g\u0142\u00f3wna\",\"item\":\"https:\\\/\\\/muzeumfabrykinorblina.pl\\\/\"},{\"@type\":\"ListItem\",\"position\":2,\"name\":\"Norblin Factory: Then and Now\"}]},{\"@type\":\"WebSite\",\"@id\":\"https:\\\/\\\/muzeumfabrykinorblina.pl\\\/#website\",\"url\":\"https:\\\/\\\/muzeumfabrykinorblina.pl\\\/\",\"name\":\"Muzeum Fabryki Norblina\",\"description\":\"Fabryka Norblina\",\"publisher\":{\"@id\":\"https:\\\/\\\/muzeumfabrykinorblina.pl\\\/#organization\"},\"potentialAction\":[{\"@type\":\"SearchAction\",\"target\":{\"@type\":\"EntryPoint\",\"urlTemplate\":\"https:\\\/\\\/muzeumfabrykinorblina.pl\\\/?s={search_term_string}\"},\"query-input\":{\"@type\":\"PropertyValueSpecification\",\"valueRequired\":true,\"valueName\":\"search_term_string\"}}],\"inLanguage\":\"pl-PL\"},{\"@type\":\"Organization\",\"@id\":\"https:\\\/\\\/muzeumfabrykinorblina.pl\\\/#organization\",\"name\":\"Muzeum Fabryki Norblina\",\"url\":\"https:\\\/\\\/muzeumfabrykinorblina.pl\\\/\",\"logo\":{\"@type\":\"ImageObject\",\"inLanguage\":\"pl-PL\",\"@id\":\"https:\\\/\\\/muzeumfabrykinorblina.pl\\\/#\\\/schema\\\/logo\\\/image\\\/\",\"url\":\"https:\\\/\\\/muzeumfabrykinorblina.pl\\\/wp-content\\\/uploads\\\/2023\\\/11\\\/MFN_Featured-image_1200x675.jpg\",\"contentUrl\":\"https:\\\/\\\/muzeumfabrykinorblina.pl\\\/wp-content\\\/uploads\\\/2023\\\/11\\\/MFN_Featured-image_1200x675.jpg\",\"width\":1200,\"height\":675,\"caption\":\"Muzeum Fabryki Norblina\"},\"image\":{\"@id\":\"https:\\\/\\\/muzeumfabrykinorblina.pl\\\/#\\\/schema\\\/logo\\\/image\\\/\"},\"sameAs\":[\"https:\\\/\\\/www.facebook.com\\\/MuzeumFabrykiNorblina\",\"https:\\\/\\\/www.instagram.com\\\/muzeumfabrykinorblina\\\/\"]},{\"@type\":\"Person\",\"@id\":\"https:\\\/\\\/muzeumfabrykinorblina.pl\\\/#\\\/schema\\\/person\\\/0938cd3099cfa22b49acc1cd4cfe55f4\",\"name\":\"Pawe\u0142 Durka\",\"image\":{\"@type\":\"ImageObject\",\"inLanguage\":\"pl-PL\",\"@id\":\"https:\\\/\\\/secure.gravatar.com\\\/avatar\\\/17861b77f0b68711665fe1e8e67ddc567ab523acd30a7535eec485fb2e8c92ff?s=96&d=mm&r=g\",\"url\":\"https:\\\/\\\/secure.gravatar.com\\\/avatar\\\/17861b77f0b68711665fe1e8e67ddc567ab523acd30a7535eec485fb2e8c92ff?s=96&d=mm&r=g\",\"contentUrl\":\"https:\\\/\\\/secure.gravatar.com\\\/avatar\\\/17861b77f0b68711665fe1e8e67ddc567ab523acd30a7535eec485fb2e8c92ff?s=96&d=mm&r=g\",\"caption\":\"Pawe\u0142 Durka\"},\"sameAs\":[\"https:\\\/\\\/muzeumfabrykinorblina.pl\"],\"url\":\"https:\\\/\\\/muzeumfabrykinorblina.pl\\\/?author=1\"}]}<\/script>\n<!-- \/ Yoast SEO plugin. -->","yoast_head_json":{"title":"Norblin Factory: Then and Now | Muzeum Fabryki Norblina","description":"Zapraszamy na interaktywne zwiedzanie z przewodnikiem, kt\u00f3ry wprowadzi Ci\u0119 w tajemnice dawnej fabryki. A na koniec ma\u0142y pocz\u0119stunek.","robots":{"index":"index","follow":"follow","max-snippet":"max-snippet:-1","max-image-preview":"max-image-preview:large","max-video-preview":"max-video-preview:-1"},"canonical":"https:\/\/muzeumfabrykinorblina.pl\/?p=5698&lang=en","og_locale":"pl_PL","og_type":"article","og_title":"Fabryka Norblina w pigu\u0142ce","og_description":"Zapraszamy na interaktywne zwiedzanie z przewodnikiem, kt\u00f3ry wprowadzi Ci\u0119 w tajemnice dawnej fabryki. A na koniec ma\u0142y pocz\u0119stunek.","og_url":"https:\/\/muzeumfabrykinorblina.pl\/?p=5698&lang=en","og_site_name":"Muzeum Fabryki Norblina","article_publisher":"https:\/\/www.facebook.com\/MuzeumFabrykiNorblina","article_published_time":"2025-08-06T18:40:55+00:00","article_modified_time":"2025-08-07T04:29:45+00:00","og_image":[{"url":"https:\/\/muzeumfabrykinorblina.pl\/wp-content\/uploads\/2023\/10\/MFN_Theme-logo-300x300.jpg","type":"","width":"","height":""}],"author":"Pawe\u0142 Durka","twitter_card":"summary_large_image","twitter_title":"Fabryka Norblina w pigu\u0142ce","twitter_description":"Zapraszamy na interaktywne zwiedzanie z przewodnikiem, kt\u00f3ry wprowadzi Ci\u0119 w tajemnice dawnej fabryki. A na koniec ma\u0142y pocz\u0119stunek.","twitter_image":"https:\/\/muzeumfabrykinorblina.pl\/wp-content\/uploads\/2023\/10\/MFN_Theme-logo-1024x1024.jpg","twitter_misc":{"Napisane przez":"Pawe\u0142 Durka","Szacowany czas czytania":"2 minuty"},"schema":{"@context":"https:\/\/schema.org","@graph":[{"@type":"Article","@id":"https:\/\/muzeumfabrykinorblina.pl\/?p=5698&lang=en#article","isPartOf":{"@id":"https:\/\/muzeumfabrykinorblina.pl\/?p=5698&lang=en"},"author":{"name":"Pawe\u0142 Durka","@id":"https:\/\/muzeumfabrykinorblina.pl\/#\/schema\/person\/0938cd3099cfa22b49acc1cd4cfe55f4"},"headline":"Norblin Factory: Then and Now","datePublished":"2025-08-06T18:40:55+00:00","dateModified":"2025-08-07T04:29:45+00:00","mainEntityOfPage":{"@id":"https:\/\/muzeumfabrykinorblina.pl\/?p=5698&lang=en"},"wordCount":233,"publisher":{"@id":"https:\/\/muzeumfabrykinorblina.pl\/#organization"},"image":{"@id":"https:\/\/muzeumfabrykinorblina.pl\/?p=5698&lang=en#primaryimage"},"thumbnailUrl":"https:\/\/muzeumfabrykinorblina.pl\/wp-content\/uploads\/2023\/07\/MFN_Wycieczki_1200x630_FN-wczoraj-dzis.jpg","articleSection":["Available","Available for purchase","Post with photo","Regular tours","Tours"],"inLanguage":"pl-PL"},{"@type":"WebPage","@id":"https:\/\/muzeumfabrykinorblina.pl\/?p=5698&lang=en","url":"https:\/\/muzeumfabrykinorblina.pl\/?p=5698&lang=en","name":"Norblin Factory: Then and Now | Muzeum Fabryki Norblina","isPartOf":{"@id":"https:\/\/muzeumfabrykinorblina.pl\/#website"},"primaryImageOfPage":{"@id":"https:\/\/muzeumfabrykinorblina.pl\/?p=5698&lang=en#primaryimage"},"image":{"@id":"https:\/\/muzeumfabrykinorblina.pl\/?p=5698&lang=en#primaryimage"},"thumbnailUrl":"https:\/\/muzeumfabrykinorblina.pl\/wp-content\/uploads\/2023\/07\/MFN_Wycieczki_1200x630_FN-wczoraj-dzis.jpg","datePublished":"2025-08-06T18:40:55+00:00","dateModified":"2025-08-07T04:29:45+00:00","description":"Zapraszamy na interaktywne zwiedzanie z przewodnikiem, kt\u00f3ry wprowadzi Ci\u0119 w tajemnice dawnej fabryki. A na koniec ma\u0142y pocz\u0119stunek.","breadcrumb":{"@id":"https:\/\/muzeumfabrykinorblina.pl\/?p=5698&lang=en#breadcrumb"},"inLanguage":"pl-PL","potentialAction":[{"@type":"ReadAction","target":["https:\/\/muzeumfabrykinorblina.pl\/?p=5698&lang=en"]}]},{"@type":"ImageObject","inLanguage":"pl-PL","@id":"https:\/\/muzeumfabrykinorblina.pl\/?p=5698&lang=en#primaryimage","url":"https:\/\/muzeumfabrykinorblina.pl\/wp-content\/uploads\/2023\/07\/MFN_Wycieczki_1200x630_FN-wczoraj-dzis.jpg","contentUrl":"https:\/\/muzeumfabrykinorblina.pl\/wp-content\/uploads\/2023\/07\/MFN_Wycieczki_1200x630_FN-wczoraj-dzis.jpg","width":1200,"height":630,"caption":"Zwiedzanie Fabryki Norblina, \"Wczoraj i dzi\u015b\""},{"@type":"BreadcrumbList","@id":"https:\/\/muzeumfabrykinorblina.pl\/?p=5698&lang=en#breadcrumb","itemListElement":[{"@type":"ListItem","position":1,"name":"Strona g\u0142\u00f3wna","item":"https:\/\/muzeumfabrykinorblina.pl\/"},{"@type":"ListItem","position":2,"name":"Norblin Factory: Then and Now"}]},{"@type":"WebSite","@id":"https:\/\/muzeumfabrykinorblina.pl\/#website","url":"https:\/\/muzeumfabrykinorblina.pl\/","name":"Muzeum Fabryki Norblina","description":"Fabryka Norblina","publisher":{"@id":"https:\/\/muzeumfabrykinorblina.pl\/#organization"},"potentialAction":[{"@type":"SearchAction","target":{"@type":"EntryPoint","urlTemplate":"https:\/\/muzeumfabrykinorblina.pl\/?s={search_term_string}"},"query-input":{"@type":"PropertyValueSpecification","valueRequired":true,"valueName":"search_term_string"}}],"inLanguage":"pl-PL"},{"@type":"Organization","@id":"https:\/\/muzeumfabrykinorblina.pl\/#organization","name":"Muzeum Fabryki Norblina","url":"https:\/\/muzeumfabrykinorblina.pl\/","logo":{"@type":"ImageObject","inLanguage":"pl-PL","@id":"https:\/\/muzeumfabrykinorblina.pl\/#\/schema\/logo\/image\/","url":"https:\/\/muzeumfabrykinorblina.pl\/wp-content\/uploads\/2023\/11\/MFN_Featured-image_1200x675.jpg","contentUrl":"https:\/\/muzeumfabrykinorblina.pl\/wp-content\/uploads\/2023\/11\/MFN_Featured-image_1200x675.jpg","width":1200,"height":675,"caption":"Muzeum Fabryki Norblina"},"image":{"@id":"https:\/\/muzeumfabrykinorblina.pl\/#\/schema\/logo\/image\/"},"sameAs":["https:\/\/www.facebook.com\/MuzeumFabrykiNorblina","https:\/\/www.instagram.com\/muzeumfabrykinorblina\/"]},{"@type":"Person","@id":"https:\/\/muzeumfabrykinorblina.pl\/#\/schema\/person\/0938cd3099cfa22b49acc1cd4cfe55f4","name":"Pawe\u0142 Durka","image":{"@type":"ImageObject","inLanguage":"pl-PL","@id":"https:\/\/secure.gravatar.com\/avatar\/17861b77f0b68711665fe1e8e67ddc567ab523acd30a7535eec485fb2e8c92ff?s=96&d=mm&r=g","url":"https:\/\/secure.gravatar.com\/avatar\/17861b77f0b68711665fe1e8e67ddc567ab523acd30a7535eec485fb2e8c92ff?s=96&d=mm&r=g","contentUrl":"https:\/\/secure.gravatar.com\/avatar\/17861b77f0b68711665fe1e8e67ddc567ab523acd30a7535eec485fb2e8c92ff?s=96&d=mm&r=g","caption":"Pawe\u0142 Durka"},"sameAs":["https:\/\/muzeumfabrykinorblina.pl"],"url":"https:\/\/muzeumfabrykinorblina.pl\/?author=1"}]}},"lang":"en","translations":{"en":5698,"pl":5170},"builder_content":"","pll_sync_post":{},"_links":{"self":[{"href":"https:\/\/muzeumfabrykinorblina.pl\/index.php?rest_route=\/wp\/v2\/posts\/5698","targetHints":{"allow":["GET"]}}],"collection":[{"href":"https:\/\/muzeumfabrykinorblina.pl\/index.php?rest_route=\/wp\/v2\/posts"}],"about":[{"href":"https:\/\/muzeumfabrykinorblina.pl\/index.php?rest_route=\/wp\/v2\/types\/post"}],"author":[{"embeddable":true,"href":"https:\/\/muzeumfabrykinorblina.pl\/index.php?rest_route=\/wp\/v2\/users\/1"}],"replies":[{"embeddable":true,"href":"https:\/\/muzeumfabrykinorblina.pl\/index.php?rest_route=%2Fwp%2Fv2%2Fcomments&post=5698"}],"version-history":[{"count":8,"href":"https:\/\/muzeumfabrykinorblina.pl\/index.php?rest_route=\/wp\/v2\/posts\/5698\/revisions"}],"predecessor-version":[{"id":5869,"href":"https:\/\/muzeumfabrykinorblina.pl\/index.php?rest_route=\/wp\/v2\/posts\/5698\/revisions\/5869"}],"wp:attachment":[{"href":"https:\/\/muzeumfabrykinorblina.pl\/index.php?rest_route=%2Fwp%2Fv2%2Fmedia&parent=5698"}],"wp:term":[{"taxonomy":"category","embeddable":true,"href":"https:\/\/muzeumfabrykinorblina.pl\/index.php?rest_route=%2Fwp%2Fv2%2Fcategories&post=5698"},{"taxonomy":"post_tag","embeddable":true,"href":"https:\/\/muzeumfabrykinorblina.pl\/index.php?rest_route=%2Fwp%2Fv2%2Ftags&post=5698"}],"curies":[{"name":"wp","href":"https:\/\/api.w.org\/{rel}","templated":true}]}}