{"id":5525,"date":"2025-07-02T15:15:00","date_gmt":"2025-07-02T13:15:00","guid":{"rendered":"https:\/\/muzeumfabrykinorblina.pl\/?p=5525"},"modified":"2025-07-21T16:37:15","modified_gmt":"2025-07-21T14:37:15","slug":"konkurs-bylo-jest","status":"publish","type":"post","link":"https:\/\/muzeumfabrykinorblina.pl\/?p=5525","title":{"rendered":"\u201eFabryka Norblina. By\u0142o \/ Jest\u201d: wystawa i konkurs zako\u0144czone!"},"content":{"rendered":"\n<p class=\"wp-block-paragraph\"><strong>W czerwcu w przestrzeni Muzeum Fabryki Norblina mo\u017cna by\u0142o zobaczy\u0107 wyj\u0105tkow\u0105 wystaw\u0119 fotograficzn\u0105 \u201eFabryka Norblina. By\u0142o \/ Jest\u201d, po\u015bwi\u0119con\u0105 przemianie tego miejsca na przestrzeni lat. Wystawa zako\u0144czy\u0142a si\u0119, ale nadal mo\u017cna j\u0105 zobaczy\u0107 online \u2013 a my prezentujemy laureat\u00f3w towarzysz\u0105cego jej konkursu!<\/strong><\/p>\n\n\n\n<p class=\"wp-block-paragraph\">Wystawa \u201eFabryka Norblina. By\u0142o \/ Jest\u201d zestawia\u0142a zdj\u0119cia autorstwa Micha\u0142a Jaszowskiego i Marcina Czechowicza, ukazuj\u0105ce Fabryk\u0119 Norblina w dw\u00f3ch ods\u0142onach: tej sprzed rewitalizacji i obecnej \u2013 jako t\u0119tni\u0105cego \u017cyciem kompleksu. W ramach kontynuacji tego projektu zaprosili\u015bmy warszawiak\u00f3w do przesy\u0142ania w\u0142asnych fotografii w konkursie \u201eFabryka Norblina \u2013 By\u0142o \/ Jest\u201d.<\/p>\n\n\n\n<p class=\"wp-block-paragraph\">Otrzymali\u015bmy ponad <strong>300 zg\u0142osze\u0144<\/strong>, z kt\u00f3rych wiele zachwyci\u0142o nas artystycznym uj\u0119ciem przemiany kompleksu przy \u017belaznej 51\/53.<\/p>\n\n\n\n<p class=\"wp-block-paragraph\"><strong>Z rado\u015bci\u0105 og\u0142aszamy laureat\u00f3w konkursu:<\/strong><\/p>\n\n\n\n<p class=\"wp-block-paragraph\">\ud83c\udfc6 <strong>I miejsce<\/strong> \u2013 Dmytro Malykhin<br>\ud83e\udd48 <strong>II miejsce<\/strong> \u2013 Sandra Papiernik<br>\ud83e\udd49 <strong>III miejsce<\/strong> \u2013 Konrad Grobel<\/p>\n\n\n\n<p class=\"wp-block-paragraph\"><strong>Wyr\u00f3\u017cnienia:<\/strong><br>\u2192 Darek Wierzchowski<br>\u2192 Anna Feliksbrot<br>\u2192 Grzegorz Suchy<br>\u2192 \u0141ukasz Paciorek<br>\u2192 Maria Ka\u0142u\u017cna<br>\u2192 Micha\u0142 Ulikowski<br>\u2192 Piotr Jaworski<\/p>\n\n\n\n<p class=\"wp-block-paragraph\"><strong>Dodatkowe wyr\u00f3\u017cnienia jury (Kinga Nowakowska, Artur Setniewski, Kuba Jurkowski):<\/strong><br>\u2192 Oskar Banach<br>\u2192 Darek Wierzchowski<br>\u2192 Diana Kisia\u0142a<br>\u2192 Micha\u0142 Ulikowski<br>\u2192 Wojciech Janczak<br>\u2192 Adam Kury\u0142o<\/p>\n\n\n\n<p class=\"wp-block-paragraph\">Dzi\u0119kujemy wszystkim uczestnikom konkursu za wra\u017cliwo\u015b\u0107 i zaanga\u017cowanie oraz portalowi <strong>NowaWarszawa.pl<\/strong> za wsp\u00f3\u0142prac\u0119 przy tym projekcie. Cieszymy si\u0119, \u017ce wsp\u00f3lnie stworzyli\u015bmy przestrze\u0144 do refleksji nad to\u017csamo\u015bci\u0105 i metamorfoz\u0105 Fabryki Norblina.<\/p>\n\n\n\n<p class=\"wp-block-paragraph\">Wystawa \u201eFabryka Norblina. By\u0142o \/ Jest\u201d nadal dost\u0119pna online na stronie:<br>\ud83d\udd17 <a href=\"https:\/\/muzeumfabrykinorblina.pl\/en\/then-now-exhibition\/\">https:\/\/muzeumfabrykinorblina.pl\/en\/then-now-exhibition\/<\/a><\/p>\n\n\n<!-- wp:themify-builder\/canvas \/-->","protected":false},"excerpt":{"rendered":"<p>W czerwcu w przestrzeni Muzeum Fabryki Norblina mo\u017cna by\u0142o zobaczy\u0107 wyj\u0105tkow\u0105 wystaw\u0119 fotograficzn\u0105 \u201eFabryka Norblina. By\u0142o \/ Jest\u201d, po\u015bwi\u0119con\u0105 przemianie tego miejsca na przestrzeni lat. Wystawa zako\u0144czy\u0142a si\u0119, ale nadal mo\u017cna j\u0105 zobaczy\u0107 online \u2013 a my prezentujemy laureat\u00f3w towarzysz\u0105cego jej konkursu! Wystawa \u201eFabryka Norblina. By\u0142o \/ Jest\u201d zestawia\u0142a zdj\u0119cia autorstwa Micha\u0142a Jaszowskiego i Marcina [&hellip;]<\/p>\n","protected":false},"author":9,"featured_media":5526,"comment_status":"closed","ping_status":"closed","sticky":false,"template":"","format":"standard","meta":{"_acf_changed":false,"_monsterinsights_skip_tracking":false,"footnotes":""},"categories":[29],"tags":[],"class_list":["post-5525","post","type-post","status-publish","format-standard","has-post-thumbnail","hentry","category-aktualnosci","has-post-title","has-post-date","has-post-category","has-post-tag","has-post-comment","has-post-author",""],"acf":[],"yoast_head":"<!-- This site is optimized with the Yoast SEO plugin v28.2 - https:\/\/yoast.com\/product\/yoast-seo-wordpress\/ -->\n<title>\u201eFabryka Norblina. By\u0142o \/ Jest\u201d: wystawa i konkurs zako\u0144czone! | Muzeum Fabryki Norblina<\/title>\n<meta name=\"robots\" content=\"index, follow, max-snippet:-1, max-image-preview:large, max-video-preview:-1\" \/>\n<link rel=\"canonical\" href=\"https:\/\/muzeumfabrykinorblina.pl\/?p=5525\" \/>\n<meta property=\"og:locale\" content=\"pl_PL\" \/>\n<meta property=\"og:type\" content=\"article\" \/>\n<meta property=\"og:title\" content=\"\u201eFabryka Norblina. By\u0142o \/ Jest\u201d: wystawa i konkurs zako\u0144czone! | Muzeum Fabryki Norblina\" \/>\n<meta property=\"og:description\" content=\"W czerwcu w przestrzeni Muzeum Fabryki Norblina mo\u017cna by\u0142o zobaczy\u0107 wyj\u0105tkow\u0105 wystaw\u0119 fotograficzn\u0105 \u201eFabryka Norblina. By\u0142o \/ Jest\u201d, po\u015bwi\u0119con\u0105 przemianie tego miejsca na przestrzeni lat. Wystawa zako\u0144czy\u0142a si\u0119, ale nadal mo\u017cna j\u0105 zobaczy\u0107 online \u2013 a my prezentujemy laureat\u00f3w towarzysz\u0105cego jej konkursu! Wystawa \u201eFabryka Norblina. By\u0142o \/ Jest\u201d zestawia\u0142a zdj\u0119cia autorstwa Micha\u0142a Jaszowskiego i Marcina [&hellip;]\" \/>\n<meta property=\"og:url\" content=\"https:\/\/muzeumfabrykinorblina.pl\/?p=5525\" \/>\n<meta property=\"og:site_name\" content=\"Muzeum Fabryki Norblina\" \/>\n<meta property=\"article:publisher\" content=\"https:\/\/www.facebook.com\/MuzeumFabrykiNorblina\" \/>\n<meta property=\"article:published_time\" content=\"2025-07-02T13:15:00+00:00\" \/>\n<meta property=\"article:modified_time\" content=\"2025-07-21T14:37:15+00:00\" \/>\n<meta property=\"og:image\" content=\"https:\/\/muzeumfabrykinorblina.pl\/wp-content\/uploads\/2025\/07\/WWW.jpg\" \/>\n\t<meta property=\"og:image:width\" content=\"1080\" \/>\n\t<meta property=\"og:image:height\" content=\"1080\" \/>\n\t<meta property=\"og:image:type\" content=\"image\/jpeg\" \/>\n<meta name=\"author\" content=\"Agata Ilnicka\" \/>\n<meta name=\"twitter:card\" content=\"summary_large_image\" \/>\n<meta name=\"twitter:label1\" content=\"Napisane przez\" \/>\n\t<meta name=\"twitter:data1\" content=\"Agata Ilnicka\" \/>\n\t<meta name=\"twitter:label2\" content=\"Szacowany czas czytania\" \/>\n\t<meta name=\"twitter:data2\" content=\"2 minuty\" \/>\n<script type=\"application\/ld+json\" class=\"yoast-schema-graph\">{\"@context\":\"https:\\\/\\\/schema.org\",\"@graph\":[{\"@type\":\"Article\",\"@id\":\"https:\\\/\\\/muzeumfabrykinorblina.pl\\\/?p=5525#article\",\"isPartOf\":{\"@id\":\"https:\\\/\\\/muzeumfabrykinorblina.pl\\\/?p=5525\"},\"author\":{\"name\":\"Agata Ilnicka\",\"@id\":\"https:\\\/\\\/muzeumfabrykinorblina.pl\\\/#\\\/schema\\\/person\\\/4f1632ef79031887e0e24c4ea9d3472e\"},\"headline\":\"\u201eFabryka Norblina. By\u0142o \\\/ Jest\u201d: wystawa i konkurs zako\u0144czone!\",\"datePublished\":\"2025-07-02T13:15:00+00:00\",\"dateModified\":\"2025-07-21T14:37:15+00:00\",\"mainEntityOfPage\":{\"@id\":\"https:\\\/\\\/muzeumfabrykinorblina.pl\\\/?p=5525\"},\"wordCount\":257,\"publisher\":{\"@id\":\"https:\\\/\\\/muzeumfabrykinorblina.pl\\\/#organization\"},\"image\":{\"@id\":\"https:\\\/\\\/muzeumfabrykinorblina.pl\\\/?p=5525#primaryimage\"},\"thumbnailUrl\":\"https:\\\/\\\/muzeumfabrykinorblina.pl\\\/wp-content\\\/uploads\\\/2025\\\/07\\\/WWW.jpg\",\"articleSection\":[\"Aktualno\u015bci\"],\"inLanguage\":\"pl-PL\"},{\"@type\":\"WebPage\",\"@id\":\"https:\\\/\\\/muzeumfabrykinorblina.pl\\\/?p=5525\",\"url\":\"https:\\\/\\\/muzeumfabrykinorblina.pl\\\/?p=5525\",\"name\":\"\u201eFabryka Norblina. By\u0142o \\\/ Jest\u201d: wystawa i konkurs zako\u0144czone! | Muzeum Fabryki Norblina\",\"isPartOf\":{\"@id\":\"https:\\\/\\\/muzeumfabrykinorblina.pl\\\/#website\"},\"primaryImageOfPage\":{\"@id\":\"https:\\\/\\\/muzeumfabrykinorblina.pl\\\/?p=5525#primaryimage\"},\"image\":{\"@id\":\"https:\\\/\\\/muzeumfabrykinorblina.pl\\\/?p=5525#primaryimage\"},\"thumbnailUrl\":\"https:\\\/\\\/muzeumfabrykinorblina.pl\\\/wp-content\\\/uploads\\\/2025\\\/07\\\/WWW.jpg\",\"datePublished\":\"2025-07-02T13:15:00+00:00\",\"dateModified\":\"2025-07-21T14:37:15+00:00\",\"breadcrumb\":{\"@id\":\"https:\\\/\\\/muzeumfabrykinorblina.pl\\\/?p=5525#breadcrumb\"},\"inLanguage\":\"pl-PL\",\"potentialAction\":[{\"@type\":\"ReadAction\",\"target\":[\"https:\\\/\\\/muzeumfabrykinorblina.pl\\\/?p=5525\"]}]},{\"@type\":\"ImageObject\",\"inLanguage\":\"pl-PL\",\"@id\":\"https:\\\/\\\/muzeumfabrykinorblina.pl\\\/?p=5525#primaryimage\",\"url\":\"https:\\\/\\\/muzeumfabrykinorblina.pl\\\/wp-content\\\/uploads\\\/2025\\\/07\\\/WWW.jpg\",\"contentUrl\":\"https:\\\/\\\/muzeumfabrykinorblina.pl\\\/wp-content\\\/uploads\\\/2025\\\/07\\\/WWW.jpg\",\"width\":1080,\"height\":1080},{\"@type\":\"BreadcrumbList\",\"@id\":\"https:\\\/\\\/muzeumfabrykinorblina.pl\\\/?p=5525#breadcrumb\",\"itemListElement\":[{\"@type\":\"ListItem\",\"position\":1,\"name\":\"Strona g\u0142\u00f3wna\",\"item\":\"https:\\\/\\\/muzeumfabrykinorblina.pl\\\/\"},{\"@type\":\"ListItem\",\"position\":2,\"name\":\"\u201eFabryka Norblina. By\u0142o \\\/ Jest\u201d: wystawa i konkurs zako\u0144czone!\"}]},{\"@type\":\"WebSite\",\"@id\":\"https:\\\/\\\/muzeumfabrykinorblina.pl\\\/#website\",\"url\":\"https:\\\/\\\/muzeumfabrykinorblina.pl\\\/\",\"name\":\"Muzeum Fabryki Norblina\",\"description\":\"Fabryka Norblina\",\"publisher\":{\"@id\":\"https:\\\/\\\/muzeumfabrykinorblina.pl\\\/#organization\"},\"potentialAction\":[{\"@type\":\"SearchAction\",\"target\":{\"@type\":\"EntryPoint\",\"urlTemplate\":\"https:\\\/\\\/muzeumfabrykinorblina.pl\\\/?s={search_term_string}\"},\"query-input\":{\"@type\":\"PropertyValueSpecification\",\"valueRequired\":true,\"valueName\":\"search_term_string\"}}],\"inLanguage\":\"pl-PL\"},{\"@type\":\"Organization\",\"@id\":\"https:\\\/\\\/muzeumfabrykinorblina.pl\\\/#organization\",\"name\":\"Muzeum Fabryki Norblina\",\"url\":\"https:\\\/\\\/muzeumfabrykinorblina.pl\\\/\",\"logo\":{\"@type\":\"ImageObject\",\"inLanguage\":\"pl-PL\",\"@id\":\"https:\\\/\\\/muzeumfabrykinorblina.pl\\\/#\\\/schema\\\/logo\\\/image\\\/\",\"url\":\"https:\\\/\\\/muzeumfabrykinorblina.pl\\\/wp-content\\\/uploads\\\/2023\\\/11\\\/MFN_Featured-image_1200x675.jpg\",\"contentUrl\":\"https:\\\/\\\/muzeumfabrykinorblina.pl\\\/wp-content\\\/uploads\\\/2023\\\/11\\\/MFN_Featured-image_1200x675.jpg\",\"width\":1200,\"height\":675,\"caption\":\"Muzeum Fabryki Norblina\"},\"image\":{\"@id\":\"https:\\\/\\\/muzeumfabrykinorblina.pl\\\/#\\\/schema\\\/logo\\\/image\\\/\"},\"sameAs\":[\"https:\\\/\\\/www.facebook.com\\\/MuzeumFabrykiNorblina\",\"https:\\\/\\\/www.instagram.com\\\/muzeumfabrykinorblina\\\/\"]},{\"@type\":\"Person\",\"@id\":\"https:\\\/\\\/muzeumfabrykinorblina.pl\\\/#\\\/schema\\\/person\\\/4f1632ef79031887e0e24c4ea9d3472e\",\"name\":\"Agata Ilnicka\",\"image\":{\"@type\":\"ImageObject\",\"inLanguage\":\"pl-PL\",\"@id\":\"https:\\\/\\\/secure.gravatar.com\\\/avatar\\\/0c850e3cc969e3bec61971337ea044add4e3b6da745c50448fbab5c86b0b85d9?s=96&d=mm&r=g\",\"url\":\"https:\\\/\\\/secure.gravatar.com\\\/avatar\\\/0c850e3cc969e3bec61971337ea044add4e3b6da745c50448fbab5c86b0b85d9?s=96&d=mm&r=g\",\"contentUrl\":\"https:\\\/\\\/secure.gravatar.com\\\/avatar\\\/0c850e3cc969e3bec61971337ea044add4e3b6da745c50448fbab5c86b0b85d9?s=96&d=mm&r=g\",\"caption\":\"Agata Ilnicka\"},\"url\":\"https:\\\/\\\/muzeumfabrykinorblina.pl\\\/?author=9\"}]}<\/script>\n<!-- \/ Yoast SEO plugin. -->","yoast_head_json":{"title":"\u201eFabryka Norblina. By\u0142o \/ Jest\u201d: wystawa i konkurs zako\u0144czone! | Muzeum Fabryki Norblina","robots":{"index":"index","follow":"follow","max-snippet":"max-snippet:-1","max-image-preview":"max-image-preview:large","max-video-preview":"max-video-preview:-1"},"canonical":"https:\/\/muzeumfabrykinorblina.pl\/?p=5525","og_locale":"pl_PL","og_type":"article","og_title":"\u201eFabryka Norblina. By\u0142o \/ Jest\u201d: wystawa i konkurs zako\u0144czone! | Muzeum Fabryki Norblina","og_description":"W czerwcu w przestrzeni Muzeum Fabryki Norblina mo\u017cna by\u0142o zobaczy\u0107 wyj\u0105tkow\u0105 wystaw\u0119 fotograficzn\u0105 \u201eFabryka Norblina. By\u0142o \/ Jest\u201d, po\u015bwi\u0119con\u0105 przemianie tego miejsca na przestrzeni lat. Wystawa zako\u0144czy\u0142a si\u0119, ale nadal mo\u017cna j\u0105 zobaczy\u0107 online \u2013 a my prezentujemy laureat\u00f3w towarzysz\u0105cego jej konkursu! Wystawa \u201eFabryka Norblina. By\u0142o \/ Jest\u201d zestawia\u0142a zdj\u0119cia autorstwa Micha\u0142a Jaszowskiego i Marcina [&hellip;]","og_url":"https:\/\/muzeumfabrykinorblina.pl\/?p=5525","og_site_name":"Muzeum Fabryki Norblina","article_publisher":"https:\/\/www.facebook.com\/MuzeumFabrykiNorblina","article_published_time":"2025-07-02T13:15:00+00:00","article_modified_time":"2025-07-21T14:37:15+00:00","og_image":[{"width":1080,"height":1080,"url":"https:\/\/muzeumfabrykinorblina.pl\/wp-content\/uploads\/2025\/07\/WWW.jpg","type":"image\/jpeg"}],"author":"Agata Ilnicka","twitter_card":"summary_large_image","twitter_misc":{"Napisane przez":"Agata Ilnicka","Szacowany czas czytania":"2 minuty"},"schema":{"@context":"https:\/\/schema.org","@graph":[{"@type":"Article","@id":"https:\/\/muzeumfabrykinorblina.pl\/?p=5525#article","isPartOf":{"@id":"https:\/\/muzeumfabrykinorblina.pl\/?p=5525"},"author":{"name":"Agata Ilnicka","@id":"https:\/\/muzeumfabrykinorblina.pl\/#\/schema\/person\/4f1632ef79031887e0e24c4ea9d3472e"},"headline":"\u201eFabryka Norblina. By\u0142o \/ Jest\u201d: wystawa i konkurs zako\u0144czone!","datePublished":"2025-07-02T13:15:00+00:00","dateModified":"2025-07-21T14:37:15+00:00","mainEntityOfPage":{"@id":"https:\/\/muzeumfabrykinorblina.pl\/?p=5525"},"wordCount":257,"publisher":{"@id":"https:\/\/muzeumfabrykinorblina.pl\/#organization"},"image":{"@id":"https:\/\/muzeumfabrykinorblina.pl\/?p=5525#primaryimage"},"thumbnailUrl":"https:\/\/muzeumfabrykinorblina.pl\/wp-content\/uploads\/2025\/07\/WWW.jpg","articleSection":["Aktualno\u015bci"],"inLanguage":"pl-PL"},{"@type":"WebPage","@id":"https:\/\/muzeumfabrykinorblina.pl\/?p=5525","url":"https:\/\/muzeumfabrykinorblina.pl\/?p=5525","name":"\u201eFabryka Norblina. By\u0142o \/ Jest\u201d: wystawa i konkurs zako\u0144czone! | Muzeum Fabryki Norblina","isPartOf":{"@id":"https:\/\/muzeumfabrykinorblina.pl\/#website"},"primaryImageOfPage":{"@id":"https:\/\/muzeumfabrykinorblina.pl\/?p=5525#primaryimage"},"image":{"@id":"https:\/\/muzeumfabrykinorblina.pl\/?p=5525#primaryimage"},"thumbnailUrl":"https:\/\/muzeumfabrykinorblina.pl\/wp-content\/uploads\/2025\/07\/WWW.jpg","datePublished":"2025-07-02T13:15:00+00:00","dateModified":"2025-07-21T14:37:15+00:00","breadcrumb":{"@id":"https:\/\/muzeumfabrykinorblina.pl\/?p=5525#breadcrumb"},"inLanguage":"pl-PL","potentialAction":[{"@type":"ReadAction","target":["https:\/\/muzeumfabrykinorblina.pl\/?p=5525"]}]},{"@type":"ImageObject","inLanguage":"pl-PL","@id":"https:\/\/muzeumfabrykinorblina.pl\/?p=5525#primaryimage","url":"https:\/\/muzeumfabrykinorblina.pl\/wp-content\/uploads\/2025\/07\/WWW.jpg","contentUrl":"https:\/\/muzeumfabrykinorblina.pl\/wp-content\/uploads\/2025\/07\/WWW.jpg","width":1080,"height":1080},{"@type":"BreadcrumbList","@id":"https:\/\/muzeumfabrykinorblina.pl\/?p=5525#breadcrumb","itemListElement":[{"@type":"ListItem","position":1,"name":"Strona g\u0142\u00f3wna","item":"https:\/\/muzeumfabrykinorblina.pl\/"},{"@type":"ListItem","position":2,"name":"\u201eFabryka Norblina. By\u0142o \/ Jest\u201d: wystawa i konkurs zako\u0144czone!"}]},{"@type":"WebSite","@id":"https:\/\/muzeumfabrykinorblina.pl\/#website","url":"https:\/\/muzeumfabrykinorblina.pl\/","name":"Muzeum Fabryki Norblina","description":"Fabryka Norblina","publisher":{"@id":"https:\/\/muzeumfabrykinorblina.pl\/#organization"},"potentialAction":[{"@type":"SearchAction","target":{"@type":"EntryPoint","urlTemplate":"https:\/\/muzeumfabrykinorblina.pl\/?s={search_term_string}"},"query-input":{"@type":"PropertyValueSpecification","valueRequired":true,"valueName":"search_term_string"}}],"inLanguage":"pl-PL"},{"@type":"Organization","@id":"https:\/\/muzeumfabrykinorblina.pl\/#organization","name":"Muzeum Fabryki Norblina","url":"https:\/\/muzeumfabrykinorblina.pl\/","logo":{"@type":"ImageObject","inLanguage":"pl-PL","@id":"https:\/\/muzeumfabrykinorblina.pl\/#\/schema\/logo\/image\/","url":"https:\/\/muzeumfabrykinorblina.pl\/wp-content\/uploads\/2023\/11\/MFN_Featured-image_1200x675.jpg","contentUrl":"https:\/\/muzeumfabrykinorblina.pl\/wp-content\/uploads\/2023\/11\/MFN_Featured-image_1200x675.jpg","width":1200,"height":675,"caption":"Muzeum Fabryki Norblina"},"image":{"@id":"https:\/\/muzeumfabrykinorblina.pl\/#\/schema\/logo\/image\/"},"sameAs":["https:\/\/www.facebook.com\/MuzeumFabrykiNorblina","https:\/\/www.instagram.com\/muzeumfabrykinorblina\/"]},{"@type":"Person","@id":"https:\/\/muzeumfabrykinorblina.pl\/#\/schema\/person\/4f1632ef79031887e0e24c4ea9d3472e","name":"Agata Ilnicka","image":{"@type":"ImageObject","inLanguage":"pl-PL","@id":"https:\/\/secure.gravatar.com\/avatar\/0c850e3cc969e3bec61971337ea044add4e3b6da745c50448fbab5c86b0b85d9?s=96&d=mm&r=g","url":"https:\/\/secure.gravatar.com\/avatar\/0c850e3cc969e3bec61971337ea044add4e3b6da745c50448fbab5c86b0b85d9?s=96&d=mm&r=g","contentUrl":"https:\/\/secure.gravatar.com\/avatar\/0c850e3cc969e3bec61971337ea044add4e3b6da745c50448fbab5c86b0b85d9?s=96&d=mm&r=g","caption":"Agata Ilnicka"},"url":"https:\/\/muzeumfabrykinorblina.pl\/?author=9"}]}},"lang":"pl","translations":{"pl":5525},"builder_content":"","pll_sync_post":{},"_links":{"self":[{"href":"https:\/\/muzeumfabrykinorblina.pl\/index.php?rest_route=\/wp\/v2\/posts\/5525","targetHints":{"allow":["GET"]}}],"collection":[{"href":"https:\/\/muzeumfabrykinorblina.pl\/index.php?rest_route=\/wp\/v2\/posts"}],"about":[{"href":"https:\/\/muzeumfabrykinorblina.pl\/index.php?rest_route=\/wp\/v2\/types\/post"}],"author":[{"embeddable":true,"href":"https:\/\/muzeumfabrykinorblina.pl\/index.php?rest_route=\/wp\/v2\/users\/9"}],"replies":[{"embeddable":true,"href":"https:\/\/muzeumfabrykinorblina.pl\/index.php?rest_route=%2Fwp%2Fv2%2Fcomments&post=5525"}],"version-history":[{"count":0,"href":"https:\/\/muzeumfabrykinorblina.pl\/index.php?rest_route=\/wp\/v2\/posts\/5525\/revisions"}],"wp:featuredmedia":[{"embeddable":true,"href":"https:\/\/muzeumfabrykinorblina.pl\/index.php?rest_route=\/wp\/v2\/media\/5526"}],"wp:attachment":[{"href":"https:\/\/muzeumfabrykinorblina.pl\/index.php?rest_route=%2Fwp%2Fv2%2Fmedia&parent=5525"}],"wp:term":[{"taxonomy":"category","embeddable":true,"href":"https:\/\/muzeumfabrykinorblina.pl\/index.php?rest_route=%2Fwp%2Fv2%2Fcategories&post=5525"},{"taxonomy":"post_tag","embeddable":true,"href":"https:\/\/muzeumfabrykinorblina.pl\/index.php?rest_route=%2Fwp%2Fv2%2Ftags&post=5525"}],"curies":[{"name":"wp","href":"https:\/\/api.w.org\/{rel}","templated":true}]}}