{"id":5450,"date":"2025-07-03T13:25:47","date_gmt":"2025-07-03T11:25:47","guid":{"rendered":"https:\/\/muzeumfabrykinorblina.pl\/?p=5450"},"modified":"2025-07-03T13:25:48","modified_gmt":"2025-07-03T11:25:48","slug":"lato-w-muzeumfabrykinorblina","status":"publish","type":"post","link":"https:\/\/muzeumfabrykinorblina.pl\/?p=5450","title":{"rendered":"Lato w Muzeum Fabryki Norblina\u00a0"},"content":{"rendered":"\n<p class=\"wp-block-paragraph\">Wakacje to idealny czas, \u017ceby odkry\u0107 Fabryk\u0119 Norblina na nowo! Latem zapraszamy na wyj\u0105tkowe oprowadzania <strong>\u201eFabryka Norblina: Wczoraj i dzi\u015b\u201d<\/strong>, kt\u00f3re pozwol\u0105 nie tylko pozna\u0107 fascynuj\u0105c\u0105 histori\u0119 tego miejsca, ale tak\u017ce zobaczy\u0107, jak funkcjonuje ono dzi\u015b \u2013 jako t\u0119tni\u0105ce \u017cyciem centrum kultury, gastronomii i rozrywki.<\/p>\n\n\n\n<p class=\"wp-block-paragraph\">Podczas wycieczki uczestnicy odwiedz\u0105 m.in. zabytkowe hale dzisiejszego Food Townu i BioBazaru, zobacz\u0105 unikatowe maszyny (takie jak Hydrauliczny Akumulator Wyr\u00f3wnawczy), a tak\u017ce skosztuj\u0105 lokalnych specja\u0142\u00f3w \u2013 od naturalnych lod\u00f3w, przez produkty ekologiczne, a\u017c po kultowe warszawskie przysmaki.<br>Oprowadzania dost\u0119pne s\u0105 obecnie w j\u0119zyku polskim \u2013 ale ju\u017c wkr\u00f3tce uruchomimy tak\u017ce terminy w j\u0119zyku angielskim.<\/p>\n\n\n\n<p class=\"wp-block-paragraph\">Szczeg\u00f3\u0142y i bilety: <a href=\"https:\/\/muzeumfabrykinorblina.pl\/fabryka-norblina-wczoraj-i-dzis\/\">https:\/\/muzeumfabrykinorblina.pl\/fabryka-norblina-wczoraj-i-dzis\/<\/a>&nbsp;<\/p>\n\n\n\n<p class=\"wp-block-paragraph\">Zapraszamy r\u00f3wnie\u017c na <strong>sta\u0142e oprowadzania \u201eFabryka Norblina w pigu\u0142ce\u201d<\/strong> \u2013 czyli weekendowe spacery po najciekawszych \u015bcie\u017ckach muzeum. Te godzinne wycieczki odbywaj\u0105 si\u0119 <strong>w ka\u017cd\u0105 sobot\u0119 i niedziel\u0119 o 14:30<\/strong> i s\u0105 \u015bwietn\u0105 propozycj\u0105 zar\u00f3wno dla nowych, jak i powracaj\u0105cych go\u015bci: <a href=\"https:\/\/muzeumfabrykinorblina.pl\/fabryka-norblina-w-pigulce-rodzinnie\/\">https:\/\/muzeumfabrykinorblina.pl\/fabryka-norblina-w-pigulce-rodzinnie\/<\/a>&nbsp;<\/p>\n\n\n\n<p class=\"wp-block-paragraph\">Zach\u0119camy do zaplanowania wizyty i przekonania si\u0119, jak historia \u0142\u0105czy si\u0119 z nowoczesno\u015bci\u0105 w samym sercu Warszawy!<\/p>\n\n\n<!-- wp:themify-builder\/canvas \/-->","protected":false},"excerpt":{"rendered":"<p>Wakacje to idealny czas, \u017ceby odkry\u0107 Fabryk\u0119 Norblina na nowo! Latem zapraszamy na wyj\u0105tkowe oprowadzania \u201eFabryka Norblina: Wczoraj i dzi\u015b\u201d, kt\u00f3re pozwol\u0105 nie tylko pozna\u0107 fascynuj\u0105c\u0105 histori\u0119 tego miejsca, ale tak\u017ce zobaczy\u0107, jak funkcjonuje ono dzi\u015b \u2013 jako t\u0119tni\u0105ce \u017cyciem centrum kultury, gastronomii i rozrywki. Podczas wycieczki uczestnicy odwiedz\u0105 m.in. zabytkowe hale dzisiejszego Food Townu [&hellip;]<\/p>\n","protected":false},"author":9,"featured_media":5452,"comment_status":"closed","ping_status":"closed","sticky":false,"template":"","format":"standard","meta":{"_acf_changed":false,"_monsterinsights_skip_tracking":false,"footnotes":""},"categories":[29],"tags":[],"class_list":["post-5450","post","type-post","status-publish","format-standard","has-post-thumbnail","hentry","category-aktualnosci","has-post-title","has-post-date","has-post-category","has-post-tag","has-post-comment","has-post-author",""],"acf":[],"yoast_head":"<!-- This site is optimized with the Yoast SEO plugin v28.2 - https:\/\/yoast.com\/product\/yoast-seo-wordpress\/ -->\n<title>Lato w Muzeum Fabryki Norblina\u00a0 | Muzeum Fabryki Norblina<\/title>\n<meta name=\"robots\" content=\"index, follow, max-snippet:-1, max-image-preview:large, max-video-preview:-1\" \/>\n<link rel=\"canonical\" href=\"https:\/\/muzeumfabrykinorblina.pl\/?p=5450\" \/>\n<meta property=\"og:locale\" content=\"pl_PL\" \/>\n<meta property=\"og:type\" content=\"article\" \/>\n<meta property=\"og:title\" content=\"Lato w Muzeum Fabryki Norblina\u00a0 | Muzeum Fabryki Norblina\" \/>\n<meta property=\"og:description\" content=\"Wakacje to idealny czas, \u017ceby odkry\u0107 Fabryk\u0119 Norblina na nowo! Latem zapraszamy na wyj\u0105tkowe oprowadzania \u201eFabryka Norblina: Wczoraj i dzi\u015b\u201d, kt\u00f3re pozwol\u0105 nie tylko pozna\u0107 fascynuj\u0105c\u0105 histori\u0119 tego miejsca, ale tak\u017ce zobaczy\u0107, jak funkcjonuje ono dzi\u015b \u2013 jako t\u0119tni\u0105ce \u017cyciem centrum kultury, gastronomii i rozrywki. Podczas wycieczki uczestnicy odwiedz\u0105 m.in. zabytkowe hale dzisiejszego Food Townu [&hellip;]\" \/>\n<meta property=\"og:url\" content=\"https:\/\/muzeumfabrykinorblina.pl\/?p=5450\" \/>\n<meta property=\"og:site_name\" content=\"Muzeum Fabryki Norblina\" \/>\n<meta property=\"article:publisher\" content=\"https:\/\/www.facebook.com\/MuzeumFabrykiNorblina\" \/>\n<meta property=\"article:published_time\" content=\"2025-07-03T11:25:47+00:00\" \/>\n<meta property=\"article:modified_time\" content=\"2025-07-03T11:25:48+00:00\" \/>\n<meta property=\"og:image\" content=\"https:\/\/muzeumfabrykinorblina.pl\/wp-content\/uploads\/2025\/07\/MFB_Hero.jpg\" \/>\n\t<meta property=\"og:image:width\" content=\"1080\" \/>\n\t<meta property=\"og:image:height\" content=\"1080\" \/>\n\t<meta property=\"og:image:type\" content=\"image\/jpeg\" \/>\n<meta name=\"author\" content=\"Agata Ilnicka\" \/>\n<meta name=\"twitter:card\" content=\"summary_large_image\" \/>\n<meta name=\"twitter:label1\" content=\"Napisane przez\" \/>\n\t<meta name=\"twitter:data1\" content=\"Agata Ilnicka\" \/>\n\t<meta name=\"twitter:label2\" content=\"Szacowany czas czytania\" \/>\n\t<meta name=\"twitter:data2\" content=\"2 minuty\" \/>\n<script type=\"application\/ld+json\" class=\"yoast-schema-graph\">{\"@context\":\"https:\\\/\\\/schema.org\",\"@graph\":[{\"@type\":\"Article\",\"@id\":\"https:\\\/\\\/muzeumfabrykinorblina.pl\\\/?p=5450#article\",\"isPartOf\":{\"@id\":\"https:\\\/\\\/muzeumfabrykinorblina.pl\\\/?p=5450\"},\"author\":{\"name\":\"Agata Ilnicka\",\"@id\":\"https:\\\/\\\/muzeumfabrykinorblina.pl\\\/#\\\/schema\\\/person\\\/4f1632ef79031887e0e24c4ea9d3472e\"},\"headline\":\"Lato w Muzeum Fabryki Norblina\u00a0\",\"datePublished\":\"2025-07-03T11:25:47+00:00\",\"dateModified\":\"2025-07-03T11:25:48+00:00\",\"mainEntityOfPage\":{\"@id\":\"https:\\\/\\\/muzeumfabrykinorblina.pl\\\/?p=5450\"},\"wordCount\":196,\"publisher\":{\"@id\":\"https:\\\/\\\/muzeumfabrykinorblina.pl\\\/#organization\"},\"image\":{\"@id\":\"https:\\\/\\\/muzeumfabrykinorblina.pl\\\/?p=5450#primaryimage\"},\"thumbnailUrl\":\"https:\\\/\\\/muzeumfabrykinorblina.pl\\\/wp-content\\\/uploads\\\/2025\\\/07\\\/MFB_Hero.jpg\",\"articleSection\":[\"Aktualno\u015bci\"],\"inLanguage\":\"pl-PL\"},{\"@type\":\"WebPage\",\"@id\":\"https:\\\/\\\/muzeumfabrykinorblina.pl\\\/?p=5450\",\"url\":\"https:\\\/\\\/muzeumfabrykinorblina.pl\\\/?p=5450\",\"name\":\"Lato w Muzeum Fabryki Norblina\u00a0 | Muzeum Fabryki Norblina\",\"isPartOf\":{\"@id\":\"https:\\\/\\\/muzeumfabrykinorblina.pl\\\/#website\"},\"primaryImageOfPage\":{\"@id\":\"https:\\\/\\\/muzeumfabrykinorblina.pl\\\/?p=5450#primaryimage\"},\"image\":{\"@id\":\"https:\\\/\\\/muzeumfabrykinorblina.pl\\\/?p=5450#primaryimage\"},\"thumbnailUrl\":\"https:\\\/\\\/muzeumfabrykinorblina.pl\\\/wp-content\\\/uploads\\\/2025\\\/07\\\/MFB_Hero.jpg\",\"datePublished\":\"2025-07-03T11:25:47+00:00\",\"dateModified\":\"2025-07-03T11:25:48+00:00\",\"breadcrumb\":{\"@id\":\"https:\\\/\\\/muzeumfabrykinorblina.pl\\\/?p=5450#breadcrumb\"},\"inLanguage\":\"pl-PL\",\"potentialAction\":[{\"@type\":\"ReadAction\",\"target\":[\"https:\\\/\\\/muzeumfabrykinorblina.pl\\\/?p=5450\"]}]},{\"@type\":\"ImageObject\",\"inLanguage\":\"pl-PL\",\"@id\":\"https:\\\/\\\/muzeumfabrykinorblina.pl\\\/?p=5450#primaryimage\",\"url\":\"https:\\\/\\\/muzeumfabrykinorblina.pl\\\/wp-content\\\/uploads\\\/2025\\\/07\\\/MFB_Hero.jpg\",\"contentUrl\":\"https:\\\/\\\/muzeumfabrykinorblina.pl\\\/wp-content\\\/uploads\\\/2025\\\/07\\\/MFB_Hero.jpg\",\"width\":1080,\"height\":1080},{\"@type\":\"BreadcrumbList\",\"@id\":\"https:\\\/\\\/muzeumfabrykinorblina.pl\\\/?p=5450#breadcrumb\",\"itemListElement\":[{\"@type\":\"ListItem\",\"position\":1,\"name\":\"Strona g\u0142\u00f3wna\",\"item\":\"https:\\\/\\\/muzeumfabrykinorblina.pl\\\/\"},{\"@type\":\"ListItem\",\"position\":2,\"name\":\"Lato w Muzeum Fabryki Norblina\u00a0\"}]},{\"@type\":\"WebSite\",\"@id\":\"https:\\\/\\\/muzeumfabrykinorblina.pl\\\/#website\",\"url\":\"https:\\\/\\\/muzeumfabrykinorblina.pl\\\/\",\"name\":\"Muzeum Fabryki Norblina\",\"description\":\"Fabryka Norblina\",\"publisher\":{\"@id\":\"https:\\\/\\\/muzeumfabrykinorblina.pl\\\/#organization\"},\"potentialAction\":[{\"@type\":\"SearchAction\",\"target\":{\"@type\":\"EntryPoint\",\"urlTemplate\":\"https:\\\/\\\/muzeumfabrykinorblina.pl\\\/?s={search_term_string}\"},\"query-input\":{\"@type\":\"PropertyValueSpecification\",\"valueRequired\":true,\"valueName\":\"search_term_string\"}}],\"inLanguage\":\"pl-PL\"},{\"@type\":\"Organization\",\"@id\":\"https:\\\/\\\/muzeumfabrykinorblina.pl\\\/#organization\",\"name\":\"Muzeum Fabryki Norblina\",\"url\":\"https:\\\/\\\/muzeumfabrykinorblina.pl\\\/\",\"logo\":{\"@type\":\"ImageObject\",\"inLanguage\":\"pl-PL\",\"@id\":\"https:\\\/\\\/muzeumfabrykinorblina.pl\\\/#\\\/schema\\\/logo\\\/image\\\/\",\"url\":\"https:\\\/\\\/muzeumfabrykinorblina.pl\\\/wp-content\\\/uploads\\\/2023\\\/11\\\/MFN_Featured-image_1200x675.jpg\",\"contentUrl\":\"https:\\\/\\\/muzeumfabrykinorblina.pl\\\/wp-content\\\/uploads\\\/2023\\\/11\\\/MFN_Featured-image_1200x675.jpg\",\"width\":1200,\"height\":675,\"caption\":\"Muzeum Fabryki Norblina\"},\"image\":{\"@id\":\"https:\\\/\\\/muzeumfabrykinorblina.pl\\\/#\\\/schema\\\/logo\\\/image\\\/\"},\"sameAs\":[\"https:\\\/\\\/www.facebook.com\\\/MuzeumFabrykiNorblina\",\"https:\\\/\\\/www.instagram.com\\\/muzeumfabrykinorblina\\\/\"]},{\"@type\":\"Person\",\"@id\":\"https:\\\/\\\/muzeumfabrykinorblina.pl\\\/#\\\/schema\\\/person\\\/4f1632ef79031887e0e24c4ea9d3472e\",\"name\":\"Agata Ilnicka\",\"image\":{\"@type\":\"ImageObject\",\"inLanguage\":\"pl-PL\",\"@id\":\"https:\\\/\\\/secure.gravatar.com\\\/avatar\\\/0c850e3cc969e3bec61971337ea044add4e3b6da745c50448fbab5c86b0b85d9?s=96&d=mm&r=g\",\"url\":\"https:\\\/\\\/secure.gravatar.com\\\/avatar\\\/0c850e3cc969e3bec61971337ea044add4e3b6da745c50448fbab5c86b0b85d9?s=96&d=mm&r=g\",\"contentUrl\":\"https:\\\/\\\/secure.gravatar.com\\\/avatar\\\/0c850e3cc969e3bec61971337ea044add4e3b6da745c50448fbab5c86b0b85d9?s=96&d=mm&r=g\",\"caption\":\"Agata Ilnicka\"},\"url\":\"https:\\\/\\\/muzeumfabrykinorblina.pl\\\/?author=9\"}]}<\/script>\n<!-- \/ Yoast SEO plugin. -->","yoast_head_json":{"title":"Lato w Muzeum Fabryki Norblina\u00a0 | Muzeum Fabryki Norblina","robots":{"index":"index","follow":"follow","max-snippet":"max-snippet:-1","max-image-preview":"max-image-preview:large","max-video-preview":"max-video-preview:-1"},"canonical":"https:\/\/muzeumfabrykinorblina.pl\/?p=5450","og_locale":"pl_PL","og_type":"article","og_title":"Lato w Muzeum Fabryki Norblina\u00a0 | Muzeum Fabryki Norblina","og_description":"Wakacje to idealny czas, \u017ceby odkry\u0107 Fabryk\u0119 Norblina na nowo! Latem zapraszamy na wyj\u0105tkowe oprowadzania \u201eFabryka Norblina: Wczoraj i dzi\u015b\u201d, kt\u00f3re pozwol\u0105 nie tylko pozna\u0107 fascynuj\u0105c\u0105 histori\u0119 tego miejsca, ale tak\u017ce zobaczy\u0107, jak funkcjonuje ono dzi\u015b \u2013 jako t\u0119tni\u0105ce \u017cyciem centrum kultury, gastronomii i rozrywki. Podczas wycieczki uczestnicy odwiedz\u0105 m.in. zabytkowe hale dzisiejszego Food Townu [&hellip;]","og_url":"https:\/\/muzeumfabrykinorblina.pl\/?p=5450","og_site_name":"Muzeum Fabryki Norblina","article_publisher":"https:\/\/www.facebook.com\/MuzeumFabrykiNorblina","article_published_time":"2025-07-03T11:25:47+00:00","article_modified_time":"2025-07-03T11:25:48+00:00","og_image":[{"width":1080,"height":1080,"url":"https:\/\/muzeumfabrykinorblina.pl\/wp-content\/uploads\/2025\/07\/MFB_Hero.jpg","type":"image\/jpeg"}],"author":"Agata Ilnicka","twitter_card":"summary_large_image","twitter_misc":{"Napisane przez":"Agata Ilnicka","Szacowany czas czytania":"2 minuty"},"schema":{"@context":"https:\/\/schema.org","@graph":[{"@type":"Article","@id":"https:\/\/muzeumfabrykinorblina.pl\/?p=5450#article","isPartOf":{"@id":"https:\/\/muzeumfabrykinorblina.pl\/?p=5450"},"author":{"name":"Agata Ilnicka","@id":"https:\/\/muzeumfabrykinorblina.pl\/#\/schema\/person\/4f1632ef79031887e0e24c4ea9d3472e"},"headline":"Lato w Muzeum Fabryki Norblina\u00a0","datePublished":"2025-07-03T11:25:47+00:00","dateModified":"2025-07-03T11:25:48+00:00","mainEntityOfPage":{"@id":"https:\/\/muzeumfabrykinorblina.pl\/?p=5450"},"wordCount":196,"publisher":{"@id":"https:\/\/muzeumfabrykinorblina.pl\/#organization"},"image":{"@id":"https:\/\/muzeumfabrykinorblina.pl\/?p=5450#primaryimage"},"thumbnailUrl":"https:\/\/muzeumfabrykinorblina.pl\/wp-content\/uploads\/2025\/07\/MFB_Hero.jpg","articleSection":["Aktualno\u015bci"],"inLanguage":"pl-PL"},{"@type":"WebPage","@id":"https:\/\/muzeumfabrykinorblina.pl\/?p=5450","url":"https:\/\/muzeumfabrykinorblina.pl\/?p=5450","name":"Lato w Muzeum Fabryki Norblina\u00a0 | Muzeum Fabryki Norblina","isPartOf":{"@id":"https:\/\/muzeumfabrykinorblina.pl\/#website"},"primaryImageOfPage":{"@id":"https:\/\/muzeumfabrykinorblina.pl\/?p=5450#primaryimage"},"image":{"@id":"https:\/\/muzeumfabrykinorblina.pl\/?p=5450#primaryimage"},"thumbnailUrl":"https:\/\/muzeumfabrykinorblina.pl\/wp-content\/uploads\/2025\/07\/MFB_Hero.jpg","datePublished":"2025-07-03T11:25:47+00:00","dateModified":"2025-07-03T11:25:48+00:00","breadcrumb":{"@id":"https:\/\/muzeumfabrykinorblina.pl\/?p=5450#breadcrumb"},"inLanguage":"pl-PL","potentialAction":[{"@type":"ReadAction","target":["https:\/\/muzeumfabrykinorblina.pl\/?p=5450"]}]},{"@type":"ImageObject","inLanguage":"pl-PL","@id":"https:\/\/muzeumfabrykinorblina.pl\/?p=5450#primaryimage","url":"https:\/\/muzeumfabrykinorblina.pl\/wp-content\/uploads\/2025\/07\/MFB_Hero.jpg","contentUrl":"https:\/\/muzeumfabrykinorblina.pl\/wp-content\/uploads\/2025\/07\/MFB_Hero.jpg","width":1080,"height":1080},{"@type":"BreadcrumbList","@id":"https:\/\/muzeumfabrykinorblina.pl\/?p=5450#breadcrumb","itemListElement":[{"@type":"ListItem","position":1,"name":"Strona g\u0142\u00f3wna","item":"https:\/\/muzeumfabrykinorblina.pl\/"},{"@type":"ListItem","position":2,"name":"Lato w Muzeum Fabryki Norblina\u00a0"}]},{"@type":"WebSite","@id":"https:\/\/muzeumfabrykinorblina.pl\/#website","url":"https:\/\/muzeumfabrykinorblina.pl\/","name":"Muzeum Fabryki Norblina","description":"Fabryka Norblina","publisher":{"@id":"https:\/\/muzeumfabrykinorblina.pl\/#organization"},"potentialAction":[{"@type":"SearchAction","target":{"@type":"EntryPoint","urlTemplate":"https:\/\/muzeumfabrykinorblina.pl\/?s={search_term_string}"},"query-input":{"@type":"PropertyValueSpecification","valueRequired":true,"valueName":"search_term_string"}}],"inLanguage":"pl-PL"},{"@type":"Organization","@id":"https:\/\/muzeumfabrykinorblina.pl\/#organization","name":"Muzeum Fabryki Norblina","url":"https:\/\/muzeumfabrykinorblina.pl\/","logo":{"@type":"ImageObject","inLanguage":"pl-PL","@id":"https:\/\/muzeumfabrykinorblina.pl\/#\/schema\/logo\/image\/","url":"https:\/\/muzeumfabrykinorblina.pl\/wp-content\/uploads\/2023\/11\/MFN_Featured-image_1200x675.jpg","contentUrl":"https:\/\/muzeumfabrykinorblina.pl\/wp-content\/uploads\/2023\/11\/MFN_Featured-image_1200x675.jpg","width":1200,"height":675,"caption":"Muzeum Fabryki Norblina"},"image":{"@id":"https:\/\/muzeumfabrykinorblina.pl\/#\/schema\/logo\/image\/"},"sameAs":["https:\/\/www.facebook.com\/MuzeumFabrykiNorblina","https:\/\/www.instagram.com\/muzeumfabrykinorblina\/"]},{"@type":"Person","@id":"https:\/\/muzeumfabrykinorblina.pl\/#\/schema\/person\/4f1632ef79031887e0e24c4ea9d3472e","name":"Agata Ilnicka","image":{"@type":"ImageObject","inLanguage":"pl-PL","@id":"https:\/\/secure.gravatar.com\/avatar\/0c850e3cc969e3bec61971337ea044add4e3b6da745c50448fbab5c86b0b85d9?s=96&d=mm&r=g","url":"https:\/\/secure.gravatar.com\/avatar\/0c850e3cc969e3bec61971337ea044add4e3b6da745c50448fbab5c86b0b85d9?s=96&d=mm&r=g","contentUrl":"https:\/\/secure.gravatar.com\/avatar\/0c850e3cc969e3bec61971337ea044add4e3b6da745c50448fbab5c86b0b85d9?s=96&d=mm&r=g","caption":"Agata Ilnicka"},"url":"https:\/\/muzeumfabrykinorblina.pl\/?author=9"}]}},"lang":"pl","translations":{"pl":5450},"builder_content":"","pll_sync_post":{},"_links":{"self":[{"href":"https:\/\/muzeumfabrykinorblina.pl\/index.php?rest_route=\/wp\/v2\/posts\/5450","targetHints":{"allow":["GET"]}}],"collection":[{"href":"https:\/\/muzeumfabrykinorblina.pl\/index.php?rest_route=\/wp\/v2\/posts"}],"about":[{"href":"https:\/\/muzeumfabrykinorblina.pl\/index.php?rest_route=\/wp\/v2\/types\/post"}],"author":[{"embeddable":true,"href":"https:\/\/muzeumfabrykinorblina.pl\/index.php?rest_route=\/wp\/v2\/users\/9"}],"replies":[{"embeddable":true,"href":"https:\/\/muzeumfabrykinorblina.pl\/index.php?rest_route=%2Fwp%2Fv2%2Fcomments&post=5450"}],"version-history":[{"count":0,"href":"https:\/\/muzeumfabrykinorblina.pl\/index.php?rest_route=\/wp\/v2\/posts\/5450\/revisions"}],"wp:featuredmedia":[{"embeddable":true,"href":"https:\/\/muzeumfabrykinorblina.pl\/index.php?rest_route=\/wp\/v2\/media\/5452"}],"wp:attachment":[{"href":"https:\/\/muzeumfabrykinorblina.pl\/index.php?rest_route=%2Fwp%2Fv2%2Fmedia&parent=5450"}],"wp:term":[{"taxonomy":"category","embeddable":true,"href":"https:\/\/muzeumfabrykinorblina.pl\/index.php?rest_route=%2Fwp%2Fv2%2Fcategories&post=5450"},{"taxonomy":"post_tag","embeddable":true,"href":"https:\/\/muzeumfabrykinorblina.pl\/index.php?rest_route=%2Fwp%2Fv2%2Ftags&post=5450"}],"curies":[{"name":"wp","href":"https:\/\/api.w.org\/{rel}","templated":true}]}}