{"id":5147,"date":"2025-06-04T12:58:20","date_gmt":"2025-06-04T10:58:20","guid":{"rendered":"https:\/\/muzeumfabrykinorblina.pl\/?p=5147"},"modified":"2025-06-04T14:44:36","modified_gmt":"2025-06-04T12:44:36","slug":"czerwiec-w-muzeum-fabryki-norblina","status":"publish","type":"post","link":"https:\/\/muzeumfabrykinorblina.pl\/?p=5147","title":{"rendered":"Czerwiec w Muzeum Fabryki Norblina &#8211;\u00a0Rodzinne zwiedzanie i warsztaty edukacyjne dla dzieci"},"content":{"rendered":"\n<p class=\"wp-block-paragraph\">W czerwcu Muzeum Fabryki Norblina zaprasza najm\u0142odszych odkrywc\u00f3w oraz ich opiekun\u00f3w na wyj\u0105tkowe wydarzenia \u0142\u0105cz\u0105ce histori\u0119, technik\u0119 i m\u0105dr\u0105 zabaw\u0119. W programie znalaz\u0142y si\u0119 rodzinne wycieczki z elementem gry oraz warsztaty edukacyjne z eksperymentami i tw\u00f3rczym dzia\u0142aniem.<\/p>\n\n\n\n<p class=\"wp-block-paragraph\">Rodzinne zwiedzanie \u201eFabryka Norblina w pigu\u0142ce\u201d&nbsp;to aktywna forma spaceru z przewodnikiem w stroju z epoki. Uczestnicy \u2013 dzieci i doro\u015bli \u2013 wsp\u00f3lnie rozwi\u0105zuj\u0105 zagadki, poznaj\u0105 histori\u0119 dawnej fabryki oraz rywalizuj\u0105 w dru\u017cynach rodzinnych. Wycieczka przeznaczona jest g\u0142\u00f3wnie dla dzieci w wieku 7\u201313 lat, ale m\u0142odsze i starsze rodze\u0144stwo r\u00f3wnie\u017c jest mile widziane.<\/p>\n\n\n\n<p class=\"wp-block-paragraph\"><strong>Terminy:<\/strong><br>\u2013 7 czerwca 2025, godz. 12:30<br>\u2013 14 czerwca 2025, godz. 12:30<br>\u2013 28 czerwca 2025, godz. 12:30<br>Czas trwania:&nbsp;ok. 50 minut<br>Dzieci do 7. roku \u017cycia&nbsp;\u2013&nbsp;wst\u0119p bezp\u0142atny<\/p>\n\n\n\n<p class=\"wp-block-paragraph\"><strong>W programie<\/strong>:<br>\u2013 spacer \u015bcie\u017ckami tematycznymi: \u201eMaszyny i Urz\u0105dzenia\u201d, \u201eBudynki i Architektura\u201d, \u201eWyroby\u201d<br>\u2013 gra zespo\u0142owa dzieci kontra doro\u015bli<br>\u2013 zagadki i zadania do rozwi\u0105zania<br>\u2013 druk edukacyjny do dalszego odkrywania historii<\/p>\n\n\n\n<p class=\"wp-block-paragraph\"><strong>Podczas warsztat\u00f3w rodzinnych \u201eZnak Mistrza: Fabryka w Ruchu!\u201d<\/strong>&nbsp;dzieci wraz z opiekunami wykonaj\u0105 eksperymenty techniczne, poznaj\u0105 zasady dzia\u0142ania dawnych maszyn oraz stworz\u0105 w\u0142asny znak mistrza wybity na metalowej blaszce. Zaj\u0119cia przeznaczone s\u0105 dla dzieci w wieku 5\u201312 lat (z opiekunem).<\/p>\n\n\n\n<p class=\"wp-block-paragraph\"><strong>Termin<\/strong>: 21 czerwca 2025 (sobota), godz. 11:00<br><strong>Czas trwania<\/strong>: ok. 75 minut<br><strong>Miejsce<\/strong>: Muzeum Fabryki Norblina<\/p>\n\n\n\n<p class=\"wp-block-paragraph\"><strong>W programie<\/strong>:<br>\u2013 eksperymenty z przesuwaniem modeli konstrukcji<br>\u2013 opowie\u015b\u0107 o przesuwaniu budynk\u00f3w w dawnej fabryce<br>\u2013 tworzenie i wybicie w\u0142asnego znaku mistrza<br>\u2013 certyfikat \u201eM\u0142odego Fabrykanta\u201d dla ka\u017cdego uczestnika<\/p>\n\n\n\n<p class=\"wp-block-paragraph\">Czerwiec w Muzeum Fabryki Norblina to czas wsp\u00f3lnej zabawy, odkrywania historii i inspiruj\u0105cych rodzinnych do\u015bwiadcze\u0144.<\/p>\n\n\n\n<p class=\"wp-block-paragraph\"><strong>Liczba miejsc ograniczona \u2013 zapraszamy do rezerwacji!<\/strong><\/p>\n\n\n\n<p class=\"wp-block-paragraph\">\ud83d\udc49&nbsp;<a href=\"https:\/\/muzeumfabrykinorblina.pl\/fabryka-norblina-w-pigulce-rodzinnie\/\">Zapisz si\u0119 na zwiedzanie<\/a><br>\ud83d\udc49&nbsp;<a href=\"https:\/\/muzeumfabrykinorblina.pl\/rodzinne-warsztaty\/\">Zapisz si\u0119 na warsztaty<\/a><\/p>\n\n\n<!-- wp:themify-builder\/canvas \/-->","protected":false},"excerpt":{"rendered":"<p>W czerwcu Muzeum Fabryki Norblina zaprasza najm\u0142odszych odkrywc\u00f3w oraz ich opiekun\u00f3w na wyj\u0105tkowe wydarzenia \u0142\u0105cz\u0105ce histori\u0119, technik\u0119 i m\u0105dr\u0105 zabaw\u0119. W programie znalaz\u0142y si\u0119 rodzinne wycieczki z elementem gry oraz warsztaty edukacyjne z eksperymentami i tw\u00f3rczym dzia\u0142aniem. Rodzinne zwiedzanie \u201eFabryka Norblina w pigu\u0142ce\u201d&nbsp;to aktywna forma spaceru z przewodnikiem w stroju z epoki. Uczestnicy \u2013 dzieci [&hellip;]<\/p>\n","protected":false},"author":9,"featured_media":5148,"comment_status":"closed","ping_status":"closed","sticky":false,"template":"","format":"standard","meta":{"_acf_changed":false,"_monsterinsights_skip_tracking":false,"footnotes":""},"categories":[29],"tags":[],"class_list":["post-5147","post","type-post","status-publish","format-standard","has-post-thumbnail","hentry","category-aktualnosci","has-post-title","has-post-date","has-post-category","has-post-tag","has-post-comment","has-post-author",""],"acf":[],"yoast_head":"<!-- This site is optimized with the Yoast SEO plugin v28.2 - https:\/\/yoast.com\/product\/yoast-seo-wordpress\/ -->\n<title>Czerwiec w Muzeum Fabryki Norblina -\u00a0Rodzinne zwiedzanie i warsztaty edukacyjne dla dzieci | Muzeum Fabryki Norblina<\/title>\n<meta name=\"robots\" content=\"index, follow, max-snippet:-1, max-image-preview:large, max-video-preview:-1\" \/>\n<link rel=\"canonical\" href=\"https:\/\/muzeumfabrykinorblina.pl\/?p=5147\" \/>\n<meta property=\"og:locale\" content=\"pl_PL\" \/>\n<meta property=\"og:type\" content=\"article\" \/>\n<meta property=\"og:title\" content=\"Czerwiec w Muzeum Fabryki Norblina -\u00a0Rodzinne zwiedzanie i warsztaty edukacyjne dla dzieci | Muzeum Fabryki Norblina\" \/>\n<meta property=\"og:description\" content=\"W czerwcu Muzeum Fabryki Norblina zaprasza najm\u0142odszych odkrywc\u00f3w oraz ich opiekun\u00f3w na wyj\u0105tkowe wydarzenia \u0142\u0105cz\u0105ce histori\u0119, technik\u0119 i m\u0105dr\u0105 zabaw\u0119. W programie znalaz\u0142y si\u0119 rodzinne wycieczki z elementem gry oraz warsztaty edukacyjne z eksperymentami i tw\u00f3rczym dzia\u0142aniem. Rodzinne zwiedzanie \u201eFabryka Norblina w pigu\u0142ce\u201d&nbsp;to aktywna forma spaceru z przewodnikiem w stroju z epoki. Uczestnicy \u2013 dzieci [&hellip;]\" \/>\n<meta property=\"og:url\" content=\"https:\/\/muzeumfabrykinorblina.pl\/?p=5147\" \/>\n<meta property=\"og:site_name\" content=\"Muzeum Fabryki Norblina\" \/>\n<meta property=\"article:publisher\" content=\"https:\/\/www.facebook.com\/MuzeumFabrykiNorblina\" \/>\n<meta property=\"article:published_time\" content=\"2025-06-04T10:58:20+00:00\" \/>\n<meta property=\"article:modified_time\" content=\"2025-06-04T12:44:36+00:00\" \/>\n<meta property=\"og:image\" content=\"https:\/\/muzeumfabrykinorblina.pl\/wp-content\/uploads\/2025\/06\/WWW_MFN_Rodzinne_Zwiedzanie.jpg\" \/>\n\t<meta property=\"og:image:width\" content=\"1080\" \/>\n\t<meta property=\"og:image:height\" content=\"1080\" \/>\n\t<meta property=\"og:image:type\" content=\"image\/jpeg\" \/>\n<meta name=\"author\" content=\"Agata Ilnicka\" \/>\n<meta name=\"twitter:card\" content=\"summary_large_image\" \/>\n<meta name=\"twitter:label1\" content=\"Napisane przez\" \/>\n\t<meta name=\"twitter:data1\" content=\"Agata Ilnicka\" \/>\n\t<meta name=\"twitter:label2\" content=\"Szacowany czas czytania\" \/>\n\t<meta name=\"twitter:data2\" content=\"2 minuty\" \/>\n<script type=\"application\/ld+json\" class=\"yoast-schema-graph\">{\"@context\":\"https:\\\/\\\/schema.org\",\"@graph\":[{\"@type\":\"Article\",\"@id\":\"https:\\\/\\\/muzeumfabrykinorblina.pl\\\/?p=5147#article\",\"isPartOf\":{\"@id\":\"https:\\\/\\\/muzeumfabrykinorblina.pl\\\/?p=5147\"},\"author\":{\"name\":\"Agata Ilnicka\",\"@id\":\"https:\\\/\\\/muzeumfabrykinorblina.pl\\\/#\\\/schema\\\/person\\\/4f1632ef79031887e0e24c4ea9d3472e\"},\"headline\":\"Czerwiec w Muzeum Fabryki Norblina &#8211;\u00a0Rodzinne zwiedzanie i warsztaty edukacyjne dla dzieci\",\"datePublished\":\"2025-06-04T10:58:20+00:00\",\"dateModified\":\"2025-06-04T12:44:36+00:00\",\"mainEntityOfPage\":{\"@id\":\"https:\\\/\\\/muzeumfabrykinorblina.pl\\\/?p=5147\"},\"wordCount\":293,\"publisher\":{\"@id\":\"https:\\\/\\\/muzeumfabrykinorblina.pl\\\/#organization\"},\"image\":{\"@id\":\"https:\\\/\\\/muzeumfabrykinorblina.pl\\\/?p=5147#primaryimage\"},\"thumbnailUrl\":\"https:\\\/\\\/muzeumfabrykinorblina.pl\\\/wp-content\\\/uploads\\\/2025\\\/06\\\/WWW_MFN_Rodzinne_Zwiedzanie.jpg\",\"articleSection\":[\"Aktualno\u015bci\"],\"inLanguage\":\"pl-PL\"},{\"@type\":\"WebPage\",\"@id\":\"https:\\\/\\\/muzeumfabrykinorblina.pl\\\/?p=5147\",\"url\":\"https:\\\/\\\/muzeumfabrykinorblina.pl\\\/?p=5147\",\"name\":\"Czerwiec w Muzeum Fabryki Norblina -\u00a0Rodzinne zwiedzanie i warsztaty edukacyjne dla dzieci | Muzeum Fabryki Norblina\",\"isPartOf\":{\"@id\":\"https:\\\/\\\/muzeumfabrykinorblina.pl\\\/#website\"},\"primaryImageOfPage\":{\"@id\":\"https:\\\/\\\/muzeumfabrykinorblina.pl\\\/?p=5147#primaryimage\"},\"image\":{\"@id\":\"https:\\\/\\\/muzeumfabrykinorblina.pl\\\/?p=5147#primaryimage\"},\"thumbnailUrl\":\"https:\\\/\\\/muzeumfabrykinorblina.pl\\\/wp-content\\\/uploads\\\/2025\\\/06\\\/WWW_MFN_Rodzinne_Zwiedzanie.jpg\",\"datePublished\":\"2025-06-04T10:58:20+00:00\",\"dateModified\":\"2025-06-04T12:44:36+00:00\",\"breadcrumb\":{\"@id\":\"https:\\\/\\\/muzeumfabrykinorblina.pl\\\/?p=5147#breadcrumb\"},\"inLanguage\":\"pl-PL\",\"potentialAction\":[{\"@type\":\"ReadAction\",\"target\":[\"https:\\\/\\\/muzeumfabrykinorblina.pl\\\/?p=5147\"]}]},{\"@type\":\"ImageObject\",\"inLanguage\":\"pl-PL\",\"@id\":\"https:\\\/\\\/muzeumfabrykinorblina.pl\\\/?p=5147#primaryimage\",\"url\":\"https:\\\/\\\/muzeumfabrykinorblina.pl\\\/wp-content\\\/uploads\\\/2025\\\/06\\\/WWW_MFN_Rodzinne_Zwiedzanie.jpg\",\"contentUrl\":\"https:\\\/\\\/muzeumfabrykinorblina.pl\\\/wp-content\\\/uploads\\\/2025\\\/06\\\/WWW_MFN_Rodzinne_Zwiedzanie.jpg\",\"width\":1080,\"height\":1080},{\"@type\":\"BreadcrumbList\",\"@id\":\"https:\\\/\\\/muzeumfabrykinorblina.pl\\\/?p=5147#breadcrumb\",\"itemListElement\":[{\"@type\":\"ListItem\",\"position\":1,\"name\":\"Strona g\u0142\u00f3wna\",\"item\":\"https:\\\/\\\/muzeumfabrykinorblina.pl\\\/\"},{\"@type\":\"ListItem\",\"position\":2,\"name\":\"Czerwiec w Muzeum Fabryki Norblina &#8211;\u00a0Rodzinne zwiedzanie i warsztaty edukacyjne dla dzieci\"}]},{\"@type\":\"WebSite\",\"@id\":\"https:\\\/\\\/muzeumfabrykinorblina.pl\\\/#website\",\"url\":\"https:\\\/\\\/muzeumfabrykinorblina.pl\\\/\",\"name\":\"Muzeum Fabryki Norblina\",\"description\":\"Fabryka Norblina\",\"publisher\":{\"@id\":\"https:\\\/\\\/muzeumfabrykinorblina.pl\\\/#organization\"},\"potentialAction\":[{\"@type\":\"SearchAction\",\"target\":{\"@type\":\"EntryPoint\",\"urlTemplate\":\"https:\\\/\\\/muzeumfabrykinorblina.pl\\\/?s={search_term_string}\"},\"query-input\":{\"@type\":\"PropertyValueSpecification\",\"valueRequired\":true,\"valueName\":\"search_term_string\"}}],\"inLanguage\":\"pl-PL\"},{\"@type\":\"Organization\",\"@id\":\"https:\\\/\\\/muzeumfabrykinorblina.pl\\\/#organization\",\"name\":\"Muzeum Fabryki Norblina\",\"url\":\"https:\\\/\\\/muzeumfabrykinorblina.pl\\\/\",\"logo\":{\"@type\":\"ImageObject\",\"inLanguage\":\"pl-PL\",\"@id\":\"https:\\\/\\\/muzeumfabrykinorblina.pl\\\/#\\\/schema\\\/logo\\\/image\\\/\",\"url\":\"https:\\\/\\\/muzeumfabrykinorblina.pl\\\/wp-content\\\/uploads\\\/2023\\\/11\\\/MFN_Featured-image_1200x675.jpg\",\"contentUrl\":\"https:\\\/\\\/muzeumfabrykinorblina.pl\\\/wp-content\\\/uploads\\\/2023\\\/11\\\/MFN_Featured-image_1200x675.jpg\",\"width\":1200,\"height\":675,\"caption\":\"Muzeum Fabryki Norblina\"},\"image\":{\"@id\":\"https:\\\/\\\/muzeumfabrykinorblina.pl\\\/#\\\/schema\\\/logo\\\/image\\\/\"},\"sameAs\":[\"https:\\\/\\\/www.facebook.com\\\/MuzeumFabrykiNorblina\",\"https:\\\/\\\/www.instagram.com\\\/muzeumfabrykinorblina\\\/\"]},{\"@type\":\"Person\",\"@id\":\"https:\\\/\\\/muzeumfabrykinorblina.pl\\\/#\\\/schema\\\/person\\\/4f1632ef79031887e0e24c4ea9d3472e\",\"name\":\"Agata Ilnicka\",\"image\":{\"@type\":\"ImageObject\",\"inLanguage\":\"pl-PL\",\"@id\":\"https:\\\/\\\/secure.gravatar.com\\\/avatar\\\/0c850e3cc969e3bec61971337ea044add4e3b6da745c50448fbab5c86b0b85d9?s=96&d=mm&r=g\",\"url\":\"https:\\\/\\\/secure.gravatar.com\\\/avatar\\\/0c850e3cc969e3bec61971337ea044add4e3b6da745c50448fbab5c86b0b85d9?s=96&d=mm&r=g\",\"contentUrl\":\"https:\\\/\\\/secure.gravatar.com\\\/avatar\\\/0c850e3cc969e3bec61971337ea044add4e3b6da745c50448fbab5c86b0b85d9?s=96&d=mm&r=g\",\"caption\":\"Agata Ilnicka\"},\"url\":\"https:\\\/\\\/muzeumfabrykinorblina.pl\\\/?author=9\"}]}<\/script>\n<!-- \/ Yoast SEO plugin. -->","yoast_head_json":{"title":"Czerwiec w Muzeum Fabryki Norblina -\u00a0Rodzinne zwiedzanie i warsztaty edukacyjne dla dzieci | Muzeum Fabryki Norblina","robots":{"index":"index","follow":"follow","max-snippet":"max-snippet:-1","max-image-preview":"max-image-preview:large","max-video-preview":"max-video-preview:-1"},"canonical":"https:\/\/muzeumfabrykinorblina.pl\/?p=5147","og_locale":"pl_PL","og_type":"article","og_title":"Czerwiec w Muzeum Fabryki Norblina -\u00a0Rodzinne zwiedzanie i warsztaty edukacyjne dla dzieci | Muzeum Fabryki Norblina","og_description":"W czerwcu Muzeum Fabryki Norblina zaprasza najm\u0142odszych odkrywc\u00f3w oraz ich opiekun\u00f3w na wyj\u0105tkowe wydarzenia \u0142\u0105cz\u0105ce histori\u0119, technik\u0119 i m\u0105dr\u0105 zabaw\u0119. W programie znalaz\u0142y si\u0119 rodzinne wycieczki z elementem gry oraz warsztaty edukacyjne z eksperymentami i tw\u00f3rczym dzia\u0142aniem. Rodzinne zwiedzanie \u201eFabryka Norblina w pigu\u0142ce\u201d&nbsp;to aktywna forma spaceru z przewodnikiem w stroju z epoki. Uczestnicy \u2013 dzieci [&hellip;]","og_url":"https:\/\/muzeumfabrykinorblina.pl\/?p=5147","og_site_name":"Muzeum Fabryki Norblina","article_publisher":"https:\/\/www.facebook.com\/MuzeumFabrykiNorblina","article_published_time":"2025-06-04T10:58:20+00:00","article_modified_time":"2025-06-04T12:44:36+00:00","og_image":[{"width":1080,"height":1080,"url":"https:\/\/muzeumfabrykinorblina.pl\/wp-content\/uploads\/2025\/06\/WWW_MFN_Rodzinne_Zwiedzanie.jpg","type":"image\/jpeg"}],"author":"Agata Ilnicka","twitter_card":"summary_large_image","twitter_misc":{"Napisane przez":"Agata Ilnicka","Szacowany czas czytania":"2 minuty"},"schema":{"@context":"https:\/\/schema.org","@graph":[{"@type":"Article","@id":"https:\/\/muzeumfabrykinorblina.pl\/?p=5147#article","isPartOf":{"@id":"https:\/\/muzeumfabrykinorblina.pl\/?p=5147"},"author":{"name":"Agata Ilnicka","@id":"https:\/\/muzeumfabrykinorblina.pl\/#\/schema\/person\/4f1632ef79031887e0e24c4ea9d3472e"},"headline":"Czerwiec w Muzeum Fabryki Norblina &#8211;\u00a0Rodzinne zwiedzanie i warsztaty edukacyjne dla dzieci","datePublished":"2025-06-04T10:58:20+00:00","dateModified":"2025-06-04T12:44:36+00:00","mainEntityOfPage":{"@id":"https:\/\/muzeumfabrykinorblina.pl\/?p=5147"},"wordCount":293,"publisher":{"@id":"https:\/\/muzeumfabrykinorblina.pl\/#organization"},"image":{"@id":"https:\/\/muzeumfabrykinorblina.pl\/?p=5147#primaryimage"},"thumbnailUrl":"https:\/\/muzeumfabrykinorblina.pl\/wp-content\/uploads\/2025\/06\/WWW_MFN_Rodzinne_Zwiedzanie.jpg","articleSection":["Aktualno\u015bci"],"inLanguage":"pl-PL"},{"@type":"WebPage","@id":"https:\/\/muzeumfabrykinorblina.pl\/?p=5147","url":"https:\/\/muzeumfabrykinorblina.pl\/?p=5147","name":"Czerwiec w Muzeum Fabryki Norblina -\u00a0Rodzinne zwiedzanie i warsztaty edukacyjne dla dzieci | Muzeum Fabryki Norblina","isPartOf":{"@id":"https:\/\/muzeumfabrykinorblina.pl\/#website"},"primaryImageOfPage":{"@id":"https:\/\/muzeumfabrykinorblina.pl\/?p=5147#primaryimage"},"image":{"@id":"https:\/\/muzeumfabrykinorblina.pl\/?p=5147#primaryimage"},"thumbnailUrl":"https:\/\/muzeumfabrykinorblina.pl\/wp-content\/uploads\/2025\/06\/WWW_MFN_Rodzinne_Zwiedzanie.jpg","datePublished":"2025-06-04T10:58:20+00:00","dateModified":"2025-06-04T12:44:36+00:00","breadcrumb":{"@id":"https:\/\/muzeumfabrykinorblina.pl\/?p=5147#breadcrumb"},"inLanguage":"pl-PL","potentialAction":[{"@type":"ReadAction","target":["https:\/\/muzeumfabrykinorblina.pl\/?p=5147"]}]},{"@type":"ImageObject","inLanguage":"pl-PL","@id":"https:\/\/muzeumfabrykinorblina.pl\/?p=5147#primaryimage","url":"https:\/\/muzeumfabrykinorblina.pl\/wp-content\/uploads\/2025\/06\/WWW_MFN_Rodzinne_Zwiedzanie.jpg","contentUrl":"https:\/\/muzeumfabrykinorblina.pl\/wp-content\/uploads\/2025\/06\/WWW_MFN_Rodzinne_Zwiedzanie.jpg","width":1080,"height":1080},{"@type":"BreadcrumbList","@id":"https:\/\/muzeumfabrykinorblina.pl\/?p=5147#breadcrumb","itemListElement":[{"@type":"ListItem","position":1,"name":"Strona g\u0142\u00f3wna","item":"https:\/\/muzeumfabrykinorblina.pl\/"},{"@type":"ListItem","position":2,"name":"Czerwiec w Muzeum Fabryki Norblina &#8211;\u00a0Rodzinne zwiedzanie i warsztaty edukacyjne dla dzieci"}]},{"@type":"WebSite","@id":"https:\/\/muzeumfabrykinorblina.pl\/#website","url":"https:\/\/muzeumfabrykinorblina.pl\/","name":"Muzeum Fabryki Norblina","description":"Fabryka Norblina","publisher":{"@id":"https:\/\/muzeumfabrykinorblina.pl\/#organization"},"potentialAction":[{"@type":"SearchAction","target":{"@type":"EntryPoint","urlTemplate":"https:\/\/muzeumfabrykinorblina.pl\/?s={search_term_string}"},"query-input":{"@type":"PropertyValueSpecification","valueRequired":true,"valueName":"search_term_string"}}],"inLanguage":"pl-PL"},{"@type":"Organization","@id":"https:\/\/muzeumfabrykinorblina.pl\/#organization","name":"Muzeum Fabryki Norblina","url":"https:\/\/muzeumfabrykinorblina.pl\/","logo":{"@type":"ImageObject","inLanguage":"pl-PL","@id":"https:\/\/muzeumfabrykinorblina.pl\/#\/schema\/logo\/image\/","url":"https:\/\/muzeumfabrykinorblina.pl\/wp-content\/uploads\/2023\/11\/MFN_Featured-image_1200x675.jpg","contentUrl":"https:\/\/muzeumfabrykinorblina.pl\/wp-content\/uploads\/2023\/11\/MFN_Featured-image_1200x675.jpg","width":1200,"height":675,"caption":"Muzeum Fabryki Norblina"},"image":{"@id":"https:\/\/muzeumfabrykinorblina.pl\/#\/schema\/logo\/image\/"},"sameAs":["https:\/\/www.facebook.com\/MuzeumFabrykiNorblina","https:\/\/www.instagram.com\/muzeumfabrykinorblina\/"]},{"@type":"Person","@id":"https:\/\/muzeumfabrykinorblina.pl\/#\/schema\/person\/4f1632ef79031887e0e24c4ea9d3472e","name":"Agata Ilnicka","image":{"@type":"ImageObject","inLanguage":"pl-PL","@id":"https:\/\/secure.gravatar.com\/avatar\/0c850e3cc969e3bec61971337ea044add4e3b6da745c50448fbab5c86b0b85d9?s=96&d=mm&r=g","url":"https:\/\/secure.gravatar.com\/avatar\/0c850e3cc969e3bec61971337ea044add4e3b6da745c50448fbab5c86b0b85d9?s=96&d=mm&r=g","contentUrl":"https:\/\/secure.gravatar.com\/avatar\/0c850e3cc969e3bec61971337ea044add4e3b6da745c50448fbab5c86b0b85d9?s=96&d=mm&r=g","caption":"Agata Ilnicka"},"url":"https:\/\/muzeumfabrykinorblina.pl\/?author=9"}]}},"lang":"pl","translations":{"pl":5147},"builder_content":"","pll_sync_post":{},"_links":{"self":[{"href":"https:\/\/muzeumfabrykinorblina.pl\/index.php?rest_route=\/wp\/v2\/posts\/5147","targetHints":{"allow":["GET"]}}],"collection":[{"href":"https:\/\/muzeumfabrykinorblina.pl\/index.php?rest_route=\/wp\/v2\/posts"}],"about":[{"href":"https:\/\/muzeumfabrykinorblina.pl\/index.php?rest_route=\/wp\/v2\/types\/post"}],"author":[{"embeddable":true,"href":"https:\/\/muzeumfabrykinorblina.pl\/index.php?rest_route=\/wp\/v2\/users\/9"}],"replies":[{"embeddable":true,"href":"https:\/\/muzeumfabrykinorblina.pl\/index.php?rest_route=%2Fwp%2Fv2%2Fcomments&post=5147"}],"version-history":[{"count":0,"href":"https:\/\/muzeumfabrykinorblina.pl\/index.php?rest_route=\/wp\/v2\/posts\/5147\/revisions"}],"wp:featuredmedia":[{"embeddable":true,"href":"https:\/\/muzeumfabrykinorblina.pl\/index.php?rest_route=\/wp\/v2\/media\/5148"}],"wp:attachment":[{"href":"https:\/\/muzeumfabrykinorblina.pl\/index.php?rest_route=%2Fwp%2Fv2%2Fmedia&parent=5147"}],"wp:term":[{"taxonomy":"category","embeddable":true,"href":"https:\/\/muzeumfabrykinorblina.pl\/index.php?rest_route=%2Fwp%2Fv2%2Fcategories&post=5147"},{"taxonomy":"post_tag","embeddable":true,"href":"https:\/\/muzeumfabrykinorblina.pl\/index.php?rest_route=%2Fwp%2Fv2%2Ftags&post=5147"}],"curies":[{"name":"wp","href":"https:\/\/api.w.org\/{rel}","templated":true}]}}