{"id":4528,"date":"2025-05-23T12:46:45","date_gmt":"2025-05-23T12:46:45","guid":{"rendered":"https:\/\/muzeumfabrykinorblina.pl\/?p=4528"},"modified":"2025-05-30T16:18:52","modified_gmt":"2025-05-30T14:18:52","slug":"wystawa-bylo-jest-fabryka-norblina","status":"publish","type":"post","link":"https:\/\/muzeumfabrykinorblina.pl\/?p=4528","title":{"rendered":"Wystawa w Fabryce Norblina \u2013 BY\u0141O\/JEST"},"content":{"rendered":"\n<p class=\"wp-block-paragraph\">Historia oczami fotograf\u00f3w.<\/p>\n\n\n\n<p class=\"wp-block-paragraph\">17 maja w Noc Muze\u00f3w otworzyli\u015bmy wystaw\u0119 \u201eFabryka Norblina. By\u0142o \/ Jest\u201d. Jej koncepcja opiera si\u0119 na zestawieniu dw\u00f3ch fotograficznych spojrze\u0144 wykonanych w odst\u0119pie trzynastu lat \u2013 w 2012 i 2025 roku.<\/p>\n\n\n\n<p class=\"wp-block-paragraph\">Fotografie Micha\u0142a Jaszowskiego&nbsp;dokumentuj\u0105 stan zabytkowej substancji fabryki sprzed rewitalizacji \u2013 z widocznymi \u015bladami dramatycznych wydarze\u0144, kt\u00f3re odcisn\u0119\u0142y swoje pi\u0119tno zar\u00f3wno na budynkach, jak i historii miasta. Zdj\u0119cia Marcina Czechowicza&nbsp;pokazuj\u0105 t\u0119 sam\u0105 przestrze\u0144 po kompleksowych pracach konserwatorsko-restauratorskich przeprowadzonych przez Grup\u0119 Capital Park w latach 2017\u20132021.<\/p>\n\n\n\n<p class=\"wp-block-paragraph\">Celem ekspozycji by\u0142o mo\u017cliwie wierne powt\u00f3rzenie kadr\u00f3w z 2012 roku \u2013 tak, aby z tej samej perspektywy uchwyci\u0107 zmiany oraz ukaza\u0107 transformacj\u0119 Fabryki Norblina w spos\u00f3b bezpo\u015bredni i por\u00f3wnawczy. Widzowie mog\u0105 dostrzec zar\u00f3wno \u015blady przesz\u0142o\u015bci, jak i efekty prac, kt\u00f3re zachowa\u0142y maksymaln\u0105 liczb\u0119 oryginalnych element\u00f3w przy jednoczesnym usuni\u0119ciu oznak dewastacji.<\/p>\n\n\n\n<p class=\"wp-block-paragraph\"><strong>SPACER TEMATYCZNY FABRYKA NORBLINA \u2013 BY\u0141O\/JEST<\/strong><\/p>\n\n\n\n<p class=\"wp-block-paragraph\">Wycieczki \u015bladami wystawy \u201eFabryka Norblina \u2013 By\u0142o\/Jest\u201d to propozycja dla tych, kt\u00f3rzy chc\u0105 przyjrze\u0107 si\u0119 historii kompleksu oczami fotograf\u00f3w i architekt\u00f3w. Oprowadzanie powsta\u0142o jako cz\u0119\u015b\u0107 programu Nocy Muze\u00f3w 2025 \u2013 \u201eFabryka Norblina \u2013 By\u0142o\/Jest\u201d*. Spotka\u0142o si\u0119 z du\u017cym zainteresowaniem zwiedzaj\u0105cych, dlatego teraz dost\u0119pne b\u0119dzie jako sta\u0142a oferta naszego Muzeum.<\/p>\n\n\n\n<p class=\"wp-block-paragraph\">W\u0119dr\u00f3wka szlakiem dawnych hal i budynk\u00f3w oparta jest na wystawie zestawiaj\u0105cej fotografie Micha\u0142a Jaszowskiego z 2012 roku \u2013 dokumentuj\u0105ce fabryk\u0119 przed rewitalizacj\u0105 \u2013 z wykonanymi z tych samych kadr\u00f3w zdj\u0119ciami autorstwa Marcina Czechowicza z 2025 roku.&nbsp;<\/p>\n\n\n\n<p class=\"wp-block-paragraph\">Trasa prowadzi przez kluczowe punkty historycznego uk\u0142adu fabryki, a oprowadzanie wzbogacone jest o opowie\u015bci dotycz\u0105ce przemian funkcjonalnych, architektonicznych oraz historii miejsca. Spacer stanowi wyj\u0105tkow\u0105 okazj\u0119 do spojrzenia na przestrze\u0144 Fabryki Norblina z perspektywy dokumentacji fotograficznej i archiwalnej.<\/p>\n\n\n\n<p class=\"wp-block-paragraph\"><strong>Terminy spacer\u00f3w:<\/strong> 15 i 22 czerwca o godzinie 14:30.<\/p>\n\n\n\n<p class=\"wp-block-paragraph\"><strong>Start trasy:<\/strong> punkt Bilety\/Info (wej\u015bcie od ul. \u017belaznej, poziom 0)<br><strong>Czas trwania:<\/strong> ok. 50 minut<\/p>\n\n\n\n<p class=\"wp-block-paragraph\">Zapraszamy do poznania historii miejsca, kt\u00f3re \u0142\u0105czy przesz\u0142o\u015b\u0107 z tera\u017aniejszo\u015bci\u0105 \u2013 w przestrzeni, gdzie autentyczne relikty przemys\u0142owej Warszawy zyska\u0142y nowe \u017cycie.<\/p>\n\n\n\n<p class=\"wp-block-paragraph\"><br><em>*Wystawa \u201eFabryka Norblina \u2013 By\u0142o\/Jest\u201d dost\u0119pna na poziomie +1 w budynku Plater do ko\u0144ca czerwca<\/em><\/p>\n\n\n\n<p class=\"wp-block-paragraph\"><em>**Wystawie towarzyszy konkurs fotograficzny wsp\u00f3\u0142organizowany z redakcj\u0105 portalu NowaWarszawa.pl, zach\u0119camy do udzia\u0142u. Szczeg\u00f3\u0142y konkursu: <\/em><a href=\"https:\/\/nowawarszawa.pl\/fabryka-norblina-bylo-i-jest-konkurs-fotograficzny-do-wygrania-ipad-pro\/\"><em>https:\/\/nowawarszawa.pl\/fabryka-norblina-bylo-i-jest-konkurs-fotograficzny-do-wygrania-ipad-pro\/<\/em><\/a><em>&nbsp;<\/em><\/p>\n\n\n<!-- wp:themify-builder\/canvas \/-->","protected":false},"excerpt":{"rendered":"<p>Historia oczami fotograf\u00f3w. 17 maja w Noc Muze\u00f3w otworzyli\u015bmy wystaw\u0119 \u201eFabryka Norblina. By\u0142o \/ Jest\u201d. Jej koncepcja opiera si\u0119 na zestawieniu dw\u00f3ch fotograficznych spojrze\u0144 wykonanych w odst\u0119pie trzynastu lat \u2013 w 2012 i 2025 roku. Fotografie Micha\u0142a Jaszowskiego&nbsp;dokumentuj\u0105 stan zabytkowej substancji fabryki sprzed rewitalizacji \u2013 z widocznymi \u015bladami dramatycznych wydarze\u0144, kt\u00f3re odcisn\u0119\u0142y swoje pi\u0119tno zar\u00f3wno [&hellip;]<\/p>\n","protected":false},"author":9,"featured_media":4529,"comment_status":"closed","ping_status":"closed","sticky":false,"template":"","format":"standard","meta":{"_acf_changed":false,"_monsterinsights_skip_tracking":false,"footnotes":""},"categories":[29],"tags":[],"class_list":["post-4528","post","type-post","status-publish","format-standard","has-post-thumbnail","hentry","category-aktualnosci","has-post-title","has-post-date","has-post-category","has-post-tag","has-post-comment","has-post-author",""],"acf":[],"yoast_head":"<!-- This site is optimized with the Yoast SEO plugin v28.2 - https:\/\/yoast.com\/product\/yoast-seo-wordpress\/ -->\n<title>Wystawa w Fabryce Norblina \u2013 BY\u0141O\/JEST | Muzeum Fabryki Norblina<\/title>\n<meta name=\"robots\" content=\"index, follow, max-snippet:-1, max-image-preview:large, max-video-preview:-1\" \/>\n<link rel=\"canonical\" href=\"https:\/\/muzeumfabrykinorblina.pl\/?p=4528\" \/>\n<meta property=\"og:locale\" content=\"pl_PL\" \/>\n<meta property=\"og:type\" content=\"article\" \/>\n<meta property=\"og:title\" content=\"Wystawa w Fabryce Norblina \u2013 BY\u0141O\/JEST | Muzeum Fabryki Norblina\" \/>\n<meta property=\"og:description\" content=\"Historia oczami fotograf\u00f3w. 17 maja w Noc Muze\u00f3w otworzyli\u015bmy wystaw\u0119 \u201eFabryka Norblina. By\u0142o \/ Jest\u201d. Jej koncepcja opiera si\u0119 na zestawieniu dw\u00f3ch fotograficznych spojrze\u0144 wykonanych w odst\u0119pie trzynastu lat \u2013 w 2012 i 2025 roku. Fotografie Micha\u0142a Jaszowskiego&nbsp;dokumentuj\u0105 stan zabytkowej substancji fabryki sprzed rewitalizacji \u2013 z widocznymi \u015bladami dramatycznych wydarze\u0144, kt\u00f3re odcisn\u0119\u0142y swoje pi\u0119tno zar\u00f3wno [&hellip;]\" \/>\n<meta property=\"og:url\" content=\"https:\/\/muzeumfabrykinorblina.pl\/?p=4528\" \/>\n<meta property=\"og:site_name\" content=\"Muzeum Fabryki Norblina\" \/>\n<meta property=\"article:publisher\" content=\"https:\/\/www.facebook.com\/MuzeumFabrykiNorblina\" \/>\n<meta property=\"article:published_time\" content=\"2025-05-23T12:46:45+00:00\" \/>\n<meta property=\"article:modified_time\" content=\"2025-05-30T14:18:52+00:00\" \/>\n<meta property=\"og:image\" content=\"https:\/\/muzeumfabrykinorblina.pl\/wp-content\/uploads\/2025\/05\/MFN_Bylo_Jest_WWW.jpg\" \/>\n\t<meta property=\"og:image:width\" content=\"1080\" \/>\n\t<meta property=\"og:image:height\" content=\"1080\" \/>\n\t<meta property=\"og:image:type\" content=\"image\/jpeg\" \/>\n<meta name=\"author\" content=\"Agata Ilnicka\" \/>\n<meta name=\"twitter:card\" content=\"summary_large_image\" \/>\n<meta name=\"twitter:label1\" content=\"Napisane przez\" \/>\n\t<meta name=\"twitter:data1\" content=\"Agata Ilnicka\" \/>\n\t<meta name=\"twitter:label2\" content=\"Szacowany czas czytania\" \/>\n\t<meta name=\"twitter:data2\" content=\"3 minuty\" \/>\n<script type=\"application\/ld+json\" class=\"yoast-schema-graph\">{\"@context\":\"https:\\\/\\\/schema.org\",\"@graph\":[{\"@type\":\"Article\",\"@id\":\"https:\\\/\\\/muzeumfabrykinorblina.pl\\\/?p=4528#article\",\"isPartOf\":{\"@id\":\"https:\\\/\\\/muzeumfabrykinorblina.pl\\\/?p=4528\"},\"author\":{\"name\":\"Agata Ilnicka\",\"@id\":\"https:\\\/\\\/muzeumfabrykinorblina.pl\\\/#\\\/schema\\\/person\\\/4f1632ef79031887e0e24c4ea9d3472e\"},\"headline\":\"Wystawa w Fabryce Norblina \u2013 BY\u0141O\\\/JEST\",\"datePublished\":\"2025-05-23T12:46:45+00:00\",\"dateModified\":\"2025-05-30T14:18:52+00:00\",\"mainEntityOfPage\":{\"@id\":\"https:\\\/\\\/muzeumfabrykinorblina.pl\\\/?p=4528\"},\"wordCount\":395,\"publisher\":{\"@id\":\"https:\\\/\\\/muzeumfabrykinorblina.pl\\\/#organization\"},\"image\":{\"@id\":\"https:\\\/\\\/muzeumfabrykinorblina.pl\\\/?p=4528#primaryimage\"},\"thumbnailUrl\":\"https:\\\/\\\/muzeumfabrykinorblina.pl\\\/wp-content\\\/uploads\\\/2025\\\/05\\\/MFN_Bylo_Jest_WWW.jpg\",\"articleSection\":[\"Aktualno\u015bci\"],\"inLanguage\":\"pl-PL\"},{\"@type\":\"WebPage\",\"@id\":\"https:\\\/\\\/muzeumfabrykinorblina.pl\\\/?p=4528\",\"url\":\"https:\\\/\\\/muzeumfabrykinorblina.pl\\\/?p=4528\",\"name\":\"Wystawa w Fabryce Norblina \u2013 BY\u0141O\\\/JEST | Muzeum Fabryki Norblina\",\"isPartOf\":{\"@id\":\"https:\\\/\\\/muzeumfabrykinorblina.pl\\\/#website\"},\"primaryImageOfPage\":{\"@id\":\"https:\\\/\\\/muzeumfabrykinorblina.pl\\\/?p=4528#primaryimage\"},\"image\":{\"@id\":\"https:\\\/\\\/muzeumfabrykinorblina.pl\\\/?p=4528#primaryimage\"},\"thumbnailUrl\":\"https:\\\/\\\/muzeumfabrykinorblina.pl\\\/wp-content\\\/uploads\\\/2025\\\/05\\\/MFN_Bylo_Jest_WWW.jpg\",\"datePublished\":\"2025-05-23T12:46:45+00:00\",\"dateModified\":\"2025-05-30T14:18:52+00:00\",\"breadcrumb\":{\"@id\":\"https:\\\/\\\/muzeumfabrykinorblina.pl\\\/?p=4528#breadcrumb\"},\"inLanguage\":\"pl-PL\",\"potentialAction\":[{\"@type\":\"ReadAction\",\"target\":[\"https:\\\/\\\/muzeumfabrykinorblina.pl\\\/?p=4528\"]}]},{\"@type\":\"ImageObject\",\"inLanguage\":\"pl-PL\",\"@id\":\"https:\\\/\\\/muzeumfabrykinorblina.pl\\\/?p=4528#primaryimage\",\"url\":\"https:\\\/\\\/muzeumfabrykinorblina.pl\\\/wp-content\\\/uploads\\\/2025\\\/05\\\/MFN_Bylo_Jest_WWW.jpg\",\"contentUrl\":\"https:\\\/\\\/muzeumfabrykinorblina.pl\\\/wp-content\\\/uploads\\\/2025\\\/05\\\/MFN_Bylo_Jest_WWW.jpg\",\"width\":1080,\"height\":1080},{\"@type\":\"BreadcrumbList\",\"@id\":\"https:\\\/\\\/muzeumfabrykinorblina.pl\\\/?p=4528#breadcrumb\",\"itemListElement\":[{\"@type\":\"ListItem\",\"position\":1,\"name\":\"Strona g\u0142\u00f3wna\",\"item\":\"https:\\\/\\\/muzeumfabrykinorblina.pl\\\/\"},{\"@type\":\"ListItem\",\"position\":2,\"name\":\"Wystawa w Fabryce Norblina \u2013 BY\u0141O\\\/JEST\"}]},{\"@type\":\"WebSite\",\"@id\":\"https:\\\/\\\/muzeumfabrykinorblina.pl\\\/#website\",\"url\":\"https:\\\/\\\/muzeumfabrykinorblina.pl\\\/\",\"name\":\"Muzeum Fabryki Norblina\",\"description\":\"Fabryka Norblina\",\"publisher\":{\"@id\":\"https:\\\/\\\/muzeumfabrykinorblina.pl\\\/#organization\"},\"potentialAction\":[{\"@type\":\"SearchAction\",\"target\":{\"@type\":\"EntryPoint\",\"urlTemplate\":\"https:\\\/\\\/muzeumfabrykinorblina.pl\\\/?s={search_term_string}\"},\"query-input\":{\"@type\":\"PropertyValueSpecification\",\"valueRequired\":true,\"valueName\":\"search_term_string\"}}],\"inLanguage\":\"pl-PL\"},{\"@type\":\"Organization\",\"@id\":\"https:\\\/\\\/muzeumfabrykinorblina.pl\\\/#organization\",\"name\":\"Muzeum Fabryki Norblina\",\"url\":\"https:\\\/\\\/muzeumfabrykinorblina.pl\\\/\",\"logo\":{\"@type\":\"ImageObject\",\"inLanguage\":\"pl-PL\",\"@id\":\"https:\\\/\\\/muzeumfabrykinorblina.pl\\\/#\\\/schema\\\/logo\\\/image\\\/\",\"url\":\"https:\\\/\\\/muzeumfabrykinorblina.pl\\\/wp-content\\\/uploads\\\/2023\\\/11\\\/MFN_Featured-image_1200x675.jpg\",\"contentUrl\":\"https:\\\/\\\/muzeumfabrykinorblina.pl\\\/wp-content\\\/uploads\\\/2023\\\/11\\\/MFN_Featured-image_1200x675.jpg\",\"width\":1200,\"height\":675,\"caption\":\"Muzeum Fabryki Norblina\"},\"image\":{\"@id\":\"https:\\\/\\\/muzeumfabrykinorblina.pl\\\/#\\\/schema\\\/logo\\\/image\\\/\"},\"sameAs\":[\"https:\\\/\\\/www.facebook.com\\\/MuzeumFabrykiNorblina\",\"https:\\\/\\\/www.instagram.com\\\/muzeumfabrykinorblina\\\/\"]},{\"@type\":\"Person\",\"@id\":\"https:\\\/\\\/muzeumfabrykinorblina.pl\\\/#\\\/schema\\\/person\\\/4f1632ef79031887e0e24c4ea9d3472e\",\"name\":\"Agata Ilnicka\",\"image\":{\"@type\":\"ImageObject\",\"inLanguage\":\"pl-PL\",\"@id\":\"https:\\\/\\\/secure.gravatar.com\\\/avatar\\\/0c850e3cc969e3bec61971337ea044add4e3b6da745c50448fbab5c86b0b85d9?s=96&d=mm&r=g\",\"url\":\"https:\\\/\\\/secure.gravatar.com\\\/avatar\\\/0c850e3cc969e3bec61971337ea044add4e3b6da745c50448fbab5c86b0b85d9?s=96&d=mm&r=g\",\"contentUrl\":\"https:\\\/\\\/secure.gravatar.com\\\/avatar\\\/0c850e3cc969e3bec61971337ea044add4e3b6da745c50448fbab5c86b0b85d9?s=96&d=mm&r=g\",\"caption\":\"Agata Ilnicka\"},\"url\":\"https:\\\/\\\/muzeumfabrykinorblina.pl\\\/?author=9\"}]}<\/script>\n<!-- \/ Yoast SEO plugin. -->","yoast_head_json":{"title":"Wystawa w Fabryce Norblina \u2013 BY\u0141O\/JEST | Muzeum Fabryki Norblina","robots":{"index":"index","follow":"follow","max-snippet":"max-snippet:-1","max-image-preview":"max-image-preview:large","max-video-preview":"max-video-preview:-1"},"canonical":"https:\/\/muzeumfabrykinorblina.pl\/?p=4528","og_locale":"pl_PL","og_type":"article","og_title":"Wystawa w Fabryce Norblina \u2013 BY\u0141O\/JEST | Muzeum Fabryki Norblina","og_description":"Historia oczami fotograf\u00f3w. 17 maja w Noc Muze\u00f3w otworzyli\u015bmy wystaw\u0119 \u201eFabryka Norblina. By\u0142o \/ Jest\u201d. Jej koncepcja opiera si\u0119 na zestawieniu dw\u00f3ch fotograficznych spojrze\u0144 wykonanych w odst\u0119pie trzynastu lat \u2013 w 2012 i 2025 roku. Fotografie Micha\u0142a Jaszowskiego&nbsp;dokumentuj\u0105 stan zabytkowej substancji fabryki sprzed rewitalizacji \u2013 z widocznymi \u015bladami dramatycznych wydarze\u0144, kt\u00f3re odcisn\u0119\u0142y swoje pi\u0119tno zar\u00f3wno [&hellip;]","og_url":"https:\/\/muzeumfabrykinorblina.pl\/?p=4528","og_site_name":"Muzeum Fabryki Norblina","article_publisher":"https:\/\/www.facebook.com\/MuzeumFabrykiNorblina","article_published_time":"2025-05-23T12:46:45+00:00","article_modified_time":"2025-05-30T14:18:52+00:00","og_image":[{"width":1080,"height":1080,"url":"https:\/\/muzeumfabrykinorblina.pl\/wp-content\/uploads\/2025\/05\/MFN_Bylo_Jest_WWW.jpg","type":"image\/jpeg"}],"author":"Agata Ilnicka","twitter_card":"summary_large_image","twitter_misc":{"Napisane przez":"Agata Ilnicka","Szacowany czas czytania":"3 minuty"},"schema":{"@context":"https:\/\/schema.org","@graph":[{"@type":"Article","@id":"https:\/\/muzeumfabrykinorblina.pl\/?p=4528#article","isPartOf":{"@id":"https:\/\/muzeumfabrykinorblina.pl\/?p=4528"},"author":{"name":"Agata Ilnicka","@id":"https:\/\/muzeumfabrykinorblina.pl\/#\/schema\/person\/4f1632ef79031887e0e24c4ea9d3472e"},"headline":"Wystawa w Fabryce Norblina \u2013 BY\u0141O\/JEST","datePublished":"2025-05-23T12:46:45+00:00","dateModified":"2025-05-30T14:18:52+00:00","mainEntityOfPage":{"@id":"https:\/\/muzeumfabrykinorblina.pl\/?p=4528"},"wordCount":395,"publisher":{"@id":"https:\/\/muzeumfabrykinorblina.pl\/#organization"},"image":{"@id":"https:\/\/muzeumfabrykinorblina.pl\/?p=4528#primaryimage"},"thumbnailUrl":"https:\/\/muzeumfabrykinorblina.pl\/wp-content\/uploads\/2025\/05\/MFN_Bylo_Jest_WWW.jpg","articleSection":["Aktualno\u015bci"],"inLanguage":"pl-PL"},{"@type":"WebPage","@id":"https:\/\/muzeumfabrykinorblina.pl\/?p=4528","url":"https:\/\/muzeumfabrykinorblina.pl\/?p=4528","name":"Wystawa w Fabryce Norblina \u2013 BY\u0141O\/JEST | Muzeum Fabryki Norblina","isPartOf":{"@id":"https:\/\/muzeumfabrykinorblina.pl\/#website"},"primaryImageOfPage":{"@id":"https:\/\/muzeumfabrykinorblina.pl\/?p=4528#primaryimage"},"image":{"@id":"https:\/\/muzeumfabrykinorblina.pl\/?p=4528#primaryimage"},"thumbnailUrl":"https:\/\/muzeumfabrykinorblina.pl\/wp-content\/uploads\/2025\/05\/MFN_Bylo_Jest_WWW.jpg","datePublished":"2025-05-23T12:46:45+00:00","dateModified":"2025-05-30T14:18:52+00:00","breadcrumb":{"@id":"https:\/\/muzeumfabrykinorblina.pl\/?p=4528#breadcrumb"},"inLanguage":"pl-PL","potentialAction":[{"@type":"ReadAction","target":["https:\/\/muzeumfabrykinorblina.pl\/?p=4528"]}]},{"@type":"ImageObject","inLanguage":"pl-PL","@id":"https:\/\/muzeumfabrykinorblina.pl\/?p=4528#primaryimage","url":"https:\/\/muzeumfabrykinorblina.pl\/wp-content\/uploads\/2025\/05\/MFN_Bylo_Jest_WWW.jpg","contentUrl":"https:\/\/muzeumfabrykinorblina.pl\/wp-content\/uploads\/2025\/05\/MFN_Bylo_Jest_WWW.jpg","width":1080,"height":1080},{"@type":"BreadcrumbList","@id":"https:\/\/muzeumfabrykinorblina.pl\/?p=4528#breadcrumb","itemListElement":[{"@type":"ListItem","position":1,"name":"Strona g\u0142\u00f3wna","item":"https:\/\/muzeumfabrykinorblina.pl\/"},{"@type":"ListItem","position":2,"name":"Wystawa w Fabryce Norblina \u2013 BY\u0141O\/JEST"}]},{"@type":"WebSite","@id":"https:\/\/muzeumfabrykinorblina.pl\/#website","url":"https:\/\/muzeumfabrykinorblina.pl\/","name":"Muzeum Fabryki Norblina","description":"Fabryka Norblina","publisher":{"@id":"https:\/\/muzeumfabrykinorblina.pl\/#organization"},"potentialAction":[{"@type":"SearchAction","target":{"@type":"EntryPoint","urlTemplate":"https:\/\/muzeumfabrykinorblina.pl\/?s={search_term_string}"},"query-input":{"@type":"PropertyValueSpecification","valueRequired":true,"valueName":"search_term_string"}}],"inLanguage":"pl-PL"},{"@type":"Organization","@id":"https:\/\/muzeumfabrykinorblina.pl\/#organization","name":"Muzeum Fabryki Norblina","url":"https:\/\/muzeumfabrykinorblina.pl\/","logo":{"@type":"ImageObject","inLanguage":"pl-PL","@id":"https:\/\/muzeumfabrykinorblina.pl\/#\/schema\/logo\/image\/","url":"https:\/\/muzeumfabrykinorblina.pl\/wp-content\/uploads\/2023\/11\/MFN_Featured-image_1200x675.jpg","contentUrl":"https:\/\/muzeumfabrykinorblina.pl\/wp-content\/uploads\/2023\/11\/MFN_Featured-image_1200x675.jpg","width":1200,"height":675,"caption":"Muzeum Fabryki Norblina"},"image":{"@id":"https:\/\/muzeumfabrykinorblina.pl\/#\/schema\/logo\/image\/"},"sameAs":["https:\/\/www.facebook.com\/MuzeumFabrykiNorblina","https:\/\/www.instagram.com\/muzeumfabrykinorblina\/"]},{"@type":"Person","@id":"https:\/\/muzeumfabrykinorblina.pl\/#\/schema\/person\/4f1632ef79031887e0e24c4ea9d3472e","name":"Agata Ilnicka","image":{"@type":"ImageObject","inLanguage":"pl-PL","@id":"https:\/\/secure.gravatar.com\/avatar\/0c850e3cc969e3bec61971337ea044add4e3b6da745c50448fbab5c86b0b85d9?s=96&d=mm&r=g","url":"https:\/\/secure.gravatar.com\/avatar\/0c850e3cc969e3bec61971337ea044add4e3b6da745c50448fbab5c86b0b85d9?s=96&d=mm&r=g","contentUrl":"https:\/\/secure.gravatar.com\/avatar\/0c850e3cc969e3bec61971337ea044add4e3b6da745c50448fbab5c86b0b85d9?s=96&d=mm&r=g","caption":"Agata Ilnicka"},"url":"https:\/\/muzeumfabrykinorblina.pl\/?author=9"}]}},"lang":"pl","translations":{"pl":4528},"builder_content":"","pll_sync_post":{},"_links":{"self":[{"href":"https:\/\/muzeumfabrykinorblina.pl\/index.php?rest_route=\/wp\/v2\/posts\/4528","targetHints":{"allow":["GET"]}}],"collection":[{"href":"https:\/\/muzeumfabrykinorblina.pl\/index.php?rest_route=\/wp\/v2\/posts"}],"about":[{"href":"https:\/\/muzeumfabrykinorblina.pl\/index.php?rest_route=\/wp\/v2\/types\/post"}],"author":[{"embeddable":true,"href":"https:\/\/muzeumfabrykinorblina.pl\/index.php?rest_route=\/wp\/v2\/users\/9"}],"replies":[{"embeddable":true,"href":"https:\/\/muzeumfabrykinorblina.pl\/index.php?rest_route=%2Fwp%2Fv2%2Fcomments&post=4528"}],"version-history":[{"count":0,"href":"https:\/\/muzeumfabrykinorblina.pl\/index.php?rest_route=\/wp\/v2\/posts\/4528\/revisions"}],"wp:featuredmedia":[{"embeddable":true,"href":"https:\/\/muzeumfabrykinorblina.pl\/index.php?rest_route=\/wp\/v2\/media\/4529"}],"wp:attachment":[{"href":"https:\/\/muzeumfabrykinorblina.pl\/index.php?rest_route=%2Fwp%2Fv2%2Fmedia&parent=4528"}],"wp:term":[{"taxonomy":"category","embeddable":true,"href":"https:\/\/muzeumfabrykinorblina.pl\/index.php?rest_route=%2Fwp%2Fv2%2Fcategories&post=4528"},{"taxonomy":"post_tag","embeddable":true,"href":"https:\/\/muzeumfabrykinorblina.pl\/index.php?rest_route=%2Fwp%2Fv2%2Ftags&post=4528"}],"curies":[{"name":"wp","href":"https:\/\/api.w.org\/{rel}","templated":true}]}}