{"id":4437,"date":"2025-05-13T14:51:55","date_gmt":"2025-05-13T14:51:55","guid":{"rendered":"https:\/\/muzeumfabrykinorblina.pl\/?p=4437"},"modified":"2025-05-19T13:00:20","modified_gmt":"2025-05-19T13:00:20","slug":"noc-muzeow-2025","status":"publish","type":"post","link":"https:\/\/muzeumfabrykinorblina.pl\/?p=4437","title":{"rendered":"Noc Muze\u00f3w 2025 w Muzeum Fabryki Norblina"},"content":{"rendered":"\n<p class=\"wp-block-paragraph\">Historia oczami fotograf\u00f3w \u2013 zapraszamy na wystaw\u0119 i spacery \u015bladem przemian.<\/p>\n\n\n\n<p class=\"wp-block-paragraph\">Jak co roku, z rado\u015bci\u0105 do\u0142\u0105czamy do warszawskiej Nocy Muze\u00f3w! Ju\u017c <strong>17 maja od godziny 19:00<\/strong> zapraszamy do <strong>Muzeum Fabryki Norblina<\/strong> na wyj\u0105tkowe wydarzenia, kt\u00f3re pozwol\u0105 odkry\u0107 histori\u0119 tego miejsca z nowej, por\u00f3wnawczej perspektywy.<\/p>\n\n\n\n<p class=\"wp-block-paragraph\">O godzinie 19:00 otworzymy dla Was <strong>wystaw\u0119 \u201eFabryka Norblina. By\u0142o \/ Jest\u201d<\/strong>, kt\u00f3rej koncepcja opiera si\u0119 na zestawieniu dw\u00f3ch fotograficznych spojrze\u0144 wykonanych w odst\u0119pie trzynastu lat \u2013 w 2012 i 2025 roku.<\/p>\n\n\n\n<p class=\"wp-block-paragraph\"><strong>Fotografie Micha\u0142a Jaszowskiego<\/strong> dokumentuj\u0105 stan zabytkowej substancji fabryki sprzed rewitalizacji \u2013 z widocznymi \u015bladami dramatycznych wydarze\u0144, kt\u00f3re odcisn\u0119\u0142y swoje pi\u0119tno zar\u00f3wno na budynkach, jak i historii miasta.<br><strong>Zdj\u0119cia Marcina Czechowicza<\/strong> pokazuj\u0105 t\u0119 sam\u0105 przestrze\u0144 po kompleksowych pracach konserwatorsko-restauratorskich przeprowadzonych w latach 2017\u20132021 przez Grup\u0119 Capital Park.<\/p>\n\n\n\n<p class=\"wp-block-paragraph\">Celem ekspozycji by\u0142o mo\u017cliwie wierne powt\u00f3rzenie kadr\u00f3w z 2012 roku \u2013 tak, aby z tej samej perspektywy uchwyci\u0107 zmiany oraz ukaza\u0107 transformacj\u0119 Fabryki Norblina w spos\u00f3b bezpo\u015bredni i por\u00f3wnawczy. Widzowie mog\u0105 dostrzec zar\u00f3wno \u015blady przesz\u0142o\u015bci, jak i efekty prac, kt\u00f3re zachowa\u0142y maksymaln\u0105 liczb\u0119 oryginalnych element\u00f3w przy jednoczesnym usuni\u0119ciu oznak dewastacji.<\/p>\n\n\n\n<p class=\"wp-block-paragraph\">Wystawie b\u0119d\u0105 towarzyszy\u0107 <strong>spacery szlakiem dawnych hal Fabryki<\/strong>, startuj\u0105ce <strong>co p\u00f3\u0142 godziny od 20:00 do 23:00<\/strong>. Pozwol\u0105 one skonfrontowa\u0107 fotograficzne kadry z ich dzisiejszym odpowiednikiem w rzeczywistej przestrzeni.<\/p>\n\n\n\n<ul class=\"wp-block-list\">\n<li>Wystaw\u0119 obejrzycie na poziomie +1 w budynku Plater<\/li>\n\n\n\n<li>Spacery rozpoczn\u0105 si\u0119 w punkcie Bilety\/Info na poziomie 0 (wej\u015bcie od ul. \u017belaznej)<\/li>\n<\/ul>\n\n\n\n<p class=\"wp-block-paragraph\">Serdecznie zapraszamy na nocne spotkanie z histori\u0105, kt\u00f3ra nadal \u017cyje w murach Fabryki Norblina!<\/p>\n\n\n<!-- wp:themify-builder\/canvas \/-->","protected":false},"excerpt":{"rendered":"<p>Historia oczami fotograf\u00f3w \u2013 zapraszamy na wystaw\u0119 i spacery \u015bladem przemian. Jak co roku, z rado\u015bci\u0105 do\u0142\u0105czamy do warszawskiej Nocy Muze\u00f3w! Ju\u017c 17 maja od godziny 19:00 zapraszamy do Muzeum Fabryki Norblina na wyj\u0105tkowe wydarzenia, kt\u00f3re pozwol\u0105 odkry\u0107 histori\u0119 tego miejsca z nowej, por\u00f3wnawczej perspektywy. O godzinie 19:00 otworzymy dla Was wystaw\u0119 \u201eFabryka Norblina. By\u0142o [&hellip;]<\/p>\n","protected":false},"author":9,"featured_media":4439,"comment_status":"closed","ping_status":"closed","sticky":false,"template":"","format":"standard","meta":{"_acf_changed":false,"_monsterinsights_skip_tracking":false,"footnotes":""},"categories":[29],"tags":[],"class_list":["post-4437","post","type-post","status-publish","format-standard","has-post-thumbnail","hentry","category-aktualnosci","has-post-title","has-post-date","has-post-category","has-post-tag","has-post-comment","has-post-author",""],"acf":[],"yoast_head":"<!-- This site is optimized with the Yoast SEO plugin v28.2 - https:\/\/yoast.com\/product\/yoast-seo-wordpress\/ -->\n<title>Noc Muze\u00f3w 2025 w Muzeum Fabryki Norblina | Muzeum Fabryki Norblina<\/title>\n<meta name=\"robots\" content=\"index, follow, max-snippet:-1, max-image-preview:large, max-video-preview:-1\" \/>\n<link rel=\"canonical\" href=\"https:\/\/muzeumfabrykinorblina.pl\/?p=4437\" \/>\n<meta property=\"og:locale\" content=\"pl_PL\" \/>\n<meta property=\"og:type\" content=\"article\" \/>\n<meta property=\"og:title\" content=\"Noc Muze\u00f3w 2025 w Muzeum Fabryki Norblina | Muzeum Fabryki Norblina\" \/>\n<meta property=\"og:description\" content=\"Historia oczami fotograf\u00f3w \u2013 zapraszamy na wystaw\u0119 i spacery \u015bladem przemian. Jak co roku, z rado\u015bci\u0105 do\u0142\u0105czamy do warszawskiej Nocy Muze\u00f3w! Ju\u017c 17 maja od godziny 19:00 zapraszamy do Muzeum Fabryki Norblina na wyj\u0105tkowe wydarzenia, kt\u00f3re pozwol\u0105 odkry\u0107 histori\u0119 tego miejsca z nowej, por\u00f3wnawczej perspektywy. O godzinie 19:00 otworzymy dla Was wystaw\u0119 \u201eFabryka Norblina. By\u0142o [&hellip;]\" \/>\n<meta property=\"og:url\" content=\"https:\/\/muzeumfabrykinorblina.pl\/?p=4437\" \/>\n<meta property=\"og:site_name\" content=\"Muzeum Fabryki Norblina\" \/>\n<meta property=\"article:publisher\" content=\"https:\/\/www.facebook.com\/MuzeumFabrykiNorblina\" \/>\n<meta property=\"article:published_time\" content=\"2025-05-13T14:51:55+00:00\" \/>\n<meta property=\"article:modified_time\" content=\"2025-05-19T13:00:20+00:00\" \/>\n<meta property=\"og:image\" content=\"https:\/\/muzeumfabrykinorblina.pl\/wp-content\/uploads\/2025\/05\/MFN_Noc_Muzeow_2025.jpg\" \/>\n\t<meta property=\"og:image:width\" content=\"1080\" \/>\n\t<meta property=\"og:image:height\" content=\"1080\" \/>\n\t<meta property=\"og:image:type\" content=\"image\/jpeg\" \/>\n<meta name=\"author\" content=\"Agata Ilnicka\" \/>\n<meta name=\"twitter:card\" content=\"summary_large_image\" \/>\n<meta name=\"twitter:label1\" content=\"Napisane przez\" \/>\n\t<meta name=\"twitter:data1\" content=\"Agata Ilnicka\" \/>\n\t<meta name=\"twitter:label2\" content=\"Szacowany czas czytania\" \/>\n\t<meta name=\"twitter:data2\" content=\"2 minuty\" \/>\n<script type=\"application\/ld+json\" class=\"yoast-schema-graph\">{\"@context\":\"https:\\\/\\\/schema.org\",\"@graph\":[{\"@type\":\"Article\",\"@id\":\"https:\\\/\\\/muzeumfabrykinorblina.pl\\\/?p=4437#article\",\"isPartOf\":{\"@id\":\"https:\\\/\\\/muzeumfabrykinorblina.pl\\\/?p=4437\"},\"author\":{\"name\":\"Agata Ilnicka\",\"@id\":\"https:\\\/\\\/muzeumfabrykinorblina.pl\\\/#\\\/schema\\\/person\\\/4f1632ef79031887e0e24c4ea9d3472e\"},\"headline\":\"Noc Muze\u00f3w 2025 w Muzeum Fabryki Norblina\",\"datePublished\":\"2025-05-13T14:51:55+00:00\",\"dateModified\":\"2025-05-19T13:00:20+00:00\",\"mainEntityOfPage\":{\"@id\":\"https:\\\/\\\/muzeumfabrykinorblina.pl\\\/?p=4437\"},\"wordCount\":263,\"publisher\":{\"@id\":\"https:\\\/\\\/muzeumfabrykinorblina.pl\\\/#organization\"},\"image\":{\"@id\":\"https:\\\/\\\/muzeumfabrykinorblina.pl\\\/?p=4437#primaryimage\"},\"thumbnailUrl\":\"https:\\\/\\\/muzeumfabrykinorblina.pl\\\/wp-content\\\/uploads\\\/2025\\\/05\\\/MFN_Noc_Muzeow_2025.jpg\",\"articleSection\":[\"Aktualno\u015bci\"],\"inLanguage\":\"pl-PL\"},{\"@type\":\"WebPage\",\"@id\":\"https:\\\/\\\/muzeumfabrykinorblina.pl\\\/?p=4437\",\"url\":\"https:\\\/\\\/muzeumfabrykinorblina.pl\\\/?p=4437\",\"name\":\"Noc Muze\u00f3w 2025 w Muzeum Fabryki Norblina | Muzeum Fabryki Norblina\",\"isPartOf\":{\"@id\":\"https:\\\/\\\/muzeumfabrykinorblina.pl\\\/#website\"},\"primaryImageOfPage\":{\"@id\":\"https:\\\/\\\/muzeumfabrykinorblina.pl\\\/?p=4437#primaryimage\"},\"image\":{\"@id\":\"https:\\\/\\\/muzeumfabrykinorblina.pl\\\/?p=4437#primaryimage\"},\"thumbnailUrl\":\"https:\\\/\\\/muzeumfabrykinorblina.pl\\\/wp-content\\\/uploads\\\/2025\\\/05\\\/MFN_Noc_Muzeow_2025.jpg\",\"datePublished\":\"2025-05-13T14:51:55+00:00\",\"dateModified\":\"2025-05-19T13:00:20+00:00\",\"breadcrumb\":{\"@id\":\"https:\\\/\\\/muzeumfabrykinorblina.pl\\\/?p=4437#breadcrumb\"},\"inLanguage\":\"pl-PL\",\"potentialAction\":[{\"@type\":\"ReadAction\",\"target\":[\"https:\\\/\\\/muzeumfabrykinorblina.pl\\\/?p=4437\"]}]},{\"@type\":\"ImageObject\",\"inLanguage\":\"pl-PL\",\"@id\":\"https:\\\/\\\/muzeumfabrykinorblina.pl\\\/?p=4437#primaryimage\",\"url\":\"https:\\\/\\\/muzeumfabrykinorblina.pl\\\/wp-content\\\/uploads\\\/2025\\\/05\\\/MFN_Noc_Muzeow_2025.jpg\",\"contentUrl\":\"https:\\\/\\\/muzeumfabrykinorblina.pl\\\/wp-content\\\/uploads\\\/2025\\\/05\\\/MFN_Noc_Muzeow_2025.jpg\",\"width\":1080,\"height\":1080},{\"@type\":\"BreadcrumbList\",\"@id\":\"https:\\\/\\\/muzeumfabrykinorblina.pl\\\/?p=4437#breadcrumb\",\"itemListElement\":[{\"@type\":\"ListItem\",\"position\":1,\"name\":\"Strona g\u0142\u00f3wna\",\"item\":\"https:\\\/\\\/muzeumfabrykinorblina.pl\\\/\"},{\"@type\":\"ListItem\",\"position\":2,\"name\":\"Noc Muze\u00f3w 2025 w Muzeum Fabryki Norblina\"}]},{\"@type\":\"WebSite\",\"@id\":\"https:\\\/\\\/muzeumfabrykinorblina.pl\\\/#website\",\"url\":\"https:\\\/\\\/muzeumfabrykinorblina.pl\\\/\",\"name\":\"Muzeum Fabryki Norblina\",\"description\":\"Fabryka Norblina\",\"publisher\":{\"@id\":\"https:\\\/\\\/muzeumfabrykinorblina.pl\\\/#organization\"},\"potentialAction\":[{\"@type\":\"SearchAction\",\"target\":{\"@type\":\"EntryPoint\",\"urlTemplate\":\"https:\\\/\\\/muzeumfabrykinorblina.pl\\\/?s={search_term_string}\"},\"query-input\":{\"@type\":\"PropertyValueSpecification\",\"valueRequired\":true,\"valueName\":\"search_term_string\"}}],\"inLanguage\":\"pl-PL\"},{\"@type\":\"Organization\",\"@id\":\"https:\\\/\\\/muzeumfabrykinorblina.pl\\\/#organization\",\"name\":\"Muzeum Fabryki Norblina\",\"url\":\"https:\\\/\\\/muzeumfabrykinorblina.pl\\\/\",\"logo\":{\"@type\":\"ImageObject\",\"inLanguage\":\"pl-PL\",\"@id\":\"https:\\\/\\\/muzeumfabrykinorblina.pl\\\/#\\\/schema\\\/logo\\\/image\\\/\",\"url\":\"https:\\\/\\\/muzeumfabrykinorblina.pl\\\/wp-content\\\/uploads\\\/2023\\\/11\\\/MFN_Featured-image_1200x675.jpg\",\"contentUrl\":\"https:\\\/\\\/muzeumfabrykinorblina.pl\\\/wp-content\\\/uploads\\\/2023\\\/11\\\/MFN_Featured-image_1200x675.jpg\",\"width\":1200,\"height\":675,\"caption\":\"Muzeum Fabryki Norblina\"},\"image\":{\"@id\":\"https:\\\/\\\/muzeumfabrykinorblina.pl\\\/#\\\/schema\\\/logo\\\/image\\\/\"},\"sameAs\":[\"https:\\\/\\\/www.facebook.com\\\/MuzeumFabrykiNorblina\",\"https:\\\/\\\/www.instagram.com\\\/muzeumfabrykinorblina\\\/\"]},{\"@type\":\"Person\",\"@id\":\"https:\\\/\\\/muzeumfabrykinorblina.pl\\\/#\\\/schema\\\/person\\\/4f1632ef79031887e0e24c4ea9d3472e\",\"name\":\"Agata Ilnicka\",\"image\":{\"@type\":\"ImageObject\",\"inLanguage\":\"pl-PL\",\"@id\":\"https:\\\/\\\/secure.gravatar.com\\\/avatar\\\/0c850e3cc969e3bec61971337ea044add4e3b6da745c50448fbab5c86b0b85d9?s=96&d=mm&r=g\",\"url\":\"https:\\\/\\\/secure.gravatar.com\\\/avatar\\\/0c850e3cc969e3bec61971337ea044add4e3b6da745c50448fbab5c86b0b85d9?s=96&d=mm&r=g\",\"contentUrl\":\"https:\\\/\\\/secure.gravatar.com\\\/avatar\\\/0c850e3cc969e3bec61971337ea044add4e3b6da745c50448fbab5c86b0b85d9?s=96&d=mm&r=g\",\"caption\":\"Agata Ilnicka\"},\"url\":\"https:\\\/\\\/muzeumfabrykinorblina.pl\\\/?author=9\"}]}<\/script>\n<!-- \/ Yoast SEO plugin. -->","yoast_head_json":{"title":"Noc Muze\u00f3w 2025 w Muzeum Fabryki Norblina | Muzeum Fabryki Norblina","robots":{"index":"index","follow":"follow","max-snippet":"max-snippet:-1","max-image-preview":"max-image-preview:large","max-video-preview":"max-video-preview:-1"},"canonical":"https:\/\/muzeumfabrykinorblina.pl\/?p=4437","og_locale":"pl_PL","og_type":"article","og_title":"Noc Muze\u00f3w 2025 w Muzeum Fabryki Norblina | Muzeum Fabryki Norblina","og_description":"Historia oczami fotograf\u00f3w \u2013 zapraszamy na wystaw\u0119 i spacery \u015bladem przemian. Jak co roku, z rado\u015bci\u0105 do\u0142\u0105czamy do warszawskiej Nocy Muze\u00f3w! Ju\u017c 17 maja od godziny 19:00 zapraszamy do Muzeum Fabryki Norblina na wyj\u0105tkowe wydarzenia, kt\u00f3re pozwol\u0105 odkry\u0107 histori\u0119 tego miejsca z nowej, por\u00f3wnawczej perspektywy. O godzinie 19:00 otworzymy dla Was wystaw\u0119 \u201eFabryka Norblina. By\u0142o [&hellip;]","og_url":"https:\/\/muzeumfabrykinorblina.pl\/?p=4437","og_site_name":"Muzeum Fabryki Norblina","article_publisher":"https:\/\/www.facebook.com\/MuzeumFabrykiNorblina","article_published_time":"2025-05-13T14:51:55+00:00","article_modified_time":"2025-05-19T13:00:20+00:00","og_image":[{"width":1080,"height":1080,"url":"https:\/\/muzeumfabrykinorblina.pl\/wp-content\/uploads\/2025\/05\/MFN_Noc_Muzeow_2025.jpg","type":"image\/jpeg"}],"author":"Agata Ilnicka","twitter_card":"summary_large_image","twitter_misc":{"Napisane przez":"Agata Ilnicka","Szacowany czas czytania":"2 minuty"},"schema":{"@context":"https:\/\/schema.org","@graph":[{"@type":"Article","@id":"https:\/\/muzeumfabrykinorblina.pl\/?p=4437#article","isPartOf":{"@id":"https:\/\/muzeumfabrykinorblina.pl\/?p=4437"},"author":{"name":"Agata Ilnicka","@id":"https:\/\/muzeumfabrykinorblina.pl\/#\/schema\/person\/4f1632ef79031887e0e24c4ea9d3472e"},"headline":"Noc Muze\u00f3w 2025 w Muzeum Fabryki Norblina","datePublished":"2025-05-13T14:51:55+00:00","dateModified":"2025-05-19T13:00:20+00:00","mainEntityOfPage":{"@id":"https:\/\/muzeumfabrykinorblina.pl\/?p=4437"},"wordCount":263,"publisher":{"@id":"https:\/\/muzeumfabrykinorblina.pl\/#organization"},"image":{"@id":"https:\/\/muzeumfabrykinorblina.pl\/?p=4437#primaryimage"},"thumbnailUrl":"https:\/\/muzeumfabrykinorblina.pl\/wp-content\/uploads\/2025\/05\/MFN_Noc_Muzeow_2025.jpg","articleSection":["Aktualno\u015bci"],"inLanguage":"pl-PL"},{"@type":"WebPage","@id":"https:\/\/muzeumfabrykinorblina.pl\/?p=4437","url":"https:\/\/muzeumfabrykinorblina.pl\/?p=4437","name":"Noc Muze\u00f3w 2025 w Muzeum Fabryki Norblina | Muzeum Fabryki Norblina","isPartOf":{"@id":"https:\/\/muzeumfabrykinorblina.pl\/#website"},"primaryImageOfPage":{"@id":"https:\/\/muzeumfabrykinorblina.pl\/?p=4437#primaryimage"},"image":{"@id":"https:\/\/muzeumfabrykinorblina.pl\/?p=4437#primaryimage"},"thumbnailUrl":"https:\/\/muzeumfabrykinorblina.pl\/wp-content\/uploads\/2025\/05\/MFN_Noc_Muzeow_2025.jpg","datePublished":"2025-05-13T14:51:55+00:00","dateModified":"2025-05-19T13:00:20+00:00","breadcrumb":{"@id":"https:\/\/muzeumfabrykinorblina.pl\/?p=4437#breadcrumb"},"inLanguage":"pl-PL","potentialAction":[{"@type":"ReadAction","target":["https:\/\/muzeumfabrykinorblina.pl\/?p=4437"]}]},{"@type":"ImageObject","inLanguage":"pl-PL","@id":"https:\/\/muzeumfabrykinorblina.pl\/?p=4437#primaryimage","url":"https:\/\/muzeumfabrykinorblina.pl\/wp-content\/uploads\/2025\/05\/MFN_Noc_Muzeow_2025.jpg","contentUrl":"https:\/\/muzeumfabrykinorblina.pl\/wp-content\/uploads\/2025\/05\/MFN_Noc_Muzeow_2025.jpg","width":1080,"height":1080},{"@type":"BreadcrumbList","@id":"https:\/\/muzeumfabrykinorblina.pl\/?p=4437#breadcrumb","itemListElement":[{"@type":"ListItem","position":1,"name":"Strona g\u0142\u00f3wna","item":"https:\/\/muzeumfabrykinorblina.pl\/"},{"@type":"ListItem","position":2,"name":"Noc Muze\u00f3w 2025 w Muzeum Fabryki Norblina"}]},{"@type":"WebSite","@id":"https:\/\/muzeumfabrykinorblina.pl\/#website","url":"https:\/\/muzeumfabrykinorblina.pl\/","name":"Muzeum Fabryki Norblina","description":"Fabryka Norblina","publisher":{"@id":"https:\/\/muzeumfabrykinorblina.pl\/#organization"},"potentialAction":[{"@type":"SearchAction","target":{"@type":"EntryPoint","urlTemplate":"https:\/\/muzeumfabrykinorblina.pl\/?s={search_term_string}"},"query-input":{"@type":"PropertyValueSpecification","valueRequired":true,"valueName":"search_term_string"}}],"inLanguage":"pl-PL"},{"@type":"Organization","@id":"https:\/\/muzeumfabrykinorblina.pl\/#organization","name":"Muzeum Fabryki Norblina","url":"https:\/\/muzeumfabrykinorblina.pl\/","logo":{"@type":"ImageObject","inLanguage":"pl-PL","@id":"https:\/\/muzeumfabrykinorblina.pl\/#\/schema\/logo\/image\/","url":"https:\/\/muzeumfabrykinorblina.pl\/wp-content\/uploads\/2023\/11\/MFN_Featured-image_1200x675.jpg","contentUrl":"https:\/\/muzeumfabrykinorblina.pl\/wp-content\/uploads\/2023\/11\/MFN_Featured-image_1200x675.jpg","width":1200,"height":675,"caption":"Muzeum Fabryki Norblina"},"image":{"@id":"https:\/\/muzeumfabrykinorblina.pl\/#\/schema\/logo\/image\/"},"sameAs":["https:\/\/www.facebook.com\/MuzeumFabrykiNorblina","https:\/\/www.instagram.com\/muzeumfabrykinorblina\/"]},{"@type":"Person","@id":"https:\/\/muzeumfabrykinorblina.pl\/#\/schema\/person\/4f1632ef79031887e0e24c4ea9d3472e","name":"Agata Ilnicka","image":{"@type":"ImageObject","inLanguage":"pl-PL","@id":"https:\/\/secure.gravatar.com\/avatar\/0c850e3cc969e3bec61971337ea044add4e3b6da745c50448fbab5c86b0b85d9?s=96&d=mm&r=g","url":"https:\/\/secure.gravatar.com\/avatar\/0c850e3cc969e3bec61971337ea044add4e3b6da745c50448fbab5c86b0b85d9?s=96&d=mm&r=g","contentUrl":"https:\/\/secure.gravatar.com\/avatar\/0c850e3cc969e3bec61971337ea044add4e3b6da745c50448fbab5c86b0b85d9?s=96&d=mm&r=g","caption":"Agata Ilnicka"},"url":"https:\/\/muzeumfabrykinorblina.pl\/?author=9"}]}},"lang":"pl","translations":{"pl":4437},"builder_content":"","pll_sync_post":{},"_links":{"self":[{"href":"https:\/\/muzeumfabrykinorblina.pl\/index.php?rest_route=\/wp\/v2\/posts\/4437","targetHints":{"allow":["GET"]}}],"collection":[{"href":"https:\/\/muzeumfabrykinorblina.pl\/index.php?rest_route=\/wp\/v2\/posts"}],"about":[{"href":"https:\/\/muzeumfabrykinorblina.pl\/index.php?rest_route=\/wp\/v2\/types\/post"}],"author":[{"embeddable":true,"href":"https:\/\/muzeumfabrykinorblina.pl\/index.php?rest_route=\/wp\/v2\/users\/9"}],"replies":[{"embeddable":true,"href":"https:\/\/muzeumfabrykinorblina.pl\/index.php?rest_route=%2Fwp%2Fv2%2Fcomments&post=4437"}],"version-history":[{"count":0,"href":"https:\/\/muzeumfabrykinorblina.pl\/index.php?rest_route=\/wp\/v2\/posts\/4437\/revisions"}],"wp:featuredmedia":[{"embeddable":true,"href":"https:\/\/muzeumfabrykinorblina.pl\/index.php?rest_route=\/wp\/v2\/media\/4439"}],"wp:attachment":[{"href":"https:\/\/muzeumfabrykinorblina.pl\/index.php?rest_route=%2Fwp%2Fv2%2Fmedia&parent=4437"}],"wp:term":[{"taxonomy":"category","embeddable":true,"href":"https:\/\/muzeumfabrykinorblina.pl\/index.php?rest_route=%2Fwp%2Fv2%2Fcategories&post=4437"},{"taxonomy":"post_tag","embeddable":true,"href":"https:\/\/muzeumfabrykinorblina.pl\/index.php?rest_route=%2Fwp%2Fv2%2Ftags&post=4437"}],"curies":[{"name":"wp","href":"https:\/\/api.w.org\/{rel}","templated":true}]}}