{"id":4197,"date":"2025-04-22T12:05:39","date_gmt":"2025-04-22T12:05:39","guid":{"rendered":"https:\/\/muzeumfabrykinorblina.pl\/?p=4197"},"modified":"2025-05-19T12:59:57","modified_gmt":"2025-05-19T12:59:57","slug":"szkolne-i-przedszkolne-wycieczki","status":"publish","type":"post","link":"https:\/\/muzeumfabrykinorblina.pl\/?p=4197","title":{"rendered":"Szkolne i przedszkolne wycieczki do Muzeum Fabryki Norblina z dofinansowaniem"},"content":{"rendered":"\n<p class=\"wp-block-paragraph\">Mamy \u015bwietn\u0105 wiadomo\u015b\u0107 dla nauczycieli, wychowawc\u00f3w i organizator\u00f3w wyj\u015b\u0107 szkolnych oraz przedszkolnych \u2013 oferta edukacyjna Muzeum Fabryki Norblina spe\u0142nia warunki udzia\u0142u w dw\u00f3ch miejskich programach dofinansowuj\u0105cych: \u201eKlasa w Warszawie. Warszawa z klas\u0105\u201d oraz \u201eKulturalny przedszkolak\u201d.<\/p>\n\n\n\n<p class=\"wp-block-paragraph\">Dzi\u0119ki nim mo\u017cecie zorganizowa\u0107 edukacyjn\u0105 wycieczk\u0119 do muzeum z dofinansowaniem m.st. Warszawy.<\/p>\n\n\n\n<p class=\"wp-block-paragraph\"><strong>Czym s\u0105 programy \u201eKlasa w Warszawie\u201d i \u201eKulturalny przedszkolak\u201d?<\/strong><\/p>\n\n\n\n<p class=\"wp-block-paragraph\">Oba programy s\u0105 finansowane ze \u015brodk\u00f3w miasta sto\u0142ecznego Warszawy i wspieraj\u0105 udzia\u0142 dzieci oraz m\u0142odzie\u017cy z publicznych przedszkoli i szk\u00f3\u0142 podstawowych w wydarzeniach kulturalnych, edukacyjnych i artystycznych. To doskona\u0142a okazja, by zrealizowa\u0107 wizyt\u0119 w muzeum jako cz\u0119\u015b\u0107 szkolnego programu nauczania.<\/p>\n\n\n\n<p class=\"wp-block-paragraph\">Szczeg\u00f3\u0142owe informacje znajduj\u0105 si\u0119 na stronie Urz\u0119du m.st. Warszawy: <a href=\"https:\/\/edukacja.um.warszawa.pl\/-\/-klasa-w-warszawie-warszawa-z-klasa-zasady-korzystania-ze-srodkow-przeznaczonych-na-finansowanie-projektu\">https:\/\/edukacja.um.warszawa.pl\/-\/-klasa-w-warszawie-warszawa-z-klasa-zasady-korzystania-ze-srodkow-przeznaczonych-na-finansowanie-projektu<\/a><br><\/p>\n\n\n\n<p class=\"wp-block-paragraph\"><strong>Oferta edukacyjna Muzeum Fabryki Norblina<\/strong><\/p>\n\n\n\n<p class=\"wp-block-paragraph\">W ramach programu oferujemy:<\/p>\n\n\n\n<ul class=\"wp-block-list\">\n<li>Lekcje muzealne i warsztaty dla przedszkolak\u00f3w i uczni\u00f3w szk\u00f3\u0142 podstawowych<\/li>\n\n\n\n<li>Tematy: historia przemys\u0142u, platernictwo, \u017cycie robotnik\u00f3w, zmiany w krajobrazie Warszawy<\/li>\n\n\n\n<li>Czas trwania: 60 minut<\/li>\n\n\n\n<li>Terminy: ustalane indywidualnie<\/li>\n\n\n\n<li>Prowadzenie: do\u015bwiadczeni edukatorzy muzealni<\/li>\n<\/ul>\n\n\n\n<p class=\"wp-block-paragraph\"><strong>Dlaczego warto?<\/strong><\/p>\n\n\n\n<ul class=\"wp-block-list\">\n<li>Uczymy poprzez do\u015bwiadczenie i kontakt z autentycznymi eksponatami<\/li>\n\n\n\n<li>Pokazujemy przemiany Warszawy i histori\u0119 przemys\u0142u w przyst\u0119pnej formie<\/li>\n\n\n\n<li>Nasze zaj\u0119cia s\u0105 zgodne z celami programu MEiN \u201ePoznaj Polsk\u0119\u201d \u2013 w kategorii \u201eNajwi\u0119ksze osi\u0105gni\u0119cia polskiej nauki\u201d<\/li>\n\n\n\n<li>Oferujemy r\u00f3\u017cnorodne formy edukacyjne: warsztaty, \u015bcie\u017cki tematyczne i oprowadzania aktorskie<\/li>\n<\/ul>\n\n\n\n<p class=\"wp-block-paragraph\">To wyj\u0105tkowa okazja, aby zrealizowa\u0107 lekcj\u0119 historii, techniki czy plastyki w inspiruj\u0105cej przestrzeni dawnej fabryki \u2013 dzi\u015b jednego z najciekawszych muze\u00f3w Warszawy.<\/p>\n\n\n\n<p class=\"wp-block-paragraph\"><strong>Rezerwacja (<\/strong><strong>wymagana zaliczka w wysoko\u015bci 200 z\u0142 najp\u00f3\u017aniej 7 dni przed planowan\u0105 wizyt\u0105)<\/strong><\/p>\n\n\n\n<p class=\"wp-block-paragraph\">\ud83d\udcde Telefon: +48 728 594 813<br>\ud83d\udce7 E-mail: <a href=\"mailto:muzeum@fabrykanorblina.pl\">muzeum@fabrykanorblina.pl<\/a><br>\ud83c\udf10 Strona internetowa: <a href=\"https:\/\/muzeumfabrykinorblina.pl\">www.muzeumfabrykinorblina.pl<\/a><br>\ud83d\udcc4 Oferta edukacyjna online: <a href=\"https:\/\/muzeumfabrykinorblina.pl\/edukacja\/\">https:\/\/muzeumfabrykinorblina.pl\/edukacja\/<\/a>&nbsp;<\/p>\n\n\n\n<p class=\"wp-block-paragraph\">Z klas\u0105 i z kultur\u0105 \u2013 zapraszamy do Muzeum Fabryki Norblina!<\/p>\n\n\n<!-- wp:themify-builder\/canvas \/-->","protected":false},"excerpt":{"rendered":"<p>Mamy \u015bwietn\u0105 wiadomo\u015b\u0107 dla nauczycieli, wychowawc\u00f3w i organizator\u00f3w wyj\u015b\u0107 szkolnych oraz przedszkolnych \u2013 oferta edukacyjna Muzeum Fabryki Norblina spe\u0142nia warunki udzia\u0142u w dw\u00f3ch miejskich programach dofinansowuj\u0105cych: \u201eKlasa w Warszawie. Warszawa z klas\u0105\u201d oraz \u201eKulturalny przedszkolak\u201d. Dzi\u0119ki nim mo\u017cecie zorganizowa\u0107 edukacyjn\u0105 wycieczk\u0119 do muzeum z dofinansowaniem m.st. Warszawy. Czym s\u0105 programy \u201eKlasa w Warszawie\u201d i \u201eKulturalny [&hellip;]<\/p>\n","protected":false},"author":9,"featured_media":4198,"comment_status":"closed","ping_status":"closed","sticky":false,"template":"","format":"standard","meta":{"_acf_changed":false,"_monsterinsights_skip_tracking":false,"footnotes":""},"categories":[29],"tags":[],"class_list":["post-4197","post","type-post","status-publish","format-standard","has-post-thumbnail","hentry","category-aktualnosci","has-post-title","has-post-date","has-post-category","has-post-tag","has-post-comment","has-post-author",""],"acf":[],"yoast_head":"<!-- This site is optimized with the Yoast SEO plugin v28.2 - https:\/\/yoast.com\/product\/yoast-seo-wordpress\/ -->\n<title>Szkolne i przedszkolne wycieczki do Muzeum Fabryki Norblina z dofinansowaniem | Muzeum Fabryki Norblina<\/title>\n<meta name=\"robots\" content=\"index, follow, max-snippet:-1, max-image-preview:large, max-video-preview:-1\" \/>\n<link rel=\"canonical\" href=\"https:\/\/muzeumfabrykinorblina.pl\/?p=4197\" \/>\n<meta property=\"og:locale\" content=\"pl_PL\" \/>\n<meta property=\"og:type\" content=\"article\" \/>\n<meta property=\"og:title\" content=\"Szkolne i przedszkolne wycieczki do Muzeum Fabryki Norblina z dofinansowaniem | Muzeum Fabryki Norblina\" \/>\n<meta property=\"og:description\" content=\"Mamy \u015bwietn\u0105 wiadomo\u015b\u0107 dla nauczycieli, wychowawc\u00f3w i organizator\u00f3w wyj\u015b\u0107 szkolnych oraz przedszkolnych \u2013 oferta edukacyjna Muzeum Fabryki Norblina spe\u0142nia warunki udzia\u0142u w dw\u00f3ch miejskich programach dofinansowuj\u0105cych: \u201eKlasa w Warszawie. Warszawa z klas\u0105\u201d oraz \u201eKulturalny przedszkolak\u201d. Dzi\u0119ki nim mo\u017cecie zorganizowa\u0107 edukacyjn\u0105 wycieczk\u0119 do muzeum z dofinansowaniem m.st. Warszawy. Czym s\u0105 programy \u201eKlasa w Warszawie\u201d i \u201eKulturalny [&hellip;]\" \/>\n<meta property=\"og:url\" content=\"https:\/\/muzeumfabrykinorblina.pl\/?p=4197\" \/>\n<meta property=\"og:site_name\" content=\"Muzeum Fabryki Norblina\" \/>\n<meta property=\"article:publisher\" content=\"https:\/\/www.facebook.com\/MuzeumFabrykiNorblina\" \/>\n<meta property=\"article:published_time\" content=\"2025-04-22T12:05:39+00:00\" \/>\n<meta property=\"article:modified_time\" content=\"2025-05-19T12:59:57+00:00\" \/>\n<meta property=\"og:image\" content=\"https:\/\/muzeumfabrykinorblina.pl\/wp-content\/uploads\/2025\/04\/MFN_Wyczieczki_Szkolne_Hero.jpg\" \/>\n\t<meta property=\"og:image:width\" content=\"1080\" \/>\n\t<meta property=\"og:image:height\" content=\"1080\" \/>\n\t<meta property=\"og:image:type\" content=\"image\/jpeg\" \/>\n<meta name=\"author\" content=\"Agata Ilnicka\" \/>\n<meta name=\"twitter:card\" content=\"summary_large_image\" \/>\n<meta name=\"twitter:label1\" content=\"Napisane przez\" \/>\n\t<meta name=\"twitter:data1\" content=\"Agata Ilnicka\" \/>\n\t<meta name=\"twitter:label2\" content=\"Szacowany czas czytania\" \/>\n\t<meta name=\"twitter:data2\" content=\"2 minuty\" \/>\n<script type=\"application\/ld+json\" class=\"yoast-schema-graph\">{\"@context\":\"https:\\\/\\\/schema.org\",\"@graph\":[{\"@type\":\"Article\",\"@id\":\"https:\\\/\\\/muzeumfabrykinorblina.pl\\\/?p=4197#article\",\"isPartOf\":{\"@id\":\"https:\\\/\\\/muzeumfabrykinorblina.pl\\\/?p=4197\"},\"author\":{\"name\":\"Agata Ilnicka\",\"@id\":\"https:\\\/\\\/muzeumfabrykinorblina.pl\\\/#\\\/schema\\\/person\\\/4f1632ef79031887e0e24c4ea9d3472e\"},\"headline\":\"Szkolne i przedszkolne wycieczki do Muzeum Fabryki Norblina z dofinansowaniem\",\"datePublished\":\"2025-04-22T12:05:39+00:00\",\"dateModified\":\"2025-05-19T12:59:57+00:00\",\"mainEntityOfPage\":{\"@id\":\"https:\\\/\\\/muzeumfabrykinorblina.pl\\\/?p=4197\"},\"wordCount\":301,\"publisher\":{\"@id\":\"https:\\\/\\\/muzeumfabrykinorblina.pl\\\/#organization\"},\"image\":{\"@id\":\"https:\\\/\\\/muzeumfabrykinorblina.pl\\\/?p=4197#primaryimage\"},\"thumbnailUrl\":\"https:\\\/\\\/muzeumfabrykinorblina.pl\\\/wp-content\\\/uploads\\\/2025\\\/04\\\/MFN_Wyczieczki_Szkolne_Hero.jpg\",\"articleSection\":[\"Aktualno\u015bci\"],\"inLanguage\":\"pl-PL\"},{\"@type\":\"WebPage\",\"@id\":\"https:\\\/\\\/muzeumfabrykinorblina.pl\\\/?p=4197\",\"url\":\"https:\\\/\\\/muzeumfabrykinorblina.pl\\\/?p=4197\",\"name\":\"Szkolne i przedszkolne wycieczki do Muzeum Fabryki Norblina z dofinansowaniem | Muzeum Fabryki Norblina\",\"isPartOf\":{\"@id\":\"https:\\\/\\\/muzeumfabrykinorblina.pl\\\/#website\"},\"primaryImageOfPage\":{\"@id\":\"https:\\\/\\\/muzeumfabrykinorblina.pl\\\/?p=4197#primaryimage\"},\"image\":{\"@id\":\"https:\\\/\\\/muzeumfabrykinorblina.pl\\\/?p=4197#primaryimage\"},\"thumbnailUrl\":\"https:\\\/\\\/muzeumfabrykinorblina.pl\\\/wp-content\\\/uploads\\\/2025\\\/04\\\/MFN_Wyczieczki_Szkolne_Hero.jpg\",\"datePublished\":\"2025-04-22T12:05:39+00:00\",\"dateModified\":\"2025-05-19T12:59:57+00:00\",\"breadcrumb\":{\"@id\":\"https:\\\/\\\/muzeumfabrykinorblina.pl\\\/?p=4197#breadcrumb\"},\"inLanguage\":\"pl-PL\",\"potentialAction\":[{\"@type\":\"ReadAction\",\"target\":[\"https:\\\/\\\/muzeumfabrykinorblina.pl\\\/?p=4197\"]}]},{\"@type\":\"ImageObject\",\"inLanguage\":\"pl-PL\",\"@id\":\"https:\\\/\\\/muzeumfabrykinorblina.pl\\\/?p=4197#primaryimage\",\"url\":\"https:\\\/\\\/muzeumfabrykinorblina.pl\\\/wp-content\\\/uploads\\\/2025\\\/04\\\/MFN_Wyczieczki_Szkolne_Hero.jpg\",\"contentUrl\":\"https:\\\/\\\/muzeumfabrykinorblina.pl\\\/wp-content\\\/uploads\\\/2025\\\/04\\\/MFN_Wyczieczki_Szkolne_Hero.jpg\",\"width\":1080,\"height\":1080},{\"@type\":\"BreadcrumbList\",\"@id\":\"https:\\\/\\\/muzeumfabrykinorblina.pl\\\/?p=4197#breadcrumb\",\"itemListElement\":[{\"@type\":\"ListItem\",\"position\":1,\"name\":\"Strona g\u0142\u00f3wna\",\"item\":\"https:\\\/\\\/muzeumfabrykinorblina.pl\\\/\"},{\"@type\":\"ListItem\",\"position\":2,\"name\":\"Szkolne i przedszkolne wycieczki do Muzeum Fabryki Norblina z dofinansowaniem\"}]},{\"@type\":\"WebSite\",\"@id\":\"https:\\\/\\\/muzeumfabrykinorblina.pl\\\/#website\",\"url\":\"https:\\\/\\\/muzeumfabrykinorblina.pl\\\/\",\"name\":\"Muzeum Fabryki Norblina\",\"description\":\"Fabryka Norblina\",\"publisher\":{\"@id\":\"https:\\\/\\\/muzeumfabrykinorblina.pl\\\/#organization\"},\"potentialAction\":[{\"@type\":\"SearchAction\",\"target\":{\"@type\":\"EntryPoint\",\"urlTemplate\":\"https:\\\/\\\/muzeumfabrykinorblina.pl\\\/?s={search_term_string}\"},\"query-input\":{\"@type\":\"PropertyValueSpecification\",\"valueRequired\":true,\"valueName\":\"search_term_string\"}}],\"inLanguage\":\"pl-PL\"},{\"@type\":\"Organization\",\"@id\":\"https:\\\/\\\/muzeumfabrykinorblina.pl\\\/#organization\",\"name\":\"Muzeum Fabryki Norblina\",\"url\":\"https:\\\/\\\/muzeumfabrykinorblina.pl\\\/\",\"logo\":{\"@type\":\"ImageObject\",\"inLanguage\":\"pl-PL\",\"@id\":\"https:\\\/\\\/muzeumfabrykinorblina.pl\\\/#\\\/schema\\\/logo\\\/image\\\/\",\"url\":\"https:\\\/\\\/muzeumfabrykinorblina.pl\\\/wp-content\\\/uploads\\\/2023\\\/11\\\/MFN_Featured-image_1200x675.jpg\",\"contentUrl\":\"https:\\\/\\\/muzeumfabrykinorblina.pl\\\/wp-content\\\/uploads\\\/2023\\\/11\\\/MFN_Featured-image_1200x675.jpg\",\"width\":1200,\"height\":675,\"caption\":\"Muzeum Fabryki Norblina\"},\"image\":{\"@id\":\"https:\\\/\\\/muzeumfabrykinorblina.pl\\\/#\\\/schema\\\/logo\\\/image\\\/\"},\"sameAs\":[\"https:\\\/\\\/www.facebook.com\\\/MuzeumFabrykiNorblina\",\"https:\\\/\\\/www.instagram.com\\\/muzeumfabrykinorblina\\\/\"]},{\"@type\":\"Person\",\"@id\":\"https:\\\/\\\/muzeumfabrykinorblina.pl\\\/#\\\/schema\\\/person\\\/4f1632ef79031887e0e24c4ea9d3472e\",\"name\":\"Agata Ilnicka\",\"image\":{\"@type\":\"ImageObject\",\"inLanguage\":\"pl-PL\",\"@id\":\"https:\\\/\\\/secure.gravatar.com\\\/avatar\\\/0c850e3cc969e3bec61971337ea044add4e3b6da745c50448fbab5c86b0b85d9?s=96&d=mm&r=g\",\"url\":\"https:\\\/\\\/secure.gravatar.com\\\/avatar\\\/0c850e3cc969e3bec61971337ea044add4e3b6da745c50448fbab5c86b0b85d9?s=96&d=mm&r=g\",\"contentUrl\":\"https:\\\/\\\/secure.gravatar.com\\\/avatar\\\/0c850e3cc969e3bec61971337ea044add4e3b6da745c50448fbab5c86b0b85d9?s=96&d=mm&r=g\",\"caption\":\"Agata Ilnicka\"},\"url\":\"https:\\\/\\\/muzeumfabrykinorblina.pl\\\/?author=9\"}]}<\/script>\n<!-- \/ Yoast SEO plugin. -->","yoast_head_json":{"title":"Szkolne i przedszkolne wycieczki do Muzeum Fabryki Norblina z dofinansowaniem | Muzeum Fabryki Norblina","robots":{"index":"index","follow":"follow","max-snippet":"max-snippet:-1","max-image-preview":"max-image-preview:large","max-video-preview":"max-video-preview:-1"},"canonical":"https:\/\/muzeumfabrykinorblina.pl\/?p=4197","og_locale":"pl_PL","og_type":"article","og_title":"Szkolne i przedszkolne wycieczki do Muzeum Fabryki Norblina z dofinansowaniem | Muzeum Fabryki Norblina","og_description":"Mamy \u015bwietn\u0105 wiadomo\u015b\u0107 dla nauczycieli, wychowawc\u00f3w i organizator\u00f3w wyj\u015b\u0107 szkolnych oraz przedszkolnych \u2013 oferta edukacyjna Muzeum Fabryki Norblina spe\u0142nia warunki udzia\u0142u w dw\u00f3ch miejskich programach dofinansowuj\u0105cych: \u201eKlasa w Warszawie. Warszawa z klas\u0105\u201d oraz \u201eKulturalny przedszkolak\u201d. Dzi\u0119ki nim mo\u017cecie zorganizowa\u0107 edukacyjn\u0105 wycieczk\u0119 do muzeum z dofinansowaniem m.st. Warszawy. Czym s\u0105 programy \u201eKlasa w Warszawie\u201d i \u201eKulturalny [&hellip;]","og_url":"https:\/\/muzeumfabrykinorblina.pl\/?p=4197","og_site_name":"Muzeum Fabryki Norblina","article_publisher":"https:\/\/www.facebook.com\/MuzeumFabrykiNorblina","article_published_time":"2025-04-22T12:05:39+00:00","article_modified_time":"2025-05-19T12:59:57+00:00","og_image":[{"width":1080,"height":1080,"url":"https:\/\/muzeumfabrykinorblina.pl\/wp-content\/uploads\/2025\/04\/MFN_Wyczieczki_Szkolne_Hero.jpg","type":"image\/jpeg"}],"author":"Agata Ilnicka","twitter_card":"summary_large_image","twitter_misc":{"Napisane przez":"Agata Ilnicka","Szacowany czas czytania":"2 minuty"},"schema":{"@context":"https:\/\/schema.org","@graph":[{"@type":"Article","@id":"https:\/\/muzeumfabrykinorblina.pl\/?p=4197#article","isPartOf":{"@id":"https:\/\/muzeumfabrykinorblina.pl\/?p=4197"},"author":{"name":"Agata Ilnicka","@id":"https:\/\/muzeumfabrykinorblina.pl\/#\/schema\/person\/4f1632ef79031887e0e24c4ea9d3472e"},"headline":"Szkolne i przedszkolne wycieczki do Muzeum Fabryki Norblina z dofinansowaniem","datePublished":"2025-04-22T12:05:39+00:00","dateModified":"2025-05-19T12:59:57+00:00","mainEntityOfPage":{"@id":"https:\/\/muzeumfabrykinorblina.pl\/?p=4197"},"wordCount":301,"publisher":{"@id":"https:\/\/muzeumfabrykinorblina.pl\/#organization"},"image":{"@id":"https:\/\/muzeumfabrykinorblina.pl\/?p=4197#primaryimage"},"thumbnailUrl":"https:\/\/muzeumfabrykinorblina.pl\/wp-content\/uploads\/2025\/04\/MFN_Wyczieczki_Szkolne_Hero.jpg","articleSection":["Aktualno\u015bci"],"inLanguage":"pl-PL"},{"@type":"WebPage","@id":"https:\/\/muzeumfabrykinorblina.pl\/?p=4197","url":"https:\/\/muzeumfabrykinorblina.pl\/?p=4197","name":"Szkolne i przedszkolne wycieczki do Muzeum Fabryki Norblina z dofinansowaniem | Muzeum Fabryki Norblina","isPartOf":{"@id":"https:\/\/muzeumfabrykinorblina.pl\/#website"},"primaryImageOfPage":{"@id":"https:\/\/muzeumfabrykinorblina.pl\/?p=4197#primaryimage"},"image":{"@id":"https:\/\/muzeumfabrykinorblina.pl\/?p=4197#primaryimage"},"thumbnailUrl":"https:\/\/muzeumfabrykinorblina.pl\/wp-content\/uploads\/2025\/04\/MFN_Wyczieczki_Szkolne_Hero.jpg","datePublished":"2025-04-22T12:05:39+00:00","dateModified":"2025-05-19T12:59:57+00:00","breadcrumb":{"@id":"https:\/\/muzeumfabrykinorblina.pl\/?p=4197#breadcrumb"},"inLanguage":"pl-PL","potentialAction":[{"@type":"ReadAction","target":["https:\/\/muzeumfabrykinorblina.pl\/?p=4197"]}]},{"@type":"ImageObject","inLanguage":"pl-PL","@id":"https:\/\/muzeumfabrykinorblina.pl\/?p=4197#primaryimage","url":"https:\/\/muzeumfabrykinorblina.pl\/wp-content\/uploads\/2025\/04\/MFN_Wyczieczki_Szkolne_Hero.jpg","contentUrl":"https:\/\/muzeumfabrykinorblina.pl\/wp-content\/uploads\/2025\/04\/MFN_Wyczieczki_Szkolne_Hero.jpg","width":1080,"height":1080},{"@type":"BreadcrumbList","@id":"https:\/\/muzeumfabrykinorblina.pl\/?p=4197#breadcrumb","itemListElement":[{"@type":"ListItem","position":1,"name":"Strona g\u0142\u00f3wna","item":"https:\/\/muzeumfabrykinorblina.pl\/"},{"@type":"ListItem","position":2,"name":"Szkolne i przedszkolne wycieczki do Muzeum Fabryki Norblina z dofinansowaniem"}]},{"@type":"WebSite","@id":"https:\/\/muzeumfabrykinorblina.pl\/#website","url":"https:\/\/muzeumfabrykinorblina.pl\/","name":"Muzeum Fabryki Norblina","description":"Fabryka Norblina","publisher":{"@id":"https:\/\/muzeumfabrykinorblina.pl\/#organization"},"potentialAction":[{"@type":"SearchAction","target":{"@type":"EntryPoint","urlTemplate":"https:\/\/muzeumfabrykinorblina.pl\/?s={search_term_string}"},"query-input":{"@type":"PropertyValueSpecification","valueRequired":true,"valueName":"search_term_string"}}],"inLanguage":"pl-PL"},{"@type":"Organization","@id":"https:\/\/muzeumfabrykinorblina.pl\/#organization","name":"Muzeum Fabryki Norblina","url":"https:\/\/muzeumfabrykinorblina.pl\/","logo":{"@type":"ImageObject","inLanguage":"pl-PL","@id":"https:\/\/muzeumfabrykinorblina.pl\/#\/schema\/logo\/image\/","url":"https:\/\/muzeumfabrykinorblina.pl\/wp-content\/uploads\/2023\/11\/MFN_Featured-image_1200x675.jpg","contentUrl":"https:\/\/muzeumfabrykinorblina.pl\/wp-content\/uploads\/2023\/11\/MFN_Featured-image_1200x675.jpg","width":1200,"height":675,"caption":"Muzeum Fabryki Norblina"},"image":{"@id":"https:\/\/muzeumfabrykinorblina.pl\/#\/schema\/logo\/image\/"},"sameAs":["https:\/\/www.facebook.com\/MuzeumFabrykiNorblina","https:\/\/www.instagram.com\/muzeumfabrykinorblina\/"]},{"@type":"Person","@id":"https:\/\/muzeumfabrykinorblina.pl\/#\/schema\/person\/4f1632ef79031887e0e24c4ea9d3472e","name":"Agata Ilnicka","image":{"@type":"ImageObject","inLanguage":"pl-PL","@id":"https:\/\/secure.gravatar.com\/avatar\/0c850e3cc969e3bec61971337ea044add4e3b6da745c50448fbab5c86b0b85d9?s=96&d=mm&r=g","url":"https:\/\/secure.gravatar.com\/avatar\/0c850e3cc969e3bec61971337ea044add4e3b6da745c50448fbab5c86b0b85d9?s=96&d=mm&r=g","contentUrl":"https:\/\/secure.gravatar.com\/avatar\/0c850e3cc969e3bec61971337ea044add4e3b6da745c50448fbab5c86b0b85d9?s=96&d=mm&r=g","caption":"Agata Ilnicka"},"url":"https:\/\/muzeumfabrykinorblina.pl\/?author=9"}]}},"lang":"pl","translations":{"pl":4197},"builder_content":"","pll_sync_post":{},"_links":{"self":[{"href":"https:\/\/muzeumfabrykinorblina.pl\/index.php?rest_route=\/wp\/v2\/posts\/4197","targetHints":{"allow":["GET"]}}],"collection":[{"href":"https:\/\/muzeumfabrykinorblina.pl\/index.php?rest_route=\/wp\/v2\/posts"}],"about":[{"href":"https:\/\/muzeumfabrykinorblina.pl\/index.php?rest_route=\/wp\/v2\/types\/post"}],"author":[{"embeddable":true,"href":"https:\/\/muzeumfabrykinorblina.pl\/index.php?rest_route=\/wp\/v2\/users\/9"}],"replies":[{"embeddable":true,"href":"https:\/\/muzeumfabrykinorblina.pl\/index.php?rest_route=%2Fwp%2Fv2%2Fcomments&post=4197"}],"version-history":[{"count":0,"href":"https:\/\/muzeumfabrykinorblina.pl\/index.php?rest_route=\/wp\/v2\/posts\/4197\/revisions"}],"wp:featuredmedia":[{"embeddable":true,"href":"https:\/\/muzeumfabrykinorblina.pl\/index.php?rest_route=\/wp\/v2\/media\/4198"}],"wp:attachment":[{"href":"https:\/\/muzeumfabrykinorblina.pl\/index.php?rest_route=%2Fwp%2Fv2%2Fmedia&parent=4197"}],"wp:term":[{"taxonomy":"category","embeddable":true,"href":"https:\/\/muzeumfabrykinorblina.pl\/index.php?rest_route=%2Fwp%2Fv2%2Fcategories&post=4197"},{"taxonomy":"post_tag","embeddable":true,"href":"https:\/\/muzeumfabrykinorblina.pl\/index.php?rest_route=%2Fwp%2Fv2%2Ftags&post=4197"}],"curies":[{"name":"wp","href":"https:\/\/api.w.org\/{rel}","templated":true}]}}