{"id":4102,"date":"2025-03-06T13:50:41","date_gmt":"2025-03-06T13:50:41","guid":{"rendered":"https:\/\/muzeumfabrykinorblina.pl\/?p=4102"},"modified":"2025-05-19T12:59:02","modified_gmt":"2025-05-19T12:59:02","slug":"zapraszamy-na-nowe-oprowadzania-z-przewodnikiem","status":"publish","type":"post","link":"https:\/\/muzeumfabrykinorblina.pl\/?p=4102","title":{"rendered":"Zapraszamy na nowe oprowadzania z przewodnikiem \u2013 zwiedzaj \u015bcie\u017cki tematyczne!"},"content":{"rendered":"\n<p class=\"wp-block-paragraph\">Od 30 marca wprowadzamy now\u0105 form\u0119 zwiedzania \u2013 tematyczne oprowadzania z przewodnikiem i przewodnikiem-aktorem, kt\u00f3re pozwol\u0105 jeszcze g\u0142\u0119biej odkry\u0107 histori\u0119 Fabryki Norblina. Dotychczas \u015bcie\u017cki tematyczne by\u0142y dost\u0119pne wy\u0142\u0105cznie za pomoc\u0105 aplikacji oraz druk\u00f3w edukacyjnych. Teraz mo\u017cna zwiedza\u0107 je w towarzystwie przewodnik\u00f3w-aktor\u00f3w i przewodnik\u00f3w, kt\u00f3rzy w anga\u017cuj\u0105cy spos\u00f3b przybli\u017c\u0105 fascynuj\u0105ce historie zwi\u0105zane z architektur\u0105, maszynami, wyrobami oraz lud\u017ami zwi\u0105zanymi z fabryk\u0105.<\/p>\n\n\n\n<p class=\"wp-block-paragraph\"><strong>\u015acie\u017cki tematyczne w Muzeum Fabryki Norblina<\/strong><br>Wystawa sta\u0142a Muzeum podzielona jest na cztery podstawowe \u015bcie\u017cki tematyczne:<br>\u25b6 <strong>Budynki i architektura<\/strong><br>\u25b6 <strong>Maszyny i urz\u0105dzenia<\/strong><br>\u25b6 <strong>Wyroby<\/strong><br>\u25b6 <strong>Ludzie<\/strong><br>Dotychczas by\u0142y one dost\u0119pne za pomoc\u0105 druk\u00f3w edukacyjnych (na trzech poziomach: Ekspert, Turysta, Rodzina) oraz aplikacji mobilnej (na poziomie Turysta).<\/p>\n\n\n\n<p class=\"wp-block-paragraph\">Od 30 marca raz w miesi\u0105cu, w <strong>ostatni\u0105 niedziel\u0119 miesi\u0105ca<\/strong>, b\u0119dzie mo\u017cna zwiedza\u0107 \u015bcie\u017cki tematyczne w towarzystwie przewodnik\u00f3w-aktor\u00f3w i przewodnik\u00f3w. Oprowadzania te odb\u0119d\u0105 si\u0119 na poziomie \u201eTurysta\u201d \u2013 dostosowanym do szerokiego grona odbiorc\u00f3w, zawieraj\u0105cym mniej szczeg\u00f3\u0142owych danych ni\u017c poziom \u201eEkspert\u201d i pozbawionym element\u00f3w grywalizacji, kt\u00f3re wyst\u0119puj\u0105 na poziomie \u201eRodzina\u201d. W zamian uczestnicy otrzymaj\u0105 lu\u017aniejsz\u0105 form\u0119 zwiedzania, pe\u0142n\u0105 anegdot i ciekawostek.<\/p>\n\n\n\n<p class=\"wp-block-paragraph\">Pierwsza wycieczka \u2013 <strong>\u201eMaszyny i urz\u0105dzenia\u201d<\/strong> \u2013 odb\u0119dzie si\u0119 30 marca o godz. 14:30 i b\u0119dzie mia\u0142a form\u0119 <strong>oprowadzania aktorskiego<\/strong>. Go\u015bci oprowadzi sam <strong>Teodor Werner<\/strong> \u2013 jeden ze wsp\u00f3\u0142za\u0142o\u017cycieli fabryki <strong>Norblin, Bracia Buch i T. Werner<\/strong>! To wyj\u0105tkowa okazja, by pozna\u0107 pe\u0142en ci\u0105g technologiczny dawnej Walcowni Metali \u201eWarszawa\u201d, zobaczy\u0107 unikatowe maszyny, w tym <strong>hydrauliczny akumulator wyr\u00f3wnawczy<\/strong> \u2013 jeden z zaledwie czterech zachowanych w Europie \u2013 oraz odkry\u0107 tajniki produkcji, kt\u00f3ra przez dekady kszta\u0142towa\u0142a polski przemys\u0142.<\/p>\n\n\n\n<p class=\"wp-block-paragraph\"><strong>Najbli\u017csze terminy wycieczek:<\/strong><br>\ud83d\udcc5 <strong>30.03, godz. 14:30<\/strong> \u2013 Maszyny i urz\u0105dzenia<br>\ud83d\udcc5 <strong>27.04, godz. 14:30<\/strong> \u2013 Wyroby<br>\ud83d\udcc5 <strong>25.05, godz. 14:30<\/strong> \u2013 Budynki i architektura<br>\ud83d\udcc5 <strong>29.06, godz. 14:30<\/strong> \u2013 Ludzie<\/p>\n\n\n\n<p class=\"wp-block-paragraph\">Dodatkowo zwiedzaj\u0105cy mog\u0105 korzysta\u0107 ze \u015bcie\u017cki \u201eFabryka w Pigu\u0142ce\u201d \u2013 kompilacji najciekawszych element\u00f3w z ka\u017cdej z czterech podstawowych \u015bcie\u017cek \u2013 dost\u0119pnej do zwiedzania za pomoc\u0105 audioprzewodnika oraz oprowadza\u0144 aktorskich i przewodnickich.<\/p>\n\n\n\n<p class=\"wp-block-paragraph\"><strong>Rezerwacje:<\/strong> <a href=\"https:\/\/muzeumfabrykinorblina.pl\/oprowadzania-tematyczne\/\">Fabryka Norblina w pigu\u0142ce<\/a><br><strong>Kontakt:<\/strong> +48 728 594 813 \/ <a href=\"mailto:muzeum@fabrykanorblina.pl\">muzeum@fabrykanorblina.pl<\/a><\/p>\n\n\n\n<p class=\"wp-block-paragraph\">Nie przegapcie okazji, by prze\u017cy\u0107 wyj\u0105tkow\u0105 podr\u00f3\u017c w czasie i odkry\u0107 sekrety Fabryki Norblina w nowej, jeszcze bardziej anga\u017cuj\u0105cej formie! Zach\u0119camy do zaplanowania wizyty ju\u017c dzi\u015b!<\/p>\n\n\n<!-- wp:themify-builder\/canvas \/-->","protected":false},"excerpt":{"rendered":"<p>Od 30 marca wprowadzamy now\u0105 form\u0119 zwiedzania \u2013 tematyczne oprowadzania z przewodnikiem i przewodnikiem-aktorem, kt\u00f3re pozwol\u0105 jeszcze g\u0142\u0119biej odkry\u0107 histori\u0119 Fabryki Norblina. Dotychczas \u015bcie\u017cki tematyczne by\u0142y dost\u0119pne wy\u0142\u0105cznie za pomoc\u0105 aplikacji oraz druk\u00f3w edukacyjnych. Teraz mo\u017cna zwiedza\u0107 je w towarzystwie przewodnik\u00f3w-aktor\u00f3w i przewodnik\u00f3w, kt\u00f3rzy w anga\u017cuj\u0105cy spos\u00f3b przybli\u017c\u0105 fascynuj\u0105ce historie zwi\u0105zane z architektur\u0105, maszynami, wyrobami [&hellip;]<\/p>\n","protected":false},"author":9,"featured_media":4115,"comment_status":"closed","ping_status":"closed","sticky":false,"template":"","format":"standard","meta":{"_acf_changed":false,"_monsterinsights_skip_tracking":false,"footnotes":""},"categories":[29],"tags":[],"class_list":["post-4102","post","type-post","status-publish","format-standard","has-post-thumbnail","hentry","category-aktualnosci","has-post-title","has-post-date","has-post-category","has-post-tag","has-post-comment","has-post-author",""],"acf":[],"yoast_head":"<!-- This site is optimized with the Yoast SEO plugin v28.2 - https:\/\/yoast.com\/product\/yoast-seo-wordpress\/ -->\n<title>Zapraszamy na nowe oprowadzania z przewodnikiem \u2013 zwiedzaj \u015bcie\u017cki tematyczne! | Muzeum Fabryki Norblina<\/title>\n<meta name=\"robots\" content=\"index, follow, max-snippet:-1, max-image-preview:large, max-video-preview:-1\" \/>\n<link rel=\"canonical\" href=\"https:\/\/muzeumfabrykinorblina.pl\/?p=4102\" \/>\n<meta property=\"og:locale\" content=\"pl_PL\" \/>\n<meta property=\"og:type\" content=\"article\" \/>\n<meta property=\"og:title\" content=\"Zapraszamy na nowe oprowadzania z przewodnikiem \u2013 zwiedzaj \u015bcie\u017cki tematyczne! | Muzeum Fabryki Norblina\" \/>\n<meta property=\"og:description\" content=\"Od 30 marca wprowadzamy now\u0105 form\u0119 zwiedzania \u2013 tematyczne oprowadzania z przewodnikiem i przewodnikiem-aktorem, kt\u00f3re pozwol\u0105 jeszcze g\u0142\u0119biej odkry\u0107 histori\u0119 Fabryki Norblina. Dotychczas \u015bcie\u017cki tematyczne by\u0142y dost\u0119pne wy\u0142\u0105cznie za pomoc\u0105 aplikacji oraz druk\u00f3w edukacyjnych. Teraz mo\u017cna zwiedza\u0107 je w towarzystwie przewodnik\u00f3w-aktor\u00f3w i przewodnik\u00f3w, kt\u00f3rzy w anga\u017cuj\u0105cy spos\u00f3b przybli\u017c\u0105 fascynuj\u0105ce historie zwi\u0105zane z architektur\u0105, maszynami, wyrobami [&hellip;]\" \/>\n<meta property=\"og:url\" content=\"https:\/\/muzeumfabrykinorblina.pl\/?p=4102\" \/>\n<meta property=\"og:site_name\" content=\"Muzeum Fabryki Norblina\" \/>\n<meta property=\"article:publisher\" content=\"https:\/\/www.facebook.com\/MuzeumFabrykiNorblina\" \/>\n<meta property=\"article:published_time\" content=\"2025-03-06T13:50:41+00:00\" \/>\n<meta property=\"article:modified_time\" content=\"2025-05-19T12:59:02+00:00\" \/>\n<meta property=\"og:image\" content=\"https:\/\/muzeumfabrykinorblina.pl\/wp-content\/uploads\/2025\/03\/MFN_Oprowadzanie_Hero.jpg\" \/>\n\t<meta property=\"og:image:width\" content=\"1080\" \/>\n\t<meta property=\"og:image:height\" content=\"1080\" \/>\n\t<meta property=\"og:image:type\" content=\"image\/jpeg\" \/>\n<meta name=\"author\" content=\"Agata Ilnicka\" \/>\n<meta name=\"twitter:card\" content=\"summary_large_image\" \/>\n<meta name=\"twitter:label1\" content=\"Napisane przez\" \/>\n\t<meta name=\"twitter:data1\" content=\"Agata Ilnicka\" \/>\n\t<meta name=\"twitter:label2\" content=\"Szacowany czas czytania\" \/>\n\t<meta name=\"twitter:data2\" content=\"3 minuty\" \/>\n<script type=\"application\/ld+json\" class=\"yoast-schema-graph\">{\"@context\":\"https:\\\/\\\/schema.org\",\"@graph\":[{\"@type\":\"Article\",\"@id\":\"https:\\\/\\\/muzeumfabrykinorblina.pl\\\/?p=4102#article\",\"isPartOf\":{\"@id\":\"https:\\\/\\\/muzeumfabrykinorblina.pl\\\/?p=4102\"},\"author\":{\"name\":\"Agata Ilnicka\",\"@id\":\"https:\\\/\\\/muzeumfabrykinorblina.pl\\\/#\\\/schema\\\/person\\\/4f1632ef79031887e0e24c4ea9d3472e\"},\"headline\":\"Zapraszamy na nowe oprowadzania z przewodnikiem \u2013 zwiedzaj \u015bcie\u017cki tematyczne!\",\"datePublished\":\"2025-03-06T13:50:41+00:00\",\"dateModified\":\"2025-05-19T12:59:02+00:00\",\"mainEntityOfPage\":{\"@id\":\"https:\\\/\\\/muzeumfabrykinorblina.pl\\\/?p=4102\"},\"wordCount\":390,\"publisher\":{\"@id\":\"https:\\\/\\\/muzeumfabrykinorblina.pl\\\/#organization\"},\"image\":{\"@id\":\"https:\\\/\\\/muzeumfabrykinorblina.pl\\\/?p=4102#primaryimage\"},\"thumbnailUrl\":\"https:\\\/\\\/muzeumfabrykinorblina.pl\\\/wp-content\\\/uploads\\\/2025\\\/03\\\/MFN_Oprowadzanie_Hero.jpg\",\"articleSection\":[\"Aktualno\u015bci\"],\"inLanguage\":\"pl-PL\"},{\"@type\":\"WebPage\",\"@id\":\"https:\\\/\\\/muzeumfabrykinorblina.pl\\\/?p=4102\",\"url\":\"https:\\\/\\\/muzeumfabrykinorblina.pl\\\/?p=4102\",\"name\":\"Zapraszamy na nowe oprowadzania z przewodnikiem \u2013 zwiedzaj \u015bcie\u017cki tematyczne! | Muzeum Fabryki Norblina\",\"isPartOf\":{\"@id\":\"https:\\\/\\\/muzeumfabrykinorblina.pl\\\/#website\"},\"primaryImageOfPage\":{\"@id\":\"https:\\\/\\\/muzeumfabrykinorblina.pl\\\/?p=4102#primaryimage\"},\"image\":{\"@id\":\"https:\\\/\\\/muzeumfabrykinorblina.pl\\\/?p=4102#primaryimage\"},\"thumbnailUrl\":\"https:\\\/\\\/muzeumfabrykinorblina.pl\\\/wp-content\\\/uploads\\\/2025\\\/03\\\/MFN_Oprowadzanie_Hero.jpg\",\"datePublished\":\"2025-03-06T13:50:41+00:00\",\"dateModified\":\"2025-05-19T12:59:02+00:00\",\"breadcrumb\":{\"@id\":\"https:\\\/\\\/muzeumfabrykinorblina.pl\\\/?p=4102#breadcrumb\"},\"inLanguage\":\"pl-PL\",\"potentialAction\":[{\"@type\":\"ReadAction\",\"target\":[\"https:\\\/\\\/muzeumfabrykinorblina.pl\\\/?p=4102\"]}]},{\"@type\":\"ImageObject\",\"inLanguage\":\"pl-PL\",\"@id\":\"https:\\\/\\\/muzeumfabrykinorblina.pl\\\/?p=4102#primaryimage\",\"url\":\"https:\\\/\\\/muzeumfabrykinorblina.pl\\\/wp-content\\\/uploads\\\/2025\\\/03\\\/MFN_Oprowadzanie_Hero.jpg\",\"contentUrl\":\"https:\\\/\\\/muzeumfabrykinorblina.pl\\\/wp-content\\\/uploads\\\/2025\\\/03\\\/MFN_Oprowadzanie_Hero.jpg\",\"width\":1080,\"height\":1080},{\"@type\":\"BreadcrumbList\",\"@id\":\"https:\\\/\\\/muzeumfabrykinorblina.pl\\\/?p=4102#breadcrumb\",\"itemListElement\":[{\"@type\":\"ListItem\",\"position\":1,\"name\":\"Strona g\u0142\u00f3wna\",\"item\":\"https:\\\/\\\/muzeumfabrykinorblina.pl\\\/\"},{\"@type\":\"ListItem\",\"position\":2,\"name\":\"Zapraszamy na nowe oprowadzania z przewodnikiem \u2013 zwiedzaj \u015bcie\u017cki tematyczne!\"}]},{\"@type\":\"WebSite\",\"@id\":\"https:\\\/\\\/muzeumfabrykinorblina.pl\\\/#website\",\"url\":\"https:\\\/\\\/muzeumfabrykinorblina.pl\\\/\",\"name\":\"Muzeum Fabryki Norblina\",\"description\":\"Fabryka Norblina\",\"publisher\":{\"@id\":\"https:\\\/\\\/muzeumfabrykinorblina.pl\\\/#organization\"},\"potentialAction\":[{\"@type\":\"SearchAction\",\"target\":{\"@type\":\"EntryPoint\",\"urlTemplate\":\"https:\\\/\\\/muzeumfabrykinorblina.pl\\\/?s={search_term_string}\"},\"query-input\":{\"@type\":\"PropertyValueSpecification\",\"valueRequired\":true,\"valueName\":\"search_term_string\"}}],\"inLanguage\":\"pl-PL\"},{\"@type\":\"Organization\",\"@id\":\"https:\\\/\\\/muzeumfabrykinorblina.pl\\\/#organization\",\"name\":\"Muzeum Fabryki Norblina\",\"url\":\"https:\\\/\\\/muzeumfabrykinorblina.pl\\\/\",\"logo\":{\"@type\":\"ImageObject\",\"inLanguage\":\"pl-PL\",\"@id\":\"https:\\\/\\\/muzeumfabrykinorblina.pl\\\/#\\\/schema\\\/logo\\\/image\\\/\",\"url\":\"https:\\\/\\\/muzeumfabrykinorblina.pl\\\/wp-content\\\/uploads\\\/2023\\\/11\\\/MFN_Featured-image_1200x675.jpg\",\"contentUrl\":\"https:\\\/\\\/muzeumfabrykinorblina.pl\\\/wp-content\\\/uploads\\\/2023\\\/11\\\/MFN_Featured-image_1200x675.jpg\",\"width\":1200,\"height\":675,\"caption\":\"Muzeum Fabryki Norblina\"},\"image\":{\"@id\":\"https:\\\/\\\/muzeumfabrykinorblina.pl\\\/#\\\/schema\\\/logo\\\/image\\\/\"},\"sameAs\":[\"https:\\\/\\\/www.facebook.com\\\/MuzeumFabrykiNorblina\",\"https:\\\/\\\/www.instagram.com\\\/muzeumfabrykinorblina\\\/\"]},{\"@type\":\"Person\",\"@id\":\"https:\\\/\\\/muzeumfabrykinorblina.pl\\\/#\\\/schema\\\/person\\\/4f1632ef79031887e0e24c4ea9d3472e\",\"name\":\"Agata Ilnicka\",\"image\":{\"@type\":\"ImageObject\",\"inLanguage\":\"pl-PL\",\"@id\":\"https:\\\/\\\/secure.gravatar.com\\\/avatar\\\/0c850e3cc969e3bec61971337ea044add4e3b6da745c50448fbab5c86b0b85d9?s=96&d=mm&r=g\",\"url\":\"https:\\\/\\\/secure.gravatar.com\\\/avatar\\\/0c850e3cc969e3bec61971337ea044add4e3b6da745c50448fbab5c86b0b85d9?s=96&d=mm&r=g\",\"contentUrl\":\"https:\\\/\\\/secure.gravatar.com\\\/avatar\\\/0c850e3cc969e3bec61971337ea044add4e3b6da745c50448fbab5c86b0b85d9?s=96&d=mm&r=g\",\"caption\":\"Agata Ilnicka\"},\"url\":\"https:\\\/\\\/muzeumfabrykinorblina.pl\\\/?author=9\"}]}<\/script>\n<!-- \/ Yoast SEO plugin. -->","yoast_head_json":{"title":"Zapraszamy na nowe oprowadzania z przewodnikiem \u2013 zwiedzaj \u015bcie\u017cki tematyczne! | Muzeum Fabryki Norblina","robots":{"index":"index","follow":"follow","max-snippet":"max-snippet:-1","max-image-preview":"max-image-preview:large","max-video-preview":"max-video-preview:-1"},"canonical":"https:\/\/muzeumfabrykinorblina.pl\/?p=4102","og_locale":"pl_PL","og_type":"article","og_title":"Zapraszamy na nowe oprowadzania z przewodnikiem \u2013 zwiedzaj \u015bcie\u017cki tematyczne! | Muzeum Fabryki Norblina","og_description":"Od 30 marca wprowadzamy now\u0105 form\u0119 zwiedzania \u2013 tematyczne oprowadzania z przewodnikiem i przewodnikiem-aktorem, kt\u00f3re pozwol\u0105 jeszcze g\u0142\u0119biej odkry\u0107 histori\u0119 Fabryki Norblina. Dotychczas \u015bcie\u017cki tematyczne by\u0142y dost\u0119pne wy\u0142\u0105cznie za pomoc\u0105 aplikacji oraz druk\u00f3w edukacyjnych. Teraz mo\u017cna zwiedza\u0107 je w towarzystwie przewodnik\u00f3w-aktor\u00f3w i przewodnik\u00f3w, kt\u00f3rzy w anga\u017cuj\u0105cy spos\u00f3b przybli\u017c\u0105 fascynuj\u0105ce historie zwi\u0105zane z architektur\u0105, maszynami, wyrobami [&hellip;]","og_url":"https:\/\/muzeumfabrykinorblina.pl\/?p=4102","og_site_name":"Muzeum Fabryki Norblina","article_publisher":"https:\/\/www.facebook.com\/MuzeumFabrykiNorblina","article_published_time":"2025-03-06T13:50:41+00:00","article_modified_time":"2025-05-19T12:59:02+00:00","og_image":[{"width":1080,"height":1080,"url":"https:\/\/muzeumfabrykinorblina.pl\/wp-content\/uploads\/2025\/03\/MFN_Oprowadzanie_Hero.jpg","type":"image\/jpeg"}],"author":"Agata Ilnicka","twitter_card":"summary_large_image","twitter_misc":{"Napisane przez":"Agata Ilnicka","Szacowany czas czytania":"3 minuty"},"schema":{"@context":"https:\/\/schema.org","@graph":[{"@type":"Article","@id":"https:\/\/muzeumfabrykinorblina.pl\/?p=4102#article","isPartOf":{"@id":"https:\/\/muzeumfabrykinorblina.pl\/?p=4102"},"author":{"name":"Agata Ilnicka","@id":"https:\/\/muzeumfabrykinorblina.pl\/#\/schema\/person\/4f1632ef79031887e0e24c4ea9d3472e"},"headline":"Zapraszamy na nowe oprowadzania z przewodnikiem \u2013 zwiedzaj \u015bcie\u017cki tematyczne!","datePublished":"2025-03-06T13:50:41+00:00","dateModified":"2025-05-19T12:59:02+00:00","mainEntityOfPage":{"@id":"https:\/\/muzeumfabrykinorblina.pl\/?p=4102"},"wordCount":390,"publisher":{"@id":"https:\/\/muzeumfabrykinorblina.pl\/#organization"},"image":{"@id":"https:\/\/muzeumfabrykinorblina.pl\/?p=4102#primaryimage"},"thumbnailUrl":"https:\/\/muzeumfabrykinorblina.pl\/wp-content\/uploads\/2025\/03\/MFN_Oprowadzanie_Hero.jpg","articleSection":["Aktualno\u015bci"],"inLanguage":"pl-PL"},{"@type":"WebPage","@id":"https:\/\/muzeumfabrykinorblina.pl\/?p=4102","url":"https:\/\/muzeumfabrykinorblina.pl\/?p=4102","name":"Zapraszamy na nowe oprowadzania z przewodnikiem \u2013 zwiedzaj \u015bcie\u017cki tematyczne! | Muzeum Fabryki Norblina","isPartOf":{"@id":"https:\/\/muzeumfabrykinorblina.pl\/#website"},"primaryImageOfPage":{"@id":"https:\/\/muzeumfabrykinorblina.pl\/?p=4102#primaryimage"},"image":{"@id":"https:\/\/muzeumfabrykinorblina.pl\/?p=4102#primaryimage"},"thumbnailUrl":"https:\/\/muzeumfabrykinorblina.pl\/wp-content\/uploads\/2025\/03\/MFN_Oprowadzanie_Hero.jpg","datePublished":"2025-03-06T13:50:41+00:00","dateModified":"2025-05-19T12:59:02+00:00","breadcrumb":{"@id":"https:\/\/muzeumfabrykinorblina.pl\/?p=4102#breadcrumb"},"inLanguage":"pl-PL","potentialAction":[{"@type":"ReadAction","target":["https:\/\/muzeumfabrykinorblina.pl\/?p=4102"]}]},{"@type":"ImageObject","inLanguage":"pl-PL","@id":"https:\/\/muzeumfabrykinorblina.pl\/?p=4102#primaryimage","url":"https:\/\/muzeumfabrykinorblina.pl\/wp-content\/uploads\/2025\/03\/MFN_Oprowadzanie_Hero.jpg","contentUrl":"https:\/\/muzeumfabrykinorblina.pl\/wp-content\/uploads\/2025\/03\/MFN_Oprowadzanie_Hero.jpg","width":1080,"height":1080},{"@type":"BreadcrumbList","@id":"https:\/\/muzeumfabrykinorblina.pl\/?p=4102#breadcrumb","itemListElement":[{"@type":"ListItem","position":1,"name":"Strona g\u0142\u00f3wna","item":"https:\/\/muzeumfabrykinorblina.pl\/"},{"@type":"ListItem","position":2,"name":"Zapraszamy na nowe oprowadzania z przewodnikiem \u2013 zwiedzaj \u015bcie\u017cki tematyczne!"}]},{"@type":"WebSite","@id":"https:\/\/muzeumfabrykinorblina.pl\/#website","url":"https:\/\/muzeumfabrykinorblina.pl\/","name":"Muzeum Fabryki Norblina","description":"Fabryka Norblina","publisher":{"@id":"https:\/\/muzeumfabrykinorblina.pl\/#organization"},"potentialAction":[{"@type":"SearchAction","target":{"@type":"EntryPoint","urlTemplate":"https:\/\/muzeumfabrykinorblina.pl\/?s={search_term_string}"},"query-input":{"@type":"PropertyValueSpecification","valueRequired":true,"valueName":"search_term_string"}}],"inLanguage":"pl-PL"},{"@type":"Organization","@id":"https:\/\/muzeumfabrykinorblina.pl\/#organization","name":"Muzeum Fabryki Norblina","url":"https:\/\/muzeumfabrykinorblina.pl\/","logo":{"@type":"ImageObject","inLanguage":"pl-PL","@id":"https:\/\/muzeumfabrykinorblina.pl\/#\/schema\/logo\/image\/","url":"https:\/\/muzeumfabrykinorblina.pl\/wp-content\/uploads\/2023\/11\/MFN_Featured-image_1200x675.jpg","contentUrl":"https:\/\/muzeumfabrykinorblina.pl\/wp-content\/uploads\/2023\/11\/MFN_Featured-image_1200x675.jpg","width":1200,"height":675,"caption":"Muzeum Fabryki Norblina"},"image":{"@id":"https:\/\/muzeumfabrykinorblina.pl\/#\/schema\/logo\/image\/"},"sameAs":["https:\/\/www.facebook.com\/MuzeumFabrykiNorblina","https:\/\/www.instagram.com\/muzeumfabrykinorblina\/"]},{"@type":"Person","@id":"https:\/\/muzeumfabrykinorblina.pl\/#\/schema\/person\/4f1632ef79031887e0e24c4ea9d3472e","name":"Agata Ilnicka","image":{"@type":"ImageObject","inLanguage":"pl-PL","@id":"https:\/\/secure.gravatar.com\/avatar\/0c850e3cc969e3bec61971337ea044add4e3b6da745c50448fbab5c86b0b85d9?s=96&d=mm&r=g","url":"https:\/\/secure.gravatar.com\/avatar\/0c850e3cc969e3bec61971337ea044add4e3b6da745c50448fbab5c86b0b85d9?s=96&d=mm&r=g","contentUrl":"https:\/\/secure.gravatar.com\/avatar\/0c850e3cc969e3bec61971337ea044add4e3b6da745c50448fbab5c86b0b85d9?s=96&d=mm&r=g","caption":"Agata Ilnicka"},"url":"https:\/\/muzeumfabrykinorblina.pl\/?author=9"}]}},"lang":"pl","translations":{"pl":4102},"builder_content":"","pll_sync_post":{},"_links":{"self":[{"href":"https:\/\/muzeumfabrykinorblina.pl\/index.php?rest_route=\/wp\/v2\/posts\/4102","targetHints":{"allow":["GET"]}}],"collection":[{"href":"https:\/\/muzeumfabrykinorblina.pl\/index.php?rest_route=\/wp\/v2\/posts"}],"about":[{"href":"https:\/\/muzeumfabrykinorblina.pl\/index.php?rest_route=\/wp\/v2\/types\/post"}],"author":[{"embeddable":true,"href":"https:\/\/muzeumfabrykinorblina.pl\/index.php?rest_route=\/wp\/v2\/users\/9"}],"replies":[{"embeddable":true,"href":"https:\/\/muzeumfabrykinorblina.pl\/index.php?rest_route=%2Fwp%2Fv2%2Fcomments&post=4102"}],"version-history":[{"count":0,"href":"https:\/\/muzeumfabrykinorblina.pl\/index.php?rest_route=\/wp\/v2\/posts\/4102\/revisions"}],"wp:featuredmedia":[{"embeddable":true,"href":"https:\/\/muzeumfabrykinorblina.pl\/index.php?rest_route=\/wp\/v2\/media\/4115"}],"wp:attachment":[{"href":"https:\/\/muzeumfabrykinorblina.pl\/index.php?rest_route=%2Fwp%2Fv2%2Fmedia&parent=4102"}],"wp:term":[{"taxonomy":"category","embeddable":true,"href":"https:\/\/muzeumfabrykinorblina.pl\/index.php?rest_route=%2Fwp%2Fv2%2Fcategories&post=4102"},{"taxonomy":"post_tag","embeddable":true,"href":"https:\/\/muzeumfabrykinorblina.pl\/index.php?rest_route=%2Fwp%2Fv2%2Ftags&post=4102"}],"curies":[{"name":"wp","href":"https:\/\/api.w.org\/{rel}","templated":true}]}}