{"id":3949,"date":"2025-02-10T11:13:13","date_gmt":"2025-02-10T11:13:13","guid":{"rendered":"https:\/\/muzeumfabrykinorblina.pl\/?p=3949"},"modified":"2025-05-19T12:57:56","modified_gmt":"2025-05-19T12:57:56","slug":"rodzinne-zwiedzanie-fabryki-norblina","status":"publish","type":"post","link":"https:\/\/muzeumfabrykinorblina.pl\/?p=3949","title":{"rendered":"Rodzinne zwiedzanie Fabryki Norblina \u2013 start 1 marca"},"content":{"rendered":"\n<p class=\"wp-block-paragraph\">Ju\u017c od 1 marca w naszym muzealnym grafiku pojawia si\u0119 nowa propozycja dla rodzin! <strong>Rodzinne zwiedzanie<\/strong> to wyj\u0105tkowa okazja, aby wsp\u00f3lnie z dzie\u0107mi odkrywa\u0107 histori\u0119 Fabryki Norblina w anga\u017cuj\u0105cy spos\u00f3b.<\/p>\n\n\n\n<p class=\"wp-block-paragraph\">W ka\u017cd\u0105 sobot\u0119 o <strong>12:30<\/strong> przewodnik w stroju z epoki poprowadzi uczestnik\u00f3w tras\u0105 <strong>&#8222;Fabryka w pigu\u0142ce&#8221;<\/strong>, opowiadaj\u0105c fascynuj\u0105ce historie i anga\u017cuj\u0105c wszystkich w interaktywne zadania. To idealna okazja, by pozna\u0107 histori\u0119 jednego z najwa\u017cniejszych miejsc warszawskiej Woli w przyst\u0119pny spos\u00f3b \u2013 zar\u00f3wno dla dzieci, jak i doros\u0142ych. Podczas zwiedzania najm\u0142odsi b\u0119d\u0105 mieli okazj\u0119 rozwi\u0105zywa\u0107 zagadki i zadania, a doro\u015bli odkryj\u0105 niezwyk\u0142e losy Fabryki Norblina i jej ludzi z ni\u0105 zwi\u0105zanych. Ca\u0142e do\u015bwiadczenie wzbogaci druk edukacyjny, kt\u00f3ry pozwoli na dalsze odkrywanie fabrycznej historii po zako\u0144czeniu wycieczki.<\/p>\n\n\n\n<p class=\"wp-block-paragraph\"><strong>Cennik bilet\u00f3w rodzinnych:<\/strong><\/p>\n\n\n\n<p class=\"wp-block-paragraph\">2 doros\u0142ych + 2 dzieci \u2192 90 z\u0142<br>2 doros\u0142ych + 1 dziecko \u2192 80 z\u0142<br>1 doros\u0142y + 2 dzieci \u2192 60 z\u0142<br>1 doros\u0142y + 1 dziecko \u2192 40 z\u0142<\/p>\n\n\n\n<p class=\"wp-block-paragraph\">\ud83d\udccd <strong>Rezerwacja:<\/strong> <a href=\"https:\/\/muzeumfabrykinorblina.pl\/fabryka-norblina-w-pigulce-rodzinnie\/\">Fabryka Norblina w pigu\u0142ce rodzinnie<\/a><br>\ud83d\udcde <strong>Kontakt:<\/strong> <a href=\"tel:+48728594813\">+48 728 594 813<\/a> \/ <a href=\"mailto:muzeum@fabrykanorblina.pl\">muzeum@fabrykanorblina.pl<\/a><\/p>\n\n\n\n<p class=\"wp-block-paragraph\">Serdecznie zapraszamy do wsp\u00f3lnego odkrywania historii Fabryki Norblina w wyj\u0105tkowej, rodzinnej atmosferze!<\/p>\n\n\n<!-- wp:themify-builder\/canvas \/-->","protected":false},"excerpt":{"rendered":"<p>Ju\u017c od 1 marca w naszym muzealnym grafiku pojawia si\u0119 nowa propozycja dla rodzin! Rodzinne zwiedzanie to wyj\u0105tkowa okazja, aby wsp\u00f3lnie z dzie\u0107mi odkrywa\u0107 histori\u0119 Fabryki Norblina w anga\u017cuj\u0105cy spos\u00f3b. W ka\u017cd\u0105 sobot\u0119 o 12:30 przewodnik w stroju z epoki poprowadzi uczestnik\u00f3w tras\u0105 &#8222;Fabryka w pigu\u0142ce&#8221;, opowiadaj\u0105c fascynuj\u0105ce historie i anga\u017cuj\u0105c wszystkich w interaktywne zadania. [&hellip;]<\/p>\n","protected":false},"author":9,"featured_media":4468,"comment_status":"closed","ping_status":"closed","sticky":false,"template":"","format":"standard","meta":{"_acf_changed":false,"_monsterinsights_skip_tracking":false,"footnotes":""},"categories":[29],"tags":[],"class_list":["post-3949","post","type-post","status-publish","format-standard","has-post-thumbnail","hentry","category-aktualnosci","has-post-title","has-post-date","has-post-category","has-post-tag","has-post-comment","has-post-author",""],"acf":[],"yoast_head":"<!-- This site is optimized with the Yoast SEO plugin v28.2 - https:\/\/yoast.com\/product\/yoast-seo-wordpress\/ -->\n<title>Rodzinne zwiedzanie Fabryki Norblina \u2013 start 1 marca | Muzeum Fabryki Norblina<\/title>\n<meta name=\"robots\" content=\"index, follow, max-snippet:-1, max-image-preview:large, max-video-preview:-1\" \/>\n<link rel=\"canonical\" href=\"https:\/\/muzeumfabrykinorblina.pl\/?p=3949\" \/>\n<meta property=\"og:locale\" content=\"pl_PL\" \/>\n<meta property=\"og:type\" content=\"article\" \/>\n<meta property=\"og:title\" content=\"Rodzinne zwiedzanie Fabryki Norblina \u2013 start 1 marca | Muzeum Fabryki Norblina\" \/>\n<meta property=\"og:description\" content=\"Ju\u017c od 1 marca w naszym muzealnym grafiku pojawia si\u0119 nowa propozycja dla rodzin! Rodzinne zwiedzanie to wyj\u0105tkowa okazja, aby wsp\u00f3lnie z dzie\u0107mi odkrywa\u0107 histori\u0119 Fabryki Norblina w anga\u017cuj\u0105cy spos\u00f3b. W ka\u017cd\u0105 sobot\u0119 o 12:30 przewodnik w stroju z epoki poprowadzi uczestnik\u00f3w tras\u0105 &#8222;Fabryka w pigu\u0142ce&#8221;, opowiadaj\u0105c fascynuj\u0105ce historie i anga\u017cuj\u0105c wszystkich w interaktywne zadania. [&hellip;]\" \/>\n<meta property=\"og:url\" content=\"https:\/\/muzeumfabrykinorblina.pl\/?p=3949\" \/>\n<meta property=\"og:site_name\" content=\"Muzeum Fabryki Norblina\" \/>\n<meta property=\"article:publisher\" content=\"https:\/\/www.facebook.com\/MuzeumFabrykiNorblina\" \/>\n<meta property=\"article:published_time\" content=\"2025-02-10T11:13:13+00:00\" \/>\n<meta property=\"article:modified_time\" content=\"2025-05-19T12:57:56+00:00\" \/>\n<meta property=\"og:image\" content=\"https:\/\/muzeumfabrykinorblina.pl\/wp-content\/uploads\/2025\/02\/MFN_Hero_Rodzinne_Zwiedzanie.jpg\" \/>\n\t<meta property=\"og:image:width\" content=\"1080\" \/>\n\t<meta property=\"og:image:height\" content=\"1080\" \/>\n\t<meta property=\"og:image:type\" content=\"image\/jpeg\" \/>\n<meta name=\"author\" content=\"Agata Ilnicka\" \/>\n<meta name=\"twitter:card\" content=\"summary_large_image\" \/>\n<meta name=\"twitter:label1\" content=\"Napisane przez\" \/>\n\t<meta name=\"twitter:data1\" content=\"Agata Ilnicka\" \/>\n\t<meta name=\"twitter:label2\" content=\"Szacowany czas czytania\" \/>\n\t<meta name=\"twitter:data2\" content=\"2 minuty\" \/>\n<script type=\"application\/ld+json\" class=\"yoast-schema-graph\">{\"@context\":\"https:\\\/\\\/schema.org\",\"@graph\":[{\"@type\":\"Article\",\"@id\":\"https:\\\/\\\/muzeumfabrykinorblina.pl\\\/?p=3949#article\",\"isPartOf\":{\"@id\":\"https:\\\/\\\/muzeumfabrykinorblina.pl\\\/?p=3949\"},\"author\":{\"name\":\"Agata Ilnicka\",\"@id\":\"https:\\\/\\\/muzeumfabrykinorblina.pl\\\/#\\\/schema\\\/person\\\/4f1632ef79031887e0e24c4ea9d3472e\"},\"headline\":\"Rodzinne zwiedzanie Fabryki Norblina \u2013 start 1 marca\",\"datePublished\":\"2025-02-10T11:13:13+00:00\",\"dateModified\":\"2025-05-19T12:57:56+00:00\",\"mainEntityOfPage\":{\"@id\":\"https:\\\/\\\/muzeumfabrykinorblina.pl\\\/?p=3949\"},\"wordCount\":191,\"publisher\":{\"@id\":\"https:\\\/\\\/muzeumfabrykinorblina.pl\\\/#organization\"},\"image\":{\"@id\":\"https:\\\/\\\/muzeumfabrykinorblina.pl\\\/?p=3949#primaryimage\"},\"thumbnailUrl\":\"https:\\\/\\\/muzeumfabrykinorblina.pl\\\/wp-content\\\/uploads\\\/2025\\\/02\\\/MFN_Hero_Rodzinne_Zwiedzanie.jpg\",\"articleSection\":[\"Aktualno\u015bci\"],\"inLanguage\":\"pl-PL\"},{\"@type\":\"WebPage\",\"@id\":\"https:\\\/\\\/muzeumfabrykinorblina.pl\\\/?p=3949\",\"url\":\"https:\\\/\\\/muzeumfabrykinorblina.pl\\\/?p=3949\",\"name\":\"Rodzinne zwiedzanie Fabryki Norblina \u2013 start 1 marca | Muzeum Fabryki Norblina\",\"isPartOf\":{\"@id\":\"https:\\\/\\\/muzeumfabrykinorblina.pl\\\/#website\"},\"primaryImageOfPage\":{\"@id\":\"https:\\\/\\\/muzeumfabrykinorblina.pl\\\/?p=3949#primaryimage\"},\"image\":{\"@id\":\"https:\\\/\\\/muzeumfabrykinorblina.pl\\\/?p=3949#primaryimage\"},\"thumbnailUrl\":\"https:\\\/\\\/muzeumfabrykinorblina.pl\\\/wp-content\\\/uploads\\\/2025\\\/02\\\/MFN_Hero_Rodzinne_Zwiedzanie.jpg\",\"datePublished\":\"2025-02-10T11:13:13+00:00\",\"dateModified\":\"2025-05-19T12:57:56+00:00\",\"breadcrumb\":{\"@id\":\"https:\\\/\\\/muzeumfabrykinorblina.pl\\\/?p=3949#breadcrumb\"},\"inLanguage\":\"pl-PL\",\"potentialAction\":[{\"@type\":\"ReadAction\",\"target\":[\"https:\\\/\\\/muzeumfabrykinorblina.pl\\\/?p=3949\"]}]},{\"@type\":\"ImageObject\",\"inLanguage\":\"pl-PL\",\"@id\":\"https:\\\/\\\/muzeumfabrykinorblina.pl\\\/?p=3949#primaryimage\",\"url\":\"https:\\\/\\\/muzeumfabrykinorblina.pl\\\/wp-content\\\/uploads\\\/2025\\\/02\\\/MFN_Hero_Rodzinne_Zwiedzanie.jpg\",\"contentUrl\":\"https:\\\/\\\/muzeumfabrykinorblina.pl\\\/wp-content\\\/uploads\\\/2025\\\/02\\\/MFN_Hero_Rodzinne_Zwiedzanie.jpg\",\"width\":1080,\"height\":1080},{\"@type\":\"BreadcrumbList\",\"@id\":\"https:\\\/\\\/muzeumfabrykinorblina.pl\\\/?p=3949#breadcrumb\",\"itemListElement\":[{\"@type\":\"ListItem\",\"position\":1,\"name\":\"Strona g\u0142\u00f3wna\",\"item\":\"https:\\\/\\\/muzeumfabrykinorblina.pl\\\/\"},{\"@type\":\"ListItem\",\"position\":2,\"name\":\"Rodzinne zwiedzanie Fabryki Norblina \u2013 start 1 marca\"}]},{\"@type\":\"WebSite\",\"@id\":\"https:\\\/\\\/muzeumfabrykinorblina.pl\\\/#website\",\"url\":\"https:\\\/\\\/muzeumfabrykinorblina.pl\\\/\",\"name\":\"Muzeum Fabryki Norblina\",\"description\":\"Fabryka Norblina\",\"publisher\":{\"@id\":\"https:\\\/\\\/muzeumfabrykinorblina.pl\\\/#organization\"},\"potentialAction\":[{\"@type\":\"SearchAction\",\"target\":{\"@type\":\"EntryPoint\",\"urlTemplate\":\"https:\\\/\\\/muzeumfabrykinorblina.pl\\\/?s={search_term_string}\"},\"query-input\":{\"@type\":\"PropertyValueSpecification\",\"valueRequired\":true,\"valueName\":\"search_term_string\"}}],\"inLanguage\":\"pl-PL\"},{\"@type\":\"Organization\",\"@id\":\"https:\\\/\\\/muzeumfabrykinorblina.pl\\\/#organization\",\"name\":\"Muzeum Fabryki Norblina\",\"url\":\"https:\\\/\\\/muzeumfabrykinorblina.pl\\\/\",\"logo\":{\"@type\":\"ImageObject\",\"inLanguage\":\"pl-PL\",\"@id\":\"https:\\\/\\\/muzeumfabrykinorblina.pl\\\/#\\\/schema\\\/logo\\\/image\\\/\",\"url\":\"https:\\\/\\\/muzeumfabrykinorblina.pl\\\/wp-content\\\/uploads\\\/2023\\\/11\\\/MFN_Featured-image_1200x675.jpg\",\"contentUrl\":\"https:\\\/\\\/muzeumfabrykinorblina.pl\\\/wp-content\\\/uploads\\\/2023\\\/11\\\/MFN_Featured-image_1200x675.jpg\",\"width\":1200,\"height\":675,\"caption\":\"Muzeum Fabryki Norblina\"},\"image\":{\"@id\":\"https:\\\/\\\/muzeumfabrykinorblina.pl\\\/#\\\/schema\\\/logo\\\/image\\\/\"},\"sameAs\":[\"https:\\\/\\\/www.facebook.com\\\/MuzeumFabrykiNorblina\",\"https:\\\/\\\/www.instagram.com\\\/muzeumfabrykinorblina\\\/\"]},{\"@type\":\"Person\",\"@id\":\"https:\\\/\\\/muzeumfabrykinorblina.pl\\\/#\\\/schema\\\/person\\\/4f1632ef79031887e0e24c4ea9d3472e\",\"name\":\"Agata Ilnicka\",\"image\":{\"@type\":\"ImageObject\",\"inLanguage\":\"pl-PL\",\"@id\":\"https:\\\/\\\/secure.gravatar.com\\\/avatar\\\/0c850e3cc969e3bec61971337ea044add4e3b6da745c50448fbab5c86b0b85d9?s=96&d=mm&r=g\",\"url\":\"https:\\\/\\\/secure.gravatar.com\\\/avatar\\\/0c850e3cc969e3bec61971337ea044add4e3b6da745c50448fbab5c86b0b85d9?s=96&d=mm&r=g\",\"contentUrl\":\"https:\\\/\\\/secure.gravatar.com\\\/avatar\\\/0c850e3cc969e3bec61971337ea044add4e3b6da745c50448fbab5c86b0b85d9?s=96&d=mm&r=g\",\"caption\":\"Agata Ilnicka\"},\"url\":\"https:\\\/\\\/muzeumfabrykinorblina.pl\\\/?author=9\"}]}<\/script>\n<!-- \/ Yoast SEO plugin. -->","yoast_head_json":{"title":"Rodzinne zwiedzanie Fabryki Norblina \u2013 start 1 marca | Muzeum Fabryki Norblina","robots":{"index":"index","follow":"follow","max-snippet":"max-snippet:-1","max-image-preview":"max-image-preview:large","max-video-preview":"max-video-preview:-1"},"canonical":"https:\/\/muzeumfabrykinorblina.pl\/?p=3949","og_locale":"pl_PL","og_type":"article","og_title":"Rodzinne zwiedzanie Fabryki Norblina \u2013 start 1 marca | Muzeum Fabryki Norblina","og_description":"Ju\u017c od 1 marca w naszym muzealnym grafiku pojawia si\u0119 nowa propozycja dla rodzin! Rodzinne zwiedzanie to wyj\u0105tkowa okazja, aby wsp\u00f3lnie z dzie\u0107mi odkrywa\u0107 histori\u0119 Fabryki Norblina w anga\u017cuj\u0105cy spos\u00f3b. W ka\u017cd\u0105 sobot\u0119 o 12:30 przewodnik w stroju z epoki poprowadzi uczestnik\u00f3w tras\u0105 &#8222;Fabryka w pigu\u0142ce&#8221;, opowiadaj\u0105c fascynuj\u0105ce historie i anga\u017cuj\u0105c wszystkich w interaktywne zadania. [&hellip;]","og_url":"https:\/\/muzeumfabrykinorblina.pl\/?p=3949","og_site_name":"Muzeum Fabryki Norblina","article_publisher":"https:\/\/www.facebook.com\/MuzeumFabrykiNorblina","article_published_time":"2025-02-10T11:13:13+00:00","article_modified_time":"2025-05-19T12:57:56+00:00","og_image":[{"width":1080,"height":1080,"url":"https:\/\/muzeumfabrykinorblina.pl\/wp-content\/uploads\/2025\/02\/MFN_Hero_Rodzinne_Zwiedzanie.jpg","type":"image\/jpeg"}],"author":"Agata Ilnicka","twitter_card":"summary_large_image","twitter_misc":{"Napisane przez":"Agata Ilnicka","Szacowany czas czytania":"2 minuty"},"schema":{"@context":"https:\/\/schema.org","@graph":[{"@type":"Article","@id":"https:\/\/muzeumfabrykinorblina.pl\/?p=3949#article","isPartOf":{"@id":"https:\/\/muzeumfabrykinorblina.pl\/?p=3949"},"author":{"name":"Agata Ilnicka","@id":"https:\/\/muzeumfabrykinorblina.pl\/#\/schema\/person\/4f1632ef79031887e0e24c4ea9d3472e"},"headline":"Rodzinne zwiedzanie Fabryki Norblina \u2013 start 1 marca","datePublished":"2025-02-10T11:13:13+00:00","dateModified":"2025-05-19T12:57:56+00:00","mainEntityOfPage":{"@id":"https:\/\/muzeumfabrykinorblina.pl\/?p=3949"},"wordCount":191,"publisher":{"@id":"https:\/\/muzeumfabrykinorblina.pl\/#organization"},"image":{"@id":"https:\/\/muzeumfabrykinorblina.pl\/?p=3949#primaryimage"},"thumbnailUrl":"https:\/\/muzeumfabrykinorblina.pl\/wp-content\/uploads\/2025\/02\/MFN_Hero_Rodzinne_Zwiedzanie.jpg","articleSection":["Aktualno\u015bci"],"inLanguage":"pl-PL"},{"@type":"WebPage","@id":"https:\/\/muzeumfabrykinorblina.pl\/?p=3949","url":"https:\/\/muzeumfabrykinorblina.pl\/?p=3949","name":"Rodzinne zwiedzanie Fabryki Norblina \u2013 start 1 marca | Muzeum Fabryki Norblina","isPartOf":{"@id":"https:\/\/muzeumfabrykinorblina.pl\/#website"},"primaryImageOfPage":{"@id":"https:\/\/muzeumfabrykinorblina.pl\/?p=3949#primaryimage"},"image":{"@id":"https:\/\/muzeumfabrykinorblina.pl\/?p=3949#primaryimage"},"thumbnailUrl":"https:\/\/muzeumfabrykinorblina.pl\/wp-content\/uploads\/2025\/02\/MFN_Hero_Rodzinne_Zwiedzanie.jpg","datePublished":"2025-02-10T11:13:13+00:00","dateModified":"2025-05-19T12:57:56+00:00","breadcrumb":{"@id":"https:\/\/muzeumfabrykinorblina.pl\/?p=3949#breadcrumb"},"inLanguage":"pl-PL","potentialAction":[{"@type":"ReadAction","target":["https:\/\/muzeumfabrykinorblina.pl\/?p=3949"]}]},{"@type":"ImageObject","inLanguage":"pl-PL","@id":"https:\/\/muzeumfabrykinorblina.pl\/?p=3949#primaryimage","url":"https:\/\/muzeumfabrykinorblina.pl\/wp-content\/uploads\/2025\/02\/MFN_Hero_Rodzinne_Zwiedzanie.jpg","contentUrl":"https:\/\/muzeumfabrykinorblina.pl\/wp-content\/uploads\/2025\/02\/MFN_Hero_Rodzinne_Zwiedzanie.jpg","width":1080,"height":1080},{"@type":"BreadcrumbList","@id":"https:\/\/muzeumfabrykinorblina.pl\/?p=3949#breadcrumb","itemListElement":[{"@type":"ListItem","position":1,"name":"Strona g\u0142\u00f3wna","item":"https:\/\/muzeumfabrykinorblina.pl\/"},{"@type":"ListItem","position":2,"name":"Rodzinne zwiedzanie Fabryki Norblina \u2013 start 1 marca"}]},{"@type":"WebSite","@id":"https:\/\/muzeumfabrykinorblina.pl\/#website","url":"https:\/\/muzeumfabrykinorblina.pl\/","name":"Muzeum Fabryki Norblina","description":"Fabryka Norblina","publisher":{"@id":"https:\/\/muzeumfabrykinorblina.pl\/#organization"},"potentialAction":[{"@type":"SearchAction","target":{"@type":"EntryPoint","urlTemplate":"https:\/\/muzeumfabrykinorblina.pl\/?s={search_term_string}"},"query-input":{"@type":"PropertyValueSpecification","valueRequired":true,"valueName":"search_term_string"}}],"inLanguage":"pl-PL"},{"@type":"Organization","@id":"https:\/\/muzeumfabrykinorblina.pl\/#organization","name":"Muzeum Fabryki Norblina","url":"https:\/\/muzeumfabrykinorblina.pl\/","logo":{"@type":"ImageObject","inLanguage":"pl-PL","@id":"https:\/\/muzeumfabrykinorblina.pl\/#\/schema\/logo\/image\/","url":"https:\/\/muzeumfabrykinorblina.pl\/wp-content\/uploads\/2023\/11\/MFN_Featured-image_1200x675.jpg","contentUrl":"https:\/\/muzeumfabrykinorblina.pl\/wp-content\/uploads\/2023\/11\/MFN_Featured-image_1200x675.jpg","width":1200,"height":675,"caption":"Muzeum Fabryki Norblina"},"image":{"@id":"https:\/\/muzeumfabrykinorblina.pl\/#\/schema\/logo\/image\/"},"sameAs":["https:\/\/www.facebook.com\/MuzeumFabrykiNorblina","https:\/\/www.instagram.com\/muzeumfabrykinorblina\/"]},{"@type":"Person","@id":"https:\/\/muzeumfabrykinorblina.pl\/#\/schema\/person\/4f1632ef79031887e0e24c4ea9d3472e","name":"Agata Ilnicka","image":{"@type":"ImageObject","inLanguage":"pl-PL","@id":"https:\/\/secure.gravatar.com\/avatar\/0c850e3cc969e3bec61971337ea044add4e3b6da745c50448fbab5c86b0b85d9?s=96&d=mm&r=g","url":"https:\/\/secure.gravatar.com\/avatar\/0c850e3cc969e3bec61971337ea044add4e3b6da745c50448fbab5c86b0b85d9?s=96&d=mm&r=g","contentUrl":"https:\/\/secure.gravatar.com\/avatar\/0c850e3cc969e3bec61971337ea044add4e3b6da745c50448fbab5c86b0b85d9?s=96&d=mm&r=g","caption":"Agata Ilnicka"},"url":"https:\/\/muzeumfabrykinorblina.pl\/?author=9"}]}},"lang":"pl","translations":{"pl":3949},"builder_content":"","pll_sync_post":{},"_links":{"self":[{"href":"https:\/\/muzeumfabrykinorblina.pl\/index.php?rest_route=\/wp\/v2\/posts\/3949","targetHints":{"allow":["GET"]}}],"collection":[{"href":"https:\/\/muzeumfabrykinorblina.pl\/index.php?rest_route=\/wp\/v2\/posts"}],"about":[{"href":"https:\/\/muzeumfabrykinorblina.pl\/index.php?rest_route=\/wp\/v2\/types\/post"}],"author":[{"embeddable":true,"href":"https:\/\/muzeumfabrykinorblina.pl\/index.php?rest_route=\/wp\/v2\/users\/9"}],"replies":[{"embeddable":true,"href":"https:\/\/muzeumfabrykinorblina.pl\/index.php?rest_route=%2Fwp%2Fv2%2Fcomments&post=3949"}],"version-history":[{"count":0,"href":"https:\/\/muzeumfabrykinorblina.pl\/index.php?rest_route=\/wp\/v2\/posts\/3949\/revisions"}],"wp:featuredmedia":[{"embeddable":true,"href":"https:\/\/muzeumfabrykinorblina.pl\/index.php?rest_route=\/wp\/v2\/media\/4468"}],"wp:attachment":[{"href":"https:\/\/muzeumfabrykinorblina.pl\/index.php?rest_route=%2Fwp%2Fv2%2Fmedia&parent=3949"}],"wp:term":[{"taxonomy":"category","embeddable":true,"href":"https:\/\/muzeumfabrykinorblina.pl\/index.php?rest_route=%2Fwp%2Fv2%2Fcategories&post=3949"},{"taxonomy":"post_tag","embeddable":true,"href":"https:\/\/muzeumfabrykinorblina.pl\/index.php?rest_route=%2Fwp%2Fv2%2Ftags&post=3949"}],"curies":[{"name":"wp","href":"https:\/\/api.w.org\/{rel}","templated":true}]}}