{"id":3827,"date":"2025-01-16T09:54:07","date_gmt":"2025-01-16T09:54:07","guid":{"rendered":"https:\/\/muzeumfabrykinorblina.pl\/?p=3827"},"modified":"2025-05-19T12:57:18","modified_gmt":"2025-05-19T12:57:18","slug":"muzeum-fabryki-norblina-wspiera-33-final-wosp","status":"publish","type":"post","link":"https:\/\/muzeumfabrykinorblina.pl\/?p=3827","title":{"rendered":"Muzeum Fabryki Norblina wspiera 33. Fina\u0142 WO\u015aP"},"content":{"rendered":"\n<p class=\"wp-block-paragraph\"><strong>Muzeum Fabryki Norblina po raz kolejny do\u0142\u0105cza do Wielkiej Orkiestry \u015awi\u0105tecznej Pomocy! Na tegoroczn\u0105 aukcj\u0119 przygotowali\u015bmy niezwyk\u0142\u0105 propozycj\u0119 \u2013 wycieczk\u0119 \u201eFabryka w pigu\u0142ce\u201d dla grupy do 10 os\u00f3b. To okazja, by pozna\u0107 fascynuj\u0105c\u0105 histori\u0119 naszego miejsca w sercu warszawskiej Woli i jednocze\u015bnie wesprze\u0107 szczytny cel.<\/strong><strong>&nbsp;Wielki fina\u0142 wsp\u00f3lnej gry ju\u017c 26 stycznia<\/strong><strong>.<\/strong><\/p>\n\n\n\n<p class=\"wp-block-paragraph\">\u201eFabryka w pigu\u0142ce\u201d to wyj\u0105tkowa, godzinna wycieczka, podczas kt\u00f3rej przemierzysz najbardziej fascynuj\u0105ce zak\u0105tki kompleksu przy ul. \u017belaznej 51\/53. W jej trakcie odwiedzisz m.in.:<\/p>\n\n\n\n<p class=\"wp-block-paragraph\">\u2022&nbsp;<strong>Relikt willi Franciszka&nbsp;<\/strong><strong>Ryxa<\/strong>, przenosz\u0105c si\u0119 w czasie o 240 lat,<\/p>\n\n\n\n<p class=\"wp-block-paragraph\">\u2022&nbsp;<strong>Hydrauliczny akumulator wyr\u00f3wnawczy<\/strong>, ikon\u0119 technologii dawnej epoki,<\/p>\n\n\n\n<p class=\"wp-block-paragraph\">\u2022&nbsp;<strong>Ulic\u0119 Ludwika Norblina<\/strong>, historyczny trakt pe\u0142en opowie\u015bci,<\/p>\n\n\n\n<p class=\"wp-block-paragraph\">\u2022&nbsp;Kolekcj\u0119&nbsp;<strong>plater\u00f3w<\/strong>, kt\u00f3re sta\u0142y si\u0119 wizyt\u00f3wk\u0105 Fabryki Norblina.<\/p>\n\n\n\n<p class=\"wp-block-paragraph\">Do\u015bwiadczony&nbsp;przewodnik&nbsp;w stroju z epoki&nbsp;odkryje&nbsp;przed Wami tajemnice Fabryki, prezentuj\u0105c kluczowe wydarzenia i ludzi, kt\u00f3rzy kszta\u0142towali to miejsce przez wieki. Wycieczka b\u0119dzie tak\u017ce wst\u0119pem do dalszego odkrywania tematycznych tras naszego muzeum.<\/p>\n\n\n\n<p class=\"wp-block-paragraph\">Doch\u00f3d z aukcji w ca\u0142o\u015bci zostanie przekazany na rzecz WO\u015aP, wspieraj\u0105cej w tym roku onkologi\u0119 i hematologi\u0119 dzieci\u0119c\u0105. To szansa na niesamowite prze\u017cycie i realny wk\u0142ad w czynienie dobra.<\/p>\n\n\n\n<p class=\"wp-block-paragraph\">Wycieczka jest przeznaczona dla grupy do 10 os\u00f3b \u2013 to doskona\u0142a propozycja na wsp\u00f3ln\u0105 przygod\u0119 z rodzin\u0105, przyjaci\u00f3\u0142mi lub wsp\u00f3\u0142pracownikami.&nbsp;Mo\u017cna j\u0105 zaplanowa\u0107 a\u017c do&nbsp;30 czerwca&nbsp;2025r.<\/p>\n\n\n\n<p class=\"wp-block-paragraph\">Graj z nami, licytuj i pom\u00f3\u017c czyni\u0107 dobro!&nbsp;<\/p>\n\n\n\n<p class=\"wp-block-paragraph\">Link do aukcji:\u00a0<a href=\"https:\/\/allegro.pl\/oferta\/fabryka-w-pigulce-wycieczka-dla-10-osob-po-muzeum-fabryki-norblina-17139822304\"><strong>https:\/\/allegro.pl\/oferta\/fabryka-w-pigulce-wycieczka-dla-10-osob-po-muzeum-fabryki-norblina-17139822304<\/strong><\/a><\/p>\n\n\n\n<p class=\"wp-block-paragraph\">Siema!<\/p>\n\n\n<!-- wp:themify-builder\/canvas \/-->","protected":false},"excerpt":{"rendered":"<p>Muzeum Fabryki Norblina po raz kolejny do\u0142\u0105cza do Wielkiej Orkiestry \u015awi\u0105tecznej Pomocy! Na tegoroczn\u0105 aukcj\u0119 przygotowali\u015bmy niezwyk\u0142\u0105 propozycj\u0119 \u2013 wycieczk\u0119 \u201eFabryka w pigu\u0142ce\u201d dla grupy do 10 os\u00f3b. To okazja, by pozna\u0107 fascynuj\u0105c\u0105 histori\u0119 naszego miejsca w sercu warszawskiej Woli i jednocze\u015bnie wesprze\u0107 szczytny cel.&nbsp;Wielki fina\u0142 wsp\u00f3lnej gry ju\u017c 26 stycznia. \u201eFabryka w pigu\u0142ce\u201d to [&hellip;]<\/p>\n","protected":false},"author":9,"featured_media":3828,"comment_status":"closed","ping_status":"closed","sticky":false,"template":"","format":"standard","meta":{"_acf_changed":false,"_monsterinsights_skip_tracking":false,"footnotes":""},"categories":[29],"tags":[],"class_list":["post-3827","post","type-post","status-publish","format-standard","has-post-thumbnail","hentry","category-aktualnosci","has-post-title","has-post-date","has-post-category","has-post-tag","has-post-comment","has-post-author",""],"acf":[],"yoast_head":"<!-- This site is optimized with the Yoast SEO plugin v28.2 - https:\/\/yoast.com\/product\/yoast-seo-wordpress\/ -->\n<title>Muzeum Fabryki Norblina wspiera 33. Fina\u0142 WO\u015aP | Muzeum Fabryki Norblina<\/title>\n<meta name=\"robots\" content=\"index, follow, max-snippet:-1, max-image-preview:large, max-video-preview:-1\" \/>\n<link rel=\"canonical\" href=\"https:\/\/muzeumfabrykinorblina.pl\/?p=3827\" \/>\n<meta property=\"og:locale\" content=\"pl_PL\" \/>\n<meta property=\"og:type\" content=\"article\" \/>\n<meta property=\"og:title\" content=\"Muzeum Fabryki Norblina wspiera 33. Fina\u0142 WO\u015aP | Muzeum Fabryki Norblina\" \/>\n<meta property=\"og:description\" content=\"Muzeum Fabryki Norblina po raz kolejny do\u0142\u0105cza do Wielkiej Orkiestry \u015awi\u0105tecznej Pomocy! Na tegoroczn\u0105 aukcj\u0119 przygotowali\u015bmy niezwyk\u0142\u0105 propozycj\u0119 \u2013 wycieczk\u0119 \u201eFabryka w pigu\u0142ce\u201d dla grupy do 10 os\u00f3b. To okazja, by pozna\u0107 fascynuj\u0105c\u0105 histori\u0119 naszego miejsca w sercu warszawskiej Woli i jednocze\u015bnie wesprze\u0107 szczytny cel.&nbsp;Wielki fina\u0142 wsp\u00f3lnej gry ju\u017c 26 stycznia. \u201eFabryka w pigu\u0142ce\u201d to [&hellip;]\" \/>\n<meta property=\"og:url\" content=\"https:\/\/muzeumfabrykinorblina.pl\/?p=3827\" \/>\n<meta property=\"og:site_name\" content=\"Muzeum Fabryki Norblina\" \/>\n<meta property=\"article:publisher\" content=\"https:\/\/www.facebook.com\/MuzeumFabrykiNorblina\" \/>\n<meta property=\"article:published_time\" content=\"2025-01-16T09:54:07+00:00\" \/>\n<meta property=\"article:modified_time\" content=\"2025-05-19T12:57:18+00:00\" \/>\n<meta property=\"og:image\" content=\"https:\/\/muzeumfabrykinorblina.pl\/wp-content\/uploads\/2025\/01\/MFN_WOSP_25.jpg\" \/>\n\t<meta property=\"og:image:width\" content=\"1080\" \/>\n\t<meta property=\"og:image:height\" content=\"1080\" \/>\n\t<meta property=\"og:image:type\" content=\"image\/jpeg\" \/>\n<meta name=\"author\" content=\"Agata Ilnicka\" \/>\n<meta name=\"twitter:card\" content=\"summary_large_image\" \/>\n<meta name=\"twitter:label1\" content=\"Napisane przez\" \/>\n\t<meta name=\"twitter:data1\" content=\"Agata Ilnicka\" \/>\n\t<meta name=\"twitter:label2\" content=\"Szacowany czas czytania\" \/>\n\t<meta name=\"twitter:data2\" content=\"2 minuty\" \/>\n<script type=\"application\/ld+json\" class=\"yoast-schema-graph\">{\"@context\":\"https:\\\/\\\/schema.org\",\"@graph\":[{\"@type\":\"Article\",\"@id\":\"https:\\\/\\\/muzeumfabrykinorblina.pl\\\/?p=3827#article\",\"isPartOf\":{\"@id\":\"https:\\\/\\\/muzeumfabrykinorblina.pl\\\/?p=3827\"},\"author\":{\"name\":\"Agata Ilnicka\",\"@id\":\"https:\\\/\\\/muzeumfabrykinorblina.pl\\\/#\\\/schema\\\/person\\\/4f1632ef79031887e0e24c4ea9d3472e\"},\"headline\":\"Muzeum Fabryki Norblina wspiera 33. Fina\u0142 WO\u015aP\",\"datePublished\":\"2025-01-16T09:54:07+00:00\",\"dateModified\":\"2025-05-19T12:57:18+00:00\",\"mainEntityOfPage\":{\"@id\":\"https:\\\/\\\/muzeumfabrykinorblina.pl\\\/?p=3827\"},\"wordCount\":273,\"publisher\":{\"@id\":\"https:\\\/\\\/muzeumfabrykinorblina.pl\\\/#organization\"},\"image\":{\"@id\":\"https:\\\/\\\/muzeumfabrykinorblina.pl\\\/?p=3827#primaryimage\"},\"thumbnailUrl\":\"https:\\\/\\\/muzeumfabrykinorblina.pl\\\/wp-content\\\/uploads\\\/2025\\\/01\\\/MFN_WOSP_25.jpg\",\"articleSection\":[\"Aktualno\u015bci\"],\"inLanguage\":\"pl-PL\"},{\"@type\":\"WebPage\",\"@id\":\"https:\\\/\\\/muzeumfabrykinorblina.pl\\\/?p=3827\",\"url\":\"https:\\\/\\\/muzeumfabrykinorblina.pl\\\/?p=3827\",\"name\":\"Muzeum Fabryki Norblina wspiera 33. Fina\u0142 WO\u015aP | Muzeum Fabryki Norblina\",\"isPartOf\":{\"@id\":\"https:\\\/\\\/muzeumfabrykinorblina.pl\\\/#website\"},\"primaryImageOfPage\":{\"@id\":\"https:\\\/\\\/muzeumfabrykinorblina.pl\\\/?p=3827#primaryimage\"},\"image\":{\"@id\":\"https:\\\/\\\/muzeumfabrykinorblina.pl\\\/?p=3827#primaryimage\"},\"thumbnailUrl\":\"https:\\\/\\\/muzeumfabrykinorblina.pl\\\/wp-content\\\/uploads\\\/2025\\\/01\\\/MFN_WOSP_25.jpg\",\"datePublished\":\"2025-01-16T09:54:07+00:00\",\"dateModified\":\"2025-05-19T12:57:18+00:00\",\"breadcrumb\":{\"@id\":\"https:\\\/\\\/muzeumfabrykinorblina.pl\\\/?p=3827#breadcrumb\"},\"inLanguage\":\"pl-PL\",\"potentialAction\":[{\"@type\":\"ReadAction\",\"target\":[\"https:\\\/\\\/muzeumfabrykinorblina.pl\\\/?p=3827\"]}]},{\"@type\":\"ImageObject\",\"inLanguage\":\"pl-PL\",\"@id\":\"https:\\\/\\\/muzeumfabrykinorblina.pl\\\/?p=3827#primaryimage\",\"url\":\"https:\\\/\\\/muzeumfabrykinorblina.pl\\\/wp-content\\\/uploads\\\/2025\\\/01\\\/MFN_WOSP_25.jpg\",\"contentUrl\":\"https:\\\/\\\/muzeumfabrykinorblina.pl\\\/wp-content\\\/uploads\\\/2025\\\/01\\\/MFN_WOSP_25.jpg\",\"width\":1080,\"height\":1080},{\"@type\":\"BreadcrumbList\",\"@id\":\"https:\\\/\\\/muzeumfabrykinorblina.pl\\\/?p=3827#breadcrumb\",\"itemListElement\":[{\"@type\":\"ListItem\",\"position\":1,\"name\":\"Strona g\u0142\u00f3wna\",\"item\":\"https:\\\/\\\/muzeumfabrykinorblina.pl\\\/\"},{\"@type\":\"ListItem\",\"position\":2,\"name\":\"Muzeum Fabryki Norblina wspiera 33. Fina\u0142 WO\u015aP\"}]},{\"@type\":\"WebSite\",\"@id\":\"https:\\\/\\\/muzeumfabrykinorblina.pl\\\/#website\",\"url\":\"https:\\\/\\\/muzeumfabrykinorblina.pl\\\/\",\"name\":\"Muzeum Fabryki Norblina\",\"description\":\"Fabryka Norblina\",\"publisher\":{\"@id\":\"https:\\\/\\\/muzeumfabrykinorblina.pl\\\/#organization\"},\"potentialAction\":[{\"@type\":\"SearchAction\",\"target\":{\"@type\":\"EntryPoint\",\"urlTemplate\":\"https:\\\/\\\/muzeumfabrykinorblina.pl\\\/?s={search_term_string}\"},\"query-input\":{\"@type\":\"PropertyValueSpecification\",\"valueRequired\":true,\"valueName\":\"search_term_string\"}}],\"inLanguage\":\"pl-PL\"},{\"@type\":\"Organization\",\"@id\":\"https:\\\/\\\/muzeumfabrykinorblina.pl\\\/#organization\",\"name\":\"Muzeum Fabryki Norblina\",\"url\":\"https:\\\/\\\/muzeumfabrykinorblina.pl\\\/\",\"logo\":{\"@type\":\"ImageObject\",\"inLanguage\":\"pl-PL\",\"@id\":\"https:\\\/\\\/muzeumfabrykinorblina.pl\\\/#\\\/schema\\\/logo\\\/image\\\/\",\"url\":\"https:\\\/\\\/muzeumfabrykinorblina.pl\\\/wp-content\\\/uploads\\\/2023\\\/11\\\/MFN_Featured-image_1200x675.jpg\",\"contentUrl\":\"https:\\\/\\\/muzeumfabrykinorblina.pl\\\/wp-content\\\/uploads\\\/2023\\\/11\\\/MFN_Featured-image_1200x675.jpg\",\"width\":1200,\"height\":675,\"caption\":\"Muzeum Fabryki Norblina\"},\"image\":{\"@id\":\"https:\\\/\\\/muzeumfabrykinorblina.pl\\\/#\\\/schema\\\/logo\\\/image\\\/\"},\"sameAs\":[\"https:\\\/\\\/www.facebook.com\\\/MuzeumFabrykiNorblina\",\"https:\\\/\\\/www.instagram.com\\\/muzeumfabrykinorblina\\\/\"]},{\"@type\":\"Person\",\"@id\":\"https:\\\/\\\/muzeumfabrykinorblina.pl\\\/#\\\/schema\\\/person\\\/4f1632ef79031887e0e24c4ea9d3472e\",\"name\":\"Agata Ilnicka\",\"image\":{\"@type\":\"ImageObject\",\"inLanguage\":\"pl-PL\",\"@id\":\"https:\\\/\\\/secure.gravatar.com\\\/avatar\\\/0c850e3cc969e3bec61971337ea044add4e3b6da745c50448fbab5c86b0b85d9?s=96&d=mm&r=g\",\"url\":\"https:\\\/\\\/secure.gravatar.com\\\/avatar\\\/0c850e3cc969e3bec61971337ea044add4e3b6da745c50448fbab5c86b0b85d9?s=96&d=mm&r=g\",\"contentUrl\":\"https:\\\/\\\/secure.gravatar.com\\\/avatar\\\/0c850e3cc969e3bec61971337ea044add4e3b6da745c50448fbab5c86b0b85d9?s=96&d=mm&r=g\",\"caption\":\"Agata Ilnicka\"},\"url\":\"https:\\\/\\\/muzeumfabrykinorblina.pl\\\/?author=9\"}]}<\/script>\n<!-- \/ Yoast SEO plugin. -->","yoast_head_json":{"title":"Muzeum Fabryki Norblina wspiera 33. Fina\u0142 WO\u015aP | Muzeum Fabryki Norblina","robots":{"index":"index","follow":"follow","max-snippet":"max-snippet:-1","max-image-preview":"max-image-preview:large","max-video-preview":"max-video-preview:-1"},"canonical":"https:\/\/muzeumfabrykinorblina.pl\/?p=3827","og_locale":"pl_PL","og_type":"article","og_title":"Muzeum Fabryki Norblina wspiera 33. Fina\u0142 WO\u015aP | Muzeum Fabryki Norblina","og_description":"Muzeum Fabryki Norblina po raz kolejny do\u0142\u0105cza do Wielkiej Orkiestry \u015awi\u0105tecznej Pomocy! Na tegoroczn\u0105 aukcj\u0119 przygotowali\u015bmy niezwyk\u0142\u0105 propozycj\u0119 \u2013 wycieczk\u0119 \u201eFabryka w pigu\u0142ce\u201d dla grupy do 10 os\u00f3b. To okazja, by pozna\u0107 fascynuj\u0105c\u0105 histori\u0119 naszego miejsca w sercu warszawskiej Woli i jednocze\u015bnie wesprze\u0107 szczytny cel.&nbsp;Wielki fina\u0142 wsp\u00f3lnej gry ju\u017c 26 stycznia. \u201eFabryka w pigu\u0142ce\u201d to [&hellip;]","og_url":"https:\/\/muzeumfabrykinorblina.pl\/?p=3827","og_site_name":"Muzeum Fabryki Norblina","article_publisher":"https:\/\/www.facebook.com\/MuzeumFabrykiNorblina","article_published_time":"2025-01-16T09:54:07+00:00","article_modified_time":"2025-05-19T12:57:18+00:00","og_image":[{"width":1080,"height":1080,"url":"https:\/\/muzeumfabrykinorblina.pl\/wp-content\/uploads\/2025\/01\/MFN_WOSP_25.jpg","type":"image\/jpeg"}],"author":"Agata Ilnicka","twitter_card":"summary_large_image","twitter_misc":{"Napisane przez":"Agata Ilnicka","Szacowany czas czytania":"2 minuty"},"schema":{"@context":"https:\/\/schema.org","@graph":[{"@type":"Article","@id":"https:\/\/muzeumfabrykinorblina.pl\/?p=3827#article","isPartOf":{"@id":"https:\/\/muzeumfabrykinorblina.pl\/?p=3827"},"author":{"name":"Agata Ilnicka","@id":"https:\/\/muzeumfabrykinorblina.pl\/#\/schema\/person\/4f1632ef79031887e0e24c4ea9d3472e"},"headline":"Muzeum Fabryki Norblina wspiera 33. Fina\u0142 WO\u015aP","datePublished":"2025-01-16T09:54:07+00:00","dateModified":"2025-05-19T12:57:18+00:00","mainEntityOfPage":{"@id":"https:\/\/muzeumfabrykinorblina.pl\/?p=3827"},"wordCount":273,"publisher":{"@id":"https:\/\/muzeumfabrykinorblina.pl\/#organization"},"image":{"@id":"https:\/\/muzeumfabrykinorblina.pl\/?p=3827#primaryimage"},"thumbnailUrl":"https:\/\/muzeumfabrykinorblina.pl\/wp-content\/uploads\/2025\/01\/MFN_WOSP_25.jpg","articleSection":["Aktualno\u015bci"],"inLanguage":"pl-PL"},{"@type":"WebPage","@id":"https:\/\/muzeumfabrykinorblina.pl\/?p=3827","url":"https:\/\/muzeumfabrykinorblina.pl\/?p=3827","name":"Muzeum Fabryki Norblina wspiera 33. Fina\u0142 WO\u015aP | Muzeum Fabryki Norblina","isPartOf":{"@id":"https:\/\/muzeumfabrykinorblina.pl\/#website"},"primaryImageOfPage":{"@id":"https:\/\/muzeumfabrykinorblina.pl\/?p=3827#primaryimage"},"image":{"@id":"https:\/\/muzeumfabrykinorblina.pl\/?p=3827#primaryimage"},"thumbnailUrl":"https:\/\/muzeumfabrykinorblina.pl\/wp-content\/uploads\/2025\/01\/MFN_WOSP_25.jpg","datePublished":"2025-01-16T09:54:07+00:00","dateModified":"2025-05-19T12:57:18+00:00","breadcrumb":{"@id":"https:\/\/muzeumfabrykinorblina.pl\/?p=3827#breadcrumb"},"inLanguage":"pl-PL","potentialAction":[{"@type":"ReadAction","target":["https:\/\/muzeumfabrykinorblina.pl\/?p=3827"]}]},{"@type":"ImageObject","inLanguage":"pl-PL","@id":"https:\/\/muzeumfabrykinorblina.pl\/?p=3827#primaryimage","url":"https:\/\/muzeumfabrykinorblina.pl\/wp-content\/uploads\/2025\/01\/MFN_WOSP_25.jpg","contentUrl":"https:\/\/muzeumfabrykinorblina.pl\/wp-content\/uploads\/2025\/01\/MFN_WOSP_25.jpg","width":1080,"height":1080},{"@type":"BreadcrumbList","@id":"https:\/\/muzeumfabrykinorblina.pl\/?p=3827#breadcrumb","itemListElement":[{"@type":"ListItem","position":1,"name":"Strona g\u0142\u00f3wna","item":"https:\/\/muzeumfabrykinorblina.pl\/"},{"@type":"ListItem","position":2,"name":"Muzeum Fabryki Norblina wspiera 33. Fina\u0142 WO\u015aP"}]},{"@type":"WebSite","@id":"https:\/\/muzeumfabrykinorblina.pl\/#website","url":"https:\/\/muzeumfabrykinorblina.pl\/","name":"Muzeum Fabryki Norblina","description":"Fabryka Norblina","publisher":{"@id":"https:\/\/muzeumfabrykinorblina.pl\/#organization"},"potentialAction":[{"@type":"SearchAction","target":{"@type":"EntryPoint","urlTemplate":"https:\/\/muzeumfabrykinorblina.pl\/?s={search_term_string}"},"query-input":{"@type":"PropertyValueSpecification","valueRequired":true,"valueName":"search_term_string"}}],"inLanguage":"pl-PL"},{"@type":"Organization","@id":"https:\/\/muzeumfabrykinorblina.pl\/#organization","name":"Muzeum Fabryki Norblina","url":"https:\/\/muzeumfabrykinorblina.pl\/","logo":{"@type":"ImageObject","inLanguage":"pl-PL","@id":"https:\/\/muzeumfabrykinorblina.pl\/#\/schema\/logo\/image\/","url":"https:\/\/muzeumfabrykinorblina.pl\/wp-content\/uploads\/2023\/11\/MFN_Featured-image_1200x675.jpg","contentUrl":"https:\/\/muzeumfabrykinorblina.pl\/wp-content\/uploads\/2023\/11\/MFN_Featured-image_1200x675.jpg","width":1200,"height":675,"caption":"Muzeum Fabryki Norblina"},"image":{"@id":"https:\/\/muzeumfabrykinorblina.pl\/#\/schema\/logo\/image\/"},"sameAs":["https:\/\/www.facebook.com\/MuzeumFabrykiNorblina","https:\/\/www.instagram.com\/muzeumfabrykinorblina\/"]},{"@type":"Person","@id":"https:\/\/muzeumfabrykinorblina.pl\/#\/schema\/person\/4f1632ef79031887e0e24c4ea9d3472e","name":"Agata Ilnicka","image":{"@type":"ImageObject","inLanguage":"pl-PL","@id":"https:\/\/secure.gravatar.com\/avatar\/0c850e3cc969e3bec61971337ea044add4e3b6da745c50448fbab5c86b0b85d9?s=96&d=mm&r=g","url":"https:\/\/secure.gravatar.com\/avatar\/0c850e3cc969e3bec61971337ea044add4e3b6da745c50448fbab5c86b0b85d9?s=96&d=mm&r=g","contentUrl":"https:\/\/secure.gravatar.com\/avatar\/0c850e3cc969e3bec61971337ea044add4e3b6da745c50448fbab5c86b0b85d9?s=96&d=mm&r=g","caption":"Agata Ilnicka"},"url":"https:\/\/muzeumfabrykinorblina.pl\/?author=9"}]}},"lang":"pl","translations":{"pl":3827},"builder_content":"","pll_sync_post":{},"_links":{"self":[{"href":"https:\/\/muzeumfabrykinorblina.pl\/index.php?rest_route=\/wp\/v2\/posts\/3827","targetHints":{"allow":["GET"]}}],"collection":[{"href":"https:\/\/muzeumfabrykinorblina.pl\/index.php?rest_route=\/wp\/v2\/posts"}],"about":[{"href":"https:\/\/muzeumfabrykinorblina.pl\/index.php?rest_route=\/wp\/v2\/types\/post"}],"author":[{"embeddable":true,"href":"https:\/\/muzeumfabrykinorblina.pl\/index.php?rest_route=\/wp\/v2\/users\/9"}],"replies":[{"embeddable":true,"href":"https:\/\/muzeumfabrykinorblina.pl\/index.php?rest_route=%2Fwp%2Fv2%2Fcomments&post=3827"}],"version-history":[{"count":0,"href":"https:\/\/muzeumfabrykinorblina.pl\/index.php?rest_route=\/wp\/v2\/posts\/3827\/revisions"}],"wp:featuredmedia":[{"embeddable":true,"href":"https:\/\/muzeumfabrykinorblina.pl\/index.php?rest_route=\/wp\/v2\/media\/3828"}],"wp:attachment":[{"href":"https:\/\/muzeumfabrykinorblina.pl\/index.php?rest_route=%2Fwp%2Fv2%2Fmedia&parent=3827"}],"wp:term":[{"taxonomy":"category","embeddable":true,"href":"https:\/\/muzeumfabrykinorblina.pl\/index.php?rest_route=%2Fwp%2Fv2%2Fcategories&post=3827"},{"taxonomy":"post_tag","embeddable":true,"href":"https:\/\/muzeumfabrykinorblina.pl\/index.php?rest_route=%2Fwp%2Fv2%2Ftags&post=3827"}],"curies":[{"name":"wp","href":"https:\/\/api.w.org\/{rel}","templated":true}]}}