{"id":3795,"date":"2025-01-07T08:57:19","date_gmt":"2025-01-07T08:57:19","guid":{"rendered":"https:\/\/muzeumfabrykinorblina.pl\/?p=3795"},"modified":"2025-06-01T10:14:56","modified_gmt":"2025-06-01T08:14:56","slug":"nie-tylko-secesja-w-wyrobach-firmy-norblin-br-buch-i-t-werner","status":"publish","type":"post","link":"https:\/\/muzeumfabrykinorblina.pl\/?p=3795","title":{"rendered":"Nie tylko secesja w wyrobach firmy Norblin, Br. Buch i T. Werner"},"content":{"rendered":"\n<p class=\"wp-block-paragraph\"><strong>Ekspozycja zatytu\u0142owana \u201eNie tylko secesja w wyrobach firmy Norblin, Br. Buch i T. Werner\u201d<\/strong> to wystawa prezentuj\u0105ca pi\u0119kno i bogactwo wzornictwa przemys\u0142owego firmy Norblin, Br. Buch i T. Werner. Dost\u0119pna jest dla zwiedzaj\u0105cych w dniach <strong>18 grudnia 2024 \u2013 3 sierpnia 2025<\/strong>.<\/p>\n\n\n\n<p class=\"wp-block-paragraph\">Wystawa ukazuje unikatowe obiekty u\u017cytkowe i dekoracyjne, kt\u00f3re odzwierciedlaj\u0105 przemiany stylistyczne od XIX wieku a\u017c po okres mi\u0119dzywojenny. Dzi\u0119ki nim mo\u017cna zobaczy\u0107, jak zmienia\u0142y si\u0119 trendy w sztuce u\u017cytkowej na przestrzeni niemal dw\u00f3ch stuleci.<\/p>\n\n\n\n<p class=\"wp-block-paragraph\">Oto, jak t\u0119 fascynuj\u0105c\u0105 histori\u0119 opisuje jedna z kuratorek wystawy, dr Joanna Paprocka-Gajek:<\/p>\n\n\n\n<p class=\"wp-block-paragraph\"><em>Prawie 200 lat dzia\u0142alno\u015bci firmy za\u0142o\u017conej przez Wincentego Norblina w Warszawie to imponuj\u0105co d\u0142ugi czas, zw\u0142aszcza w dziedzinie wzornictwa przemys\u0142owego, kt\u00f3re podlega\u0142o wp\u0142ywom zmieniaj\u0105cej si\u0119 mody i upodoba\u0144 nabywc\u00f3w. Okres 1819-1939 by\u0142 szczeg\u00f3lnie burzliwy pod wzgl\u0119dem zmian stylistycznych. Znacznie zwi\u0119kszy\u0142a si\u0119 mo\u017cliwo\u015b\u0107 podr\u00f3\u017cowania po Europie, sk\u0105d czerpano nowe idee i nowinki formalne, ch\u0119tnie rozwijane na ziemiach polskich przez rodzimych artyst\u00f3w oraz wytw\u00f3rc\u00f3w przedmiot\u00f3w codziennego u\u017cytku. Po d\u0142ugim trwaniu styl\u00f3w historycznych i akademickich, secesja podnios\u0142a znaczenie obserwacji natury; to z niej tw\u00f3rcy zacz\u0119li czerpa\u0107 inspiracje, ujawniane nast\u0119pnie w formach i dekoracjach wyrob\u00f3w u\u017cytkowych. Oko\u0142o roku 1900 styl nazwany \u201eSecesj\u0105\u201d zatriumfowa\u0142 na wystawie \u015bwiatowej w Pary\u017cu. Uk\u0142adaj\u0105ce si\u0119 naturalnie, p\u0142ynne linie i wzory ro\u015blinne dominowa\u0142y w formach secesyjnych mebli, wyrob\u00f3w ze szk\u0142a, ceramiki, kamienia i metali. Na zmiany stylu szybko zareagowa\u0142 tak\u017ce przemys\u0142 platerniczy. Plastyczny metal \u015bwietnie nadawa\u0142 si\u0119 do modelowania nowych wzor\u00f3w czerpanych z obserwacji natury. Powstawa\u0142y naczynia i sztu\u0107ce dekorowane kwiatami irys\u00f3w, oplatane ga\u0142\u0105zkami powoju i polnymi kwiatami, ch\u0119tnie dope\u0142niane falist\u0105 lini\u0105 rozpuszczonych w\u0142os\u00f3w i kszta\u0142t\u00f3w postaci kobiecych.<\/em> <em>Wyroby z tego okresu, ale i nie tylko, b\u0119d\u0105ce obiektem po\u017c\u0105dania \u00f3wczesnych odbiorc\u00f3w i dzisiejszych kolekcjoner\u00f3w, mog\u0105 Pa\u0144stwo zobaczy\u0107 na wyj\u0105tkowej wystawie w Muzeum Fabryki Norblina.<\/em><\/p>\n\n\n\n<p class=\"wp-block-paragraph\">Wystawa zosta\u0142a przygotowana przez zesp\u00f3\u0142 kuratorski w sk\u0142adzie: <strong>Joanna Paprocka-Gajek<\/strong>, <strong>Renata Pieniek<\/strong> oraz <strong>Muzeum Pa\u0142acu Kr\u00f3la Jana III w Wilanowie<\/strong>, a obiekty zosta\u0142y u\u017cyczone dzi\u0119ki uprzejmo\u015bci pasjonat\u00f3w: Tomasza Gapi\u0144skiego, Piotra Gulczy\u0144skiego, Sebastiana Kr\u00f3laka i Kamila Zawadzkiego.<\/p>\n\n\n\n<p class=\"wp-block-paragraph\">Ekspozycja towarzyszy wystawie \u201eNiecodzienne przedmioty codziennego u\u017cytku. 200 lat platernictwa w Polsce\u201d, organizowanej przez Muzeum Pa\u0142acu Kr\u00f3la Jana III w Wilanowie (29.11.2024 \u2013 3.08.2025).<\/p>\n\n\n<!-- wp:themify-builder\/canvas \/-->","protected":false},"excerpt":{"rendered":"<p>Ekspozycja zatytu\u0142owana \u201eNie tylko secesja w wyrobach firmy Norblin, Br. Buch i T. Werner\u201d to wystawa prezentuj\u0105ca pi\u0119kno i bogactwo wzornictwa przemys\u0142owego firmy Norblin, Br. Buch i T. Werner. Dost\u0119pna jest dla zwiedzaj\u0105cych w dniach 18 grudnia 2024 \u2013 3 sierpnia 2025. Wystawa ukazuje unikatowe obiekty u\u017cytkowe i dekoracyjne, kt\u00f3re odzwierciedlaj\u0105 przemiany stylistyczne od XIX [&hellip;]<\/p>\n","protected":false},"author":10,"featured_media":3798,"comment_status":"closed","ping_status":"closed","sticky":false,"template":"","format":"standard","meta":{"_acf_changed":false,"_monsterinsights_skip_tracking":false,"footnotes":""},"categories":[59],"tags":[],"class_list":["post-3795","post","type-post","status-publish","format-standard","has-post-thumbnail","hentry","category-wystawy-czasowe","has-post-title","has-post-date","has-post-category","has-post-tag","has-post-comment","has-post-author",""],"acf":[],"yoast_head":"<!-- This site is optimized with the Yoast SEO plugin v28.2 - https:\/\/yoast.com\/product\/yoast-seo-wordpress\/ -->\n<title>Nie tylko secesja w wyrobach firmy Norblin, Br. Buch i T. Werner | Muzeum Fabryki Norblina<\/title>\n<meta name=\"robots\" content=\"index, follow, max-snippet:-1, max-image-preview:large, max-video-preview:-1\" \/>\n<link rel=\"canonical\" href=\"https:\/\/muzeumfabrykinorblina.pl\/?p=3795\" \/>\n<meta property=\"og:locale\" content=\"pl_PL\" \/>\n<meta property=\"og:type\" content=\"article\" \/>\n<meta property=\"og:title\" content=\"Nie tylko secesja w wyrobach firmy Norblin, Br. Buch i T. Werner | Muzeum Fabryki Norblina\" \/>\n<meta property=\"og:description\" content=\"Ekspozycja zatytu\u0142owana \u201eNie tylko secesja w wyrobach firmy Norblin, Br. Buch i T. Werner\u201d to wystawa prezentuj\u0105ca pi\u0119kno i bogactwo wzornictwa przemys\u0142owego firmy Norblin, Br. Buch i T. Werner. Dost\u0119pna jest dla zwiedzaj\u0105cych w dniach 18 grudnia 2024 \u2013 3 sierpnia 2025. Wystawa ukazuje unikatowe obiekty u\u017cytkowe i dekoracyjne, kt\u00f3re odzwierciedlaj\u0105 przemiany stylistyczne od XIX [&hellip;]\" \/>\n<meta property=\"og:url\" content=\"https:\/\/muzeumfabrykinorblina.pl\/?p=3795\" \/>\n<meta property=\"og:site_name\" content=\"Muzeum Fabryki Norblina\" \/>\n<meta property=\"article:publisher\" content=\"https:\/\/www.facebook.com\/MuzeumFabrykiNorblina\" \/>\n<meta property=\"article:published_time\" content=\"2025-01-07T08:57:19+00:00\" \/>\n<meta property=\"article:modified_time\" content=\"2025-06-01T08:14:56+00:00\" \/>\n<meta property=\"og:image\" content=\"https:\/\/muzeumfabrykinorblina.pl\/wp-content\/uploads\/2025\/01\/Nie-tylko-secesja_wystawaczasowa_Wilanow-scaled.jpg\" \/>\n\t<meta property=\"og:image:width\" content=\"2560\" \/>\n\t<meta property=\"og:image:height\" content=\"2560\" \/>\n\t<meta property=\"og:image:type\" content=\"image\/jpeg\" \/>\n<meta name=\"author\" content=\"Martyna Duli\u0144ska\" \/>\n<meta name=\"twitter:card\" content=\"summary_large_image\" \/>\n<meta name=\"twitter:label1\" content=\"Napisane przez\" \/>\n\t<meta name=\"twitter:data1\" content=\"Martyna Duli\u0144ska\" \/>\n\t<meta name=\"twitter:label2\" content=\"Szacowany czas czytania\" \/>\n\t<meta name=\"twitter:data2\" content=\"3 minuty\" \/>\n<script type=\"application\/ld+json\" class=\"yoast-schema-graph\">{\"@context\":\"https:\\\/\\\/schema.org\",\"@graph\":[{\"@type\":\"Article\",\"@id\":\"https:\\\/\\\/muzeumfabrykinorblina.pl\\\/?p=3795#article\",\"isPartOf\":{\"@id\":\"https:\\\/\\\/muzeumfabrykinorblina.pl\\\/?p=3795\"},\"author\":{\"name\":\"Martyna Duli\u0144ska\",\"@id\":\"https:\\\/\\\/muzeumfabrykinorblina.pl\\\/#\\\/schema\\\/person\\\/d2388cfb16badb46118fb26254e1173c\"},\"headline\":\"Nie tylko secesja w wyrobach firmy Norblin, Br. Buch i T. Werner\",\"datePublished\":\"2025-01-07T08:57:19+00:00\",\"dateModified\":\"2025-06-01T08:14:56+00:00\",\"mainEntityOfPage\":{\"@id\":\"https:\\\/\\\/muzeumfabrykinorblina.pl\\\/?p=3795\"},\"wordCount\":436,\"publisher\":{\"@id\":\"https:\\\/\\\/muzeumfabrykinorblina.pl\\\/#organization\"},\"image\":{\"@id\":\"https:\\\/\\\/muzeumfabrykinorblina.pl\\\/?p=3795#primaryimage\"},\"thumbnailUrl\":\"https:\\\/\\\/muzeumfabrykinorblina.pl\\\/wp-content\\\/uploads\\\/2025\\\/01\\\/Nie-tylko-secesja_wystawaczasowa_Wilanow-scaled.jpg\",\"articleSection\":[\"Wystawy czasowe\"],\"inLanguage\":\"pl-PL\"},{\"@type\":\"WebPage\",\"@id\":\"https:\\\/\\\/muzeumfabrykinorblina.pl\\\/?p=3795\",\"url\":\"https:\\\/\\\/muzeumfabrykinorblina.pl\\\/?p=3795\",\"name\":\"Nie tylko secesja w wyrobach firmy Norblin, Br. Buch i T. Werner | Muzeum Fabryki Norblina\",\"isPartOf\":{\"@id\":\"https:\\\/\\\/muzeumfabrykinorblina.pl\\\/#website\"},\"primaryImageOfPage\":{\"@id\":\"https:\\\/\\\/muzeumfabrykinorblina.pl\\\/?p=3795#primaryimage\"},\"image\":{\"@id\":\"https:\\\/\\\/muzeumfabrykinorblina.pl\\\/?p=3795#primaryimage\"},\"thumbnailUrl\":\"https:\\\/\\\/muzeumfabrykinorblina.pl\\\/wp-content\\\/uploads\\\/2025\\\/01\\\/Nie-tylko-secesja_wystawaczasowa_Wilanow-scaled.jpg\",\"datePublished\":\"2025-01-07T08:57:19+00:00\",\"dateModified\":\"2025-06-01T08:14:56+00:00\",\"breadcrumb\":{\"@id\":\"https:\\\/\\\/muzeumfabrykinorblina.pl\\\/?p=3795#breadcrumb\"},\"inLanguage\":\"pl-PL\",\"potentialAction\":[{\"@type\":\"ReadAction\",\"target\":[\"https:\\\/\\\/muzeumfabrykinorblina.pl\\\/?p=3795\"]}]},{\"@type\":\"ImageObject\",\"inLanguage\":\"pl-PL\",\"@id\":\"https:\\\/\\\/muzeumfabrykinorblina.pl\\\/?p=3795#primaryimage\",\"url\":\"https:\\\/\\\/muzeumfabrykinorblina.pl\\\/wp-content\\\/uploads\\\/2025\\\/01\\\/Nie-tylko-secesja_wystawaczasowa_Wilanow-scaled.jpg\",\"contentUrl\":\"https:\\\/\\\/muzeumfabrykinorblina.pl\\\/wp-content\\\/uploads\\\/2025\\\/01\\\/Nie-tylko-secesja_wystawaczasowa_Wilanow-scaled.jpg\",\"width\":2560,\"height\":2560},{\"@type\":\"BreadcrumbList\",\"@id\":\"https:\\\/\\\/muzeumfabrykinorblina.pl\\\/?p=3795#breadcrumb\",\"itemListElement\":[{\"@type\":\"ListItem\",\"position\":1,\"name\":\"Strona g\u0142\u00f3wna\",\"item\":\"https:\\\/\\\/muzeumfabrykinorblina.pl\\\/\"},{\"@type\":\"ListItem\",\"position\":2,\"name\":\"Nie tylko secesja w wyrobach firmy Norblin, Br. Buch i T. Werner\"}]},{\"@type\":\"WebSite\",\"@id\":\"https:\\\/\\\/muzeumfabrykinorblina.pl\\\/#website\",\"url\":\"https:\\\/\\\/muzeumfabrykinorblina.pl\\\/\",\"name\":\"Muzeum Fabryki Norblina\",\"description\":\"Fabryka Norblina\",\"publisher\":{\"@id\":\"https:\\\/\\\/muzeumfabrykinorblina.pl\\\/#organization\"},\"potentialAction\":[{\"@type\":\"SearchAction\",\"target\":{\"@type\":\"EntryPoint\",\"urlTemplate\":\"https:\\\/\\\/muzeumfabrykinorblina.pl\\\/?s={search_term_string}\"},\"query-input\":{\"@type\":\"PropertyValueSpecification\",\"valueRequired\":true,\"valueName\":\"search_term_string\"}}],\"inLanguage\":\"pl-PL\"},{\"@type\":\"Organization\",\"@id\":\"https:\\\/\\\/muzeumfabrykinorblina.pl\\\/#organization\",\"name\":\"Muzeum Fabryki Norblina\",\"url\":\"https:\\\/\\\/muzeumfabrykinorblina.pl\\\/\",\"logo\":{\"@type\":\"ImageObject\",\"inLanguage\":\"pl-PL\",\"@id\":\"https:\\\/\\\/muzeumfabrykinorblina.pl\\\/#\\\/schema\\\/logo\\\/image\\\/\",\"url\":\"https:\\\/\\\/muzeumfabrykinorblina.pl\\\/wp-content\\\/uploads\\\/2023\\\/11\\\/MFN_Featured-image_1200x675.jpg\",\"contentUrl\":\"https:\\\/\\\/muzeumfabrykinorblina.pl\\\/wp-content\\\/uploads\\\/2023\\\/11\\\/MFN_Featured-image_1200x675.jpg\",\"width\":1200,\"height\":675,\"caption\":\"Muzeum Fabryki Norblina\"},\"image\":{\"@id\":\"https:\\\/\\\/muzeumfabrykinorblina.pl\\\/#\\\/schema\\\/logo\\\/image\\\/\"},\"sameAs\":[\"https:\\\/\\\/www.facebook.com\\\/MuzeumFabrykiNorblina\",\"https:\\\/\\\/www.instagram.com\\\/muzeumfabrykinorblina\\\/\"]},{\"@type\":\"Person\",\"@id\":\"https:\\\/\\\/muzeumfabrykinorblina.pl\\\/#\\\/schema\\\/person\\\/d2388cfb16badb46118fb26254e1173c\",\"name\":\"Martyna Duli\u0144ska\",\"image\":{\"@type\":\"ImageObject\",\"inLanguage\":\"pl-PL\",\"@id\":\"https:\\\/\\\/secure.gravatar.com\\\/avatar\\\/f08f1cb0c3aeb559afa32edd699f0994e6cd15357a85ab67dd3506224ed9f76b?s=96&d=mm&r=g\",\"url\":\"https:\\\/\\\/secure.gravatar.com\\\/avatar\\\/f08f1cb0c3aeb559afa32edd699f0994e6cd15357a85ab67dd3506224ed9f76b?s=96&d=mm&r=g\",\"contentUrl\":\"https:\\\/\\\/secure.gravatar.com\\\/avatar\\\/f08f1cb0c3aeb559afa32edd699f0994e6cd15357a85ab67dd3506224ed9f76b?s=96&d=mm&r=g\",\"caption\":\"Martyna Duli\u0144ska\"},\"url\":\"https:\\\/\\\/muzeumfabrykinorblina.pl\\\/?author=10\"}]}<\/script>\n<!-- \/ Yoast SEO plugin. -->","yoast_head_json":{"title":"Nie tylko secesja w wyrobach firmy Norblin, Br. Buch i T. Werner | Muzeum Fabryki Norblina","robots":{"index":"index","follow":"follow","max-snippet":"max-snippet:-1","max-image-preview":"max-image-preview:large","max-video-preview":"max-video-preview:-1"},"canonical":"https:\/\/muzeumfabrykinorblina.pl\/?p=3795","og_locale":"pl_PL","og_type":"article","og_title":"Nie tylko secesja w wyrobach firmy Norblin, Br. Buch i T. Werner | Muzeum Fabryki Norblina","og_description":"Ekspozycja zatytu\u0142owana \u201eNie tylko secesja w wyrobach firmy Norblin, Br. Buch i T. Werner\u201d to wystawa prezentuj\u0105ca pi\u0119kno i bogactwo wzornictwa przemys\u0142owego firmy Norblin, Br. Buch i T. Werner. Dost\u0119pna jest dla zwiedzaj\u0105cych w dniach 18 grudnia 2024 \u2013 3 sierpnia 2025. Wystawa ukazuje unikatowe obiekty u\u017cytkowe i dekoracyjne, kt\u00f3re odzwierciedlaj\u0105 przemiany stylistyczne od XIX [&hellip;]","og_url":"https:\/\/muzeumfabrykinorblina.pl\/?p=3795","og_site_name":"Muzeum Fabryki Norblina","article_publisher":"https:\/\/www.facebook.com\/MuzeumFabrykiNorblina","article_published_time":"2025-01-07T08:57:19+00:00","article_modified_time":"2025-06-01T08:14:56+00:00","og_image":[{"width":2560,"height":2560,"url":"https:\/\/muzeumfabrykinorblina.pl\/wp-content\/uploads\/2025\/01\/Nie-tylko-secesja_wystawaczasowa_Wilanow-scaled.jpg","type":"image\/jpeg"}],"author":"Martyna Duli\u0144ska","twitter_card":"summary_large_image","twitter_misc":{"Napisane przez":"Martyna Duli\u0144ska","Szacowany czas czytania":"3 minuty"},"schema":{"@context":"https:\/\/schema.org","@graph":[{"@type":"Article","@id":"https:\/\/muzeumfabrykinorblina.pl\/?p=3795#article","isPartOf":{"@id":"https:\/\/muzeumfabrykinorblina.pl\/?p=3795"},"author":{"name":"Martyna Duli\u0144ska","@id":"https:\/\/muzeumfabrykinorblina.pl\/#\/schema\/person\/d2388cfb16badb46118fb26254e1173c"},"headline":"Nie tylko secesja w wyrobach firmy Norblin, Br. Buch i T. Werner","datePublished":"2025-01-07T08:57:19+00:00","dateModified":"2025-06-01T08:14:56+00:00","mainEntityOfPage":{"@id":"https:\/\/muzeumfabrykinorblina.pl\/?p=3795"},"wordCount":436,"publisher":{"@id":"https:\/\/muzeumfabrykinorblina.pl\/#organization"},"image":{"@id":"https:\/\/muzeumfabrykinorblina.pl\/?p=3795#primaryimage"},"thumbnailUrl":"https:\/\/muzeumfabrykinorblina.pl\/wp-content\/uploads\/2025\/01\/Nie-tylko-secesja_wystawaczasowa_Wilanow-scaled.jpg","articleSection":["Wystawy czasowe"],"inLanguage":"pl-PL"},{"@type":"WebPage","@id":"https:\/\/muzeumfabrykinorblina.pl\/?p=3795","url":"https:\/\/muzeumfabrykinorblina.pl\/?p=3795","name":"Nie tylko secesja w wyrobach firmy Norblin, Br. Buch i T. Werner | Muzeum Fabryki Norblina","isPartOf":{"@id":"https:\/\/muzeumfabrykinorblina.pl\/#website"},"primaryImageOfPage":{"@id":"https:\/\/muzeumfabrykinorblina.pl\/?p=3795#primaryimage"},"image":{"@id":"https:\/\/muzeumfabrykinorblina.pl\/?p=3795#primaryimage"},"thumbnailUrl":"https:\/\/muzeumfabrykinorblina.pl\/wp-content\/uploads\/2025\/01\/Nie-tylko-secesja_wystawaczasowa_Wilanow-scaled.jpg","datePublished":"2025-01-07T08:57:19+00:00","dateModified":"2025-06-01T08:14:56+00:00","breadcrumb":{"@id":"https:\/\/muzeumfabrykinorblina.pl\/?p=3795#breadcrumb"},"inLanguage":"pl-PL","potentialAction":[{"@type":"ReadAction","target":["https:\/\/muzeumfabrykinorblina.pl\/?p=3795"]}]},{"@type":"ImageObject","inLanguage":"pl-PL","@id":"https:\/\/muzeumfabrykinorblina.pl\/?p=3795#primaryimage","url":"https:\/\/muzeumfabrykinorblina.pl\/wp-content\/uploads\/2025\/01\/Nie-tylko-secesja_wystawaczasowa_Wilanow-scaled.jpg","contentUrl":"https:\/\/muzeumfabrykinorblina.pl\/wp-content\/uploads\/2025\/01\/Nie-tylko-secesja_wystawaczasowa_Wilanow-scaled.jpg","width":2560,"height":2560},{"@type":"BreadcrumbList","@id":"https:\/\/muzeumfabrykinorblina.pl\/?p=3795#breadcrumb","itemListElement":[{"@type":"ListItem","position":1,"name":"Strona g\u0142\u00f3wna","item":"https:\/\/muzeumfabrykinorblina.pl\/"},{"@type":"ListItem","position":2,"name":"Nie tylko secesja w wyrobach firmy Norblin, Br. Buch i T. Werner"}]},{"@type":"WebSite","@id":"https:\/\/muzeumfabrykinorblina.pl\/#website","url":"https:\/\/muzeumfabrykinorblina.pl\/","name":"Muzeum Fabryki Norblina","description":"Fabryka Norblina","publisher":{"@id":"https:\/\/muzeumfabrykinorblina.pl\/#organization"},"potentialAction":[{"@type":"SearchAction","target":{"@type":"EntryPoint","urlTemplate":"https:\/\/muzeumfabrykinorblina.pl\/?s={search_term_string}"},"query-input":{"@type":"PropertyValueSpecification","valueRequired":true,"valueName":"search_term_string"}}],"inLanguage":"pl-PL"},{"@type":"Organization","@id":"https:\/\/muzeumfabrykinorblina.pl\/#organization","name":"Muzeum Fabryki Norblina","url":"https:\/\/muzeumfabrykinorblina.pl\/","logo":{"@type":"ImageObject","inLanguage":"pl-PL","@id":"https:\/\/muzeumfabrykinorblina.pl\/#\/schema\/logo\/image\/","url":"https:\/\/muzeumfabrykinorblina.pl\/wp-content\/uploads\/2023\/11\/MFN_Featured-image_1200x675.jpg","contentUrl":"https:\/\/muzeumfabrykinorblina.pl\/wp-content\/uploads\/2023\/11\/MFN_Featured-image_1200x675.jpg","width":1200,"height":675,"caption":"Muzeum Fabryki Norblina"},"image":{"@id":"https:\/\/muzeumfabrykinorblina.pl\/#\/schema\/logo\/image\/"},"sameAs":["https:\/\/www.facebook.com\/MuzeumFabrykiNorblina","https:\/\/www.instagram.com\/muzeumfabrykinorblina\/"]},{"@type":"Person","@id":"https:\/\/muzeumfabrykinorblina.pl\/#\/schema\/person\/d2388cfb16badb46118fb26254e1173c","name":"Martyna Duli\u0144ska","image":{"@type":"ImageObject","inLanguage":"pl-PL","@id":"https:\/\/secure.gravatar.com\/avatar\/f08f1cb0c3aeb559afa32edd699f0994e6cd15357a85ab67dd3506224ed9f76b?s=96&d=mm&r=g","url":"https:\/\/secure.gravatar.com\/avatar\/f08f1cb0c3aeb559afa32edd699f0994e6cd15357a85ab67dd3506224ed9f76b?s=96&d=mm&r=g","contentUrl":"https:\/\/secure.gravatar.com\/avatar\/f08f1cb0c3aeb559afa32edd699f0994e6cd15357a85ab67dd3506224ed9f76b?s=96&d=mm&r=g","caption":"Martyna Duli\u0144ska"},"url":"https:\/\/muzeumfabrykinorblina.pl\/?author=10"}]}},"lang":"pl","translations":{"pl":3795},"builder_content":"","pll_sync_post":{},"_links":{"self":[{"href":"https:\/\/muzeumfabrykinorblina.pl\/index.php?rest_route=\/wp\/v2\/posts\/3795","targetHints":{"allow":["GET"]}}],"collection":[{"href":"https:\/\/muzeumfabrykinorblina.pl\/index.php?rest_route=\/wp\/v2\/posts"}],"about":[{"href":"https:\/\/muzeumfabrykinorblina.pl\/index.php?rest_route=\/wp\/v2\/types\/post"}],"author":[{"embeddable":true,"href":"https:\/\/muzeumfabrykinorblina.pl\/index.php?rest_route=\/wp\/v2\/users\/10"}],"replies":[{"embeddable":true,"href":"https:\/\/muzeumfabrykinorblina.pl\/index.php?rest_route=%2Fwp%2Fv2%2Fcomments&post=3795"}],"version-history":[{"count":0,"href":"https:\/\/muzeumfabrykinorblina.pl\/index.php?rest_route=\/wp\/v2\/posts\/3795\/revisions"}],"wp:featuredmedia":[{"embeddable":true,"href":"https:\/\/muzeumfabrykinorblina.pl\/index.php?rest_route=\/wp\/v2\/media\/3798"}],"wp:attachment":[{"href":"https:\/\/muzeumfabrykinorblina.pl\/index.php?rest_route=%2Fwp%2Fv2%2Fmedia&parent=3795"}],"wp:term":[{"taxonomy":"category","embeddable":true,"href":"https:\/\/muzeumfabrykinorblina.pl\/index.php?rest_route=%2Fwp%2Fv2%2Fcategories&post=3795"},{"taxonomy":"post_tag","embeddable":true,"href":"https:\/\/muzeumfabrykinorblina.pl\/index.php?rest_route=%2Fwp%2Fv2%2Ftags&post=3795"}],"curies":[{"name":"wp","href":"https:\/\/api.w.org\/{rel}","templated":true}]}}