{"id":3715,"date":"2024-11-29T16:00:00","date_gmt":"2024-11-29T16:00:00","guid":{"rendered":"https:\/\/muzeumfabrykinorblina.pl\/?p=3715"},"modified":"2025-05-19T12:57:04","modified_gmt":"2025-05-19T12:57:04","slug":"nowa-wystawa-czasowa-nie-tylko-secesja-w-wyrobach-firmy-norblin-br-buch-i-t-werner-2","status":"publish","type":"post","link":"https:\/\/muzeumfabrykinorblina.pl\/?p=3715","title":{"rendered":"Nowa wystawa czasowa: \u201eNie tylko secesja w wyrobach firmy Norblin, Br. Buch i T. Werner\u201d"},"content":{"rendered":"\n<p class=\"wp-block-paragraph\"><strong>Z rado\u015bci\u0105 zapraszamy na wyj\u0105tkow\u0105 wystaw\u0119 prezentuj\u0105c\u0105 pi\u0119kno oraz bogactwo wzornictwa przemys\u0142owego firmy Norblin, Br. Buch i T. Werner. Ekspozycja, zatytu\u0142owana \u201eNie tylko secesja w wyrobach firmy Norblin, Br. Buch i T. Werner\u201d, b\u0119dzie dost\u0119pna w przestrzeni Muzeum Fabryki Norblina ju\u017c od 18 grudnia 2024 roku.<\/strong><\/p>\n\n\n\n<p class=\"wp-block-paragraph\">Na wystawie b\u0119dzie mo\u017cna zobaczy\u0107 unikatowe obiekty u\u017cytkowe i dekoracyjne, kt\u00f3re doskonale ilustruj\u0105 przemiany stylistyczne od XIX wieku do okresu mi\u0119dzywojennego. Oto, jak t\u0119 fascynuj\u0105c\u0105 histori\u0119 opisuje jedna z kuratorek wystawy, dr Joanna Paprocka-Gajek:<\/p>\n\n\n\n<p class=\"wp-block-paragraph\"><em>Prawie 200 lat dzia\u0142alno\u015bci firmy za\u0142o\u017conej przez Wincentego Norblina w Warszawie to imponuj\u0105co d\u0142ugi czas, zw\u0142aszcza w dziedzinie wzornictwa przemys\u0142owego, kt\u00f3re podlega\u0142o wp\u0142ywom zmieniaj\u0105cej si\u0119 mody i upodoba\u0144 nabywc\u00f3w. Okres 1819-1939 by\u0142 szczeg\u00f3lnie burzliwy pod wzgl\u0119dem zmian stylistycznych. Znacznie zwi\u0119kszy\u0142a si\u0119 mo\u017cliwo\u015b\u0107 podr\u00f3\u017cowania po Europie, sk\u0105d czerpano nowe idee i nowinki formalne, ch\u0119tnie rozwijane na ziemiach polskich przez rodzimych artyst\u00f3w oraz wytw\u00f3rc\u00f3w przedmiot\u00f3w codziennego u\u017cytku. Po d\u0142ugim trwaniu styl\u00f3w historycznych i akademickich, secesja podnios\u0142a znaczenie obserwacji natury; to z niej tw\u00f3rcy zacz\u0119li czerpa\u0107 inspiracje, ujawniane nast\u0119pnie w formach i dekoracjach wyrob\u00f3w u\u017cytkowych. Oko\u0142o roku 1900 styl nazwany \u201eSecesj\u0105\u201d zatriumfowa\u0142 na wystawie \u015bwiatowej w Pary\u017cu. Uk\u0142adaj\u0105ce si\u0119 naturalnie, p\u0142ynne linie i wzory ro\u015blinne dominowa\u0142y w formach secesyjnych mebli, wyrob\u00f3w ze szk\u0142a, ceramiki, kamienia i metali. Na zmiany stylu szybko zareagowa\u0142 tak\u017ce przemys\u0142 platerniczy. Plastyczny metal \u015bwietnie nadawa\u0142 si\u0119 do modelowania nowych wzor\u00f3w czerpanych z obserwacji natury. Powstawa\u0142y naczynia i sztu\u0107ce dekorowane kwiatami irys\u00f3w, oplatane ga\u0142\u0105zkami powoju i polnymi kwiatami, ch\u0119tnie dope\u0142niane falist\u0105 lini\u0105 rozpuszczonych w\u0142os\u00f3w i kszta\u0142t\u00f3w postaci kobiecych.<\/em> <em>Wyroby z tego okresu, ale i nie tylko, b\u0119d\u0105ce obiektem po\u017c\u0105dania \u00f3wczesnych odbiorc\u00f3w i dzisiejszych kolekcjoner\u00f3w, mog\u0105 Pa\u0144stwo zobaczy\u0107 na wyj\u0105tkowej wystawie w Muzeum Fabryki Norblina.<\/em><\/p>\n\n\n\n<p class=\"wp-block-paragraph\">Wystawa zosta\u0142a przygotowana przez zesp\u00f3\u0142 kuratorski w sk\u0142adzie: <strong>Joanna Paprocka-Gajek<\/strong>, <strong>Renata Pieniek<\/strong> oraz <strong>Muzeum Pa\u0142acu Kr\u00f3la Jana III w Wilanowie<\/strong>, a obiekty zosta\u0142y u\u017cyczone dzi\u0119ki uprzejmo\u015bci pasjonat\u00f3w: Tomasza Gapi\u0144skiego, Piotra Gulczy\u0144skiego, Sebastiana Kr\u00f3laka i Kamila Zawadzkiego.<\/p>\n\n\n\n<p class=\"wp-block-paragraph\"><strong>Informacje praktyczne:<\/strong><\/p>\n\n\n\n<ul class=\"wp-block-list\">\n<li><strong>Tytu\u0142 wystawy:<\/strong> Nie tylko secesja w wyrobach firmy Norblin, Br. Buch i T. Werner<\/li>\n\n\n\n<li><strong>Miejsce:<\/strong> Witryna sklepu firmowego Norblin, Bracia Buch i T. Werner, Budynek Plater, Poziom 0<\/li>\n\n\n\n<li><strong>Okres trwania:<\/strong> 18.12.2024 \u2013 3.08.2025<\/li>\n<\/ul>\n\n\n\n<p class=\"wp-block-paragraph\">Ekspozycja towarzyszy wystawie \u201eNiecodzienne przedmioty codziennego u\u017cytku. 200 lat platernictwa w Polsce\u201d, organizowanej przez Muzeum Pa\u0142acu Kr\u00f3la Jana III w Wilanowie (29.11.2024 \u2013 3.08.2025).<\/p>\n\n\n\n<p class=\"wp-block-paragraph\">Serdecznie zapraszamy do odkrycia pi\u0119kna i historii unikatowych wyrob\u00f3w, kt\u00f3re przez lata kszta\u0142towa\u0142y wzornictwo polskiego rzemios\u0142a!<\/p>\n\n\n<!-- wp:themify-builder\/canvas \/-->","protected":false},"excerpt":{"rendered":"<p>Z rado\u015bci\u0105 zapraszamy na wyj\u0105tkow\u0105 wystaw\u0119 prezentuj\u0105c\u0105 pi\u0119kno oraz bogactwo wzornictwa przemys\u0142owego firmy Norblin, Br. Buch i T. Werner. Ekspozycja, zatytu\u0142owana \u201eNie tylko secesja w wyrobach firmy Norblin, Br. Buch i T. Werner\u201d, b\u0119dzie dost\u0119pna w przestrzeni Muzeum Fabryki Norblina ju\u017c od 18 grudnia 2024 roku. Na wystawie b\u0119dzie mo\u017cna zobaczy\u0107 unikatowe obiekty u\u017cytkowe i [&hellip;]<\/p>\n","protected":false},"author":9,"featured_media":3716,"comment_status":"closed","ping_status":"closed","sticky":false,"template":"","format":"standard","meta":{"_acf_changed":false,"_monsterinsights_skip_tracking":false,"footnotes":""},"categories":[29],"tags":[],"class_list":["post-3715","post","type-post","status-publish","format-standard","has-post-thumbnail","hentry","category-aktualnosci","has-post-title","has-post-date","has-post-category","has-post-tag","has-post-comment","has-post-author",""],"acf":[],"yoast_head":"<!-- This site is optimized with the Yoast SEO plugin v28.2 - https:\/\/yoast.com\/product\/yoast-seo-wordpress\/ -->\n<title>Nowa wystawa czasowa: \u201eNie tylko secesja w wyrobach firmy Norblin, Br. Buch i T. Werner\u201d | Muzeum Fabryki Norblina<\/title>\n<meta name=\"robots\" content=\"index, follow, max-snippet:-1, max-image-preview:large, max-video-preview:-1\" \/>\n<link rel=\"canonical\" href=\"https:\/\/muzeumfabrykinorblina.pl\/?p=3715\" \/>\n<meta property=\"og:locale\" content=\"pl_PL\" \/>\n<meta property=\"og:type\" content=\"article\" \/>\n<meta property=\"og:title\" content=\"Nowa wystawa czasowa: \u201eNie tylko secesja w wyrobach firmy Norblin, Br. Buch i T. Werner\u201d | Muzeum Fabryki Norblina\" \/>\n<meta property=\"og:description\" content=\"Z rado\u015bci\u0105 zapraszamy na wyj\u0105tkow\u0105 wystaw\u0119 prezentuj\u0105c\u0105 pi\u0119kno oraz bogactwo wzornictwa przemys\u0142owego firmy Norblin, Br. Buch i T. Werner. Ekspozycja, zatytu\u0142owana \u201eNie tylko secesja w wyrobach firmy Norblin, Br. Buch i T. Werner\u201d, b\u0119dzie dost\u0119pna w przestrzeni Muzeum Fabryki Norblina ju\u017c od 18 grudnia 2024 roku. Na wystawie b\u0119dzie mo\u017cna zobaczy\u0107 unikatowe obiekty u\u017cytkowe i [&hellip;]\" \/>\n<meta property=\"og:url\" content=\"https:\/\/muzeumfabrykinorblina.pl\/?p=3715\" \/>\n<meta property=\"og:site_name\" content=\"Muzeum Fabryki Norblina\" \/>\n<meta property=\"article:publisher\" content=\"https:\/\/www.facebook.com\/MuzeumFabrykiNorblina\" \/>\n<meta property=\"article:published_time\" content=\"2024-11-29T16:00:00+00:00\" \/>\n<meta property=\"article:modified_time\" content=\"2025-05-19T12:57:04+00:00\" \/>\n<meta property=\"og:image\" content=\"https:\/\/muzeumfabrykinorblina.pl\/wp-content\/uploads\/2024\/12\/MFN_Nie_Tylko_Secesja.jpg\" \/>\n\t<meta property=\"og:image:width\" content=\"1080\" \/>\n\t<meta property=\"og:image:height\" content=\"1080\" \/>\n\t<meta property=\"og:image:type\" content=\"image\/jpeg\" \/>\n<meta name=\"author\" content=\"Agata Ilnicka\" \/>\n<meta name=\"twitter:card\" content=\"summary_large_image\" \/>\n<meta name=\"twitter:label1\" content=\"Napisane przez\" \/>\n\t<meta name=\"twitter:data1\" content=\"Agata Ilnicka\" \/>\n\t<meta name=\"twitter:label2\" content=\"Szacowany czas czytania\" \/>\n\t<meta name=\"twitter:data2\" content=\"3 minuty\" \/>\n<script type=\"application\/ld+json\" class=\"yoast-schema-graph\">{\"@context\":\"https:\\\/\\\/schema.org\",\"@graph\":[{\"@type\":\"Article\",\"@id\":\"https:\\\/\\\/muzeumfabrykinorblina.pl\\\/?p=3715#article\",\"isPartOf\":{\"@id\":\"https:\\\/\\\/muzeumfabrykinorblina.pl\\\/?p=3715\"},\"author\":{\"name\":\"Agata Ilnicka\",\"@id\":\"https:\\\/\\\/muzeumfabrykinorblina.pl\\\/#\\\/schema\\\/person\\\/4f1632ef79031887e0e24c4ea9d3472e\"},\"headline\":\"Nowa wystawa czasowa: \u201eNie tylko secesja w wyrobach firmy Norblin, Br. Buch i T. Werner\u201d\",\"datePublished\":\"2024-11-29T16:00:00+00:00\",\"dateModified\":\"2025-05-19T12:57:04+00:00\",\"mainEntityOfPage\":{\"@id\":\"https:\\\/\\\/muzeumfabrykinorblina.pl\\\/?p=3715\"},\"wordCount\":485,\"publisher\":{\"@id\":\"https:\\\/\\\/muzeumfabrykinorblina.pl\\\/#organization\"},\"image\":{\"@id\":\"https:\\\/\\\/muzeumfabrykinorblina.pl\\\/?p=3715#primaryimage\"},\"thumbnailUrl\":\"https:\\\/\\\/muzeumfabrykinorblina.pl\\\/wp-content\\\/uploads\\\/2024\\\/12\\\/MFN_Nie_Tylko_Secesja.jpg\",\"articleSection\":[\"Aktualno\u015bci\"],\"inLanguage\":\"pl-PL\"},{\"@type\":\"WebPage\",\"@id\":\"https:\\\/\\\/muzeumfabrykinorblina.pl\\\/?p=3715\",\"url\":\"https:\\\/\\\/muzeumfabrykinorblina.pl\\\/?p=3715\",\"name\":\"Nowa wystawa czasowa: \u201eNie tylko secesja w wyrobach firmy Norblin, Br. Buch i T. Werner\u201d | Muzeum Fabryki Norblina\",\"isPartOf\":{\"@id\":\"https:\\\/\\\/muzeumfabrykinorblina.pl\\\/#website\"},\"primaryImageOfPage\":{\"@id\":\"https:\\\/\\\/muzeumfabrykinorblina.pl\\\/?p=3715#primaryimage\"},\"image\":{\"@id\":\"https:\\\/\\\/muzeumfabrykinorblina.pl\\\/?p=3715#primaryimage\"},\"thumbnailUrl\":\"https:\\\/\\\/muzeumfabrykinorblina.pl\\\/wp-content\\\/uploads\\\/2024\\\/12\\\/MFN_Nie_Tylko_Secesja.jpg\",\"datePublished\":\"2024-11-29T16:00:00+00:00\",\"dateModified\":\"2025-05-19T12:57:04+00:00\",\"breadcrumb\":{\"@id\":\"https:\\\/\\\/muzeumfabrykinorblina.pl\\\/?p=3715#breadcrumb\"},\"inLanguage\":\"pl-PL\",\"potentialAction\":[{\"@type\":\"ReadAction\",\"target\":[\"https:\\\/\\\/muzeumfabrykinorblina.pl\\\/?p=3715\"]}]},{\"@type\":\"ImageObject\",\"inLanguage\":\"pl-PL\",\"@id\":\"https:\\\/\\\/muzeumfabrykinorblina.pl\\\/?p=3715#primaryimage\",\"url\":\"https:\\\/\\\/muzeumfabrykinorblina.pl\\\/wp-content\\\/uploads\\\/2024\\\/12\\\/MFN_Nie_Tylko_Secesja.jpg\",\"contentUrl\":\"https:\\\/\\\/muzeumfabrykinorblina.pl\\\/wp-content\\\/uploads\\\/2024\\\/12\\\/MFN_Nie_Tylko_Secesja.jpg\",\"width\":1080,\"height\":1080},{\"@type\":\"BreadcrumbList\",\"@id\":\"https:\\\/\\\/muzeumfabrykinorblina.pl\\\/?p=3715#breadcrumb\",\"itemListElement\":[{\"@type\":\"ListItem\",\"position\":1,\"name\":\"Strona g\u0142\u00f3wna\",\"item\":\"https:\\\/\\\/muzeumfabrykinorblina.pl\\\/\"},{\"@type\":\"ListItem\",\"position\":2,\"name\":\"Nowa wystawa czasowa: \u201eNie tylko secesja w wyrobach firmy Norblin, Br. Buch i T. Werner\u201d\"}]},{\"@type\":\"WebSite\",\"@id\":\"https:\\\/\\\/muzeumfabrykinorblina.pl\\\/#website\",\"url\":\"https:\\\/\\\/muzeumfabrykinorblina.pl\\\/\",\"name\":\"Muzeum Fabryki Norblina\",\"description\":\"Fabryka Norblina\",\"publisher\":{\"@id\":\"https:\\\/\\\/muzeumfabrykinorblina.pl\\\/#organization\"},\"potentialAction\":[{\"@type\":\"SearchAction\",\"target\":{\"@type\":\"EntryPoint\",\"urlTemplate\":\"https:\\\/\\\/muzeumfabrykinorblina.pl\\\/?s={search_term_string}\"},\"query-input\":{\"@type\":\"PropertyValueSpecification\",\"valueRequired\":true,\"valueName\":\"search_term_string\"}}],\"inLanguage\":\"pl-PL\"},{\"@type\":\"Organization\",\"@id\":\"https:\\\/\\\/muzeumfabrykinorblina.pl\\\/#organization\",\"name\":\"Muzeum Fabryki Norblina\",\"url\":\"https:\\\/\\\/muzeumfabrykinorblina.pl\\\/\",\"logo\":{\"@type\":\"ImageObject\",\"inLanguage\":\"pl-PL\",\"@id\":\"https:\\\/\\\/muzeumfabrykinorblina.pl\\\/#\\\/schema\\\/logo\\\/image\\\/\",\"url\":\"https:\\\/\\\/muzeumfabrykinorblina.pl\\\/wp-content\\\/uploads\\\/2023\\\/11\\\/MFN_Featured-image_1200x675.jpg\",\"contentUrl\":\"https:\\\/\\\/muzeumfabrykinorblina.pl\\\/wp-content\\\/uploads\\\/2023\\\/11\\\/MFN_Featured-image_1200x675.jpg\",\"width\":1200,\"height\":675,\"caption\":\"Muzeum Fabryki Norblina\"},\"image\":{\"@id\":\"https:\\\/\\\/muzeumfabrykinorblina.pl\\\/#\\\/schema\\\/logo\\\/image\\\/\"},\"sameAs\":[\"https:\\\/\\\/www.facebook.com\\\/MuzeumFabrykiNorblina\",\"https:\\\/\\\/www.instagram.com\\\/muzeumfabrykinorblina\\\/\"]},{\"@type\":\"Person\",\"@id\":\"https:\\\/\\\/muzeumfabrykinorblina.pl\\\/#\\\/schema\\\/person\\\/4f1632ef79031887e0e24c4ea9d3472e\",\"name\":\"Agata Ilnicka\",\"image\":{\"@type\":\"ImageObject\",\"inLanguage\":\"pl-PL\",\"@id\":\"https:\\\/\\\/secure.gravatar.com\\\/avatar\\\/0c850e3cc969e3bec61971337ea044add4e3b6da745c50448fbab5c86b0b85d9?s=96&d=mm&r=g\",\"url\":\"https:\\\/\\\/secure.gravatar.com\\\/avatar\\\/0c850e3cc969e3bec61971337ea044add4e3b6da745c50448fbab5c86b0b85d9?s=96&d=mm&r=g\",\"contentUrl\":\"https:\\\/\\\/secure.gravatar.com\\\/avatar\\\/0c850e3cc969e3bec61971337ea044add4e3b6da745c50448fbab5c86b0b85d9?s=96&d=mm&r=g\",\"caption\":\"Agata Ilnicka\"},\"url\":\"https:\\\/\\\/muzeumfabrykinorblina.pl\\\/?author=9\"}]}<\/script>\n<!-- \/ Yoast SEO plugin. -->","yoast_head_json":{"title":"Nowa wystawa czasowa: \u201eNie tylko secesja w wyrobach firmy Norblin, Br. Buch i T. Werner\u201d | Muzeum Fabryki Norblina","robots":{"index":"index","follow":"follow","max-snippet":"max-snippet:-1","max-image-preview":"max-image-preview:large","max-video-preview":"max-video-preview:-1"},"canonical":"https:\/\/muzeumfabrykinorblina.pl\/?p=3715","og_locale":"pl_PL","og_type":"article","og_title":"Nowa wystawa czasowa: \u201eNie tylko secesja w wyrobach firmy Norblin, Br. Buch i T. Werner\u201d | Muzeum Fabryki Norblina","og_description":"Z rado\u015bci\u0105 zapraszamy na wyj\u0105tkow\u0105 wystaw\u0119 prezentuj\u0105c\u0105 pi\u0119kno oraz bogactwo wzornictwa przemys\u0142owego firmy Norblin, Br. Buch i T. Werner. Ekspozycja, zatytu\u0142owana \u201eNie tylko secesja w wyrobach firmy Norblin, Br. Buch i T. Werner\u201d, b\u0119dzie dost\u0119pna w przestrzeni Muzeum Fabryki Norblina ju\u017c od 18 grudnia 2024 roku. Na wystawie b\u0119dzie mo\u017cna zobaczy\u0107 unikatowe obiekty u\u017cytkowe i [&hellip;]","og_url":"https:\/\/muzeumfabrykinorblina.pl\/?p=3715","og_site_name":"Muzeum Fabryki Norblina","article_publisher":"https:\/\/www.facebook.com\/MuzeumFabrykiNorblina","article_published_time":"2024-11-29T16:00:00+00:00","article_modified_time":"2025-05-19T12:57:04+00:00","og_image":[{"width":1080,"height":1080,"url":"https:\/\/muzeumfabrykinorblina.pl\/wp-content\/uploads\/2024\/12\/MFN_Nie_Tylko_Secesja.jpg","type":"image\/jpeg"}],"author":"Agata Ilnicka","twitter_card":"summary_large_image","twitter_misc":{"Napisane przez":"Agata Ilnicka","Szacowany czas czytania":"3 minuty"},"schema":{"@context":"https:\/\/schema.org","@graph":[{"@type":"Article","@id":"https:\/\/muzeumfabrykinorblina.pl\/?p=3715#article","isPartOf":{"@id":"https:\/\/muzeumfabrykinorblina.pl\/?p=3715"},"author":{"name":"Agata Ilnicka","@id":"https:\/\/muzeumfabrykinorblina.pl\/#\/schema\/person\/4f1632ef79031887e0e24c4ea9d3472e"},"headline":"Nowa wystawa czasowa: \u201eNie tylko secesja w wyrobach firmy Norblin, Br. Buch i T. Werner\u201d","datePublished":"2024-11-29T16:00:00+00:00","dateModified":"2025-05-19T12:57:04+00:00","mainEntityOfPage":{"@id":"https:\/\/muzeumfabrykinorblina.pl\/?p=3715"},"wordCount":485,"publisher":{"@id":"https:\/\/muzeumfabrykinorblina.pl\/#organization"},"image":{"@id":"https:\/\/muzeumfabrykinorblina.pl\/?p=3715#primaryimage"},"thumbnailUrl":"https:\/\/muzeumfabrykinorblina.pl\/wp-content\/uploads\/2024\/12\/MFN_Nie_Tylko_Secesja.jpg","articleSection":["Aktualno\u015bci"],"inLanguage":"pl-PL"},{"@type":"WebPage","@id":"https:\/\/muzeumfabrykinorblina.pl\/?p=3715","url":"https:\/\/muzeumfabrykinorblina.pl\/?p=3715","name":"Nowa wystawa czasowa: \u201eNie tylko secesja w wyrobach firmy Norblin, Br. Buch i T. Werner\u201d | Muzeum Fabryki Norblina","isPartOf":{"@id":"https:\/\/muzeumfabrykinorblina.pl\/#website"},"primaryImageOfPage":{"@id":"https:\/\/muzeumfabrykinorblina.pl\/?p=3715#primaryimage"},"image":{"@id":"https:\/\/muzeumfabrykinorblina.pl\/?p=3715#primaryimage"},"thumbnailUrl":"https:\/\/muzeumfabrykinorblina.pl\/wp-content\/uploads\/2024\/12\/MFN_Nie_Tylko_Secesja.jpg","datePublished":"2024-11-29T16:00:00+00:00","dateModified":"2025-05-19T12:57:04+00:00","breadcrumb":{"@id":"https:\/\/muzeumfabrykinorblina.pl\/?p=3715#breadcrumb"},"inLanguage":"pl-PL","potentialAction":[{"@type":"ReadAction","target":["https:\/\/muzeumfabrykinorblina.pl\/?p=3715"]}]},{"@type":"ImageObject","inLanguage":"pl-PL","@id":"https:\/\/muzeumfabrykinorblina.pl\/?p=3715#primaryimage","url":"https:\/\/muzeumfabrykinorblina.pl\/wp-content\/uploads\/2024\/12\/MFN_Nie_Tylko_Secesja.jpg","contentUrl":"https:\/\/muzeumfabrykinorblina.pl\/wp-content\/uploads\/2024\/12\/MFN_Nie_Tylko_Secesja.jpg","width":1080,"height":1080},{"@type":"BreadcrumbList","@id":"https:\/\/muzeumfabrykinorblina.pl\/?p=3715#breadcrumb","itemListElement":[{"@type":"ListItem","position":1,"name":"Strona g\u0142\u00f3wna","item":"https:\/\/muzeumfabrykinorblina.pl\/"},{"@type":"ListItem","position":2,"name":"Nowa wystawa czasowa: \u201eNie tylko secesja w wyrobach firmy Norblin, Br. Buch i T. Werner\u201d"}]},{"@type":"WebSite","@id":"https:\/\/muzeumfabrykinorblina.pl\/#website","url":"https:\/\/muzeumfabrykinorblina.pl\/","name":"Muzeum Fabryki Norblina","description":"Fabryka Norblina","publisher":{"@id":"https:\/\/muzeumfabrykinorblina.pl\/#organization"},"potentialAction":[{"@type":"SearchAction","target":{"@type":"EntryPoint","urlTemplate":"https:\/\/muzeumfabrykinorblina.pl\/?s={search_term_string}"},"query-input":{"@type":"PropertyValueSpecification","valueRequired":true,"valueName":"search_term_string"}}],"inLanguage":"pl-PL"},{"@type":"Organization","@id":"https:\/\/muzeumfabrykinorblina.pl\/#organization","name":"Muzeum Fabryki Norblina","url":"https:\/\/muzeumfabrykinorblina.pl\/","logo":{"@type":"ImageObject","inLanguage":"pl-PL","@id":"https:\/\/muzeumfabrykinorblina.pl\/#\/schema\/logo\/image\/","url":"https:\/\/muzeumfabrykinorblina.pl\/wp-content\/uploads\/2023\/11\/MFN_Featured-image_1200x675.jpg","contentUrl":"https:\/\/muzeumfabrykinorblina.pl\/wp-content\/uploads\/2023\/11\/MFN_Featured-image_1200x675.jpg","width":1200,"height":675,"caption":"Muzeum Fabryki Norblina"},"image":{"@id":"https:\/\/muzeumfabrykinorblina.pl\/#\/schema\/logo\/image\/"},"sameAs":["https:\/\/www.facebook.com\/MuzeumFabrykiNorblina","https:\/\/www.instagram.com\/muzeumfabrykinorblina\/"]},{"@type":"Person","@id":"https:\/\/muzeumfabrykinorblina.pl\/#\/schema\/person\/4f1632ef79031887e0e24c4ea9d3472e","name":"Agata Ilnicka","image":{"@type":"ImageObject","inLanguage":"pl-PL","@id":"https:\/\/secure.gravatar.com\/avatar\/0c850e3cc969e3bec61971337ea044add4e3b6da745c50448fbab5c86b0b85d9?s=96&d=mm&r=g","url":"https:\/\/secure.gravatar.com\/avatar\/0c850e3cc969e3bec61971337ea044add4e3b6da745c50448fbab5c86b0b85d9?s=96&d=mm&r=g","contentUrl":"https:\/\/secure.gravatar.com\/avatar\/0c850e3cc969e3bec61971337ea044add4e3b6da745c50448fbab5c86b0b85d9?s=96&d=mm&r=g","caption":"Agata Ilnicka"},"url":"https:\/\/muzeumfabrykinorblina.pl\/?author=9"}]}},"lang":"pl","translations":{"pl":3715},"builder_content":"","pll_sync_post":{},"_links":{"self":[{"href":"https:\/\/muzeumfabrykinorblina.pl\/index.php?rest_route=\/wp\/v2\/posts\/3715","targetHints":{"allow":["GET"]}}],"collection":[{"href":"https:\/\/muzeumfabrykinorblina.pl\/index.php?rest_route=\/wp\/v2\/posts"}],"about":[{"href":"https:\/\/muzeumfabrykinorblina.pl\/index.php?rest_route=\/wp\/v2\/types\/post"}],"author":[{"embeddable":true,"href":"https:\/\/muzeumfabrykinorblina.pl\/index.php?rest_route=\/wp\/v2\/users\/9"}],"replies":[{"embeddable":true,"href":"https:\/\/muzeumfabrykinorblina.pl\/index.php?rest_route=%2Fwp%2Fv2%2Fcomments&post=3715"}],"version-history":[{"count":0,"href":"https:\/\/muzeumfabrykinorblina.pl\/index.php?rest_route=\/wp\/v2\/posts\/3715\/revisions"}],"wp:featuredmedia":[{"embeddable":true,"href":"https:\/\/muzeumfabrykinorblina.pl\/index.php?rest_route=\/wp\/v2\/media\/3716"}],"wp:attachment":[{"href":"https:\/\/muzeumfabrykinorblina.pl\/index.php?rest_route=%2Fwp%2Fv2%2Fmedia&parent=3715"}],"wp:term":[{"taxonomy":"category","embeddable":true,"href":"https:\/\/muzeumfabrykinorblina.pl\/index.php?rest_route=%2Fwp%2Fv2%2Fcategories&post=3715"},{"taxonomy":"post_tag","embeddable":true,"href":"https:\/\/muzeumfabrykinorblina.pl\/index.php?rest_route=%2Fwp%2Fv2%2Ftags&post=3715"}],"curies":[{"name":"wp","href":"https:\/\/api.w.org\/{rel}","templated":true}]}}