{"id":3699,"date":"2022-02-01T09:00:00","date_gmt":"2022-02-01T09:00:00","guid":{"rendered":"https:\/\/muzeumfabrykinorblina.pl\/?p=3699"},"modified":"2024-12-06T09:59:20","modified_gmt":"2024-12-06T09:59:20","slug":"wozki-fabryczne-w-nowej-roli","status":"publish","type":"post","link":"https:\/\/muzeumfabrykinorblina.pl\/?p=3699","title":{"rendered":"W\u00f3zki fabryczne w nowej roli"},"content":{"rendered":"\n<p class=\"wp-block-paragraph\">Muzeum Fabryki Norblina to miejsce, w kt\u00f3rym historia dawnych maszyn i urz\u0105dze\u0144 przemys\u0142owych o\u017cywa, tworz\u0105c now\u0105 opowie\u015b\u0107 o fabrycznej przesz\u0142o\u015bci. Na \u015bcie\u017cce zwiedzania \u201eMaszyny i urz\u0105dzenia\u201d odwiedzaj\u0105cy maj\u0105 okazj\u0119 zobaczy\u0107 unikalne obiekty stanowi\u0105ce dawny system transportu fabrycznego, w tym w\u00f3zki szynowe, fragment suwnicy z wci\u0105giem elektromechanicznym, torowiska oraz w\u00f3zek akumulatorowy STAL 128.<\/p>\n\n\n\n<p class=\"wp-block-paragraph\">Jednak te niezwyk\u0142e elementy zyska\u0142y teraz dodatkowe, zaskakuj\u0105ce funkcje. W ramach rewitalizacji Fabryki Norblina, przy wsp\u00f3\u0142pracy z <strong>School of Form<\/strong>, w\u00f3zki transportowe zosta\u0142y przekszta\u0142cone w interaktywne punkty informacyjne i siedziska, kt\u00f3re zwiedzaj\u0105cy mog\u0105 podziwia\u0107 i z kt\u00f3rych mog\u0105 korzysta\u0107 na \u015bcie\u017cce muzealnej.<\/p>\n\n\n\n<p class=\"wp-block-paragraph\"><em>\u2013 To dla nas szczeg\u00f3lny projekt, poniewa\u017c \u0142\u0105czy w sobie tradycj\u0119 i nowoczesno\u015b\u0107. W\u00f3zki, kt\u00f3re kiedy\u015b s\u0142u\u017cy\u0142y jako kluczowe elementy logistyki fabrycznej, sta\u0142y si\u0119 no\u015bnikami wiedzy i designu. Dzi\u0119ki wsp\u00f3\u0142pracy z m\u0142odymi projektantami o\u017cywiamy je w nowym kontek\u015bcie <\/em>\u2013 m\u00f3wi Artur Setniewski, przedstawiciel Muzeum Fabryki Norblina.<\/p>\n\n\n\n<p class=\"wp-block-paragraph\"><strong>Wsp\u00f3\u0142praca z m\u0142odymi talentami<\/strong><\/p>\n\n\n\n<p class=\"wp-block-paragraph\">We wsp\u00f3\u0142pracy z School of Form postawiono przed studentami trzeciego roku wyzwanie \u2013 zaprojektowanie siedzisk w oparciu o oryginalne w\u00f3zki transportowe. Najlepsze projekty, stworzone pod kierunkiem wyk\u0142adowc\u00f3w tej renomowanej uczelni, zosta\u0142y zrealizowane i wprowadzone do przestrzeni kompleksu Fabryki Norblina.<\/p>\n\n\n\n<p class=\"wp-block-paragraph\">Siedziska, kt\u00f3re powsta\u0142y w ramach tego projektu, s\u0105 nie tylko praktyczne, ale r\u00f3wnie\u017c doskonale wpisuj\u0105 si\u0119 w industrialny charakter miejsca, tworz\u0105c unikaln\u0105 przestrze\u0144 do wypoczynku na muzealnej \u015bcie\u017cce zwiedzania.<\/p>\n\n\n\n<p class=\"wp-block-paragraph\"><strong>Historia w nowoczesnej formie<\/strong><\/p>\n\n\n\n<p class=\"wp-block-paragraph\">Przekszta\u0142cenie dawnych w\u00f3zk\u00f3w w interaktywne ekrany i designerskie \u0142awki to przyk\u0142ad, jak historia i dziedzictwo przemys\u0142owe mog\u0105 znale\u017a\u0107 nowe \u017cycie. W ten spos\u00f3b Fabryka Norblina po raz kolejny pokazuje, jak przesz\u0142o\u015b\u0107 mo\u017ce inspirowa\u0107 wsp\u00f3\u0142czesne rozwi\u0105zania.<\/p>\n\n\n\n<p class=\"wp-block-paragraph\">Zapraszamy do Muzeum Fabryki Norblina, by odkry\u0107 t\u0119 fascynuj\u0105c\u0105 przestrze\u0144, w kt\u00f3rej ka\u017cdy element \u2013 od maszyn po meble \u2013 opowiada histori\u0119 miejsca pe\u0142nego innowacji i tradycji.<\/p>\n\n\n\n<p class=\"wp-block-paragraph\"><\/p>\n\n\n<!-- wp:themify-builder\/canvas \/-->","protected":false},"excerpt":{"rendered":"<p>Muzeum Fabryki Norblina to miejsce, w kt\u00f3rym historia dawnych maszyn i urz\u0105dze\u0144 przemys\u0142owych o\u017cywa, tworz\u0105c now\u0105 opowie\u015b\u0107 o fabrycznej przesz\u0142o\u015bci. Na \u015bcie\u017cce zwiedzania \u201eMaszyny i urz\u0105dzenia\u201d odwiedzaj\u0105cy maj\u0105 okazj\u0119 zobaczy\u0107 unikalne obiekty stanowi\u0105ce dawny system transportu fabrycznego, w tym w\u00f3zki szynowe, fragment suwnicy z wci\u0105giem elektromechanicznym, torowiska oraz w\u00f3zek akumulatorowy STAL 128. Jednak te niezwyk\u0142e [&hellip;]<\/p>\n","protected":false},"author":9,"featured_media":3700,"comment_status":"closed","ping_status":"closed","sticky":false,"template":"","format":"standard","meta":{"_acf_changed":false,"_monsterinsights_skip_tracking":false,"footnotes":""},"categories":[29],"tags":[],"class_list":["post-3699","post","type-post","status-publish","format-standard","has-post-thumbnail","hentry","category-aktualnosci","has-post-title","has-post-date","has-post-category","has-post-tag","has-post-comment","has-post-author",""],"acf":[],"yoast_head":"<!-- This site is optimized with the Yoast SEO plugin v28.2 - https:\/\/yoast.com\/product\/yoast-seo-wordpress\/ -->\n<title>W\u00f3zki fabryczne w nowej roli | Muzeum Fabryki Norblina<\/title>\n<meta name=\"robots\" content=\"index, follow, max-snippet:-1, max-image-preview:large, max-video-preview:-1\" \/>\n<link rel=\"canonical\" href=\"https:\/\/muzeumfabrykinorblina.pl\/?p=3699\" \/>\n<meta property=\"og:locale\" content=\"pl_PL\" \/>\n<meta property=\"og:type\" content=\"article\" \/>\n<meta property=\"og:title\" content=\"W\u00f3zki fabryczne w nowej roli | Muzeum Fabryki Norblina\" \/>\n<meta property=\"og:description\" content=\"Muzeum Fabryki Norblina to miejsce, w kt\u00f3rym historia dawnych maszyn i urz\u0105dze\u0144 przemys\u0142owych o\u017cywa, tworz\u0105c now\u0105 opowie\u015b\u0107 o fabrycznej przesz\u0142o\u015bci. Na \u015bcie\u017cce zwiedzania \u201eMaszyny i urz\u0105dzenia\u201d odwiedzaj\u0105cy maj\u0105 okazj\u0119 zobaczy\u0107 unikalne obiekty stanowi\u0105ce dawny system transportu fabrycznego, w tym w\u00f3zki szynowe, fragment suwnicy z wci\u0105giem elektromechanicznym, torowiska oraz w\u00f3zek akumulatorowy STAL 128. Jednak te niezwyk\u0142e [&hellip;]\" \/>\n<meta property=\"og:url\" content=\"https:\/\/muzeumfabrykinorblina.pl\/?p=3699\" \/>\n<meta property=\"og:site_name\" content=\"Muzeum Fabryki Norblina\" \/>\n<meta property=\"article:publisher\" content=\"https:\/\/www.facebook.com\/MuzeumFabrykiNorblina\" \/>\n<meta property=\"article:published_time\" content=\"2022-02-01T09:00:00+00:00\" \/>\n<meta property=\"article:modified_time\" content=\"2024-12-06T09:59:20+00:00\" \/>\n<meta property=\"og:image\" content=\"https:\/\/muzeumfabrykinorblina.pl\/wp-content\/uploads\/2024\/12\/MFN_Wozki.jpg\" \/>\n\t<meta property=\"og:image:width\" content=\"1080\" \/>\n\t<meta property=\"og:image:height\" content=\"1080\" \/>\n\t<meta property=\"og:image:type\" content=\"image\/jpeg\" \/>\n<meta name=\"author\" content=\"Agata Ilnicka\" \/>\n<meta name=\"twitter:card\" content=\"summary_large_image\" \/>\n<meta name=\"twitter:label1\" content=\"Napisane przez\" \/>\n\t<meta name=\"twitter:data1\" content=\"Agata Ilnicka\" \/>\n\t<meta name=\"twitter:label2\" content=\"Szacowany czas czytania\" \/>\n\t<meta name=\"twitter:data2\" content=\"2 minuty\" \/>\n<script type=\"application\/ld+json\" class=\"yoast-schema-graph\">{\"@context\":\"https:\\\/\\\/schema.org\",\"@graph\":[{\"@type\":\"Article\",\"@id\":\"https:\\\/\\\/muzeumfabrykinorblina.pl\\\/?p=3699#article\",\"isPartOf\":{\"@id\":\"https:\\\/\\\/muzeumfabrykinorblina.pl\\\/?p=3699\"},\"author\":{\"name\":\"Agata Ilnicka\",\"@id\":\"https:\\\/\\\/muzeumfabrykinorblina.pl\\\/#\\\/schema\\\/person\\\/4f1632ef79031887e0e24c4ea9d3472e\"},\"headline\":\"W\u00f3zki fabryczne w nowej roli\",\"datePublished\":\"2022-02-01T09:00:00+00:00\",\"dateModified\":\"2024-12-06T09:59:20+00:00\",\"mainEntityOfPage\":{\"@id\":\"https:\\\/\\\/muzeumfabrykinorblina.pl\\\/?p=3699\"},\"wordCount\":343,\"publisher\":{\"@id\":\"https:\\\/\\\/muzeumfabrykinorblina.pl\\\/#organization\"},\"image\":{\"@id\":\"https:\\\/\\\/muzeumfabrykinorblina.pl\\\/?p=3699#primaryimage\"},\"thumbnailUrl\":\"https:\\\/\\\/muzeumfabrykinorblina.pl\\\/wp-content\\\/uploads\\\/2024\\\/12\\\/MFN_Wozki.jpg\",\"articleSection\":[\"Aktualno\u015bci\"],\"inLanguage\":\"pl-PL\"},{\"@type\":\"WebPage\",\"@id\":\"https:\\\/\\\/muzeumfabrykinorblina.pl\\\/?p=3699\",\"url\":\"https:\\\/\\\/muzeumfabrykinorblina.pl\\\/?p=3699\",\"name\":\"W\u00f3zki fabryczne w nowej roli | Muzeum Fabryki Norblina\",\"isPartOf\":{\"@id\":\"https:\\\/\\\/muzeumfabrykinorblina.pl\\\/#website\"},\"primaryImageOfPage\":{\"@id\":\"https:\\\/\\\/muzeumfabrykinorblina.pl\\\/?p=3699#primaryimage\"},\"image\":{\"@id\":\"https:\\\/\\\/muzeumfabrykinorblina.pl\\\/?p=3699#primaryimage\"},\"thumbnailUrl\":\"https:\\\/\\\/muzeumfabrykinorblina.pl\\\/wp-content\\\/uploads\\\/2024\\\/12\\\/MFN_Wozki.jpg\",\"datePublished\":\"2022-02-01T09:00:00+00:00\",\"dateModified\":\"2024-12-06T09:59:20+00:00\",\"breadcrumb\":{\"@id\":\"https:\\\/\\\/muzeumfabrykinorblina.pl\\\/?p=3699#breadcrumb\"},\"inLanguage\":\"pl-PL\",\"potentialAction\":[{\"@type\":\"ReadAction\",\"target\":[\"https:\\\/\\\/muzeumfabrykinorblina.pl\\\/?p=3699\"]}]},{\"@type\":\"ImageObject\",\"inLanguage\":\"pl-PL\",\"@id\":\"https:\\\/\\\/muzeumfabrykinorblina.pl\\\/?p=3699#primaryimage\",\"url\":\"https:\\\/\\\/muzeumfabrykinorblina.pl\\\/wp-content\\\/uploads\\\/2024\\\/12\\\/MFN_Wozki.jpg\",\"contentUrl\":\"https:\\\/\\\/muzeumfabrykinorblina.pl\\\/wp-content\\\/uploads\\\/2024\\\/12\\\/MFN_Wozki.jpg\",\"width\":1080,\"height\":1080},{\"@type\":\"BreadcrumbList\",\"@id\":\"https:\\\/\\\/muzeumfabrykinorblina.pl\\\/?p=3699#breadcrumb\",\"itemListElement\":[{\"@type\":\"ListItem\",\"position\":1,\"name\":\"Strona g\u0142\u00f3wna\",\"item\":\"https:\\\/\\\/muzeumfabrykinorblina.pl\\\/\"},{\"@type\":\"ListItem\",\"position\":2,\"name\":\"W\u00f3zki fabryczne w nowej roli\"}]},{\"@type\":\"WebSite\",\"@id\":\"https:\\\/\\\/muzeumfabrykinorblina.pl\\\/#website\",\"url\":\"https:\\\/\\\/muzeumfabrykinorblina.pl\\\/\",\"name\":\"Muzeum Fabryki Norblina\",\"description\":\"Fabryka Norblina\",\"publisher\":{\"@id\":\"https:\\\/\\\/muzeumfabrykinorblina.pl\\\/#organization\"},\"potentialAction\":[{\"@type\":\"SearchAction\",\"target\":{\"@type\":\"EntryPoint\",\"urlTemplate\":\"https:\\\/\\\/muzeumfabrykinorblina.pl\\\/?s={search_term_string}\"},\"query-input\":{\"@type\":\"PropertyValueSpecification\",\"valueRequired\":true,\"valueName\":\"search_term_string\"}}],\"inLanguage\":\"pl-PL\"},{\"@type\":\"Organization\",\"@id\":\"https:\\\/\\\/muzeumfabrykinorblina.pl\\\/#organization\",\"name\":\"Muzeum Fabryki Norblina\",\"url\":\"https:\\\/\\\/muzeumfabrykinorblina.pl\\\/\",\"logo\":{\"@type\":\"ImageObject\",\"inLanguage\":\"pl-PL\",\"@id\":\"https:\\\/\\\/muzeumfabrykinorblina.pl\\\/#\\\/schema\\\/logo\\\/image\\\/\",\"url\":\"https:\\\/\\\/muzeumfabrykinorblina.pl\\\/wp-content\\\/uploads\\\/2023\\\/11\\\/MFN_Featured-image_1200x675.jpg\",\"contentUrl\":\"https:\\\/\\\/muzeumfabrykinorblina.pl\\\/wp-content\\\/uploads\\\/2023\\\/11\\\/MFN_Featured-image_1200x675.jpg\",\"width\":1200,\"height\":675,\"caption\":\"Muzeum Fabryki Norblina\"},\"image\":{\"@id\":\"https:\\\/\\\/muzeumfabrykinorblina.pl\\\/#\\\/schema\\\/logo\\\/image\\\/\"},\"sameAs\":[\"https:\\\/\\\/www.facebook.com\\\/MuzeumFabrykiNorblina\",\"https:\\\/\\\/www.instagram.com\\\/muzeumfabrykinorblina\\\/\"]},{\"@type\":\"Person\",\"@id\":\"https:\\\/\\\/muzeumfabrykinorblina.pl\\\/#\\\/schema\\\/person\\\/4f1632ef79031887e0e24c4ea9d3472e\",\"name\":\"Agata Ilnicka\",\"image\":{\"@type\":\"ImageObject\",\"inLanguage\":\"pl-PL\",\"@id\":\"https:\\\/\\\/secure.gravatar.com\\\/avatar\\\/0c850e3cc969e3bec61971337ea044add4e3b6da745c50448fbab5c86b0b85d9?s=96&d=mm&r=g\",\"url\":\"https:\\\/\\\/secure.gravatar.com\\\/avatar\\\/0c850e3cc969e3bec61971337ea044add4e3b6da745c50448fbab5c86b0b85d9?s=96&d=mm&r=g\",\"contentUrl\":\"https:\\\/\\\/secure.gravatar.com\\\/avatar\\\/0c850e3cc969e3bec61971337ea044add4e3b6da745c50448fbab5c86b0b85d9?s=96&d=mm&r=g\",\"caption\":\"Agata Ilnicka\"},\"url\":\"https:\\\/\\\/muzeumfabrykinorblina.pl\\\/?author=9\"}]}<\/script>\n<!-- \/ Yoast SEO plugin. -->","yoast_head_json":{"title":"W\u00f3zki fabryczne w nowej roli | Muzeum Fabryki Norblina","robots":{"index":"index","follow":"follow","max-snippet":"max-snippet:-1","max-image-preview":"max-image-preview:large","max-video-preview":"max-video-preview:-1"},"canonical":"https:\/\/muzeumfabrykinorblina.pl\/?p=3699","og_locale":"pl_PL","og_type":"article","og_title":"W\u00f3zki fabryczne w nowej roli | Muzeum Fabryki Norblina","og_description":"Muzeum Fabryki Norblina to miejsce, w kt\u00f3rym historia dawnych maszyn i urz\u0105dze\u0144 przemys\u0142owych o\u017cywa, tworz\u0105c now\u0105 opowie\u015b\u0107 o fabrycznej przesz\u0142o\u015bci. Na \u015bcie\u017cce zwiedzania \u201eMaszyny i urz\u0105dzenia\u201d odwiedzaj\u0105cy maj\u0105 okazj\u0119 zobaczy\u0107 unikalne obiekty stanowi\u0105ce dawny system transportu fabrycznego, w tym w\u00f3zki szynowe, fragment suwnicy z wci\u0105giem elektromechanicznym, torowiska oraz w\u00f3zek akumulatorowy STAL 128. Jednak te niezwyk\u0142e [&hellip;]","og_url":"https:\/\/muzeumfabrykinorblina.pl\/?p=3699","og_site_name":"Muzeum Fabryki Norblina","article_publisher":"https:\/\/www.facebook.com\/MuzeumFabrykiNorblina","article_published_time":"2022-02-01T09:00:00+00:00","article_modified_time":"2024-12-06T09:59:20+00:00","og_image":[{"width":1080,"height":1080,"url":"https:\/\/muzeumfabrykinorblina.pl\/wp-content\/uploads\/2024\/12\/MFN_Wozki.jpg","type":"image\/jpeg"}],"author":"Agata Ilnicka","twitter_card":"summary_large_image","twitter_misc":{"Napisane przez":"Agata Ilnicka","Szacowany czas czytania":"2 minuty"},"schema":{"@context":"https:\/\/schema.org","@graph":[{"@type":"Article","@id":"https:\/\/muzeumfabrykinorblina.pl\/?p=3699#article","isPartOf":{"@id":"https:\/\/muzeumfabrykinorblina.pl\/?p=3699"},"author":{"name":"Agata Ilnicka","@id":"https:\/\/muzeumfabrykinorblina.pl\/#\/schema\/person\/4f1632ef79031887e0e24c4ea9d3472e"},"headline":"W\u00f3zki fabryczne w nowej roli","datePublished":"2022-02-01T09:00:00+00:00","dateModified":"2024-12-06T09:59:20+00:00","mainEntityOfPage":{"@id":"https:\/\/muzeumfabrykinorblina.pl\/?p=3699"},"wordCount":343,"publisher":{"@id":"https:\/\/muzeumfabrykinorblina.pl\/#organization"},"image":{"@id":"https:\/\/muzeumfabrykinorblina.pl\/?p=3699#primaryimage"},"thumbnailUrl":"https:\/\/muzeumfabrykinorblina.pl\/wp-content\/uploads\/2024\/12\/MFN_Wozki.jpg","articleSection":["Aktualno\u015bci"],"inLanguage":"pl-PL"},{"@type":"WebPage","@id":"https:\/\/muzeumfabrykinorblina.pl\/?p=3699","url":"https:\/\/muzeumfabrykinorblina.pl\/?p=3699","name":"W\u00f3zki fabryczne w nowej roli | Muzeum Fabryki Norblina","isPartOf":{"@id":"https:\/\/muzeumfabrykinorblina.pl\/#website"},"primaryImageOfPage":{"@id":"https:\/\/muzeumfabrykinorblina.pl\/?p=3699#primaryimage"},"image":{"@id":"https:\/\/muzeumfabrykinorblina.pl\/?p=3699#primaryimage"},"thumbnailUrl":"https:\/\/muzeumfabrykinorblina.pl\/wp-content\/uploads\/2024\/12\/MFN_Wozki.jpg","datePublished":"2022-02-01T09:00:00+00:00","dateModified":"2024-12-06T09:59:20+00:00","breadcrumb":{"@id":"https:\/\/muzeumfabrykinorblina.pl\/?p=3699#breadcrumb"},"inLanguage":"pl-PL","potentialAction":[{"@type":"ReadAction","target":["https:\/\/muzeumfabrykinorblina.pl\/?p=3699"]}]},{"@type":"ImageObject","inLanguage":"pl-PL","@id":"https:\/\/muzeumfabrykinorblina.pl\/?p=3699#primaryimage","url":"https:\/\/muzeumfabrykinorblina.pl\/wp-content\/uploads\/2024\/12\/MFN_Wozki.jpg","contentUrl":"https:\/\/muzeumfabrykinorblina.pl\/wp-content\/uploads\/2024\/12\/MFN_Wozki.jpg","width":1080,"height":1080},{"@type":"BreadcrumbList","@id":"https:\/\/muzeumfabrykinorblina.pl\/?p=3699#breadcrumb","itemListElement":[{"@type":"ListItem","position":1,"name":"Strona g\u0142\u00f3wna","item":"https:\/\/muzeumfabrykinorblina.pl\/"},{"@type":"ListItem","position":2,"name":"W\u00f3zki fabryczne w nowej roli"}]},{"@type":"WebSite","@id":"https:\/\/muzeumfabrykinorblina.pl\/#website","url":"https:\/\/muzeumfabrykinorblina.pl\/","name":"Muzeum Fabryki Norblina","description":"Fabryka Norblina","publisher":{"@id":"https:\/\/muzeumfabrykinorblina.pl\/#organization"},"potentialAction":[{"@type":"SearchAction","target":{"@type":"EntryPoint","urlTemplate":"https:\/\/muzeumfabrykinorblina.pl\/?s={search_term_string}"},"query-input":{"@type":"PropertyValueSpecification","valueRequired":true,"valueName":"search_term_string"}}],"inLanguage":"pl-PL"},{"@type":"Organization","@id":"https:\/\/muzeumfabrykinorblina.pl\/#organization","name":"Muzeum Fabryki Norblina","url":"https:\/\/muzeumfabrykinorblina.pl\/","logo":{"@type":"ImageObject","inLanguage":"pl-PL","@id":"https:\/\/muzeumfabrykinorblina.pl\/#\/schema\/logo\/image\/","url":"https:\/\/muzeumfabrykinorblina.pl\/wp-content\/uploads\/2023\/11\/MFN_Featured-image_1200x675.jpg","contentUrl":"https:\/\/muzeumfabrykinorblina.pl\/wp-content\/uploads\/2023\/11\/MFN_Featured-image_1200x675.jpg","width":1200,"height":675,"caption":"Muzeum Fabryki Norblina"},"image":{"@id":"https:\/\/muzeumfabrykinorblina.pl\/#\/schema\/logo\/image\/"},"sameAs":["https:\/\/www.facebook.com\/MuzeumFabrykiNorblina","https:\/\/www.instagram.com\/muzeumfabrykinorblina\/"]},{"@type":"Person","@id":"https:\/\/muzeumfabrykinorblina.pl\/#\/schema\/person\/4f1632ef79031887e0e24c4ea9d3472e","name":"Agata Ilnicka","image":{"@type":"ImageObject","inLanguage":"pl-PL","@id":"https:\/\/secure.gravatar.com\/avatar\/0c850e3cc969e3bec61971337ea044add4e3b6da745c50448fbab5c86b0b85d9?s=96&d=mm&r=g","url":"https:\/\/secure.gravatar.com\/avatar\/0c850e3cc969e3bec61971337ea044add4e3b6da745c50448fbab5c86b0b85d9?s=96&d=mm&r=g","contentUrl":"https:\/\/secure.gravatar.com\/avatar\/0c850e3cc969e3bec61971337ea044add4e3b6da745c50448fbab5c86b0b85d9?s=96&d=mm&r=g","caption":"Agata Ilnicka"},"url":"https:\/\/muzeumfabrykinorblina.pl\/?author=9"}]}},"lang":"pl","translations":{"pl":3699},"builder_content":"","pll_sync_post":{},"_links":{"self":[{"href":"https:\/\/muzeumfabrykinorblina.pl\/index.php?rest_route=\/wp\/v2\/posts\/3699","targetHints":{"allow":["GET"]}}],"collection":[{"href":"https:\/\/muzeumfabrykinorblina.pl\/index.php?rest_route=\/wp\/v2\/posts"}],"about":[{"href":"https:\/\/muzeumfabrykinorblina.pl\/index.php?rest_route=\/wp\/v2\/types\/post"}],"author":[{"embeddable":true,"href":"https:\/\/muzeumfabrykinorblina.pl\/index.php?rest_route=\/wp\/v2\/users\/9"}],"replies":[{"embeddable":true,"href":"https:\/\/muzeumfabrykinorblina.pl\/index.php?rest_route=%2Fwp%2Fv2%2Fcomments&post=3699"}],"version-history":[{"count":0,"href":"https:\/\/muzeumfabrykinorblina.pl\/index.php?rest_route=\/wp\/v2\/posts\/3699\/revisions"}],"wp:featuredmedia":[{"embeddable":true,"href":"https:\/\/muzeumfabrykinorblina.pl\/index.php?rest_route=\/wp\/v2\/media\/3700"}],"wp:attachment":[{"href":"https:\/\/muzeumfabrykinorblina.pl\/index.php?rest_route=%2Fwp%2Fv2%2Fmedia&parent=3699"}],"wp:term":[{"taxonomy":"category","embeddable":true,"href":"https:\/\/muzeumfabrykinorblina.pl\/index.php?rest_route=%2Fwp%2Fv2%2Fcategories&post=3699"},{"taxonomy":"post_tag","embeddable":true,"href":"https:\/\/muzeumfabrykinorblina.pl\/index.php?rest_route=%2Fwp%2Fv2%2Ftags&post=3699"}],"curies":[{"name":"wp","href":"https:\/\/api.w.org\/{rel}","templated":true}]}}