{"id":3634,"date":"2024-11-26T09:30:00","date_gmt":"2024-11-26T09:30:00","guid":{"rendered":"https:\/\/muzeumfabrykinorblina.pl\/?p=3634"},"modified":"2025-05-19T12:56:50","modified_gmt":"2025-05-19T12:56:50","slug":"muzeum-fabryki-norblina-partnerem-wyjatkowej-wystawy-w-wilanowie","status":"publish","type":"post","link":"https:\/\/muzeumfabrykinorblina.pl\/?p=3634","title":{"rendered":"Muzeum Fabryki Norblina partnerem wyj\u0105tkowej wystawy w Wilanowie"},"content":{"rendered":"\n<p class=\"wp-block-paragraph\"><strong>Od 29 listopada 2024 roku zapraszamy do Muzeum Pa\u0142acu Kr\u00f3la Jana III w Wilanowie na fascynuj\u0105c\u0105 podr\u00f3\u017c w czasie, podczas kt\u00f3rej odkryj\u0105 Pa\u0144stwo bogactwo i r\u00f3\u017cnorodno\u015b\u0107 wyrob\u00f3w platerowanych. Wystawa \u201eNiecodzienne przedmioty codziennego u\u017cytku. 200 lat platernictwa w Polsce\u201d to ponad 1200 eksponat\u00f3w prezentuj\u0105cych kunszt dawnych platernik\u00f3w. Muzeum Fabryki Norblina, jako partner wydarzenia, z dum\u0105 wspiera to unikalne przedsi\u0119wzi\u0119cie.<\/strong><\/p>\n\n\n\n<p class=\"wp-block-paragraph\">Prezentowane na wystawie eksponaty obejmuj\u0105 szeroki wachlarz przedmiot\u00f3w \u2013 od bogato zdobionych waz, pater i sztu\u0107c\u00f3w, po biurowe ka\u0142amarze, lustra toaletowe czy przedmioty o znaczeniu religijnym. Wszystko to ukazuje rozw\u00f3j platernictwa, kt\u00f3re w XIX i na pocz\u0105tku XX wieku wp\u0142yn\u0119\u0142o na codzienne \u017cycie arystokracji, zamo\u017cnych mieszczan a z czasem i przeci\u0119tnych mieszka\u0144c\u00f3w tzw. Kr\u00f3lestwa Kongresowego. Wa\u017cnym elementem ekspozycji s\u0105 przedmioty pochodz\u0105ce z prywatnych kolekcji, kt\u00f3re wzbogacaj\u0105 j\u0105 o unikatowe dzie\u0142a, odzwierciedlaj\u0105ce przemiany w modzie i obyczajowo\u015bci.<\/p>\n\n\n\n<p class=\"wp-block-paragraph\">Historia przemys\u0142owego platerowania w Polsce zacz\u0119\u0142a si\u0119 w 1824roku, powstaniem fabryki&nbsp; J\u00f3zef Fraget. Wkr\u00f3tce potem swoje fabryki otworzyli Bracia Henneberg oraz Jan Chrzciciel Cerisy, kt\u00f3rego zak\u0142ad przej\u0105\u0142 Wincenty Konstanty Norblin i kontynuowa\u0142 dzia\u0142ania pod w\u0142asnym nazwiskiem. Produkty ich warszawskich fabryk, zwane \u201ewarszawskimi srebrami\u201d, by\u0142y nie tylko symbolem luksusu, lecz tak\u017ce przejawem wysokiej estetyki i funkcjonalno\u015bci.<\/p>\n\n\n\n<p class=\"wp-block-paragraph\"><strong>Wystawa towarzysz\u0105ca w Muzeum Fabryki Norblina<\/strong><\/p>\n\n\n\n<p class=\"wp-block-paragraph\">Nieod\u0142\u0105cznym elementem wsp\u00f3\u0142pracy Muzeum Fabryki Norblina z Muzeum Pa\u0142acu Kr\u00f3la Jana III w Wilanowie b\u0119dzie wystawa towarzysz\u0105ca: <strong>\u201eNie tylko secesja w wyrobach firmy Norblin, Br. Buch i T. Werner\u201d<\/strong>, kt\u00f3r\u0105 mo\u017cna b\u0119dzie ogl\u0105da\u0107 od 18 grudnia 2024 roku do 3 sierpnia 2025 roku w naszym Muzeum przy \u017belaznej. Wystawa skupi si\u0119 na wyrobach firmy Norblin, Bracia Buch i T. Werner, prezentuj\u0105c zar\u00f3wno najbardziej charakterystyczne platery w stylu secesyjnym jak i w innych mniej rozpoznawalnych stylach. Kuratorkami wystawy s\u0105 muzealniczki z Muzeum Pa\u0142acu Kr\u00f3la Jana III Sobieskiego: dr Joanna Paprocka-Gajek i Renata Pieniek.<\/p>\n\n\n\n<p class=\"wp-block-paragraph\">Prezentowane obiekty s\u0105 dowodem na niezwyk\u0142e dziedzictwo przemys\u0142owe jakie pozostawi\u0142a po sobie Fabryka Norblina. Ekspozycja stanowi\u0107 b\u0119dzie uzupe\u0142nienie wystawy wilanowskiej, ukazuj\u0105c wp\u0142yw platerowanych przedmiot\u00f3w na rozw\u00f3j sztuki u\u017cytkowej w Polsce.<\/p>\n\n\n\n<p class=\"wp-block-paragraph\"><strong>Szczeg\u00f3\u0142y wydarzenia:<\/strong><\/p>\n\n\n\n<ul class=\"wp-block-list\">\n<li><strong>Miejsce:<\/strong> Muzeum Pa\u0142acu Kr\u00f3la Jana III w Wilanowie<\/li>\n\n\n\n<li><strong>Termin:<\/strong> 29 listopada 2024 \u2013 3 sierpnia 2025<\/li>\n\n\n\n<li><strong>Wystawa towarzysz\u0105ca:<\/strong> Muzeum Fabryki Norblina, 18 grudnia 2024 \u2013 3 sierpnia 2025<\/li>\n<\/ul>\n\n\n\n<p class=\"wp-block-paragraph\"><strong>Kuratorki wystawy w Muzeum Pa\u0142acu Jana III Sobieskiego:&nbsp;<\/strong><\/p>\n\n\n\n<p class=\"wp-block-paragraph\">dr Joanna Paprocka-Gajek, Muzeum Pa\u0142acu Kr\u00f3la Jana III w Wilanowie<\/p>\n\n\n\n<p class=\"wp-block-paragraph\">Aniela Zinkiewicz-Ryndziewicz, Muzeum Sztuki Z\u0142otniczej, oddzia\u0142 Muzeum Nadwi\u015bla\u0144skiego w Kazimierzu Dolnym<\/p>\n\n\n\n<p class=\"wp-block-paragraph\">Wsp\u00f3\u0142organizatorem wystawy w Wilanowie jest Muzeum Sztuki Z\u0142otniczej, oddzia\u0142 Muzeum Nadwi\u015bla\u0144skiego w Kazimierzu Dolnym, a patronem honorowym &#8211; Ambasada Francji w Polsce. Wystawa zosta\u0142a zrealizowana dzi\u0119ki wsparciu Ministerstwa Kultury i Dziedzictwa Narodowego.<\/p>\n\n\n\n<p class=\"wp-block-paragraph\">Serdecznie zapraszamy do udzia\u0142u w tych wyj\u0105tkowych wydarzeniach!<\/p>\n\n\n<!-- wp:themify-builder\/canvas \/-->\n\n\n<p class=\"wp-block-paragraph\"><\/p>\n","protected":false},"excerpt":{"rendered":"<p>Od 29 listopada 2024 roku zapraszamy do Muzeum Pa\u0142acu Kr\u00f3la Jana III w Wilanowie na fascynuj\u0105c\u0105 podr\u00f3\u017c w czasie, podczas kt\u00f3rej odkryj\u0105 Pa\u0144stwo bogactwo i r\u00f3\u017cnorodno\u015b\u0107 wyrob\u00f3w platerowanych. Wystawa \u201eNiecodzienne przedmioty codziennego u\u017cytku. 200 lat platernictwa w Polsce\u201d to ponad 1200 eksponat\u00f3w prezentuj\u0105cych kunszt dawnych platernik\u00f3w. Muzeum Fabryki Norblina, jako partner wydarzenia, z dum\u0105 wspiera [&hellip;]<\/p>\n","protected":false},"author":9,"featured_media":3636,"comment_status":"closed","ping_status":"closed","sticky":false,"template":"","format":"standard","meta":{"_acf_changed":false,"_monsterinsights_skip_tracking":false,"footnotes":""},"categories":[29],"tags":[],"class_list":["post-3634","post","type-post","status-publish","format-standard","has-post-thumbnail","hentry","category-aktualnosci","has-post-title","has-post-date","has-post-category","has-post-tag","has-post-comment","has-post-author",""],"acf":[],"yoast_head":"<!-- This site is optimized with the Yoast SEO plugin v28.2 - https:\/\/yoast.com\/product\/yoast-seo-wordpress\/ -->\n<title>Muzeum Fabryki Norblina partnerem wyj\u0105tkowej wystawy w Wilanowie | Muzeum Fabryki Norblina<\/title>\n<meta name=\"robots\" content=\"index, follow, max-snippet:-1, max-image-preview:large, max-video-preview:-1\" \/>\n<link rel=\"canonical\" href=\"https:\/\/muzeumfabrykinorblina.pl\/?p=3634\" \/>\n<meta property=\"og:locale\" content=\"pl_PL\" \/>\n<meta property=\"og:type\" content=\"article\" \/>\n<meta property=\"og:title\" content=\"Muzeum Fabryki Norblina partnerem wyj\u0105tkowej wystawy w Wilanowie | Muzeum Fabryki Norblina\" \/>\n<meta property=\"og:description\" content=\"Od 29 listopada 2024 roku zapraszamy do Muzeum Pa\u0142acu Kr\u00f3la Jana III w Wilanowie na fascynuj\u0105c\u0105 podr\u00f3\u017c w czasie, podczas kt\u00f3rej odkryj\u0105 Pa\u0144stwo bogactwo i r\u00f3\u017cnorodno\u015b\u0107 wyrob\u00f3w platerowanych. Wystawa \u201eNiecodzienne przedmioty codziennego u\u017cytku. 200 lat platernictwa w Polsce\u201d to ponad 1200 eksponat\u00f3w prezentuj\u0105cych kunszt dawnych platernik\u00f3w. Muzeum Fabryki Norblina, jako partner wydarzenia, z dum\u0105 wspiera [&hellip;]\" \/>\n<meta property=\"og:url\" content=\"https:\/\/muzeumfabrykinorblina.pl\/?p=3634\" \/>\n<meta property=\"og:site_name\" content=\"Muzeum Fabryki Norblina\" \/>\n<meta property=\"article:publisher\" content=\"https:\/\/www.facebook.com\/MuzeumFabrykiNorblina\" \/>\n<meta property=\"article:published_time\" content=\"2024-11-26T09:30:00+00:00\" \/>\n<meta property=\"article:modified_time\" content=\"2025-05-19T12:56:50+00:00\" \/>\n<meta property=\"og:image\" content=\"https:\/\/muzeumfabrykinorblina.pl\/wp-content\/uploads\/2024\/11\/MFN_200lat_Platernictwa_Main.jpg\" \/>\n\t<meta property=\"og:image:width\" content=\"1080\" \/>\n\t<meta property=\"og:image:height\" content=\"1080\" \/>\n\t<meta property=\"og:image:type\" content=\"image\/jpeg\" \/>\n<meta name=\"author\" content=\"Agata Ilnicka\" \/>\n<meta name=\"twitter:card\" content=\"summary_large_image\" \/>\n<meta name=\"twitter:label1\" content=\"Napisane przez\" \/>\n\t<meta name=\"twitter:data1\" content=\"Agata Ilnicka\" \/>\n\t<meta name=\"twitter:label2\" content=\"Szacowany czas czytania\" \/>\n\t<meta name=\"twitter:data2\" content=\"3 minuty\" \/>\n<script type=\"application\/ld+json\" class=\"yoast-schema-graph\">{\"@context\":\"https:\\\/\\\/schema.org\",\"@graph\":[{\"@type\":\"Article\",\"@id\":\"https:\\\/\\\/muzeumfabrykinorblina.pl\\\/?p=3634#article\",\"isPartOf\":{\"@id\":\"https:\\\/\\\/muzeumfabrykinorblina.pl\\\/?p=3634\"},\"author\":{\"name\":\"Agata Ilnicka\",\"@id\":\"https:\\\/\\\/muzeumfabrykinorblina.pl\\\/#\\\/schema\\\/person\\\/4f1632ef79031887e0e24c4ea9d3472e\"},\"headline\":\"Muzeum Fabryki Norblina partnerem wyj\u0105tkowej wystawy w Wilanowie\",\"datePublished\":\"2024-11-26T09:30:00+00:00\",\"dateModified\":\"2025-05-19T12:56:50+00:00\",\"mainEntityOfPage\":{\"@id\":\"https:\\\/\\\/muzeumfabrykinorblina.pl\\\/?p=3634\"},\"wordCount\":495,\"publisher\":{\"@id\":\"https:\\\/\\\/muzeumfabrykinorblina.pl\\\/#organization\"},\"image\":{\"@id\":\"https:\\\/\\\/muzeumfabrykinorblina.pl\\\/?p=3634#primaryimage\"},\"thumbnailUrl\":\"https:\\\/\\\/muzeumfabrykinorblina.pl\\\/wp-content\\\/uploads\\\/2024\\\/11\\\/MFN_200lat_Platernictwa_Main.jpg\",\"articleSection\":[\"Aktualno\u015bci\"],\"inLanguage\":\"pl-PL\"},{\"@type\":\"WebPage\",\"@id\":\"https:\\\/\\\/muzeumfabrykinorblina.pl\\\/?p=3634\",\"url\":\"https:\\\/\\\/muzeumfabrykinorblina.pl\\\/?p=3634\",\"name\":\"Muzeum Fabryki Norblina partnerem wyj\u0105tkowej wystawy w Wilanowie | Muzeum Fabryki Norblina\",\"isPartOf\":{\"@id\":\"https:\\\/\\\/muzeumfabrykinorblina.pl\\\/#website\"},\"primaryImageOfPage\":{\"@id\":\"https:\\\/\\\/muzeumfabrykinorblina.pl\\\/?p=3634#primaryimage\"},\"image\":{\"@id\":\"https:\\\/\\\/muzeumfabrykinorblina.pl\\\/?p=3634#primaryimage\"},\"thumbnailUrl\":\"https:\\\/\\\/muzeumfabrykinorblina.pl\\\/wp-content\\\/uploads\\\/2024\\\/11\\\/MFN_200lat_Platernictwa_Main.jpg\",\"datePublished\":\"2024-11-26T09:30:00+00:00\",\"dateModified\":\"2025-05-19T12:56:50+00:00\",\"breadcrumb\":{\"@id\":\"https:\\\/\\\/muzeumfabrykinorblina.pl\\\/?p=3634#breadcrumb\"},\"inLanguage\":\"pl-PL\",\"potentialAction\":[{\"@type\":\"ReadAction\",\"target\":[\"https:\\\/\\\/muzeumfabrykinorblina.pl\\\/?p=3634\"]}]},{\"@type\":\"ImageObject\",\"inLanguage\":\"pl-PL\",\"@id\":\"https:\\\/\\\/muzeumfabrykinorblina.pl\\\/?p=3634#primaryimage\",\"url\":\"https:\\\/\\\/muzeumfabrykinorblina.pl\\\/wp-content\\\/uploads\\\/2024\\\/11\\\/MFN_200lat_Platernictwa_Main.jpg\",\"contentUrl\":\"https:\\\/\\\/muzeumfabrykinorblina.pl\\\/wp-content\\\/uploads\\\/2024\\\/11\\\/MFN_200lat_Platernictwa_Main.jpg\",\"width\":1080,\"height\":1080},{\"@type\":\"BreadcrumbList\",\"@id\":\"https:\\\/\\\/muzeumfabrykinorblina.pl\\\/?p=3634#breadcrumb\",\"itemListElement\":[{\"@type\":\"ListItem\",\"position\":1,\"name\":\"Strona g\u0142\u00f3wna\",\"item\":\"https:\\\/\\\/muzeumfabrykinorblina.pl\\\/\"},{\"@type\":\"ListItem\",\"position\":2,\"name\":\"Muzeum Fabryki Norblina partnerem wyj\u0105tkowej wystawy w Wilanowie\"}]},{\"@type\":\"WebSite\",\"@id\":\"https:\\\/\\\/muzeumfabrykinorblina.pl\\\/#website\",\"url\":\"https:\\\/\\\/muzeumfabrykinorblina.pl\\\/\",\"name\":\"Muzeum Fabryki Norblina\",\"description\":\"Fabryka Norblina\",\"publisher\":{\"@id\":\"https:\\\/\\\/muzeumfabrykinorblina.pl\\\/#organization\"},\"potentialAction\":[{\"@type\":\"SearchAction\",\"target\":{\"@type\":\"EntryPoint\",\"urlTemplate\":\"https:\\\/\\\/muzeumfabrykinorblina.pl\\\/?s={search_term_string}\"},\"query-input\":{\"@type\":\"PropertyValueSpecification\",\"valueRequired\":true,\"valueName\":\"search_term_string\"}}],\"inLanguage\":\"pl-PL\"},{\"@type\":\"Organization\",\"@id\":\"https:\\\/\\\/muzeumfabrykinorblina.pl\\\/#organization\",\"name\":\"Muzeum Fabryki Norblina\",\"url\":\"https:\\\/\\\/muzeumfabrykinorblina.pl\\\/\",\"logo\":{\"@type\":\"ImageObject\",\"inLanguage\":\"pl-PL\",\"@id\":\"https:\\\/\\\/muzeumfabrykinorblina.pl\\\/#\\\/schema\\\/logo\\\/image\\\/\",\"url\":\"https:\\\/\\\/muzeumfabrykinorblina.pl\\\/wp-content\\\/uploads\\\/2023\\\/11\\\/MFN_Featured-image_1200x675.jpg\",\"contentUrl\":\"https:\\\/\\\/muzeumfabrykinorblina.pl\\\/wp-content\\\/uploads\\\/2023\\\/11\\\/MFN_Featured-image_1200x675.jpg\",\"width\":1200,\"height\":675,\"caption\":\"Muzeum Fabryki Norblina\"},\"image\":{\"@id\":\"https:\\\/\\\/muzeumfabrykinorblina.pl\\\/#\\\/schema\\\/logo\\\/image\\\/\"},\"sameAs\":[\"https:\\\/\\\/www.facebook.com\\\/MuzeumFabrykiNorblina\",\"https:\\\/\\\/www.instagram.com\\\/muzeumfabrykinorblina\\\/\"]},{\"@type\":\"Person\",\"@id\":\"https:\\\/\\\/muzeumfabrykinorblina.pl\\\/#\\\/schema\\\/person\\\/4f1632ef79031887e0e24c4ea9d3472e\",\"name\":\"Agata Ilnicka\",\"image\":{\"@type\":\"ImageObject\",\"inLanguage\":\"pl-PL\",\"@id\":\"https:\\\/\\\/secure.gravatar.com\\\/avatar\\\/0c850e3cc969e3bec61971337ea044add4e3b6da745c50448fbab5c86b0b85d9?s=96&d=mm&r=g\",\"url\":\"https:\\\/\\\/secure.gravatar.com\\\/avatar\\\/0c850e3cc969e3bec61971337ea044add4e3b6da745c50448fbab5c86b0b85d9?s=96&d=mm&r=g\",\"contentUrl\":\"https:\\\/\\\/secure.gravatar.com\\\/avatar\\\/0c850e3cc969e3bec61971337ea044add4e3b6da745c50448fbab5c86b0b85d9?s=96&d=mm&r=g\",\"caption\":\"Agata Ilnicka\"},\"url\":\"https:\\\/\\\/muzeumfabrykinorblina.pl\\\/?author=9\"}]}<\/script>\n<!-- \/ Yoast SEO plugin. -->","yoast_head_json":{"title":"Muzeum Fabryki Norblina partnerem wyj\u0105tkowej wystawy w Wilanowie | Muzeum Fabryki Norblina","robots":{"index":"index","follow":"follow","max-snippet":"max-snippet:-1","max-image-preview":"max-image-preview:large","max-video-preview":"max-video-preview:-1"},"canonical":"https:\/\/muzeumfabrykinorblina.pl\/?p=3634","og_locale":"pl_PL","og_type":"article","og_title":"Muzeum Fabryki Norblina partnerem wyj\u0105tkowej wystawy w Wilanowie | Muzeum Fabryki Norblina","og_description":"Od 29 listopada 2024 roku zapraszamy do Muzeum Pa\u0142acu Kr\u00f3la Jana III w Wilanowie na fascynuj\u0105c\u0105 podr\u00f3\u017c w czasie, podczas kt\u00f3rej odkryj\u0105 Pa\u0144stwo bogactwo i r\u00f3\u017cnorodno\u015b\u0107 wyrob\u00f3w platerowanych. Wystawa \u201eNiecodzienne przedmioty codziennego u\u017cytku. 200 lat platernictwa w Polsce\u201d to ponad 1200 eksponat\u00f3w prezentuj\u0105cych kunszt dawnych platernik\u00f3w. Muzeum Fabryki Norblina, jako partner wydarzenia, z dum\u0105 wspiera [&hellip;]","og_url":"https:\/\/muzeumfabrykinorblina.pl\/?p=3634","og_site_name":"Muzeum Fabryki Norblina","article_publisher":"https:\/\/www.facebook.com\/MuzeumFabrykiNorblina","article_published_time":"2024-11-26T09:30:00+00:00","article_modified_time":"2025-05-19T12:56:50+00:00","og_image":[{"width":1080,"height":1080,"url":"https:\/\/muzeumfabrykinorblina.pl\/wp-content\/uploads\/2024\/11\/MFN_200lat_Platernictwa_Main.jpg","type":"image\/jpeg"}],"author":"Agata Ilnicka","twitter_card":"summary_large_image","twitter_misc":{"Napisane przez":"Agata Ilnicka","Szacowany czas czytania":"3 minuty"},"schema":{"@context":"https:\/\/schema.org","@graph":[{"@type":"Article","@id":"https:\/\/muzeumfabrykinorblina.pl\/?p=3634#article","isPartOf":{"@id":"https:\/\/muzeumfabrykinorblina.pl\/?p=3634"},"author":{"name":"Agata Ilnicka","@id":"https:\/\/muzeumfabrykinorblina.pl\/#\/schema\/person\/4f1632ef79031887e0e24c4ea9d3472e"},"headline":"Muzeum Fabryki Norblina partnerem wyj\u0105tkowej wystawy w Wilanowie","datePublished":"2024-11-26T09:30:00+00:00","dateModified":"2025-05-19T12:56:50+00:00","mainEntityOfPage":{"@id":"https:\/\/muzeumfabrykinorblina.pl\/?p=3634"},"wordCount":495,"publisher":{"@id":"https:\/\/muzeumfabrykinorblina.pl\/#organization"},"image":{"@id":"https:\/\/muzeumfabrykinorblina.pl\/?p=3634#primaryimage"},"thumbnailUrl":"https:\/\/muzeumfabrykinorblina.pl\/wp-content\/uploads\/2024\/11\/MFN_200lat_Platernictwa_Main.jpg","articleSection":["Aktualno\u015bci"],"inLanguage":"pl-PL"},{"@type":"WebPage","@id":"https:\/\/muzeumfabrykinorblina.pl\/?p=3634","url":"https:\/\/muzeumfabrykinorblina.pl\/?p=3634","name":"Muzeum Fabryki Norblina partnerem wyj\u0105tkowej wystawy w Wilanowie | Muzeum Fabryki Norblina","isPartOf":{"@id":"https:\/\/muzeumfabrykinorblina.pl\/#website"},"primaryImageOfPage":{"@id":"https:\/\/muzeumfabrykinorblina.pl\/?p=3634#primaryimage"},"image":{"@id":"https:\/\/muzeumfabrykinorblina.pl\/?p=3634#primaryimage"},"thumbnailUrl":"https:\/\/muzeumfabrykinorblina.pl\/wp-content\/uploads\/2024\/11\/MFN_200lat_Platernictwa_Main.jpg","datePublished":"2024-11-26T09:30:00+00:00","dateModified":"2025-05-19T12:56:50+00:00","breadcrumb":{"@id":"https:\/\/muzeumfabrykinorblina.pl\/?p=3634#breadcrumb"},"inLanguage":"pl-PL","potentialAction":[{"@type":"ReadAction","target":["https:\/\/muzeumfabrykinorblina.pl\/?p=3634"]}]},{"@type":"ImageObject","inLanguage":"pl-PL","@id":"https:\/\/muzeumfabrykinorblina.pl\/?p=3634#primaryimage","url":"https:\/\/muzeumfabrykinorblina.pl\/wp-content\/uploads\/2024\/11\/MFN_200lat_Platernictwa_Main.jpg","contentUrl":"https:\/\/muzeumfabrykinorblina.pl\/wp-content\/uploads\/2024\/11\/MFN_200lat_Platernictwa_Main.jpg","width":1080,"height":1080},{"@type":"BreadcrumbList","@id":"https:\/\/muzeumfabrykinorblina.pl\/?p=3634#breadcrumb","itemListElement":[{"@type":"ListItem","position":1,"name":"Strona g\u0142\u00f3wna","item":"https:\/\/muzeumfabrykinorblina.pl\/"},{"@type":"ListItem","position":2,"name":"Muzeum Fabryki Norblina partnerem wyj\u0105tkowej wystawy w Wilanowie"}]},{"@type":"WebSite","@id":"https:\/\/muzeumfabrykinorblina.pl\/#website","url":"https:\/\/muzeumfabrykinorblina.pl\/","name":"Muzeum Fabryki Norblina","description":"Fabryka Norblina","publisher":{"@id":"https:\/\/muzeumfabrykinorblina.pl\/#organization"},"potentialAction":[{"@type":"SearchAction","target":{"@type":"EntryPoint","urlTemplate":"https:\/\/muzeumfabrykinorblina.pl\/?s={search_term_string}"},"query-input":{"@type":"PropertyValueSpecification","valueRequired":true,"valueName":"search_term_string"}}],"inLanguage":"pl-PL"},{"@type":"Organization","@id":"https:\/\/muzeumfabrykinorblina.pl\/#organization","name":"Muzeum Fabryki Norblina","url":"https:\/\/muzeumfabrykinorblina.pl\/","logo":{"@type":"ImageObject","inLanguage":"pl-PL","@id":"https:\/\/muzeumfabrykinorblina.pl\/#\/schema\/logo\/image\/","url":"https:\/\/muzeumfabrykinorblina.pl\/wp-content\/uploads\/2023\/11\/MFN_Featured-image_1200x675.jpg","contentUrl":"https:\/\/muzeumfabrykinorblina.pl\/wp-content\/uploads\/2023\/11\/MFN_Featured-image_1200x675.jpg","width":1200,"height":675,"caption":"Muzeum Fabryki Norblina"},"image":{"@id":"https:\/\/muzeumfabrykinorblina.pl\/#\/schema\/logo\/image\/"},"sameAs":["https:\/\/www.facebook.com\/MuzeumFabrykiNorblina","https:\/\/www.instagram.com\/muzeumfabrykinorblina\/"]},{"@type":"Person","@id":"https:\/\/muzeumfabrykinorblina.pl\/#\/schema\/person\/4f1632ef79031887e0e24c4ea9d3472e","name":"Agata Ilnicka","image":{"@type":"ImageObject","inLanguage":"pl-PL","@id":"https:\/\/secure.gravatar.com\/avatar\/0c850e3cc969e3bec61971337ea044add4e3b6da745c50448fbab5c86b0b85d9?s=96&d=mm&r=g","url":"https:\/\/secure.gravatar.com\/avatar\/0c850e3cc969e3bec61971337ea044add4e3b6da745c50448fbab5c86b0b85d9?s=96&d=mm&r=g","contentUrl":"https:\/\/secure.gravatar.com\/avatar\/0c850e3cc969e3bec61971337ea044add4e3b6da745c50448fbab5c86b0b85d9?s=96&d=mm&r=g","caption":"Agata Ilnicka"},"url":"https:\/\/muzeumfabrykinorblina.pl\/?author=9"}]}},"lang":"pl","translations":{"pl":3634},"builder_content":"","pll_sync_post":{},"_links":{"self":[{"href":"https:\/\/muzeumfabrykinorblina.pl\/index.php?rest_route=\/wp\/v2\/posts\/3634","targetHints":{"allow":["GET"]}}],"collection":[{"href":"https:\/\/muzeumfabrykinorblina.pl\/index.php?rest_route=\/wp\/v2\/posts"}],"about":[{"href":"https:\/\/muzeumfabrykinorblina.pl\/index.php?rest_route=\/wp\/v2\/types\/post"}],"author":[{"embeddable":true,"href":"https:\/\/muzeumfabrykinorblina.pl\/index.php?rest_route=\/wp\/v2\/users\/9"}],"replies":[{"embeddable":true,"href":"https:\/\/muzeumfabrykinorblina.pl\/index.php?rest_route=%2Fwp%2Fv2%2Fcomments&post=3634"}],"version-history":[{"count":0,"href":"https:\/\/muzeumfabrykinorblina.pl\/index.php?rest_route=\/wp\/v2\/posts\/3634\/revisions"}],"wp:featuredmedia":[{"embeddable":true,"href":"https:\/\/muzeumfabrykinorblina.pl\/index.php?rest_route=\/wp\/v2\/media\/3636"}],"wp:attachment":[{"href":"https:\/\/muzeumfabrykinorblina.pl\/index.php?rest_route=%2Fwp%2Fv2%2Fmedia&parent=3634"}],"wp:term":[{"taxonomy":"category","embeddable":true,"href":"https:\/\/muzeumfabrykinorblina.pl\/index.php?rest_route=%2Fwp%2Fv2%2Fcategories&post=3634"},{"taxonomy":"post_tag","embeddable":true,"href":"https:\/\/muzeumfabrykinorblina.pl\/index.php?rest_route=%2Fwp%2Fv2%2Ftags&post=3634"}],"curies":[{"name":"wp","href":"https:\/\/api.w.org\/{rel}","templated":true}]}}