{"id":3582,"date":"2024-11-06T08:29:19","date_gmt":"2024-11-06T08:29:19","guid":{"rendered":"https:\/\/muzeumfabrykinorblina.pl\/?p=3582"},"modified":"2025-05-19T12:56:18","modified_gmt":"2025-05-19T12:56:18","slug":"julia-keilowa-metaloplastyczka-na-nowe-czasy","status":"publish","type":"post","link":"https:\/\/muzeumfabrykinorblina.pl\/?p=3582","title":{"rendered":"Julia Keilowa. Metaloplastyczka na nowe czasy."},"content":{"rendered":"\n<p class=\"wp-block-paragraph\"><strong>Spotkanie autorskie z Ma\u0142gorzat\u0105 Czy\u0144sk\u0105 w Fabryce Norblina.<\/strong><\/p>\n\n\n\n<p class=\"wp-block-paragraph\">21 listopada o godzinie 18:00 w Kinie KinoGram (sala nr 1 ) odb\u0119dzie si\u0119 wyj\u0105tkowe spotkanie autorskie z Ma\u0142gorzat\u0105 Czy\u0144sk\u0105, autork\u0105 biografii \u201eJulia Keilowa. Metaplastyczka na nowe czasy\u201d. To okazja, by pozna\u0107 histori\u0119 artystki, kt\u00f3rej tw\u00f3rczo\u015b\u0107 w dwudziestoleciu mi\u0119dzywojennym wpisa\u0142a si\u0119 na sta\u0142e w kanon polskiego wzornictwa, nadaj\u0105c przedmiotom codziennego u\u017cytku elegancki i nowoczesny styl.<\/p>\n\n\n\n<p class=\"wp-block-paragraph\">Ksi\u0105\u017cka <em>\u201eJulia Keilowa. Metaplastyczka na nowe czasy\u201d<\/em> to szczeg\u00f3\u0142owo zrekonstruowana opowie\u015b\u0107 o kobiecie, kt\u00f3ra rewolucjonizowa\u0142a codzienne przedmioty, nadaj\u0105c im unikalny wyraz. Julia Keilowa (1902\u20131943), zwi\u0105zana przez lata z Fabryk\u0105 Norblina, stworzy\u0142a wiele projekt\u00f3w \u2013 jak ikoniczna cukiernica Kula \u2013 kt\u00f3re dzi\u015b s\u0105 uznawane za kamienie milowe polskiego wzornictwa. Publikacja Ma\u0142gorzaty Czy\u0144skiej, kt\u00f3rej nasze Muzeum jest partnerem, rzuca nowe \u015bwiat\u0142o na tw\u00f3rczo\u015b\u0107 artystki, prezentuj\u0105c j\u0105 w kontek\u015bcie europejskiej sztuki u\u017cytkowej obok nazwisk takich jak Sonia Delaunay, Jutta Sika czy Sylvia Stave.<\/p>\n\n\n\n<p class=\"wp-block-paragraph\">Ma\u0142gorzata Czy\u0144ska to ceniona autorka, dziennikarka i historyczka sztuki, specjalistka w dziedzinie krytyki dizajnu i kuratorka licznych wystaw. Jej publikacje, w tym <em>\u201eKobro. Skok w przestrze\u0144\u201d<\/em> oraz <em>\u201eWitkacy i kobiety\u201d<\/em>, zdoby\u0142y uznanie w Polsce i za granic\u0105. Biografia Julii Keilowej stanowi kolejn\u0105, cenn\u0105 pozycj\u0119 w dorobku autorki.<\/p>\n\n\n\n<p class=\"wp-block-paragraph\">Spotkanie poprowadzi Marta Pop\u0142awska, dziennikarka i pasjonatka kultury, kt\u00f3ra z pewno\u015bci\u0105 stworzy inspiruj\u0105c\u0105 atmosfer\u0119 do dyskusji.<\/p>\n\n\n\n<p class=\"wp-block-paragraph\">Zapraszamy serdecznie wszystkich mi\u0142o\u015bnik\u00f3w historii sztuki i polskiego art d\u00e9co do odkrycia na nowo dziedzictwa Julii Keilowej i poznania jednej z najwa\u017cniejszych postaci polskiego wzornictwa.<\/p>\n\n\n\n<p class=\"wp-block-paragraph\">Wst\u0119p na wydarzenie jest wolny.<\/p>\n\n\n\n<p class=\"wp-block-paragraph\"><strong>21 listopada 2023, godz. 18:00<\/strong><br><strong>sala nr 1, Kino KinoGram, Fabryka Norblina<\/strong><\/p>\n\n\n<!-- wp:themify-builder\/canvas \/-->","protected":false},"excerpt":{"rendered":"<p>Spotkanie autorskie z Ma\u0142gorzat\u0105 Czy\u0144sk\u0105 w Fabryce Norblina. 21 listopada o godzinie 18:00 w Kinie KinoGram (sala nr 1 ) odb\u0119dzie si\u0119 wyj\u0105tkowe spotkanie autorskie z Ma\u0142gorzat\u0105 Czy\u0144sk\u0105, autork\u0105 biografii \u201eJulia Keilowa. Metaplastyczka na nowe czasy\u201d. To okazja, by pozna\u0107 histori\u0119 artystki, kt\u00f3rej tw\u00f3rczo\u015b\u0107 w dwudziestoleciu mi\u0119dzywojennym wpisa\u0142a si\u0119 na sta\u0142e w kanon polskiego wzornictwa, [&hellip;]<\/p>\n","protected":false},"author":9,"featured_media":3583,"comment_status":"closed","ping_status":"closed","sticky":false,"template":"","format":"standard","meta":{"_acf_changed":false,"_monsterinsights_skip_tracking":false,"footnotes":""},"categories":[29],"tags":[],"class_list":["post-3582","post","type-post","status-publish","format-standard","has-post-thumbnail","hentry","category-aktualnosci","has-post-title","has-post-date","has-post-category","has-post-tag","has-post-comment","has-post-author",""],"acf":[],"yoast_head":"<!-- This site is optimized with the Yoast SEO plugin v28.2 - https:\/\/yoast.com\/product\/yoast-seo-wordpress\/ -->\n<title>Julia Keilowa. Metaloplastyczka na nowe czasy. | Muzeum Fabryki Norblina<\/title>\n<meta name=\"robots\" content=\"index, follow, max-snippet:-1, max-image-preview:large, max-video-preview:-1\" \/>\n<link rel=\"canonical\" href=\"https:\/\/muzeumfabrykinorblina.pl\/?p=3582\" \/>\n<meta property=\"og:locale\" content=\"pl_PL\" \/>\n<meta property=\"og:type\" content=\"article\" \/>\n<meta property=\"og:title\" content=\"Julia Keilowa. Metaloplastyczka na nowe czasy. | Muzeum Fabryki Norblina\" \/>\n<meta property=\"og:description\" content=\"Spotkanie autorskie z Ma\u0142gorzat\u0105 Czy\u0144sk\u0105 w Fabryce Norblina. 21 listopada o godzinie 18:00 w Kinie KinoGram (sala nr 1 ) odb\u0119dzie si\u0119 wyj\u0105tkowe spotkanie autorskie z Ma\u0142gorzat\u0105 Czy\u0144sk\u0105, autork\u0105 biografii \u201eJulia Keilowa. Metaplastyczka na nowe czasy\u201d. To okazja, by pozna\u0107 histori\u0119 artystki, kt\u00f3rej tw\u00f3rczo\u015b\u0107 w dwudziestoleciu mi\u0119dzywojennym wpisa\u0142a si\u0119 na sta\u0142e w kanon polskiego wzornictwa, [&hellip;]\" \/>\n<meta property=\"og:url\" content=\"https:\/\/muzeumfabrykinorblina.pl\/?p=3582\" \/>\n<meta property=\"og:site_name\" content=\"Muzeum Fabryki Norblina\" \/>\n<meta property=\"article:publisher\" content=\"https:\/\/www.facebook.com\/MuzeumFabrykiNorblina\" \/>\n<meta property=\"article:published_time\" content=\"2024-11-06T08:29:19+00:00\" \/>\n<meta property=\"article:modified_time\" content=\"2025-05-19T12:56:18+00:00\" \/>\n<meta property=\"og:image\" content=\"https:\/\/muzeumfabrykinorblina.pl\/wp-content\/uploads\/2024\/11\/MFN_Julia_Keilowa.jpg\" \/>\n\t<meta property=\"og:image:width\" content=\"1080\" \/>\n\t<meta property=\"og:image:height\" content=\"1080\" \/>\n\t<meta property=\"og:image:type\" content=\"image\/jpeg\" \/>\n<meta name=\"author\" content=\"Agata Ilnicka\" \/>\n<meta name=\"twitter:card\" content=\"summary_large_image\" \/>\n<meta name=\"twitter:label1\" content=\"Napisane przez\" \/>\n\t<meta name=\"twitter:data1\" content=\"Agata Ilnicka\" \/>\n\t<meta name=\"twitter:label2\" content=\"Szacowany czas czytania\" \/>\n\t<meta name=\"twitter:data2\" content=\"2 minuty\" \/>\n<script type=\"application\/ld+json\" class=\"yoast-schema-graph\">{\"@context\":\"https:\\\/\\\/schema.org\",\"@graph\":[{\"@type\":\"Article\",\"@id\":\"https:\\\/\\\/muzeumfabrykinorblina.pl\\\/?p=3582#article\",\"isPartOf\":{\"@id\":\"https:\\\/\\\/muzeumfabrykinorblina.pl\\\/?p=3582\"},\"author\":{\"name\":\"Agata Ilnicka\",\"@id\":\"https:\\\/\\\/muzeumfabrykinorblina.pl\\\/#\\\/schema\\\/person\\\/4f1632ef79031887e0e24c4ea9d3472e\"},\"headline\":\"Julia Keilowa. Metaloplastyczka na nowe czasy.\",\"datePublished\":\"2024-11-06T08:29:19+00:00\",\"dateModified\":\"2025-05-19T12:56:18+00:00\",\"mainEntityOfPage\":{\"@id\":\"https:\\\/\\\/muzeumfabrykinorblina.pl\\\/?p=3582\"},\"wordCount\":286,\"publisher\":{\"@id\":\"https:\\\/\\\/muzeumfabrykinorblina.pl\\\/#organization\"},\"image\":{\"@id\":\"https:\\\/\\\/muzeumfabrykinorblina.pl\\\/?p=3582#primaryimage\"},\"thumbnailUrl\":\"https:\\\/\\\/muzeumfabrykinorblina.pl\\\/wp-content\\\/uploads\\\/2024\\\/11\\\/MFN_Julia_Keilowa.jpg\",\"articleSection\":[\"Aktualno\u015bci\"],\"inLanguage\":\"pl-PL\"},{\"@type\":\"WebPage\",\"@id\":\"https:\\\/\\\/muzeumfabrykinorblina.pl\\\/?p=3582\",\"url\":\"https:\\\/\\\/muzeumfabrykinorblina.pl\\\/?p=3582\",\"name\":\"Julia Keilowa. Metaloplastyczka na nowe czasy. | Muzeum Fabryki Norblina\",\"isPartOf\":{\"@id\":\"https:\\\/\\\/muzeumfabrykinorblina.pl\\\/#website\"},\"primaryImageOfPage\":{\"@id\":\"https:\\\/\\\/muzeumfabrykinorblina.pl\\\/?p=3582#primaryimage\"},\"image\":{\"@id\":\"https:\\\/\\\/muzeumfabrykinorblina.pl\\\/?p=3582#primaryimage\"},\"thumbnailUrl\":\"https:\\\/\\\/muzeumfabrykinorblina.pl\\\/wp-content\\\/uploads\\\/2024\\\/11\\\/MFN_Julia_Keilowa.jpg\",\"datePublished\":\"2024-11-06T08:29:19+00:00\",\"dateModified\":\"2025-05-19T12:56:18+00:00\",\"breadcrumb\":{\"@id\":\"https:\\\/\\\/muzeumfabrykinorblina.pl\\\/?p=3582#breadcrumb\"},\"inLanguage\":\"pl-PL\",\"potentialAction\":[{\"@type\":\"ReadAction\",\"target\":[\"https:\\\/\\\/muzeumfabrykinorblina.pl\\\/?p=3582\"]}]},{\"@type\":\"ImageObject\",\"inLanguage\":\"pl-PL\",\"@id\":\"https:\\\/\\\/muzeumfabrykinorblina.pl\\\/?p=3582#primaryimage\",\"url\":\"https:\\\/\\\/muzeumfabrykinorblina.pl\\\/wp-content\\\/uploads\\\/2024\\\/11\\\/MFN_Julia_Keilowa.jpg\",\"contentUrl\":\"https:\\\/\\\/muzeumfabrykinorblina.pl\\\/wp-content\\\/uploads\\\/2024\\\/11\\\/MFN_Julia_Keilowa.jpg\",\"width\":1080,\"height\":1080},{\"@type\":\"BreadcrumbList\",\"@id\":\"https:\\\/\\\/muzeumfabrykinorblina.pl\\\/?p=3582#breadcrumb\",\"itemListElement\":[{\"@type\":\"ListItem\",\"position\":1,\"name\":\"Strona g\u0142\u00f3wna\",\"item\":\"https:\\\/\\\/muzeumfabrykinorblina.pl\\\/\"},{\"@type\":\"ListItem\",\"position\":2,\"name\":\"Julia Keilowa. Metaloplastyczka na nowe czasy.\"}]},{\"@type\":\"WebSite\",\"@id\":\"https:\\\/\\\/muzeumfabrykinorblina.pl\\\/#website\",\"url\":\"https:\\\/\\\/muzeumfabrykinorblina.pl\\\/\",\"name\":\"Muzeum Fabryki Norblina\",\"description\":\"Fabryka Norblina\",\"publisher\":{\"@id\":\"https:\\\/\\\/muzeumfabrykinorblina.pl\\\/#organization\"},\"potentialAction\":[{\"@type\":\"SearchAction\",\"target\":{\"@type\":\"EntryPoint\",\"urlTemplate\":\"https:\\\/\\\/muzeumfabrykinorblina.pl\\\/?s={search_term_string}\"},\"query-input\":{\"@type\":\"PropertyValueSpecification\",\"valueRequired\":true,\"valueName\":\"search_term_string\"}}],\"inLanguage\":\"pl-PL\"},{\"@type\":\"Organization\",\"@id\":\"https:\\\/\\\/muzeumfabrykinorblina.pl\\\/#organization\",\"name\":\"Muzeum Fabryki Norblina\",\"url\":\"https:\\\/\\\/muzeumfabrykinorblina.pl\\\/\",\"logo\":{\"@type\":\"ImageObject\",\"inLanguage\":\"pl-PL\",\"@id\":\"https:\\\/\\\/muzeumfabrykinorblina.pl\\\/#\\\/schema\\\/logo\\\/image\\\/\",\"url\":\"https:\\\/\\\/muzeumfabrykinorblina.pl\\\/wp-content\\\/uploads\\\/2023\\\/11\\\/MFN_Featured-image_1200x675.jpg\",\"contentUrl\":\"https:\\\/\\\/muzeumfabrykinorblina.pl\\\/wp-content\\\/uploads\\\/2023\\\/11\\\/MFN_Featured-image_1200x675.jpg\",\"width\":1200,\"height\":675,\"caption\":\"Muzeum Fabryki Norblina\"},\"image\":{\"@id\":\"https:\\\/\\\/muzeumfabrykinorblina.pl\\\/#\\\/schema\\\/logo\\\/image\\\/\"},\"sameAs\":[\"https:\\\/\\\/www.facebook.com\\\/MuzeumFabrykiNorblina\",\"https:\\\/\\\/www.instagram.com\\\/muzeumfabrykinorblina\\\/\"]},{\"@type\":\"Person\",\"@id\":\"https:\\\/\\\/muzeumfabrykinorblina.pl\\\/#\\\/schema\\\/person\\\/4f1632ef79031887e0e24c4ea9d3472e\",\"name\":\"Agata Ilnicka\",\"image\":{\"@type\":\"ImageObject\",\"inLanguage\":\"pl-PL\",\"@id\":\"https:\\\/\\\/secure.gravatar.com\\\/avatar\\\/0c850e3cc969e3bec61971337ea044add4e3b6da745c50448fbab5c86b0b85d9?s=96&d=mm&r=g\",\"url\":\"https:\\\/\\\/secure.gravatar.com\\\/avatar\\\/0c850e3cc969e3bec61971337ea044add4e3b6da745c50448fbab5c86b0b85d9?s=96&d=mm&r=g\",\"contentUrl\":\"https:\\\/\\\/secure.gravatar.com\\\/avatar\\\/0c850e3cc969e3bec61971337ea044add4e3b6da745c50448fbab5c86b0b85d9?s=96&d=mm&r=g\",\"caption\":\"Agata Ilnicka\"},\"url\":\"https:\\\/\\\/muzeumfabrykinorblina.pl\\\/?author=9\"}]}<\/script>\n<!-- \/ Yoast SEO plugin. -->","yoast_head_json":{"title":"Julia Keilowa. Metaloplastyczka na nowe czasy. | Muzeum Fabryki Norblina","robots":{"index":"index","follow":"follow","max-snippet":"max-snippet:-1","max-image-preview":"max-image-preview:large","max-video-preview":"max-video-preview:-1"},"canonical":"https:\/\/muzeumfabrykinorblina.pl\/?p=3582","og_locale":"pl_PL","og_type":"article","og_title":"Julia Keilowa. Metaloplastyczka na nowe czasy. | Muzeum Fabryki Norblina","og_description":"Spotkanie autorskie z Ma\u0142gorzat\u0105 Czy\u0144sk\u0105 w Fabryce Norblina. 21 listopada o godzinie 18:00 w Kinie KinoGram (sala nr 1 ) odb\u0119dzie si\u0119 wyj\u0105tkowe spotkanie autorskie z Ma\u0142gorzat\u0105 Czy\u0144sk\u0105, autork\u0105 biografii \u201eJulia Keilowa. Metaplastyczka na nowe czasy\u201d. To okazja, by pozna\u0107 histori\u0119 artystki, kt\u00f3rej tw\u00f3rczo\u015b\u0107 w dwudziestoleciu mi\u0119dzywojennym wpisa\u0142a si\u0119 na sta\u0142e w kanon polskiego wzornictwa, [&hellip;]","og_url":"https:\/\/muzeumfabrykinorblina.pl\/?p=3582","og_site_name":"Muzeum Fabryki Norblina","article_publisher":"https:\/\/www.facebook.com\/MuzeumFabrykiNorblina","article_published_time":"2024-11-06T08:29:19+00:00","article_modified_time":"2025-05-19T12:56:18+00:00","og_image":[{"width":1080,"height":1080,"url":"https:\/\/muzeumfabrykinorblina.pl\/wp-content\/uploads\/2024\/11\/MFN_Julia_Keilowa.jpg","type":"image\/jpeg"}],"author":"Agata Ilnicka","twitter_card":"summary_large_image","twitter_misc":{"Napisane przez":"Agata Ilnicka","Szacowany czas czytania":"2 minuty"},"schema":{"@context":"https:\/\/schema.org","@graph":[{"@type":"Article","@id":"https:\/\/muzeumfabrykinorblina.pl\/?p=3582#article","isPartOf":{"@id":"https:\/\/muzeumfabrykinorblina.pl\/?p=3582"},"author":{"name":"Agata Ilnicka","@id":"https:\/\/muzeumfabrykinorblina.pl\/#\/schema\/person\/4f1632ef79031887e0e24c4ea9d3472e"},"headline":"Julia Keilowa. Metaloplastyczka na nowe czasy.","datePublished":"2024-11-06T08:29:19+00:00","dateModified":"2025-05-19T12:56:18+00:00","mainEntityOfPage":{"@id":"https:\/\/muzeumfabrykinorblina.pl\/?p=3582"},"wordCount":286,"publisher":{"@id":"https:\/\/muzeumfabrykinorblina.pl\/#organization"},"image":{"@id":"https:\/\/muzeumfabrykinorblina.pl\/?p=3582#primaryimage"},"thumbnailUrl":"https:\/\/muzeumfabrykinorblina.pl\/wp-content\/uploads\/2024\/11\/MFN_Julia_Keilowa.jpg","articleSection":["Aktualno\u015bci"],"inLanguage":"pl-PL"},{"@type":"WebPage","@id":"https:\/\/muzeumfabrykinorblina.pl\/?p=3582","url":"https:\/\/muzeumfabrykinorblina.pl\/?p=3582","name":"Julia Keilowa. Metaloplastyczka na nowe czasy. | Muzeum Fabryki Norblina","isPartOf":{"@id":"https:\/\/muzeumfabrykinorblina.pl\/#website"},"primaryImageOfPage":{"@id":"https:\/\/muzeumfabrykinorblina.pl\/?p=3582#primaryimage"},"image":{"@id":"https:\/\/muzeumfabrykinorblina.pl\/?p=3582#primaryimage"},"thumbnailUrl":"https:\/\/muzeumfabrykinorblina.pl\/wp-content\/uploads\/2024\/11\/MFN_Julia_Keilowa.jpg","datePublished":"2024-11-06T08:29:19+00:00","dateModified":"2025-05-19T12:56:18+00:00","breadcrumb":{"@id":"https:\/\/muzeumfabrykinorblina.pl\/?p=3582#breadcrumb"},"inLanguage":"pl-PL","potentialAction":[{"@type":"ReadAction","target":["https:\/\/muzeumfabrykinorblina.pl\/?p=3582"]}]},{"@type":"ImageObject","inLanguage":"pl-PL","@id":"https:\/\/muzeumfabrykinorblina.pl\/?p=3582#primaryimage","url":"https:\/\/muzeumfabrykinorblina.pl\/wp-content\/uploads\/2024\/11\/MFN_Julia_Keilowa.jpg","contentUrl":"https:\/\/muzeumfabrykinorblina.pl\/wp-content\/uploads\/2024\/11\/MFN_Julia_Keilowa.jpg","width":1080,"height":1080},{"@type":"BreadcrumbList","@id":"https:\/\/muzeumfabrykinorblina.pl\/?p=3582#breadcrumb","itemListElement":[{"@type":"ListItem","position":1,"name":"Strona g\u0142\u00f3wna","item":"https:\/\/muzeumfabrykinorblina.pl\/"},{"@type":"ListItem","position":2,"name":"Julia Keilowa. Metaloplastyczka na nowe czasy."}]},{"@type":"WebSite","@id":"https:\/\/muzeumfabrykinorblina.pl\/#website","url":"https:\/\/muzeumfabrykinorblina.pl\/","name":"Muzeum Fabryki Norblina","description":"Fabryka Norblina","publisher":{"@id":"https:\/\/muzeumfabrykinorblina.pl\/#organization"},"potentialAction":[{"@type":"SearchAction","target":{"@type":"EntryPoint","urlTemplate":"https:\/\/muzeumfabrykinorblina.pl\/?s={search_term_string}"},"query-input":{"@type":"PropertyValueSpecification","valueRequired":true,"valueName":"search_term_string"}}],"inLanguage":"pl-PL"},{"@type":"Organization","@id":"https:\/\/muzeumfabrykinorblina.pl\/#organization","name":"Muzeum Fabryki Norblina","url":"https:\/\/muzeumfabrykinorblina.pl\/","logo":{"@type":"ImageObject","inLanguage":"pl-PL","@id":"https:\/\/muzeumfabrykinorblina.pl\/#\/schema\/logo\/image\/","url":"https:\/\/muzeumfabrykinorblina.pl\/wp-content\/uploads\/2023\/11\/MFN_Featured-image_1200x675.jpg","contentUrl":"https:\/\/muzeumfabrykinorblina.pl\/wp-content\/uploads\/2023\/11\/MFN_Featured-image_1200x675.jpg","width":1200,"height":675,"caption":"Muzeum Fabryki Norblina"},"image":{"@id":"https:\/\/muzeumfabrykinorblina.pl\/#\/schema\/logo\/image\/"},"sameAs":["https:\/\/www.facebook.com\/MuzeumFabrykiNorblina","https:\/\/www.instagram.com\/muzeumfabrykinorblina\/"]},{"@type":"Person","@id":"https:\/\/muzeumfabrykinorblina.pl\/#\/schema\/person\/4f1632ef79031887e0e24c4ea9d3472e","name":"Agata Ilnicka","image":{"@type":"ImageObject","inLanguage":"pl-PL","@id":"https:\/\/secure.gravatar.com\/avatar\/0c850e3cc969e3bec61971337ea044add4e3b6da745c50448fbab5c86b0b85d9?s=96&d=mm&r=g","url":"https:\/\/secure.gravatar.com\/avatar\/0c850e3cc969e3bec61971337ea044add4e3b6da745c50448fbab5c86b0b85d9?s=96&d=mm&r=g","contentUrl":"https:\/\/secure.gravatar.com\/avatar\/0c850e3cc969e3bec61971337ea044add4e3b6da745c50448fbab5c86b0b85d9?s=96&d=mm&r=g","caption":"Agata Ilnicka"},"url":"https:\/\/muzeumfabrykinorblina.pl\/?author=9"}]}},"lang":"pl","translations":{"pl":3582},"builder_content":"","pll_sync_post":{},"_links":{"self":[{"href":"https:\/\/muzeumfabrykinorblina.pl\/index.php?rest_route=\/wp\/v2\/posts\/3582","targetHints":{"allow":["GET"]}}],"collection":[{"href":"https:\/\/muzeumfabrykinorblina.pl\/index.php?rest_route=\/wp\/v2\/posts"}],"about":[{"href":"https:\/\/muzeumfabrykinorblina.pl\/index.php?rest_route=\/wp\/v2\/types\/post"}],"author":[{"embeddable":true,"href":"https:\/\/muzeumfabrykinorblina.pl\/index.php?rest_route=\/wp\/v2\/users\/9"}],"replies":[{"embeddable":true,"href":"https:\/\/muzeumfabrykinorblina.pl\/index.php?rest_route=%2Fwp%2Fv2%2Fcomments&post=3582"}],"version-history":[{"count":0,"href":"https:\/\/muzeumfabrykinorblina.pl\/index.php?rest_route=\/wp\/v2\/posts\/3582\/revisions"}],"wp:featuredmedia":[{"embeddable":true,"href":"https:\/\/muzeumfabrykinorblina.pl\/index.php?rest_route=\/wp\/v2\/media\/3583"}],"wp:attachment":[{"href":"https:\/\/muzeumfabrykinorblina.pl\/index.php?rest_route=%2Fwp%2Fv2%2Fmedia&parent=3582"}],"wp:term":[{"taxonomy":"category","embeddable":true,"href":"https:\/\/muzeumfabrykinorblina.pl\/index.php?rest_route=%2Fwp%2Fv2%2Fcategories&post=3582"},{"taxonomy":"post_tag","embeddable":true,"href":"https:\/\/muzeumfabrykinorblina.pl\/index.php?rest_route=%2Fwp%2Fv2%2Ftags&post=3582"}],"curies":[{"name":"wp","href":"https:\/\/api.w.org\/{rel}","templated":true}]}}