{"id":3328,"date":"2024-10-07T07:58:07","date_gmt":"2024-10-07T07:58:07","guid":{"rendered":"https:\/\/muzeumfabrykinorblina.pl\/?p=3328"},"modified":"2025-05-19T12:55:57","modified_gmt":"2025-05-19T12:55:57","slug":"wystawa-zetrzyj-z-wlosow-pyl-bitewny-za-nami","status":"publish","type":"post","link":"https:\/\/muzeumfabrykinorblina.pl\/?p=3328","title":{"rendered":"Wystawa \u201eZetrzyj z w\u0142os\u00f3w py\u0142 bitewny\u201d za nami"},"content":{"rendered":"\n<p class=\"wp-block-paragraph\">2 pa\u017adziernika odby\u0142 si\u0119 finisa\u017c wystawy \u201eZetrzyj z w\u0142os\u00f3w py\u0142 bitewny\u201d, kt\u00f3ry zamkn\u0105\u0142 trwaj\u0105c\u0105 od 3 sierpnia ekspozycj\u0119 w przestrzeni wystawienniczej w budynku Plater.<\/p>\n\n\n\n<p class=\"wp-block-paragraph\">Wystawa, zorganizowana przez Archiwum Akt Nowych, Fundacj\u0119 Archeologia Fotografii oraz Muzeum Fabryki Norblina, prezentowa\u0142a fotografie Ryszarda Bia\u0142ousa i Tadeusza Sumi\u0144skiego \u2013 dw\u00f3ch powsta\u0144c\u00f3w, kt\u00f3rzy mimo tragicznych prze\u017cy\u0107 potrafili dostrzec otaczaj\u0105ce nas pi\u0119kno i zatrzyma\u0107 je w kadrze.<\/p>\n\n\n\n<p class=\"wp-block-paragraph\">Na wystawie mo\u017cna by\u0142o podziwia\u0107 fotografie krajobraz\u00f3w przyrody Polski i Argentyny (Patagonia) \u2013 miejsc, z kt\u00f3rymi autorzy zdj\u0119\u0107 zwi\u0105zali swoje powojenne \u017cycie. Ryszard Bia\u0142ous, dow\u00f3dca batalionu \u201eZo\u015bka\u201d, oraz Tadeusz Sumi\u0144ski, \u017co\u0142nierz tego oddzia\u0142u, przeszli powsta\u0144czy szlak bojowy z Woli przez Stare Miasto, \u015ar\u00f3dmie\u015bcie a\u017c po Czerniak\u00f3w. Po wojnie ich drogi rozesz\u0142y si\u0119 \u2013 Bia\u0142ous wyemigrowa\u0142 do Argentyny, a Sumi\u0144ski pozosta\u0142 w Polsce, gdzie zosta\u0142 zawodowym fotografikiem.<\/p>\n\n\n\n<p class=\"wp-block-paragraph\">Wystawie towarzyszy\u0142y wydarzenia, pozwalaj\u0105ce na pog\u0142\u0119bienie wiedzy na temat:<\/p>\n\n\n\n<ul class=\"wp-block-list\">\n<li><strong>\u017bycia i tw\u00f3rczo\u015bci fotograficznej Tadeusza Sumi\u0144skiego.<\/strong> 19 sierpnia odby\u0142 si\u0119 panel dyskusyjny z dr Weronik\u0105 Kobyli\u0144sk\u0105 z Fundacji Archeologii Fotografii, kt\u00f3ra przedstawi\u0142a biografi\u0119 Tadeusza Sumi\u0144skiego, natomiast dr Agnieszka Pietrzak z Archiwum Akt Nowych przybli\u017cy\u0142a jego tw\u00f3rczo\u015b\u0107. Mieli\u015bmy okazj\u0119 obejrze\u0107 zbi\u00f3r jego fotografii z r\u00f3\u017cnych cykli, w tym industrialnego.<\/li>\n\n\n\n<li><strong>Ryszarda Bia\u0142ousa, dow\u00f3dcy Batalionu \u201eZo\u015bka\u201d, i jego zwi\u0105zk\u00f3w z Argentyn\u0105.<\/strong> 18 wrze\u015bnia odby\u0142o si\u0119 spotkanie, podczas kt\u00f3rego Mariusz Olczak \u2013 historyk, dyrektor Archiwum Akt Nowych \u2013 przybli\u017cy\u0142 biografi\u0119 oficera Kedywu Armii Krajowej, a Rafa\u0142 \u0141uszczewski \u2013 profesor muzykologii \u2013 wzbogaci\u0142 wydarzenie opowie\u015bciami o Argentynie.<\/li>\n\n\n\n<li><strong>Wydarze\u0144 zwi\u0105zanych z historyczn\u0105 wystaw\u0105 \u201eWarszawa Walczy 1944 \u2013 63 dni Powstania Warszawskiego\u201d.<\/strong> 25 wrze\u015bnia odby\u0142o si\u0119 spotkanie, podczas kt\u00f3rego prelegenci: Magdalena Hartwig z Archiwum Akt Nowych oraz Artur Setniewski z Muzeum Fabryki Norblina, opowiedzieli o kulisach organizacji tej wyj\u0105tkowej ekspozycji, kt\u00f3ra mia\u0142a miejsce tu\u017c po wprowadzeniu stanu wojennego, oraz o jej znaczeniu w \u017cyciu Warszawy i Polski na pocz\u0105tku lat 80.&#8221;<\/li>\n<\/ul>\n\n\n\n<p class=\"wp-block-paragraph\">Serdecznie dzi\u0119kujemy wszystkim, kt\u00f3rzy odwiedzili nasz\u0105 wystaw\u0119 i wzi\u0119li udzia\u0142 w wydarzeniach towarzysz\u0105cych.<\/p>\n\n\n\n<p class=\"wp-block-paragraph\">Specjalne podzi\u0119kowania kierujemy do Archiwum Akt Nowych \u2013 pomys\u0142odawcy wystawy, a w szczeg\u00f3lno\u015bci do Mariusza Olczaka \u2013 dyrektora, kuratorek: Magdaleny Hartwig, dr Agnieszki Pietrzak oraz Beaty \u015awierczy\u0144skiej, odpowiedzialnej za opraw\u0119 graficzn\u0105. Dzi\u0119kujemy r\u00f3wnie\u017c Fundacji Archeologii, kt\u00f3rej prezesk\u0105 jest dr Weronika Kobyli\u0144ska, za udost\u0119pnienie fotografii na wystaw\u0119. Dzi\u0119kujemy tak\u017ce wszystkim innym osobom zaanga\u017cowanym w projekt.<\/p>\n\n\n\n<p class=\"wp-block-paragraph\">Zapraszamy do \u015bledzenia naszej strony internetowej oraz medi\u00f3w spo\u0142eczno\u015bciowych &#8211; b\u0119dziemy informowa\u0107 o kolejnych inicjatywach i wystawach organizowanych przez Muzeum Fabryki Norblina.<\/p>\n\n\n<!-- wp:themify-builder\/canvas \/-->","protected":false},"excerpt":{"rendered":"<p>2 pa\u017adziernika odby\u0142 si\u0119 finisa\u017c wystawy \u201eZetrzyj z w\u0142os\u00f3w py\u0142 bitewny\u201d, kt\u00f3ry zamkn\u0105\u0142 trwaj\u0105c\u0105 od 3 sierpnia ekspozycj\u0119 w przestrzeni wystawienniczej w budynku Plater. Wystawa, zorganizowana przez Archiwum Akt Nowych, Fundacj\u0119 Archeologia Fotografii oraz Muzeum Fabryki Norblina, prezentowa\u0142a fotografie Ryszarda Bia\u0142ousa i Tadeusza Sumi\u0144skiego \u2013 dw\u00f3ch powsta\u0144c\u00f3w, kt\u00f3rzy mimo tragicznych prze\u017cy\u0107 potrafili dostrzec otaczaj\u0105ce nas [&hellip;]<\/p>\n","protected":false},"author":10,"featured_media":3333,"comment_status":"closed","ping_status":"closed","sticky":false,"template":"","format":"standard","meta":{"_acf_changed":false,"_monsterinsights_skip_tracking":false,"footnotes":""},"categories":[29],"tags":[],"class_list":["post-3328","post","type-post","status-publish","format-standard","has-post-thumbnail","hentry","category-aktualnosci","has-post-title","has-post-date","has-post-category","has-post-tag","has-post-comment","has-post-author",""],"acf":[],"yoast_head":"<!-- This site is optimized with the Yoast SEO plugin v28.2 - https:\/\/yoast.com\/product\/yoast-seo-wordpress\/ -->\n<title>Wystawa \u201eZetrzyj z w\u0142os\u00f3w py\u0142 bitewny\u201d za nami | Muzeum Fabryki Norblina<\/title>\n<meta name=\"description\" content=\"2 pa\u017adziernika odby\u0142 si\u0119 finisa\u017c wystawy \u201eZetrzyj z w\u0142os\u00f3w py\u0142 bitewny\u201d, kt\u00f3ry zamkn\u0105\u0142 ekspozycj\u0119 w przestrzeni wystawienniczej w budynku Plater.\" \/>\n<meta name=\"robots\" content=\"index, follow, max-snippet:-1, max-image-preview:large, max-video-preview:-1\" \/>\n<link rel=\"canonical\" href=\"https:\/\/muzeumfabrykinorblina.pl\/?p=3328\" \/>\n<meta property=\"og:locale\" content=\"pl_PL\" \/>\n<meta property=\"og:type\" content=\"article\" \/>\n<meta property=\"og:title\" content=\"Wystawa \u201eZetrzyj z w\u0142os\u00f3w py\u0142 bitewny\u201d za nami | Muzeum Fabryki Norblina\" \/>\n<meta property=\"og:description\" content=\"2 pa\u017adziernika odby\u0142 si\u0119 finisa\u017c wystawy \u201eZetrzyj z w\u0142os\u00f3w py\u0142 bitewny\u201d, kt\u00f3ry zamkn\u0105\u0142 ekspozycj\u0119 w przestrzeni wystawienniczej w budynku Plater.\" \/>\n<meta property=\"og:url\" content=\"https:\/\/muzeumfabrykinorblina.pl\/?p=3328\" \/>\n<meta property=\"og:site_name\" content=\"Muzeum Fabryki Norblina\" \/>\n<meta property=\"article:publisher\" content=\"https:\/\/www.facebook.com\/MuzeumFabrykiNorblina\" \/>\n<meta property=\"article:published_time\" content=\"2024-10-07T07:58:07+00:00\" \/>\n<meta property=\"article:modified_time\" content=\"2025-05-19T12:55:57+00:00\" \/>\n<meta property=\"og:image\" content=\"https:\/\/muzeumfabrykinorblina.pl\/wp-content\/uploads\/2024\/10\/MFT_Pylbitewny_finisaz.jpg\" \/>\n\t<meta property=\"og:image:width\" content=\"1080\" \/>\n\t<meta property=\"og:image:height\" content=\"1080\" \/>\n\t<meta property=\"og:image:type\" content=\"image\/jpeg\" \/>\n<meta name=\"author\" content=\"Martyna Duli\u0144ska\" \/>\n<meta name=\"twitter:card\" content=\"summary_large_image\" \/>\n<meta name=\"twitter:label1\" content=\"Napisane przez\" \/>\n\t<meta name=\"twitter:data1\" content=\"Martyna Duli\u0144ska\" \/>\n\t<meta name=\"twitter:label2\" content=\"Szacowany czas czytania\" \/>\n\t<meta name=\"twitter:data2\" content=\"3 minuty\" \/>\n<script type=\"application\/ld+json\" class=\"yoast-schema-graph\">{\"@context\":\"https:\\\/\\\/schema.org\",\"@graph\":[{\"@type\":\"Article\",\"@id\":\"https:\\\/\\\/muzeumfabrykinorblina.pl\\\/?p=3328#article\",\"isPartOf\":{\"@id\":\"https:\\\/\\\/muzeumfabrykinorblina.pl\\\/?p=3328\"},\"author\":{\"name\":\"Martyna Duli\u0144ska\",\"@id\":\"https:\\\/\\\/muzeumfabrykinorblina.pl\\\/#\\\/schema\\\/person\\\/d2388cfb16badb46118fb26254e1173c\"},\"headline\":\"Wystawa \u201eZetrzyj z w\u0142os\u00f3w py\u0142 bitewny\u201d za nami\",\"datePublished\":\"2024-10-07T07:58:07+00:00\",\"dateModified\":\"2025-05-19T12:55:57+00:00\",\"mainEntityOfPage\":{\"@id\":\"https:\\\/\\\/muzeumfabrykinorblina.pl\\\/?p=3328\"},\"wordCount\":459,\"publisher\":{\"@id\":\"https:\\\/\\\/muzeumfabrykinorblina.pl\\\/#organization\"},\"image\":{\"@id\":\"https:\\\/\\\/muzeumfabrykinorblina.pl\\\/?p=3328#primaryimage\"},\"thumbnailUrl\":\"https:\\\/\\\/muzeumfabrykinorblina.pl\\\/wp-content\\\/uploads\\\/2024\\\/10\\\/MFT_Pylbitewny_finisaz.jpg\",\"articleSection\":[\"Aktualno\u015bci\"],\"inLanguage\":\"pl-PL\"},{\"@type\":\"WebPage\",\"@id\":\"https:\\\/\\\/muzeumfabrykinorblina.pl\\\/?p=3328\",\"url\":\"https:\\\/\\\/muzeumfabrykinorblina.pl\\\/?p=3328\",\"name\":\"Wystawa \u201eZetrzyj z w\u0142os\u00f3w py\u0142 bitewny\u201d za nami | Muzeum Fabryki Norblina\",\"isPartOf\":{\"@id\":\"https:\\\/\\\/muzeumfabrykinorblina.pl\\\/#website\"},\"primaryImageOfPage\":{\"@id\":\"https:\\\/\\\/muzeumfabrykinorblina.pl\\\/?p=3328#primaryimage\"},\"image\":{\"@id\":\"https:\\\/\\\/muzeumfabrykinorblina.pl\\\/?p=3328#primaryimage\"},\"thumbnailUrl\":\"https:\\\/\\\/muzeumfabrykinorblina.pl\\\/wp-content\\\/uploads\\\/2024\\\/10\\\/MFT_Pylbitewny_finisaz.jpg\",\"datePublished\":\"2024-10-07T07:58:07+00:00\",\"dateModified\":\"2025-05-19T12:55:57+00:00\",\"description\":\"2 pa\u017adziernika odby\u0142 si\u0119 finisa\u017c wystawy \u201eZetrzyj z w\u0142os\u00f3w py\u0142 bitewny\u201d, kt\u00f3ry zamkn\u0105\u0142 ekspozycj\u0119 w przestrzeni wystawienniczej w budynku Plater.\",\"breadcrumb\":{\"@id\":\"https:\\\/\\\/muzeumfabrykinorblina.pl\\\/?p=3328#breadcrumb\"},\"inLanguage\":\"pl-PL\",\"potentialAction\":[{\"@type\":\"ReadAction\",\"target\":[\"https:\\\/\\\/muzeumfabrykinorblina.pl\\\/?p=3328\"]}]},{\"@type\":\"ImageObject\",\"inLanguage\":\"pl-PL\",\"@id\":\"https:\\\/\\\/muzeumfabrykinorblina.pl\\\/?p=3328#primaryimage\",\"url\":\"https:\\\/\\\/muzeumfabrykinorblina.pl\\\/wp-content\\\/uploads\\\/2024\\\/10\\\/MFT_Pylbitewny_finisaz.jpg\",\"contentUrl\":\"https:\\\/\\\/muzeumfabrykinorblina.pl\\\/wp-content\\\/uploads\\\/2024\\\/10\\\/MFT_Pylbitewny_finisaz.jpg\",\"width\":1080,\"height\":1080},{\"@type\":\"BreadcrumbList\",\"@id\":\"https:\\\/\\\/muzeumfabrykinorblina.pl\\\/?p=3328#breadcrumb\",\"itemListElement\":[{\"@type\":\"ListItem\",\"position\":1,\"name\":\"Strona g\u0142\u00f3wna\",\"item\":\"https:\\\/\\\/muzeumfabrykinorblina.pl\\\/\"},{\"@type\":\"ListItem\",\"position\":2,\"name\":\"Wystawa \u201eZetrzyj z w\u0142os\u00f3w py\u0142 bitewny\u201d za nami\"}]},{\"@type\":\"WebSite\",\"@id\":\"https:\\\/\\\/muzeumfabrykinorblina.pl\\\/#website\",\"url\":\"https:\\\/\\\/muzeumfabrykinorblina.pl\\\/\",\"name\":\"Muzeum Fabryki Norblina\",\"description\":\"Fabryka Norblina\",\"publisher\":{\"@id\":\"https:\\\/\\\/muzeumfabrykinorblina.pl\\\/#organization\"},\"potentialAction\":[{\"@type\":\"SearchAction\",\"target\":{\"@type\":\"EntryPoint\",\"urlTemplate\":\"https:\\\/\\\/muzeumfabrykinorblina.pl\\\/?s={search_term_string}\"},\"query-input\":{\"@type\":\"PropertyValueSpecification\",\"valueRequired\":true,\"valueName\":\"search_term_string\"}}],\"inLanguage\":\"pl-PL\"},{\"@type\":\"Organization\",\"@id\":\"https:\\\/\\\/muzeumfabrykinorblina.pl\\\/#organization\",\"name\":\"Muzeum Fabryki Norblina\",\"url\":\"https:\\\/\\\/muzeumfabrykinorblina.pl\\\/\",\"logo\":{\"@type\":\"ImageObject\",\"inLanguage\":\"pl-PL\",\"@id\":\"https:\\\/\\\/muzeumfabrykinorblina.pl\\\/#\\\/schema\\\/logo\\\/image\\\/\",\"url\":\"https:\\\/\\\/muzeumfabrykinorblina.pl\\\/wp-content\\\/uploads\\\/2023\\\/11\\\/MFN_Featured-image_1200x675.jpg\",\"contentUrl\":\"https:\\\/\\\/muzeumfabrykinorblina.pl\\\/wp-content\\\/uploads\\\/2023\\\/11\\\/MFN_Featured-image_1200x675.jpg\",\"width\":1200,\"height\":675,\"caption\":\"Muzeum Fabryki Norblina\"},\"image\":{\"@id\":\"https:\\\/\\\/muzeumfabrykinorblina.pl\\\/#\\\/schema\\\/logo\\\/image\\\/\"},\"sameAs\":[\"https:\\\/\\\/www.facebook.com\\\/MuzeumFabrykiNorblina\",\"https:\\\/\\\/www.instagram.com\\\/muzeumfabrykinorblina\\\/\"]},{\"@type\":\"Person\",\"@id\":\"https:\\\/\\\/muzeumfabrykinorblina.pl\\\/#\\\/schema\\\/person\\\/d2388cfb16badb46118fb26254e1173c\",\"name\":\"Martyna Duli\u0144ska\",\"image\":{\"@type\":\"ImageObject\",\"inLanguage\":\"pl-PL\",\"@id\":\"https:\\\/\\\/secure.gravatar.com\\\/avatar\\\/f08f1cb0c3aeb559afa32edd699f0994e6cd15357a85ab67dd3506224ed9f76b?s=96&d=mm&r=g\",\"url\":\"https:\\\/\\\/secure.gravatar.com\\\/avatar\\\/f08f1cb0c3aeb559afa32edd699f0994e6cd15357a85ab67dd3506224ed9f76b?s=96&d=mm&r=g\",\"contentUrl\":\"https:\\\/\\\/secure.gravatar.com\\\/avatar\\\/f08f1cb0c3aeb559afa32edd699f0994e6cd15357a85ab67dd3506224ed9f76b?s=96&d=mm&r=g\",\"caption\":\"Martyna Duli\u0144ska\"},\"url\":\"https:\\\/\\\/muzeumfabrykinorblina.pl\\\/?author=10\"}]}<\/script>\n<!-- \/ Yoast SEO plugin. -->","yoast_head_json":{"title":"Wystawa \u201eZetrzyj z w\u0142os\u00f3w py\u0142 bitewny\u201d za nami | Muzeum Fabryki Norblina","description":"2 pa\u017adziernika odby\u0142 si\u0119 finisa\u017c wystawy \u201eZetrzyj z w\u0142os\u00f3w py\u0142 bitewny\u201d, kt\u00f3ry zamkn\u0105\u0142 ekspozycj\u0119 w przestrzeni wystawienniczej w budynku Plater.","robots":{"index":"index","follow":"follow","max-snippet":"max-snippet:-1","max-image-preview":"max-image-preview:large","max-video-preview":"max-video-preview:-1"},"canonical":"https:\/\/muzeumfabrykinorblina.pl\/?p=3328","og_locale":"pl_PL","og_type":"article","og_title":"Wystawa \u201eZetrzyj z w\u0142os\u00f3w py\u0142 bitewny\u201d za nami | Muzeum Fabryki Norblina","og_description":"2 pa\u017adziernika odby\u0142 si\u0119 finisa\u017c wystawy \u201eZetrzyj z w\u0142os\u00f3w py\u0142 bitewny\u201d, kt\u00f3ry zamkn\u0105\u0142 ekspozycj\u0119 w przestrzeni wystawienniczej w budynku Plater.","og_url":"https:\/\/muzeumfabrykinorblina.pl\/?p=3328","og_site_name":"Muzeum Fabryki Norblina","article_publisher":"https:\/\/www.facebook.com\/MuzeumFabrykiNorblina","article_published_time":"2024-10-07T07:58:07+00:00","article_modified_time":"2025-05-19T12:55:57+00:00","og_image":[{"width":1080,"height":1080,"url":"https:\/\/muzeumfabrykinorblina.pl\/wp-content\/uploads\/2024\/10\/MFT_Pylbitewny_finisaz.jpg","type":"image\/jpeg"}],"author":"Martyna Duli\u0144ska","twitter_card":"summary_large_image","twitter_misc":{"Napisane przez":"Martyna Duli\u0144ska","Szacowany czas czytania":"3 minuty"},"schema":{"@context":"https:\/\/schema.org","@graph":[{"@type":"Article","@id":"https:\/\/muzeumfabrykinorblina.pl\/?p=3328#article","isPartOf":{"@id":"https:\/\/muzeumfabrykinorblina.pl\/?p=3328"},"author":{"name":"Martyna Duli\u0144ska","@id":"https:\/\/muzeumfabrykinorblina.pl\/#\/schema\/person\/d2388cfb16badb46118fb26254e1173c"},"headline":"Wystawa \u201eZetrzyj z w\u0142os\u00f3w py\u0142 bitewny\u201d za nami","datePublished":"2024-10-07T07:58:07+00:00","dateModified":"2025-05-19T12:55:57+00:00","mainEntityOfPage":{"@id":"https:\/\/muzeumfabrykinorblina.pl\/?p=3328"},"wordCount":459,"publisher":{"@id":"https:\/\/muzeumfabrykinorblina.pl\/#organization"},"image":{"@id":"https:\/\/muzeumfabrykinorblina.pl\/?p=3328#primaryimage"},"thumbnailUrl":"https:\/\/muzeumfabrykinorblina.pl\/wp-content\/uploads\/2024\/10\/MFT_Pylbitewny_finisaz.jpg","articleSection":["Aktualno\u015bci"],"inLanguage":"pl-PL"},{"@type":"WebPage","@id":"https:\/\/muzeumfabrykinorblina.pl\/?p=3328","url":"https:\/\/muzeumfabrykinorblina.pl\/?p=3328","name":"Wystawa \u201eZetrzyj z w\u0142os\u00f3w py\u0142 bitewny\u201d za nami | Muzeum Fabryki Norblina","isPartOf":{"@id":"https:\/\/muzeumfabrykinorblina.pl\/#website"},"primaryImageOfPage":{"@id":"https:\/\/muzeumfabrykinorblina.pl\/?p=3328#primaryimage"},"image":{"@id":"https:\/\/muzeumfabrykinorblina.pl\/?p=3328#primaryimage"},"thumbnailUrl":"https:\/\/muzeumfabrykinorblina.pl\/wp-content\/uploads\/2024\/10\/MFT_Pylbitewny_finisaz.jpg","datePublished":"2024-10-07T07:58:07+00:00","dateModified":"2025-05-19T12:55:57+00:00","description":"2 pa\u017adziernika odby\u0142 si\u0119 finisa\u017c wystawy \u201eZetrzyj z w\u0142os\u00f3w py\u0142 bitewny\u201d, kt\u00f3ry zamkn\u0105\u0142 ekspozycj\u0119 w przestrzeni wystawienniczej w budynku Plater.","breadcrumb":{"@id":"https:\/\/muzeumfabrykinorblina.pl\/?p=3328#breadcrumb"},"inLanguage":"pl-PL","potentialAction":[{"@type":"ReadAction","target":["https:\/\/muzeumfabrykinorblina.pl\/?p=3328"]}]},{"@type":"ImageObject","inLanguage":"pl-PL","@id":"https:\/\/muzeumfabrykinorblina.pl\/?p=3328#primaryimage","url":"https:\/\/muzeumfabrykinorblina.pl\/wp-content\/uploads\/2024\/10\/MFT_Pylbitewny_finisaz.jpg","contentUrl":"https:\/\/muzeumfabrykinorblina.pl\/wp-content\/uploads\/2024\/10\/MFT_Pylbitewny_finisaz.jpg","width":1080,"height":1080},{"@type":"BreadcrumbList","@id":"https:\/\/muzeumfabrykinorblina.pl\/?p=3328#breadcrumb","itemListElement":[{"@type":"ListItem","position":1,"name":"Strona g\u0142\u00f3wna","item":"https:\/\/muzeumfabrykinorblina.pl\/"},{"@type":"ListItem","position":2,"name":"Wystawa \u201eZetrzyj z w\u0142os\u00f3w py\u0142 bitewny\u201d za nami"}]},{"@type":"WebSite","@id":"https:\/\/muzeumfabrykinorblina.pl\/#website","url":"https:\/\/muzeumfabrykinorblina.pl\/","name":"Muzeum Fabryki Norblina","description":"Fabryka Norblina","publisher":{"@id":"https:\/\/muzeumfabrykinorblina.pl\/#organization"},"potentialAction":[{"@type":"SearchAction","target":{"@type":"EntryPoint","urlTemplate":"https:\/\/muzeumfabrykinorblina.pl\/?s={search_term_string}"},"query-input":{"@type":"PropertyValueSpecification","valueRequired":true,"valueName":"search_term_string"}}],"inLanguage":"pl-PL"},{"@type":"Organization","@id":"https:\/\/muzeumfabrykinorblina.pl\/#organization","name":"Muzeum Fabryki Norblina","url":"https:\/\/muzeumfabrykinorblina.pl\/","logo":{"@type":"ImageObject","inLanguage":"pl-PL","@id":"https:\/\/muzeumfabrykinorblina.pl\/#\/schema\/logo\/image\/","url":"https:\/\/muzeumfabrykinorblina.pl\/wp-content\/uploads\/2023\/11\/MFN_Featured-image_1200x675.jpg","contentUrl":"https:\/\/muzeumfabrykinorblina.pl\/wp-content\/uploads\/2023\/11\/MFN_Featured-image_1200x675.jpg","width":1200,"height":675,"caption":"Muzeum Fabryki Norblina"},"image":{"@id":"https:\/\/muzeumfabrykinorblina.pl\/#\/schema\/logo\/image\/"},"sameAs":["https:\/\/www.facebook.com\/MuzeumFabrykiNorblina","https:\/\/www.instagram.com\/muzeumfabrykinorblina\/"]},{"@type":"Person","@id":"https:\/\/muzeumfabrykinorblina.pl\/#\/schema\/person\/d2388cfb16badb46118fb26254e1173c","name":"Martyna Duli\u0144ska","image":{"@type":"ImageObject","inLanguage":"pl-PL","@id":"https:\/\/secure.gravatar.com\/avatar\/f08f1cb0c3aeb559afa32edd699f0994e6cd15357a85ab67dd3506224ed9f76b?s=96&d=mm&r=g","url":"https:\/\/secure.gravatar.com\/avatar\/f08f1cb0c3aeb559afa32edd699f0994e6cd15357a85ab67dd3506224ed9f76b?s=96&d=mm&r=g","contentUrl":"https:\/\/secure.gravatar.com\/avatar\/f08f1cb0c3aeb559afa32edd699f0994e6cd15357a85ab67dd3506224ed9f76b?s=96&d=mm&r=g","caption":"Martyna Duli\u0144ska"},"url":"https:\/\/muzeumfabrykinorblina.pl\/?author=10"}]}},"lang":"pl","translations":{"pl":3328},"builder_content":"","pll_sync_post":{},"_links":{"self":[{"href":"https:\/\/muzeumfabrykinorblina.pl\/index.php?rest_route=\/wp\/v2\/posts\/3328","targetHints":{"allow":["GET"]}}],"collection":[{"href":"https:\/\/muzeumfabrykinorblina.pl\/index.php?rest_route=\/wp\/v2\/posts"}],"about":[{"href":"https:\/\/muzeumfabrykinorblina.pl\/index.php?rest_route=\/wp\/v2\/types\/post"}],"author":[{"embeddable":true,"href":"https:\/\/muzeumfabrykinorblina.pl\/index.php?rest_route=\/wp\/v2\/users\/10"}],"replies":[{"embeddable":true,"href":"https:\/\/muzeumfabrykinorblina.pl\/index.php?rest_route=%2Fwp%2Fv2%2Fcomments&post=3328"}],"version-history":[{"count":0,"href":"https:\/\/muzeumfabrykinorblina.pl\/index.php?rest_route=\/wp\/v2\/posts\/3328\/revisions"}],"wp:featuredmedia":[{"embeddable":true,"href":"https:\/\/muzeumfabrykinorblina.pl\/index.php?rest_route=\/wp\/v2\/media\/3333"}],"wp:attachment":[{"href":"https:\/\/muzeumfabrykinorblina.pl\/index.php?rest_route=%2Fwp%2Fv2%2Fmedia&parent=3328"}],"wp:term":[{"taxonomy":"category","embeddable":true,"href":"https:\/\/muzeumfabrykinorblina.pl\/index.php?rest_route=%2Fwp%2Fv2%2Fcategories&post=3328"},{"taxonomy":"post_tag","embeddable":true,"href":"https:\/\/muzeumfabrykinorblina.pl\/index.php?rest_route=%2Fwp%2Fv2%2Ftags&post=3328"}],"curies":[{"name":"wp","href":"https:\/\/api.w.org\/{rel}","templated":true}]}}