{"id":3320,"date":"2024-08-18T12:17:00","date_gmt":"2024-08-18T12:17:00","guid":{"rendered":"https:\/\/muzeumfabrykinorblina.pl\/?p=3320"},"modified":"2025-05-19T12:53:21","modified_gmt":"2025-05-19T12:53:21","slug":"spotkanie-z-okazji-swiatowego-dnia-fotografii","status":"publish","type":"post","link":"https:\/\/muzeumfabrykinorblina.pl\/?p=3320","title":{"rendered":"\u015awiatowy Dzie\u0144 Fotografii w Muzeum Fabryki Norblina"},"content":{"rendered":"\n<p class=\"wp-block-paragraph\">Z okazji \u015awiatowego Dnia Fotografii, przypadaj\u0105cego 19 sierpnia, serdecznie zapraszamy na spotkanie w Fabryce Norblina, organizowane wsp\u00f3lnie przez Archiwum Akt Nowych, Fundacj\u0119 Archeologii Fotografii oraz Muzeum Fabryki Norblina.<\/p>\n\n\n\n<p class=\"wp-block-paragraph\">W ramach spotkania, kt\u00f3re odb\u0119dzie si\u0119 w formie panelu dyskusyjnego, zostanie przedstawiona tw\u00f3rczo\u015b\u0107 i \u017cycie Tadeusza Sumi\u0144skiego \u2013 \u017co\u0142nierza batalionu \u201eZo\u015bka\u201d oraz wybitnego fotografa. Podczas wydarzenia, nasi go\u015bcie \u2013 dr Weronika Kobyli\u0144ska (FAF) oraz dr Agnieszka Pietrzak (AAN) \u2013 zaprezentuj\u0105 nie tylko dorobek artystyczny Sumi\u0144skiego, ale tak\u017ce jego niezwyk\u0142\u0105 histori\u0119 zwi\u0105zan\u0105 z Powstaniem Warszawskim i powojenn\u0105 dzia\u0142alno\u015bci\u0105 fotograficzn\u0105.<\/p>\n\n\n\n<p class=\"wp-block-paragraph\">Tadeusz Sumi\u0144ski, znany pod pseudonimem \u201eLeszczyc\u201d, po zako\u0144czeniu II wojny \u015bwiatowej i do\u015bwiadczeniach obozu jenieckiego, po\u015bwi\u0119ci\u0142 si\u0119 fotografii. By\u0142 cz\u0142onkiem Zwi\u0105zku Polskich Artyst\u00f3w Fotografik\u00f3w, a jego prace, utrzymane w stylu dokumentalnej czarno-bia\u0142ej fotografii, ukazuj\u0105 polskie krajobrazy i \u017cycie w powojennej Polsce.<\/p>\n\n\n\n<p class=\"wp-block-paragraph\"><strong>Data:<\/strong> 19 sierpnia, godz. 18:00<br><strong>Miejsce:<\/strong> Fabryka Norblina, ul. \u017belazna 51\/53, Warszawa<br>(Budynek Plater, poziom 0: Namiarownia, naprzeciw schod\u00f3w ruchomych)<br><strong>Wst\u0119p:<\/strong> Wolny!<br><strong>Wydarzenie towarzysz\u0105ce wystawie:<\/strong> \u201eZetrzyj z w\u0142os\u00f3w py\u0142 bitewny\u201d<\/p>\n\n\n\n<p class=\"wp-block-paragraph\">Zach\u0119camy do udzia\u0142u i odkrycia fascynuj\u0105cej historii Tadeusza Sumi\u0144skiego \u2013 cz\u0142owieka, kt\u00f3ry po\u015bwi\u0119ci\u0142 swoje \u017cycie zar\u00f3wno walce o wolno\u015b\u0107, jak i pasji fotografii.<\/p>\n\n\n<!-- wp:themify-builder\/canvas \/-->","protected":false},"excerpt":{"rendered":"<p>Z okazji \u015awiatowego Dnia Fotografii, przypadaj\u0105cego 19 sierpnia, serdecznie zapraszamy na spotkanie w Fabryce Norblina, organizowane wsp\u00f3lnie przez Archiwum Akt Nowych, Fundacj\u0119 Archeologii Fotografii oraz Muzeum Fabryki Norblina. W ramach spotkania, kt\u00f3re odb\u0119dzie si\u0119 w formie panelu dyskusyjnego, zostanie przedstawiona tw\u00f3rczo\u015b\u0107 i \u017cycie Tadeusza Sumi\u0144skiego \u2013 \u017co\u0142nierza batalionu \u201eZo\u015bka\u201d oraz wybitnego fotografa. Podczas wydarzenia, nasi [&hellip;]<\/p>\n","protected":false},"author":9,"featured_media":3321,"comment_status":"closed","ping_status":"closed","sticky":false,"template":"","format":"standard","meta":{"_acf_changed":false,"_monsterinsights_skip_tracking":false,"footnotes":""},"categories":[29],"tags":[],"class_list":["post-3320","post","type-post","status-publish","format-standard","has-post-thumbnail","hentry","category-aktualnosci","has-post-title","has-post-date","has-post-category","has-post-tag","has-post-comment","has-post-author",""],"acf":[],"yoast_head":"<!-- This site is optimized with the Yoast SEO plugin v28.2 - https:\/\/yoast.com\/product\/yoast-seo-wordpress\/ -->\n<title>\u015awiatowy Dzie\u0144 Fotografii w Muzeum Fabryki Norblina | Muzeum Fabryki Norblina<\/title>\n<meta name=\"robots\" content=\"index, follow, max-snippet:-1, max-image-preview:large, max-video-preview:-1\" \/>\n<link rel=\"canonical\" href=\"https:\/\/muzeumfabrykinorblina.pl\/?p=3320\" \/>\n<meta property=\"og:locale\" content=\"pl_PL\" \/>\n<meta property=\"og:type\" content=\"article\" \/>\n<meta property=\"og:title\" content=\"\u015awiatowy Dzie\u0144 Fotografii w Muzeum Fabryki Norblina | Muzeum Fabryki Norblina\" \/>\n<meta property=\"og:description\" content=\"Z okazji \u015awiatowego Dnia Fotografii, przypadaj\u0105cego 19 sierpnia, serdecznie zapraszamy na spotkanie w Fabryce Norblina, organizowane wsp\u00f3lnie przez Archiwum Akt Nowych, Fundacj\u0119 Archeologii Fotografii oraz Muzeum Fabryki Norblina. W ramach spotkania, kt\u00f3re odb\u0119dzie si\u0119 w formie panelu dyskusyjnego, zostanie przedstawiona tw\u00f3rczo\u015b\u0107 i \u017cycie Tadeusza Sumi\u0144skiego \u2013 \u017co\u0142nierza batalionu \u201eZo\u015bka\u201d oraz wybitnego fotografa. Podczas wydarzenia, nasi [&hellip;]\" \/>\n<meta property=\"og:url\" content=\"https:\/\/muzeumfabrykinorblina.pl\/?p=3320\" \/>\n<meta property=\"og:site_name\" content=\"Muzeum Fabryki Norblina\" \/>\n<meta property=\"article:publisher\" content=\"https:\/\/www.facebook.com\/MuzeumFabrykiNorblina\" \/>\n<meta property=\"article:published_time\" content=\"2024-08-18T12:17:00+00:00\" \/>\n<meta property=\"article:modified_time\" content=\"2025-05-19T12:53:21+00:00\" \/>\n<meta property=\"og:image\" content=\"https:\/\/muzeumfabrykinorblina.pl\/wp-content\/uploads\/2024\/10\/MFN_SwiatowyDzienFotografii.jpg\" \/>\n\t<meta property=\"og:image:width\" content=\"1080\" \/>\n\t<meta property=\"og:image:height\" content=\"1080\" \/>\n\t<meta property=\"og:image:type\" content=\"image\/jpeg\" \/>\n<meta name=\"author\" content=\"Agata Ilnicka\" \/>\n<meta name=\"twitter:card\" content=\"summary_large_image\" \/>\n<meta name=\"twitter:label1\" content=\"Napisane przez\" \/>\n\t<meta name=\"twitter:data1\" content=\"Agata Ilnicka\" \/>\n\t<meta name=\"twitter:label2\" content=\"Szacowany czas czytania\" \/>\n\t<meta name=\"twitter:data2\" content=\"2 minuty\" \/>\n<script type=\"application\/ld+json\" class=\"yoast-schema-graph\">{\"@context\":\"https:\\\/\\\/schema.org\",\"@graph\":[{\"@type\":\"Article\",\"@id\":\"https:\\\/\\\/muzeumfabrykinorblina.pl\\\/?p=3320#article\",\"isPartOf\":{\"@id\":\"https:\\\/\\\/muzeumfabrykinorblina.pl\\\/?p=3320\"},\"author\":{\"name\":\"Agata Ilnicka\",\"@id\":\"https:\\\/\\\/muzeumfabrykinorblina.pl\\\/#\\\/schema\\\/person\\\/4f1632ef79031887e0e24c4ea9d3472e\"},\"headline\":\"\u015awiatowy Dzie\u0144 Fotografii w Muzeum Fabryki Norblina\",\"datePublished\":\"2024-08-18T12:17:00+00:00\",\"dateModified\":\"2025-05-19T12:53:21+00:00\",\"mainEntityOfPage\":{\"@id\":\"https:\\\/\\\/muzeumfabrykinorblina.pl\\\/?p=3320\"},\"wordCount\":217,\"publisher\":{\"@id\":\"https:\\\/\\\/muzeumfabrykinorblina.pl\\\/#organization\"},\"image\":{\"@id\":\"https:\\\/\\\/muzeumfabrykinorblina.pl\\\/?p=3320#primaryimage\"},\"thumbnailUrl\":\"https:\\\/\\\/muzeumfabrykinorblina.pl\\\/wp-content\\\/uploads\\\/2024\\\/10\\\/MFN_SwiatowyDzienFotografii.jpg\",\"articleSection\":[\"Aktualno\u015bci\"],\"inLanguage\":\"pl-PL\"},{\"@type\":\"WebPage\",\"@id\":\"https:\\\/\\\/muzeumfabrykinorblina.pl\\\/?p=3320\",\"url\":\"https:\\\/\\\/muzeumfabrykinorblina.pl\\\/?p=3320\",\"name\":\"\u015awiatowy Dzie\u0144 Fotografii w Muzeum Fabryki Norblina | Muzeum Fabryki Norblina\",\"isPartOf\":{\"@id\":\"https:\\\/\\\/muzeumfabrykinorblina.pl\\\/#website\"},\"primaryImageOfPage\":{\"@id\":\"https:\\\/\\\/muzeumfabrykinorblina.pl\\\/?p=3320#primaryimage\"},\"image\":{\"@id\":\"https:\\\/\\\/muzeumfabrykinorblina.pl\\\/?p=3320#primaryimage\"},\"thumbnailUrl\":\"https:\\\/\\\/muzeumfabrykinorblina.pl\\\/wp-content\\\/uploads\\\/2024\\\/10\\\/MFN_SwiatowyDzienFotografii.jpg\",\"datePublished\":\"2024-08-18T12:17:00+00:00\",\"dateModified\":\"2025-05-19T12:53:21+00:00\",\"breadcrumb\":{\"@id\":\"https:\\\/\\\/muzeumfabrykinorblina.pl\\\/?p=3320#breadcrumb\"},\"inLanguage\":\"pl-PL\",\"potentialAction\":[{\"@type\":\"ReadAction\",\"target\":[\"https:\\\/\\\/muzeumfabrykinorblina.pl\\\/?p=3320\"]}]},{\"@type\":\"ImageObject\",\"inLanguage\":\"pl-PL\",\"@id\":\"https:\\\/\\\/muzeumfabrykinorblina.pl\\\/?p=3320#primaryimage\",\"url\":\"https:\\\/\\\/muzeumfabrykinorblina.pl\\\/wp-content\\\/uploads\\\/2024\\\/10\\\/MFN_SwiatowyDzienFotografii.jpg\",\"contentUrl\":\"https:\\\/\\\/muzeumfabrykinorblina.pl\\\/wp-content\\\/uploads\\\/2024\\\/10\\\/MFN_SwiatowyDzienFotografii.jpg\",\"width\":1080,\"height\":1080},{\"@type\":\"BreadcrumbList\",\"@id\":\"https:\\\/\\\/muzeumfabrykinorblina.pl\\\/?p=3320#breadcrumb\",\"itemListElement\":[{\"@type\":\"ListItem\",\"position\":1,\"name\":\"Strona g\u0142\u00f3wna\",\"item\":\"https:\\\/\\\/muzeumfabrykinorblina.pl\\\/\"},{\"@type\":\"ListItem\",\"position\":2,\"name\":\"\u015awiatowy Dzie\u0144 Fotografii w Muzeum Fabryki Norblina\"}]},{\"@type\":\"WebSite\",\"@id\":\"https:\\\/\\\/muzeumfabrykinorblina.pl\\\/#website\",\"url\":\"https:\\\/\\\/muzeumfabrykinorblina.pl\\\/\",\"name\":\"Muzeum Fabryki Norblina\",\"description\":\"Fabryka Norblina\",\"publisher\":{\"@id\":\"https:\\\/\\\/muzeumfabrykinorblina.pl\\\/#organization\"},\"potentialAction\":[{\"@type\":\"SearchAction\",\"target\":{\"@type\":\"EntryPoint\",\"urlTemplate\":\"https:\\\/\\\/muzeumfabrykinorblina.pl\\\/?s={search_term_string}\"},\"query-input\":{\"@type\":\"PropertyValueSpecification\",\"valueRequired\":true,\"valueName\":\"search_term_string\"}}],\"inLanguage\":\"pl-PL\"},{\"@type\":\"Organization\",\"@id\":\"https:\\\/\\\/muzeumfabrykinorblina.pl\\\/#organization\",\"name\":\"Muzeum Fabryki Norblina\",\"url\":\"https:\\\/\\\/muzeumfabrykinorblina.pl\\\/\",\"logo\":{\"@type\":\"ImageObject\",\"inLanguage\":\"pl-PL\",\"@id\":\"https:\\\/\\\/muzeumfabrykinorblina.pl\\\/#\\\/schema\\\/logo\\\/image\\\/\",\"url\":\"https:\\\/\\\/muzeumfabrykinorblina.pl\\\/wp-content\\\/uploads\\\/2023\\\/11\\\/MFN_Featured-image_1200x675.jpg\",\"contentUrl\":\"https:\\\/\\\/muzeumfabrykinorblina.pl\\\/wp-content\\\/uploads\\\/2023\\\/11\\\/MFN_Featured-image_1200x675.jpg\",\"width\":1200,\"height\":675,\"caption\":\"Muzeum Fabryki Norblina\"},\"image\":{\"@id\":\"https:\\\/\\\/muzeumfabrykinorblina.pl\\\/#\\\/schema\\\/logo\\\/image\\\/\"},\"sameAs\":[\"https:\\\/\\\/www.facebook.com\\\/MuzeumFabrykiNorblina\",\"https:\\\/\\\/www.instagram.com\\\/muzeumfabrykinorblina\\\/\"]},{\"@type\":\"Person\",\"@id\":\"https:\\\/\\\/muzeumfabrykinorblina.pl\\\/#\\\/schema\\\/person\\\/4f1632ef79031887e0e24c4ea9d3472e\",\"name\":\"Agata Ilnicka\",\"image\":{\"@type\":\"ImageObject\",\"inLanguage\":\"pl-PL\",\"@id\":\"https:\\\/\\\/secure.gravatar.com\\\/avatar\\\/0c850e3cc969e3bec61971337ea044add4e3b6da745c50448fbab5c86b0b85d9?s=96&d=mm&r=g\",\"url\":\"https:\\\/\\\/secure.gravatar.com\\\/avatar\\\/0c850e3cc969e3bec61971337ea044add4e3b6da745c50448fbab5c86b0b85d9?s=96&d=mm&r=g\",\"contentUrl\":\"https:\\\/\\\/secure.gravatar.com\\\/avatar\\\/0c850e3cc969e3bec61971337ea044add4e3b6da745c50448fbab5c86b0b85d9?s=96&d=mm&r=g\",\"caption\":\"Agata Ilnicka\"},\"url\":\"https:\\\/\\\/muzeumfabrykinorblina.pl\\\/?author=9\"}]}<\/script>\n<!-- \/ Yoast SEO plugin. -->","yoast_head_json":{"title":"\u015awiatowy Dzie\u0144 Fotografii w Muzeum Fabryki Norblina | Muzeum Fabryki Norblina","robots":{"index":"index","follow":"follow","max-snippet":"max-snippet:-1","max-image-preview":"max-image-preview:large","max-video-preview":"max-video-preview:-1"},"canonical":"https:\/\/muzeumfabrykinorblina.pl\/?p=3320","og_locale":"pl_PL","og_type":"article","og_title":"\u015awiatowy Dzie\u0144 Fotografii w Muzeum Fabryki Norblina | Muzeum Fabryki Norblina","og_description":"Z okazji \u015awiatowego Dnia Fotografii, przypadaj\u0105cego 19 sierpnia, serdecznie zapraszamy na spotkanie w Fabryce Norblina, organizowane wsp\u00f3lnie przez Archiwum Akt Nowych, Fundacj\u0119 Archeologii Fotografii oraz Muzeum Fabryki Norblina. W ramach spotkania, kt\u00f3re odb\u0119dzie si\u0119 w formie panelu dyskusyjnego, zostanie przedstawiona tw\u00f3rczo\u015b\u0107 i \u017cycie Tadeusza Sumi\u0144skiego \u2013 \u017co\u0142nierza batalionu \u201eZo\u015bka\u201d oraz wybitnego fotografa. Podczas wydarzenia, nasi [&hellip;]","og_url":"https:\/\/muzeumfabrykinorblina.pl\/?p=3320","og_site_name":"Muzeum Fabryki Norblina","article_publisher":"https:\/\/www.facebook.com\/MuzeumFabrykiNorblina","article_published_time":"2024-08-18T12:17:00+00:00","article_modified_time":"2025-05-19T12:53:21+00:00","og_image":[{"width":1080,"height":1080,"url":"https:\/\/muzeumfabrykinorblina.pl\/wp-content\/uploads\/2024\/10\/MFN_SwiatowyDzienFotografii.jpg","type":"image\/jpeg"}],"author":"Agata Ilnicka","twitter_card":"summary_large_image","twitter_misc":{"Napisane przez":"Agata Ilnicka","Szacowany czas czytania":"2 minuty"},"schema":{"@context":"https:\/\/schema.org","@graph":[{"@type":"Article","@id":"https:\/\/muzeumfabrykinorblina.pl\/?p=3320#article","isPartOf":{"@id":"https:\/\/muzeumfabrykinorblina.pl\/?p=3320"},"author":{"name":"Agata Ilnicka","@id":"https:\/\/muzeumfabrykinorblina.pl\/#\/schema\/person\/4f1632ef79031887e0e24c4ea9d3472e"},"headline":"\u015awiatowy Dzie\u0144 Fotografii w Muzeum Fabryki Norblina","datePublished":"2024-08-18T12:17:00+00:00","dateModified":"2025-05-19T12:53:21+00:00","mainEntityOfPage":{"@id":"https:\/\/muzeumfabrykinorblina.pl\/?p=3320"},"wordCount":217,"publisher":{"@id":"https:\/\/muzeumfabrykinorblina.pl\/#organization"},"image":{"@id":"https:\/\/muzeumfabrykinorblina.pl\/?p=3320#primaryimage"},"thumbnailUrl":"https:\/\/muzeumfabrykinorblina.pl\/wp-content\/uploads\/2024\/10\/MFN_SwiatowyDzienFotografii.jpg","articleSection":["Aktualno\u015bci"],"inLanguage":"pl-PL"},{"@type":"WebPage","@id":"https:\/\/muzeumfabrykinorblina.pl\/?p=3320","url":"https:\/\/muzeumfabrykinorblina.pl\/?p=3320","name":"\u015awiatowy Dzie\u0144 Fotografii w Muzeum Fabryki Norblina | Muzeum Fabryki Norblina","isPartOf":{"@id":"https:\/\/muzeumfabrykinorblina.pl\/#website"},"primaryImageOfPage":{"@id":"https:\/\/muzeumfabrykinorblina.pl\/?p=3320#primaryimage"},"image":{"@id":"https:\/\/muzeumfabrykinorblina.pl\/?p=3320#primaryimage"},"thumbnailUrl":"https:\/\/muzeumfabrykinorblina.pl\/wp-content\/uploads\/2024\/10\/MFN_SwiatowyDzienFotografii.jpg","datePublished":"2024-08-18T12:17:00+00:00","dateModified":"2025-05-19T12:53:21+00:00","breadcrumb":{"@id":"https:\/\/muzeumfabrykinorblina.pl\/?p=3320#breadcrumb"},"inLanguage":"pl-PL","potentialAction":[{"@type":"ReadAction","target":["https:\/\/muzeumfabrykinorblina.pl\/?p=3320"]}]},{"@type":"ImageObject","inLanguage":"pl-PL","@id":"https:\/\/muzeumfabrykinorblina.pl\/?p=3320#primaryimage","url":"https:\/\/muzeumfabrykinorblina.pl\/wp-content\/uploads\/2024\/10\/MFN_SwiatowyDzienFotografii.jpg","contentUrl":"https:\/\/muzeumfabrykinorblina.pl\/wp-content\/uploads\/2024\/10\/MFN_SwiatowyDzienFotografii.jpg","width":1080,"height":1080},{"@type":"BreadcrumbList","@id":"https:\/\/muzeumfabrykinorblina.pl\/?p=3320#breadcrumb","itemListElement":[{"@type":"ListItem","position":1,"name":"Strona g\u0142\u00f3wna","item":"https:\/\/muzeumfabrykinorblina.pl\/"},{"@type":"ListItem","position":2,"name":"\u015awiatowy Dzie\u0144 Fotografii w Muzeum Fabryki Norblina"}]},{"@type":"WebSite","@id":"https:\/\/muzeumfabrykinorblina.pl\/#website","url":"https:\/\/muzeumfabrykinorblina.pl\/","name":"Muzeum Fabryki Norblina","description":"Fabryka Norblina","publisher":{"@id":"https:\/\/muzeumfabrykinorblina.pl\/#organization"},"potentialAction":[{"@type":"SearchAction","target":{"@type":"EntryPoint","urlTemplate":"https:\/\/muzeumfabrykinorblina.pl\/?s={search_term_string}"},"query-input":{"@type":"PropertyValueSpecification","valueRequired":true,"valueName":"search_term_string"}}],"inLanguage":"pl-PL"},{"@type":"Organization","@id":"https:\/\/muzeumfabrykinorblina.pl\/#organization","name":"Muzeum Fabryki Norblina","url":"https:\/\/muzeumfabrykinorblina.pl\/","logo":{"@type":"ImageObject","inLanguage":"pl-PL","@id":"https:\/\/muzeumfabrykinorblina.pl\/#\/schema\/logo\/image\/","url":"https:\/\/muzeumfabrykinorblina.pl\/wp-content\/uploads\/2023\/11\/MFN_Featured-image_1200x675.jpg","contentUrl":"https:\/\/muzeumfabrykinorblina.pl\/wp-content\/uploads\/2023\/11\/MFN_Featured-image_1200x675.jpg","width":1200,"height":675,"caption":"Muzeum Fabryki Norblina"},"image":{"@id":"https:\/\/muzeumfabrykinorblina.pl\/#\/schema\/logo\/image\/"},"sameAs":["https:\/\/www.facebook.com\/MuzeumFabrykiNorblina","https:\/\/www.instagram.com\/muzeumfabrykinorblina\/"]},{"@type":"Person","@id":"https:\/\/muzeumfabrykinorblina.pl\/#\/schema\/person\/4f1632ef79031887e0e24c4ea9d3472e","name":"Agata Ilnicka","image":{"@type":"ImageObject","inLanguage":"pl-PL","@id":"https:\/\/secure.gravatar.com\/avatar\/0c850e3cc969e3bec61971337ea044add4e3b6da745c50448fbab5c86b0b85d9?s=96&d=mm&r=g","url":"https:\/\/secure.gravatar.com\/avatar\/0c850e3cc969e3bec61971337ea044add4e3b6da745c50448fbab5c86b0b85d9?s=96&d=mm&r=g","contentUrl":"https:\/\/secure.gravatar.com\/avatar\/0c850e3cc969e3bec61971337ea044add4e3b6da745c50448fbab5c86b0b85d9?s=96&d=mm&r=g","caption":"Agata Ilnicka"},"url":"https:\/\/muzeumfabrykinorblina.pl\/?author=9"}]}},"lang":"pl","translations":{"pl":3320},"builder_content":"","pll_sync_post":{},"_links":{"self":[{"href":"https:\/\/muzeumfabrykinorblina.pl\/index.php?rest_route=\/wp\/v2\/posts\/3320","targetHints":{"allow":["GET"]}}],"collection":[{"href":"https:\/\/muzeumfabrykinorblina.pl\/index.php?rest_route=\/wp\/v2\/posts"}],"about":[{"href":"https:\/\/muzeumfabrykinorblina.pl\/index.php?rest_route=\/wp\/v2\/types\/post"}],"author":[{"embeddable":true,"href":"https:\/\/muzeumfabrykinorblina.pl\/index.php?rest_route=\/wp\/v2\/users\/9"}],"replies":[{"embeddable":true,"href":"https:\/\/muzeumfabrykinorblina.pl\/index.php?rest_route=%2Fwp%2Fv2%2Fcomments&post=3320"}],"version-history":[{"count":0,"href":"https:\/\/muzeumfabrykinorblina.pl\/index.php?rest_route=\/wp\/v2\/posts\/3320\/revisions"}],"wp:featuredmedia":[{"embeddable":true,"href":"https:\/\/muzeumfabrykinorblina.pl\/index.php?rest_route=\/wp\/v2\/media\/3321"}],"wp:attachment":[{"href":"https:\/\/muzeumfabrykinorblina.pl\/index.php?rest_route=%2Fwp%2Fv2%2Fmedia&parent=3320"}],"wp:term":[{"taxonomy":"category","embeddable":true,"href":"https:\/\/muzeumfabrykinorblina.pl\/index.php?rest_route=%2Fwp%2Fv2%2Fcategories&post=3320"},{"taxonomy":"post_tag","embeddable":true,"href":"https:\/\/muzeumfabrykinorblina.pl\/index.php?rest_route=%2Fwp%2Fv2%2Ftags&post=3320"}],"curies":[{"name":"wp","href":"https:\/\/api.w.org\/{rel}","templated":true}]}}