{"id":3302,"date":"2024-09-23T12:05:08","date_gmt":"2024-09-23T12:05:08","guid":{"rendered":"https:\/\/muzeumfabrykinorblina.pl\/?p=3302"},"modified":"2025-05-19T12:55:42","modified_gmt":"2025-05-19T12:55:42","slug":"warszawa-walczy-1944-jak-ewoluowala-pamiec-o-powstaniu-warszawskim","status":"publish","type":"post","link":"https:\/\/muzeumfabrykinorblina.pl\/?p=3302","title":{"rendered":"Warszawa walczy 1944 \u2013 jak ewoluowa\u0142a pami\u0119\u0107 o Powstaniu Warszawskim"},"content":{"rendered":"\n<p class=\"wp-block-paragraph\">Muzeum Fabryki Norblina wraz z Archiwum Akt Nowych oraz Fundacj\u0105 Archeologii Fotografii serdecznie zapraszaj\u0105 na kolejne z cyklu spotkanie tematyczne zatytu\u0142owane \u201eWarszawa walczy 1944 \u2013 jak ewoluowa\u0142a pami\u0119\u0107 o Powstaniu Warszawskim&#8221;, kt\u00f3re odb\u0119dzie si\u0119 <strong>25 wrze\u015bnia 2024 r. o godzinie 18.00.<\/strong><\/p>\n\n\n\n<p class=\"wp-block-paragraph\">Spotkanie dotyczy\u0107 b\u0119dzie wystawy <strong>\u201eWarszawa Walczy 1944 \u2013 63 dni Powstania Warszawskiego\u201d<\/strong>, kt\u00f3ra mia\u0142a miejsce w 1982 roku na terenie dawnych zak\u0142ad\u00f3w Fabryki Norblina \u2013 Walcowni Metali \u201eWarszawa\u201d. By\u0142a to jedna z pierwszych w Polsce w okresie PRL publicznych wystaw dotycz\u0105cych Powstania Warszawskiego. T\u0142em ekspozycji w\u0142a\u015bciwej by\u0142y hale dawnej Fabryki Norblina, do kt\u00f3rych \u015bwie\u017co wprowadzi\u0142o si\u0119 Muzeum Techniki NOT i otworzy\u0142o tutaj oddzia\u0142 Muzeum Przemys\u0142u \u2013 Zabytkowy Zak\u0142ad Przemys\u0142owy dawnej Fabryki Norblina. Kulisy, jak i sama organizacja wystawy, kt\u00f3ra by\u0142a wa\u017cnym wydarzeniem w \u017cyciu Warszawy i Polski pocz\u0105tku lat 80-tych, tu\u017c po wprowadzeniu Stanu Wojennego, do dzi\u015b budz\u0105 emocje.<\/p>\n\n\n\n<p class=\"wp-block-paragraph\">Wystaw\u0119 w kontek\u015bcie historii samej Fabryki Norblina jak i czas\u00f3w, w kt\u00f3rych zosta\u0142a zorganizowana przybli\u017c\u0105 zaproszeni go\u015bcie:<\/p>\n\n\n\n<p class=\"wp-block-paragraph\"><strong>Magdalena Hartwig<\/strong> &#8211; kustosz Archiwum Akt Nowych<br><strong>Artur Setniewski<\/strong> \u2013 dyrektor Muzeum Fabryki Norblina<\/p>\n\n\n\n<p class=\"wp-block-paragraph\">Spotkanie odb\u0119dzie si\u0119 na terenie Fabryki Norblina,&nbsp;<strong>na poziomie 0 w<\/strong>&nbsp;<strong>budynku Plater<\/strong>&nbsp;(Namiarownia, w pobli\u017cu schod\u00f3w ruchomych).&nbsp;<strong>Wst\u0119p jest bezp\u0142atny.<\/strong><\/p>\n\n\n\n<p class=\"wp-block-paragraph\">Wydarzenie towarzyszy wystawie \u201eZetrzyj z w\u0142os\u00f3w py\u0142 bitewny\u201d, dost\u0119pnej w przestrzeni wystawienniczej budynku Plater do&nbsp;<strong>2 pa\u017adziernika<\/strong>.<\/p>\n\n\n\n<p class=\"wp-block-paragraph\">Zapraszamy!<\/p>\n\n\n<!-- wp:themify-builder\/canvas \/-->","protected":false},"excerpt":{"rendered":"<p>Muzeum Fabryki Norblina wraz z Archiwum Akt Nowych oraz Fundacj\u0105 Archeologii Fotografii serdecznie zapraszaj\u0105 na kolejne z cyklu spotkanie tematyczne zatytu\u0142owane \u201eWarszawa walczy 1944 \u2013 jak ewoluowa\u0142a pami\u0119\u0107 o Powstaniu Warszawskim&#8221;, kt\u00f3re odb\u0119dzie si\u0119 25 wrze\u015bnia 2024 r. o godzinie 18.00. Spotkanie dotyczy\u0107 b\u0119dzie wystawy \u201eWarszawa Walczy 1944 \u2013 63 dni Powstania Warszawskiego\u201d, kt\u00f3ra mia\u0142a [&hellip;]<\/p>\n","protected":false},"author":9,"featured_media":3303,"comment_status":"closed","ping_status":"closed","sticky":false,"template":"","format":"standard","meta":{"_acf_changed":false,"_monsterinsights_skip_tracking":false,"footnotes":""},"categories":[29],"tags":[],"class_list":["post-3302","post","type-post","status-publish","format-standard","has-post-thumbnail","hentry","category-aktualnosci","has-post-title","has-post-date","has-post-category","has-post-tag","has-post-comment","has-post-author",""],"acf":[],"yoast_head":"<!-- This site is optimized with the Yoast SEO plugin v28.2 - https:\/\/yoast.com\/product\/yoast-seo-wordpress\/ -->\n<title>Warszawa walczy 1944 \u2013 jak ewoluowa\u0142a pami\u0119\u0107 o Powstaniu Warszawskim | Muzeum Fabryki Norblina<\/title>\n<meta name=\"robots\" content=\"index, follow, max-snippet:-1, max-image-preview:large, max-video-preview:-1\" \/>\n<link rel=\"canonical\" href=\"https:\/\/muzeumfabrykinorblina.pl\/?p=3302\" \/>\n<meta property=\"og:locale\" content=\"pl_PL\" \/>\n<meta property=\"og:type\" content=\"article\" \/>\n<meta property=\"og:title\" content=\"Warszawa walczy 1944 \u2013 jak ewoluowa\u0142a pami\u0119\u0107 o Powstaniu Warszawskim | Muzeum Fabryki Norblina\" \/>\n<meta property=\"og:description\" content=\"Muzeum Fabryki Norblina wraz z Archiwum Akt Nowych oraz Fundacj\u0105 Archeologii Fotografii serdecznie zapraszaj\u0105 na kolejne z cyklu spotkanie tematyczne zatytu\u0142owane \u201eWarszawa walczy 1944 \u2013 jak ewoluowa\u0142a pami\u0119\u0107 o Powstaniu Warszawskim&#8221;, kt\u00f3re odb\u0119dzie si\u0119 25 wrze\u015bnia 2024 r. o godzinie 18.00. Spotkanie dotyczy\u0107 b\u0119dzie wystawy \u201eWarszawa Walczy 1944 \u2013 63 dni Powstania Warszawskiego\u201d, kt\u00f3ra mia\u0142a [&hellip;]\" \/>\n<meta property=\"og:url\" content=\"https:\/\/muzeumfabrykinorblina.pl\/?p=3302\" \/>\n<meta property=\"og:site_name\" content=\"Muzeum Fabryki Norblina\" \/>\n<meta property=\"article:publisher\" content=\"https:\/\/www.facebook.com\/MuzeumFabrykiNorblina\" \/>\n<meta property=\"article:published_time\" content=\"2024-09-23T12:05:08+00:00\" \/>\n<meta property=\"article:modified_time\" content=\"2025-05-19T12:55:42+00:00\" \/>\n<meta property=\"og:image\" content=\"http:\/\/muzeumfabrykinorblina.pl\/wp-content\/uploads\/2024\/09\/MFN_Warszawa_Walczy.jpg\" \/>\n\t<meta property=\"og:image:width\" content=\"1080\" \/>\n\t<meta property=\"og:image:height\" content=\"1080\" \/>\n\t<meta property=\"og:image:type\" content=\"image\/jpeg\" \/>\n<meta name=\"author\" content=\"Agata Ilnicka\" \/>\n<meta name=\"twitter:card\" content=\"summary_large_image\" \/>\n<meta name=\"twitter:label1\" content=\"Napisane przez\" \/>\n\t<meta name=\"twitter:data1\" content=\"Agata Ilnicka\" \/>\n\t<meta name=\"twitter:label2\" content=\"Szacowany czas czytania\" \/>\n\t<meta name=\"twitter:data2\" content=\"2 minuty\" \/>\n<script type=\"application\/ld+json\" class=\"yoast-schema-graph\">{\"@context\":\"https:\\\/\\\/schema.org\",\"@graph\":[{\"@type\":\"Article\",\"@id\":\"https:\\\/\\\/muzeumfabrykinorblina.pl\\\/?p=3302#article\",\"isPartOf\":{\"@id\":\"https:\\\/\\\/muzeumfabrykinorblina.pl\\\/?p=3302\"},\"author\":{\"name\":\"Agata Ilnicka\",\"@id\":\"https:\\\/\\\/muzeumfabrykinorblina.pl\\\/#\\\/schema\\\/person\\\/4f1632ef79031887e0e24c4ea9d3472e\"},\"headline\":\"Warszawa walczy 1944 \u2013 jak ewoluowa\u0142a pami\u0119\u0107 o Powstaniu Warszawskim\",\"datePublished\":\"2024-09-23T12:05:08+00:00\",\"dateModified\":\"2025-05-19T12:55:42+00:00\",\"mainEntityOfPage\":{\"@id\":\"https:\\\/\\\/muzeumfabrykinorblina.pl\\\/?p=3302\"},\"wordCount\":251,\"publisher\":{\"@id\":\"https:\\\/\\\/muzeumfabrykinorblina.pl\\\/#organization\"},\"image\":{\"@id\":\"https:\\\/\\\/muzeumfabrykinorblina.pl\\\/?p=3302#primaryimage\"},\"thumbnailUrl\":\"https:\\\/\\\/muzeumfabrykinorblina.pl\\\/wp-content\\\/uploads\\\/2024\\\/09\\\/MFN_Warszawa_Walczy.jpg\",\"articleSection\":[\"Aktualno\u015bci\"],\"inLanguage\":\"pl-PL\"},{\"@type\":\"WebPage\",\"@id\":\"https:\\\/\\\/muzeumfabrykinorblina.pl\\\/?p=3302\",\"url\":\"https:\\\/\\\/muzeumfabrykinorblina.pl\\\/?p=3302\",\"name\":\"Warszawa walczy 1944 \u2013 jak ewoluowa\u0142a pami\u0119\u0107 o Powstaniu Warszawskim | Muzeum Fabryki Norblina\",\"isPartOf\":{\"@id\":\"https:\\\/\\\/muzeumfabrykinorblina.pl\\\/#website\"},\"primaryImageOfPage\":{\"@id\":\"https:\\\/\\\/muzeumfabrykinorblina.pl\\\/?p=3302#primaryimage\"},\"image\":{\"@id\":\"https:\\\/\\\/muzeumfabrykinorblina.pl\\\/?p=3302#primaryimage\"},\"thumbnailUrl\":\"https:\\\/\\\/muzeumfabrykinorblina.pl\\\/wp-content\\\/uploads\\\/2024\\\/09\\\/MFN_Warszawa_Walczy.jpg\",\"datePublished\":\"2024-09-23T12:05:08+00:00\",\"dateModified\":\"2025-05-19T12:55:42+00:00\",\"breadcrumb\":{\"@id\":\"https:\\\/\\\/muzeumfabrykinorblina.pl\\\/?p=3302#breadcrumb\"},\"inLanguage\":\"pl-PL\",\"potentialAction\":[{\"@type\":\"ReadAction\",\"target\":[\"https:\\\/\\\/muzeumfabrykinorblina.pl\\\/?p=3302\"]}]},{\"@type\":\"ImageObject\",\"inLanguage\":\"pl-PL\",\"@id\":\"https:\\\/\\\/muzeumfabrykinorblina.pl\\\/?p=3302#primaryimage\",\"url\":\"https:\\\/\\\/muzeumfabrykinorblina.pl\\\/wp-content\\\/uploads\\\/2024\\\/09\\\/MFN_Warszawa_Walczy.jpg\",\"contentUrl\":\"https:\\\/\\\/muzeumfabrykinorblina.pl\\\/wp-content\\\/uploads\\\/2024\\\/09\\\/MFN_Warszawa_Walczy.jpg\",\"width\":1080,\"height\":1080},{\"@type\":\"BreadcrumbList\",\"@id\":\"https:\\\/\\\/muzeumfabrykinorblina.pl\\\/?p=3302#breadcrumb\",\"itemListElement\":[{\"@type\":\"ListItem\",\"position\":1,\"name\":\"Strona g\u0142\u00f3wna\",\"item\":\"https:\\\/\\\/muzeumfabrykinorblina.pl\\\/\"},{\"@type\":\"ListItem\",\"position\":2,\"name\":\"Warszawa walczy 1944 \u2013 jak ewoluowa\u0142a pami\u0119\u0107 o Powstaniu Warszawskim\"}]},{\"@type\":\"WebSite\",\"@id\":\"https:\\\/\\\/muzeumfabrykinorblina.pl\\\/#website\",\"url\":\"https:\\\/\\\/muzeumfabrykinorblina.pl\\\/\",\"name\":\"Muzeum Fabryki Norblina\",\"description\":\"Fabryka Norblina\",\"publisher\":{\"@id\":\"https:\\\/\\\/muzeumfabrykinorblina.pl\\\/#organization\"},\"potentialAction\":[{\"@type\":\"SearchAction\",\"target\":{\"@type\":\"EntryPoint\",\"urlTemplate\":\"https:\\\/\\\/muzeumfabrykinorblina.pl\\\/?s={search_term_string}\"},\"query-input\":{\"@type\":\"PropertyValueSpecification\",\"valueRequired\":true,\"valueName\":\"search_term_string\"}}],\"inLanguage\":\"pl-PL\"},{\"@type\":\"Organization\",\"@id\":\"https:\\\/\\\/muzeumfabrykinorblina.pl\\\/#organization\",\"name\":\"Muzeum Fabryki Norblina\",\"url\":\"https:\\\/\\\/muzeumfabrykinorblina.pl\\\/\",\"logo\":{\"@type\":\"ImageObject\",\"inLanguage\":\"pl-PL\",\"@id\":\"https:\\\/\\\/muzeumfabrykinorblina.pl\\\/#\\\/schema\\\/logo\\\/image\\\/\",\"url\":\"https:\\\/\\\/muzeumfabrykinorblina.pl\\\/wp-content\\\/uploads\\\/2023\\\/11\\\/MFN_Featured-image_1200x675.jpg\",\"contentUrl\":\"https:\\\/\\\/muzeumfabrykinorblina.pl\\\/wp-content\\\/uploads\\\/2023\\\/11\\\/MFN_Featured-image_1200x675.jpg\",\"width\":1200,\"height\":675,\"caption\":\"Muzeum Fabryki Norblina\"},\"image\":{\"@id\":\"https:\\\/\\\/muzeumfabrykinorblina.pl\\\/#\\\/schema\\\/logo\\\/image\\\/\"},\"sameAs\":[\"https:\\\/\\\/www.facebook.com\\\/MuzeumFabrykiNorblina\",\"https:\\\/\\\/www.instagram.com\\\/muzeumfabrykinorblina\\\/\"]},{\"@type\":\"Person\",\"@id\":\"https:\\\/\\\/muzeumfabrykinorblina.pl\\\/#\\\/schema\\\/person\\\/4f1632ef79031887e0e24c4ea9d3472e\",\"name\":\"Agata Ilnicka\",\"image\":{\"@type\":\"ImageObject\",\"inLanguage\":\"pl-PL\",\"@id\":\"https:\\\/\\\/secure.gravatar.com\\\/avatar\\\/0c850e3cc969e3bec61971337ea044add4e3b6da745c50448fbab5c86b0b85d9?s=96&d=mm&r=g\",\"url\":\"https:\\\/\\\/secure.gravatar.com\\\/avatar\\\/0c850e3cc969e3bec61971337ea044add4e3b6da745c50448fbab5c86b0b85d9?s=96&d=mm&r=g\",\"contentUrl\":\"https:\\\/\\\/secure.gravatar.com\\\/avatar\\\/0c850e3cc969e3bec61971337ea044add4e3b6da745c50448fbab5c86b0b85d9?s=96&d=mm&r=g\",\"caption\":\"Agata Ilnicka\"},\"url\":\"https:\\\/\\\/muzeumfabrykinorblina.pl\\\/?author=9\"}]}<\/script>\n<!-- \/ Yoast SEO plugin. -->","yoast_head_json":{"title":"Warszawa walczy 1944 \u2013 jak ewoluowa\u0142a pami\u0119\u0107 o Powstaniu Warszawskim | Muzeum Fabryki Norblina","robots":{"index":"index","follow":"follow","max-snippet":"max-snippet:-1","max-image-preview":"max-image-preview:large","max-video-preview":"max-video-preview:-1"},"canonical":"https:\/\/muzeumfabrykinorblina.pl\/?p=3302","og_locale":"pl_PL","og_type":"article","og_title":"Warszawa walczy 1944 \u2013 jak ewoluowa\u0142a pami\u0119\u0107 o Powstaniu Warszawskim | Muzeum Fabryki Norblina","og_description":"Muzeum Fabryki Norblina wraz z Archiwum Akt Nowych oraz Fundacj\u0105 Archeologii Fotografii serdecznie zapraszaj\u0105 na kolejne z cyklu spotkanie tematyczne zatytu\u0142owane \u201eWarszawa walczy 1944 \u2013 jak ewoluowa\u0142a pami\u0119\u0107 o Powstaniu Warszawskim&#8221;, kt\u00f3re odb\u0119dzie si\u0119 25 wrze\u015bnia 2024 r. o godzinie 18.00. Spotkanie dotyczy\u0107 b\u0119dzie wystawy \u201eWarszawa Walczy 1944 \u2013 63 dni Powstania Warszawskiego\u201d, kt\u00f3ra mia\u0142a [&hellip;]","og_url":"https:\/\/muzeumfabrykinorblina.pl\/?p=3302","og_site_name":"Muzeum Fabryki Norblina","article_publisher":"https:\/\/www.facebook.com\/MuzeumFabrykiNorblina","article_published_time":"2024-09-23T12:05:08+00:00","article_modified_time":"2025-05-19T12:55:42+00:00","og_image":[{"width":1080,"height":1080,"url":"http:\/\/muzeumfabrykinorblina.pl\/wp-content\/uploads\/2024\/09\/MFN_Warszawa_Walczy.jpg","type":"image\/jpeg"}],"author":"Agata Ilnicka","twitter_card":"summary_large_image","twitter_misc":{"Napisane przez":"Agata Ilnicka","Szacowany czas czytania":"2 minuty"},"schema":{"@context":"https:\/\/schema.org","@graph":[{"@type":"Article","@id":"https:\/\/muzeumfabrykinorblina.pl\/?p=3302#article","isPartOf":{"@id":"https:\/\/muzeumfabrykinorblina.pl\/?p=3302"},"author":{"name":"Agata Ilnicka","@id":"https:\/\/muzeumfabrykinorblina.pl\/#\/schema\/person\/4f1632ef79031887e0e24c4ea9d3472e"},"headline":"Warszawa walczy 1944 \u2013 jak ewoluowa\u0142a pami\u0119\u0107 o Powstaniu Warszawskim","datePublished":"2024-09-23T12:05:08+00:00","dateModified":"2025-05-19T12:55:42+00:00","mainEntityOfPage":{"@id":"https:\/\/muzeumfabrykinorblina.pl\/?p=3302"},"wordCount":251,"publisher":{"@id":"https:\/\/muzeumfabrykinorblina.pl\/#organization"},"image":{"@id":"https:\/\/muzeumfabrykinorblina.pl\/?p=3302#primaryimage"},"thumbnailUrl":"https:\/\/muzeumfabrykinorblina.pl\/wp-content\/uploads\/2024\/09\/MFN_Warszawa_Walczy.jpg","articleSection":["Aktualno\u015bci"],"inLanguage":"pl-PL"},{"@type":"WebPage","@id":"https:\/\/muzeumfabrykinorblina.pl\/?p=3302","url":"https:\/\/muzeumfabrykinorblina.pl\/?p=3302","name":"Warszawa walczy 1944 \u2013 jak ewoluowa\u0142a pami\u0119\u0107 o Powstaniu Warszawskim | Muzeum Fabryki Norblina","isPartOf":{"@id":"https:\/\/muzeumfabrykinorblina.pl\/#website"},"primaryImageOfPage":{"@id":"https:\/\/muzeumfabrykinorblina.pl\/?p=3302#primaryimage"},"image":{"@id":"https:\/\/muzeumfabrykinorblina.pl\/?p=3302#primaryimage"},"thumbnailUrl":"https:\/\/muzeumfabrykinorblina.pl\/wp-content\/uploads\/2024\/09\/MFN_Warszawa_Walczy.jpg","datePublished":"2024-09-23T12:05:08+00:00","dateModified":"2025-05-19T12:55:42+00:00","breadcrumb":{"@id":"https:\/\/muzeumfabrykinorblina.pl\/?p=3302#breadcrumb"},"inLanguage":"pl-PL","potentialAction":[{"@type":"ReadAction","target":["https:\/\/muzeumfabrykinorblina.pl\/?p=3302"]}]},{"@type":"ImageObject","inLanguage":"pl-PL","@id":"https:\/\/muzeumfabrykinorblina.pl\/?p=3302#primaryimage","url":"https:\/\/muzeumfabrykinorblina.pl\/wp-content\/uploads\/2024\/09\/MFN_Warszawa_Walczy.jpg","contentUrl":"https:\/\/muzeumfabrykinorblina.pl\/wp-content\/uploads\/2024\/09\/MFN_Warszawa_Walczy.jpg","width":1080,"height":1080},{"@type":"BreadcrumbList","@id":"https:\/\/muzeumfabrykinorblina.pl\/?p=3302#breadcrumb","itemListElement":[{"@type":"ListItem","position":1,"name":"Strona g\u0142\u00f3wna","item":"https:\/\/muzeumfabrykinorblina.pl\/"},{"@type":"ListItem","position":2,"name":"Warszawa walczy 1944 \u2013 jak ewoluowa\u0142a pami\u0119\u0107 o Powstaniu Warszawskim"}]},{"@type":"WebSite","@id":"https:\/\/muzeumfabrykinorblina.pl\/#website","url":"https:\/\/muzeumfabrykinorblina.pl\/","name":"Muzeum Fabryki Norblina","description":"Fabryka Norblina","publisher":{"@id":"https:\/\/muzeumfabrykinorblina.pl\/#organization"},"potentialAction":[{"@type":"SearchAction","target":{"@type":"EntryPoint","urlTemplate":"https:\/\/muzeumfabrykinorblina.pl\/?s={search_term_string}"},"query-input":{"@type":"PropertyValueSpecification","valueRequired":true,"valueName":"search_term_string"}}],"inLanguage":"pl-PL"},{"@type":"Organization","@id":"https:\/\/muzeumfabrykinorblina.pl\/#organization","name":"Muzeum Fabryki Norblina","url":"https:\/\/muzeumfabrykinorblina.pl\/","logo":{"@type":"ImageObject","inLanguage":"pl-PL","@id":"https:\/\/muzeumfabrykinorblina.pl\/#\/schema\/logo\/image\/","url":"https:\/\/muzeumfabrykinorblina.pl\/wp-content\/uploads\/2023\/11\/MFN_Featured-image_1200x675.jpg","contentUrl":"https:\/\/muzeumfabrykinorblina.pl\/wp-content\/uploads\/2023\/11\/MFN_Featured-image_1200x675.jpg","width":1200,"height":675,"caption":"Muzeum Fabryki Norblina"},"image":{"@id":"https:\/\/muzeumfabrykinorblina.pl\/#\/schema\/logo\/image\/"},"sameAs":["https:\/\/www.facebook.com\/MuzeumFabrykiNorblina","https:\/\/www.instagram.com\/muzeumfabrykinorblina\/"]},{"@type":"Person","@id":"https:\/\/muzeumfabrykinorblina.pl\/#\/schema\/person\/4f1632ef79031887e0e24c4ea9d3472e","name":"Agata Ilnicka","image":{"@type":"ImageObject","inLanguage":"pl-PL","@id":"https:\/\/secure.gravatar.com\/avatar\/0c850e3cc969e3bec61971337ea044add4e3b6da745c50448fbab5c86b0b85d9?s=96&d=mm&r=g","url":"https:\/\/secure.gravatar.com\/avatar\/0c850e3cc969e3bec61971337ea044add4e3b6da745c50448fbab5c86b0b85d9?s=96&d=mm&r=g","contentUrl":"https:\/\/secure.gravatar.com\/avatar\/0c850e3cc969e3bec61971337ea044add4e3b6da745c50448fbab5c86b0b85d9?s=96&d=mm&r=g","caption":"Agata Ilnicka"},"url":"https:\/\/muzeumfabrykinorblina.pl\/?author=9"}]}},"lang":"pl","translations":{"pl":3302},"builder_content":"","pll_sync_post":{},"_links":{"self":[{"href":"https:\/\/muzeumfabrykinorblina.pl\/index.php?rest_route=\/wp\/v2\/posts\/3302","targetHints":{"allow":["GET"]}}],"collection":[{"href":"https:\/\/muzeumfabrykinorblina.pl\/index.php?rest_route=\/wp\/v2\/posts"}],"about":[{"href":"https:\/\/muzeumfabrykinorblina.pl\/index.php?rest_route=\/wp\/v2\/types\/post"}],"author":[{"embeddable":true,"href":"https:\/\/muzeumfabrykinorblina.pl\/index.php?rest_route=\/wp\/v2\/users\/9"}],"replies":[{"embeddable":true,"href":"https:\/\/muzeumfabrykinorblina.pl\/index.php?rest_route=%2Fwp%2Fv2%2Fcomments&post=3302"}],"version-history":[{"count":0,"href":"https:\/\/muzeumfabrykinorblina.pl\/index.php?rest_route=\/wp\/v2\/posts\/3302\/revisions"}],"wp:featuredmedia":[{"embeddable":true,"href":"https:\/\/muzeumfabrykinorblina.pl\/index.php?rest_route=\/wp\/v2\/media\/3303"}],"wp:attachment":[{"href":"https:\/\/muzeumfabrykinorblina.pl\/index.php?rest_route=%2Fwp%2Fv2%2Fmedia&parent=3302"}],"wp:term":[{"taxonomy":"category","embeddable":true,"href":"https:\/\/muzeumfabrykinorblina.pl\/index.php?rest_route=%2Fwp%2Fv2%2Fcategories&post=3302"},{"taxonomy":"post_tag","embeddable":true,"href":"https:\/\/muzeumfabrykinorblina.pl\/index.php?rest_route=%2Fwp%2Fv2%2Ftags&post=3302"}],"curies":[{"name":"wp","href":"https:\/\/api.w.org\/{rel}","templated":true}]}}