{"id":3146,"date":"2024-09-09T07:22:33","date_gmt":"2024-09-09T07:22:33","guid":{"rendered":"https:\/\/muzeumfabrykinorblina.pl\/?p=3146"},"modified":"2025-05-19T12:54:37","modified_gmt":"2025-05-19T12:54:37","slug":"spotkanie-tematyczne-z-warszawy-do-neuquen-ryszard-bialous-i-jego-zwiazki-z-argentyna","status":"publish","type":"post","link":"https:\/\/muzeumfabrykinorblina.pl\/?p=3146","title":{"rendered":"Spotkanie tematyczne: \u201eZ Warszawy do Neuqu\u00e9n\u201d \u2013 Ryszard Bia\u0142ous i jego zwi\u0105zki z Argentyn\u0105"},"content":{"rendered":"\n<p class=\"wp-block-paragraph\">Muzeum Fabryki Norblina wraz z Archiwum Akt Nowych, Fundacj\u0105 Archeologia Fotografii oraz Stowarzyszeniem Polsko-Argenty\u0144skim serdecznie zapraszaj\u0105 na wyj\u0105tkowe spotkanie tematyczne zatytu\u0142owane \u201eZ Warszawy do Neuqu\u00e9n\u201d, kt\u00f3re odb\u0119dzie si\u0119 <strong>18 wrze\u015bnia 2024 r. o godzinie 18:00<\/strong>.<\/p>\n\n\n\n<p class=\"wp-block-paragraph\">Tematem spotkania b\u0119dzie posta\u0107 <strong>Ryszarda Bia\u0142ousa<\/strong> \u2013 legendarnego dow\u00f3dcy Batalionu \u201eZo\u015bka\u201d oraz jego zwi\u0105zki z Argentyn\u0105, w kt\u00f3rej po II wojnie \u015bwiatowej kontynuowa\u0142 swoje \u017cycie i karier\u0119. Histori\u0119 tego bohatera Armii Krajowej przybli\u017c\u0105 zaproszeni go\u015bcie:<\/p>\n\n\n\n<ul class=\"wp-block-list\">\n<li><strong>Mariusz Olczak<\/strong> \u2013 historyk, dyrektor Archiwum Akt Nowych<\/li>\n\n\n\n<li><strong>Rafa\u0142 \u0141uszczewski<\/strong> \u2013 profesor muzykologii, pianista, zwi\u0105zany z Fundacj\u0105 Chopiniana, kt\u00f3ry swoj\u0105 interpretacj\u0105 muzyczn\u0105 wzbogaci argenty\u0144sk\u0105 cz\u0119\u015b\u0107 tej opowie\u015bci.<\/li>\n<\/ul>\n\n\n\n<p class=\"wp-block-paragraph\">Spotkanie odb\u0119dzie si\u0119 na terenie Fabryki Norblina, <strong>na poziomie 0 w<\/strong> <strong>budynku Plater<\/strong> (Namiarownia, w pobli\u017cu schod\u00f3w ruchomych). <strong>Wst\u0119p na wydarzenie jest wolny.<\/strong><\/p>\n\n\n\n<p class=\"wp-block-paragraph\">Ryszard Bia\u0142ous, urodzony w Warszawie, by\u0142 architektem, harcerzem i \u017co\u0142nierzem, aktywnie dzia\u0142aj\u0105cym w konspiracji podczas II wojny \u015bwiatowej, a p\u00f3\u017aniej jako dow\u00f3dca Batalionu \u201eZo\u015bka\u201d w Powstaniu Warszawskim. Po wojnie zmuszony do emigracji, osiedli\u0142 si\u0119 w Argentynie, gdzie pe\u0142ni\u0142 funkcje architekta i urz\u0119dnika pa\u0144stwowego, pozostaj\u0105c jednocze\u015bnie g\u0142\u0119boko zwi\u0105zanym z Polsk\u0105. Jego prochy powr\u00f3ci\u0142y do ojczyzny w 2019 roku, spoczywaj\u0105c na Pow\u0105zkach.<\/p>\n\n\n\n<p class=\"wp-block-paragraph\">Wydarzenie towarzyszy wystawie \u201eZetrzyj z w\u0142os\u00f3w py\u0142 bitewny\u201d, dost\u0119pnej w przestrzeni wystawienniczej budynku Plater do <strong>2 pa\u017adziernika<\/strong>.<\/p>\n\n\n\n<p class=\"wp-block-paragraph\">Zapraszamy!<\/p>\n\n\n<!-- wp:themify-builder\/canvas \/-->","protected":false},"excerpt":{"rendered":"<p>Muzeum Fabryki Norblina wraz z Archiwum Akt Nowych, Fundacj\u0105 Archeologia Fotografii oraz Stowarzyszeniem Polsko-Argenty\u0144skim serdecznie zapraszaj\u0105 na wyj\u0105tkowe spotkanie tematyczne zatytu\u0142owane \u201eZ Warszawy do Neuqu\u00e9n\u201d, kt\u00f3re odb\u0119dzie si\u0119 18 wrze\u015bnia 2024 r. o godzinie 18:00. Tematem spotkania b\u0119dzie posta\u0107 Ryszarda Bia\u0142ousa \u2013 legendarnego dow\u00f3dcy Batalionu \u201eZo\u015bka\u201d oraz jego zwi\u0105zki z Argentyn\u0105, w kt\u00f3rej po II [&hellip;]<\/p>\n","protected":false},"author":10,"featured_media":3149,"comment_status":"closed","ping_status":"closed","sticky":false,"template":"","format":"standard","meta":{"_acf_changed":false,"_monsterinsights_skip_tracking":false,"footnotes":""},"categories":[29],"tags":[],"class_list":["post-3146","post","type-post","status-publish","format-standard","has-post-thumbnail","hentry","category-aktualnosci","has-post-title","has-post-date","has-post-category","has-post-tag","has-post-comment","has-post-author",""],"acf":[],"yoast_head":"<!-- This site is optimized with the Yoast SEO plugin v28.2 - https:\/\/yoast.com\/product\/yoast-seo-wordpress\/ -->\n<title>Spotkanie tematyczne: \u201eZ Warszawy do Neuqu\u00e9n\u201d \u2013 Ryszard Bia\u0142ous i jego zwi\u0105zki z Argentyn\u0105 | Muzeum Fabryki Norblina<\/title>\n<meta name=\"robots\" content=\"index, follow, max-snippet:-1, max-image-preview:large, max-video-preview:-1\" \/>\n<link rel=\"canonical\" href=\"https:\/\/muzeumfabrykinorblina.pl\/?p=3146\" \/>\n<meta property=\"og:locale\" content=\"pl_PL\" \/>\n<meta property=\"og:type\" content=\"article\" \/>\n<meta property=\"og:title\" content=\"Spotkanie tematyczne: \u201eZ Warszawy do Neuqu\u00e9n\u201d \u2013 Ryszard Bia\u0142ous i jego zwi\u0105zki z Argentyn\u0105 | Muzeum Fabryki Norblina\" \/>\n<meta property=\"og:description\" content=\"Muzeum Fabryki Norblina wraz z Archiwum Akt Nowych, Fundacj\u0105 Archeologia Fotografii oraz Stowarzyszeniem Polsko-Argenty\u0144skim serdecznie zapraszaj\u0105 na wyj\u0105tkowe spotkanie tematyczne zatytu\u0142owane \u201eZ Warszawy do Neuqu\u00e9n\u201d, kt\u00f3re odb\u0119dzie si\u0119 18 wrze\u015bnia 2024 r. o godzinie 18:00. Tematem spotkania b\u0119dzie posta\u0107 Ryszarda Bia\u0142ousa \u2013 legendarnego dow\u00f3dcy Batalionu \u201eZo\u015bka\u201d oraz jego zwi\u0105zki z Argentyn\u0105, w kt\u00f3rej po II [&hellip;]\" \/>\n<meta property=\"og:url\" content=\"https:\/\/muzeumfabrykinorblina.pl\/?p=3146\" \/>\n<meta property=\"og:site_name\" content=\"Muzeum Fabryki Norblina\" \/>\n<meta property=\"article:publisher\" content=\"https:\/\/www.facebook.com\/MuzeumFabrykiNorblina\" \/>\n<meta property=\"article:published_time\" content=\"2024-09-09T07:22:33+00:00\" \/>\n<meta property=\"article:modified_time\" content=\"2025-05-19T12:54:37+00:00\" \/>\n<meta property=\"og:image\" content=\"https:\/\/muzeumfabrykinorblina.pl\/wp-content\/uploads\/2024\/09\/bialous-post-w-kwadracie-1024x1024.png\" \/>\n\t<meta property=\"og:image:width\" content=\"1024\" \/>\n\t<meta property=\"og:image:height\" content=\"1024\" \/>\n\t<meta property=\"og:image:type\" content=\"image\/png\" \/>\n<meta name=\"author\" content=\"Martyna Duli\u0144ska\" \/>\n<meta name=\"twitter:card\" content=\"summary_large_image\" \/>\n<meta name=\"twitter:label1\" content=\"Napisane przez\" \/>\n\t<meta name=\"twitter:data1\" content=\"Martyna Duli\u0144ska\" \/>\n\t<meta name=\"twitter:label2\" content=\"Szacowany czas czytania\" \/>\n\t<meta name=\"twitter:data2\" content=\"2 minuty\" \/>\n<script type=\"application\/ld+json\" class=\"yoast-schema-graph\">{\"@context\":\"https:\\\/\\\/schema.org\",\"@graph\":[{\"@type\":\"Article\",\"@id\":\"https:\\\/\\\/muzeumfabrykinorblina.pl\\\/?p=3146#article\",\"isPartOf\":{\"@id\":\"https:\\\/\\\/muzeumfabrykinorblina.pl\\\/?p=3146\"},\"author\":{\"name\":\"Martyna Duli\u0144ska\",\"@id\":\"https:\\\/\\\/muzeumfabrykinorblina.pl\\\/#\\\/schema\\\/person\\\/d2388cfb16badb46118fb26254e1173c\"},\"headline\":\"Spotkanie tematyczne: \u201eZ Warszawy do Neuqu\u00e9n\u201d \u2013 Ryszard Bia\u0142ous i jego zwi\u0105zki z Argentyn\u0105\",\"datePublished\":\"2024-09-09T07:22:33+00:00\",\"dateModified\":\"2025-05-19T12:54:37+00:00\",\"mainEntityOfPage\":{\"@id\":\"https:\\\/\\\/muzeumfabrykinorblina.pl\\\/?p=3146\"},\"wordCount\":249,\"publisher\":{\"@id\":\"https:\\\/\\\/muzeumfabrykinorblina.pl\\\/#organization\"},\"image\":{\"@id\":\"https:\\\/\\\/muzeumfabrykinorblina.pl\\\/?p=3146#primaryimage\"},\"thumbnailUrl\":\"https:\\\/\\\/muzeumfabrykinorblina.pl\\\/wp-content\\\/uploads\\\/2024\\\/09\\\/bialous-post-w-kwadracie.png\",\"articleSection\":[\"Aktualno\u015bci\"],\"inLanguage\":\"pl-PL\"},{\"@type\":\"WebPage\",\"@id\":\"https:\\\/\\\/muzeumfabrykinorblina.pl\\\/?p=3146\",\"url\":\"https:\\\/\\\/muzeumfabrykinorblina.pl\\\/?p=3146\",\"name\":\"Spotkanie tematyczne: \u201eZ Warszawy do Neuqu\u00e9n\u201d \u2013 Ryszard Bia\u0142ous i jego zwi\u0105zki z Argentyn\u0105 | Muzeum Fabryki Norblina\",\"isPartOf\":{\"@id\":\"https:\\\/\\\/muzeumfabrykinorblina.pl\\\/#website\"},\"primaryImageOfPage\":{\"@id\":\"https:\\\/\\\/muzeumfabrykinorblina.pl\\\/?p=3146#primaryimage\"},\"image\":{\"@id\":\"https:\\\/\\\/muzeumfabrykinorblina.pl\\\/?p=3146#primaryimage\"},\"thumbnailUrl\":\"https:\\\/\\\/muzeumfabrykinorblina.pl\\\/wp-content\\\/uploads\\\/2024\\\/09\\\/bialous-post-w-kwadracie.png\",\"datePublished\":\"2024-09-09T07:22:33+00:00\",\"dateModified\":\"2025-05-19T12:54:37+00:00\",\"breadcrumb\":{\"@id\":\"https:\\\/\\\/muzeumfabrykinorblina.pl\\\/?p=3146#breadcrumb\"},\"inLanguage\":\"pl-PL\",\"potentialAction\":[{\"@type\":\"ReadAction\",\"target\":[\"https:\\\/\\\/muzeumfabrykinorblina.pl\\\/?p=3146\"]}]},{\"@type\":\"ImageObject\",\"inLanguage\":\"pl-PL\",\"@id\":\"https:\\\/\\\/muzeumfabrykinorblina.pl\\\/?p=3146#primaryimage\",\"url\":\"https:\\\/\\\/muzeumfabrykinorblina.pl\\\/wp-content\\\/uploads\\\/2024\\\/09\\\/bialous-post-w-kwadracie.png\",\"contentUrl\":\"https:\\\/\\\/muzeumfabrykinorblina.pl\\\/wp-content\\\/uploads\\\/2024\\\/09\\\/bialous-post-w-kwadracie.png\",\"width\":5906,\"height\":5906},{\"@type\":\"BreadcrumbList\",\"@id\":\"https:\\\/\\\/muzeumfabrykinorblina.pl\\\/?p=3146#breadcrumb\",\"itemListElement\":[{\"@type\":\"ListItem\",\"position\":1,\"name\":\"Strona g\u0142\u00f3wna\",\"item\":\"https:\\\/\\\/muzeumfabrykinorblina.pl\\\/\"},{\"@type\":\"ListItem\",\"position\":2,\"name\":\"Spotkanie tematyczne: \u201eZ Warszawy do Neuqu\u00e9n\u201d \u2013 Ryszard Bia\u0142ous i jego zwi\u0105zki z Argentyn\u0105\"}]},{\"@type\":\"WebSite\",\"@id\":\"https:\\\/\\\/muzeumfabrykinorblina.pl\\\/#website\",\"url\":\"https:\\\/\\\/muzeumfabrykinorblina.pl\\\/\",\"name\":\"Muzeum Fabryki Norblina\",\"description\":\"Fabryka Norblina\",\"publisher\":{\"@id\":\"https:\\\/\\\/muzeumfabrykinorblina.pl\\\/#organization\"},\"potentialAction\":[{\"@type\":\"SearchAction\",\"target\":{\"@type\":\"EntryPoint\",\"urlTemplate\":\"https:\\\/\\\/muzeumfabrykinorblina.pl\\\/?s={search_term_string}\"},\"query-input\":{\"@type\":\"PropertyValueSpecification\",\"valueRequired\":true,\"valueName\":\"search_term_string\"}}],\"inLanguage\":\"pl-PL\"},{\"@type\":\"Organization\",\"@id\":\"https:\\\/\\\/muzeumfabrykinorblina.pl\\\/#organization\",\"name\":\"Muzeum Fabryki Norblina\",\"url\":\"https:\\\/\\\/muzeumfabrykinorblina.pl\\\/\",\"logo\":{\"@type\":\"ImageObject\",\"inLanguage\":\"pl-PL\",\"@id\":\"https:\\\/\\\/muzeumfabrykinorblina.pl\\\/#\\\/schema\\\/logo\\\/image\\\/\",\"url\":\"https:\\\/\\\/muzeumfabrykinorblina.pl\\\/wp-content\\\/uploads\\\/2023\\\/11\\\/MFN_Featured-image_1200x675.jpg\",\"contentUrl\":\"https:\\\/\\\/muzeumfabrykinorblina.pl\\\/wp-content\\\/uploads\\\/2023\\\/11\\\/MFN_Featured-image_1200x675.jpg\",\"width\":1200,\"height\":675,\"caption\":\"Muzeum Fabryki Norblina\"},\"image\":{\"@id\":\"https:\\\/\\\/muzeumfabrykinorblina.pl\\\/#\\\/schema\\\/logo\\\/image\\\/\"},\"sameAs\":[\"https:\\\/\\\/www.facebook.com\\\/MuzeumFabrykiNorblina\",\"https:\\\/\\\/www.instagram.com\\\/muzeumfabrykinorblina\\\/\"]},{\"@type\":\"Person\",\"@id\":\"https:\\\/\\\/muzeumfabrykinorblina.pl\\\/#\\\/schema\\\/person\\\/d2388cfb16badb46118fb26254e1173c\",\"name\":\"Martyna Duli\u0144ska\",\"image\":{\"@type\":\"ImageObject\",\"inLanguage\":\"pl-PL\",\"@id\":\"https:\\\/\\\/secure.gravatar.com\\\/avatar\\\/f08f1cb0c3aeb559afa32edd699f0994e6cd15357a85ab67dd3506224ed9f76b?s=96&d=mm&r=g\",\"url\":\"https:\\\/\\\/secure.gravatar.com\\\/avatar\\\/f08f1cb0c3aeb559afa32edd699f0994e6cd15357a85ab67dd3506224ed9f76b?s=96&d=mm&r=g\",\"contentUrl\":\"https:\\\/\\\/secure.gravatar.com\\\/avatar\\\/f08f1cb0c3aeb559afa32edd699f0994e6cd15357a85ab67dd3506224ed9f76b?s=96&d=mm&r=g\",\"caption\":\"Martyna Duli\u0144ska\"},\"url\":\"https:\\\/\\\/muzeumfabrykinorblina.pl\\\/?author=10\"}]}<\/script>\n<!-- \/ Yoast SEO plugin. -->","yoast_head_json":{"title":"Spotkanie tematyczne: \u201eZ Warszawy do Neuqu\u00e9n\u201d \u2013 Ryszard Bia\u0142ous i jego zwi\u0105zki z Argentyn\u0105 | Muzeum Fabryki Norblina","robots":{"index":"index","follow":"follow","max-snippet":"max-snippet:-1","max-image-preview":"max-image-preview:large","max-video-preview":"max-video-preview:-1"},"canonical":"https:\/\/muzeumfabrykinorblina.pl\/?p=3146","og_locale":"pl_PL","og_type":"article","og_title":"Spotkanie tematyczne: \u201eZ Warszawy do Neuqu\u00e9n\u201d \u2013 Ryszard Bia\u0142ous i jego zwi\u0105zki z Argentyn\u0105 | Muzeum Fabryki Norblina","og_description":"Muzeum Fabryki Norblina wraz z Archiwum Akt Nowych, Fundacj\u0105 Archeologia Fotografii oraz Stowarzyszeniem Polsko-Argenty\u0144skim serdecznie zapraszaj\u0105 na wyj\u0105tkowe spotkanie tematyczne zatytu\u0142owane \u201eZ Warszawy do Neuqu\u00e9n\u201d, kt\u00f3re odb\u0119dzie si\u0119 18 wrze\u015bnia 2024 r. o godzinie 18:00. Tematem spotkania b\u0119dzie posta\u0107 Ryszarda Bia\u0142ousa \u2013 legendarnego dow\u00f3dcy Batalionu \u201eZo\u015bka\u201d oraz jego zwi\u0105zki z Argentyn\u0105, w kt\u00f3rej po II [&hellip;]","og_url":"https:\/\/muzeumfabrykinorblina.pl\/?p=3146","og_site_name":"Muzeum Fabryki Norblina","article_publisher":"https:\/\/www.facebook.com\/MuzeumFabrykiNorblina","article_published_time":"2024-09-09T07:22:33+00:00","article_modified_time":"2025-05-19T12:54:37+00:00","og_image":[{"width":1024,"height":1024,"url":"https:\/\/muzeumfabrykinorblina.pl\/wp-content\/uploads\/2024\/09\/bialous-post-w-kwadracie-1024x1024.png","type":"image\/png"}],"author":"Martyna Duli\u0144ska","twitter_card":"summary_large_image","twitter_misc":{"Napisane przez":"Martyna Duli\u0144ska","Szacowany czas czytania":"2 minuty"},"schema":{"@context":"https:\/\/schema.org","@graph":[{"@type":"Article","@id":"https:\/\/muzeumfabrykinorblina.pl\/?p=3146#article","isPartOf":{"@id":"https:\/\/muzeumfabrykinorblina.pl\/?p=3146"},"author":{"name":"Martyna Duli\u0144ska","@id":"https:\/\/muzeumfabrykinorblina.pl\/#\/schema\/person\/d2388cfb16badb46118fb26254e1173c"},"headline":"Spotkanie tematyczne: \u201eZ Warszawy do Neuqu\u00e9n\u201d \u2013 Ryszard Bia\u0142ous i jego zwi\u0105zki z Argentyn\u0105","datePublished":"2024-09-09T07:22:33+00:00","dateModified":"2025-05-19T12:54:37+00:00","mainEntityOfPage":{"@id":"https:\/\/muzeumfabrykinorblina.pl\/?p=3146"},"wordCount":249,"publisher":{"@id":"https:\/\/muzeumfabrykinorblina.pl\/#organization"},"image":{"@id":"https:\/\/muzeumfabrykinorblina.pl\/?p=3146#primaryimage"},"thumbnailUrl":"https:\/\/muzeumfabrykinorblina.pl\/wp-content\/uploads\/2024\/09\/bialous-post-w-kwadracie.png","articleSection":["Aktualno\u015bci"],"inLanguage":"pl-PL"},{"@type":"WebPage","@id":"https:\/\/muzeumfabrykinorblina.pl\/?p=3146","url":"https:\/\/muzeumfabrykinorblina.pl\/?p=3146","name":"Spotkanie tematyczne: \u201eZ Warszawy do Neuqu\u00e9n\u201d \u2013 Ryszard Bia\u0142ous i jego zwi\u0105zki z Argentyn\u0105 | Muzeum Fabryki Norblina","isPartOf":{"@id":"https:\/\/muzeumfabrykinorblina.pl\/#website"},"primaryImageOfPage":{"@id":"https:\/\/muzeumfabrykinorblina.pl\/?p=3146#primaryimage"},"image":{"@id":"https:\/\/muzeumfabrykinorblina.pl\/?p=3146#primaryimage"},"thumbnailUrl":"https:\/\/muzeumfabrykinorblina.pl\/wp-content\/uploads\/2024\/09\/bialous-post-w-kwadracie.png","datePublished":"2024-09-09T07:22:33+00:00","dateModified":"2025-05-19T12:54:37+00:00","breadcrumb":{"@id":"https:\/\/muzeumfabrykinorblina.pl\/?p=3146#breadcrumb"},"inLanguage":"pl-PL","potentialAction":[{"@type":"ReadAction","target":["https:\/\/muzeumfabrykinorblina.pl\/?p=3146"]}]},{"@type":"ImageObject","inLanguage":"pl-PL","@id":"https:\/\/muzeumfabrykinorblina.pl\/?p=3146#primaryimage","url":"https:\/\/muzeumfabrykinorblina.pl\/wp-content\/uploads\/2024\/09\/bialous-post-w-kwadracie.png","contentUrl":"https:\/\/muzeumfabrykinorblina.pl\/wp-content\/uploads\/2024\/09\/bialous-post-w-kwadracie.png","width":5906,"height":5906},{"@type":"BreadcrumbList","@id":"https:\/\/muzeumfabrykinorblina.pl\/?p=3146#breadcrumb","itemListElement":[{"@type":"ListItem","position":1,"name":"Strona g\u0142\u00f3wna","item":"https:\/\/muzeumfabrykinorblina.pl\/"},{"@type":"ListItem","position":2,"name":"Spotkanie tematyczne: \u201eZ Warszawy do Neuqu\u00e9n\u201d \u2013 Ryszard Bia\u0142ous i jego zwi\u0105zki z Argentyn\u0105"}]},{"@type":"WebSite","@id":"https:\/\/muzeumfabrykinorblina.pl\/#website","url":"https:\/\/muzeumfabrykinorblina.pl\/","name":"Muzeum Fabryki Norblina","description":"Fabryka Norblina","publisher":{"@id":"https:\/\/muzeumfabrykinorblina.pl\/#organization"},"potentialAction":[{"@type":"SearchAction","target":{"@type":"EntryPoint","urlTemplate":"https:\/\/muzeumfabrykinorblina.pl\/?s={search_term_string}"},"query-input":{"@type":"PropertyValueSpecification","valueRequired":true,"valueName":"search_term_string"}}],"inLanguage":"pl-PL"},{"@type":"Organization","@id":"https:\/\/muzeumfabrykinorblina.pl\/#organization","name":"Muzeum Fabryki Norblina","url":"https:\/\/muzeumfabrykinorblina.pl\/","logo":{"@type":"ImageObject","inLanguage":"pl-PL","@id":"https:\/\/muzeumfabrykinorblina.pl\/#\/schema\/logo\/image\/","url":"https:\/\/muzeumfabrykinorblina.pl\/wp-content\/uploads\/2023\/11\/MFN_Featured-image_1200x675.jpg","contentUrl":"https:\/\/muzeumfabrykinorblina.pl\/wp-content\/uploads\/2023\/11\/MFN_Featured-image_1200x675.jpg","width":1200,"height":675,"caption":"Muzeum Fabryki Norblina"},"image":{"@id":"https:\/\/muzeumfabrykinorblina.pl\/#\/schema\/logo\/image\/"},"sameAs":["https:\/\/www.facebook.com\/MuzeumFabrykiNorblina","https:\/\/www.instagram.com\/muzeumfabrykinorblina\/"]},{"@type":"Person","@id":"https:\/\/muzeumfabrykinorblina.pl\/#\/schema\/person\/d2388cfb16badb46118fb26254e1173c","name":"Martyna Duli\u0144ska","image":{"@type":"ImageObject","inLanguage":"pl-PL","@id":"https:\/\/secure.gravatar.com\/avatar\/f08f1cb0c3aeb559afa32edd699f0994e6cd15357a85ab67dd3506224ed9f76b?s=96&d=mm&r=g","url":"https:\/\/secure.gravatar.com\/avatar\/f08f1cb0c3aeb559afa32edd699f0994e6cd15357a85ab67dd3506224ed9f76b?s=96&d=mm&r=g","contentUrl":"https:\/\/secure.gravatar.com\/avatar\/f08f1cb0c3aeb559afa32edd699f0994e6cd15357a85ab67dd3506224ed9f76b?s=96&d=mm&r=g","caption":"Martyna Duli\u0144ska"},"url":"https:\/\/muzeumfabrykinorblina.pl\/?author=10"}]}},"lang":"pl","translations":{"pl":3146},"builder_content":"","pll_sync_post":{},"_links":{"self":[{"href":"https:\/\/muzeumfabrykinorblina.pl\/index.php?rest_route=\/wp\/v2\/posts\/3146","targetHints":{"allow":["GET"]}}],"collection":[{"href":"https:\/\/muzeumfabrykinorblina.pl\/index.php?rest_route=\/wp\/v2\/posts"}],"about":[{"href":"https:\/\/muzeumfabrykinorblina.pl\/index.php?rest_route=\/wp\/v2\/types\/post"}],"author":[{"embeddable":true,"href":"https:\/\/muzeumfabrykinorblina.pl\/index.php?rest_route=\/wp\/v2\/users\/10"}],"replies":[{"embeddable":true,"href":"https:\/\/muzeumfabrykinorblina.pl\/index.php?rest_route=%2Fwp%2Fv2%2Fcomments&post=3146"}],"version-history":[{"count":0,"href":"https:\/\/muzeumfabrykinorblina.pl\/index.php?rest_route=\/wp\/v2\/posts\/3146\/revisions"}],"wp:featuredmedia":[{"embeddable":true,"href":"https:\/\/muzeumfabrykinorblina.pl\/index.php?rest_route=\/wp\/v2\/media\/3149"}],"wp:attachment":[{"href":"https:\/\/muzeumfabrykinorblina.pl\/index.php?rest_route=%2Fwp%2Fv2%2Fmedia&parent=3146"}],"wp:term":[{"taxonomy":"category","embeddable":true,"href":"https:\/\/muzeumfabrykinorblina.pl\/index.php?rest_route=%2Fwp%2Fv2%2Fcategories&post=3146"},{"taxonomy":"post_tag","embeddable":true,"href":"https:\/\/muzeumfabrykinorblina.pl\/index.php?rest_route=%2Fwp%2Fv2%2Ftags&post=3146"}],"curies":[{"name":"wp","href":"https:\/\/api.w.org\/{rel}","templated":true}]}}