{"id":3122,"date":"2024-08-03T13:47:15","date_gmt":"2024-08-03T13:47:15","guid":{"rendered":"https:\/\/muzeumfabrykinorblina.pl\/?p=3122"},"modified":"2025-06-02T14:25:39","modified_gmt":"2025-06-02T12:25:39","slug":"zetrzyj-z-wlosow-pyl-bitewny","status":"publish","type":"post","link":"https:\/\/muzeumfabrykinorblina.pl\/?p=3122","title":{"rendered":"Zetrzyj z w\u0142os\u00f3w py\u0142 bitewny"},"content":{"rendered":"\n<p class=\"wp-block-paragraph\"><strong>\u201eZetrzyj z w\u0142os\u00f3w py\u0142 bitewny\u201d<\/strong> to zorganizowana przez Archiwum Akt Nowych, Fundacj\u0119 Archeologia Fotografii i Muzeum Fabryki Norblina wystawa fotografii Ryszarda Bia\u0142ousa i Tadeusza Sumi\u0144skiego \u2013 dw\u00f3ch powsta\u0144c\u00f3w, kt\u00f3rzy \u2013 mimo tragicznych prze\u017cy\u0107 \u2013 potrafili dostrzec otaczaj\u0105ce nas pi\u0119kno i zatrzyma\u0107 je w kadrze. Na wystawie prezentowane b\u0119d\u0105 fotografie krajobraz\u00f3w przyrody Polski i Argentyny (Patagonia) \u2013 miejsc, z kt\u00f3rymi zwi\u0105zali swoje powojenne \u017cycie autorzy zdj\u0119\u0107. Ryszard Bia\u0142ous, dow\u00f3dca batalionu \u201eZo\u015bka\u201d oraz Tadeusz Sumi\u0144ski, \u017co\u0142nierz tego oddzia\u0142u, przeszli powsta\u0144czy szlak bojowy z Woli przez Stare Miasto, \u015ar\u00f3dmie\u015bcie a\u017c po Czerniak\u00f3w. Swoje dalsze \u017cycie zwi\u0105zali z r\u00f3\u017cnymi zak\u0105tkami \u015bwiata. Ryszard Bia\u0142ous wybra\u0142, nie bez przymusu, \u017cycie na emigracji i zamieszka\u0142 w Argentynie. Tadeusz Sumi\u0144ski pozosta\u0142 w Polsce, a gdy przesz\u0142o\u015b\u0107 akowska zmusi\u0142a go do zmiany plan\u00f3w zawodowych \u2013 zosta\u0142 zawodowym fotografikiem. Ich zdj\u0119cia podziwia\u0107 mo\u017cna w przestrzeni wystawienniczej w budynku Plater na poziomie +1 od 3 sierpnia do 2 pa\u017adziernika. Kuratorkami wystawy s\u0105 Magdalena Hartwig i dr Agnieszka Pietrzak. Za projekt graficzny odpowiada Beata \u015awierczy\u0144ska.<\/p>\n\n\n\n<p class=\"wp-block-paragraph\"><strong>Ryszard Bia\u0142ous ps. Jerzy (1914-1992)<\/strong> \u2013 bohater Powstania Warszawskiego i wybitny architekt.<\/p>\n\n\n\n<p class=\"wp-block-paragraph\">Urodzony w Warszawie, Ryszard Bia\u0142ous studiowa\u0142 architektur\u0119 na Politechnice Warszawskiej, a w 1936 r. uzyska\u0142 tytu\u0142 in\u017cyniera. By\u0142 aktywnym harcerzem i \u017co\u0142nierzem. W trakcie II wojny \u015bwiatowej dzia\u0142a\u0142 w konspiracji, wsp\u00f3\u0142tworzy\u0142 Szare Szeregi, a podczas Powstania Warszawskiego dowodzi\u0142 batalionem \u201eZo\u015bka\u201d.<\/p>\n\n\n\n<p class=\"wp-block-paragraph\">Po wojnie, zmuszony do emigracji, zamieszka\u0142 w Argentynie, gdzie realizowa\u0142 si\u0119 zawodowo jako architekt i urz\u0119dnik pa\u0144stwowy. Projektowa\u0142 <a href=\"http:\/\/m.in\/\" target=\"_blank\" rel=\"noreferrer noopener\">m.in<\/a>. uzdrowiska i lotniska, pe\u0142ni\u0142 te\u017c funkcj\u0119 ministra ds. planowania i rozwoju w prowincji Neuqu\u00e9n. Mimo \u017cycia na obczy\u017anie, na zawsze pozosta\u0142 zwi\u0105zany z Polsk\u0105.<\/p>\n\n\n\n<p class=\"wp-block-paragraph\">W 2019 r. jego prochy sprowadzono do Polski i pochowano w kwaterze batalionu \u201eZo\u015bka\u201d na Pow\u0105zkach.<\/p>\n\n\n\n<p class=\"wp-block-paragraph\"><strong>Tadeusz Sumi\u0144ski ps. Leszczyc (1924-2009)<\/strong> \u2013 \u017co\u0142nierz Batalionu &#8222;Zo\u015bka&#8221; i wybitny fotograf.<\/p>\n\n\n\n<p class=\"wp-block-paragraph\">Urodzony w Badurkach, w czasie II wojny \u015bwiatowej trafi\u0142 do Warszawy, gdzie walczy\u0142 w Powstaniu Warszawskim. By\u0142 cz\u0119\u015bci\u0105 legendarnej akcji uwolnienia wi\u0119\u017ani\u00f3w z \u201eG\u0119si\u00f3wki\u201d oraz bohaterskiego przebicia si\u0119 z upadaj\u0105cej Star\u00f3wki do \u015ar\u00f3dmie\u015bcia. Po wojnie, po powrocie z obozu jenieckiego, studiowa\u0142 w Warszawie, lecz jego \u017cycie zawodowe uleg\u0142o zmianie po aresztowaniu przez UB.<\/p>\n\n\n\n<p class=\"wp-block-paragraph\">Sumi\u0144ski po\u015bwi\u0119ci\u0142 si\u0119 fotografii, dokumentuj\u0105c polskie krajobrazy i \u017cycie powojennej Polski. By\u0142 cz\u0142onkiem Zwi\u0105zku Polskich Artyst\u00f3w Fotografik\u00f3w i autorem licznych wystaw. Jego prace cechowa\u0142a wierno\u015b\u0107 dokumentalnej czarno-bia\u0142ej fotografii.<\/p>\n\n\n\n<p class=\"wp-block-paragraph\">Zmar\u0142 23 lutego 2009 r. w Warszawie.<\/p>\n\n\n<!-- wp:themify-builder\/canvas \/-->","protected":false},"excerpt":{"rendered":"<p>\u201eZetrzyj z w\u0142os\u00f3w py\u0142 bitewny\u201d to zorganizowana przez Archiwum Akt Nowych, Fundacj\u0119 Archeologia Fotografii i Muzeum Fabryki Norblina wystawa fotografii Ryszarda Bia\u0142ousa i Tadeusza Sumi\u0144skiego \u2013 dw\u00f3ch powsta\u0144c\u00f3w, kt\u00f3rzy \u2013 mimo tragicznych prze\u017cy\u0107 \u2013 potrafili dostrzec otaczaj\u0105ce nas pi\u0119kno i zatrzyma\u0107 je w kadrze. Na wystawie prezentowane b\u0119d\u0105 fotografie krajobraz\u00f3w przyrody Polski i Argentyny (Patagonia) [&hellip;]<\/p>\n","protected":false},"author":10,"featured_media":3126,"comment_status":"closed","ping_status":"closed","sticky":false,"template":"","format":"standard","meta":{"_acf_changed":false,"_monsterinsights_skip_tracking":false,"footnotes":""},"categories":[59],"tags":[],"class_list":["post-3122","post","type-post","status-publish","format-standard","has-post-thumbnail","hentry","category-wystawy-czasowe","has-post-title","has-post-date","has-post-category","has-post-tag","has-post-comment","has-post-author",""],"acf":[],"yoast_head":"<!-- This site is optimized with the Yoast SEO plugin v28.2 - https:\/\/yoast.com\/product\/yoast-seo-wordpress\/ -->\n<title>Zetrzyj z w\u0142os\u00f3w py\u0142 bitewny | Muzeum Fabryki Norblina<\/title>\n<meta name=\"robots\" content=\"index, follow, max-snippet:-1, max-image-preview:large, max-video-preview:-1\" \/>\n<link rel=\"canonical\" href=\"https:\/\/muzeumfabrykinorblina.pl\/?p=3122\" \/>\n<meta property=\"og:locale\" content=\"pl_PL\" \/>\n<meta property=\"og:type\" content=\"article\" \/>\n<meta property=\"og:title\" content=\"Zetrzyj z w\u0142os\u00f3w py\u0142 bitewny | Muzeum Fabryki Norblina\" \/>\n<meta property=\"og:description\" content=\"\u201eZetrzyj z w\u0142os\u00f3w py\u0142 bitewny\u201d to zorganizowana przez Archiwum Akt Nowych, Fundacj\u0119 Archeologia Fotografii i Muzeum Fabryki Norblina wystawa fotografii Ryszarda Bia\u0142ousa i Tadeusza Sumi\u0144skiego \u2013 dw\u00f3ch powsta\u0144c\u00f3w, kt\u00f3rzy \u2013 mimo tragicznych prze\u017cy\u0107 \u2013 potrafili dostrzec otaczaj\u0105ce nas pi\u0119kno i zatrzyma\u0107 je w kadrze. Na wystawie prezentowane b\u0119d\u0105 fotografie krajobraz\u00f3w przyrody Polski i Argentyny (Patagonia) [&hellip;]\" \/>\n<meta property=\"og:url\" content=\"https:\/\/muzeumfabrykinorblina.pl\/?p=3122\" \/>\n<meta property=\"og:site_name\" content=\"Muzeum Fabryki Norblina\" \/>\n<meta property=\"article:publisher\" content=\"https:\/\/www.facebook.com\/MuzeumFabrykiNorblina\" \/>\n<meta property=\"article:published_time\" content=\"2024-08-03T13:47:15+00:00\" \/>\n<meta property=\"article:modified_time\" content=\"2025-06-02T12:25:39+00:00\" \/>\n<meta property=\"og:image\" content=\"https:\/\/muzeumfabrykinorblina.pl\/wp-content\/uploads\/2024\/08\/FN_Zetrzyj-z-wlosow-pyl-bitewny.jpg\" \/>\n\t<meta property=\"og:image:width\" content=\"1080\" \/>\n\t<meta property=\"og:image:height\" content=\"1080\" \/>\n\t<meta property=\"og:image:type\" content=\"image\/jpeg\" \/>\n<meta name=\"author\" content=\"Martyna Duli\u0144ska\" \/>\n<meta name=\"twitter:card\" content=\"summary_large_image\" \/>\n<meta name=\"twitter:label1\" content=\"Napisane przez\" \/>\n\t<meta name=\"twitter:data1\" content=\"Martyna Duli\u0144ska\" \/>\n\t<meta name=\"twitter:label2\" content=\"Szacowany czas czytania\" \/>\n\t<meta name=\"twitter:data2\" content=\"3 minuty\" \/>\n<script type=\"application\/ld+json\" class=\"yoast-schema-graph\">{\"@context\":\"https:\\\/\\\/schema.org\",\"@graph\":[{\"@type\":\"Article\",\"@id\":\"https:\\\/\\\/muzeumfabrykinorblina.pl\\\/?p=3122#article\",\"isPartOf\":{\"@id\":\"https:\\\/\\\/muzeumfabrykinorblina.pl\\\/?p=3122\"},\"author\":{\"name\":\"Martyna Duli\u0144ska\",\"@id\":\"https:\\\/\\\/muzeumfabrykinorblina.pl\\\/#\\\/schema\\\/person\\\/d2388cfb16badb46118fb26254e1173c\"},\"headline\":\"Zetrzyj z w\u0142os\u00f3w py\u0142 bitewny\",\"datePublished\":\"2024-08-03T13:47:15+00:00\",\"dateModified\":\"2025-06-02T12:25:39+00:00\",\"mainEntityOfPage\":{\"@id\":\"https:\\\/\\\/muzeumfabrykinorblina.pl\\\/?p=3122\"},\"wordCount\":443,\"publisher\":{\"@id\":\"https:\\\/\\\/muzeumfabrykinorblina.pl\\\/#organization\"},\"image\":{\"@id\":\"https:\\\/\\\/muzeumfabrykinorblina.pl\\\/?p=3122#primaryimage\"},\"thumbnailUrl\":\"https:\\\/\\\/muzeumfabrykinorblina.pl\\\/wp-content\\\/uploads\\\/2024\\\/08\\\/FN_Zetrzyj-z-wlosow-pyl-bitewny.jpg\",\"articleSection\":[\"Wystawy czasowe\"],\"inLanguage\":\"pl-PL\"},{\"@type\":\"WebPage\",\"@id\":\"https:\\\/\\\/muzeumfabrykinorblina.pl\\\/?p=3122\",\"url\":\"https:\\\/\\\/muzeumfabrykinorblina.pl\\\/?p=3122\",\"name\":\"Zetrzyj z w\u0142os\u00f3w py\u0142 bitewny | Muzeum Fabryki Norblina\",\"isPartOf\":{\"@id\":\"https:\\\/\\\/muzeumfabrykinorblina.pl\\\/#website\"},\"primaryImageOfPage\":{\"@id\":\"https:\\\/\\\/muzeumfabrykinorblina.pl\\\/?p=3122#primaryimage\"},\"image\":{\"@id\":\"https:\\\/\\\/muzeumfabrykinorblina.pl\\\/?p=3122#primaryimage\"},\"thumbnailUrl\":\"https:\\\/\\\/muzeumfabrykinorblina.pl\\\/wp-content\\\/uploads\\\/2024\\\/08\\\/FN_Zetrzyj-z-wlosow-pyl-bitewny.jpg\",\"datePublished\":\"2024-08-03T13:47:15+00:00\",\"dateModified\":\"2025-06-02T12:25:39+00:00\",\"breadcrumb\":{\"@id\":\"https:\\\/\\\/muzeumfabrykinorblina.pl\\\/?p=3122#breadcrumb\"},\"inLanguage\":\"pl-PL\",\"potentialAction\":[{\"@type\":\"ReadAction\",\"target\":[\"https:\\\/\\\/muzeumfabrykinorblina.pl\\\/?p=3122\"]}]},{\"@type\":\"ImageObject\",\"inLanguage\":\"pl-PL\",\"@id\":\"https:\\\/\\\/muzeumfabrykinorblina.pl\\\/?p=3122#primaryimage\",\"url\":\"https:\\\/\\\/muzeumfabrykinorblina.pl\\\/wp-content\\\/uploads\\\/2024\\\/08\\\/FN_Zetrzyj-z-wlosow-pyl-bitewny.jpg\",\"contentUrl\":\"https:\\\/\\\/muzeumfabrykinorblina.pl\\\/wp-content\\\/uploads\\\/2024\\\/08\\\/FN_Zetrzyj-z-wlosow-pyl-bitewny.jpg\",\"width\":1080,\"height\":1080},{\"@type\":\"BreadcrumbList\",\"@id\":\"https:\\\/\\\/muzeumfabrykinorblina.pl\\\/?p=3122#breadcrumb\",\"itemListElement\":[{\"@type\":\"ListItem\",\"position\":1,\"name\":\"Strona g\u0142\u00f3wna\",\"item\":\"https:\\\/\\\/muzeumfabrykinorblina.pl\\\/\"},{\"@type\":\"ListItem\",\"position\":2,\"name\":\"Zetrzyj z w\u0142os\u00f3w py\u0142 bitewny\"}]},{\"@type\":\"WebSite\",\"@id\":\"https:\\\/\\\/muzeumfabrykinorblina.pl\\\/#website\",\"url\":\"https:\\\/\\\/muzeumfabrykinorblina.pl\\\/\",\"name\":\"Muzeum Fabryki Norblina\",\"description\":\"Fabryka Norblina\",\"publisher\":{\"@id\":\"https:\\\/\\\/muzeumfabrykinorblina.pl\\\/#organization\"},\"potentialAction\":[{\"@type\":\"SearchAction\",\"target\":{\"@type\":\"EntryPoint\",\"urlTemplate\":\"https:\\\/\\\/muzeumfabrykinorblina.pl\\\/?s={search_term_string}\"},\"query-input\":{\"@type\":\"PropertyValueSpecification\",\"valueRequired\":true,\"valueName\":\"search_term_string\"}}],\"inLanguage\":\"pl-PL\"},{\"@type\":\"Organization\",\"@id\":\"https:\\\/\\\/muzeumfabrykinorblina.pl\\\/#organization\",\"name\":\"Muzeum Fabryki Norblina\",\"url\":\"https:\\\/\\\/muzeumfabrykinorblina.pl\\\/\",\"logo\":{\"@type\":\"ImageObject\",\"inLanguage\":\"pl-PL\",\"@id\":\"https:\\\/\\\/muzeumfabrykinorblina.pl\\\/#\\\/schema\\\/logo\\\/image\\\/\",\"url\":\"https:\\\/\\\/muzeumfabrykinorblina.pl\\\/wp-content\\\/uploads\\\/2023\\\/11\\\/MFN_Featured-image_1200x675.jpg\",\"contentUrl\":\"https:\\\/\\\/muzeumfabrykinorblina.pl\\\/wp-content\\\/uploads\\\/2023\\\/11\\\/MFN_Featured-image_1200x675.jpg\",\"width\":1200,\"height\":675,\"caption\":\"Muzeum Fabryki Norblina\"},\"image\":{\"@id\":\"https:\\\/\\\/muzeumfabrykinorblina.pl\\\/#\\\/schema\\\/logo\\\/image\\\/\"},\"sameAs\":[\"https:\\\/\\\/www.facebook.com\\\/MuzeumFabrykiNorblina\",\"https:\\\/\\\/www.instagram.com\\\/muzeumfabrykinorblina\\\/\"]},{\"@type\":\"Person\",\"@id\":\"https:\\\/\\\/muzeumfabrykinorblina.pl\\\/#\\\/schema\\\/person\\\/d2388cfb16badb46118fb26254e1173c\",\"name\":\"Martyna Duli\u0144ska\",\"image\":{\"@type\":\"ImageObject\",\"inLanguage\":\"pl-PL\",\"@id\":\"https:\\\/\\\/secure.gravatar.com\\\/avatar\\\/f08f1cb0c3aeb559afa32edd699f0994e6cd15357a85ab67dd3506224ed9f76b?s=96&d=mm&r=g\",\"url\":\"https:\\\/\\\/secure.gravatar.com\\\/avatar\\\/f08f1cb0c3aeb559afa32edd699f0994e6cd15357a85ab67dd3506224ed9f76b?s=96&d=mm&r=g\",\"contentUrl\":\"https:\\\/\\\/secure.gravatar.com\\\/avatar\\\/f08f1cb0c3aeb559afa32edd699f0994e6cd15357a85ab67dd3506224ed9f76b?s=96&d=mm&r=g\",\"caption\":\"Martyna Duli\u0144ska\"},\"url\":\"https:\\\/\\\/muzeumfabrykinorblina.pl\\\/?author=10\"}]}<\/script>\n<!-- \/ Yoast SEO plugin. -->","yoast_head_json":{"title":"Zetrzyj z w\u0142os\u00f3w py\u0142 bitewny | Muzeum Fabryki Norblina","robots":{"index":"index","follow":"follow","max-snippet":"max-snippet:-1","max-image-preview":"max-image-preview:large","max-video-preview":"max-video-preview:-1"},"canonical":"https:\/\/muzeumfabrykinorblina.pl\/?p=3122","og_locale":"pl_PL","og_type":"article","og_title":"Zetrzyj z w\u0142os\u00f3w py\u0142 bitewny | Muzeum Fabryki Norblina","og_description":"\u201eZetrzyj z w\u0142os\u00f3w py\u0142 bitewny\u201d to zorganizowana przez Archiwum Akt Nowych, Fundacj\u0119 Archeologia Fotografii i Muzeum Fabryki Norblina wystawa fotografii Ryszarda Bia\u0142ousa i Tadeusza Sumi\u0144skiego \u2013 dw\u00f3ch powsta\u0144c\u00f3w, kt\u00f3rzy \u2013 mimo tragicznych prze\u017cy\u0107 \u2013 potrafili dostrzec otaczaj\u0105ce nas pi\u0119kno i zatrzyma\u0107 je w kadrze. Na wystawie prezentowane b\u0119d\u0105 fotografie krajobraz\u00f3w przyrody Polski i Argentyny (Patagonia) [&hellip;]","og_url":"https:\/\/muzeumfabrykinorblina.pl\/?p=3122","og_site_name":"Muzeum Fabryki Norblina","article_publisher":"https:\/\/www.facebook.com\/MuzeumFabrykiNorblina","article_published_time":"2024-08-03T13:47:15+00:00","article_modified_time":"2025-06-02T12:25:39+00:00","og_image":[{"width":1080,"height":1080,"url":"https:\/\/muzeumfabrykinorblina.pl\/wp-content\/uploads\/2024\/08\/FN_Zetrzyj-z-wlosow-pyl-bitewny.jpg","type":"image\/jpeg"}],"author":"Martyna Duli\u0144ska","twitter_card":"summary_large_image","twitter_misc":{"Napisane przez":"Martyna Duli\u0144ska","Szacowany czas czytania":"3 minuty"},"schema":{"@context":"https:\/\/schema.org","@graph":[{"@type":"Article","@id":"https:\/\/muzeumfabrykinorblina.pl\/?p=3122#article","isPartOf":{"@id":"https:\/\/muzeumfabrykinorblina.pl\/?p=3122"},"author":{"name":"Martyna Duli\u0144ska","@id":"https:\/\/muzeumfabrykinorblina.pl\/#\/schema\/person\/d2388cfb16badb46118fb26254e1173c"},"headline":"Zetrzyj z w\u0142os\u00f3w py\u0142 bitewny","datePublished":"2024-08-03T13:47:15+00:00","dateModified":"2025-06-02T12:25:39+00:00","mainEntityOfPage":{"@id":"https:\/\/muzeumfabrykinorblina.pl\/?p=3122"},"wordCount":443,"publisher":{"@id":"https:\/\/muzeumfabrykinorblina.pl\/#organization"},"image":{"@id":"https:\/\/muzeumfabrykinorblina.pl\/?p=3122#primaryimage"},"thumbnailUrl":"https:\/\/muzeumfabrykinorblina.pl\/wp-content\/uploads\/2024\/08\/FN_Zetrzyj-z-wlosow-pyl-bitewny.jpg","articleSection":["Wystawy czasowe"],"inLanguage":"pl-PL"},{"@type":"WebPage","@id":"https:\/\/muzeumfabrykinorblina.pl\/?p=3122","url":"https:\/\/muzeumfabrykinorblina.pl\/?p=3122","name":"Zetrzyj z w\u0142os\u00f3w py\u0142 bitewny | Muzeum Fabryki Norblina","isPartOf":{"@id":"https:\/\/muzeumfabrykinorblina.pl\/#website"},"primaryImageOfPage":{"@id":"https:\/\/muzeumfabrykinorblina.pl\/?p=3122#primaryimage"},"image":{"@id":"https:\/\/muzeumfabrykinorblina.pl\/?p=3122#primaryimage"},"thumbnailUrl":"https:\/\/muzeumfabrykinorblina.pl\/wp-content\/uploads\/2024\/08\/FN_Zetrzyj-z-wlosow-pyl-bitewny.jpg","datePublished":"2024-08-03T13:47:15+00:00","dateModified":"2025-06-02T12:25:39+00:00","breadcrumb":{"@id":"https:\/\/muzeumfabrykinorblina.pl\/?p=3122#breadcrumb"},"inLanguage":"pl-PL","potentialAction":[{"@type":"ReadAction","target":["https:\/\/muzeumfabrykinorblina.pl\/?p=3122"]}]},{"@type":"ImageObject","inLanguage":"pl-PL","@id":"https:\/\/muzeumfabrykinorblina.pl\/?p=3122#primaryimage","url":"https:\/\/muzeumfabrykinorblina.pl\/wp-content\/uploads\/2024\/08\/FN_Zetrzyj-z-wlosow-pyl-bitewny.jpg","contentUrl":"https:\/\/muzeumfabrykinorblina.pl\/wp-content\/uploads\/2024\/08\/FN_Zetrzyj-z-wlosow-pyl-bitewny.jpg","width":1080,"height":1080},{"@type":"BreadcrumbList","@id":"https:\/\/muzeumfabrykinorblina.pl\/?p=3122#breadcrumb","itemListElement":[{"@type":"ListItem","position":1,"name":"Strona g\u0142\u00f3wna","item":"https:\/\/muzeumfabrykinorblina.pl\/"},{"@type":"ListItem","position":2,"name":"Zetrzyj z w\u0142os\u00f3w py\u0142 bitewny"}]},{"@type":"WebSite","@id":"https:\/\/muzeumfabrykinorblina.pl\/#website","url":"https:\/\/muzeumfabrykinorblina.pl\/","name":"Muzeum Fabryki Norblina","description":"Fabryka Norblina","publisher":{"@id":"https:\/\/muzeumfabrykinorblina.pl\/#organization"},"potentialAction":[{"@type":"SearchAction","target":{"@type":"EntryPoint","urlTemplate":"https:\/\/muzeumfabrykinorblina.pl\/?s={search_term_string}"},"query-input":{"@type":"PropertyValueSpecification","valueRequired":true,"valueName":"search_term_string"}}],"inLanguage":"pl-PL"},{"@type":"Organization","@id":"https:\/\/muzeumfabrykinorblina.pl\/#organization","name":"Muzeum Fabryki Norblina","url":"https:\/\/muzeumfabrykinorblina.pl\/","logo":{"@type":"ImageObject","inLanguage":"pl-PL","@id":"https:\/\/muzeumfabrykinorblina.pl\/#\/schema\/logo\/image\/","url":"https:\/\/muzeumfabrykinorblina.pl\/wp-content\/uploads\/2023\/11\/MFN_Featured-image_1200x675.jpg","contentUrl":"https:\/\/muzeumfabrykinorblina.pl\/wp-content\/uploads\/2023\/11\/MFN_Featured-image_1200x675.jpg","width":1200,"height":675,"caption":"Muzeum Fabryki Norblina"},"image":{"@id":"https:\/\/muzeumfabrykinorblina.pl\/#\/schema\/logo\/image\/"},"sameAs":["https:\/\/www.facebook.com\/MuzeumFabrykiNorblina","https:\/\/www.instagram.com\/muzeumfabrykinorblina\/"]},{"@type":"Person","@id":"https:\/\/muzeumfabrykinorblina.pl\/#\/schema\/person\/d2388cfb16badb46118fb26254e1173c","name":"Martyna Duli\u0144ska","image":{"@type":"ImageObject","inLanguage":"pl-PL","@id":"https:\/\/secure.gravatar.com\/avatar\/f08f1cb0c3aeb559afa32edd699f0994e6cd15357a85ab67dd3506224ed9f76b?s=96&d=mm&r=g","url":"https:\/\/secure.gravatar.com\/avatar\/f08f1cb0c3aeb559afa32edd699f0994e6cd15357a85ab67dd3506224ed9f76b?s=96&d=mm&r=g","contentUrl":"https:\/\/secure.gravatar.com\/avatar\/f08f1cb0c3aeb559afa32edd699f0994e6cd15357a85ab67dd3506224ed9f76b?s=96&d=mm&r=g","caption":"Martyna Duli\u0144ska"},"url":"https:\/\/muzeumfabrykinorblina.pl\/?author=10"}]}},"lang":"pl","translations":{"pl":3122},"builder_content":"","pll_sync_post":{},"_links":{"self":[{"href":"https:\/\/muzeumfabrykinorblina.pl\/index.php?rest_route=\/wp\/v2\/posts\/3122","targetHints":{"allow":["GET"]}}],"collection":[{"href":"https:\/\/muzeumfabrykinorblina.pl\/index.php?rest_route=\/wp\/v2\/posts"}],"about":[{"href":"https:\/\/muzeumfabrykinorblina.pl\/index.php?rest_route=\/wp\/v2\/types\/post"}],"author":[{"embeddable":true,"href":"https:\/\/muzeumfabrykinorblina.pl\/index.php?rest_route=\/wp\/v2\/users\/10"}],"replies":[{"embeddable":true,"href":"https:\/\/muzeumfabrykinorblina.pl\/index.php?rest_route=%2Fwp%2Fv2%2Fcomments&post=3122"}],"version-history":[{"count":0,"href":"https:\/\/muzeumfabrykinorblina.pl\/index.php?rest_route=\/wp\/v2\/posts\/3122\/revisions"}],"wp:featuredmedia":[{"embeddable":true,"href":"https:\/\/muzeumfabrykinorblina.pl\/index.php?rest_route=\/wp\/v2\/media\/3126"}],"wp:attachment":[{"href":"https:\/\/muzeumfabrykinorblina.pl\/index.php?rest_route=%2Fwp%2Fv2%2Fmedia&parent=3122"}],"wp:term":[{"taxonomy":"category","embeddable":true,"href":"https:\/\/muzeumfabrykinorblina.pl\/index.php?rest_route=%2Fwp%2Fv2%2Fcategories&post=3122"},{"taxonomy":"post_tag","embeddable":true,"href":"https:\/\/muzeumfabrykinorblina.pl\/index.php?rest_route=%2Fwp%2Fv2%2Ftags&post=3122"}],"curies":[{"name":"wp","href":"https:\/\/api.w.org\/{rel}","templated":true}]}}